{"id":96569,"date":"2021-07-01T13:07:32","date_gmt":"2021-07-01T10:07:32","guid":{"rendered":"https:\/\/urbeamea.ro\/albaiulia\/?p=96569"},"modified":"2021-07-01T13:07:35","modified_gmt":"2021-07-01T10:07:35","slug":"garda-apulum-este-implicata-in-acest-week-end-in-mai-multe-actiuni-de-reenactment-antic-atat-in-alba-iulia-dar-si-in-tara","status":"publish","type":"post","link":"https:\/\/urbeamea.ro\/albaiulia\/garda-apulum-este-implicata-in-acest-week-end-in-mai-multe-actiuni-de-reenactment-antic-atat-in-alba-iulia-dar-si-in-tara\/","title":{"rendered":"Garda Apulum este implicat\u0103 \u00een acest week-end \u00een mai multe ac\u021biuni de reenactment antic, at\u00e2t \u00een Alba Iulia, dar \u0219i \u00een \u021bar\u0103"},"content":{"rendered":"\n<h2 class=\"wp-block-heading\">Garda Apulum este implicat\u0103 \u00een acest week-end \u00een mai multe ac\u021biuni de reenactment antic, at\u00e2t \u00een Alba Iulia, dar \u0219i \u00een \u021bar\u0103.<\/h2>\n\n\n\n<p class=\"wp-block-paragraph\">Astfel, vineri, 2 iulie, \u00eencep\u00e2nd cu ora 19.00, voluntarii albaiulieni care dau via\u021b\u0103 celor trei forma\u021bii reunite sub numele de Garda Apulum vor fi prezen\u021bi \u00een fa\u021ba Por\u021bii IV a Cet\u0103\u021bii Alba Carolina pentru a sus\u021bine deja tradi\u021bionalul spectacol de reconstituire antic\u0103 daco-roman.<\/p>\n\n\n\n<p class=\"wp-block-paragraph\">S\u00e2mb\u0103t\u0103, 3 iulie, \u00eencep\u00e2nd cu ora 11.00, \u00een curtea Muzeului Principia, din Pia\u021ba Cet\u0103\u021bii, se va inaugura Tab\u0103ra antic\u0103 a G\u0103rzii Apulum. Astfel, timp de 5 ore, cei prezen\u021bi \u00een zon\u0103 vor putea participa la numeroasele ateliere interactive antice organizate cu aceast\u0103 ocazie. Officina scriptoria, jocuri romane, fier\u0103rie, piel\u0103rie, monet\u0103rie, pictur\u0103, armur\u0103rie, prelucrare os, ol\u0103rit \u0219i alte ateliere vor fi deschise pentru publicul larg, turi\u0219ti sau localnici.<\/p>\n\n\n\n<p class=\"wp-block-paragraph\">De precizat, c\u0103 Garda Apulum a mai organizat \u00een anul 2017, o serie de astfel de ateliere \u00een Cetatea Alba Carolina. \u00cen acest sezon, atelierele vor fi organizate \u00een fiecare zi de s\u00e2mb\u0103t\u0103, \u00eentre orele 11.00 \u2013 16.00, p\u00e2n\u0103 \u00een luna septembrie.<br>Spectacolul de vineri \u0219i ateliere antice de s\u00e2mb\u0103t\u0103 sunt organizate de Prim\u0103ria Municipiului Alba Iulia cu sprijinul Muzeului Na\u021bional al Unirii Alba Iulia.<\/p>\n\n\n\n<p class=\"wp-block-paragraph\">De asemenea, Garda Apulum va participa tot \u00een acest week-end la primul mare Festival de reenactment antic din Rom\u00e2nia, care va avea loc la Drobeta \u2013 Turnu Severin. Este vorba despre Festivalul Daco \u2013 roman Drubeta, aflat la cea de a treia edi\u021bie.<\/p>\n\n\n\n<p class=\"wp-block-paragraph\">P\u00e2n\u0103 \u00een acest an, startul evenimentelor de acest gen era dat de Alba Iulia, unde avea loc cel mai important festival de reenactment antic din Rom\u00e2nia, Festivalul Roman Apulum. Manifestarea atr\u0103gea la Alba Iulia, sute de reenactori din \u021bar\u0103 \u0219i str\u0103in\u0103tate, dar mai ales aducea un public extrem de numeros, majoritatea dintre ei turi\u0219ti.<\/p>\n\n\n\n<p class=\"wp-block-paragraph\">De precizat c\u0103 voluntarii albaiulieni \u00eencearc\u0103 s\u0103 reconstituie aspecte militare \u0219i civile ale istoriei daco-romane, av\u00e2nd accentul pus pe promovarea patrimoniului local. Garda Apulum este alc\u0103tuit\u0103 din trei trupe una de solda\u021bi romani \/ Legiunea XIII Gemina, alta de r\u0103zboinici daci \/ Lupii Apoulonului \u0219i nu \u00een cele din urma cea de gladiatori \/ Ludus Apulensis. Trupele au luat na\u0219tere \u00een urma unor proiecte derulate de Muzeul Na\u021bional al Unirii Alba Iulia.<\/p>\n\n\n\n<figure class=\"wp-block-gallery columns-3 is-cropped wp-block-gallery-1 is-layout-flex wp-block-gallery-is-layout-flex\"><ul class=\"blocks-gallery-grid\"><li class=\"blocks-gallery-item\"><figure><a href=\"https:\/\/urbeamea.ro\/albaiulia\/wp-content\/uploads\/2021\/07\/21551725_1212581375555265_805734700717513443_o.jpg\"><img loading=\"lazy\" decoding=\"async\" width=\"1280\" height=\"854\" src=\"https:\/\/urbeamea.ro\/albaiulia\/wp-content\/uploads\/2021\/07\/21551725_1212581375555265_805734700717513443_o-1280x854.jpg\" alt=\"\" data-id=\"96570\" data-full-url=\"https:\/\/urbeamea.ro\/albaiulia\/wp-content\/uploads\/2021\/07\/21551725_1212581375555265_805734700717513443_o.jpg\" data-link=\"https:\/\/urbeamea.ro\/albaiulia\/?attachment_id=96570\" class=\"wp-image-96570\" srcset=\"https:\/\/urbeamea.ro\/albaiulia\/wp-content\/uploads\/2021\/07\/21551725_1212581375555265_805734700717513443_o-1280x854.jpg 1280w, https:\/\/urbeamea.ro\/albaiulia\/wp-content\/uploads\/2021\/07\/21551725_1212581375555265_805734700717513443_o-640x427.jpg 640w, https:\/\/urbeamea.ro\/albaiulia\/wp-content\/uploads\/2021\/07\/21551725_1212581375555265_805734700717513443_o-150x100.jpg 150w, https:\/\/urbeamea.ro\/albaiulia\/wp-content\/uploads\/2021\/07\/21551725_1212581375555265_805734700717513443_o-768x513.jpg 768w, https:\/\/urbeamea.ro\/albaiulia\/wp-content\/uploads\/2021\/07\/21551725_1212581375555265_805734700717513443_o-1536x1025.jpg 1536w, https:\/\/urbeamea.ro\/albaiulia\/wp-content\/uploads\/2021\/07\/21551725_1212581375555265_805734700717513443_o.jpg 2048w\" sizes=\"auto, (max-width: 1280px) 100vw, 1280px\" \/><\/a><\/figure><\/li><li class=\"blocks-gallery-item\"><figure><a href=\"https:\/\/urbeamea.ro\/albaiulia\/wp-content\/uploads\/2021\/07\/21731691_1212582072221862_8511598815049975120_o.jpg\"><img loading=\"lazy\" decoding=\"async\" width=\"1280\" height=\"854\" src=\"https:\/\/urbeamea.ro\/albaiulia\/wp-content\/uploads\/2021\/07\/21731691_1212582072221862_8511598815049975120_o-1280x854.jpg\" alt=\"\" data-id=\"96571\" data-full-url=\"https:\/\/urbeamea.ro\/albaiulia\/wp-content\/uploads\/2021\/07\/21731691_1212582072221862_8511598815049975120_o.jpg\" data-link=\"https:\/\/urbeamea.ro\/albaiulia\/?attachment_id=96571\" class=\"wp-image-96571\" srcset=\"https:\/\/urbeamea.ro\/albaiulia\/wp-content\/uploads\/2021\/07\/21731691_1212582072221862_8511598815049975120_o-1280x854.jpg 1280w, https:\/\/urbeamea.ro\/albaiulia\/wp-content\/uploads\/2021\/07\/21731691_1212582072221862_8511598815049975120_o-640x427.jpg 640w, https:\/\/urbeamea.ro\/albaiulia\/wp-content\/uploads\/2021\/07\/21731691_1212582072221862_8511598815049975120_o-150x100.jpg 150w, https:\/\/urbeamea.ro\/albaiulia\/wp-content\/uploads\/2021\/07\/21731691_1212582072221862_8511598815049975120_o-768x513.jpg 768w, https:\/\/urbeamea.ro\/albaiulia\/wp-content\/uploads\/2021\/07\/21731691_1212582072221862_8511598815049975120_o-1536x1025.jpg 1536w, https:\/\/urbeamea.ro\/albaiulia\/wp-content\/uploads\/2021\/07\/21731691_1212582072221862_8511598815049975120_o.jpg 2048w\" sizes=\"auto, (max-width: 1280px) 100vw, 1280px\" \/><\/a><\/figure><\/li><li class=\"blocks-gallery-item\"><figure><a href=\"https:\/\/urbeamea.ro\/albaiulia\/wp-content\/uploads\/2021\/07\/21731755_1212583825555020_923824879822395290_o.jpg\"><img loading=\"lazy\" decoding=\"async\" width=\"854\" height=\"1280\" src=\"https:\/\/urbeamea.ro\/albaiulia\/wp-content\/uploads\/2021\/07\/21731755_1212583825555020_923824879822395290_o-854x1280.jpg\" alt=\"\" data-id=\"96572\" data-full-url=\"https:\/\/urbeamea.ro\/albaiulia\/wp-content\/uploads\/2021\/07\/21731755_1212583825555020_923824879822395290_o.jpg\" data-link=\"https:\/\/urbeamea.ro\/albaiulia\/?attachment_id=96572\" class=\"wp-image-96572\" srcset=\"https:\/\/urbeamea.ro\/albaiulia\/wp-content\/uploads\/2021\/07\/21731755_1212583825555020_923824879822395290_o-854x1280.jpg 854w, https:\/\/urbeamea.ro\/albaiulia\/wp-content\/uploads\/2021\/07\/21731755_1212583825555020_923824879822395290_o-427x640.jpg 427w, https:\/\/urbeamea.ro\/albaiulia\/wp-content\/uploads\/2021\/07\/21731755_1212583825555020_923824879822395290_o-100x150.jpg 100w, https:\/\/urbeamea.ro\/albaiulia\/wp-content\/uploads\/2021\/07\/21731755_1212583825555020_923824879822395290_o-768x1151.jpg 768w, https:\/\/urbeamea.ro\/albaiulia\/wp-content\/uploads\/2021\/07\/21731755_1212583825555020_923824879822395290_o-1025x1536.jpg 1025w, https:\/\/urbeamea.ro\/albaiulia\/wp-content\/uploads\/2021\/07\/21731755_1212583825555020_923824879822395290_o.jpg 1367w\" sizes=\"auto, (max-width: 854px) 100vw, 854px\" \/><\/a><\/figure><\/li><li class=\"blocks-gallery-item\"><figure><a href=\"https:\/\/urbeamea.ro\/albaiulia\/wp-content\/uploads\/2021\/07\/21741051_1212584255554977_8481720822205440825_o.jpg\"><img loading=\"lazy\" decoding=\"async\" width=\"1280\" height=\"854\" src=\"https:\/\/urbeamea.ro\/albaiulia\/wp-content\/uploads\/2021\/07\/21741051_1212584255554977_8481720822205440825_o-1280x854.jpg\" alt=\"\" data-id=\"96573\" data-full-url=\"https:\/\/urbeamea.ro\/albaiulia\/wp-content\/uploads\/2021\/07\/21741051_1212584255554977_8481720822205440825_o.jpg\" data-link=\"https:\/\/urbeamea.ro\/albaiulia\/?attachment_id=96573\" class=\"wp-image-96573\" srcset=\"https:\/\/urbeamea.ro\/albaiulia\/wp-content\/uploads\/2021\/07\/21741051_1212584255554977_8481720822205440825_o-1280x854.jpg 1280w, https:\/\/urbeamea.ro\/albaiulia\/wp-content\/uploads\/2021\/07\/21741051_1212584255554977_8481720822205440825_o-640x427.jpg 640w, https:\/\/urbeamea.ro\/albaiulia\/wp-content\/uploads\/2021\/07\/21741051_1212584255554977_8481720822205440825_o-150x100.jpg 150w, https:\/\/urbeamea.ro\/albaiulia\/wp-content\/uploads\/2021\/07\/21741051_1212584255554977_8481720822205440825_o-768x513.jpg 768w, https:\/\/urbeamea.ro\/albaiulia\/wp-content\/uploads\/2021\/07\/21741051_1212584255554977_8481720822205440825_o-1536x1025.jpg 1536w, https:\/\/urbeamea.ro\/albaiulia\/wp-content\/uploads\/2021\/07\/21741051_1212584255554977_8481720822205440825_o.jpg 2048w\" sizes=\"auto, (max-width: 1280px) 100vw, 1280px\" \/><\/a><\/figure><\/li><li class=\"blocks-gallery-item\"><figure><a href=\"https:\/\/urbeamea.ro\/albaiulia\/wp-content\/uploads\/2021\/07\/21743408_1212581432221926_1680963874849865851_o.jpg\"><img loading=\"lazy\" decoding=\"async\" width=\"1280\" height=\"854\" src=\"https:\/\/urbeamea.ro\/albaiulia\/wp-content\/uploads\/2021\/07\/21743408_1212581432221926_1680963874849865851_o-1280x854.jpg\" alt=\"\" data-id=\"96574\" data-full-url=\"https:\/\/urbeamea.ro\/albaiulia\/wp-content\/uploads\/2021\/07\/21743408_1212581432221926_1680963874849865851_o.jpg\" data-link=\"https:\/\/urbeamea.ro\/albaiulia\/?attachment_id=96574\" class=\"wp-image-96574\" srcset=\"https:\/\/urbeamea.ro\/albaiulia\/wp-content\/uploads\/2021\/07\/21743408_1212581432221926_1680963874849865851_o-1280x854.jpg 1280w, https:\/\/urbeamea.ro\/albaiulia\/wp-content\/uploads\/2021\/07\/21743408_1212581432221926_1680963874849865851_o-640x427.jpg 640w, https:\/\/urbeamea.ro\/albaiulia\/wp-content\/uploads\/2021\/07\/21743408_1212581432221926_1680963874849865851_o-150x100.jpg 150w, https:\/\/urbeamea.ro\/albaiulia\/wp-content\/uploads\/2021\/07\/21743408_1212581432221926_1680963874849865851_o-768x513.jpg 768w, https:\/\/urbeamea.ro\/albaiulia\/wp-content\/uploads\/2021\/07\/21743408_1212581432221926_1680963874849865851_o-1536x1025.jpg 1536w, https:\/\/urbeamea.ro\/albaiulia\/wp-content\/uploads\/2021\/07\/21743408_1212581432221926_1680963874849865851_o.jpg 2048w\" sizes=\"auto, (max-width: 1280px) 100vw, 1280px\" \/><\/a><\/figure><\/li><li class=\"blocks-gallery-item\"><figure><a href=\"https:\/\/urbeamea.ro\/albaiulia\/wp-content\/uploads\/2021\/07\/21752755_1212583462221723_4046909735581543526_o.jpg\"><img loading=\"lazy\" decoding=\"async\" width=\"1280\" height=\"854\" src=\"https:\/\/urbeamea.ro\/albaiulia\/wp-content\/uploads\/2021\/07\/21752755_1212583462221723_4046909735581543526_o-1280x854.jpg\" alt=\"\" data-id=\"96575\" data-full-url=\"https:\/\/urbeamea.ro\/albaiulia\/wp-content\/uploads\/2021\/07\/21752755_1212583462221723_4046909735581543526_o.jpg\" data-link=\"https:\/\/urbeamea.ro\/albaiulia\/?attachment_id=96575\" class=\"wp-image-96575\" srcset=\"https:\/\/urbeamea.ro\/albaiulia\/wp-content\/uploads\/2021\/07\/21752755_1212583462221723_4046909735581543526_o-1280x854.jpg 1280w, https:\/\/urbeamea.ro\/albaiulia\/wp-content\/uploads\/2021\/07\/21752755_1212583462221723_4046909735581543526_o-640x427.jpg 640w, https:\/\/urbeamea.ro\/albaiulia\/wp-content\/uploads\/2021\/07\/21752755_1212583462221723_4046909735581543526_o-150x100.jpg 150w, https:\/\/urbeamea.ro\/albaiulia\/wp-content\/uploads\/2021\/07\/21752755_1212583462221723_4046909735581543526_o-768x513.jpg 768w, https:\/\/urbeamea.ro\/albaiulia\/wp-content\/uploads\/2021\/07\/21752755_1212583462221723_4046909735581543526_o-1536x1025.jpg 1536w, https:\/\/urbeamea.ro\/albaiulia\/wp-content\/uploads\/2021\/07\/21752755_1212583462221723_4046909735581543526_o.jpg 2048w\" sizes=\"auto, (max-width: 1280px) 100vw, 1280px\" \/><\/a><\/figure><\/li><li class=\"blocks-gallery-item\"><figure><a href=\"https:\/\/urbeamea.ro\/albaiulia\/wp-content\/uploads\/2021\/07\/21753277_1212582018888534_6993411299437395617_o.jpg\"><img loading=\"lazy\" decoding=\"async\" width=\"1280\" height=\"854\" src=\"https:\/\/urbeamea.ro\/albaiulia\/wp-content\/uploads\/2021\/07\/21753277_1212582018888534_6993411299437395617_o-1280x854.jpg\" alt=\"\" data-id=\"96576\" data-full-url=\"https:\/\/urbeamea.ro\/albaiulia\/wp-content\/uploads\/2021\/07\/21753277_1212582018888534_6993411299437395617_o.jpg\" data-link=\"https:\/\/urbeamea.ro\/albaiulia\/?attachment_id=96576\" class=\"wp-image-96576\" srcset=\"https:\/\/urbeamea.ro\/albaiulia\/wp-content\/uploads\/2021\/07\/21753277_1212582018888534_6993411299437395617_o-1280x854.jpg 1280w, https:\/\/urbeamea.ro\/albaiulia\/wp-content\/uploads\/2021\/07\/21753277_1212582018888534_6993411299437395617_o-640x427.jpg 640w, https:\/\/urbeamea.ro\/albaiulia\/wp-content\/uploads\/2021\/07\/21753277_1212582018888534_6993411299437395617_o-150x100.jpg 150w, https:\/\/urbeamea.ro\/albaiulia\/wp-content\/uploads\/2021\/07\/21753277_1212582018888534_6993411299437395617_o-768x513.jpg 768w, https:\/\/urbeamea.ro\/albaiulia\/wp-content\/uploads\/2021\/07\/21753277_1212582018888534_6993411299437395617_o-1536x1025.jpg 1536w, https:\/\/urbeamea.ro\/albaiulia\/wp-content\/uploads\/2021\/07\/21753277_1212582018888534_6993411299437395617_o-1200x800.jpg 1200w, https:\/\/urbeamea.ro\/albaiulia\/wp-content\/uploads\/2021\/07\/21753277_1212582018888534_6993411299437395617_o.jpg 2048w\" sizes=\"auto, (max-width: 1280px) 100vw, 1280px\" \/><\/a><\/figure><\/li><\/ul><\/figure>\n","protected":false},"excerpt":{"rendered":"<p>Garda Apulum este implicat\u0103 \u00een acest week-end \u00een mai multe ac\u021biuni de reenactment antic, at\u00e2t \u00een Alba Iulia, dar \u0219i \u00een \u021bar\u0103. Astfel, vineri, 2 iulie, \u00eencep\u00e2nd cu ora 19.00, voluntarii albaiulieni care dau via\u021b\u0103 celor trei forma\u021bii reunite sub numele de Garda Apulum vor fi prezen\u021bi \u00een fa\u021ba Por\u021bii IV a Cet\u0103\u021bii Alba Carolina &hellip;<\/p>\n","protected":false},"author":17,"featured_media":96576,"comment_status":"open","ping_status":"open","sticky":false,"template":"","format":"standard","meta":{"inline_featured_image":false,"footnotes":""},"categories":[8857],"tags":[23202,23203,1610,23201],"class_list":["post-96569","post","type-post","status-publish","format-standard","has-post-thumbnail","hentry","category-istorie","tag-actiuni-de-reenactment-antic","tag-ateliere-in-cetatea-alba-carolina","tag-garda-apulum","tag-implicata"],"yoast_head":"<!-- This site is optimized with the Yoast SEO plugin v28.3 - https:\/\/yoast.com\/product\/yoast-seo-wordpress\/ -->\n<title>Garda Apulum este implicat\u0103 \u00een acest week-end \u00een mai multe ac\u021biuni de reenactment antic, at\u00e2t \u00een Alba Iulia, dar \u0219i \u00een \u021bar\u0103 - Revista Urbea Mea - Revista de Alba<\/title>\n<meta name=\"description\" content=\"Garda Apulum este implicat\u0103 \u00een acest week-end \u00een mai multe ac\u021biuni de reenactment antic, at\u00e2t \u00een Alba Iulia, dar \u0219i \u00een \u021bar\u0103. Astfel, vineri, 2 iulie,\" \/>\n<meta name=\"robots\" content=\"index, follow, max-snippet:-1, max-image-preview:large, max-video-preview:-1\" \/>\n<link rel=\"canonical\" href=\"https:\/\/urbeamea.ro\/albaiulia\/garda-apulum-este-implicata-in-acest-week-end-in-mai-multe-actiuni-de-reenactment-antic-atat-in-alba-iulia-dar-si-in-tara\/\" \/>\n<meta name=\"twitter:card\" content=\"summary_large_image\" \/>\n<meta name=\"twitter:title\" content=\"Garda Apulum este implicat\u0103 \u00een acest week-end \u00een mai multe ac\u021biuni de reenactment antic, at\u00e2t \u00een Alba Iulia, dar \u0219i \u00een \u021bar\u0103 - Revista Urbea Mea - Revista de Alba\" \/>\n<meta name=\"twitter:description\" content=\"Garda Apulum este implicat\u0103 \u00een acest week-end \u00een mai multe ac\u021biuni de reenactment antic, at\u00e2t \u00een Alba Iulia, dar \u0219i \u00een \u021bar\u0103. Astfel, vineri, 2 iulie,\" \/>\n<meta name=\"twitter:image\" content=\"https:\/\/urbeamea.ro\/albaiulia\/wp-content\/uploads\/2021\/07\/21753277_1212582018888534_6993411299437395617_o.jpg\" \/>\n<meta name=\"twitter:creator\" content=\"@urbeameaweb\" \/>\n<meta name=\"twitter:site\" content=\"@urbeameaweb\" \/>\n<script type=\"application\/ld+json\" class=\"yoast-schema-graph\">{\"@context\":\"https:\\\/\\\/schema.org\",\"@graph\":[{\"@type\":\"Article\",\"@id\":\"https:\\\/\\\/urbeamea.ro\\\/albaiulia\\\/garda-apulum-este-implicata-in-acest-week-end-in-mai-multe-actiuni-de-reenactment-antic-atat-in-alba-iulia-dar-si-in-tara\\\/#article\",\"isPartOf\":{\"@id\":\"https:\\\/\\\/urbeamea.ro\\\/albaiulia\\\/garda-apulum-este-implicata-in-acest-week-end-in-mai-multe-actiuni-de-reenactment-antic-atat-in-alba-iulia-dar-si-in-tara\\\/\"},\"author\":{\"name\":\"Cristina Ganga\",\"@id\":\"https:\\\/\\\/urbeamea.ro\\\/albaiulia\\\/#\\\/schema\\\/person\\\/9700d21fae21c4f038b0b56f4506264a\"},\"headline\":\"Garda Apulum este implicat\u0103 \u00een acest week-end \u00een mai multe ac\u021biuni de reenactment antic, at\u00e2t \u00een Alba Iulia, dar \u0219i \u00een \u021bar\u0103\",\"datePublished\":\"2021-07-01T10:07:32+00:00\",\"dateModified\":\"2021-07-01T10:07:35+00:00\",\"mainEntityOfPage\":{\"@id\":\"https:\\\/\\\/urbeamea.ro\\\/albaiulia\\\/garda-apulum-este-implicata-in-acest-week-end-in-mai-multe-actiuni-de-reenactment-antic-atat-in-alba-iulia-dar-si-in-tara\\\/\"},\"wordCount\":421,\"commentCount\":0,\"image\":{\"@id\":\"https:\\\/\\\/urbeamea.ro\\\/albaiulia\\\/garda-apulum-este-implicata-in-acest-week-end-in-mai-multe-actiuni-de-reenactment-antic-atat-in-alba-iulia-dar-si-in-tara\\\/#primaryimage\"},\"thumbnailUrl\":\"https:\\\/\\\/urbeamea.ro\\\/albaiulia\\\/wp-content\\\/uploads\\\/2021\\\/07\\\/21753277_1212582018888534_6993411299437395617_o.jpg\",\"keywords\":[\"actiuni de reenactment antic\",\"ateliere in cetatea alba carolina\",\"garda apulum\",\"implicata\"],\"articleSection\":[\"Istorie\"],\"inLanguage\":\"ro-RO\",\"potentialAction\":[{\"@type\":\"CommentAction\",\"name\":\"Comment\",\"target\":[\"https:\\\/\\\/urbeamea.ro\\\/albaiulia\\\/garda-apulum-este-implicata-in-acest-week-end-in-mai-multe-actiuni-de-reenactment-antic-atat-in-alba-iulia-dar-si-in-tara\\\/#respond\"]}]},{\"@type\":\"WebPage\",\"@id\":\"https:\\\/\\\/urbeamea.ro\\\/albaiulia\\\/garda-apulum-este-implicata-in-acest-week-end-in-mai-multe-actiuni-de-reenactment-antic-atat-in-alba-iulia-dar-si-in-tara\\\/\",\"url\":\"https:\\\/\\\/urbeamea.ro\\\/albaiulia\\\/garda-apulum-este-implicata-in-acest-week-end-in-mai-multe-actiuni-de-reenactment-antic-atat-in-alba-iulia-dar-si-in-tara\\\/\",\"name\":\"Garda Apulum este implicat\u0103 \u00een acest week-end \u00een mai multe ac\u021biuni de reenactment antic, at\u00e2t \u00een Alba Iulia, dar \u0219i \u00een \u021bar\u0103 - Revista Urbea Mea - Revista de Alba\",\"isPartOf\":{\"@id\":\"https:\\\/\\\/urbeamea.ro\\\/albaiulia\\\/#website\"},\"primaryImageOfPage\":{\"@id\":\"https:\\\/\\\/urbeamea.ro\\\/albaiulia\\\/garda-apulum-este-implicata-in-acest-week-end-in-mai-multe-actiuni-de-reenactment-antic-atat-in-alba-iulia-dar-si-in-tara\\\/#primaryimage\"},\"image\":{\"@id\":\"https:\\\/\\\/urbeamea.ro\\\/albaiulia\\\/garda-apulum-este-implicata-in-acest-week-end-in-mai-multe-actiuni-de-reenactment-antic-atat-in-alba-iulia-dar-si-in-tara\\\/#primaryimage\"},\"thumbnailUrl\":\"https:\\\/\\\/urbeamea.ro\\\/albaiulia\\\/wp-content\\\/uploads\\\/2021\\\/07\\\/21753277_1212582018888534_6993411299437395617_o.jpg\",\"datePublished\":\"2021-07-01T10:07:32+00:00\",\"dateModified\":\"2021-07-01T10:07:35+00:00\",\"author\":{\"@id\":\"https:\\\/\\\/urbeamea.ro\\\/albaiulia\\\/#\\\/schema\\\/person\\\/9700d21fae21c4f038b0b56f4506264a\"},\"description\":\"Garda Apulum este implicat\u0103 \u00een acest week-end \u00een mai multe ac\u021biuni de reenactment antic, at\u00e2t \u00een Alba Iulia, dar \u0219i \u00een \u021bar\u0103. Astfel, vineri, 2 iulie,\",\"breadcrumb\":{\"@id\":\"https:\\\/\\\/urbeamea.ro\\\/albaiulia\\\/garda-apulum-este-implicata-in-acest-week-end-in-mai-multe-actiuni-de-reenactment-antic-atat-in-alba-iulia-dar-si-in-tara\\\/#breadcrumb\"},\"inLanguage\":\"ro-RO\",\"potentialAction\":[{\"@type\":\"ReadAction\",\"target\":[\"https:\\\/\\\/urbeamea.ro\\\/albaiulia\\\/garda-apulum-este-implicata-in-acest-week-end-in-mai-multe-actiuni-de-reenactment-antic-atat-in-alba-iulia-dar-si-in-tara\\\/\"]}]},{\"@type\":\"ImageObject\",\"inLanguage\":\"ro-RO\",\"@id\":\"https:\\\/\\\/urbeamea.ro\\\/albaiulia\\\/garda-apulum-este-implicata-in-acest-week-end-in-mai-multe-actiuni-de-reenactment-antic-atat-in-alba-iulia-dar-si-in-tara\\\/#primaryimage\",\"url\":\"https:\\\/\\\/urbeamea.ro\\\/albaiulia\\\/wp-content\\\/uploads\\\/2021\\\/07\\\/21753277_1212582018888534_6993411299437395617_o.jpg\",\"contentUrl\":\"https:\\\/\\\/urbeamea.ro\\\/albaiulia\\\/wp-content\\\/uploads\\\/2021\\\/07\\\/21753277_1212582018888534_6993411299437395617_o.jpg\",\"width\":2048,\"height\":1367},{\"@type\":\"BreadcrumbList\",\"@id\":\"https:\\\/\\\/urbeamea.ro\\\/albaiulia\\\/garda-apulum-este-implicata-in-acest-week-end-in-mai-multe-actiuni-de-reenactment-antic-atat-in-alba-iulia-dar-si-in-tara\\\/#breadcrumb\",\"itemListElement\":[{\"@type\":\"ListItem\",\"position\":1,\"name\":\"Prima pagin\u0103\",\"item\":\"https:\\\/\\\/urbeamea.ro\\\/albaiulia\\\/\"},{\"@type\":\"ListItem\",\"position\":2,\"name\":\"Garda Apulum este implicat\u0103 \u00een acest week-end \u00een mai multe ac\u021biuni de reenactment antic, at\u00e2t \u00een Alba Iulia, dar \u0219i \u00een \u021bar\u0103\"}]},{\"@type\":\"WebSite\",\"@id\":\"https:\\\/\\\/urbeamea.ro\\\/albaiulia\\\/#website\",\"url\":\"https:\\\/\\\/urbeamea.ro\\\/albaiulia\\\/\",\"name\":\"Revista Urbea Mea, Stiri urbane\",\"description\":\"Evenimente \u0219i \u0219tiri din Alba Iulia, Sebe\u0219, Aiud, Blaj\",\"potentialAction\":[{\"@type\":\"SearchAction\",\"target\":{\"@type\":\"EntryPoint\",\"urlTemplate\":\"https:\\\/\\\/urbeamea.ro\\\/albaiulia\\\/?s={search_term_string}\"},\"query-input\":{\"@type\":\"PropertyValueSpecification\",\"valueRequired\":true,\"valueName\":\"search_term_string\"}}],\"inLanguage\":\"ro-RO\"},{\"@type\":\"Person\",\"@id\":\"https:\\\/\\\/urbeamea.ro\\\/albaiulia\\\/#\\\/schema\\\/person\\\/9700d21fae21c4f038b0b56f4506264a\",\"name\":\"Cristina Ganga\",\"image\":{\"@type\":\"ImageObject\",\"inLanguage\":\"ro-RO\",\"@id\":\"https:\\\/\\\/secure.gravatar.com\\\/avatar\\\/5a67661041f057b4a8ccaf26f5a8e86e2689372006d01faf3dd9eeb10b654bb4?s=96&d=mm&r=g\",\"url\":\"https:\\\/\\\/secure.gravatar.com\\\/avatar\\\/5a67661041f057b4a8ccaf26f5a8e86e2689372006d01faf3dd9eeb10b654bb4?s=96&d=mm&r=g\",\"contentUrl\":\"https:\\\/\\\/secure.gravatar.com\\\/avatar\\\/5a67661041f057b4a8ccaf26f5a8e86e2689372006d01faf3dd9eeb10b654bb4?s=96&d=mm&r=g\",\"caption\":\"Cristina Ganga\"},\"description\":\"Jurnalist\",\"sameAs\":[\"https:\\\/\\\/www.facebook.com\\\/cristina.nicola.587\"],\"url\":\"https:\\\/\\\/urbeamea.ro\\\/albaiulia\\\/author\\\/cristina-nicola\\\/\"}]}<\/script>\n<!-- \/ Yoast SEO plugin. -->","yoast_head_json":{"title":"Garda Apulum este implicat\u0103 \u00een acest week-end \u00een mai multe ac\u021biuni de reenactment antic, at\u00e2t \u00een Alba Iulia, dar \u0219i \u00een \u021bar\u0103 - Revista Urbea Mea - Revista de Alba","description":"Garda Apulum este implicat\u0103 \u00een acest week-end \u00een mai multe ac\u021biuni de reenactment antic, at\u00e2t \u00een Alba Iulia, dar \u0219i \u00een \u021bar\u0103. Astfel, vineri, 2 iulie,","robots":{"index":"index","follow":"follow","max-snippet":"max-snippet:-1","max-image-preview":"max-image-preview:large","max-video-preview":"max-video-preview:-1"},"canonical":"https:\/\/urbeamea.ro\/albaiulia\/garda-apulum-este-implicata-in-acest-week-end-in-mai-multe-actiuni-de-reenactment-antic-atat-in-alba-iulia-dar-si-in-tara\/","twitter_card":"summary_large_image","twitter_title":"Garda Apulum este implicat\u0103 \u00een acest week-end \u00een mai multe ac\u021biuni de reenactment antic, at\u00e2t \u00een Alba Iulia, dar \u0219i \u00een \u021bar\u0103 - Revista Urbea Mea - Revista de Alba","twitter_description":"Garda Apulum este implicat\u0103 \u00een acest week-end \u00een mai multe ac\u021biuni de reenactment antic, at\u00e2t \u00een Alba Iulia, dar \u0219i \u00een \u021bar\u0103. Astfel, vineri, 2 iulie,","twitter_image":"https:\/\/urbeamea.ro\/albaiulia\/wp-content\/uploads\/2021\/07\/21753277_1212582018888534_6993411299437395617_o.jpg","twitter_creator":"@urbeameaweb","twitter_site":"@urbeameaweb","schema":{"@context":"https:\/\/schema.org","@graph":[{"@type":"Article","@id":"https:\/\/urbeamea.ro\/albaiulia\/garda-apulum-este-implicata-in-acest-week-end-in-mai-multe-actiuni-de-reenactment-antic-atat-in-alba-iulia-dar-si-in-tara\/#article","isPartOf":{"@id":"https:\/\/urbeamea.ro\/albaiulia\/garda-apulum-este-implicata-in-acest-week-end-in-mai-multe-actiuni-de-reenactment-antic-atat-in-alba-iulia-dar-si-in-tara\/"},"author":{"name":"Cristina Ganga","@id":"https:\/\/urbeamea.ro\/albaiulia\/#\/schema\/person\/9700d21fae21c4f038b0b56f4506264a"},"headline":"Garda Apulum este implicat\u0103 \u00een acest week-end \u00een mai multe ac\u021biuni de reenactment antic, at\u00e2t \u00een Alba Iulia, dar \u0219i \u00een \u021bar\u0103","datePublished":"2021-07-01T10:07:32+00:00","dateModified":"2021-07-01T10:07:35+00:00","mainEntityOfPage":{"@id":"https:\/\/urbeamea.ro\/albaiulia\/garda-apulum-este-implicata-in-acest-week-end-in-mai-multe-actiuni-de-reenactment-antic-atat-in-alba-iulia-dar-si-in-tara\/"},"wordCount":421,"commentCount":0,"image":{"@id":"https:\/\/urbeamea.ro\/albaiulia\/garda-apulum-este-implicata-in-acest-week-end-in-mai-multe-actiuni-de-reenactment-antic-atat-in-alba-iulia-dar-si-in-tara\/#primaryimage"},"thumbnailUrl":"https:\/\/urbeamea.ro\/albaiulia\/wp-content\/uploads\/2021\/07\/21753277_1212582018888534_6993411299437395617_o.jpg","keywords":["actiuni de reenactment antic","ateliere in cetatea alba carolina","garda apulum","implicata"],"articleSection":["Istorie"],"inLanguage":"ro-RO","potentialAction":[{"@type":"CommentAction","name":"Comment","target":["https:\/\/urbeamea.ro\/albaiulia\/garda-apulum-este-implicata-in-acest-week-end-in-mai-multe-actiuni-de-reenactment-antic-atat-in-alba-iulia-dar-si-in-tara\/#respond"]}]},{"@type":"WebPage","@id":"https:\/\/urbeamea.ro\/albaiulia\/garda-apulum-este-implicata-in-acest-week-end-in-mai-multe-actiuni-de-reenactment-antic-atat-in-alba-iulia-dar-si-in-tara\/","url":"https:\/\/urbeamea.ro\/albaiulia\/garda-apulum-este-implicata-in-acest-week-end-in-mai-multe-actiuni-de-reenactment-antic-atat-in-alba-iulia-dar-si-in-tara\/","name":"Garda Apulum este implicat\u0103 \u00een acest week-end \u00een mai multe ac\u021biuni de reenactment antic, at\u00e2t \u00een Alba Iulia, dar \u0219i \u00een \u021bar\u0103 - Revista Urbea Mea - Revista de Alba","isPartOf":{"@id":"https:\/\/urbeamea.ro\/albaiulia\/#website"},"primaryImageOfPage":{"@id":"https:\/\/urbeamea.ro\/albaiulia\/garda-apulum-este-implicata-in-acest-week-end-in-mai-multe-actiuni-de-reenactment-antic-atat-in-alba-iulia-dar-si-in-tara\/#primaryimage"},"image":{"@id":"https:\/\/urbeamea.ro\/albaiulia\/garda-apulum-este-implicata-in-acest-week-end-in-mai-multe-actiuni-de-reenactment-antic-atat-in-alba-iulia-dar-si-in-tara\/#primaryimage"},"thumbnailUrl":"https:\/\/urbeamea.ro\/albaiulia\/wp-content\/uploads\/2021\/07\/21753277_1212582018888534_6993411299437395617_o.jpg","datePublished":"2021-07-01T10:07:32+00:00","dateModified":"2021-07-01T10:07:35+00:00","author":{"@id":"https:\/\/urbeamea.ro\/albaiulia\/#\/schema\/person\/9700d21fae21c4f038b0b56f4506264a"},"description":"Garda Apulum este implicat\u0103 \u00een acest week-end \u00een mai multe ac\u021biuni de reenactment antic, at\u00e2t \u00een Alba Iulia, dar \u0219i \u00een \u021bar\u0103. Astfel, vineri, 2 iulie,","breadcrumb":{"@id":"https:\/\/urbeamea.ro\/albaiulia\/garda-apulum-este-implicata-in-acest-week-end-in-mai-multe-actiuni-de-reenactment-antic-atat-in-alba-iulia-dar-si-in-tara\/#breadcrumb"},"inLanguage":"ro-RO","potentialAction":[{"@type":"ReadAction","target":["https:\/\/urbeamea.ro\/albaiulia\/garda-apulum-este-implicata-in-acest-week-end-in-mai-multe-actiuni-de-reenactment-antic-atat-in-alba-iulia-dar-si-in-tara\/"]}]},{"@type":"ImageObject","inLanguage":"ro-RO","@id":"https:\/\/urbeamea.ro\/albaiulia\/garda-apulum-este-implicata-in-acest-week-end-in-mai-multe-actiuni-de-reenactment-antic-atat-in-alba-iulia-dar-si-in-tara\/#primaryimage","url":"https:\/\/urbeamea.ro\/albaiulia\/wp-content\/uploads\/2021\/07\/21753277_1212582018888534_6993411299437395617_o.jpg","contentUrl":"https:\/\/urbeamea.ro\/albaiulia\/wp-content\/uploads\/2021\/07\/21753277_1212582018888534_6993411299437395617_o.jpg","width":2048,"height":1367},{"@type":"BreadcrumbList","@id":"https:\/\/urbeamea.ro\/albaiulia\/garda-apulum-este-implicata-in-acest-week-end-in-mai-multe-actiuni-de-reenactment-antic-atat-in-alba-iulia-dar-si-in-tara\/#breadcrumb","itemListElement":[{"@type":"ListItem","position":1,"name":"Prima pagin\u0103","item":"https:\/\/urbeamea.ro\/albaiulia\/"},{"@type":"ListItem","position":2,"name":"Garda Apulum este implicat\u0103 \u00een acest week-end \u00een mai multe ac\u021biuni de reenactment antic, at\u00e2t \u00een Alba Iulia, dar \u0219i \u00een \u021bar\u0103"}]},{"@type":"WebSite","@id":"https:\/\/urbeamea.ro\/albaiulia\/#website","url":"https:\/\/urbeamea.ro\/albaiulia\/","name":"Revista Urbea Mea, Stiri urbane","description":"Evenimente \u0219i \u0219tiri din Alba Iulia, Sebe\u0219, Aiud, Blaj","potentialAction":[{"@type":"SearchAction","target":{"@type":"EntryPoint","urlTemplate":"https:\/\/urbeamea.ro\/albaiulia\/?s={search_term_string}"},"query-input":{"@type":"PropertyValueSpecification","valueRequired":true,"valueName":"search_term_string"}}],"inLanguage":"ro-RO"},{"@type":"Person","@id":"https:\/\/urbeamea.ro\/albaiulia\/#\/schema\/person\/9700d21fae21c4f038b0b56f4506264a","name":"Cristina Ganga","image":{"@type":"ImageObject","inLanguage":"ro-RO","@id":"https:\/\/secure.gravatar.com\/avatar\/5a67661041f057b4a8ccaf26f5a8e86e2689372006d01faf3dd9eeb10b654bb4?s=96&d=mm&r=g","url":"https:\/\/secure.gravatar.com\/avatar\/5a67661041f057b4a8ccaf26f5a8e86e2689372006d01faf3dd9eeb10b654bb4?s=96&d=mm&r=g","contentUrl":"https:\/\/secure.gravatar.com\/avatar\/5a67661041f057b4a8ccaf26f5a8e86e2689372006d01faf3dd9eeb10b654bb4?s=96&d=mm&r=g","caption":"Cristina Ganga"},"description":"Jurnalist","sameAs":["https:\/\/www.facebook.com\/cristina.nicola.587"],"url":"https:\/\/urbeamea.ro\/albaiulia\/author\/cristina-nicola\/"}]}},"_links":{"self":[{"href":"https:\/\/urbeamea.ro\/albaiulia\/wp-json\/wp\/v2\/posts\/96569","targetHints":{"allow":["GET"]}}],"collection":[{"href":"https:\/\/urbeamea.ro\/albaiulia\/wp-json\/wp\/v2\/posts"}],"about":[{"href":"https:\/\/urbeamea.ro\/albaiulia\/wp-json\/wp\/v2\/types\/post"}],"author":[{"embeddable":true,"href":"https:\/\/urbeamea.ro\/albaiulia\/wp-json\/wp\/v2\/users\/17"}],"replies":[{"embeddable":true,"href":"https:\/\/urbeamea.ro\/albaiulia\/wp-json\/wp\/v2\/comments?post=96569"}],"version-history":[{"count":1,"href":"https:\/\/urbeamea.ro\/albaiulia\/wp-json\/wp\/v2\/posts\/96569\/revisions"}],"predecessor-version":[{"id":96577,"href":"https:\/\/urbeamea.ro\/albaiulia\/wp-json\/wp\/v2\/posts\/96569\/revisions\/96577"}],"wp:featuredmedia":[{"embeddable":true,"href":"https:\/\/urbeamea.ro\/albaiulia\/wp-json\/wp\/v2\/media\/96576"}],"wp:attachment":[{"href":"https:\/\/urbeamea.ro\/albaiulia\/wp-json\/wp\/v2\/media?parent=96569"}],"wp:term":[{"taxonomy":"category","embeddable":true,"href":"https:\/\/urbeamea.ro\/albaiulia\/wp-json\/wp\/v2\/categories?post=96569"},{"taxonomy":"post_tag","embeddable":true,"href":"https:\/\/urbeamea.ro\/albaiulia\/wp-json\/wp\/v2\/tags?post=96569"}],"curies":[{"name":"wp","href":"https:\/\/api.w.org\/{rel}","templated":true}]}}