{"id":96578,"date":"2021-07-01T13:18:53","date_gmt":"2021-07-01T10:18:53","guid":{"rendered":"https:\/\/urbeamea.ro\/albaiulia\/?p=96578"},"modified":"2021-07-01T13:18:56","modified_gmt":"2021-07-01T10:18:56","slug":"sambata-ceremonia-de-decernare-a-titlurilor-de-cetateni-de-onoare-ai-municipiului-alba-iulia","status":"publish","type":"post","link":"https:\/\/urbeamea.ro\/albaiulia\/sambata-ceremonia-de-decernare-a-titlurilor-de-cetateni-de-onoare-ai-municipiului-alba-iulia\/","title":{"rendered":"S\u00e2mb\u0103t\u0103: Ceremonia de decernare a titlurilor de cet\u0103\u021beni de onoare ai Municipiului Alba Iulia"},"content":{"rendered":"\n<h2 class=\"wp-block-heading\">S\u00e2mb\u0103t\u0103, 3 iulie, \u00eencep\u00e2nd cu ora 10:00 la Spa\u021biul Muzeal Principia va avea loc ceremonia de decernare a titlurilor \u201cCet\u0103\u021bean de Onoare al Municipiului Alba Iulia\u201d.<\/h2>\n\n\n\n<p class=\"wp-block-paragraph\">\u00cen cadrul acestul eveniment se vor decerna distinc\u021biile aprobate de Consiliul Local al Municipiului Alba Iulia urm\u0103torilor:<\/p>\n\n\n\n<p class=\"wp-block-paragraph\"><strong>Simion Dr\u0103goi<\/strong>, disident anticomunist \u0219i pre\u0219edinte de onoare al Asocia\u021biei fo\u0219tilor de\u021binu\u021bi politici din Rom\u00e2nia, filiala Alba Iulia, ca un gest de apreciere pentru demersurile f\u0103cute \u00een lupta pentru libertate \u0219i respectarea drepturilor omului \u00een perioada comunist\u0103;<\/p>\n\n\n\n<p class=\"wp-block-paragraph\"><strong>Mihai Babi\u021bchi<\/strong>, pre\u0219edinte al Federa\u021biei Asocia\u021biilor de Revolu\u021bionari din Ora\u0219ele-Martir ale Rom\u00e2niei, ca un gest de apreciere pentru curajul \u0219i demnitatea \u00een ini\u021bierea \u0219i conducerea Revolu\u021biei din Decembrie 1989 din Alba Iulia;<\/p>\n\n\n\n<p class=\"wp-block-paragraph\"><strong>Nicolae Claudiu Stanciu<\/strong>, sportiv cu renume interna\u021bional, pentru activitatea sportiv\u0103 marcant\u0103;<\/p>\n\n\n\n<p class=\"wp-block-paragraph\"><strong>Ioan Boc\u0219a<\/strong>, interpret de muzic\u0103 popular\u0103, \u00een semn de apreciere a \u00eentregii activit\u0103\u021bi \u0219i pentru d\u0103ruirea \u0219i talentul interpretativ puse \u00een slujba folclorului rom\u00e2nesc, recunoscut pe plan intern \u0219i interna\u021bional;<\/p>\n\n\n\n<p class=\"wp-block-paragraph\"><strong>Nicolae Furdui-Iancu,<\/strong>&nbsp;interpret de muzic\u0103 popular\u0103, \u00een semn de apreciere a \u00eentregii activit\u0103\u021bi \u0219i pentru d\u0103ruirea \u0219i talentul interpretativ puse \u00een slujba folclorului rom\u00e2nesc, recunoscut pe plan intern \u0219i interna\u021bional.<\/p>\n","protected":false},"excerpt":{"rendered":"<p>S\u00e2mb\u0103t\u0103, 3 iulie, \u00eencep\u00e2nd cu ora 10:00 la Spa\u021biul Muzeal Principia va avea loc ceremonia de decernare a titlurilor \u201cCet\u0103\u021bean de Onoare al Municipiului Alba Iulia\u201d. \u00cen cadrul acestul eveniment se vor decerna distinc\u021biile aprobate de Consiliul Local al Municipiului Alba Iulia urm\u0103torilor: Simion Dr\u0103goi, disident anticomunist \u0219i pre\u0219edinte de onoare al Asocia\u021biei fo\u0219tilor de\u021binu\u021bi &hellip;<\/p>\n","protected":false},"author":17,"featured_media":91517,"comment_status":"open","ping_status":"open","sticky":false,"template":"","format":"standard","meta":{"inline_featured_image":false,"footnotes":""},"categories":[4],"tags":[23205,5529,23204,23206],"class_list":["post-96578","post","type-post","status-publish","format-standard","has-post-thumbnail","hentry","category-eveniment","tag-ceremonie-de-decernare","tag-distinctii","tag-spatiul-muzeal-principia","tag-titluri-cetatean-de-onoare-al-municipiului-alba-iulia"],"yoast_head":"<!-- This site is optimized with the Yoast SEO plugin v28.3 - https:\/\/yoast.com\/product\/yoast-seo-wordpress\/ -->\n<title>S\u00e2mb\u0103t\u0103: Ceremonia de decernare a titlurilor de cet\u0103\u021beni de onoare ai Municipiului Alba Iulia - Revista Urbea Mea - Revista de Alba<\/title>\n<meta name=\"description\" content=\"S\u00e2mb\u0103t\u0103, 3 iulie, \u00eencep\u00e2nd cu ora 10:00 la Spa\u021biul Muzeal Principia va avea loc ceremonia de decernare a titlurilor \u201cCet\u0103\u021bean de Onoare al Municipiului\" \/>\n<meta name=\"robots\" content=\"index, follow, max-snippet:-1, max-image-preview:large, max-video-preview:-1\" \/>\n<link rel=\"canonical\" href=\"https:\/\/urbeamea.ro\/albaiulia\/sambata-ceremonia-de-decernare-a-titlurilor-de-cetateni-de-onoare-ai-municipiului-alba-iulia\/\" \/>\n<meta name=\"twitter:card\" content=\"summary_large_image\" \/>\n<meta name=\"twitter:title\" content=\"S\u00e2mb\u0103t\u0103: Ceremonia de decernare a titlurilor de cet\u0103\u021beni de onoare ai Municipiului Alba Iulia - Revista Urbea Mea - Revista de Alba\" \/>\n<meta name=\"twitter:description\" content=\"S\u00e2mb\u0103t\u0103, 3 iulie, \u00eencep\u00e2nd cu ora 10:00 la Spa\u021biul Muzeal Principia va avea loc ceremonia de decernare a titlurilor \u201cCet\u0103\u021bean de Onoare al Municipiului\" \/>\n<meta name=\"twitter:image\" content=\"https:\/\/urbeamea.ro\/albaiulia\/wp-content\/uploads\/2020\/07\/MUZEUL-PRINCIPIA.jpg\" \/>\n<meta name=\"twitter:creator\" content=\"@urbeameaweb\" \/>\n<meta name=\"twitter:site\" content=\"@urbeameaweb\" \/>\n<script type=\"application\/ld+json\" class=\"yoast-schema-graph\">{\"@context\":\"https:\\\/\\\/schema.org\",\"@graph\":[{\"@type\":\"Article\",\"@id\":\"https:\\\/\\\/urbeamea.ro\\\/albaiulia\\\/sambata-ceremonia-de-decernare-a-titlurilor-de-cetateni-de-onoare-ai-municipiului-alba-iulia\\\/#article\",\"isPartOf\":{\"@id\":\"https:\\\/\\\/urbeamea.ro\\\/albaiulia\\\/sambata-ceremonia-de-decernare-a-titlurilor-de-cetateni-de-onoare-ai-municipiului-alba-iulia\\\/\"},\"author\":{\"name\":\"Cristina Ganga\",\"@id\":\"https:\\\/\\\/urbeamea.ro\\\/albaiulia\\\/#\\\/schema\\\/person\\\/9700d21fae21c4f038b0b56f4506264a\"},\"headline\":\"S\u00e2mb\u0103t\u0103: Ceremonia de decernare a titlurilor de cet\u0103\u021beni de onoare ai Municipiului Alba Iulia\",\"datePublished\":\"2021-07-01T10:18:53+00:00\",\"dateModified\":\"2021-07-01T10:18:56+00:00\",\"mainEntityOfPage\":{\"@id\":\"https:\\\/\\\/urbeamea.ro\\\/albaiulia\\\/sambata-ceremonia-de-decernare-a-titlurilor-de-cetateni-de-onoare-ai-municipiului-alba-iulia\\\/\"},\"wordCount\":232,\"commentCount\":0,\"image\":{\"@id\":\"https:\\\/\\\/urbeamea.ro\\\/albaiulia\\\/sambata-ceremonia-de-decernare-a-titlurilor-de-cetateni-de-onoare-ai-municipiului-alba-iulia\\\/#primaryimage\"},\"thumbnailUrl\":\"https:\\\/\\\/urbeamea.ro\\\/albaiulia\\\/wp-content\\\/uploads\\\/2020\\\/07\\\/MUZEUL-PRINCIPIA.jpg\",\"keywords\":[\"ceremonie de decernare\",\"distinctii\",\"spatiul muzeal principia\",\"titluri cetatean de onoare al municipiului alba iulia\"],\"articleSection\":[\"Evenimente\"],\"inLanguage\":\"ro-RO\",\"potentialAction\":[{\"@type\":\"CommentAction\",\"name\":\"Comment\",\"target\":[\"https:\\\/\\\/urbeamea.ro\\\/albaiulia\\\/sambata-ceremonia-de-decernare-a-titlurilor-de-cetateni-de-onoare-ai-municipiului-alba-iulia\\\/#respond\"]}]},{\"@type\":\"WebPage\",\"@id\":\"https:\\\/\\\/urbeamea.ro\\\/albaiulia\\\/sambata-ceremonia-de-decernare-a-titlurilor-de-cetateni-de-onoare-ai-municipiului-alba-iulia\\\/\",\"url\":\"https:\\\/\\\/urbeamea.ro\\\/albaiulia\\\/sambata-ceremonia-de-decernare-a-titlurilor-de-cetateni-de-onoare-ai-municipiului-alba-iulia\\\/\",\"name\":\"S\u00e2mb\u0103t\u0103: Ceremonia de decernare a titlurilor de cet\u0103\u021beni de onoare ai Municipiului Alba Iulia - Revista Urbea Mea - Revista de Alba\",\"isPartOf\":{\"@id\":\"https:\\\/\\\/urbeamea.ro\\\/albaiulia\\\/#website\"},\"primaryImageOfPage\":{\"@id\":\"https:\\\/\\\/urbeamea.ro\\\/albaiulia\\\/sambata-ceremonia-de-decernare-a-titlurilor-de-cetateni-de-onoare-ai-municipiului-alba-iulia\\\/#primaryimage\"},\"image\":{\"@id\":\"https:\\\/\\\/urbeamea.ro\\\/albaiulia\\\/sambata-ceremonia-de-decernare-a-titlurilor-de-cetateni-de-onoare-ai-municipiului-alba-iulia\\\/#primaryimage\"},\"thumbnailUrl\":\"https:\\\/\\\/urbeamea.ro\\\/albaiulia\\\/wp-content\\\/uploads\\\/2020\\\/07\\\/MUZEUL-PRINCIPIA.jpg\",\"datePublished\":\"2021-07-01T10:18:53+00:00\",\"dateModified\":\"2021-07-01T10:18:56+00:00\",\"author\":{\"@id\":\"https:\\\/\\\/urbeamea.ro\\\/albaiulia\\\/#\\\/schema\\\/person\\\/9700d21fae21c4f038b0b56f4506264a\"},\"description\":\"S\u00e2mb\u0103t\u0103, 3 iulie, \u00eencep\u00e2nd cu ora 10:00 la Spa\u021biul Muzeal Principia va avea loc ceremonia de decernare a titlurilor \u201cCet\u0103\u021bean de Onoare al Municipiului\",\"breadcrumb\":{\"@id\":\"https:\\\/\\\/urbeamea.ro\\\/albaiulia\\\/sambata-ceremonia-de-decernare-a-titlurilor-de-cetateni-de-onoare-ai-municipiului-alba-iulia\\\/#breadcrumb\"},\"inLanguage\":\"ro-RO\",\"potentialAction\":[{\"@type\":\"ReadAction\",\"target\":[\"https:\\\/\\\/urbeamea.ro\\\/albaiulia\\\/sambata-ceremonia-de-decernare-a-titlurilor-de-cetateni-de-onoare-ai-municipiului-alba-iulia\\\/\"]}]},{\"@type\":\"ImageObject\",\"inLanguage\":\"ro-RO\",\"@id\":\"https:\\\/\\\/urbeamea.ro\\\/albaiulia\\\/sambata-ceremonia-de-decernare-a-titlurilor-de-cetateni-de-onoare-ai-municipiului-alba-iulia\\\/#primaryimage\",\"url\":\"https:\\\/\\\/urbeamea.ro\\\/albaiulia\\\/wp-content\\\/uploads\\\/2020\\\/07\\\/MUZEUL-PRINCIPIA.jpg\",\"contentUrl\":\"https:\\\/\\\/urbeamea.ro\\\/albaiulia\\\/wp-content\\\/uploads\\\/2020\\\/07\\\/MUZEUL-PRINCIPIA.jpg\",\"width\":1280,\"height\":647},{\"@type\":\"BreadcrumbList\",\"@id\":\"https:\\\/\\\/urbeamea.ro\\\/albaiulia\\\/sambata-ceremonia-de-decernare-a-titlurilor-de-cetateni-de-onoare-ai-municipiului-alba-iulia\\\/#breadcrumb\",\"itemListElement\":[{\"@type\":\"ListItem\",\"position\":1,\"name\":\"Prima pagin\u0103\",\"item\":\"https:\\\/\\\/urbeamea.ro\\\/albaiulia\\\/\"},{\"@type\":\"ListItem\",\"position\":2,\"name\":\"S\u00e2mb\u0103t\u0103: Ceremonia de decernare a titlurilor de cet\u0103\u021beni de onoare ai Municipiului Alba Iulia\"}]},{\"@type\":\"WebSite\",\"@id\":\"https:\\\/\\\/urbeamea.ro\\\/albaiulia\\\/#website\",\"url\":\"https:\\\/\\\/urbeamea.ro\\\/albaiulia\\\/\",\"name\":\"Revista Urbea Mea, Stiri urbane\",\"description\":\"Evenimente \u0219i \u0219tiri din Alba Iulia, Sebe\u0219, Aiud, Blaj\",\"potentialAction\":[{\"@type\":\"SearchAction\",\"target\":{\"@type\":\"EntryPoint\",\"urlTemplate\":\"https:\\\/\\\/urbeamea.ro\\\/albaiulia\\\/?s={search_term_string}\"},\"query-input\":{\"@type\":\"PropertyValueSpecification\",\"valueRequired\":true,\"valueName\":\"search_term_string\"}}],\"inLanguage\":\"ro-RO\"},{\"@type\":\"Person\",\"@id\":\"https:\\\/\\\/urbeamea.ro\\\/albaiulia\\\/#\\\/schema\\\/person\\\/9700d21fae21c4f038b0b56f4506264a\",\"name\":\"Cristina Ganga\",\"image\":{\"@type\":\"ImageObject\",\"inLanguage\":\"ro-RO\",\"@id\":\"https:\\\/\\\/secure.gravatar.com\\\/avatar\\\/5a67661041f057b4a8ccaf26f5a8e86e2689372006d01faf3dd9eeb10b654bb4?s=96&d=mm&r=g\",\"url\":\"https:\\\/\\\/secure.gravatar.com\\\/avatar\\\/5a67661041f057b4a8ccaf26f5a8e86e2689372006d01faf3dd9eeb10b654bb4?s=96&d=mm&r=g\",\"contentUrl\":\"https:\\\/\\\/secure.gravatar.com\\\/avatar\\\/5a67661041f057b4a8ccaf26f5a8e86e2689372006d01faf3dd9eeb10b654bb4?s=96&d=mm&r=g\",\"caption\":\"Cristina Ganga\"},\"description\":\"Jurnalist\",\"sameAs\":[\"https:\\\/\\\/www.facebook.com\\\/cristina.nicola.587\"],\"url\":\"https:\\\/\\\/urbeamea.ro\\\/albaiulia\\\/author\\\/cristina-nicola\\\/\"}]}<\/script>\n<!-- \/ Yoast SEO plugin. -->","yoast_head_json":{"title":"S\u00e2mb\u0103t\u0103: Ceremonia de decernare a titlurilor de cet\u0103\u021beni de onoare ai Municipiului Alba Iulia - Revista Urbea Mea - Revista de Alba","description":"S\u00e2mb\u0103t\u0103, 3 iulie, \u00eencep\u00e2nd cu ora 10:00 la Spa\u021biul Muzeal Principia va avea loc ceremonia de decernare a titlurilor \u201cCet\u0103\u021bean de Onoare al Municipiului","robots":{"index":"index","follow":"follow","max-snippet":"max-snippet:-1","max-image-preview":"max-image-preview:large","max-video-preview":"max-video-preview:-1"},"canonical":"https:\/\/urbeamea.ro\/albaiulia\/sambata-ceremonia-de-decernare-a-titlurilor-de-cetateni-de-onoare-ai-municipiului-alba-iulia\/","twitter_card":"summary_large_image","twitter_title":"S\u00e2mb\u0103t\u0103: Ceremonia de decernare a titlurilor de cet\u0103\u021beni de onoare ai Municipiului Alba Iulia - Revista Urbea Mea - Revista de Alba","twitter_description":"S\u00e2mb\u0103t\u0103, 3 iulie, \u00eencep\u00e2nd cu ora 10:00 la Spa\u021biul Muzeal Principia va avea loc ceremonia de decernare a titlurilor \u201cCet\u0103\u021bean de Onoare al Municipiului","twitter_image":"https:\/\/urbeamea.ro\/albaiulia\/wp-content\/uploads\/2020\/07\/MUZEUL-PRINCIPIA.jpg","twitter_creator":"@urbeameaweb","twitter_site":"@urbeameaweb","schema":{"@context":"https:\/\/schema.org","@graph":[{"@type":"Article","@id":"https:\/\/urbeamea.ro\/albaiulia\/sambata-ceremonia-de-decernare-a-titlurilor-de-cetateni-de-onoare-ai-municipiului-alba-iulia\/#article","isPartOf":{"@id":"https:\/\/urbeamea.ro\/albaiulia\/sambata-ceremonia-de-decernare-a-titlurilor-de-cetateni-de-onoare-ai-municipiului-alba-iulia\/"},"author":{"name":"Cristina Ganga","@id":"https:\/\/urbeamea.ro\/albaiulia\/#\/schema\/person\/9700d21fae21c4f038b0b56f4506264a"},"headline":"S\u00e2mb\u0103t\u0103: Ceremonia de decernare a titlurilor de cet\u0103\u021beni de onoare ai Municipiului Alba Iulia","datePublished":"2021-07-01T10:18:53+00:00","dateModified":"2021-07-01T10:18:56+00:00","mainEntityOfPage":{"@id":"https:\/\/urbeamea.ro\/albaiulia\/sambata-ceremonia-de-decernare-a-titlurilor-de-cetateni-de-onoare-ai-municipiului-alba-iulia\/"},"wordCount":232,"commentCount":0,"image":{"@id":"https:\/\/urbeamea.ro\/albaiulia\/sambata-ceremonia-de-decernare-a-titlurilor-de-cetateni-de-onoare-ai-municipiului-alba-iulia\/#primaryimage"},"thumbnailUrl":"https:\/\/urbeamea.ro\/albaiulia\/wp-content\/uploads\/2020\/07\/MUZEUL-PRINCIPIA.jpg","keywords":["ceremonie de decernare","distinctii","spatiul muzeal principia","titluri cetatean de onoare al municipiului alba iulia"],"articleSection":["Evenimente"],"inLanguage":"ro-RO","potentialAction":[{"@type":"CommentAction","name":"Comment","target":["https:\/\/urbeamea.ro\/albaiulia\/sambata-ceremonia-de-decernare-a-titlurilor-de-cetateni-de-onoare-ai-municipiului-alba-iulia\/#respond"]}]},{"@type":"WebPage","@id":"https:\/\/urbeamea.ro\/albaiulia\/sambata-ceremonia-de-decernare-a-titlurilor-de-cetateni-de-onoare-ai-municipiului-alba-iulia\/","url":"https:\/\/urbeamea.ro\/albaiulia\/sambata-ceremonia-de-decernare-a-titlurilor-de-cetateni-de-onoare-ai-municipiului-alba-iulia\/","name":"S\u00e2mb\u0103t\u0103: Ceremonia de decernare a titlurilor de cet\u0103\u021beni de onoare ai Municipiului Alba Iulia - Revista Urbea Mea - Revista de Alba","isPartOf":{"@id":"https:\/\/urbeamea.ro\/albaiulia\/#website"},"primaryImageOfPage":{"@id":"https:\/\/urbeamea.ro\/albaiulia\/sambata-ceremonia-de-decernare-a-titlurilor-de-cetateni-de-onoare-ai-municipiului-alba-iulia\/#primaryimage"},"image":{"@id":"https:\/\/urbeamea.ro\/albaiulia\/sambata-ceremonia-de-decernare-a-titlurilor-de-cetateni-de-onoare-ai-municipiului-alba-iulia\/#primaryimage"},"thumbnailUrl":"https:\/\/urbeamea.ro\/albaiulia\/wp-content\/uploads\/2020\/07\/MUZEUL-PRINCIPIA.jpg","datePublished":"2021-07-01T10:18:53+00:00","dateModified":"2021-07-01T10:18:56+00:00","author":{"@id":"https:\/\/urbeamea.ro\/albaiulia\/#\/schema\/person\/9700d21fae21c4f038b0b56f4506264a"},"description":"S\u00e2mb\u0103t\u0103, 3 iulie, \u00eencep\u00e2nd cu ora 10:00 la Spa\u021biul Muzeal Principia va avea loc ceremonia de decernare a titlurilor \u201cCet\u0103\u021bean de Onoare al Municipiului","breadcrumb":{"@id":"https:\/\/urbeamea.ro\/albaiulia\/sambata-ceremonia-de-decernare-a-titlurilor-de-cetateni-de-onoare-ai-municipiului-alba-iulia\/#breadcrumb"},"inLanguage":"ro-RO","potentialAction":[{"@type":"ReadAction","target":["https:\/\/urbeamea.ro\/albaiulia\/sambata-ceremonia-de-decernare-a-titlurilor-de-cetateni-de-onoare-ai-municipiului-alba-iulia\/"]}]},{"@type":"ImageObject","inLanguage":"ro-RO","@id":"https:\/\/urbeamea.ro\/albaiulia\/sambata-ceremonia-de-decernare-a-titlurilor-de-cetateni-de-onoare-ai-municipiului-alba-iulia\/#primaryimage","url":"https:\/\/urbeamea.ro\/albaiulia\/wp-content\/uploads\/2020\/07\/MUZEUL-PRINCIPIA.jpg","contentUrl":"https:\/\/urbeamea.ro\/albaiulia\/wp-content\/uploads\/2020\/07\/MUZEUL-PRINCIPIA.jpg","width":1280,"height":647},{"@type":"BreadcrumbList","@id":"https:\/\/urbeamea.ro\/albaiulia\/sambata-ceremonia-de-decernare-a-titlurilor-de-cetateni-de-onoare-ai-municipiului-alba-iulia\/#breadcrumb","itemListElement":[{"@type":"ListItem","position":1,"name":"Prima pagin\u0103","item":"https:\/\/urbeamea.ro\/albaiulia\/"},{"@type":"ListItem","position":2,"name":"S\u00e2mb\u0103t\u0103: Ceremonia de decernare a titlurilor de cet\u0103\u021beni de onoare ai Municipiului Alba Iulia"}]},{"@type":"WebSite","@id":"https:\/\/urbeamea.ro\/albaiulia\/#website","url":"https:\/\/urbeamea.ro\/albaiulia\/","name":"Revista Urbea Mea, Stiri urbane","description":"Evenimente \u0219i \u0219tiri din Alba Iulia, Sebe\u0219, Aiud, Blaj","potentialAction":[{"@type":"SearchAction","target":{"@type":"EntryPoint","urlTemplate":"https:\/\/urbeamea.ro\/albaiulia\/?s={search_term_string}"},"query-input":{"@type":"PropertyValueSpecification","valueRequired":true,"valueName":"search_term_string"}}],"inLanguage":"ro-RO"},{"@type":"Person","@id":"https:\/\/urbeamea.ro\/albaiulia\/#\/schema\/person\/9700d21fae21c4f038b0b56f4506264a","name":"Cristina Ganga","image":{"@type":"ImageObject","inLanguage":"ro-RO","@id":"https:\/\/secure.gravatar.com\/avatar\/5a67661041f057b4a8ccaf26f5a8e86e2689372006d01faf3dd9eeb10b654bb4?s=96&d=mm&r=g","url":"https:\/\/secure.gravatar.com\/avatar\/5a67661041f057b4a8ccaf26f5a8e86e2689372006d01faf3dd9eeb10b654bb4?s=96&d=mm&r=g","contentUrl":"https:\/\/secure.gravatar.com\/avatar\/5a67661041f057b4a8ccaf26f5a8e86e2689372006d01faf3dd9eeb10b654bb4?s=96&d=mm&r=g","caption":"Cristina Ganga"},"description":"Jurnalist","sameAs":["https:\/\/www.facebook.com\/cristina.nicola.587"],"url":"https:\/\/urbeamea.ro\/albaiulia\/author\/cristina-nicola\/"}]}},"_links":{"self":[{"href":"https:\/\/urbeamea.ro\/albaiulia\/wp-json\/wp\/v2\/posts\/96578","targetHints":{"allow":["GET"]}}],"collection":[{"href":"https:\/\/urbeamea.ro\/albaiulia\/wp-json\/wp\/v2\/posts"}],"about":[{"href":"https:\/\/urbeamea.ro\/albaiulia\/wp-json\/wp\/v2\/types\/post"}],"author":[{"embeddable":true,"href":"https:\/\/urbeamea.ro\/albaiulia\/wp-json\/wp\/v2\/users\/17"}],"replies":[{"embeddable":true,"href":"https:\/\/urbeamea.ro\/albaiulia\/wp-json\/wp\/v2\/comments?post=96578"}],"version-history":[{"count":1,"href":"https:\/\/urbeamea.ro\/albaiulia\/wp-json\/wp\/v2\/posts\/96578\/revisions"}],"predecessor-version":[{"id":96579,"href":"https:\/\/urbeamea.ro\/albaiulia\/wp-json\/wp\/v2\/posts\/96578\/revisions\/96579"}],"wp:featuredmedia":[{"embeddable":true,"href":"https:\/\/urbeamea.ro\/albaiulia\/wp-json\/wp\/v2\/media\/91517"}],"wp:attachment":[{"href":"https:\/\/urbeamea.ro\/albaiulia\/wp-json\/wp\/v2\/media?parent=96578"}],"wp:term":[{"taxonomy":"category","embeddable":true,"href":"https:\/\/urbeamea.ro\/albaiulia\/wp-json\/wp\/v2\/categories?post=96578"},{"taxonomy":"post_tag","embeddable":true,"href":"https:\/\/urbeamea.ro\/albaiulia\/wp-json\/wp\/v2\/tags?post=96578"}],"curies":[{"name":"wp","href":"https:\/\/api.w.org\/{rel}","templated":true}]}}