{"id":96787,"date":"2021-07-14T15:40:22","date_gmt":"2021-07-14T12:40:22","guid":{"rendered":"https:\/\/urbeamea.ro\/albaiulia\/?p=96787"},"modified":"2021-07-14T15:40:25","modified_gmt":"2021-07-14T12:40:25","slug":"crucea-rosie-romana-filiala-alba-alaturi-de-populatia-afectata-de-codul-galben-de-canicula-din-alba-iulia-si-aiud","status":"publish","type":"post","link":"https:\/\/urbeamea.ro\/albaiulia\/crucea-rosie-romana-filiala-alba-alaturi-de-populatia-afectata-de-codul-galben-de-canicula-din-alba-iulia-si-aiud\/","title":{"rendered":"Crucea Ro\u015fie Rom\u00e2n\u0103 Filiala Alba, al\u0103turi de popula\u0163ia afectat\u0103 de codul galben de canicul\u0103 din Alba Iulia \u0219i Aiud"},"content":{"rendered":"\n<h2 class=\"wp-block-heading\">Urmare a instaur\u0103rii codului galben de canicul\u0103 valabil pentru perioada 14 -15 iulie 2021, Crucea Ro\u015fie Rom\u00e2n\u0103 Filiala Alba, \u00een colaborare cu Direc\u021bia de S\u0103n\u0103tate Public\u0103 Alba, Prim\u0103ria municipiului Alba Iulia \u0219i Prim\u0103ria municipiului Aiud au luat m\u0103suri imediate pentru protejarea persoanelor vulnerabile.<\/h2>\n\n\n\n<p>Astfel, Crucea Ro\u0219ie Rom\u00e2n\u0103 Filiala Alba a asigurat dotarea necesar\u0103 pentru 3 puncte de prim ajutor, \u00een Alba Iulia \u0219i Aiud, \u00een vederea diminu\u0103rii riscului pentru s\u0103n\u0103tate, prin prevenirea fenomenelor de deshidratare \u015fi hipertermie, dup\u0103 cum urmeaz\u0103:<\/p>\n\n\n\n<p>\u00cen Alba Iulia sunt organizate dou\u0103 puncte de prim ajutor: \u00een zona Cetate a municipiului, pe Bulevardul Transilvaniei, l\u00e2ng\u0103 BCR, respectiv \u00een zona centru \u2013 \u00een fa\u021ba complexului Mercur City Center, fiind func\u021bionale \u00een intervalul orar 10.00-17.00.<\/p>\n\n\n\n<p>\u00cen municipiul Aiud, punctul de prim ajutor este \u00een zona centrala pe artera principal\u0103, l\u00e2ng\u0103 BCR, \u00een intervalul orar 10.00-17.00.<\/p>\n\n\n\n<p>Personalul medical de specialitate angajat \u015fi voluntar va asigura urm\u0103toarele servicii:<br>m\u0103surarea tensiunii arteriale<br>oferirea de ap\u0103 potabil\u0103 trec\u0103torilor<br>consilierea popula\u0163iei pentru a se adapta c\u00e2t mai bine perioadei caniculare.<\/p>\n\n\n\n<p>Crucea Ro\u0219ie Rom\u00e2n\u0103 Filiala Alba \u00eendeamn\u0103 popula\u021bia afectat\u0103 de canicul\u0103 s\u0103 fie prudent\u0103 \u00een acest\u0103 perioad\u0103 \u0219i s\u0103 urmeze recomand\u0103rile realizate de c\u0103tre autorit\u0103\u021bile locale \u00een ceea ce prive\u0219te deplas\u0103rile \u00een exteriorul locuin\u021bei precum \u0219i adoptarea unui stil de via\u021b\u0103 s\u0103n\u0103tos.<\/p>\n\n\n\n<figure class=\"wp-block-gallery columns-3 is-cropped wp-block-gallery-1 is-layout-flex wp-block-gallery-is-layout-flex\"><ul class=\"blocks-gallery-grid\"><li class=\"blocks-gallery-item\"><figure><a href=\"https:\/\/urbeamea.ro\/albaiulia\/wp-content\/uploads\/2021\/07\/canicula-sfaturi-varstnici.png\"><img loading=\"lazy\" decoding=\"async\" width=\"940\" height=\"788\" src=\"https:\/\/urbeamea.ro\/albaiulia\/wp-content\/uploads\/2021\/07\/canicula-sfaturi-varstnici.png\" alt=\"\" data-id=\"96788\" data-full-url=\"https:\/\/urbeamea.ro\/albaiulia\/wp-content\/uploads\/2021\/07\/canicula-sfaturi-varstnici.png\" data-link=\"https:\/\/urbeamea.ro\/albaiulia\/?attachment_id=96788\" class=\"wp-image-96788\" srcset=\"https:\/\/urbeamea.ro\/albaiulia\/wp-content\/uploads\/2021\/07\/canicula-sfaturi-varstnici.png 940w, https:\/\/urbeamea.ro\/albaiulia\/wp-content\/uploads\/2021\/07\/canicula-sfaturi-varstnici-640x537.png 640w, https:\/\/urbeamea.ro\/albaiulia\/wp-content\/uploads\/2021\/07\/canicula-sfaturi-varstnici-150x126.png 150w, https:\/\/urbeamea.ro\/albaiulia\/wp-content\/uploads\/2021\/07\/canicula-sfaturi-varstnici-768x644.png 768w\" sizes=\"auto, (max-width: 940px) 100vw, 940px\" \/><\/a><\/figure><\/li><li class=\"blocks-gallery-item\"><figure><a href=\"https:\/\/urbeamea.ro\/albaiulia\/wp-content\/uploads\/2021\/07\/canicula-sfaturi.png\"><img loading=\"lazy\" decoding=\"async\" width=\"1280\" height=\"720\" src=\"https:\/\/urbeamea.ro\/albaiulia\/wp-content\/uploads\/2021\/07\/canicula-sfaturi-1280x720.png\" alt=\"\" data-id=\"96789\" data-full-url=\"https:\/\/urbeamea.ro\/albaiulia\/wp-content\/uploads\/2021\/07\/canicula-sfaturi.png\" data-link=\"https:\/\/urbeamea.ro\/albaiulia\/?attachment_id=96789\" class=\"wp-image-96789\" srcset=\"https:\/\/urbeamea.ro\/albaiulia\/wp-content\/uploads\/2021\/07\/canicula-sfaturi-1280x720.png 1280w, https:\/\/urbeamea.ro\/albaiulia\/wp-content\/uploads\/2021\/07\/canicula-sfaturi-640x360.png 640w, https:\/\/urbeamea.ro\/albaiulia\/wp-content\/uploads\/2021\/07\/canicula-sfaturi-150x84.png 150w, https:\/\/urbeamea.ro\/albaiulia\/wp-content\/uploads\/2021\/07\/canicula-sfaturi-768x432.png 768w, https:\/\/urbeamea.ro\/albaiulia\/wp-content\/uploads\/2021\/07\/canicula-sfaturi-1536x864.png 1536w, https:\/\/urbeamea.ro\/albaiulia\/wp-content\/uploads\/2021\/07\/canicula-sfaturi.png 1920w\" sizes=\"auto, (max-width: 1280px) 100vw, 1280px\" \/><\/a><\/figure><\/li><li class=\"blocks-gallery-item\"><figure><a href=\"https:\/\/urbeamea.ro\/albaiulia\/wp-content\/uploads\/2021\/07\/PHOTO-2021-07-14-15-08-52.jpg\"><img loading=\"lazy\" decoding=\"async\" width=\"768\" height=\"1024\" src=\"https:\/\/urbeamea.ro\/albaiulia\/wp-content\/uploads\/2021\/07\/PHOTO-2021-07-14-15-08-52.jpg\" alt=\"\" data-id=\"96790\" data-full-url=\"https:\/\/urbeamea.ro\/albaiulia\/wp-content\/uploads\/2021\/07\/PHOTO-2021-07-14-15-08-52.jpg\" data-link=\"https:\/\/urbeamea.ro\/albaiulia\/?attachment_id=96790\" class=\"wp-image-96790\" srcset=\"https:\/\/urbeamea.ro\/albaiulia\/wp-content\/uploads\/2021\/07\/PHOTO-2021-07-14-15-08-52.jpg 768w, https:\/\/urbeamea.ro\/albaiulia\/wp-content\/uploads\/2021\/07\/PHOTO-2021-07-14-15-08-52-480x640.jpg 480w, https:\/\/urbeamea.ro\/albaiulia\/wp-content\/uploads\/2021\/07\/PHOTO-2021-07-14-15-08-52-113x150.jpg 113w\" sizes=\"auto, (max-width: 768px) 100vw, 768px\" \/><\/a><\/figure><\/li><li class=\"blocks-gallery-item\"><figure><a href=\"https:\/\/urbeamea.ro\/albaiulia\/wp-content\/uploads\/2021\/07\/PHOTO-2021-07-14-15-08-52_4.jpg\"><img loading=\"lazy\" decoding=\"async\" width=\"766\" height=\"1024\" src=\"https:\/\/urbeamea.ro\/albaiulia\/wp-content\/uploads\/2021\/07\/PHOTO-2021-07-14-15-08-52_4.jpg\" alt=\"\" data-id=\"96791\" data-full-url=\"https:\/\/urbeamea.ro\/albaiulia\/wp-content\/uploads\/2021\/07\/PHOTO-2021-07-14-15-08-52_4.jpg\" data-link=\"https:\/\/urbeamea.ro\/albaiulia\/?attachment_id=96791\" class=\"wp-image-96791\" srcset=\"https:\/\/urbeamea.ro\/albaiulia\/wp-content\/uploads\/2021\/07\/PHOTO-2021-07-14-15-08-52_4.jpg 766w, https:\/\/urbeamea.ro\/albaiulia\/wp-content\/uploads\/2021\/07\/PHOTO-2021-07-14-15-08-52_4-479x640.jpg 479w, https:\/\/urbeamea.ro\/albaiulia\/wp-content\/uploads\/2021\/07\/PHOTO-2021-07-14-15-08-52_4-112x150.jpg 112w\" sizes=\"auto, (max-width: 766px) 100vw, 766px\" \/><\/a><\/figure><\/li><li class=\"blocks-gallery-item\"><figure><a href=\"https:\/\/urbeamea.ro\/albaiulia\/wp-content\/uploads\/2021\/07\/PHOTO-2021-07-14-15-08-52_6.jpg\"><img loading=\"lazy\" decoding=\"async\" width=\"768\" height=\"1024\" src=\"https:\/\/urbeamea.ro\/albaiulia\/wp-content\/uploads\/2021\/07\/PHOTO-2021-07-14-15-08-52_6.jpg\" alt=\"\" data-id=\"96792\" data-full-url=\"https:\/\/urbeamea.ro\/albaiulia\/wp-content\/uploads\/2021\/07\/PHOTO-2021-07-14-15-08-52_6.jpg\" data-link=\"https:\/\/urbeamea.ro\/albaiulia\/?attachment_id=96792\" class=\"wp-image-96792\" srcset=\"https:\/\/urbeamea.ro\/albaiulia\/wp-content\/uploads\/2021\/07\/PHOTO-2021-07-14-15-08-52_6.jpg 768w, https:\/\/urbeamea.ro\/albaiulia\/wp-content\/uploads\/2021\/07\/PHOTO-2021-07-14-15-08-52_6-480x640.jpg 480w, https:\/\/urbeamea.ro\/albaiulia\/wp-content\/uploads\/2021\/07\/PHOTO-2021-07-14-15-08-52_6-113x150.jpg 113w\" sizes=\"auto, (max-width: 768px) 100vw, 768px\" \/><\/a><\/figure><\/li><\/ul><\/figure>\n","protected":false},"excerpt":{"rendered":"<p>Urmare a instaur\u0103rii codului galben de canicul\u0103 valabil pentru perioada 14 -15 iulie 2021, Crucea Ro\u015fie Rom\u00e2n\u0103 Filiala Alba, \u00een colaborare cu Direc\u021bia de S\u0103n\u0103tate Public\u0103 Alba, Prim\u0103ria municipiului Alba Iulia \u0219i Prim\u0103ria municipiului Aiud au luat m\u0103suri imediate pentru protejarea persoanelor vulnerabile. Astfel, Crucea Ro\u0219ie Rom\u00e2n\u0103 Filiala Alba a asigurat dotarea necesar\u0103 pentru 3 &hellip;<\/p>\n","protected":false},"author":17,"featured_media":96790,"comment_status":"open","ping_status":"open","sticky":false,"template":"","format":"standard","meta":{"inline_featured_image":false,"footnotes":""},"categories":[2034],"tags":[23275,23277,23276,10802,23278],"class_list":["post-96787","post","type-post","status-publish","format-standard","has-post-thumbnail","hentry","category-social","tag-alaturi-de-populatie","tag-alba-iulia-si-aiud","tag-cod-galben-de-canicula","tag-crucea-rosie-romana-filiala-alba","tag-masurarea-tensiunii-arteriale"],"yoast_head":"<!-- This site is optimized with the Yoast SEO plugin v27.4 - https:\/\/yoast.com\/product\/yoast-seo-wordpress\/ -->\n<title>Crucea Ro\u015fie Rom\u00e2n\u0103 Filiala Alba, al\u0103turi de popula\u0163ia afectat\u0103 de codul galben de canicul\u0103 din Alba Iulia \u0219i Aiud - Revista Urbea Mea - Revista de Alba<\/title>\n<meta name=\"description\" content=\"Urmare a instaur\u0103rii codului galben de canicul\u0103 valabil pentru perioada 14 -15 iulie 2021, Crucea Ro\u015fie Rom\u00e2n\u0103 Filiala Alba, \u00een colaborare cu Direc\u021bia de\" \/>\n<meta name=\"robots\" content=\"index, follow, max-snippet:-1, max-image-preview:large, max-video-preview:-1\" \/>\n<link rel=\"canonical\" href=\"https:\/\/urbeamea.ro\/albaiulia\/crucea-rosie-romana-filiala-alba-alaturi-de-populatia-afectata-de-codul-galben-de-canicula-din-alba-iulia-si-aiud\/\" \/>\n<meta name=\"twitter:card\" content=\"summary_large_image\" \/>\n<meta name=\"twitter:title\" content=\"Crucea Ro\u015fie Rom\u00e2n\u0103 Filiala Alba, al\u0103turi de popula\u0163ia afectat\u0103 de codul galben de canicul\u0103 din Alba Iulia \u0219i Aiud - Revista Urbea Mea - Revista de Alba\" \/>\n<meta name=\"twitter:description\" content=\"Urmare a instaur\u0103rii codului galben de canicul\u0103 valabil pentru perioada 14 -15 iulie 2021, Crucea Ro\u015fie Rom\u00e2n\u0103 Filiala Alba, \u00een colaborare cu Direc\u021bia de\" \/>\n<meta name=\"twitter:image\" content=\"https:\/\/urbeamea.ro\/albaiulia\/wp-content\/uploads\/2021\/07\/PHOTO-2021-07-14-15-08-52.jpg\" \/>\n<meta name=\"twitter:creator\" content=\"@urbeameaweb\" \/>\n<meta name=\"twitter:site\" content=\"@urbeameaweb\" \/>\n<script type=\"application\/ld+json\" class=\"yoast-schema-graph\">{\"@context\":\"https:\\\/\\\/schema.org\",\"@graph\":[{\"@type\":\"Article\",\"@id\":\"https:\\\/\\\/urbeamea.ro\\\/albaiulia\\\/crucea-rosie-romana-filiala-alba-alaturi-de-populatia-afectata-de-codul-galben-de-canicula-din-alba-iulia-si-aiud\\\/#article\",\"isPartOf\":{\"@id\":\"https:\\\/\\\/urbeamea.ro\\\/albaiulia\\\/crucea-rosie-romana-filiala-alba-alaturi-de-populatia-afectata-de-codul-galben-de-canicula-din-alba-iulia-si-aiud\\\/\"},\"author\":{\"name\":\"Cristina Ganga\",\"@id\":\"https:\\\/\\\/urbeamea.ro\\\/albaiulia\\\/#\\\/schema\\\/person\\\/9700d21fae21c4f038b0b56f4506264a\"},\"headline\":\"Crucea Ro\u015fie Rom\u00e2n\u0103 Filiala Alba, al\u0103turi de popula\u0163ia afectat\u0103 de codul galben de canicul\u0103 din Alba Iulia \u0219i Aiud\",\"datePublished\":\"2021-07-14T12:40:22+00:00\",\"dateModified\":\"2021-07-14T12:40:25+00:00\",\"mainEntityOfPage\":{\"@id\":\"https:\\\/\\\/urbeamea.ro\\\/albaiulia\\\/crucea-rosie-romana-filiala-alba-alaturi-de-populatia-afectata-de-codul-galben-de-canicula-din-alba-iulia-si-aiud\\\/\"},\"wordCount\":259,\"commentCount\":0,\"image\":{\"@id\":\"https:\\\/\\\/urbeamea.ro\\\/albaiulia\\\/crucea-rosie-romana-filiala-alba-alaturi-de-populatia-afectata-de-codul-galben-de-canicula-din-alba-iulia-si-aiud\\\/#primaryimage\"},\"thumbnailUrl\":\"https:\\\/\\\/urbeamea.ro\\\/albaiulia\\\/wp-content\\\/uploads\\\/2021\\\/07\\\/PHOTO-2021-07-14-15-08-52.jpg\",\"keywords\":[\"alaturi de populatie\",\"alba iulia si aiud\",\"cod galben de canicula\",\"crucea rosie romana filiala alba\",\"masurarea tensiunii arteriale\"],\"articleSection\":[\"Social\"],\"inLanguage\":\"ro-RO\",\"potentialAction\":[{\"@type\":\"CommentAction\",\"name\":\"Comment\",\"target\":[\"https:\\\/\\\/urbeamea.ro\\\/albaiulia\\\/crucea-rosie-romana-filiala-alba-alaturi-de-populatia-afectata-de-codul-galben-de-canicula-din-alba-iulia-si-aiud\\\/#respond\"]}]},{\"@type\":\"WebPage\",\"@id\":\"https:\\\/\\\/urbeamea.ro\\\/albaiulia\\\/crucea-rosie-romana-filiala-alba-alaturi-de-populatia-afectata-de-codul-galben-de-canicula-din-alba-iulia-si-aiud\\\/\",\"url\":\"https:\\\/\\\/urbeamea.ro\\\/albaiulia\\\/crucea-rosie-romana-filiala-alba-alaturi-de-populatia-afectata-de-codul-galben-de-canicula-din-alba-iulia-si-aiud\\\/\",\"name\":\"Crucea Ro\u015fie Rom\u00e2n\u0103 Filiala Alba, al\u0103turi de popula\u0163ia afectat\u0103 de codul galben de canicul\u0103 din Alba Iulia \u0219i Aiud - Revista Urbea Mea - Revista de Alba\",\"isPartOf\":{\"@id\":\"https:\\\/\\\/urbeamea.ro\\\/albaiulia\\\/#website\"},\"primaryImageOfPage\":{\"@id\":\"https:\\\/\\\/urbeamea.ro\\\/albaiulia\\\/crucea-rosie-romana-filiala-alba-alaturi-de-populatia-afectata-de-codul-galben-de-canicula-din-alba-iulia-si-aiud\\\/#primaryimage\"},\"image\":{\"@id\":\"https:\\\/\\\/urbeamea.ro\\\/albaiulia\\\/crucea-rosie-romana-filiala-alba-alaturi-de-populatia-afectata-de-codul-galben-de-canicula-din-alba-iulia-si-aiud\\\/#primaryimage\"},\"thumbnailUrl\":\"https:\\\/\\\/urbeamea.ro\\\/albaiulia\\\/wp-content\\\/uploads\\\/2021\\\/07\\\/PHOTO-2021-07-14-15-08-52.jpg\",\"datePublished\":\"2021-07-14T12:40:22+00:00\",\"dateModified\":\"2021-07-14T12:40:25+00:00\",\"author\":{\"@id\":\"https:\\\/\\\/urbeamea.ro\\\/albaiulia\\\/#\\\/schema\\\/person\\\/9700d21fae21c4f038b0b56f4506264a\"},\"description\":\"Urmare a instaur\u0103rii codului galben de canicul\u0103 valabil pentru perioada 14 -15 iulie 2021, Crucea Ro\u015fie Rom\u00e2n\u0103 Filiala Alba, \u00een colaborare cu Direc\u021bia de\",\"breadcrumb\":{\"@id\":\"https:\\\/\\\/urbeamea.ro\\\/albaiulia\\\/crucea-rosie-romana-filiala-alba-alaturi-de-populatia-afectata-de-codul-galben-de-canicula-din-alba-iulia-si-aiud\\\/#breadcrumb\"},\"inLanguage\":\"ro-RO\",\"potentialAction\":[{\"@type\":\"ReadAction\",\"target\":[\"https:\\\/\\\/urbeamea.ro\\\/albaiulia\\\/crucea-rosie-romana-filiala-alba-alaturi-de-populatia-afectata-de-codul-galben-de-canicula-din-alba-iulia-si-aiud\\\/\"]}]},{\"@type\":\"ImageObject\",\"inLanguage\":\"ro-RO\",\"@id\":\"https:\\\/\\\/urbeamea.ro\\\/albaiulia\\\/crucea-rosie-romana-filiala-alba-alaturi-de-populatia-afectata-de-codul-galben-de-canicula-din-alba-iulia-si-aiud\\\/#primaryimage\",\"url\":\"https:\\\/\\\/urbeamea.ro\\\/albaiulia\\\/wp-content\\\/uploads\\\/2021\\\/07\\\/PHOTO-2021-07-14-15-08-52.jpg\",\"contentUrl\":\"https:\\\/\\\/urbeamea.ro\\\/albaiulia\\\/wp-content\\\/uploads\\\/2021\\\/07\\\/PHOTO-2021-07-14-15-08-52.jpg\",\"width\":768,\"height\":1024},{\"@type\":\"BreadcrumbList\",\"@id\":\"https:\\\/\\\/urbeamea.ro\\\/albaiulia\\\/crucea-rosie-romana-filiala-alba-alaturi-de-populatia-afectata-de-codul-galben-de-canicula-din-alba-iulia-si-aiud\\\/#breadcrumb\",\"itemListElement\":[{\"@type\":\"ListItem\",\"position\":1,\"name\":\"Prima pagin\u0103\",\"item\":\"https:\\\/\\\/urbeamea.ro\\\/albaiulia\\\/\"},{\"@type\":\"ListItem\",\"position\":2,\"name\":\"Crucea Ro\u015fie Rom\u00e2n\u0103 Filiala Alba, al\u0103turi de popula\u0163ia afectat\u0103 de codul galben de canicul\u0103 din Alba Iulia \u0219i Aiud\"}]},{\"@type\":\"WebSite\",\"@id\":\"https:\\\/\\\/urbeamea.ro\\\/albaiulia\\\/#website\",\"url\":\"https:\\\/\\\/urbeamea.ro\\\/albaiulia\\\/\",\"name\":\"Revista Urbea Mea, Stiri urbane\",\"description\":\"Evenimente \u0219i \u0219tiri din Alba Iulia, Sebe\u0219, Aiud, Blaj\",\"potentialAction\":[{\"@type\":\"SearchAction\",\"target\":{\"@type\":\"EntryPoint\",\"urlTemplate\":\"https:\\\/\\\/urbeamea.ro\\\/albaiulia\\\/?s={search_term_string}\"},\"query-input\":{\"@type\":\"PropertyValueSpecification\",\"valueRequired\":true,\"valueName\":\"search_term_string\"}}],\"inLanguage\":\"ro-RO\"},{\"@type\":\"Person\",\"@id\":\"https:\\\/\\\/urbeamea.ro\\\/albaiulia\\\/#\\\/schema\\\/person\\\/9700d21fae21c4f038b0b56f4506264a\",\"name\":\"Cristina Ganga\",\"image\":{\"@type\":\"ImageObject\",\"inLanguage\":\"ro-RO\",\"@id\":\"https:\\\/\\\/secure.gravatar.com\\\/avatar\\\/5a67661041f057b4a8ccaf26f5a8e86e2689372006d01faf3dd9eeb10b654bb4?s=96&d=mm&r=g\",\"url\":\"https:\\\/\\\/secure.gravatar.com\\\/avatar\\\/5a67661041f057b4a8ccaf26f5a8e86e2689372006d01faf3dd9eeb10b654bb4?s=96&d=mm&r=g\",\"contentUrl\":\"https:\\\/\\\/secure.gravatar.com\\\/avatar\\\/5a67661041f057b4a8ccaf26f5a8e86e2689372006d01faf3dd9eeb10b654bb4?s=96&d=mm&r=g\",\"caption\":\"Cristina Ganga\"},\"description\":\"Jurnalist\",\"sameAs\":[\"https:\\\/\\\/www.facebook.com\\\/cristina.nicola.587\"],\"url\":\"https:\\\/\\\/urbeamea.ro\\\/albaiulia\\\/author\\\/cristina-nicola\\\/\"}]}<\/script>\n<!-- \/ Yoast SEO plugin. -->","yoast_head_json":{"title":"Crucea Ro\u015fie Rom\u00e2n\u0103 Filiala Alba, al\u0103turi de popula\u0163ia afectat\u0103 de codul galben de canicul\u0103 din Alba Iulia \u0219i Aiud - Revista Urbea Mea - Revista de Alba","description":"Urmare a instaur\u0103rii codului galben de canicul\u0103 valabil pentru perioada 14 -15 iulie 2021, Crucea Ro\u015fie Rom\u00e2n\u0103 Filiala Alba, \u00een colaborare cu Direc\u021bia de","robots":{"index":"index","follow":"follow","max-snippet":"max-snippet:-1","max-image-preview":"max-image-preview:large","max-video-preview":"max-video-preview:-1"},"canonical":"https:\/\/urbeamea.ro\/albaiulia\/crucea-rosie-romana-filiala-alba-alaturi-de-populatia-afectata-de-codul-galben-de-canicula-din-alba-iulia-si-aiud\/","twitter_card":"summary_large_image","twitter_title":"Crucea Ro\u015fie Rom\u00e2n\u0103 Filiala Alba, al\u0103turi de popula\u0163ia afectat\u0103 de codul galben de canicul\u0103 din Alba Iulia \u0219i Aiud - Revista Urbea Mea - Revista de Alba","twitter_description":"Urmare a instaur\u0103rii codului galben de canicul\u0103 valabil pentru perioada 14 -15 iulie 2021, Crucea Ro\u015fie Rom\u00e2n\u0103 Filiala Alba, \u00een colaborare cu Direc\u021bia de","twitter_image":"https:\/\/urbeamea.ro\/albaiulia\/wp-content\/uploads\/2021\/07\/PHOTO-2021-07-14-15-08-52.jpg","twitter_creator":"@urbeameaweb","twitter_site":"@urbeameaweb","schema":{"@context":"https:\/\/schema.org","@graph":[{"@type":"Article","@id":"https:\/\/urbeamea.ro\/albaiulia\/crucea-rosie-romana-filiala-alba-alaturi-de-populatia-afectata-de-codul-galben-de-canicula-din-alba-iulia-si-aiud\/#article","isPartOf":{"@id":"https:\/\/urbeamea.ro\/albaiulia\/crucea-rosie-romana-filiala-alba-alaturi-de-populatia-afectata-de-codul-galben-de-canicula-din-alba-iulia-si-aiud\/"},"author":{"name":"Cristina Ganga","@id":"https:\/\/urbeamea.ro\/albaiulia\/#\/schema\/person\/9700d21fae21c4f038b0b56f4506264a"},"headline":"Crucea Ro\u015fie Rom\u00e2n\u0103 Filiala Alba, al\u0103turi de popula\u0163ia afectat\u0103 de codul galben de canicul\u0103 din Alba Iulia \u0219i Aiud","datePublished":"2021-07-14T12:40:22+00:00","dateModified":"2021-07-14T12:40:25+00:00","mainEntityOfPage":{"@id":"https:\/\/urbeamea.ro\/albaiulia\/crucea-rosie-romana-filiala-alba-alaturi-de-populatia-afectata-de-codul-galben-de-canicula-din-alba-iulia-si-aiud\/"},"wordCount":259,"commentCount":0,"image":{"@id":"https:\/\/urbeamea.ro\/albaiulia\/crucea-rosie-romana-filiala-alba-alaturi-de-populatia-afectata-de-codul-galben-de-canicula-din-alba-iulia-si-aiud\/#primaryimage"},"thumbnailUrl":"https:\/\/urbeamea.ro\/albaiulia\/wp-content\/uploads\/2021\/07\/PHOTO-2021-07-14-15-08-52.jpg","keywords":["alaturi de populatie","alba iulia si aiud","cod galben de canicula","crucea rosie romana filiala alba","masurarea tensiunii arteriale"],"articleSection":["Social"],"inLanguage":"ro-RO","potentialAction":[{"@type":"CommentAction","name":"Comment","target":["https:\/\/urbeamea.ro\/albaiulia\/crucea-rosie-romana-filiala-alba-alaturi-de-populatia-afectata-de-codul-galben-de-canicula-din-alba-iulia-si-aiud\/#respond"]}]},{"@type":"WebPage","@id":"https:\/\/urbeamea.ro\/albaiulia\/crucea-rosie-romana-filiala-alba-alaturi-de-populatia-afectata-de-codul-galben-de-canicula-din-alba-iulia-si-aiud\/","url":"https:\/\/urbeamea.ro\/albaiulia\/crucea-rosie-romana-filiala-alba-alaturi-de-populatia-afectata-de-codul-galben-de-canicula-din-alba-iulia-si-aiud\/","name":"Crucea Ro\u015fie Rom\u00e2n\u0103 Filiala Alba, al\u0103turi de popula\u0163ia afectat\u0103 de codul galben de canicul\u0103 din Alba Iulia \u0219i Aiud - Revista Urbea Mea - Revista de Alba","isPartOf":{"@id":"https:\/\/urbeamea.ro\/albaiulia\/#website"},"primaryImageOfPage":{"@id":"https:\/\/urbeamea.ro\/albaiulia\/crucea-rosie-romana-filiala-alba-alaturi-de-populatia-afectata-de-codul-galben-de-canicula-din-alba-iulia-si-aiud\/#primaryimage"},"image":{"@id":"https:\/\/urbeamea.ro\/albaiulia\/crucea-rosie-romana-filiala-alba-alaturi-de-populatia-afectata-de-codul-galben-de-canicula-din-alba-iulia-si-aiud\/#primaryimage"},"thumbnailUrl":"https:\/\/urbeamea.ro\/albaiulia\/wp-content\/uploads\/2021\/07\/PHOTO-2021-07-14-15-08-52.jpg","datePublished":"2021-07-14T12:40:22+00:00","dateModified":"2021-07-14T12:40:25+00:00","author":{"@id":"https:\/\/urbeamea.ro\/albaiulia\/#\/schema\/person\/9700d21fae21c4f038b0b56f4506264a"},"description":"Urmare a instaur\u0103rii codului galben de canicul\u0103 valabil pentru perioada 14 -15 iulie 2021, Crucea Ro\u015fie Rom\u00e2n\u0103 Filiala Alba, \u00een colaborare cu Direc\u021bia de","breadcrumb":{"@id":"https:\/\/urbeamea.ro\/albaiulia\/crucea-rosie-romana-filiala-alba-alaturi-de-populatia-afectata-de-codul-galben-de-canicula-din-alba-iulia-si-aiud\/#breadcrumb"},"inLanguage":"ro-RO","potentialAction":[{"@type":"ReadAction","target":["https:\/\/urbeamea.ro\/albaiulia\/crucea-rosie-romana-filiala-alba-alaturi-de-populatia-afectata-de-codul-galben-de-canicula-din-alba-iulia-si-aiud\/"]}]},{"@type":"ImageObject","inLanguage":"ro-RO","@id":"https:\/\/urbeamea.ro\/albaiulia\/crucea-rosie-romana-filiala-alba-alaturi-de-populatia-afectata-de-codul-galben-de-canicula-din-alba-iulia-si-aiud\/#primaryimage","url":"https:\/\/urbeamea.ro\/albaiulia\/wp-content\/uploads\/2021\/07\/PHOTO-2021-07-14-15-08-52.jpg","contentUrl":"https:\/\/urbeamea.ro\/albaiulia\/wp-content\/uploads\/2021\/07\/PHOTO-2021-07-14-15-08-52.jpg","width":768,"height":1024},{"@type":"BreadcrumbList","@id":"https:\/\/urbeamea.ro\/albaiulia\/crucea-rosie-romana-filiala-alba-alaturi-de-populatia-afectata-de-codul-galben-de-canicula-din-alba-iulia-si-aiud\/#breadcrumb","itemListElement":[{"@type":"ListItem","position":1,"name":"Prima pagin\u0103","item":"https:\/\/urbeamea.ro\/albaiulia\/"},{"@type":"ListItem","position":2,"name":"Crucea Ro\u015fie Rom\u00e2n\u0103 Filiala Alba, al\u0103turi de popula\u0163ia afectat\u0103 de codul galben de canicul\u0103 din Alba Iulia \u0219i Aiud"}]},{"@type":"WebSite","@id":"https:\/\/urbeamea.ro\/albaiulia\/#website","url":"https:\/\/urbeamea.ro\/albaiulia\/","name":"Revista Urbea Mea, Stiri urbane","description":"Evenimente \u0219i \u0219tiri din Alba Iulia, Sebe\u0219, Aiud, Blaj","potentialAction":[{"@type":"SearchAction","target":{"@type":"EntryPoint","urlTemplate":"https:\/\/urbeamea.ro\/albaiulia\/?s={search_term_string}"},"query-input":{"@type":"PropertyValueSpecification","valueRequired":true,"valueName":"search_term_string"}}],"inLanguage":"ro-RO"},{"@type":"Person","@id":"https:\/\/urbeamea.ro\/albaiulia\/#\/schema\/person\/9700d21fae21c4f038b0b56f4506264a","name":"Cristina Ganga","image":{"@type":"ImageObject","inLanguage":"ro-RO","@id":"https:\/\/secure.gravatar.com\/avatar\/5a67661041f057b4a8ccaf26f5a8e86e2689372006d01faf3dd9eeb10b654bb4?s=96&d=mm&r=g","url":"https:\/\/secure.gravatar.com\/avatar\/5a67661041f057b4a8ccaf26f5a8e86e2689372006d01faf3dd9eeb10b654bb4?s=96&d=mm&r=g","contentUrl":"https:\/\/secure.gravatar.com\/avatar\/5a67661041f057b4a8ccaf26f5a8e86e2689372006d01faf3dd9eeb10b654bb4?s=96&d=mm&r=g","caption":"Cristina Ganga"},"description":"Jurnalist","sameAs":["https:\/\/www.facebook.com\/cristina.nicola.587"],"url":"https:\/\/urbeamea.ro\/albaiulia\/author\/cristina-nicola\/"}]}},"_links":{"self":[{"href":"https:\/\/urbeamea.ro\/albaiulia\/wp-json\/wp\/v2\/posts\/96787","targetHints":{"allow":["GET"]}}],"collection":[{"href":"https:\/\/urbeamea.ro\/albaiulia\/wp-json\/wp\/v2\/posts"}],"about":[{"href":"https:\/\/urbeamea.ro\/albaiulia\/wp-json\/wp\/v2\/types\/post"}],"author":[{"embeddable":true,"href":"https:\/\/urbeamea.ro\/albaiulia\/wp-json\/wp\/v2\/users\/17"}],"replies":[{"embeddable":true,"href":"https:\/\/urbeamea.ro\/albaiulia\/wp-json\/wp\/v2\/comments?post=96787"}],"version-history":[{"count":1,"href":"https:\/\/urbeamea.ro\/albaiulia\/wp-json\/wp\/v2\/posts\/96787\/revisions"}],"predecessor-version":[{"id":96793,"href":"https:\/\/urbeamea.ro\/albaiulia\/wp-json\/wp\/v2\/posts\/96787\/revisions\/96793"}],"wp:featuredmedia":[{"embeddable":true,"href":"https:\/\/urbeamea.ro\/albaiulia\/wp-json\/wp\/v2\/media\/96790"}],"wp:attachment":[{"href":"https:\/\/urbeamea.ro\/albaiulia\/wp-json\/wp\/v2\/media?parent=96787"}],"wp:term":[{"taxonomy":"category","embeddable":true,"href":"https:\/\/urbeamea.ro\/albaiulia\/wp-json\/wp\/v2\/categories?post=96787"},{"taxonomy":"post_tag","embeddable":true,"href":"https:\/\/urbeamea.ro\/albaiulia\/wp-json\/wp\/v2\/tags?post=96787"}],"curies":[{"name":"wp","href":"https:\/\/api.w.org\/{rel}","templated":true}]}}