{"id":96794,"date":"2021-07-15T13:36:44","date_gmt":"2021-07-15T10:36:44","guid":{"rendered":"https:\/\/urbeamea.ro\/albaiulia\/?p=96794"},"modified":"2021-07-15T13:36:48","modified_gmt":"2021-07-15T10:36:48","slug":"deschidere-aniversara-tiff-la-alba-iulia-dineu-cu-vecinii-de-sus-in-premiera-pe-23-iulie","status":"publish","type":"post","link":"https:\/\/urbeamea.ro\/albaiulia\/deschidere-aniversara-tiff-la-alba-iulia-dineu-cu-vecinii-de-sus-in-premiera-pe-23-iulie\/","title":{"rendered":"Deschidere aniversar\u0103 TIFF la Alba Iulia \u201eDineu cu vecinii de sus\u201d, \u00een premier\u0103 pe 23 iulie"},"content":{"rendered":"\n<h2 class=\"wp-block-heading\">Spectatorii din <strong>Alba Iulia<\/strong> se vor bucura de o premier\u0103 <strong>vineri, 23 iulie 2021,<\/strong> c\u00e2nd filmul care deschide oficial <strong>Festivalul Interna\u021bional de Film Transilvania<\/strong> (TIFF) la Cluj-Napoca se va vedea \u0219i aici. Cel mai mare festival de film din Rom\u00e2nia marcheaz\u0103, astfel, aniversarea a 20 de edi\u021bii, prin proiec\u021bii &nbsp;simultane, \u00een 20 de localit\u0103\u021bi din \u021bar\u0103. Comedia spaniol\u0103 multi-premiat\u0103 <strong><em>Dineu cu vecinii de sus<\/em> <\/strong>(r. Cesc Gay, 2020) este alegerea organizatorilor pentru aceast\u0103 sear\u0103 special\u0103.<\/h2>\n\n\n\n<p>O comedie savuroas\u0103 \u00een care dou\u0103 cupluri vecine exploreaz\u0103 complexitatea rela\u021biilor moderne, <strong>Dineu cu vecinii de sus\/ Sentimental\/ The People Upstairs <\/strong>(regia Cesc Gay, 2020) \u00eei are \u00een centru pe Julio \u015fi Ana, care sunt \u00eempreun\u0103 de mai bine de 15 ani. Abia dac\u0103 se mai privesc, iar certurile au devenit o constant\u0103 \u00een rela\u0163ia lor. \u00cen aceast\u0103 sear\u0103, Ana i-a invitat la cin\u0103 pe vecinii de sus. Sunt pu\u0163in mai tineri, iar gemetele frecvente ce se aud din apartamentul lor au devenit o surs\u0103 de tensiune pentru Julio \u0219i Ana. \u0218i ce nu \u0219tiu gazdele este c\u0103 aceast\u0103 cin\u0103 se va transforma pe nea\u015fteptate \u00eentr-un tsunami al emo\u0163iilor. &nbsp;(<a href=\"https:\/\/www.youtube.com\/watch?v=a4mxHlXBy_g&amp;t=1s\">trailer<\/a>)<\/p>\n\n\n\n<p>Filmul a fost nominalizat la cinci premii Goya \u0219i are pe afi\u0219 vedete spaniole precum Javier C\u00e1mara (<em>Hable con ella, La mala educaci\u00f3n, de Pedro Almod\u00f3var<\/em>, serialele <em>The Young Pope<\/em> \u0219i <em>Narcos<\/em>) \u0219i Bel\u00e9n Cuesta (<em>La casa de papel, Parking<\/em>). La TIFF, filmul este prezentat \u00een cadrul sec\u021biunii Focus Spania.<\/p>\n\n\n\n<figure class=\"wp-block-image size-large\"><img loading=\"lazy\" decoding=\"async\" width=\"1280\" height=\"640\" src=\"https:\/\/urbeamea.ro\/albaiulia\/wp-content\/uploads\/2021\/07\/Dineu-cu-vecinii-de-sus-still-r.-Cesc-Gay-1280x640.jpg\" alt=\"\" class=\"wp-image-96795\" srcset=\"https:\/\/urbeamea.ro\/albaiulia\/wp-content\/uploads\/2021\/07\/Dineu-cu-vecinii-de-sus-still-r.-Cesc-Gay-1280x640.jpg 1280w, https:\/\/urbeamea.ro\/albaiulia\/wp-content\/uploads\/2021\/07\/Dineu-cu-vecinii-de-sus-still-r.-Cesc-Gay-640x320.jpg 640w, https:\/\/urbeamea.ro\/albaiulia\/wp-content\/uploads\/2021\/07\/Dineu-cu-vecinii-de-sus-still-r.-Cesc-Gay-150x75.jpg 150w, https:\/\/urbeamea.ro\/albaiulia\/wp-content\/uploads\/2021\/07\/Dineu-cu-vecinii-de-sus-still-r.-Cesc-Gay-768x384.jpg 768w, https:\/\/urbeamea.ro\/albaiulia\/wp-content\/uploads\/2021\/07\/Dineu-cu-vecinii-de-sus-still-r.-Cesc-Gay-1536x768.jpg 1536w, https:\/\/urbeamea.ro\/albaiulia\/wp-content\/uploads\/2021\/07\/Dineu-cu-vecinii-de-sus-still-r.-Cesc-Gay.jpg 1890w\" sizes=\"auto, (max-width: 1280px) 100vw, 1280px\" \/><\/figure>\n\n\n\n<p>Proiec\u021bia din Alba Iulia va avea loc la <strong>Inspire Cinema<\/strong>, de la ora 21:00, biletele fiind deja disponibile aici <\/p>\n\n\n\n<p>Masca este obligatorie pe durata proiec\u021biei. Evenimentul va avea loc cu respectarea tuturor m\u0103surilor de siguran\u021b\u0103 impuse de loca\u021bia de desf\u0103\u0219urare, necesare \u00een contextul actual.<\/p>\n\n\n\n<p>***<\/p>\n\n\n\n<p><strong>Festivalul Interna\u021bional de Film Transilvania <\/strong>este organizat de Asocia\u021bia pentru Promovarea Filmului Rom\u00e2nesc \u0219i Asocia\u021bia Festivalul de Film Transilvania. Edi\u021bia a 20-a va avea loc \u00eentre 23 iulie \u0219i 1 august, cu respectarea tuturor m\u0103surilor de siguran\u021b\u0103 necesare \u00een contextul actual.<\/p>\n\n\n\n<figure class=\"wp-block-image size-large\"><img loading=\"lazy\" decoding=\"async\" width=\"1280\" height=\"720\" src=\"https:\/\/urbeamea.ro\/albaiulia\/wp-content\/uploads\/2021\/07\/Dineu-cu-vecinii-de-sus-r.-Cesc-Gay-1280x720.jpg\" alt=\"\" class=\"wp-image-96796\" srcset=\"https:\/\/urbeamea.ro\/albaiulia\/wp-content\/uploads\/2021\/07\/Dineu-cu-vecinii-de-sus-r.-Cesc-Gay-1280x720.jpg 1280w, https:\/\/urbeamea.ro\/albaiulia\/wp-content\/uploads\/2021\/07\/Dineu-cu-vecinii-de-sus-r.-Cesc-Gay-640x360.jpg 640w, https:\/\/urbeamea.ro\/albaiulia\/wp-content\/uploads\/2021\/07\/Dineu-cu-vecinii-de-sus-r.-Cesc-Gay-150x84.jpg 150w, https:\/\/urbeamea.ro\/albaiulia\/wp-content\/uploads\/2021\/07\/Dineu-cu-vecinii-de-sus-r.-Cesc-Gay-768x432.jpg 768w, https:\/\/urbeamea.ro\/albaiulia\/wp-content\/uploads\/2021\/07\/Dineu-cu-vecinii-de-sus-r.-Cesc-Gay-1536x864.jpg 1536w, https:\/\/urbeamea.ro\/albaiulia\/wp-content\/uploads\/2021\/07\/Dineu-cu-vecinii-de-sus-r.-Cesc-Gay.jpg 1600w\" sizes=\"auto, (max-width: 1280px) 100vw, 1280px\" \/><\/figure>\n","protected":false},"excerpt":{"rendered":"<p>Spectatorii din Alba Iulia se vor bucura de o premier\u0103 vineri, 23 iulie 2021, c\u00e2nd filmul care deschide oficial Festivalul Interna\u021bional de Film Transilvania (TIFF) la Cluj-Napoca se va vedea \u0219i aici. Cel mai mare festival de film din Rom\u00e2nia marcheaz\u0103, astfel, aniversarea a 20 de edi\u021bii, prin proiec\u021bii &nbsp;simultane, \u00een 20 de localit\u0103\u021bi din &hellip;<\/p>\n","protected":false},"author":17,"featured_media":96797,"comment_status":"open","ping_status":"open","sticky":false,"template":"","format":"standard","meta":{"inline_featured_image":false,"footnotes":""},"categories":[4],"tags":[23279,23280,1711,23281],"class_list":["post-96794","post","type-post","status-publish","format-standard","has-post-thumbnail","hentry","category-eveniment","tag-deschidere-aniversara-tiff-la-alba-iulia","tag-dineu-cu-vecinii-de-sus","tag-premiera","tag-proiectii-similare"],"yoast_head":"<!-- This site is optimized with the Yoast SEO plugin v27.4 - https:\/\/yoast.com\/product\/yoast-seo-wordpress\/ -->\n<title>Deschidere aniversar\u0103 TIFF la Alba Iulia \u201eDineu cu vecinii de sus\u201d, \u00een premier\u0103 pe 23 iulie - Revista Urbea Mea - Revista de Alba<\/title>\n<meta name=\"description\" content=\"Spectatorii din Alba Iulia se vor bucura de o premier\u0103 vineri, 23 iulie 2021, c\u00e2nd filmul care deschide oficial Festivalul Interna\u021bional de Film\" \/>\n<meta name=\"robots\" content=\"index, follow, max-snippet:-1, max-image-preview:large, max-video-preview:-1\" \/>\n<link rel=\"canonical\" href=\"https:\/\/urbeamea.ro\/albaiulia\/deschidere-aniversara-tiff-la-alba-iulia-dineu-cu-vecinii-de-sus-in-premiera-pe-23-iulie\/\" \/>\n<meta name=\"twitter:card\" content=\"summary_large_image\" \/>\n<meta name=\"twitter:title\" content=\"Deschidere aniversar\u0103 TIFF la Alba Iulia \u201eDineu cu vecinii de sus\u201d, \u00een premier\u0103 pe 23 iulie - Revista Urbea Mea - Revista de Alba\" \/>\n<meta name=\"twitter:description\" content=\"Spectatorii din Alba Iulia se vor bucura de o premier\u0103 vineri, 23 iulie 2021, c\u00e2nd filmul care deschide oficial Festivalul Interna\u021bional de Film\" \/>\n<meta name=\"twitter:image\" content=\"https:\/\/urbeamea.ro\/albaiulia\/wp-content\/uploads\/2021\/07\/Afis-Deschidere-aniversara-TIFF-la-Alba-Iulia.jpg\" \/>\n<meta name=\"twitter:creator\" content=\"@urbeameaweb\" \/>\n<meta name=\"twitter:site\" content=\"@urbeameaweb\" \/>\n<script type=\"application\/ld+json\" class=\"yoast-schema-graph\">{\"@context\":\"https:\\\/\\\/schema.org\",\"@graph\":[{\"@type\":\"Article\",\"@id\":\"https:\\\/\\\/urbeamea.ro\\\/albaiulia\\\/deschidere-aniversara-tiff-la-alba-iulia-dineu-cu-vecinii-de-sus-in-premiera-pe-23-iulie\\\/#article\",\"isPartOf\":{\"@id\":\"https:\\\/\\\/urbeamea.ro\\\/albaiulia\\\/deschidere-aniversara-tiff-la-alba-iulia-dineu-cu-vecinii-de-sus-in-premiera-pe-23-iulie\\\/\"},\"author\":{\"name\":\"Cristina Ganga\",\"@id\":\"https:\\\/\\\/urbeamea.ro\\\/albaiulia\\\/#\\\/schema\\\/person\\\/9700d21fae21c4f038b0b56f4506264a\"},\"headline\":\"Deschidere aniversar\u0103 TIFF la Alba Iulia \u201eDineu cu vecinii de sus\u201d, \u00een premier\u0103 pe 23 iulie\",\"datePublished\":\"2021-07-15T10:36:44+00:00\",\"dateModified\":\"2021-07-15T10:36:48+00:00\",\"mainEntityOfPage\":{\"@id\":\"https:\\\/\\\/urbeamea.ro\\\/albaiulia\\\/deschidere-aniversara-tiff-la-alba-iulia-dineu-cu-vecinii-de-sus-in-premiera-pe-23-iulie\\\/\"},\"wordCount\":354,\"commentCount\":1,\"image\":{\"@id\":\"https:\\\/\\\/urbeamea.ro\\\/albaiulia\\\/deschidere-aniversara-tiff-la-alba-iulia-dineu-cu-vecinii-de-sus-in-premiera-pe-23-iulie\\\/#primaryimage\"},\"thumbnailUrl\":\"https:\\\/\\\/urbeamea.ro\\\/albaiulia\\\/wp-content\\\/uploads\\\/2021\\\/07\\\/Afis-Deschidere-aniversara-TIFF-la-Alba-Iulia.jpg\",\"keywords\":[\"deschidere aniversara tiff la alba iulia\",\"dineu cu vecinii de sus\",\"premiera\",\"proiectii similare\"],\"articleSection\":[\"Evenimente\"],\"inLanguage\":\"ro-RO\",\"potentialAction\":[{\"@type\":\"CommentAction\",\"name\":\"Comment\",\"target\":[\"https:\\\/\\\/urbeamea.ro\\\/albaiulia\\\/deschidere-aniversara-tiff-la-alba-iulia-dineu-cu-vecinii-de-sus-in-premiera-pe-23-iulie\\\/#respond\"]}]},{\"@type\":\"WebPage\",\"@id\":\"https:\\\/\\\/urbeamea.ro\\\/albaiulia\\\/deschidere-aniversara-tiff-la-alba-iulia-dineu-cu-vecinii-de-sus-in-premiera-pe-23-iulie\\\/\",\"url\":\"https:\\\/\\\/urbeamea.ro\\\/albaiulia\\\/deschidere-aniversara-tiff-la-alba-iulia-dineu-cu-vecinii-de-sus-in-premiera-pe-23-iulie\\\/\",\"name\":\"Deschidere aniversar\u0103 TIFF la Alba Iulia \u201eDineu cu vecinii de sus\u201d, \u00een premier\u0103 pe 23 iulie - Revista Urbea Mea - Revista de Alba\",\"isPartOf\":{\"@id\":\"https:\\\/\\\/urbeamea.ro\\\/albaiulia\\\/#website\"},\"primaryImageOfPage\":{\"@id\":\"https:\\\/\\\/urbeamea.ro\\\/albaiulia\\\/deschidere-aniversara-tiff-la-alba-iulia-dineu-cu-vecinii-de-sus-in-premiera-pe-23-iulie\\\/#primaryimage\"},\"image\":{\"@id\":\"https:\\\/\\\/urbeamea.ro\\\/albaiulia\\\/deschidere-aniversara-tiff-la-alba-iulia-dineu-cu-vecinii-de-sus-in-premiera-pe-23-iulie\\\/#primaryimage\"},\"thumbnailUrl\":\"https:\\\/\\\/urbeamea.ro\\\/albaiulia\\\/wp-content\\\/uploads\\\/2021\\\/07\\\/Afis-Deschidere-aniversara-TIFF-la-Alba-Iulia.jpg\",\"datePublished\":\"2021-07-15T10:36:44+00:00\",\"dateModified\":\"2021-07-15T10:36:48+00:00\",\"author\":{\"@id\":\"https:\\\/\\\/urbeamea.ro\\\/albaiulia\\\/#\\\/schema\\\/person\\\/9700d21fae21c4f038b0b56f4506264a\"},\"description\":\"Spectatorii din Alba Iulia se vor bucura de o premier\u0103 vineri, 23 iulie 2021, c\u00e2nd filmul care deschide oficial Festivalul Interna\u021bional de Film\",\"breadcrumb\":{\"@id\":\"https:\\\/\\\/urbeamea.ro\\\/albaiulia\\\/deschidere-aniversara-tiff-la-alba-iulia-dineu-cu-vecinii-de-sus-in-premiera-pe-23-iulie\\\/#breadcrumb\"},\"inLanguage\":\"ro-RO\",\"potentialAction\":[{\"@type\":\"ReadAction\",\"target\":[\"https:\\\/\\\/urbeamea.ro\\\/albaiulia\\\/deschidere-aniversara-tiff-la-alba-iulia-dineu-cu-vecinii-de-sus-in-premiera-pe-23-iulie\\\/\"]}]},{\"@type\":\"ImageObject\",\"inLanguage\":\"ro-RO\",\"@id\":\"https:\\\/\\\/urbeamea.ro\\\/albaiulia\\\/deschidere-aniversara-tiff-la-alba-iulia-dineu-cu-vecinii-de-sus-in-premiera-pe-23-iulie\\\/#primaryimage\",\"url\":\"https:\\\/\\\/urbeamea.ro\\\/albaiulia\\\/wp-content\\\/uploads\\\/2021\\\/07\\\/Afis-Deschidere-aniversara-TIFF-la-Alba-Iulia.jpg\",\"contentUrl\":\"https:\\\/\\\/urbeamea.ro\\\/albaiulia\\\/wp-content\\\/uploads\\\/2021\\\/07\\\/Afis-Deschidere-aniversara-TIFF-la-Alba-Iulia.jpg\",\"width\":1000,\"height\":1429},{\"@type\":\"BreadcrumbList\",\"@id\":\"https:\\\/\\\/urbeamea.ro\\\/albaiulia\\\/deschidere-aniversara-tiff-la-alba-iulia-dineu-cu-vecinii-de-sus-in-premiera-pe-23-iulie\\\/#breadcrumb\",\"itemListElement\":[{\"@type\":\"ListItem\",\"position\":1,\"name\":\"Prima pagin\u0103\",\"item\":\"https:\\\/\\\/urbeamea.ro\\\/albaiulia\\\/\"},{\"@type\":\"ListItem\",\"position\":2,\"name\":\"Deschidere aniversar\u0103 TIFF la Alba Iulia \u201eDineu cu vecinii de sus\u201d, \u00een premier\u0103 pe 23 iulie\"}]},{\"@type\":\"WebSite\",\"@id\":\"https:\\\/\\\/urbeamea.ro\\\/albaiulia\\\/#website\",\"url\":\"https:\\\/\\\/urbeamea.ro\\\/albaiulia\\\/\",\"name\":\"Revista Urbea Mea, Stiri urbane\",\"description\":\"Evenimente \u0219i \u0219tiri din Alba Iulia, Sebe\u0219, Aiud, Blaj\",\"potentialAction\":[{\"@type\":\"SearchAction\",\"target\":{\"@type\":\"EntryPoint\",\"urlTemplate\":\"https:\\\/\\\/urbeamea.ro\\\/albaiulia\\\/?s={search_term_string}\"},\"query-input\":{\"@type\":\"PropertyValueSpecification\",\"valueRequired\":true,\"valueName\":\"search_term_string\"}}],\"inLanguage\":\"ro-RO\"},{\"@type\":\"Person\",\"@id\":\"https:\\\/\\\/urbeamea.ro\\\/albaiulia\\\/#\\\/schema\\\/person\\\/9700d21fae21c4f038b0b56f4506264a\",\"name\":\"Cristina Ganga\",\"image\":{\"@type\":\"ImageObject\",\"inLanguage\":\"ro-RO\",\"@id\":\"https:\\\/\\\/secure.gravatar.com\\\/avatar\\\/5a67661041f057b4a8ccaf26f5a8e86e2689372006d01faf3dd9eeb10b654bb4?s=96&d=mm&r=g\",\"url\":\"https:\\\/\\\/secure.gravatar.com\\\/avatar\\\/5a67661041f057b4a8ccaf26f5a8e86e2689372006d01faf3dd9eeb10b654bb4?s=96&d=mm&r=g\",\"contentUrl\":\"https:\\\/\\\/secure.gravatar.com\\\/avatar\\\/5a67661041f057b4a8ccaf26f5a8e86e2689372006d01faf3dd9eeb10b654bb4?s=96&d=mm&r=g\",\"caption\":\"Cristina Ganga\"},\"description\":\"Jurnalist\",\"sameAs\":[\"https:\\\/\\\/www.facebook.com\\\/cristina.nicola.587\"],\"url\":\"https:\\\/\\\/urbeamea.ro\\\/albaiulia\\\/author\\\/cristina-nicola\\\/\"}]}<\/script>\n<!-- \/ Yoast SEO plugin. -->","yoast_head_json":{"title":"Deschidere aniversar\u0103 TIFF la Alba Iulia \u201eDineu cu vecinii de sus\u201d, \u00een premier\u0103 pe 23 iulie - Revista Urbea Mea - Revista de Alba","description":"Spectatorii din Alba Iulia se vor bucura de o premier\u0103 vineri, 23 iulie 2021, c\u00e2nd filmul care deschide oficial Festivalul Interna\u021bional de Film","robots":{"index":"index","follow":"follow","max-snippet":"max-snippet:-1","max-image-preview":"max-image-preview:large","max-video-preview":"max-video-preview:-1"},"canonical":"https:\/\/urbeamea.ro\/albaiulia\/deschidere-aniversara-tiff-la-alba-iulia-dineu-cu-vecinii-de-sus-in-premiera-pe-23-iulie\/","twitter_card":"summary_large_image","twitter_title":"Deschidere aniversar\u0103 TIFF la Alba Iulia \u201eDineu cu vecinii de sus\u201d, \u00een premier\u0103 pe 23 iulie - Revista Urbea Mea - Revista de Alba","twitter_description":"Spectatorii din Alba Iulia se vor bucura de o premier\u0103 vineri, 23 iulie 2021, c\u00e2nd filmul care deschide oficial Festivalul Interna\u021bional de Film","twitter_image":"https:\/\/urbeamea.ro\/albaiulia\/wp-content\/uploads\/2021\/07\/Afis-Deschidere-aniversara-TIFF-la-Alba-Iulia.jpg","twitter_creator":"@urbeameaweb","twitter_site":"@urbeameaweb","schema":{"@context":"https:\/\/schema.org","@graph":[{"@type":"Article","@id":"https:\/\/urbeamea.ro\/albaiulia\/deschidere-aniversara-tiff-la-alba-iulia-dineu-cu-vecinii-de-sus-in-premiera-pe-23-iulie\/#article","isPartOf":{"@id":"https:\/\/urbeamea.ro\/albaiulia\/deschidere-aniversara-tiff-la-alba-iulia-dineu-cu-vecinii-de-sus-in-premiera-pe-23-iulie\/"},"author":{"name":"Cristina Ganga","@id":"https:\/\/urbeamea.ro\/albaiulia\/#\/schema\/person\/9700d21fae21c4f038b0b56f4506264a"},"headline":"Deschidere aniversar\u0103 TIFF la Alba Iulia \u201eDineu cu vecinii de sus\u201d, \u00een premier\u0103 pe 23 iulie","datePublished":"2021-07-15T10:36:44+00:00","dateModified":"2021-07-15T10:36:48+00:00","mainEntityOfPage":{"@id":"https:\/\/urbeamea.ro\/albaiulia\/deschidere-aniversara-tiff-la-alba-iulia-dineu-cu-vecinii-de-sus-in-premiera-pe-23-iulie\/"},"wordCount":354,"commentCount":1,"image":{"@id":"https:\/\/urbeamea.ro\/albaiulia\/deschidere-aniversara-tiff-la-alba-iulia-dineu-cu-vecinii-de-sus-in-premiera-pe-23-iulie\/#primaryimage"},"thumbnailUrl":"https:\/\/urbeamea.ro\/albaiulia\/wp-content\/uploads\/2021\/07\/Afis-Deschidere-aniversara-TIFF-la-Alba-Iulia.jpg","keywords":["deschidere aniversara tiff la alba iulia","dineu cu vecinii de sus","premiera","proiectii similare"],"articleSection":["Evenimente"],"inLanguage":"ro-RO","potentialAction":[{"@type":"CommentAction","name":"Comment","target":["https:\/\/urbeamea.ro\/albaiulia\/deschidere-aniversara-tiff-la-alba-iulia-dineu-cu-vecinii-de-sus-in-premiera-pe-23-iulie\/#respond"]}]},{"@type":"WebPage","@id":"https:\/\/urbeamea.ro\/albaiulia\/deschidere-aniversara-tiff-la-alba-iulia-dineu-cu-vecinii-de-sus-in-premiera-pe-23-iulie\/","url":"https:\/\/urbeamea.ro\/albaiulia\/deschidere-aniversara-tiff-la-alba-iulia-dineu-cu-vecinii-de-sus-in-premiera-pe-23-iulie\/","name":"Deschidere aniversar\u0103 TIFF la Alba Iulia \u201eDineu cu vecinii de sus\u201d, \u00een premier\u0103 pe 23 iulie - Revista Urbea Mea - Revista de Alba","isPartOf":{"@id":"https:\/\/urbeamea.ro\/albaiulia\/#website"},"primaryImageOfPage":{"@id":"https:\/\/urbeamea.ro\/albaiulia\/deschidere-aniversara-tiff-la-alba-iulia-dineu-cu-vecinii-de-sus-in-premiera-pe-23-iulie\/#primaryimage"},"image":{"@id":"https:\/\/urbeamea.ro\/albaiulia\/deschidere-aniversara-tiff-la-alba-iulia-dineu-cu-vecinii-de-sus-in-premiera-pe-23-iulie\/#primaryimage"},"thumbnailUrl":"https:\/\/urbeamea.ro\/albaiulia\/wp-content\/uploads\/2021\/07\/Afis-Deschidere-aniversara-TIFF-la-Alba-Iulia.jpg","datePublished":"2021-07-15T10:36:44+00:00","dateModified":"2021-07-15T10:36:48+00:00","author":{"@id":"https:\/\/urbeamea.ro\/albaiulia\/#\/schema\/person\/9700d21fae21c4f038b0b56f4506264a"},"description":"Spectatorii din Alba Iulia se vor bucura de o premier\u0103 vineri, 23 iulie 2021, c\u00e2nd filmul care deschide oficial Festivalul Interna\u021bional de Film","breadcrumb":{"@id":"https:\/\/urbeamea.ro\/albaiulia\/deschidere-aniversara-tiff-la-alba-iulia-dineu-cu-vecinii-de-sus-in-premiera-pe-23-iulie\/#breadcrumb"},"inLanguage":"ro-RO","potentialAction":[{"@type":"ReadAction","target":["https:\/\/urbeamea.ro\/albaiulia\/deschidere-aniversara-tiff-la-alba-iulia-dineu-cu-vecinii-de-sus-in-premiera-pe-23-iulie\/"]}]},{"@type":"ImageObject","inLanguage":"ro-RO","@id":"https:\/\/urbeamea.ro\/albaiulia\/deschidere-aniversara-tiff-la-alba-iulia-dineu-cu-vecinii-de-sus-in-premiera-pe-23-iulie\/#primaryimage","url":"https:\/\/urbeamea.ro\/albaiulia\/wp-content\/uploads\/2021\/07\/Afis-Deschidere-aniversara-TIFF-la-Alba-Iulia.jpg","contentUrl":"https:\/\/urbeamea.ro\/albaiulia\/wp-content\/uploads\/2021\/07\/Afis-Deschidere-aniversara-TIFF-la-Alba-Iulia.jpg","width":1000,"height":1429},{"@type":"BreadcrumbList","@id":"https:\/\/urbeamea.ro\/albaiulia\/deschidere-aniversara-tiff-la-alba-iulia-dineu-cu-vecinii-de-sus-in-premiera-pe-23-iulie\/#breadcrumb","itemListElement":[{"@type":"ListItem","position":1,"name":"Prima pagin\u0103","item":"https:\/\/urbeamea.ro\/albaiulia\/"},{"@type":"ListItem","position":2,"name":"Deschidere aniversar\u0103 TIFF la Alba Iulia \u201eDineu cu vecinii de sus\u201d, \u00een premier\u0103 pe 23 iulie"}]},{"@type":"WebSite","@id":"https:\/\/urbeamea.ro\/albaiulia\/#website","url":"https:\/\/urbeamea.ro\/albaiulia\/","name":"Revista Urbea Mea, Stiri urbane","description":"Evenimente \u0219i \u0219tiri din Alba Iulia, Sebe\u0219, Aiud, Blaj","potentialAction":[{"@type":"SearchAction","target":{"@type":"EntryPoint","urlTemplate":"https:\/\/urbeamea.ro\/albaiulia\/?s={search_term_string}"},"query-input":{"@type":"PropertyValueSpecification","valueRequired":true,"valueName":"search_term_string"}}],"inLanguage":"ro-RO"},{"@type":"Person","@id":"https:\/\/urbeamea.ro\/albaiulia\/#\/schema\/person\/9700d21fae21c4f038b0b56f4506264a","name":"Cristina Ganga","image":{"@type":"ImageObject","inLanguage":"ro-RO","@id":"https:\/\/secure.gravatar.com\/avatar\/5a67661041f057b4a8ccaf26f5a8e86e2689372006d01faf3dd9eeb10b654bb4?s=96&d=mm&r=g","url":"https:\/\/secure.gravatar.com\/avatar\/5a67661041f057b4a8ccaf26f5a8e86e2689372006d01faf3dd9eeb10b654bb4?s=96&d=mm&r=g","contentUrl":"https:\/\/secure.gravatar.com\/avatar\/5a67661041f057b4a8ccaf26f5a8e86e2689372006d01faf3dd9eeb10b654bb4?s=96&d=mm&r=g","caption":"Cristina Ganga"},"description":"Jurnalist","sameAs":["https:\/\/www.facebook.com\/cristina.nicola.587"],"url":"https:\/\/urbeamea.ro\/albaiulia\/author\/cristina-nicola\/"}]}},"_links":{"self":[{"href":"https:\/\/urbeamea.ro\/albaiulia\/wp-json\/wp\/v2\/posts\/96794","targetHints":{"allow":["GET"]}}],"collection":[{"href":"https:\/\/urbeamea.ro\/albaiulia\/wp-json\/wp\/v2\/posts"}],"about":[{"href":"https:\/\/urbeamea.ro\/albaiulia\/wp-json\/wp\/v2\/types\/post"}],"author":[{"embeddable":true,"href":"https:\/\/urbeamea.ro\/albaiulia\/wp-json\/wp\/v2\/users\/17"}],"replies":[{"embeddable":true,"href":"https:\/\/urbeamea.ro\/albaiulia\/wp-json\/wp\/v2\/comments?post=96794"}],"version-history":[{"count":1,"href":"https:\/\/urbeamea.ro\/albaiulia\/wp-json\/wp\/v2\/posts\/96794\/revisions"}],"predecessor-version":[{"id":96798,"href":"https:\/\/urbeamea.ro\/albaiulia\/wp-json\/wp\/v2\/posts\/96794\/revisions\/96798"}],"wp:featuredmedia":[{"embeddable":true,"href":"https:\/\/urbeamea.ro\/albaiulia\/wp-json\/wp\/v2\/media\/96797"}],"wp:attachment":[{"href":"https:\/\/urbeamea.ro\/albaiulia\/wp-json\/wp\/v2\/media?parent=96794"}],"wp:term":[{"taxonomy":"category","embeddable":true,"href":"https:\/\/urbeamea.ro\/albaiulia\/wp-json\/wp\/v2\/categories?post=96794"},{"taxonomy":"post_tag","embeddable":true,"href":"https:\/\/urbeamea.ro\/albaiulia\/wp-json\/wp\/v2\/tags?post=96794"}],"curies":[{"name":"wp","href":"https:\/\/api.w.org\/{rel}","templated":true}]}}