{"id":96918,"date":"2021-07-21T08:40:54","date_gmt":"2021-07-21T05:40:54","guid":{"rendered":"https:\/\/urbeamea.ro\/albaiulia\/?p=96918"},"modified":"2021-07-21T08:40:58","modified_gmt":"2021-07-21T05:40:58","slug":"crucea-rosie-romana-filiala-alba-a-desfasurat-faza-judeteana-a-concursului-sanitarii-priceputi","status":"publish","type":"post","link":"https:\/\/urbeamea.ro\/albaiulia\/crucea-rosie-romana-filiala-alba-a-desfasurat-faza-judeteana-a-concursului-sanitarii-priceputi\/","title":{"rendered":"Crucea Ro\u0219ie Rom\u00e2n\u0103 Filiala Alba a desf\u0103\u0219urat faza jude\u021bean\u0103 a concursului Sanitarii Pricepu\u021bi"},"content":{"rendered":"\n<h2 class=\"wp-block-heading\">Crucea Ro\u0219ie Rom\u00e2n\u0103 Filiala Alba a desf\u0103\u0219urat \u00een data de 16 iulie 2021 Faza Jude\u021bean\u0103 a concursului pentru s\u0103n\u0103tate \u0219i prim ajutor \u201dSanitarii Pricepu\u021bi\u201d, la sediul organiza\u021biei noastre din Alba Iulia.<\/h2>\n\n\n\n<p>Concursul a atras participarea unui num\u0103r de 24 de copii de \u0219coli generale \u0219i licee din Jude\u021bul Alba. Preciz\u0103m c\u0103 num\u0103rul este de zece ori mai mic dec\u00e2t \u00een anii anteriori, ca urmare a desf\u0103\u0219ur\u0103rii concursului \u00een context de pandemie.<\/p>\n\n\n\n<p>\u00cen urma derul\u0103rii probelor teoretic\u0103 \u0219i practic\u0103, clasamentul arat\u0103 \u00een felul urm\u0103tor:<\/p>\n\n\n\n<p>Categoria Liceu<br>Locul 1: Liceul Teoretic \u201dPetru Maior\u201d Ocna Mure\u0219, \u00eendrum\u0103tor prof. Hosu Mihaiela<br>Locul 2: Liceul \u201dDr. Laz\u0103r Chiril\u0103\u201d Baia de Arie\u0219, \u00eendrum\u0103tor prof. P\u00e2r\u021bil\u0103 Doriana<br>Locul 3: Liceul Tehnologic \u201d\u0218tefan Manciulea\u201d Blaj, \u00eendrum\u0103or prof. Goji Gyozo<\/p>\n\n\n\n<p>Categoria Gimnaziu<br>Locul 1: Liceul \u201dDr. Laz\u0103r Chiril\u0103\u201d Baia de Arie\u0219, \u00eendrum\u0103tor prof. P\u00e2r\u021bil\u0103 Doriana<\/p>\n\n\n\n<p>Copiii au fost premia\u0163i cu produse igienico-sanitare, dulciuri, rechizite, brelocuri, diplome \u0219i trofee, toate produsele fiind achizi\u021bionate din fonduri proprii.<\/p>\n\n\n\n<p>\u00cen anul acesta, c\u00e2\u0219tig\u0103torii locurilor 1 at\u00e2t de la categoria Liceu c\u00e2t \u0219i Gimnaziu, vor participa la Faza na\u021bional\u0103 care se va derula \u00een regim special, on-line, pe regiuni, pentru a respecta condi\u021biile pandemiei.<\/p>\n\n\n\n<p>\u00cen calitate de organizatori ai acestui concurs de aproximtiv 60 ani, avem o deosebit\u0103 apreciere pentru to\u0163i copiii participan\u0163i \u015fi cadrele didactice \u00eendrum\u0103toare, ale c\u0103ror eforturi au fost eviden\u0163iate prin rezultatele ob\u0163inute.<\/p>\n\n\n\n<figure class=\"wp-block-gallery columns-3 is-cropped wp-block-gallery-1 is-layout-flex wp-block-gallery-is-layout-flex\"><ul class=\"blocks-gallery-grid\"><li class=\"blocks-gallery-item\"><figure><a href=\"https:\/\/urbeamea.ro\/albaiulia\/wp-content\/uploads\/2021\/07\/20210716_135642.jpg\"><img loading=\"lazy\" decoding=\"async\" width=\"900\" height=\"1280\" src=\"https:\/\/urbeamea.ro\/albaiulia\/wp-content\/uploads\/2021\/07\/20210716_135642-900x1280.jpg\" alt=\"\" data-id=\"96919\" data-full-url=\"https:\/\/urbeamea.ro\/albaiulia\/wp-content\/uploads\/2021\/07\/20210716_135642.jpg\" data-link=\"https:\/\/urbeamea.ro\/albaiulia\/?attachment_id=96919\" class=\"wp-image-96919\" srcset=\"https:\/\/urbeamea.ro\/albaiulia\/wp-content\/uploads\/2021\/07\/20210716_135642-900x1280.jpg 900w, https:\/\/urbeamea.ro\/albaiulia\/wp-content\/uploads\/2021\/07\/20210716_135642-450x640.jpg 450w, https:\/\/urbeamea.ro\/albaiulia\/wp-content\/uploads\/2021\/07\/20210716_135642-105x150.jpg 105w, https:\/\/urbeamea.ro\/albaiulia\/wp-content\/uploads\/2021\/07\/20210716_135642-768x1092.jpg 768w, https:\/\/urbeamea.ro\/albaiulia\/wp-content\/uploads\/2021\/07\/20210716_135642-1080x1536.jpg 1080w, https:\/\/urbeamea.ro\/albaiulia\/wp-content\/uploads\/2021\/07\/20210716_135642.jpg 1125w\" sizes=\"auto, (max-width: 900px) 100vw, 900px\" \/><\/a><\/figure><\/li><li class=\"blocks-gallery-item\"><figure><a href=\"https:\/\/urbeamea.ro\/albaiulia\/wp-content\/uploads\/2021\/07\/PHOTO-2021-07-20-17-28-41.jpg\"><img loading=\"lazy\" decoding=\"async\" width=\"960\" height=\"1280\" src=\"https:\/\/urbeamea.ro\/albaiulia\/wp-content\/uploads\/2021\/07\/PHOTO-2021-07-20-17-28-41-960x1280.jpg\" alt=\"\" data-id=\"96920\" data-full-url=\"https:\/\/urbeamea.ro\/albaiulia\/wp-content\/uploads\/2021\/07\/PHOTO-2021-07-20-17-28-41.jpg\" data-link=\"https:\/\/urbeamea.ro\/albaiulia\/?attachment_id=96920\" class=\"wp-image-96920\" srcset=\"https:\/\/urbeamea.ro\/albaiulia\/wp-content\/uploads\/2021\/07\/PHOTO-2021-07-20-17-28-41-960x1280.jpg 960w, https:\/\/urbeamea.ro\/albaiulia\/wp-content\/uploads\/2021\/07\/PHOTO-2021-07-20-17-28-41-480x640.jpg 480w, https:\/\/urbeamea.ro\/albaiulia\/wp-content\/uploads\/2021\/07\/PHOTO-2021-07-20-17-28-41-113x150.jpg 113w, https:\/\/urbeamea.ro\/albaiulia\/wp-content\/uploads\/2021\/07\/PHOTO-2021-07-20-17-28-41-768x1024.jpg 768w, https:\/\/urbeamea.ro\/albaiulia\/wp-content\/uploads\/2021\/07\/PHOTO-2021-07-20-17-28-41-1152x1536.jpg 1152w, https:\/\/urbeamea.ro\/albaiulia\/wp-content\/uploads\/2021\/07\/PHOTO-2021-07-20-17-28-41.jpg 1512w\" sizes=\"auto, (max-width: 960px) 100vw, 960px\" \/><\/a><\/figure><\/li><li class=\"blocks-gallery-item\"><figure><a href=\"https:\/\/urbeamea.ro\/albaiulia\/wp-content\/uploads\/2021\/07\/PHOTO-2021-07-20-17-28-43_6.jpg\"><img loading=\"lazy\" decoding=\"async\" width=\"720\" height=\"1280\" src=\"https:\/\/urbeamea.ro\/albaiulia\/wp-content\/uploads\/2021\/07\/PHOTO-2021-07-20-17-28-43_6-720x1280.jpg\" alt=\"\" data-id=\"96921\" data-full-url=\"https:\/\/urbeamea.ro\/albaiulia\/wp-content\/uploads\/2021\/07\/PHOTO-2021-07-20-17-28-43_6.jpg\" data-link=\"https:\/\/urbeamea.ro\/albaiulia\/?attachment_id=96921\" class=\"wp-image-96921\" srcset=\"https:\/\/urbeamea.ro\/albaiulia\/wp-content\/uploads\/2021\/07\/PHOTO-2021-07-20-17-28-43_6-720x1280.jpg 720w, https:\/\/urbeamea.ro\/albaiulia\/wp-content\/uploads\/2021\/07\/PHOTO-2021-07-20-17-28-43_6-360x640.jpg 360w, https:\/\/urbeamea.ro\/albaiulia\/wp-content\/uploads\/2021\/07\/PHOTO-2021-07-20-17-28-43_6-84x150.jpg 84w, https:\/\/urbeamea.ro\/albaiulia\/wp-content\/uploads\/2021\/07\/PHOTO-2021-07-20-17-28-43_6-768x1365.jpg 768w, https:\/\/urbeamea.ro\/albaiulia\/wp-content\/uploads\/2021\/07\/PHOTO-2021-07-20-17-28-43_6-864x1536.jpg 864w, https:\/\/urbeamea.ro\/albaiulia\/wp-content\/uploads\/2021\/07\/PHOTO-2021-07-20-17-28-43_6.jpg 1134w\" sizes=\"auto, (max-width: 720px) 100vw, 720px\" \/><\/a><\/figure><\/li><li class=\"blocks-gallery-item\"><figure><a href=\"https:\/\/urbeamea.ro\/albaiulia\/wp-content\/uploads\/2021\/07\/PHOTO-2021-07-20-17-28-44_1.jpg\"><img loading=\"lazy\" decoding=\"async\" width=\"720\" height=\"1280\" src=\"https:\/\/urbeamea.ro\/albaiulia\/wp-content\/uploads\/2021\/07\/PHOTO-2021-07-20-17-28-44_1-720x1280.jpg\" alt=\"\" data-id=\"96922\" data-full-url=\"https:\/\/urbeamea.ro\/albaiulia\/wp-content\/uploads\/2021\/07\/PHOTO-2021-07-20-17-28-44_1.jpg\" data-link=\"https:\/\/urbeamea.ro\/albaiulia\/?attachment_id=96922\" class=\"wp-image-96922\" srcset=\"https:\/\/urbeamea.ro\/albaiulia\/wp-content\/uploads\/2021\/07\/PHOTO-2021-07-20-17-28-44_1-720x1280.jpg 720w, https:\/\/urbeamea.ro\/albaiulia\/wp-content\/uploads\/2021\/07\/PHOTO-2021-07-20-17-28-44_1-360x640.jpg 360w, https:\/\/urbeamea.ro\/albaiulia\/wp-content\/uploads\/2021\/07\/PHOTO-2021-07-20-17-28-44_1-84x150.jpg 84w, https:\/\/urbeamea.ro\/albaiulia\/wp-content\/uploads\/2021\/07\/PHOTO-2021-07-20-17-28-44_1-768x1365.jpg 768w, https:\/\/urbeamea.ro\/albaiulia\/wp-content\/uploads\/2021\/07\/PHOTO-2021-07-20-17-28-44_1-864x1536.jpg 864w, https:\/\/urbeamea.ro\/albaiulia\/wp-content\/uploads\/2021\/07\/PHOTO-2021-07-20-17-28-44_1.jpg 1134w\" sizes=\"auto, (max-width: 720px) 100vw, 720px\" \/><\/a><\/figure><\/li><\/ul><\/figure>\n","protected":false},"excerpt":{"rendered":"<p>Crucea Ro\u0219ie Rom\u00e2n\u0103 Filiala Alba a desf\u0103\u0219urat \u00een data de 16 iulie 2021 Faza Jude\u021bean\u0103 a concursului pentru s\u0103n\u0103tate \u0219i prim ajutor \u201dSanitarii Pricepu\u021bi\u201d, la sediul organiza\u021biei noastre din Alba Iulia. Concursul a atras participarea unui num\u0103r de 24 de copii de \u0219coli generale \u0219i licee din Jude\u021bul Alba. Preciz\u0103m c\u0103 num\u0103rul este de zece &hellip;<\/p>\n","protected":false},"author":17,"featured_media":96921,"comment_status":"open","ping_status":"open","sticky":false,"template":"","format":"standard","meta":{"inline_featured_image":false,"footnotes":""},"categories":[2034],"tags":[10802,23326,11381,23327],"class_list":["post-96918","post","type-post","status-publish","format-standard","has-post-thumbnail","hentry","category-social","tag-crucea-rosie-romana-filiala-alba","tag-faza-judeteana-a-concursului","tag-sanitarii-priceputi","tag-scoli-generale-si-licee"],"yoast_head":"<!-- This site is optimized with the Yoast SEO plugin v27.4 - https:\/\/yoast.com\/product\/yoast-seo-wordpress\/ -->\n<title>Crucea Ro\u0219ie Rom\u00e2n\u0103 Filiala Alba a desf\u0103\u0219urat faza jude\u021bean\u0103 a concursului Sanitarii Pricepu\u021bi - Revista Urbea Mea - Revista de Alba<\/title>\n<meta name=\"description\" content=\"Crucea Ro\u0219ie Rom\u00e2n\u0103 Filiala Alba a desf\u0103\u0219urat \u00een data de 16 iulie 2021 Faza Jude\u021bean\u0103 a concursului pentru s\u0103n\u0103tate \u0219i prim ajutor \u201dSanitarii Pricepu\u021bi\u201d,\" \/>\n<meta name=\"robots\" content=\"index, follow, max-snippet:-1, max-image-preview:large, max-video-preview:-1\" \/>\n<link rel=\"canonical\" href=\"https:\/\/urbeamea.ro\/albaiulia\/crucea-rosie-romana-filiala-alba-a-desfasurat-faza-judeteana-a-concursului-sanitarii-priceputi\/\" \/>\n<meta name=\"twitter:card\" content=\"summary_large_image\" \/>\n<meta name=\"twitter:title\" content=\"Crucea Ro\u0219ie Rom\u00e2n\u0103 Filiala Alba a desf\u0103\u0219urat faza jude\u021bean\u0103 a concursului Sanitarii Pricepu\u021bi - Revista Urbea Mea - Revista de Alba\" \/>\n<meta name=\"twitter:description\" content=\"Crucea Ro\u0219ie Rom\u00e2n\u0103 Filiala Alba a desf\u0103\u0219urat \u00een data de 16 iulie 2021 Faza Jude\u021bean\u0103 a concursului pentru s\u0103n\u0103tate \u0219i prim ajutor \u201dSanitarii Pricepu\u021bi\u201d,\" \/>\n<meta name=\"twitter:image\" content=\"https:\/\/urbeamea.ro\/albaiulia\/wp-content\/uploads\/2021\/07\/PHOTO-2021-07-20-17-28-43_6.jpg\" \/>\n<meta name=\"twitter:creator\" content=\"@urbeameaweb\" \/>\n<meta name=\"twitter:site\" content=\"@urbeameaweb\" \/>\n<script type=\"application\/ld+json\" class=\"yoast-schema-graph\">{\"@context\":\"https:\\\/\\\/schema.org\",\"@graph\":[{\"@type\":\"Article\",\"@id\":\"https:\\\/\\\/urbeamea.ro\\\/albaiulia\\\/crucea-rosie-romana-filiala-alba-a-desfasurat-faza-judeteana-a-concursului-sanitarii-priceputi\\\/#article\",\"isPartOf\":{\"@id\":\"https:\\\/\\\/urbeamea.ro\\\/albaiulia\\\/crucea-rosie-romana-filiala-alba-a-desfasurat-faza-judeteana-a-concursului-sanitarii-priceputi\\\/\"},\"author\":{\"name\":\"Cristina Ganga\",\"@id\":\"https:\\\/\\\/urbeamea.ro\\\/albaiulia\\\/#\\\/schema\\\/person\\\/9700d21fae21c4f038b0b56f4506264a\"},\"headline\":\"Crucea Ro\u0219ie Rom\u00e2n\u0103 Filiala Alba a desf\u0103\u0219urat faza jude\u021bean\u0103 a concursului Sanitarii Pricepu\u021bi\",\"datePublished\":\"2021-07-21T05:40:54+00:00\",\"dateModified\":\"2021-07-21T05:40:58+00:00\",\"mainEntityOfPage\":{\"@id\":\"https:\\\/\\\/urbeamea.ro\\\/albaiulia\\\/crucea-rosie-romana-filiala-alba-a-desfasurat-faza-judeteana-a-concursului-sanitarii-priceputi\\\/\"},\"wordCount\":268,\"commentCount\":0,\"image\":{\"@id\":\"https:\\\/\\\/urbeamea.ro\\\/albaiulia\\\/crucea-rosie-romana-filiala-alba-a-desfasurat-faza-judeteana-a-concursului-sanitarii-priceputi\\\/#primaryimage\"},\"thumbnailUrl\":\"https:\\\/\\\/urbeamea.ro\\\/albaiulia\\\/wp-content\\\/uploads\\\/2021\\\/07\\\/PHOTO-2021-07-20-17-28-43_6.jpg\",\"keywords\":[\"crucea rosie romana filiala alba\",\"faza judeteana a concursului\",\"sanitarii priceputi\",\"scoli generale si licee\"],\"articleSection\":[\"Social\"],\"inLanguage\":\"ro-RO\",\"potentialAction\":[{\"@type\":\"CommentAction\",\"name\":\"Comment\",\"target\":[\"https:\\\/\\\/urbeamea.ro\\\/albaiulia\\\/crucea-rosie-romana-filiala-alba-a-desfasurat-faza-judeteana-a-concursului-sanitarii-priceputi\\\/#respond\"]}]},{\"@type\":\"WebPage\",\"@id\":\"https:\\\/\\\/urbeamea.ro\\\/albaiulia\\\/crucea-rosie-romana-filiala-alba-a-desfasurat-faza-judeteana-a-concursului-sanitarii-priceputi\\\/\",\"url\":\"https:\\\/\\\/urbeamea.ro\\\/albaiulia\\\/crucea-rosie-romana-filiala-alba-a-desfasurat-faza-judeteana-a-concursului-sanitarii-priceputi\\\/\",\"name\":\"Crucea Ro\u0219ie Rom\u00e2n\u0103 Filiala Alba a desf\u0103\u0219urat faza jude\u021bean\u0103 a concursului Sanitarii Pricepu\u021bi - Revista Urbea Mea - Revista de Alba\",\"isPartOf\":{\"@id\":\"https:\\\/\\\/urbeamea.ro\\\/albaiulia\\\/#website\"},\"primaryImageOfPage\":{\"@id\":\"https:\\\/\\\/urbeamea.ro\\\/albaiulia\\\/crucea-rosie-romana-filiala-alba-a-desfasurat-faza-judeteana-a-concursului-sanitarii-priceputi\\\/#primaryimage\"},\"image\":{\"@id\":\"https:\\\/\\\/urbeamea.ro\\\/albaiulia\\\/crucea-rosie-romana-filiala-alba-a-desfasurat-faza-judeteana-a-concursului-sanitarii-priceputi\\\/#primaryimage\"},\"thumbnailUrl\":\"https:\\\/\\\/urbeamea.ro\\\/albaiulia\\\/wp-content\\\/uploads\\\/2021\\\/07\\\/PHOTO-2021-07-20-17-28-43_6.jpg\",\"datePublished\":\"2021-07-21T05:40:54+00:00\",\"dateModified\":\"2021-07-21T05:40:58+00:00\",\"author\":{\"@id\":\"https:\\\/\\\/urbeamea.ro\\\/albaiulia\\\/#\\\/schema\\\/person\\\/9700d21fae21c4f038b0b56f4506264a\"},\"description\":\"Crucea Ro\u0219ie Rom\u00e2n\u0103 Filiala Alba a desf\u0103\u0219urat \u00een data de 16 iulie 2021 Faza Jude\u021bean\u0103 a concursului pentru s\u0103n\u0103tate \u0219i prim ajutor \u201dSanitarii Pricepu\u021bi\u201d,\",\"breadcrumb\":{\"@id\":\"https:\\\/\\\/urbeamea.ro\\\/albaiulia\\\/crucea-rosie-romana-filiala-alba-a-desfasurat-faza-judeteana-a-concursului-sanitarii-priceputi\\\/#breadcrumb\"},\"inLanguage\":\"ro-RO\",\"potentialAction\":[{\"@type\":\"ReadAction\",\"target\":[\"https:\\\/\\\/urbeamea.ro\\\/albaiulia\\\/crucea-rosie-romana-filiala-alba-a-desfasurat-faza-judeteana-a-concursului-sanitarii-priceputi\\\/\"]}]},{\"@type\":\"ImageObject\",\"inLanguage\":\"ro-RO\",\"@id\":\"https:\\\/\\\/urbeamea.ro\\\/albaiulia\\\/crucea-rosie-romana-filiala-alba-a-desfasurat-faza-judeteana-a-concursului-sanitarii-priceputi\\\/#primaryimage\",\"url\":\"https:\\\/\\\/urbeamea.ro\\\/albaiulia\\\/wp-content\\\/uploads\\\/2021\\\/07\\\/PHOTO-2021-07-20-17-28-43_6.jpg\",\"contentUrl\":\"https:\\\/\\\/urbeamea.ro\\\/albaiulia\\\/wp-content\\\/uploads\\\/2021\\\/07\\\/PHOTO-2021-07-20-17-28-43_6.jpg\",\"width\":1134,\"height\":2016},{\"@type\":\"BreadcrumbList\",\"@id\":\"https:\\\/\\\/urbeamea.ro\\\/albaiulia\\\/crucea-rosie-romana-filiala-alba-a-desfasurat-faza-judeteana-a-concursului-sanitarii-priceputi\\\/#breadcrumb\",\"itemListElement\":[{\"@type\":\"ListItem\",\"position\":1,\"name\":\"Prima pagin\u0103\",\"item\":\"https:\\\/\\\/urbeamea.ro\\\/albaiulia\\\/\"},{\"@type\":\"ListItem\",\"position\":2,\"name\":\"Crucea Ro\u0219ie Rom\u00e2n\u0103 Filiala Alba a desf\u0103\u0219urat faza jude\u021bean\u0103 a concursului Sanitarii Pricepu\u021bi\"}]},{\"@type\":\"WebSite\",\"@id\":\"https:\\\/\\\/urbeamea.ro\\\/albaiulia\\\/#website\",\"url\":\"https:\\\/\\\/urbeamea.ro\\\/albaiulia\\\/\",\"name\":\"Revista Urbea Mea, Stiri urbane\",\"description\":\"Evenimente \u0219i \u0219tiri din Alba Iulia, Sebe\u0219, Aiud, Blaj\",\"potentialAction\":[{\"@type\":\"SearchAction\",\"target\":{\"@type\":\"EntryPoint\",\"urlTemplate\":\"https:\\\/\\\/urbeamea.ro\\\/albaiulia\\\/?s={search_term_string}\"},\"query-input\":{\"@type\":\"PropertyValueSpecification\",\"valueRequired\":true,\"valueName\":\"search_term_string\"}}],\"inLanguage\":\"ro-RO\"},{\"@type\":\"Person\",\"@id\":\"https:\\\/\\\/urbeamea.ro\\\/albaiulia\\\/#\\\/schema\\\/person\\\/9700d21fae21c4f038b0b56f4506264a\",\"name\":\"Cristina Ganga\",\"image\":{\"@type\":\"ImageObject\",\"inLanguage\":\"ro-RO\",\"@id\":\"https:\\\/\\\/secure.gravatar.com\\\/avatar\\\/5a67661041f057b4a8ccaf26f5a8e86e2689372006d01faf3dd9eeb10b654bb4?s=96&d=mm&r=g\",\"url\":\"https:\\\/\\\/secure.gravatar.com\\\/avatar\\\/5a67661041f057b4a8ccaf26f5a8e86e2689372006d01faf3dd9eeb10b654bb4?s=96&d=mm&r=g\",\"contentUrl\":\"https:\\\/\\\/secure.gravatar.com\\\/avatar\\\/5a67661041f057b4a8ccaf26f5a8e86e2689372006d01faf3dd9eeb10b654bb4?s=96&d=mm&r=g\",\"caption\":\"Cristina Ganga\"},\"description\":\"Jurnalist\",\"sameAs\":[\"https:\\\/\\\/www.facebook.com\\\/cristina.nicola.587\"],\"url\":\"https:\\\/\\\/urbeamea.ro\\\/albaiulia\\\/author\\\/cristina-nicola\\\/\"}]}<\/script>\n<!-- \/ Yoast SEO plugin. -->","yoast_head_json":{"title":"Crucea Ro\u0219ie Rom\u00e2n\u0103 Filiala Alba a desf\u0103\u0219urat faza jude\u021bean\u0103 a concursului Sanitarii Pricepu\u021bi - Revista Urbea Mea - Revista de Alba","description":"Crucea Ro\u0219ie Rom\u00e2n\u0103 Filiala Alba a desf\u0103\u0219urat \u00een data de 16 iulie 2021 Faza Jude\u021bean\u0103 a concursului pentru s\u0103n\u0103tate \u0219i prim ajutor \u201dSanitarii Pricepu\u021bi\u201d,","robots":{"index":"index","follow":"follow","max-snippet":"max-snippet:-1","max-image-preview":"max-image-preview:large","max-video-preview":"max-video-preview:-1"},"canonical":"https:\/\/urbeamea.ro\/albaiulia\/crucea-rosie-romana-filiala-alba-a-desfasurat-faza-judeteana-a-concursului-sanitarii-priceputi\/","twitter_card":"summary_large_image","twitter_title":"Crucea Ro\u0219ie Rom\u00e2n\u0103 Filiala Alba a desf\u0103\u0219urat faza jude\u021bean\u0103 a concursului Sanitarii Pricepu\u021bi - Revista Urbea Mea - Revista de Alba","twitter_description":"Crucea Ro\u0219ie Rom\u00e2n\u0103 Filiala Alba a desf\u0103\u0219urat \u00een data de 16 iulie 2021 Faza Jude\u021bean\u0103 a concursului pentru s\u0103n\u0103tate \u0219i prim ajutor \u201dSanitarii Pricepu\u021bi\u201d,","twitter_image":"https:\/\/urbeamea.ro\/albaiulia\/wp-content\/uploads\/2021\/07\/PHOTO-2021-07-20-17-28-43_6.jpg","twitter_creator":"@urbeameaweb","twitter_site":"@urbeameaweb","schema":{"@context":"https:\/\/schema.org","@graph":[{"@type":"Article","@id":"https:\/\/urbeamea.ro\/albaiulia\/crucea-rosie-romana-filiala-alba-a-desfasurat-faza-judeteana-a-concursului-sanitarii-priceputi\/#article","isPartOf":{"@id":"https:\/\/urbeamea.ro\/albaiulia\/crucea-rosie-romana-filiala-alba-a-desfasurat-faza-judeteana-a-concursului-sanitarii-priceputi\/"},"author":{"name":"Cristina Ganga","@id":"https:\/\/urbeamea.ro\/albaiulia\/#\/schema\/person\/9700d21fae21c4f038b0b56f4506264a"},"headline":"Crucea Ro\u0219ie Rom\u00e2n\u0103 Filiala Alba a desf\u0103\u0219urat faza jude\u021bean\u0103 a concursului Sanitarii Pricepu\u021bi","datePublished":"2021-07-21T05:40:54+00:00","dateModified":"2021-07-21T05:40:58+00:00","mainEntityOfPage":{"@id":"https:\/\/urbeamea.ro\/albaiulia\/crucea-rosie-romana-filiala-alba-a-desfasurat-faza-judeteana-a-concursului-sanitarii-priceputi\/"},"wordCount":268,"commentCount":0,"image":{"@id":"https:\/\/urbeamea.ro\/albaiulia\/crucea-rosie-romana-filiala-alba-a-desfasurat-faza-judeteana-a-concursului-sanitarii-priceputi\/#primaryimage"},"thumbnailUrl":"https:\/\/urbeamea.ro\/albaiulia\/wp-content\/uploads\/2021\/07\/PHOTO-2021-07-20-17-28-43_6.jpg","keywords":["crucea rosie romana filiala alba","faza judeteana a concursului","sanitarii priceputi","scoli generale si licee"],"articleSection":["Social"],"inLanguage":"ro-RO","potentialAction":[{"@type":"CommentAction","name":"Comment","target":["https:\/\/urbeamea.ro\/albaiulia\/crucea-rosie-romana-filiala-alba-a-desfasurat-faza-judeteana-a-concursului-sanitarii-priceputi\/#respond"]}]},{"@type":"WebPage","@id":"https:\/\/urbeamea.ro\/albaiulia\/crucea-rosie-romana-filiala-alba-a-desfasurat-faza-judeteana-a-concursului-sanitarii-priceputi\/","url":"https:\/\/urbeamea.ro\/albaiulia\/crucea-rosie-romana-filiala-alba-a-desfasurat-faza-judeteana-a-concursului-sanitarii-priceputi\/","name":"Crucea Ro\u0219ie Rom\u00e2n\u0103 Filiala Alba a desf\u0103\u0219urat faza jude\u021bean\u0103 a concursului Sanitarii Pricepu\u021bi - Revista Urbea Mea - Revista de Alba","isPartOf":{"@id":"https:\/\/urbeamea.ro\/albaiulia\/#website"},"primaryImageOfPage":{"@id":"https:\/\/urbeamea.ro\/albaiulia\/crucea-rosie-romana-filiala-alba-a-desfasurat-faza-judeteana-a-concursului-sanitarii-priceputi\/#primaryimage"},"image":{"@id":"https:\/\/urbeamea.ro\/albaiulia\/crucea-rosie-romana-filiala-alba-a-desfasurat-faza-judeteana-a-concursului-sanitarii-priceputi\/#primaryimage"},"thumbnailUrl":"https:\/\/urbeamea.ro\/albaiulia\/wp-content\/uploads\/2021\/07\/PHOTO-2021-07-20-17-28-43_6.jpg","datePublished":"2021-07-21T05:40:54+00:00","dateModified":"2021-07-21T05:40:58+00:00","author":{"@id":"https:\/\/urbeamea.ro\/albaiulia\/#\/schema\/person\/9700d21fae21c4f038b0b56f4506264a"},"description":"Crucea Ro\u0219ie Rom\u00e2n\u0103 Filiala Alba a desf\u0103\u0219urat \u00een data de 16 iulie 2021 Faza Jude\u021bean\u0103 a concursului pentru s\u0103n\u0103tate \u0219i prim ajutor \u201dSanitarii Pricepu\u021bi\u201d,","breadcrumb":{"@id":"https:\/\/urbeamea.ro\/albaiulia\/crucea-rosie-romana-filiala-alba-a-desfasurat-faza-judeteana-a-concursului-sanitarii-priceputi\/#breadcrumb"},"inLanguage":"ro-RO","potentialAction":[{"@type":"ReadAction","target":["https:\/\/urbeamea.ro\/albaiulia\/crucea-rosie-romana-filiala-alba-a-desfasurat-faza-judeteana-a-concursului-sanitarii-priceputi\/"]}]},{"@type":"ImageObject","inLanguage":"ro-RO","@id":"https:\/\/urbeamea.ro\/albaiulia\/crucea-rosie-romana-filiala-alba-a-desfasurat-faza-judeteana-a-concursului-sanitarii-priceputi\/#primaryimage","url":"https:\/\/urbeamea.ro\/albaiulia\/wp-content\/uploads\/2021\/07\/PHOTO-2021-07-20-17-28-43_6.jpg","contentUrl":"https:\/\/urbeamea.ro\/albaiulia\/wp-content\/uploads\/2021\/07\/PHOTO-2021-07-20-17-28-43_6.jpg","width":1134,"height":2016},{"@type":"BreadcrumbList","@id":"https:\/\/urbeamea.ro\/albaiulia\/crucea-rosie-romana-filiala-alba-a-desfasurat-faza-judeteana-a-concursului-sanitarii-priceputi\/#breadcrumb","itemListElement":[{"@type":"ListItem","position":1,"name":"Prima pagin\u0103","item":"https:\/\/urbeamea.ro\/albaiulia\/"},{"@type":"ListItem","position":2,"name":"Crucea Ro\u0219ie Rom\u00e2n\u0103 Filiala Alba a desf\u0103\u0219urat faza jude\u021bean\u0103 a concursului Sanitarii Pricepu\u021bi"}]},{"@type":"WebSite","@id":"https:\/\/urbeamea.ro\/albaiulia\/#website","url":"https:\/\/urbeamea.ro\/albaiulia\/","name":"Revista Urbea Mea, Stiri urbane","description":"Evenimente \u0219i \u0219tiri din Alba Iulia, Sebe\u0219, Aiud, Blaj","potentialAction":[{"@type":"SearchAction","target":{"@type":"EntryPoint","urlTemplate":"https:\/\/urbeamea.ro\/albaiulia\/?s={search_term_string}"},"query-input":{"@type":"PropertyValueSpecification","valueRequired":true,"valueName":"search_term_string"}}],"inLanguage":"ro-RO"},{"@type":"Person","@id":"https:\/\/urbeamea.ro\/albaiulia\/#\/schema\/person\/9700d21fae21c4f038b0b56f4506264a","name":"Cristina Ganga","image":{"@type":"ImageObject","inLanguage":"ro-RO","@id":"https:\/\/secure.gravatar.com\/avatar\/5a67661041f057b4a8ccaf26f5a8e86e2689372006d01faf3dd9eeb10b654bb4?s=96&d=mm&r=g","url":"https:\/\/secure.gravatar.com\/avatar\/5a67661041f057b4a8ccaf26f5a8e86e2689372006d01faf3dd9eeb10b654bb4?s=96&d=mm&r=g","contentUrl":"https:\/\/secure.gravatar.com\/avatar\/5a67661041f057b4a8ccaf26f5a8e86e2689372006d01faf3dd9eeb10b654bb4?s=96&d=mm&r=g","caption":"Cristina Ganga"},"description":"Jurnalist","sameAs":["https:\/\/www.facebook.com\/cristina.nicola.587"],"url":"https:\/\/urbeamea.ro\/albaiulia\/author\/cristina-nicola\/"}]}},"_links":{"self":[{"href":"https:\/\/urbeamea.ro\/albaiulia\/wp-json\/wp\/v2\/posts\/96918","targetHints":{"allow":["GET"]}}],"collection":[{"href":"https:\/\/urbeamea.ro\/albaiulia\/wp-json\/wp\/v2\/posts"}],"about":[{"href":"https:\/\/urbeamea.ro\/albaiulia\/wp-json\/wp\/v2\/types\/post"}],"author":[{"embeddable":true,"href":"https:\/\/urbeamea.ro\/albaiulia\/wp-json\/wp\/v2\/users\/17"}],"replies":[{"embeddable":true,"href":"https:\/\/urbeamea.ro\/albaiulia\/wp-json\/wp\/v2\/comments?post=96918"}],"version-history":[{"count":1,"href":"https:\/\/urbeamea.ro\/albaiulia\/wp-json\/wp\/v2\/posts\/96918\/revisions"}],"predecessor-version":[{"id":96923,"href":"https:\/\/urbeamea.ro\/albaiulia\/wp-json\/wp\/v2\/posts\/96918\/revisions\/96923"}],"wp:featuredmedia":[{"embeddable":true,"href":"https:\/\/urbeamea.ro\/albaiulia\/wp-json\/wp\/v2\/media\/96921"}],"wp:attachment":[{"href":"https:\/\/urbeamea.ro\/albaiulia\/wp-json\/wp\/v2\/media?parent=96918"}],"wp:term":[{"taxonomy":"category","embeddable":true,"href":"https:\/\/urbeamea.ro\/albaiulia\/wp-json\/wp\/v2\/categories?post=96918"},{"taxonomy":"post_tag","embeddable":true,"href":"https:\/\/urbeamea.ro\/albaiulia\/wp-json\/wp\/v2\/tags?post=96918"}],"curies":[{"name":"wp","href":"https:\/\/api.w.org\/{rel}","templated":true}]}}