{"id":96935,"date":"2021-07-23T08:40:13","date_gmt":"2021-07-23T05:40:13","guid":{"rendered":"https:\/\/urbeamea.ro\/albaiulia\/?p=96935"},"modified":"2021-07-23T08:40:16","modified_gmt":"2021-07-23T05:40:16","slug":"sebes-in-august-vor-incepe-lucrarile-pentru-amenajarea-cresei-si-gradinitei-din-cartierul-valea-frumoasei-in-locul-vechii-centrale-termice","status":"publish","type":"post","link":"https:\/\/urbeamea.ro\/albaiulia\/sebes-in-august-vor-incepe-lucrarile-pentru-amenajarea-cresei-si-gradinitei-din-cartierul-valea-frumoasei-in-locul-vechii-centrale-termice\/","title":{"rendered":"Sebe\u0219: \u00cen august vor \u00eencepe lucr\u0103rile pentru amenajarea cre\u0219ei \u0219i gr\u0103dini\u021bei din cartierul Valea Frumoasei, \u00een locul vechii centrale termice"},"content":{"rendered":"\n<p>Prim\u0103ria Municipiului Sebe\u0219 a<strong>&nbsp;<\/strong>semnat contractul de execu\u0163ie a lucr\u0103rilor pentru obiectivul de investi\u021bii&nbsp;<strong>&#8222;Transformare cl\u0103diri, central\u0103 termic\u0103 \u015fi depozit de c\u0103rbune, \u00een Cre\u015f\u0103 \u015fi Gr\u0103dini\u0163\u0103, Valea Frumoasei, Municipiul Sebe\u015f&#8221;<\/strong>&nbsp;cu compania Lincoln Plus. Valoarea contractului este de &nbsp;6.020.135,29 lei cu TVA. Perioada de execu\u0163ie a lucr\u0103rilor este de 12 luni de la data emiterii ordinului de \u00eencepere a luc\u0103rilor, preconizat pentru luna august.<\/p>\n\n\n\n<p>Valoarea total\u0103 necesar\u0103 pentru realizarea acestui obiectiv de investi\u0163ii este de 8.887.851 lei cu TVA. Prim\u0103ria Municipiului Sebe\u0219 a ob\u021binut o finan\u021bare nerambursabil\u0103 de 2.548.984,76 lei, prin Programul Na\u021bional de Dezvoltare Local\u0103. Contribu\u021bia de la bugetul local este de 6.328.866,24 lei.<\/p>\n\n\n\n<p>Suprafa\u021ba construit\u0103 va fi de 468 mp, iar cea desf\u0103\u0219urat\u0103 de 936 mp. Regimul de \u00een\u0103l\u021bime al construc\u021biei este parter plus etaj. Cre\u0219a, \u00een care vor putea fi primi\u021bi 21 de copii, respectiv 3 grupe, va fi situat\u0103 la parterul cl\u0103dirii \u0219i va fi compus\u0103 din urm\u0103toarele spa\u0163ii: 3 dormitoare, hol multifunc\u0163ional \u2013 cu spa\u0163iu de joac\u0103 \u015fi servire mas\u0103, spa\u0163iu asisten\u0163\u0103 medical\u0103, spa\u0163iu de servire utilizatori, spa\u0163iu activit\u0103\u0163i gospod\u0103re\u015fti, filtru coridoare cu 4 accese distincte, spa\u0163ii tehnico-gospod\u0103re\u015fti \u0219i spa\u0163ii pentru conducere \u015fi administra\u0163ie, personal educativ.<\/p>\n\n\n\n<figure class=\"wp-block-image size-large\"><img loading=\"lazy\" decoding=\"async\" width=\"960\" height=\"720\" src=\"https:\/\/urbeamea.ro\/albaiulia\/wp-content\/uploads\/2021\/07\/centrala-termica-v-frumoasei.jpg\" alt=\"\" class=\"wp-image-96937\" srcset=\"https:\/\/urbeamea.ro\/albaiulia\/wp-content\/uploads\/2021\/07\/centrala-termica-v-frumoasei.jpg 960w, https:\/\/urbeamea.ro\/albaiulia\/wp-content\/uploads\/2021\/07\/centrala-termica-v-frumoasei-640x480.jpg 640w, https:\/\/urbeamea.ro\/albaiulia\/wp-content\/uploads\/2021\/07\/centrala-termica-v-frumoasei-150x113.jpg 150w, https:\/\/urbeamea.ro\/albaiulia\/wp-content\/uploads\/2021\/07\/centrala-termica-v-frumoasei-768x576.jpg 768w\" sizes=\"auto, (max-width: 960px) 100vw, 960px\" \/><\/figure>\n\n\n\n<p>Gr\u0103dini\u0163a cu program prelungit va fi situat\u0103 la etajul cl\u0103dirii, fiind destinat\u0103 unui num\u0103r de 45 copii, respectiv pentru 3 grupe, Spa\u021biile vor fi astfel distribuite: 3 s\u0103li de clas\u0103, sal\u0103 multifunc\u0163ional\u0103 (pentru joac\u0103 \u015fi servire mas\u0103), oficiu, spa\u0163ii tehnico-gospod\u0103re\u015fti, spa\u0163iu asisten\u0163\u0103 medical\u0103 \u0219i spa\u0163ii pentru conducere \u015fi administra\u0163ie, personal educativ.<\/p>\n\n\n\n<p>\u00cen incint\u0103 se vor realiza parc\u0103ri, un spa\u0163iu de joac\u0103 pentru cre\u015f\u0103 (pergol\u0103 din lemn, pavilion tip baldachin, \u0163\u00e2\u015fnitori de ap\u0103, groapa cu nisip, banchete din lemn) \u0219i spa\u0163iu de joac\u0103 pentru gr\u0103dini\u0163\u0103 (pavilion tip baldachin, \u0163\u00e2\u015fnitori de ap\u0103, banchete din lemn, tobogan, tobogan circular, leag\u0103ne, carusel rotativ, biciclete fixe).<\/p>\n","protected":false},"excerpt":{"rendered":"<p>Prim\u0103ria Municipiului Sebe\u0219 a&nbsp;semnat contractul de execu\u0163ie a lucr\u0103rilor pentru obiectivul de investi\u021bii&nbsp;&#8222;Transformare cl\u0103diri, central\u0103 termic\u0103 \u015fi depozit de c\u0103rbune, \u00een Cre\u015f\u0103 \u015fi Gr\u0103dini\u0163\u0103, Valea Frumoasei, Municipiul Sebe\u015f&#8221;&nbsp;cu compania Lincoln Plus. Valoarea contractului este de &nbsp;6.020.135,29 lei cu TVA. Perioada de execu\u0163ie a lucr\u0103rilor este de 12 luni de la data emiterii ordinului de \u00eencepere &hellip;<\/p>\n","protected":false},"author":17,"featured_media":96936,"comment_status":"open","ping_status":"open","sticky":false,"template":"","format":"standard","meta":{"inline_featured_image":false,"footnotes":""},"categories":[2035],"tags":[23335,18002,23334,17300],"class_list":["post-96935","post","type-post","status-publish","format-standard","has-post-thumbnail","hentry","category-administratie","tag-amenajare-cresa-si-gradinita","tag-cartierul-valea-frumoasei","tag-incepere-lucrari","tag-municipiul-sebes"],"yoast_head":"<!-- This site is optimized with the Yoast SEO plugin v27.4 - https:\/\/yoast.com\/product\/yoast-seo-wordpress\/ -->\n<title>Sebe\u0219: \u00cen august vor \u00eencepe lucr\u0103rile pentru amenajarea cre\u0219ei \u0219i gr\u0103dini\u021bei din cartierul Valea Frumoasei, \u00een locul vechii centrale termice - Revista Urbea Mea - Revista de Alba<\/title>\n<meta name=\"description\" content=\"Prim\u0103ria Municipiului Sebe\u0219 a&nbsp;semnat contractul de execu\u0163ie a lucr\u0103rilor pentru obiectivul de investi\u021bii&nbsp;&quot;Transformare cl\u0103diri, central\u0103 termic\u0103\" \/>\n<meta name=\"robots\" content=\"index, follow, max-snippet:-1, max-image-preview:large, max-video-preview:-1\" \/>\n<link rel=\"canonical\" href=\"https:\/\/urbeamea.ro\/albaiulia\/sebes-in-august-vor-incepe-lucrarile-pentru-amenajarea-cresei-si-gradinitei-din-cartierul-valea-frumoasei-in-locul-vechii-centrale-termice\/\" \/>\n<meta name=\"twitter:card\" content=\"summary_large_image\" \/>\n<meta name=\"twitter:title\" content=\"Sebe\u0219: \u00cen august vor \u00eencepe lucr\u0103rile pentru amenajarea cre\u0219ei \u0219i gr\u0103dini\u021bei din cartierul Valea Frumoasei, \u00een locul vechii centrale termice - Revista Urbea Mea - Revista de Alba\" \/>\n<meta name=\"twitter:description\" content=\"Prim\u0103ria Municipiului Sebe\u0219 a&nbsp;semnat contractul de execu\u0163ie a lucr\u0103rilor pentru obiectivul de investi\u021bii&nbsp;&quot;Transformare cl\u0103diri, central\u0103 termic\u0103\" \/>\n<meta name=\"twitter:image\" content=\"https:\/\/urbeamea.ro\/albaiulia\/wp-content\/uploads\/2021\/07\/Cresa-si-gradi-V-Frumoasei.jpg\" \/>\n<meta name=\"twitter:creator\" content=\"@urbeameaweb\" \/>\n<meta name=\"twitter:site\" content=\"@urbeameaweb\" \/>\n<script type=\"application\/ld+json\" class=\"yoast-schema-graph\">{\"@context\":\"https:\\\/\\\/schema.org\",\"@graph\":[{\"@type\":\"Article\",\"@id\":\"https:\\\/\\\/urbeamea.ro\\\/albaiulia\\\/sebes-in-august-vor-incepe-lucrarile-pentru-amenajarea-cresei-si-gradinitei-din-cartierul-valea-frumoasei-in-locul-vechii-centrale-termice\\\/#article\",\"isPartOf\":{\"@id\":\"https:\\\/\\\/urbeamea.ro\\\/albaiulia\\\/sebes-in-august-vor-incepe-lucrarile-pentru-amenajarea-cresei-si-gradinitei-din-cartierul-valea-frumoasei-in-locul-vechii-centrale-termice\\\/\"},\"author\":{\"name\":\"Cristina Ganga\",\"@id\":\"https:\\\/\\\/urbeamea.ro\\\/albaiulia\\\/#\\\/schema\\\/person\\\/9700d21fae21c4f038b0b56f4506264a\"},\"headline\":\"Sebe\u0219: \u00cen august vor \u00eencepe lucr\u0103rile pentru amenajarea cre\u0219ei \u0219i gr\u0103dini\u021bei din cartierul Valea Frumoasei, \u00een locul vechii centrale termice\",\"datePublished\":\"2021-07-23T05:40:13+00:00\",\"dateModified\":\"2021-07-23T05:40:16+00:00\",\"mainEntityOfPage\":{\"@id\":\"https:\\\/\\\/urbeamea.ro\\\/albaiulia\\\/sebes-in-august-vor-incepe-lucrarile-pentru-amenajarea-cresei-si-gradinitei-din-cartierul-valea-frumoasei-in-locul-vechii-centrale-termice\\\/\"},\"wordCount\":362,\"commentCount\":0,\"image\":{\"@id\":\"https:\\\/\\\/urbeamea.ro\\\/albaiulia\\\/sebes-in-august-vor-incepe-lucrarile-pentru-amenajarea-cresei-si-gradinitei-din-cartierul-valea-frumoasei-in-locul-vechii-centrale-termice\\\/#primaryimage\"},\"thumbnailUrl\":\"https:\\\/\\\/urbeamea.ro\\\/albaiulia\\\/wp-content\\\/uploads\\\/2021\\\/07\\\/Cresa-si-gradi-V-Frumoasei.jpg\",\"keywords\":[\"amenajare cresa si gradinita\",\"cartierul valea frumoasei\",\"incepere lucrari\",\"municipiul sebes\"],\"articleSection\":[\"Administra\u021bie\"],\"inLanguage\":\"ro-RO\",\"potentialAction\":[{\"@type\":\"CommentAction\",\"name\":\"Comment\",\"target\":[\"https:\\\/\\\/urbeamea.ro\\\/albaiulia\\\/sebes-in-august-vor-incepe-lucrarile-pentru-amenajarea-cresei-si-gradinitei-din-cartierul-valea-frumoasei-in-locul-vechii-centrale-termice\\\/#respond\"]}]},{\"@type\":\"WebPage\",\"@id\":\"https:\\\/\\\/urbeamea.ro\\\/albaiulia\\\/sebes-in-august-vor-incepe-lucrarile-pentru-amenajarea-cresei-si-gradinitei-din-cartierul-valea-frumoasei-in-locul-vechii-centrale-termice\\\/\",\"url\":\"https:\\\/\\\/urbeamea.ro\\\/albaiulia\\\/sebes-in-august-vor-incepe-lucrarile-pentru-amenajarea-cresei-si-gradinitei-din-cartierul-valea-frumoasei-in-locul-vechii-centrale-termice\\\/\",\"name\":\"Sebe\u0219: \u00cen august vor \u00eencepe lucr\u0103rile pentru amenajarea cre\u0219ei \u0219i gr\u0103dini\u021bei din cartierul Valea Frumoasei, \u00een locul vechii centrale termice - Revista Urbea Mea - Revista de Alba\",\"isPartOf\":{\"@id\":\"https:\\\/\\\/urbeamea.ro\\\/albaiulia\\\/#website\"},\"primaryImageOfPage\":{\"@id\":\"https:\\\/\\\/urbeamea.ro\\\/albaiulia\\\/sebes-in-august-vor-incepe-lucrarile-pentru-amenajarea-cresei-si-gradinitei-din-cartierul-valea-frumoasei-in-locul-vechii-centrale-termice\\\/#primaryimage\"},\"image\":{\"@id\":\"https:\\\/\\\/urbeamea.ro\\\/albaiulia\\\/sebes-in-august-vor-incepe-lucrarile-pentru-amenajarea-cresei-si-gradinitei-din-cartierul-valea-frumoasei-in-locul-vechii-centrale-termice\\\/#primaryimage\"},\"thumbnailUrl\":\"https:\\\/\\\/urbeamea.ro\\\/albaiulia\\\/wp-content\\\/uploads\\\/2021\\\/07\\\/Cresa-si-gradi-V-Frumoasei.jpg\",\"datePublished\":\"2021-07-23T05:40:13+00:00\",\"dateModified\":\"2021-07-23T05:40:16+00:00\",\"author\":{\"@id\":\"https:\\\/\\\/urbeamea.ro\\\/albaiulia\\\/#\\\/schema\\\/person\\\/9700d21fae21c4f038b0b56f4506264a\"},\"description\":\"Prim\u0103ria Municipiului Sebe\u0219 a&nbsp;semnat contractul de execu\u0163ie a lucr\u0103rilor pentru obiectivul de investi\u021bii&nbsp;\\\"Transformare cl\u0103diri, central\u0103 termic\u0103\",\"breadcrumb\":{\"@id\":\"https:\\\/\\\/urbeamea.ro\\\/albaiulia\\\/sebes-in-august-vor-incepe-lucrarile-pentru-amenajarea-cresei-si-gradinitei-din-cartierul-valea-frumoasei-in-locul-vechii-centrale-termice\\\/#breadcrumb\"},\"inLanguage\":\"ro-RO\",\"potentialAction\":[{\"@type\":\"ReadAction\",\"target\":[\"https:\\\/\\\/urbeamea.ro\\\/albaiulia\\\/sebes-in-august-vor-incepe-lucrarile-pentru-amenajarea-cresei-si-gradinitei-din-cartierul-valea-frumoasei-in-locul-vechii-centrale-termice\\\/\"]}]},{\"@type\":\"ImageObject\",\"inLanguage\":\"ro-RO\",\"@id\":\"https:\\\/\\\/urbeamea.ro\\\/albaiulia\\\/sebes-in-august-vor-incepe-lucrarile-pentru-amenajarea-cresei-si-gradinitei-din-cartierul-valea-frumoasei-in-locul-vechii-centrale-termice\\\/#primaryimage\",\"url\":\"https:\\\/\\\/urbeamea.ro\\\/albaiulia\\\/wp-content\\\/uploads\\\/2021\\\/07\\\/Cresa-si-gradi-V-Frumoasei.jpg\",\"contentUrl\":\"https:\\\/\\\/urbeamea.ro\\\/albaiulia\\\/wp-content\\\/uploads\\\/2021\\\/07\\\/Cresa-si-gradi-V-Frumoasei.jpg\",\"width\":1600,\"height\":1008},{\"@type\":\"BreadcrumbList\",\"@id\":\"https:\\\/\\\/urbeamea.ro\\\/albaiulia\\\/sebes-in-august-vor-incepe-lucrarile-pentru-amenajarea-cresei-si-gradinitei-din-cartierul-valea-frumoasei-in-locul-vechii-centrale-termice\\\/#breadcrumb\",\"itemListElement\":[{\"@type\":\"ListItem\",\"position\":1,\"name\":\"Prima pagin\u0103\",\"item\":\"https:\\\/\\\/urbeamea.ro\\\/albaiulia\\\/\"},{\"@type\":\"ListItem\",\"position\":2,\"name\":\"Sebe\u0219: \u00cen august vor \u00eencepe lucr\u0103rile pentru amenajarea cre\u0219ei \u0219i gr\u0103dini\u021bei din cartierul Valea Frumoasei, \u00een locul vechii centrale termice\"}]},{\"@type\":\"WebSite\",\"@id\":\"https:\\\/\\\/urbeamea.ro\\\/albaiulia\\\/#website\",\"url\":\"https:\\\/\\\/urbeamea.ro\\\/albaiulia\\\/\",\"name\":\"Revista Urbea Mea, Stiri urbane\",\"description\":\"Evenimente \u0219i \u0219tiri din Alba Iulia, Sebe\u0219, Aiud, Blaj\",\"potentialAction\":[{\"@type\":\"SearchAction\",\"target\":{\"@type\":\"EntryPoint\",\"urlTemplate\":\"https:\\\/\\\/urbeamea.ro\\\/albaiulia\\\/?s={search_term_string}\"},\"query-input\":{\"@type\":\"PropertyValueSpecification\",\"valueRequired\":true,\"valueName\":\"search_term_string\"}}],\"inLanguage\":\"ro-RO\"},{\"@type\":\"Person\",\"@id\":\"https:\\\/\\\/urbeamea.ro\\\/albaiulia\\\/#\\\/schema\\\/person\\\/9700d21fae21c4f038b0b56f4506264a\",\"name\":\"Cristina Ganga\",\"image\":{\"@type\":\"ImageObject\",\"inLanguage\":\"ro-RO\",\"@id\":\"https:\\\/\\\/secure.gravatar.com\\\/avatar\\\/5a67661041f057b4a8ccaf26f5a8e86e2689372006d01faf3dd9eeb10b654bb4?s=96&d=mm&r=g\",\"url\":\"https:\\\/\\\/secure.gravatar.com\\\/avatar\\\/5a67661041f057b4a8ccaf26f5a8e86e2689372006d01faf3dd9eeb10b654bb4?s=96&d=mm&r=g\",\"contentUrl\":\"https:\\\/\\\/secure.gravatar.com\\\/avatar\\\/5a67661041f057b4a8ccaf26f5a8e86e2689372006d01faf3dd9eeb10b654bb4?s=96&d=mm&r=g\",\"caption\":\"Cristina Ganga\"},\"description\":\"Jurnalist\",\"sameAs\":[\"https:\\\/\\\/www.facebook.com\\\/cristina.nicola.587\"],\"url\":\"https:\\\/\\\/urbeamea.ro\\\/albaiulia\\\/author\\\/cristina-nicola\\\/\"}]}<\/script>\n<!-- \/ Yoast SEO plugin. -->","yoast_head_json":{"title":"Sebe\u0219: \u00cen august vor \u00eencepe lucr\u0103rile pentru amenajarea cre\u0219ei \u0219i gr\u0103dini\u021bei din cartierul Valea Frumoasei, \u00een locul vechii centrale termice - Revista Urbea Mea - Revista de Alba","description":"Prim\u0103ria Municipiului Sebe\u0219 a&nbsp;semnat contractul de execu\u0163ie a lucr\u0103rilor pentru obiectivul de investi\u021bii&nbsp;\"Transformare cl\u0103diri, central\u0103 termic\u0103","robots":{"index":"index","follow":"follow","max-snippet":"max-snippet:-1","max-image-preview":"max-image-preview:large","max-video-preview":"max-video-preview:-1"},"canonical":"https:\/\/urbeamea.ro\/albaiulia\/sebes-in-august-vor-incepe-lucrarile-pentru-amenajarea-cresei-si-gradinitei-din-cartierul-valea-frumoasei-in-locul-vechii-centrale-termice\/","twitter_card":"summary_large_image","twitter_title":"Sebe\u0219: \u00cen august vor \u00eencepe lucr\u0103rile pentru amenajarea cre\u0219ei \u0219i gr\u0103dini\u021bei din cartierul Valea Frumoasei, \u00een locul vechii centrale termice - Revista Urbea Mea - Revista de Alba","twitter_description":"Prim\u0103ria Municipiului Sebe\u0219 a&nbsp;semnat contractul de execu\u0163ie a lucr\u0103rilor pentru obiectivul de investi\u021bii&nbsp;\"Transformare cl\u0103diri, central\u0103 termic\u0103","twitter_image":"https:\/\/urbeamea.ro\/albaiulia\/wp-content\/uploads\/2021\/07\/Cresa-si-gradi-V-Frumoasei.jpg","twitter_creator":"@urbeameaweb","twitter_site":"@urbeameaweb","schema":{"@context":"https:\/\/schema.org","@graph":[{"@type":"Article","@id":"https:\/\/urbeamea.ro\/albaiulia\/sebes-in-august-vor-incepe-lucrarile-pentru-amenajarea-cresei-si-gradinitei-din-cartierul-valea-frumoasei-in-locul-vechii-centrale-termice\/#article","isPartOf":{"@id":"https:\/\/urbeamea.ro\/albaiulia\/sebes-in-august-vor-incepe-lucrarile-pentru-amenajarea-cresei-si-gradinitei-din-cartierul-valea-frumoasei-in-locul-vechii-centrale-termice\/"},"author":{"name":"Cristina Ganga","@id":"https:\/\/urbeamea.ro\/albaiulia\/#\/schema\/person\/9700d21fae21c4f038b0b56f4506264a"},"headline":"Sebe\u0219: \u00cen august vor \u00eencepe lucr\u0103rile pentru amenajarea cre\u0219ei \u0219i gr\u0103dini\u021bei din cartierul Valea Frumoasei, \u00een locul vechii centrale termice","datePublished":"2021-07-23T05:40:13+00:00","dateModified":"2021-07-23T05:40:16+00:00","mainEntityOfPage":{"@id":"https:\/\/urbeamea.ro\/albaiulia\/sebes-in-august-vor-incepe-lucrarile-pentru-amenajarea-cresei-si-gradinitei-din-cartierul-valea-frumoasei-in-locul-vechii-centrale-termice\/"},"wordCount":362,"commentCount":0,"image":{"@id":"https:\/\/urbeamea.ro\/albaiulia\/sebes-in-august-vor-incepe-lucrarile-pentru-amenajarea-cresei-si-gradinitei-din-cartierul-valea-frumoasei-in-locul-vechii-centrale-termice\/#primaryimage"},"thumbnailUrl":"https:\/\/urbeamea.ro\/albaiulia\/wp-content\/uploads\/2021\/07\/Cresa-si-gradi-V-Frumoasei.jpg","keywords":["amenajare cresa si gradinita","cartierul valea frumoasei","incepere lucrari","municipiul sebes"],"articleSection":["Administra\u021bie"],"inLanguage":"ro-RO","potentialAction":[{"@type":"CommentAction","name":"Comment","target":["https:\/\/urbeamea.ro\/albaiulia\/sebes-in-august-vor-incepe-lucrarile-pentru-amenajarea-cresei-si-gradinitei-din-cartierul-valea-frumoasei-in-locul-vechii-centrale-termice\/#respond"]}]},{"@type":"WebPage","@id":"https:\/\/urbeamea.ro\/albaiulia\/sebes-in-august-vor-incepe-lucrarile-pentru-amenajarea-cresei-si-gradinitei-din-cartierul-valea-frumoasei-in-locul-vechii-centrale-termice\/","url":"https:\/\/urbeamea.ro\/albaiulia\/sebes-in-august-vor-incepe-lucrarile-pentru-amenajarea-cresei-si-gradinitei-din-cartierul-valea-frumoasei-in-locul-vechii-centrale-termice\/","name":"Sebe\u0219: \u00cen august vor \u00eencepe lucr\u0103rile pentru amenajarea cre\u0219ei \u0219i gr\u0103dini\u021bei din cartierul Valea Frumoasei, \u00een locul vechii centrale termice - Revista Urbea Mea - Revista de Alba","isPartOf":{"@id":"https:\/\/urbeamea.ro\/albaiulia\/#website"},"primaryImageOfPage":{"@id":"https:\/\/urbeamea.ro\/albaiulia\/sebes-in-august-vor-incepe-lucrarile-pentru-amenajarea-cresei-si-gradinitei-din-cartierul-valea-frumoasei-in-locul-vechii-centrale-termice\/#primaryimage"},"image":{"@id":"https:\/\/urbeamea.ro\/albaiulia\/sebes-in-august-vor-incepe-lucrarile-pentru-amenajarea-cresei-si-gradinitei-din-cartierul-valea-frumoasei-in-locul-vechii-centrale-termice\/#primaryimage"},"thumbnailUrl":"https:\/\/urbeamea.ro\/albaiulia\/wp-content\/uploads\/2021\/07\/Cresa-si-gradi-V-Frumoasei.jpg","datePublished":"2021-07-23T05:40:13+00:00","dateModified":"2021-07-23T05:40:16+00:00","author":{"@id":"https:\/\/urbeamea.ro\/albaiulia\/#\/schema\/person\/9700d21fae21c4f038b0b56f4506264a"},"description":"Prim\u0103ria Municipiului Sebe\u0219 a&nbsp;semnat contractul de execu\u0163ie a lucr\u0103rilor pentru obiectivul de investi\u021bii&nbsp;\"Transformare cl\u0103diri, central\u0103 termic\u0103","breadcrumb":{"@id":"https:\/\/urbeamea.ro\/albaiulia\/sebes-in-august-vor-incepe-lucrarile-pentru-amenajarea-cresei-si-gradinitei-din-cartierul-valea-frumoasei-in-locul-vechii-centrale-termice\/#breadcrumb"},"inLanguage":"ro-RO","potentialAction":[{"@type":"ReadAction","target":["https:\/\/urbeamea.ro\/albaiulia\/sebes-in-august-vor-incepe-lucrarile-pentru-amenajarea-cresei-si-gradinitei-din-cartierul-valea-frumoasei-in-locul-vechii-centrale-termice\/"]}]},{"@type":"ImageObject","inLanguage":"ro-RO","@id":"https:\/\/urbeamea.ro\/albaiulia\/sebes-in-august-vor-incepe-lucrarile-pentru-amenajarea-cresei-si-gradinitei-din-cartierul-valea-frumoasei-in-locul-vechii-centrale-termice\/#primaryimage","url":"https:\/\/urbeamea.ro\/albaiulia\/wp-content\/uploads\/2021\/07\/Cresa-si-gradi-V-Frumoasei.jpg","contentUrl":"https:\/\/urbeamea.ro\/albaiulia\/wp-content\/uploads\/2021\/07\/Cresa-si-gradi-V-Frumoasei.jpg","width":1600,"height":1008},{"@type":"BreadcrumbList","@id":"https:\/\/urbeamea.ro\/albaiulia\/sebes-in-august-vor-incepe-lucrarile-pentru-amenajarea-cresei-si-gradinitei-din-cartierul-valea-frumoasei-in-locul-vechii-centrale-termice\/#breadcrumb","itemListElement":[{"@type":"ListItem","position":1,"name":"Prima pagin\u0103","item":"https:\/\/urbeamea.ro\/albaiulia\/"},{"@type":"ListItem","position":2,"name":"Sebe\u0219: \u00cen august vor \u00eencepe lucr\u0103rile pentru amenajarea cre\u0219ei \u0219i gr\u0103dini\u021bei din cartierul Valea Frumoasei, \u00een locul vechii centrale termice"}]},{"@type":"WebSite","@id":"https:\/\/urbeamea.ro\/albaiulia\/#website","url":"https:\/\/urbeamea.ro\/albaiulia\/","name":"Revista Urbea Mea, Stiri urbane","description":"Evenimente \u0219i \u0219tiri din Alba Iulia, Sebe\u0219, Aiud, Blaj","potentialAction":[{"@type":"SearchAction","target":{"@type":"EntryPoint","urlTemplate":"https:\/\/urbeamea.ro\/albaiulia\/?s={search_term_string}"},"query-input":{"@type":"PropertyValueSpecification","valueRequired":true,"valueName":"search_term_string"}}],"inLanguage":"ro-RO"},{"@type":"Person","@id":"https:\/\/urbeamea.ro\/albaiulia\/#\/schema\/person\/9700d21fae21c4f038b0b56f4506264a","name":"Cristina Ganga","image":{"@type":"ImageObject","inLanguage":"ro-RO","@id":"https:\/\/secure.gravatar.com\/avatar\/5a67661041f057b4a8ccaf26f5a8e86e2689372006d01faf3dd9eeb10b654bb4?s=96&d=mm&r=g","url":"https:\/\/secure.gravatar.com\/avatar\/5a67661041f057b4a8ccaf26f5a8e86e2689372006d01faf3dd9eeb10b654bb4?s=96&d=mm&r=g","contentUrl":"https:\/\/secure.gravatar.com\/avatar\/5a67661041f057b4a8ccaf26f5a8e86e2689372006d01faf3dd9eeb10b654bb4?s=96&d=mm&r=g","caption":"Cristina Ganga"},"description":"Jurnalist","sameAs":["https:\/\/www.facebook.com\/cristina.nicola.587"],"url":"https:\/\/urbeamea.ro\/albaiulia\/author\/cristina-nicola\/"}]}},"_links":{"self":[{"href":"https:\/\/urbeamea.ro\/albaiulia\/wp-json\/wp\/v2\/posts\/96935","targetHints":{"allow":["GET"]}}],"collection":[{"href":"https:\/\/urbeamea.ro\/albaiulia\/wp-json\/wp\/v2\/posts"}],"about":[{"href":"https:\/\/urbeamea.ro\/albaiulia\/wp-json\/wp\/v2\/types\/post"}],"author":[{"embeddable":true,"href":"https:\/\/urbeamea.ro\/albaiulia\/wp-json\/wp\/v2\/users\/17"}],"replies":[{"embeddable":true,"href":"https:\/\/urbeamea.ro\/albaiulia\/wp-json\/wp\/v2\/comments?post=96935"}],"version-history":[{"count":1,"href":"https:\/\/urbeamea.ro\/albaiulia\/wp-json\/wp\/v2\/posts\/96935\/revisions"}],"predecessor-version":[{"id":96938,"href":"https:\/\/urbeamea.ro\/albaiulia\/wp-json\/wp\/v2\/posts\/96935\/revisions\/96938"}],"wp:featuredmedia":[{"embeddable":true,"href":"https:\/\/urbeamea.ro\/albaiulia\/wp-json\/wp\/v2\/media\/96936"}],"wp:attachment":[{"href":"https:\/\/urbeamea.ro\/albaiulia\/wp-json\/wp\/v2\/media?parent=96935"}],"wp:term":[{"taxonomy":"category","embeddable":true,"href":"https:\/\/urbeamea.ro\/albaiulia\/wp-json\/wp\/v2\/categories?post=96935"},{"taxonomy":"post_tag","embeddable":true,"href":"https:\/\/urbeamea.ro\/albaiulia\/wp-json\/wp\/v2\/tags?post=96935"}],"curies":[{"name":"wp","href":"https:\/\/api.w.org\/{rel}","templated":true}]}}