{"id":97024,"date":"2021-07-28T12:55:01","date_gmt":"2021-07-28T09:55:01","guid":{"rendered":"https:\/\/urbeamea.ro\/albaiulia\/?p=97024"},"modified":"2021-07-28T12:55:06","modified_gmt":"2021-07-28T09:55:06","slug":"interventii-de-dezinsectie-pe-raza-municipiului-sebes-miercuri-28-iulie-2021","status":"publish","type":"post","link":"https:\/\/urbeamea.ro\/albaiulia\/interventii-de-dezinsectie-pe-raza-municipiului-sebes-miercuri-28-iulie-2021\/","title":{"rendered":"Interven\u021bii de DEZINSEC\u021aIE pe raza Municipiului Sebe\u0219, miercuri, 28 iulie 2021"},"content":{"rendered":"\n<p>Prim\u0103ria Municipiului Sebe\u0219 aduce la cuno\u0219tin\u021ba cet\u0103\u021benilor c\u0103 miercuri, 28 iulie 2021, \u00eencep\u00e2nd cu ora 23.00, se vor desf\u0103\u0219ura interven\u021bii de dezinsec\u021bie pe raza domeniului public al Municipiului Sebe\u0219. Zonele vizate sunt: parcurile aflate pe domeniul public, cartierele de blocuri, arterele principale. Interven\u021biile vor avea loc \u00een Sebe\u0219, R\u0103h\u0103u, Petre\u0219ti \u0219i Lancr\u0103m.<\/p>\n\n\n\n<p>Produsele folosite sunt avizate de Ministerul S\u0103n\u0103t\u0103\u021bii \u0219i fac parte din grupa de toxicitate III. Persoanele cu probleme respiratorii sau cardiace, precum \u0219i copiii, sunt ruga\u021bi s\u0103 nu intre \u00een raza direct\u0103 de ac\u021biune a echipamentelor de pulverizat. <\/p>\n\n\n\n<p>Interven\u021biile sunt monitorizare de reprezentan\u021bii Serviciului Public de Administrare a Patrimoniului Sebe\u0219 \u0219i de Poli\u021bia Local\u0103 a municipiului.<\/p>\n\n\n\n<figure class=\"wp-block-image size-large\"><img loading=\"lazy\" decoding=\"async\" width=\"225\" height=\"225\" src=\"https:\/\/urbeamea.ro\/albaiulia\/wp-content\/uploads\/2021\/07\/descarcare.png\" alt=\"\" class=\"wp-image-97025\" srcset=\"https:\/\/urbeamea.ro\/albaiulia\/wp-content\/uploads\/2021\/07\/descarcare.png 225w, https:\/\/urbeamea.ro\/albaiulia\/wp-content\/uploads\/2021\/07\/descarcare-150x150.png 150w\" sizes=\"auto, (max-width: 225px) 100vw, 225px\" \/><\/figure>\n","protected":false},"excerpt":{"rendered":"<p>Prim\u0103ria Municipiului Sebe\u0219 aduce la cuno\u0219tin\u021ba cet\u0103\u021benilor c\u0103 miercuri, 28 iulie 2021, \u00eencep\u00e2nd cu ora 23.00, se vor desf\u0103\u0219ura interven\u021bii de dezinsec\u021bie pe raza domeniului public al Municipiului Sebe\u0219. Zonele vizate sunt: parcurile aflate pe domeniul public, cartierele de blocuri, arterele principale. Interven\u021biile vor avea loc \u00een Sebe\u0219, R\u0103h\u0103u, Petre\u0219ti \u0219i Lancr\u0103m. Produsele folosite sunt &hellip;<\/p>\n","protected":false},"author":17,"featured_media":97026,"comment_status":"open","ping_status":"open","sticky":false,"template":"","format":"standard","meta":{"inline_featured_image":false,"footnotes":""},"categories":[2034],"tags":[23373,23372,17300,21038],"class_list":["post-97024","post","type-post","status-publish","format-standard","has-post-thumbnail","hentry","category-social","tag-echipamente-de-pulverizare","tag-interventii-de-dezinsectie","tag-municipiul-sebes","tag-raza-domeniului-public"],"yoast_head":"<!-- This site is optimized with the Yoast SEO plugin v27.4 - https:\/\/yoast.com\/product\/yoast-seo-wordpress\/ -->\n<title>Interven\u021bii de DEZINSEC\u021aIE pe raza Municipiului Sebe\u0219, miercuri, 28 iulie 2021 - Revista Urbea Mea - Revista de Alba<\/title>\n<meta name=\"description\" content=\"Prim\u0103ria Municipiului Sebe\u0219 aduce la cuno\u0219tin\u021ba cet\u0103\u021benilor c\u0103 miercuri, 28 iulie 2021, \u00eencep\u00e2nd cu ora 23.00, se vor desf\u0103\u0219ura interven\u021bii de dezinsec\u021bie\" \/>\n<meta name=\"robots\" content=\"index, follow, max-snippet:-1, max-image-preview:large, max-video-preview:-1\" \/>\n<link rel=\"canonical\" href=\"https:\/\/urbeamea.ro\/albaiulia\/interventii-de-dezinsectie-pe-raza-municipiului-sebes-miercuri-28-iulie-2021\/\" \/>\n<meta name=\"twitter:card\" content=\"summary_large_image\" \/>\n<meta name=\"twitter:title\" content=\"Interven\u021bii de DEZINSEC\u021aIE pe raza Municipiului Sebe\u0219, miercuri, 28 iulie 2021 - Revista Urbea Mea - Revista de Alba\" \/>\n<meta name=\"twitter:description\" content=\"Prim\u0103ria Municipiului Sebe\u0219 aduce la cuno\u0219tin\u021ba cet\u0103\u021benilor c\u0103 miercuri, 28 iulie 2021, \u00eencep\u00e2nd cu ora 23.00, se vor desf\u0103\u0219ura interven\u021bii de dezinsec\u021bie\" \/>\n<meta name=\"twitter:image\" content=\"https:\/\/urbeamea.ro\/albaiulia\/wp-content\/uploads\/2021\/07\/descarcare.jpg\" \/>\n<meta name=\"twitter:creator\" content=\"@urbeameaweb\" \/>\n<meta name=\"twitter:site\" content=\"@urbeameaweb\" \/>\n<script type=\"application\/ld+json\" class=\"yoast-schema-graph\">{\"@context\":\"https:\\\/\\\/schema.org\",\"@graph\":[{\"@type\":\"Article\",\"@id\":\"https:\\\/\\\/urbeamea.ro\\\/albaiulia\\\/interventii-de-dezinsectie-pe-raza-municipiului-sebes-miercuri-28-iulie-2021\\\/#article\",\"isPartOf\":{\"@id\":\"https:\\\/\\\/urbeamea.ro\\\/albaiulia\\\/interventii-de-dezinsectie-pe-raza-municipiului-sebes-miercuri-28-iulie-2021\\\/\"},\"author\":{\"name\":\"Cristina Ganga\",\"@id\":\"https:\\\/\\\/urbeamea.ro\\\/albaiulia\\\/#\\\/schema\\\/person\\\/9700d21fae21c4f038b0b56f4506264a\"},\"headline\":\"Interven\u021bii de DEZINSEC\u021aIE pe raza Municipiului Sebe\u0219, miercuri, 28 iulie 2021\",\"datePublished\":\"2021-07-28T09:55:01+00:00\",\"dateModified\":\"2021-07-28T09:55:06+00:00\",\"mainEntityOfPage\":{\"@id\":\"https:\\\/\\\/urbeamea.ro\\\/albaiulia\\\/interventii-de-dezinsectie-pe-raza-municipiului-sebes-miercuri-28-iulie-2021\\\/\"},\"wordCount\":137,\"commentCount\":0,\"image\":{\"@id\":\"https:\\\/\\\/urbeamea.ro\\\/albaiulia\\\/interventii-de-dezinsectie-pe-raza-municipiului-sebes-miercuri-28-iulie-2021\\\/#primaryimage\"},\"thumbnailUrl\":\"https:\\\/\\\/urbeamea.ro\\\/albaiulia\\\/wp-content\\\/uploads\\\/2021\\\/07\\\/descarcare.jpg\",\"keywords\":[\"echipamente de pulverizare\",\"interventii de dezinsectie\",\"municipiul sebes\",\"raza domeniului public\"],\"articleSection\":[\"Social\"],\"inLanguage\":\"ro-RO\",\"potentialAction\":[{\"@type\":\"CommentAction\",\"name\":\"Comment\",\"target\":[\"https:\\\/\\\/urbeamea.ro\\\/albaiulia\\\/interventii-de-dezinsectie-pe-raza-municipiului-sebes-miercuri-28-iulie-2021\\\/#respond\"]}]},{\"@type\":\"WebPage\",\"@id\":\"https:\\\/\\\/urbeamea.ro\\\/albaiulia\\\/interventii-de-dezinsectie-pe-raza-municipiului-sebes-miercuri-28-iulie-2021\\\/\",\"url\":\"https:\\\/\\\/urbeamea.ro\\\/albaiulia\\\/interventii-de-dezinsectie-pe-raza-municipiului-sebes-miercuri-28-iulie-2021\\\/\",\"name\":\"Interven\u021bii de DEZINSEC\u021aIE pe raza Municipiului Sebe\u0219, miercuri, 28 iulie 2021 - Revista Urbea Mea - Revista de Alba\",\"isPartOf\":{\"@id\":\"https:\\\/\\\/urbeamea.ro\\\/albaiulia\\\/#website\"},\"primaryImageOfPage\":{\"@id\":\"https:\\\/\\\/urbeamea.ro\\\/albaiulia\\\/interventii-de-dezinsectie-pe-raza-municipiului-sebes-miercuri-28-iulie-2021\\\/#primaryimage\"},\"image\":{\"@id\":\"https:\\\/\\\/urbeamea.ro\\\/albaiulia\\\/interventii-de-dezinsectie-pe-raza-municipiului-sebes-miercuri-28-iulie-2021\\\/#primaryimage\"},\"thumbnailUrl\":\"https:\\\/\\\/urbeamea.ro\\\/albaiulia\\\/wp-content\\\/uploads\\\/2021\\\/07\\\/descarcare.jpg\",\"datePublished\":\"2021-07-28T09:55:01+00:00\",\"dateModified\":\"2021-07-28T09:55:06+00:00\",\"author\":{\"@id\":\"https:\\\/\\\/urbeamea.ro\\\/albaiulia\\\/#\\\/schema\\\/person\\\/9700d21fae21c4f038b0b56f4506264a\"},\"description\":\"Prim\u0103ria Municipiului Sebe\u0219 aduce la cuno\u0219tin\u021ba cet\u0103\u021benilor c\u0103 miercuri, 28 iulie 2021, \u00eencep\u00e2nd cu ora 23.00, se vor desf\u0103\u0219ura interven\u021bii de dezinsec\u021bie\",\"breadcrumb\":{\"@id\":\"https:\\\/\\\/urbeamea.ro\\\/albaiulia\\\/interventii-de-dezinsectie-pe-raza-municipiului-sebes-miercuri-28-iulie-2021\\\/#breadcrumb\"},\"inLanguage\":\"ro-RO\",\"potentialAction\":[{\"@type\":\"ReadAction\",\"target\":[\"https:\\\/\\\/urbeamea.ro\\\/albaiulia\\\/interventii-de-dezinsectie-pe-raza-municipiului-sebes-miercuri-28-iulie-2021\\\/\"]}]},{\"@type\":\"ImageObject\",\"inLanguage\":\"ro-RO\",\"@id\":\"https:\\\/\\\/urbeamea.ro\\\/albaiulia\\\/interventii-de-dezinsectie-pe-raza-municipiului-sebes-miercuri-28-iulie-2021\\\/#primaryimage\",\"url\":\"https:\\\/\\\/urbeamea.ro\\\/albaiulia\\\/wp-content\\\/uploads\\\/2021\\\/07\\\/descarcare.jpg\",\"contentUrl\":\"https:\\\/\\\/urbeamea.ro\\\/albaiulia\\\/wp-content\\\/uploads\\\/2021\\\/07\\\/descarcare.jpg\",\"width\":271,\"height\":186},{\"@type\":\"BreadcrumbList\",\"@id\":\"https:\\\/\\\/urbeamea.ro\\\/albaiulia\\\/interventii-de-dezinsectie-pe-raza-municipiului-sebes-miercuri-28-iulie-2021\\\/#breadcrumb\",\"itemListElement\":[{\"@type\":\"ListItem\",\"position\":1,\"name\":\"Prima pagin\u0103\",\"item\":\"https:\\\/\\\/urbeamea.ro\\\/albaiulia\\\/\"},{\"@type\":\"ListItem\",\"position\":2,\"name\":\"Interven\u021bii de DEZINSEC\u021aIE pe raza Municipiului Sebe\u0219, miercuri, 28 iulie 2021\"}]},{\"@type\":\"WebSite\",\"@id\":\"https:\\\/\\\/urbeamea.ro\\\/albaiulia\\\/#website\",\"url\":\"https:\\\/\\\/urbeamea.ro\\\/albaiulia\\\/\",\"name\":\"Revista Urbea Mea, Stiri urbane\",\"description\":\"Evenimente \u0219i \u0219tiri din Alba Iulia, Sebe\u0219, Aiud, Blaj\",\"potentialAction\":[{\"@type\":\"SearchAction\",\"target\":{\"@type\":\"EntryPoint\",\"urlTemplate\":\"https:\\\/\\\/urbeamea.ro\\\/albaiulia\\\/?s={search_term_string}\"},\"query-input\":{\"@type\":\"PropertyValueSpecification\",\"valueRequired\":true,\"valueName\":\"search_term_string\"}}],\"inLanguage\":\"ro-RO\"},{\"@type\":\"Person\",\"@id\":\"https:\\\/\\\/urbeamea.ro\\\/albaiulia\\\/#\\\/schema\\\/person\\\/9700d21fae21c4f038b0b56f4506264a\",\"name\":\"Cristina Ganga\",\"image\":{\"@type\":\"ImageObject\",\"inLanguage\":\"ro-RO\",\"@id\":\"https:\\\/\\\/secure.gravatar.com\\\/avatar\\\/5a67661041f057b4a8ccaf26f5a8e86e2689372006d01faf3dd9eeb10b654bb4?s=96&d=mm&r=g\",\"url\":\"https:\\\/\\\/secure.gravatar.com\\\/avatar\\\/5a67661041f057b4a8ccaf26f5a8e86e2689372006d01faf3dd9eeb10b654bb4?s=96&d=mm&r=g\",\"contentUrl\":\"https:\\\/\\\/secure.gravatar.com\\\/avatar\\\/5a67661041f057b4a8ccaf26f5a8e86e2689372006d01faf3dd9eeb10b654bb4?s=96&d=mm&r=g\",\"caption\":\"Cristina Ganga\"},\"description\":\"Jurnalist\",\"sameAs\":[\"https:\\\/\\\/www.facebook.com\\\/cristina.nicola.587\"],\"url\":\"https:\\\/\\\/urbeamea.ro\\\/albaiulia\\\/author\\\/cristina-nicola\\\/\"}]}<\/script>\n<!-- \/ Yoast SEO plugin. -->","yoast_head_json":{"title":"Interven\u021bii de DEZINSEC\u021aIE pe raza Municipiului Sebe\u0219, miercuri, 28 iulie 2021 - Revista Urbea Mea - Revista de Alba","description":"Prim\u0103ria Municipiului Sebe\u0219 aduce la cuno\u0219tin\u021ba cet\u0103\u021benilor c\u0103 miercuri, 28 iulie 2021, \u00eencep\u00e2nd cu ora 23.00, se vor desf\u0103\u0219ura interven\u021bii de dezinsec\u021bie","robots":{"index":"index","follow":"follow","max-snippet":"max-snippet:-1","max-image-preview":"max-image-preview:large","max-video-preview":"max-video-preview:-1"},"canonical":"https:\/\/urbeamea.ro\/albaiulia\/interventii-de-dezinsectie-pe-raza-municipiului-sebes-miercuri-28-iulie-2021\/","twitter_card":"summary_large_image","twitter_title":"Interven\u021bii de DEZINSEC\u021aIE pe raza Municipiului Sebe\u0219, miercuri, 28 iulie 2021 - Revista Urbea Mea - Revista de Alba","twitter_description":"Prim\u0103ria Municipiului Sebe\u0219 aduce la cuno\u0219tin\u021ba cet\u0103\u021benilor c\u0103 miercuri, 28 iulie 2021, \u00eencep\u00e2nd cu ora 23.00, se vor desf\u0103\u0219ura interven\u021bii de dezinsec\u021bie","twitter_image":"https:\/\/urbeamea.ro\/albaiulia\/wp-content\/uploads\/2021\/07\/descarcare.jpg","twitter_creator":"@urbeameaweb","twitter_site":"@urbeameaweb","schema":{"@context":"https:\/\/schema.org","@graph":[{"@type":"Article","@id":"https:\/\/urbeamea.ro\/albaiulia\/interventii-de-dezinsectie-pe-raza-municipiului-sebes-miercuri-28-iulie-2021\/#article","isPartOf":{"@id":"https:\/\/urbeamea.ro\/albaiulia\/interventii-de-dezinsectie-pe-raza-municipiului-sebes-miercuri-28-iulie-2021\/"},"author":{"name":"Cristina Ganga","@id":"https:\/\/urbeamea.ro\/albaiulia\/#\/schema\/person\/9700d21fae21c4f038b0b56f4506264a"},"headline":"Interven\u021bii de DEZINSEC\u021aIE pe raza Municipiului Sebe\u0219, miercuri, 28 iulie 2021","datePublished":"2021-07-28T09:55:01+00:00","dateModified":"2021-07-28T09:55:06+00:00","mainEntityOfPage":{"@id":"https:\/\/urbeamea.ro\/albaiulia\/interventii-de-dezinsectie-pe-raza-municipiului-sebes-miercuri-28-iulie-2021\/"},"wordCount":137,"commentCount":0,"image":{"@id":"https:\/\/urbeamea.ro\/albaiulia\/interventii-de-dezinsectie-pe-raza-municipiului-sebes-miercuri-28-iulie-2021\/#primaryimage"},"thumbnailUrl":"https:\/\/urbeamea.ro\/albaiulia\/wp-content\/uploads\/2021\/07\/descarcare.jpg","keywords":["echipamente de pulverizare","interventii de dezinsectie","municipiul sebes","raza domeniului public"],"articleSection":["Social"],"inLanguage":"ro-RO","potentialAction":[{"@type":"CommentAction","name":"Comment","target":["https:\/\/urbeamea.ro\/albaiulia\/interventii-de-dezinsectie-pe-raza-municipiului-sebes-miercuri-28-iulie-2021\/#respond"]}]},{"@type":"WebPage","@id":"https:\/\/urbeamea.ro\/albaiulia\/interventii-de-dezinsectie-pe-raza-municipiului-sebes-miercuri-28-iulie-2021\/","url":"https:\/\/urbeamea.ro\/albaiulia\/interventii-de-dezinsectie-pe-raza-municipiului-sebes-miercuri-28-iulie-2021\/","name":"Interven\u021bii de DEZINSEC\u021aIE pe raza Municipiului Sebe\u0219, miercuri, 28 iulie 2021 - Revista Urbea Mea - Revista de Alba","isPartOf":{"@id":"https:\/\/urbeamea.ro\/albaiulia\/#website"},"primaryImageOfPage":{"@id":"https:\/\/urbeamea.ro\/albaiulia\/interventii-de-dezinsectie-pe-raza-municipiului-sebes-miercuri-28-iulie-2021\/#primaryimage"},"image":{"@id":"https:\/\/urbeamea.ro\/albaiulia\/interventii-de-dezinsectie-pe-raza-municipiului-sebes-miercuri-28-iulie-2021\/#primaryimage"},"thumbnailUrl":"https:\/\/urbeamea.ro\/albaiulia\/wp-content\/uploads\/2021\/07\/descarcare.jpg","datePublished":"2021-07-28T09:55:01+00:00","dateModified":"2021-07-28T09:55:06+00:00","author":{"@id":"https:\/\/urbeamea.ro\/albaiulia\/#\/schema\/person\/9700d21fae21c4f038b0b56f4506264a"},"description":"Prim\u0103ria Municipiului Sebe\u0219 aduce la cuno\u0219tin\u021ba cet\u0103\u021benilor c\u0103 miercuri, 28 iulie 2021, \u00eencep\u00e2nd cu ora 23.00, se vor desf\u0103\u0219ura interven\u021bii de dezinsec\u021bie","breadcrumb":{"@id":"https:\/\/urbeamea.ro\/albaiulia\/interventii-de-dezinsectie-pe-raza-municipiului-sebes-miercuri-28-iulie-2021\/#breadcrumb"},"inLanguage":"ro-RO","potentialAction":[{"@type":"ReadAction","target":["https:\/\/urbeamea.ro\/albaiulia\/interventii-de-dezinsectie-pe-raza-municipiului-sebes-miercuri-28-iulie-2021\/"]}]},{"@type":"ImageObject","inLanguage":"ro-RO","@id":"https:\/\/urbeamea.ro\/albaiulia\/interventii-de-dezinsectie-pe-raza-municipiului-sebes-miercuri-28-iulie-2021\/#primaryimage","url":"https:\/\/urbeamea.ro\/albaiulia\/wp-content\/uploads\/2021\/07\/descarcare.jpg","contentUrl":"https:\/\/urbeamea.ro\/albaiulia\/wp-content\/uploads\/2021\/07\/descarcare.jpg","width":271,"height":186},{"@type":"BreadcrumbList","@id":"https:\/\/urbeamea.ro\/albaiulia\/interventii-de-dezinsectie-pe-raza-municipiului-sebes-miercuri-28-iulie-2021\/#breadcrumb","itemListElement":[{"@type":"ListItem","position":1,"name":"Prima pagin\u0103","item":"https:\/\/urbeamea.ro\/albaiulia\/"},{"@type":"ListItem","position":2,"name":"Interven\u021bii de DEZINSEC\u021aIE pe raza Municipiului Sebe\u0219, miercuri, 28 iulie 2021"}]},{"@type":"WebSite","@id":"https:\/\/urbeamea.ro\/albaiulia\/#website","url":"https:\/\/urbeamea.ro\/albaiulia\/","name":"Revista Urbea Mea, Stiri urbane","description":"Evenimente \u0219i \u0219tiri din Alba Iulia, Sebe\u0219, Aiud, Blaj","potentialAction":[{"@type":"SearchAction","target":{"@type":"EntryPoint","urlTemplate":"https:\/\/urbeamea.ro\/albaiulia\/?s={search_term_string}"},"query-input":{"@type":"PropertyValueSpecification","valueRequired":true,"valueName":"search_term_string"}}],"inLanguage":"ro-RO"},{"@type":"Person","@id":"https:\/\/urbeamea.ro\/albaiulia\/#\/schema\/person\/9700d21fae21c4f038b0b56f4506264a","name":"Cristina Ganga","image":{"@type":"ImageObject","inLanguage":"ro-RO","@id":"https:\/\/secure.gravatar.com\/avatar\/5a67661041f057b4a8ccaf26f5a8e86e2689372006d01faf3dd9eeb10b654bb4?s=96&d=mm&r=g","url":"https:\/\/secure.gravatar.com\/avatar\/5a67661041f057b4a8ccaf26f5a8e86e2689372006d01faf3dd9eeb10b654bb4?s=96&d=mm&r=g","contentUrl":"https:\/\/secure.gravatar.com\/avatar\/5a67661041f057b4a8ccaf26f5a8e86e2689372006d01faf3dd9eeb10b654bb4?s=96&d=mm&r=g","caption":"Cristina Ganga"},"description":"Jurnalist","sameAs":["https:\/\/www.facebook.com\/cristina.nicola.587"],"url":"https:\/\/urbeamea.ro\/albaiulia\/author\/cristina-nicola\/"}]}},"_links":{"self":[{"href":"https:\/\/urbeamea.ro\/albaiulia\/wp-json\/wp\/v2\/posts\/97024","targetHints":{"allow":["GET"]}}],"collection":[{"href":"https:\/\/urbeamea.ro\/albaiulia\/wp-json\/wp\/v2\/posts"}],"about":[{"href":"https:\/\/urbeamea.ro\/albaiulia\/wp-json\/wp\/v2\/types\/post"}],"author":[{"embeddable":true,"href":"https:\/\/urbeamea.ro\/albaiulia\/wp-json\/wp\/v2\/users\/17"}],"replies":[{"embeddable":true,"href":"https:\/\/urbeamea.ro\/albaiulia\/wp-json\/wp\/v2\/comments?post=97024"}],"version-history":[{"count":1,"href":"https:\/\/urbeamea.ro\/albaiulia\/wp-json\/wp\/v2\/posts\/97024\/revisions"}],"predecessor-version":[{"id":97027,"href":"https:\/\/urbeamea.ro\/albaiulia\/wp-json\/wp\/v2\/posts\/97024\/revisions\/97027"}],"wp:featuredmedia":[{"embeddable":true,"href":"https:\/\/urbeamea.ro\/albaiulia\/wp-json\/wp\/v2\/media\/97026"}],"wp:attachment":[{"href":"https:\/\/urbeamea.ro\/albaiulia\/wp-json\/wp\/v2\/media?parent=97024"}],"wp:term":[{"taxonomy":"category","embeddable":true,"href":"https:\/\/urbeamea.ro\/albaiulia\/wp-json\/wp\/v2\/categories?post=97024"},{"taxonomy":"post_tag","embeddable":true,"href":"https:\/\/urbeamea.ro\/albaiulia\/wp-json\/wp\/v2\/tags?post=97024"}],"curies":[{"name":"wp","href":"https:\/\/api.w.org\/{rel}","templated":true}]}}