{"id":97028,"date":"2021-07-28T13:00:51","date_gmt":"2021-07-28T10:00:51","guid":{"rendered":"https:\/\/urbeamea.ro\/albaiulia\/?p=97028"},"modified":"2021-07-30T09:14:22","modified_gmt":"2021-07-30T06:14:22","slug":"stagiunea-cu-skepsis-2021-continua-cu-un-weekend-dedicat-lumii-lui-cehov-i-teatrului-realist","status":"publish","type":"post","link":"https:\/\/urbeamea.ro\/albaiulia\/stagiunea-cu-skepsis-2021-continua-cu-un-weekend-dedicat-lumii-lui-cehov-i-teatrului-realist\/","title":{"rendered":"\u201dStagiunea cu Skepsis 2021\u201d continu\u0103 cu un weekend dedicat lumii lui Cehov \u0219i teatrului realist"},"content":{"rendered":"\n<h2 class=\"wp-block-heading\">Dup\u0103 nebunia Commediei dell Arte, v\u0103 invit\u0103m s\u0103 revenim cu picioarele pe p\u0103m\u00e2nt \u0219i v\u0103 prezent\u0103m \u00een serile de S\u00e2mb\u0103t\u0103 31 Iulie \u0219i Duminica 1 August, ora 20.00, \u00een curtea interioar\u0103 a Palatului Apor, spectacole bazate pe piese \u00eentr-un singur act semnate de A.P.Cehov!<\/h2>\n\n\n\n<p>S\u00e2mb\u0103t\u0103, 31.07.2021, v\u0103 prezent\u0103m spectacolul\u201dCerere \u00een C\u0103s\u0103torie\u201d &#8211;  Ivan Vasilievici, un t\u00e2n\u0103r boierna\u015f de la \u0163ar\u0103 se hot\u0103r\u0103\u015fte s\u0103 fac\u0103 un mare pas \u00een via\u0163\u0103 \u015fi cere m\u00e2na tinerei Nataila Stepanovna, fiica vecinului s\u0103u. Aranjamentul este ca preg\u0103tit de soart\u0103, mo\u015fiile urm\u00e2nd s\u0103 devin\u0103 mai mari odat\u0103 cu fericita uniune marital\u0103, mai ales c\u0103 \u00eentre cei doi tineri exist\u0103 o \u201echimie\u201d anume. \u015ei totu\u015fi\u2026 anumite detalii trebuie discutate\u2026  <\/p>\n\n\n\n<p>Duminic\u0103, 01.08.2021, ne vom bucura de spectacolul \u201dJubileul\u201d. Undeva, \u00eentr-o banc\u0103 din Rusia, Directorul se preg\u0103te\u015fte s\u0103 aniverseze 15 ani de la preluarea func\u0163iei, \u00een timp ce contabilul s\u0103u, dl. Hirin, munce\u015fte de zor s\u0103 termine la timp o situa\u0163ie important\u0103. Rela\u0163ia dintre cel care de\u0163ine puterea \u015fi cel lipsit de ea se dezvolt\u0103 treptat, ar\u0103t\u00e2nd noi \u015fi noi fe\u0163e. In spiritul epocii \u0219i al ocaziei jubiliare, seara de Duminic\u0103 va fi deschis\u0103 cu muzic\u0103 de fanfar\u0103 de c\u0103tre invita\u021bii no\u0219tri de la Asocia\u021bia Artele Ceta\u021bii. <\/p>\n\n\n\n<figure class=\"wp-block-image size-large\"><img loading=\"lazy\" decoding=\"async\" width=\"1228\" height=\"1280\" src=\"https:\/\/urbeamea.ro\/albaiulia\/wp-content\/uploads\/2021\/07\/22-munteanDSC_8549-1228x1280.jpg\" alt=\"\" class=\"wp-image-97029\" srcset=\"https:\/\/urbeamea.ro\/albaiulia\/wp-content\/uploads\/2021\/07\/22-munteanDSC_8549-1228x1280.jpg 1228w, https:\/\/urbeamea.ro\/albaiulia\/wp-content\/uploads\/2021\/07\/22-munteanDSC_8549-614x640.jpg 614w, https:\/\/urbeamea.ro\/albaiulia\/wp-content\/uploads\/2021\/07\/22-munteanDSC_8549-144x150.jpg 144w, https:\/\/urbeamea.ro\/albaiulia\/wp-content\/uploads\/2021\/07\/22-munteanDSC_8549-768x801.jpg 768w, https:\/\/urbeamea.ro\/albaiulia\/wp-content\/uploads\/2021\/07\/22-munteanDSC_8549-1474x1536.jpg 1474w, https:\/\/urbeamea.ro\/albaiulia\/wp-content\/uploads\/2021\/07\/22-munteanDSC_8549.jpg 1535w\" sizes=\"auto, (max-width: 1228px) 100vw, 1228px\" \/><\/figure>\n\n\n\n<p>Curentul realist s-a dezvoltat \u00een secolul al XIX-lea, \u00een jurul anilor 1870, \u0219i a r\u0103mas prezent \u00een mare parte din secolul XX. Scopul sau a fost acela de a aduce o mai mare fidelitate a vie\u021bii reale textelor \u0219i spectacolelor. Teatrul realist recreaz\u0103 pe scen\u0103 pasaje autentice de via\u021b\u0103. Personajele vorbesc \u00een dialog naturalist, veridic, iar arta actorului este menit\u0103 s\u0103 reflecte c\u00e2t mai fidel comportamentul uman \u00een via\u021ba real\u0103. Nara\u021biunile sunt de obicei conduse psihologic \u0219i includ scenarii obi\u0219nuite, de zi cu zi. Realismul este esen\u021bial in dezvoltarea dramaturgiei moderne, iar A.P.Cehov este un autor exponen\u021bial, a c\u0103rui oper\u0103 reu\u0219e\u0219te s\u0103 r\u0103m\u00e2\u00e2n\u0103 mereu actual\u0103. <\/p>\n\n\n\n<p>Spectacolele sunt prezentate \u00een cadrul proiectului \u201dStagiunea cu Skepsis 2021\u201d \u2013 un proiect care urm\u0103re\u015fte implicarea tineretului \u00een diversificarea ofertei cultural-artistice a ora\u015fului \u015fi participarea civic\u0103 la via\u0163a sociocultural\u0103. Prin acest proiect Grupul Skepsis dezvolt\u0103 colabor\u0103ri artistice cu arti\u015fti din \u0163ar\u0103 \u015fi din str\u0103in\u0103tate, preg\u0103te\u015fte \u015fi ofer\u0103 \u00een mod riguros \u015fi sistematic publicului albaiulian spectacole de teatru \u015fi divertisment pe \u00eentreg parcursul anului. Proiectul este sus\u021binut de: Prim\u0103ria Municipiului Alba Iulia; Universitatea \u201d1 Decembrie 1918\u201d Alba Iulia; Casa de Cultura a Studentilor Alba Iulia; Funda\u0163ia \u201dInter Art\u201d Aiud; Crucea Ro\u0219ie Rom\u00e2n\u0103 \u2013 filiala Alba; \u00cen cazul vremii nefavorabile, spectacolele vor fi anulate \u0219i reprogramate. Nout\u0103\u021bi \u0219i detalii despre activit\u0103\u021bi pot fi urm\u0103rite pe pagina facebook a Organizatorului  https:\/\/www.facebook.com\/skepsis2002\/ Accesul publicului este gratuit la toate spectacolele, iar evenimentele culturale se vor desf\u0103\u0219ura cu respetarea m\u0103surilor de siguran\u021b\u0103 impuse de starea de alert\u0103 \u00een vigoare \u0219i a reglement\u0103rilor privitoare la accesul publicului &#8211;  http:\/\/legislatie.just.ro\/Public\/DetaliiDocumentAfis\/243448 \u2013 punctul 11.<\/p>\n\n\n\n<p>la nivelul jude\u021belor\/localit\u0103\u021bilor unde inciden\u021ba cumulat\u0103 la 14 zile este mai mic\u0103 sau egal\u0103 cu 3\/1.000 de locuitori, organizarea \u0219i desf\u0103\u0219urarea \u00een aer liber a spectacolelor, concertelor, festivalurilor publice \u0219i private sau a altor evenimente culturale sunt permise numai cu participarea a cel mult 2.500 de spectatori, cu asigurarea unei suprafe\u021be de 2 mp pentru fiecare persoan\u0103, precum \u0219i cu purtarea m\u0103\u0219tii de protec\u021bie. Participarea este permis\u0103 doar pentru persoanele care sunt vaccinate \u00eempotriva virusului SARS-CoV-2 pentru care au trecut 10 zile de la finalizarea schemei complete de vaccinare, persoanele care prezint\u0103 rezultatul negativ al unui test RT-PCR nu mai vechi de 72 de ore sau rezultatul negativ certificat al unui test antigen rapid nu mai vechi de 24 de ore, respectiv persoanele care se afl\u0103 \u00een perioada cuprins\u0103 \u00eentre a 15-a zi \u0219i a 90-a zi ulterioar\u0103 confirm\u0103rii infect\u0103rii cu virusul SARS-CoV-2, \u00een condi\u021biile stabilite prin ordinul comun al ministrului culturii \u0219i al ministrului s\u0103n\u0103t\u0103\u021bii, emis \u00een temeiul art. 44 \u0219i al art. 71 alin. (2) din Legea nr. 55\/2020, cu modific\u0103rile \u0219i complet\u0103rile ulterioare.<\/p>\n\n\n\n<p>IMPORTANT!<\/p>\n\n\n\n<p>Ne cerem scuze pentru inconvenien\u021be, \u00eens\u0103 \u0219i Organizatorul trebuie s\u0103 respecte condi\u021bii similare pentru a putea desf\u0103\u0219ura activit\u0103\u021bi culturale. Cu sus\u021binerea Partenerilor, Organizatorul pune la dispozi\u021bie publicului, gratuit, posibilitatea test\u0103rii rapide pentru acces la evenimente, caz \u00een care doritorii sunt ruga\u021bi s\u0103 se prezinte la locul de desf\u0103\u0219urare cu 60 min \u00eenainte de ora \u00eenceperii spectacolului!<\/p>\n","protected":false},"excerpt":{"rendered":"<p>Dup\u0103 nebunia Commediei dell Arte, v\u0103 invit\u0103m s\u0103 revenim cu picioarele pe p\u0103m\u00e2nt \u0219i v\u0103 prezent\u0103m \u00een serile de S\u00e2mb\u0103t\u0103 31 Iulie \u0219i Duminica 1 August, ora 20.00, \u00een curtea interioar\u0103 a Palatului Apor, spectacole bazate pe piese \u00eentr-un singur act semnate de A.P.Cehov! S\u00e2mb\u0103t\u0103, 31.07.2021, v\u0103 prezent\u0103m spectacolul\u201dCerere \u00een C\u0103s\u0103torie\u201d &#8211; Ivan Vasilievici, un &hellip;<\/p>\n","protected":false},"author":17,"featured_media":97030,"comment_status":"open","ping_status":"open","sticky":false,"template":"","format":"standard","meta":{"inline_featured_image":false,"footnotes":""},"categories":[4],"tags":[8460,23289,23375,23374],"class_list":["post-97028","post","type-post","status-publish","format-standard","has-post-thumbnail","hentry","category-eveniment","tag-commedia-dell-arte","tag-curtea-interioara-a-palatului-apor","tag-piese-intr-un-singur-act","tag-stagiune-cu-skepsis-2021"],"yoast_head":"<!-- This site is optimized with the Yoast SEO plugin v27.4 - https:\/\/yoast.com\/product\/yoast-seo-wordpress\/ -->\n<title>\u201dStagiunea cu Skepsis 2021\u201d continu\u0103 cu un weekend dedicat lumii lui Cehov \u0219i teatrului realist - Revista Urbea Mea - Revista de Alba<\/title>\n<meta name=\"description\" content=\"Dup\u0103 nebunia Commediei dell Arte, v\u0103 invit\u0103m s\u0103 revenim cu picioarele pe p\u0103m\u00e2nt \u0219i v\u0103 prezent\u0103m \u00een serile de S\u00e2mb\u0103t\u0103 31 Iulie \u0219i Duminica 1 August, ora\" \/>\n<meta name=\"robots\" content=\"index, follow, max-snippet:-1, max-image-preview:large, max-video-preview:-1\" \/>\n<link rel=\"canonical\" href=\"https:\/\/urbeamea.ro\/albaiulia\/stagiunea-cu-skepsis-2021-continua-cu-un-weekend-dedicat-lumii-lui-cehov-i-teatrului-realist\/\" \/>\n<meta name=\"twitter:card\" content=\"summary_large_image\" \/>\n<meta name=\"twitter:title\" content=\"\u201dStagiunea cu Skepsis 2021\u201d continu\u0103 cu un weekend dedicat lumii lui Cehov \u0219i teatrului realist - Revista Urbea Mea - Revista de Alba\" \/>\n<meta name=\"twitter:description\" content=\"Dup\u0103 nebunia Commediei dell Arte, v\u0103 invit\u0103m s\u0103 revenim cu picioarele pe p\u0103m\u00e2nt \u0219i v\u0103 prezent\u0103m \u00een serile de S\u00e2mb\u0103t\u0103 31 Iulie \u0219i Duminica 1 August, ora\" \/>\n<meta name=\"twitter:image\" content=\"https:\/\/urbeamea.ro\/albaiulia\/wp-content\/uploads\/2021\/07\/21-jubileul-muntean-DSC_8401.jpg\" \/>\n<meta name=\"twitter:creator\" content=\"@urbeameaweb\" \/>\n<meta name=\"twitter:site\" content=\"@urbeameaweb\" \/>\n<script type=\"application\/ld+json\" class=\"yoast-schema-graph\">{\"@context\":\"https:\\\/\\\/schema.org\",\"@graph\":[{\"@type\":\"Article\",\"@id\":\"https:\\\/\\\/urbeamea.ro\\\/albaiulia\\\/stagiunea-cu-skepsis-2021-continua-cu-un-weekend-dedicat-lumii-lui-cehov-i-teatrului-realist\\\/#article\",\"isPartOf\":{\"@id\":\"https:\\\/\\\/urbeamea.ro\\\/albaiulia\\\/stagiunea-cu-skepsis-2021-continua-cu-un-weekend-dedicat-lumii-lui-cehov-i-teatrului-realist\\\/\"},\"author\":{\"name\":\"Cristina Ganga\",\"@id\":\"https:\\\/\\\/urbeamea.ro\\\/albaiulia\\\/#\\\/schema\\\/person\\\/9700d21fae21c4f038b0b56f4506264a\"},\"headline\":\"\u201dStagiunea cu Skepsis 2021\u201d continu\u0103 cu un weekend dedicat lumii lui Cehov \u0219i teatrului realist\",\"datePublished\":\"2021-07-28T10:00:51+00:00\",\"dateModified\":\"2021-07-30T06:14:22+00:00\",\"mainEntityOfPage\":{\"@id\":\"https:\\\/\\\/urbeamea.ro\\\/albaiulia\\\/stagiunea-cu-skepsis-2021-continua-cu-un-weekend-dedicat-lumii-lui-cehov-i-teatrului-realist\\\/\"},\"wordCount\":789,\"commentCount\":0,\"image\":{\"@id\":\"https:\\\/\\\/urbeamea.ro\\\/albaiulia\\\/stagiunea-cu-skepsis-2021-continua-cu-un-weekend-dedicat-lumii-lui-cehov-i-teatrului-realist\\\/#primaryimage\"},\"thumbnailUrl\":\"https:\\\/\\\/urbeamea.ro\\\/albaiulia\\\/wp-content\\\/uploads\\\/2021\\\/07\\\/21-jubileul-muntean-DSC_8401.jpg\",\"keywords\":[\"Commedia dell Arte\",\"curtea interioara a palatului apor\",\"piese intr-un singur act\",\"stagiune cu skepsis 2021\"],\"articleSection\":[\"Evenimente\"],\"inLanguage\":\"ro-RO\",\"potentialAction\":[{\"@type\":\"CommentAction\",\"name\":\"Comment\",\"target\":[\"https:\\\/\\\/urbeamea.ro\\\/albaiulia\\\/stagiunea-cu-skepsis-2021-continua-cu-un-weekend-dedicat-lumii-lui-cehov-i-teatrului-realist\\\/#respond\"]}]},{\"@type\":\"WebPage\",\"@id\":\"https:\\\/\\\/urbeamea.ro\\\/albaiulia\\\/stagiunea-cu-skepsis-2021-continua-cu-un-weekend-dedicat-lumii-lui-cehov-i-teatrului-realist\\\/\",\"url\":\"https:\\\/\\\/urbeamea.ro\\\/albaiulia\\\/stagiunea-cu-skepsis-2021-continua-cu-un-weekend-dedicat-lumii-lui-cehov-i-teatrului-realist\\\/\",\"name\":\"\u201dStagiunea cu Skepsis 2021\u201d continu\u0103 cu un weekend dedicat lumii lui Cehov \u0219i teatrului realist - Revista Urbea Mea - Revista de Alba\",\"isPartOf\":{\"@id\":\"https:\\\/\\\/urbeamea.ro\\\/albaiulia\\\/#website\"},\"primaryImageOfPage\":{\"@id\":\"https:\\\/\\\/urbeamea.ro\\\/albaiulia\\\/stagiunea-cu-skepsis-2021-continua-cu-un-weekend-dedicat-lumii-lui-cehov-i-teatrului-realist\\\/#primaryimage\"},\"image\":{\"@id\":\"https:\\\/\\\/urbeamea.ro\\\/albaiulia\\\/stagiunea-cu-skepsis-2021-continua-cu-un-weekend-dedicat-lumii-lui-cehov-i-teatrului-realist\\\/#primaryimage\"},\"thumbnailUrl\":\"https:\\\/\\\/urbeamea.ro\\\/albaiulia\\\/wp-content\\\/uploads\\\/2021\\\/07\\\/21-jubileul-muntean-DSC_8401.jpg\",\"datePublished\":\"2021-07-28T10:00:51+00:00\",\"dateModified\":\"2021-07-30T06:14:22+00:00\",\"author\":{\"@id\":\"https:\\\/\\\/urbeamea.ro\\\/albaiulia\\\/#\\\/schema\\\/person\\\/9700d21fae21c4f038b0b56f4506264a\"},\"description\":\"Dup\u0103 nebunia Commediei dell Arte, v\u0103 invit\u0103m s\u0103 revenim cu picioarele pe p\u0103m\u00e2nt \u0219i v\u0103 prezent\u0103m \u00een serile de S\u00e2mb\u0103t\u0103 31 Iulie \u0219i Duminica 1 August, ora\",\"breadcrumb\":{\"@id\":\"https:\\\/\\\/urbeamea.ro\\\/albaiulia\\\/stagiunea-cu-skepsis-2021-continua-cu-un-weekend-dedicat-lumii-lui-cehov-i-teatrului-realist\\\/#breadcrumb\"},\"inLanguage\":\"ro-RO\",\"potentialAction\":[{\"@type\":\"ReadAction\",\"target\":[\"https:\\\/\\\/urbeamea.ro\\\/albaiulia\\\/stagiunea-cu-skepsis-2021-continua-cu-un-weekend-dedicat-lumii-lui-cehov-i-teatrului-realist\\\/\"]}]},{\"@type\":\"ImageObject\",\"inLanguage\":\"ro-RO\",\"@id\":\"https:\\\/\\\/urbeamea.ro\\\/albaiulia\\\/stagiunea-cu-skepsis-2021-continua-cu-un-weekend-dedicat-lumii-lui-cehov-i-teatrului-realist\\\/#primaryimage\",\"url\":\"https:\\\/\\\/urbeamea.ro\\\/albaiulia\\\/wp-content\\\/uploads\\\/2021\\\/07\\\/21-jubileul-muntean-DSC_8401.jpg\",\"contentUrl\":\"https:\\\/\\\/urbeamea.ro\\\/albaiulia\\\/wp-content\\\/uploads\\\/2021\\\/07\\\/21-jubileul-muntean-DSC_8401.jpg\",\"width\":1600,\"height\":1067},{\"@type\":\"BreadcrumbList\",\"@id\":\"https:\\\/\\\/urbeamea.ro\\\/albaiulia\\\/stagiunea-cu-skepsis-2021-continua-cu-un-weekend-dedicat-lumii-lui-cehov-i-teatrului-realist\\\/#breadcrumb\",\"itemListElement\":[{\"@type\":\"ListItem\",\"position\":1,\"name\":\"Prima pagin\u0103\",\"item\":\"https:\\\/\\\/urbeamea.ro\\\/albaiulia\\\/\"},{\"@type\":\"ListItem\",\"position\":2,\"name\":\"\u201dStagiunea cu Skepsis 2021\u201d continu\u0103 cu un weekend dedicat lumii lui Cehov \u0219i teatrului realist\"}]},{\"@type\":\"WebSite\",\"@id\":\"https:\\\/\\\/urbeamea.ro\\\/albaiulia\\\/#website\",\"url\":\"https:\\\/\\\/urbeamea.ro\\\/albaiulia\\\/\",\"name\":\"Revista Urbea Mea, Stiri urbane\",\"description\":\"Evenimente \u0219i \u0219tiri din Alba Iulia, Sebe\u0219, Aiud, Blaj\",\"potentialAction\":[{\"@type\":\"SearchAction\",\"target\":{\"@type\":\"EntryPoint\",\"urlTemplate\":\"https:\\\/\\\/urbeamea.ro\\\/albaiulia\\\/?s={search_term_string}\"},\"query-input\":{\"@type\":\"PropertyValueSpecification\",\"valueRequired\":true,\"valueName\":\"search_term_string\"}}],\"inLanguage\":\"ro-RO\"},{\"@type\":\"Person\",\"@id\":\"https:\\\/\\\/urbeamea.ro\\\/albaiulia\\\/#\\\/schema\\\/person\\\/9700d21fae21c4f038b0b56f4506264a\",\"name\":\"Cristina Ganga\",\"image\":{\"@type\":\"ImageObject\",\"inLanguage\":\"ro-RO\",\"@id\":\"https:\\\/\\\/secure.gravatar.com\\\/avatar\\\/5a67661041f057b4a8ccaf26f5a8e86e2689372006d01faf3dd9eeb10b654bb4?s=96&d=mm&r=g\",\"url\":\"https:\\\/\\\/secure.gravatar.com\\\/avatar\\\/5a67661041f057b4a8ccaf26f5a8e86e2689372006d01faf3dd9eeb10b654bb4?s=96&d=mm&r=g\",\"contentUrl\":\"https:\\\/\\\/secure.gravatar.com\\\/avatar\\\/5a67661041f057b4a8ccaf26f5a8e86e2689372006d01faf3dd9eeb10b654bb4?s=96&d=mm&r=g\",\"caption\":\"Cristina Ganga\"},\"description\":\"Jurnalist\",\"sameAs\":[\"https:\\\/\\\/www.facebook.com\\\/cristina.nicola.587\"],\"url\":\"https:\\\/\\\/urbeamea.ro\\\/albaiulia\\\/author\\\/cristina-nicola\\\/\"}]}<\/script>\n<!-- \/ Yoast SEO plugin. -->","yoast_head_json":{"title":"\u201dStagiunea cu Skepsis 2021\u201d continu\u0103 cu un weekend dedicat lumii lui Cehov \u0219i teatrului realist - Revista Urbea Mea - Revista de Alba","description":"Dup\u0103 nebunia Commediei dell Arte, v\u0103 invit\u0103m s\u0103 revenim cu picioarele pe p\u0103m\u00e2nt \u0219i v\u0103 prezent\u0103m \u00een serile de S\u00e2mb\u0103t\u0103 31 Iulie \u0219i Duminica 1 August, ora","robots":{"index":"index","follow":"follow","max-snippet":"max-snippet:-1","max-image-preview":"max-image-preview:large","max-video-preview":"max-video-preview:-1"},"canonical":"https:\/\/urbeamea.ro\/albaiulia\/stagiunea-cu-skepsis-2021-continua-cu-un-weekend-dedicat-lumii-lui-cehov-i-teatrului-realist\/","twitter_card":"summary_large_image","twitter_title":"\u201dStagiunea cu Skepsis 2021\u201d continu\u0103 cu un weekend dedicat lumii lui Cehov \u0219i teatrului realist - Revista Urbea Mea - Revista de Alba","twitter_description":"Dup\u0103 nebunia Commediei dell Arte, v\u0103 invit\u0103m s\u0103 revenim cu picioarele pe p\u0103m\u00e2nt \u0219i v\u0103 prezent\u0103m \u00een serile de S\u00e2mb\u0103t\u0103 31 Iulie \u0219i Duminica 1 August, ora","twitter_image":"https:\/\/urbeamea.ro\/albaiulia\/wp-content\/uploads\/2021\/07\/21-jubileul-muntean-DSC_8401.jpg","twitter_creator":"@urbeameaweb","twitter_site":"@urbeameaweb","schema":{"@context":"https:\/\/schema.org","@graph":[{"@type":"Article","@id":"https:\/\/urbeamea.ro\/albaiulia\/stagiunea-cu-skepsis-2021-continua-cu-un-weekend-dedicat-lumii-lui-cehov-i-teatrului-realist\/#article","isPartOf":{"@id":"https:\/\/urbeamea.ro\/albaiulia\/stagiunea-cu-skepsis-2021-continua-cu-un-weekend-dedicat-lumii-lui-cehov-i-teatrului-realist\/"},"author":{"name":"Cristina Ganga","@id":"https:\/\/urbeamea.ro\/albaiulia\/#\/schema\/person\/9700d21fae21c4f038b0b56f4506264a"},"headline":"\u201dStagiunea cu Skepsis 2021\u201d continu\u0103 cu un weekend dedicat lumii lui Cehov \u0219i teatrului realist","datePublished":"2021-07-28T10:00:51+00:00","dateModified":"2021-07-30T06:14:22+00:00","mainEntityOfPage":{"@id":"https:\/\/urbeamea.ro\/albaiulia\/stagiunea-cu-skepsis-2021-continua-cu-un-weekend-dedicat-lumii-lui-cehov-i-teatrului-realist\/"},"wordCount":789,"commentCount":0,"image":{"@id":"https:\/\/urbeamea.ro\/albaiulia\/stagiunea-cu-skepsis-2021-continua-cu-un-weekend-dedicat-lumii-lui-cehov-i-teatrului-realist\/#primaryimage"},"thumbnailUrl":"https:\/\/urbeamea.ro\/albaiulia\/wp-content\/uploads\/2021\/07\/21-jubileul-muntean-DSC_8401.jpg","keywords":["Commedia dell Arte","curtea interioara a palatului apor","piese intr-un singur act","stagiune cu skepsis 2021"],"articleSection":["Evenimente"],"inLanguage":"ro-RO","potentialAction":[{"@type":"CommentAction","name":"Comment","target":["https:\/\/urbeamea.ro\/albaiulia\/stagiunea-cu-skepsis-2021-continua-cu-un-weekend-dedicat-lumii-lui-cehov-i-teatrului-realist\/#respond"]}]},{"@type":"WebPage","@id":"https:\/\/urbeamea.ro\/albaiulia\/stagiunea-cu-skepsis-2021-continua-cu-un-weekend-dedicat-lumii-lui-cehov-i-teatrului-realist\/","url":"https:\/\/urbeamea.ro\/albaiulia\/stagiunea-cu-skepsis-2021-continua-cu-un-weekend-dedicat-lumii-lui-cehov-i-teatrului-realist\/","name":"\u201dStagiunea cu Skepsis 2021\u201d continu\u0103 cu un weekend dedicat lumii lui Cehov \u0219i teatrului realist - Revista Urbea Mea - Revista de Alba","isPartOf":{"@id":"https:\/\/urbeamea.ro\/albaiulia\/#website"},"primaryImageOfPage":{"@id":"https:\/\/urbeamea.ro\/albaiulia\/stagiunea-cu-skepsis-2021-continua-cu-un-weekend-dedicat-lumii-lui-cehov-i-teatrului-realist\/#primaryimage"},"image":{"@id":"https:\/\/urbeamea.ro\/albaiulia\/stagiunea-cu-skepsis-2021-continua-cu-un-weekend-dedicat-lumii-lui-cehov-i-teatrului-realist\/#primaryimage"},"thumbnailUrl":"https:\/\/urbeamea.ro\/albaiulia\/wp-content\/uploads\/2021\/07\/21-jubileul-muntean-DSC_8401.jpg","datePublished":"2021-07-28T10:00:51+00:00","dateModified":"2021-07-30T06:14:22+00:00","author":{"@id":"https:\/\/urbeamea.ro\/albaiulia\/#\/schema\/person\/9700d21fae21c4f038b0b56f4506264a"},"description":"Dup\u0103 nebunia Commediei dell Arte, v\u0103 invit\u0103m s\u0103 revenim cu picioarele pe p\u0103m\u00e2nt \u0219i v\u0103 prezent\u0103m \u00een serile de S\u00e2mb\u0103t\u0103 31 Iulie \u0219i Duminica 1 August, ora","breadcrumb":{"@id":"https:\/\/urbeamea.ro\/albaiulia\/stagiunea-cu-skepsis-2021-continua-cu-un-weekend-dedicat-lumii-lui-cehov-i-teatrului-realist\/#breadcrumb"},"inLanguage":"ro-RO","potentialAction":[{"@type":"ReadAction","target":["https:\/\/urbeamea.ro\/albaiulia\/stagiunea-cu-skepsis-2021-continua-cu-un-weekend-dedicat-lumii-lui-cehov-i-teatrului-realist\/"]}]},{"@type":"ImageObject","inLanguage":"ro-RO","@id":"https:\/\/urbeamea.ro\/albaiulia\/stagiunea-cu-skepsis-2021-continua-cu-un-weekend-dedicat-lumii-lui-cehov-i-teatrului-realist\/#primaryimage","url":"https:\/\/urbeamea.ro\/albaiulia\/wp-content\/uploads\/2021\/07\/21-jubileul-muntean-DSC_8401.jpg","contentUrl":"https:\/\/urbeamea.ro\/albaiulia\/wp-content\/uploads\/2021\/07\/21-jubileul-muntean-DSC_8401.jpg","width":1600,"height":1067},{"@type":"BreadcrumbList","@id":"https:\/\/urbeamea.ro\/albaiulia\/stagiunea-cu-skepsis-2021-continua-cu-un-weekend-dedicat-lumii-lui-cehov-i-teatrului-realist\/#breadcrumb","itemListElement":[{"@type":"ListItem","position":1,"name":"Prima pagin\u0103","item":"https:\/\/urbeamea.ro\/albaiulia\/"},{"@type":"ListItem","position":2,"name":"\u201dStagiunea cu Skepsis 2021\u201d continu\u0103 cu un weekend dedicat lumii lui Cehov \u0219i teatrului realist"}]},{"@type":"WebSite","@id":"https:\/\/urbeamea.ro\/albaiulia\/#website","url":"https:\/\/urbeamea.ro\/albaiulia\/","name":"Revista Urbea Mea, Stiri urbane","description":"Evenimente \u0219i \u0219tiri din Alba Iulia, Sebe\u0219, Aiud, Blaj","potentialAction":[{"@type":"SearchAction","target":{"@type":"EntryPoint","urlTemplate":"https:\/\/urbeamea.ro\/albaiulia\/?s={search_term_string}"},"query-input":{"@type":"PropertyValueSpecification","valueRequired":true,"valueName":"search_term_string"}}],"inLanguage":"ro-RO"},{"@type":"Person","@id":"https:\/\/urbeamea.ro\/albaiulia\/#\/schema\/person\/9700d21fae21c4f038b0b56f4506264a","name":"Cristina Ganga","image":{"@type":"ImageObject","inLanguage":"ro-RO","@id":"https:\/\/secure.gravatar.com\/avatar\/5a67661041f057b4a8ccaf26f5a8e86e2689372006d01faf3dd9eeb10b654bb4?s=96&d=mm&r=g","url":"https:\/\/secure.gravatar.com\/avatar\/5a67661041f057b4a8ccaf26f5a8e86e2689372006d01faf3dd9eeb10b654bb4?s=96&d=mm&r=g","contentUrl":"https:\/\/secure.gravatar.com\/avatar\/5a67661041f057b4a8ccaf26f5a8e86e2689372006d01faf3dd9eeb10b654bb4?s=96&d=mm&r=g","caption":"Cristina Ganga"},"description":"Jurnalist","sameAs":["https:\/\/www.facebook.com\/cristina.nicola.587"],"url":"https:\/\/urbeamea.ro\/albaiulia\/author\/cristina-nicola\/"}]}},"_links":{"self":[{"href":"https:\/\/urbeamea.ro\/albaiulia\/wp-json\/wp\/v2\/posts\/97028","targetHints":{"allow":["GET"]}}],"collection":[{"href":"https:\/\/urbeamea.ro\/albaiulia\/wp-json\/wp\/v2\/posts"}],"about":[{"href":"https:\/\/urbeamea.ro\/albaiulia\/wp-json\/wp\/v2\/types\/post"}],"author":[{"embeddable":true,"href":"https:\/\/urbeamea.ro\/albaiulia\/wp-json\/wp\/v2\/users\/17"}],"replies":[{"embeddable":true,"href":"https:\/\/urbeamea.ro\/albaiulia\/wp-json\/wp\/v2\/comments?post=97028"}],"version-history":[{"count":2,"href":"https:\/\/urbeamea.ro\/albaiulia\/wp-json\/wp\/v2\/posts\/97028\/revisions"}],"predecessor-version":[{"id":97035,"href":"https:\/\/urbeamea.ro\/albaiulia\/wp-json\/wp\/v2\/posts\/97028\/revisions\/97035"}],"wp:featuredmedia":[{"embeddable":true,"href":"https:\/\/urbeamea.ro\/albaiulia\/wp-json\/wp\/v2\/media\/97030"}],"wp:attachment":[{"href":"https:\/\/urbeamea.ro\/albaiulia\/wp-json\/wp\/v2\/media?parent=97028"}],"wp:term":[{"taxonomy":"category","embeddable":true,"href":"https:\/\/urbeamea.ro\/albaiulia\/wp-json\/wp\/v2\/categories?post=97028"},{"taxonomy":"post_tag","embeddable":true,"href":"https:\/\/urbeamea.ro\/albaiulia\/wp-json\/wp\/v2\/tags?post=97028"}],"curies":[{"name":"wp","href":"https:\/\/api.w.org\/{rel}","templated":true}]}}