{"id":97162,"date":"2021-08-02T16:00:58","date_gmt":"2021-08-02T13:00:58","guid":{"rendered":"https:\/\/urbeamea.ro\/albaiulia\/?p=97162"},"modified":"2021-08-02T16:01:01","modified_gmt":"2021-08-02T13:01:01","slug":"marti-exponatul-lunii-august-la-muzeul-national-al-unirii-alba-iulia-2","status":"publish","type":"post","link":"https:\/\/urbeamea.ro\/albaiulia\/marti-exponatul-lunii-august-la-muzeul-national-al-unirii-alba-iulia-2\/","title":{"rendered":"Mar\u021bi: Exponatul lunii august la Muzeul Na\u021bional al Unirii Alba Iulia"},"content":{"rendered":"\n<h2 class=\"wp-block-heading\">Mar\u021bi, 3.08.2021, ora 11, la Muzeul Na\u021bional al Unirii Alba Iulia va fi vernisat\u0103 miniexpozi\u021bia,<em>\u00a0Exponatul lunii august.\u00a0<\/em><\/h2>\n\n\n\n<p class=\"wp-block-paragraph\">Cu aceast\u0103 ocazie va fi expus\u0103 o tip\u0103ritur\u0103 din anul 1911, intitulat\u0103\u00a0<em>Biserica Sf. Unirii din T\u00e2mp\u0103haza &#8211; Uifal\u0103u.<\/em>Cartea, ap\u0103rut\u0103 \u00eentr-o edi\u021bie limitat\u0103, are ca autor pe Monseniorul Iacob Radu, fratele episcopului Demetriu Radu. <\/p>\n\n\n\n<p class=\"wp-block-paragraph\">Ambele personalit\u0103\u021bi au fost prezente la Alba Iulia, la 1 decembrie 1918, f\u0103c\u00e2nd parte din cei 1228 de delega\u021bi oficiali, care au votat unirea Transilvaniei, Banatului, Cri\u0219anei \u0219i Maramure\u0219ului cu Rom\u00e2nia.<\/p>\n\n\n\n<p class=\"wp-block-paragraph\">Evenimentu este organizat de Consiliul Jude\u021bean Alba \u0219i Muzeul Na\u021bional al Unirii Alba Iulia.<\/p>\n","protected":false},"excerpt":{"rendered":"<p>Mar\u021bi, 3.08.2021, ora 11, la Muzeul Na\u021bional al Unirii Alba Iulia va fi vernisat\u0103 miniexpozi\u021bia,\u00a0Exponatul lunii august.\u00a0 Cu aceast\u0103 ocazie va fi expus\u0103 o tip\u0103ritur\u0103 din anul 1911, intitulat\u0103\u00a0Biserica Sf. Unirii din T\u00e2mp\u0103haza &#8211; Uifal\u0103u.Cartea, ap\u0103rut\u0103 \u00eentr-o edi\u021bie limitat\u0103, are ca autor pe Monseniorul Iacob Radu, fratele episcopului Demetriu Radu. Ambele personalit\u0103\u021bi au fost prezente &hellip;<\/p>\n","protected":false},"author":17,"featured_media":97163,"comment_status":"open","ping_status":"open","sticky":false,"template":"","format":"standard","meta":{"inline_featured_image":false,"footnotes":""},"categories":[8857],"tags":[11955,23396,16775,418],"class_list":["post-97162","post","type-post","status-publish","format-standard","has-post-thumbnail","hentry","category-istorie","tag-exponatul-lunii-august","tag-miniexpozitie","tag-muzeul-national-al-unirii-din-alba-iulia","tag-vernisaj"],"yoast_head":"<!-- This site is optimized with the Yoast SEO plugin v28.3 - https:\/\/yoast.com\/product\/yoast-seo-wordpress\/ -->\n<title>Mar\u021bi: Exponatul lunii august la Muzeul Na\u021bional al Unirii Alba Iulia - Revista Urbea Mea - Revista de Alba<\/title>\n<meta name=\"description\" content=\"Mar\u021bi, 3.08.2021, ora 11, la Muzeul Na\u021bional al Unirii Alba Iulia va fi vernisat\u0103 miniexpozi\u021bia,\u00a0Exponatul lunii august.\u00a0 Cu aceast\u0103 ocazie va fi expus\u0103 o\" \/>\n<meta name=\"robots\" content=\"index, follow, max-snippet:-1, max-image-preview:large, max-video-preview:-1\" \/>\n<link rel=\"canonical\" href=\"https:\/\/urbeamea.ro\/albaiulia\/marti-exponatul-lunii-august-la-muzeul-national-al-unirii-alba-iulia-2\/\" \/>\n<meta name=\"twitter:card\" content=\"summary_large_image\" \/>\n<meta name=\"twitter:title\" content=\"Mar\u021bi: Exponatul lunii august la Muzeul Na\u021bional al Unirii Alba Iulia - Revista Urbea Mea - Revista de Alba\" \/>\n<meta name=\"twitter:description\" content=\"Mar\u021bi, 3.08.2021, ora 11, la Muzeul Na\u021bional al Unirii Alba Iulia va fi vernisat\u0103 miniexpozi\u021bia,\u00a0Exponatul lunii august.\u00a0 Cu aceast\u0103 ocazie va fi expus\u0103 o\" \/>\n<meta name=\"twitter:image\" content=\"https:\/\/urbeamea.ro\/albaiulia\/wp-content\/uploads\/2021\/08\/AFIS-EXPONAT-august.jpg\" \/>\n<meta name=\"twitter:creator\" content=\"@urbeameaweb\" \/>\n<meta name=\"twitter:site\" content=\"@urbeameaweb\" \/>\n<script type=\"application\/ld+json\" class=\"yoast-schema-graph\">{\"@context\":\"https:\\\/\\\/schema.org\",\"@graph\":[{\"@type\":\"Article\",\"@id\":\"https:\\\/\\\/urbeamea.ro\\\/albaiulia\\\/marti-exponatul-lunii-august-la-muzeul-national-al-unirii-alba-iulia-2\\\/#article\",\"isPartOf\":{\"@id\":\"https:\\\/\\\/urbeamea.ro\\\/albaiulia\\\/marti-exponatul-lunii-august-la-muzeul-national-al-unirii-alba-iulia-2\\\/\"},\"author\":{\"name\":\"Cristina Ganga\",\"@id\":\"https:\\\/\\\/urbeamea.ro\\\/albaiulia\\\/#\\\/schema\\\/person\\\/9700d21fae21c4f038b0b56f4506264a\"},\"headline\":\"Mar\u021bi: Exponatul lunii august la Muzeul Na\u021bional al Unirii Alba Iulia\",\"datePublished\":\"2021-08-02T13:00:58+00:00\",\"dateModified\":\"2021-08-02T13:01:01+00:00\",\"mainEntityOfPage\":{\"@id\":\"https:\\\/\\\/urbeamea.ro\\\/albaiulia\\\/marti-exponatul-lunii-august-la-muzeul-national-al-unirii-alba-iulia-2\\\/\"},\"wordCount\":123,\"commentCount\":0,\"image\":{\"@id\":\"https:\\\/\\\/urbeamea.ro\\\/albaiulia\\\/marti-exponatul-lunii-august-la-muzeul-national-al-unirii-alba-iulia-2\\\/#primaryimage\"},\"thumbnailUrl\":\"https:\\\/\\\/urbeamea.ro\\\/albaiulia\\\/wp-content\\\/uploads\\\/2021\\\/08\\\/AFIS-EXPONAT-august.jpg\",\"keywords\":[\"exponatul lunii august\",\"miniexpozitie\",\"muzeul national al unirii din alba iulia\",\"vernisaj\"],\"articleSection\":[\"Istorie\"],\"inLanguage\":\"ro-RO\",\"potentialAction\":[{\"@type\":\"CommentAction\",\"name\":\"Comment\",\"target\":[\"https:\\\/\\\/urbeamea.ro\\\/albaiulia\\\/marti-exponatul-lunii-august-la-muzeul-national-al-unirii-alba-iulia-2\\\/#respond\"]}]},{\"@type\":\"WebPage\",\"@id\":\"https:\\\/\\\/urbeamea.ro\\\/albaiulia\\\/marti-exponatul-lunii-august-la-muzeul-national-al-unirii-alba-iulia-2\\\/\",\"url\":\"https:\\\/\\\/urbeamea.ro\\\/albaiulia\\\/marti-exponatul-lunii-august-la-muzeul-national-al-unirii-alba-iulia-2\\\/\",\"name\":\"Mar\u021bi: Exponatul lunii august la Muzeul Na\u021bional al Unirii Alba Iulia - Revista Urbea Mea - Revista de Alba\",\"isPartOf\":{\"@id\":\"https:\\\/\\\/urbeamea.ro\\\/albaiulia\\\/#website\"},\"primaryImageOfPage\":{\"@id\":\"https:\\\/\\\/urbeamea.ro\\\/albaiulia\\\/marti-exponatul-lunii-august-la-muzeul-national-al-unirii-alba-iulia-2\\\/#primaryimage\"},\"image\":{\"@id\":\"https:\\\/\\\/urbeamea.ro\\\/albaiulia\\\/marti-exponatul-lunii-august-la-muzeul-national-al-unirii-alba-iulia-2\\\/#primaryimage\"},\"thumbnailUrl\":\"https:\\\/\\\/urbeamea.ro\\\/albaiulia\\\/wp-content\\\/uploads\\\/2021\\\/08\\\/AFIS-EXPONAT-august.jpg\",\"datePublished\":\"2021-08-02T13:00:58+00:00\",\"dateModified\":\"2021-08-02T13:01:01+00:00\",\"author\":{\"@id\":\"https:\\\/\\\/urbeamea.ro\\\/albaiulia\\\/#\\\/schema\\\/person\\\/9700d21fae21c4f038b0b56f4506264a\"},\"description\":\"Mar\u021bi, 3.08.2021, ora 11, la Muzeul Na\u021bional al Unirii Alba Iulia va fi vernisat\u0103 miniexpozi\u021bia,\u00a0Exponatul lunii august.\u00a0 Cu aceast\u0103 ocazie va fi expus\u0103 o\",\"breadcrumb\":{\"@id\":\"https:\\\/\\\/urbeamea.ro\\\/albaiulia\\\/marti-exponatul-lunii-august-la-muzeul-national-al-unirii-alba-iulia-2\\\/#breadcrumb\"},\"inLanguage\":\"ro-RO\",\"potentialAction\":[{\"@type\":\"ReadAction\",\"target\":[\"https:\\\/\\\/urbeamea.ro\\\/albaiulia\\\/marti-exponatul-lunii-august-la-muzeul-national-al-unirii-alba-iulia-2\\\/\"]}]},{\"@type\":\"ImageObject\",\"inLanguage\":\"ro-RO\",\"@id\":\"https:\\\/\\\/urbeamea.ro\\\/albaiulia\\\/marti-exponatul-lunii-august-la-muzeul-national-al-unirii-alba-iulia-2\\\/#primaryimage\",\"url\":\"https:\\\/\\\/urbeamea.ro\\\/albaiulia\\\/wp-content\\\/uploads\\\/2021\\\/08\\\/AFIS-EXPONAT-august.jpg\",\"contentUrl\":\"https:\\\/\\\/urbeamea.ro\\\/albaiulia\\\/wp-content\\\/uploads\\\/2021\\\/08\\\/AFIS-EXPONAT-august.jpg\",\"width\":1131,\"height\":1600},{\"@type\":\"BreadcrumbList\",\"@id\":\"https:\\\/\\\/urbeamea.ro\\\/albaiulia\\\/marti-exponatul-lunii-august-la-muzeul-national-al-unirii-alba-iulia-2\\\/#breadcrumb\",\"itemListElement\":[{\"@type\":\"ListItem\",\"position\":1,\"name\":\"Prima pagin\u0103\",\"item\":\"https:\\\/\\\/urbeamea.ro\\\/albaiulia\\\/\"},{\"@type\":\"ListItem\",\"position\":2,\"name\":\"Mar\u021bi: Exponatul lunii august la Muzeul Na\u021bional al Unirii Alba Iulia\"}]},{\"@type\":\"WebSite\",\"@id\":\"https:\\\/\\\/urbeamea.ro\\\/albaiulia\\\/#website\",\"url\":\"https:\\\/\\\/urbeamea.ro\\\/albaiulia\\\/\",\"name\":\"Revista Urbea Mea, Stiri urbane\",\"description\":\"Evenimente \u0219i \u0219tiri din Alba Iulia, Sebe\u0219, Aiud, Blaj\",\"potentialAction\":[{\"@type\":\"SearchAction\",\"target\":{\"@type\":\"EntryPoint\",\"urlTemplate\":\"https:\\\/\\\/urbeamea.ro\\\/albaiulia\\\/?s={search_term_string}\"},\"query-input\":{\"@type\":\"PropertyValueSpecification\",\"valueRequired\":true,\"valueName\":\"search_term_string\"}}],\"inLanguage\":\"ro-RO\"},{\"@type\":\"Person\",\"@id\":\"https:\\\/\\\/urbeamea.ro\\\/albaiulia\\\/#\\\/schema\\\/person\\\/9700d21fae21c4f038b0b56f4506264a\",\"name\":\"Cristina Ganga\",\"image\":{\"@type\":\"ImageObject\",\"inLanguage\":\"ro-RO\",\"@id\":\"https:\\\/\\\/secure.gravatar.com\\\/avatar\\\/5a67661041f057b4a8ccaf26f5a8e86e2689372006d01faf3dd9eeb10b654bb4?s=96&d=mm&r=g\",\"url\":\"https:\\\/\\\/secure.gravatar.com\\\/avatar\\\/5a67661041f057b4a8ccaf26f5a8e86e2689372006d01faf3dd9eeb10b654bb4?s=96&d=mm&r=g\",\"contentUrl\":\"https:\\\/\\\/secure.gravatar.com\\\/avatar\\\/5a67661041f057b4a8ccaf26f5a8e86e2689372006d01faf3dd9eeb10b654bb4?s=96&d=mm&r=g\",\"caption\":\"Cristina Ganga\"},\"description\":\"Jurnalist\",\"sameAs\":[\"https:\\\/\\\/www.facebook.com\\\/cristina.nicola.587\"],\"url\":\"https:\\\/\\\/urbeamea.ro\\\/albaiulia\\\/author\\\/cristina-nicola\\\/\"}]}<\/script>\n<!-- \/ Yoast SEO plugin. -->","yoast_head_json":{"title":"Mar\u021bi: Exponatul lunii august la Muzeul Na\u021bional al Unirii Alba Iulia - Revista Urbea Mea - Revista de Alba","description":"Mar\u021bi, 3.08.2021, ora 11, la Muzeul Na\u021bional al Unirii Alba Iulia va fi vernisat\u0103 miniexpozi\u021bia,\u00a0Exponatul lunii august.\u00a0 Cu aceast\u0103 ocazie va fi expus\u0103 o","robots":{"index":"index","follow":"follow","max-snippet":"max-snippet:-1","max-image-preview":"max-image-preview:large","max-video-preview":"max-video-preview:-1"},"canonical":"https:\/\/urbeamea.ro\/albaiulia\/marti-exponatul-lunii-august-la-muzeul-national-al-unirii-alba-iulia-2\/","twitter_card":"summary_large_image","twitter_title":"Mar\u021bi: Exponatul lunii august la Muzeul Na\u021bional al Unirii Alba Iulia - Revista Urbea Mea - Revista de Alba","twitter_description":"Mar\u021bi, 3.08.2021, ora 11, la Muzeul Na\u021bional al Unirii Alba Iulia va fi vernisat\u0103 miniexpozi\u021bia,\u00a0Exponatul lunii august.\u00a0 Cu aceast\u0103 ocazie va fi expus\u0103 o","twitter_image":"https:\/\/urbeamea.ro\/albaiulia\/wp-content\/uploads\/2021\/08\/AFIS-EXPONAT-august.jpg","twitter_creator":"@urbeameaweb","twitter_site":"@urbeameaweb","schema":{"@context":"https:\/\/schema.org","@graph":[{"@type":"Article","@id":"https:\/\/urbeamea.ro\/albaiulia\/marti-exponatul-lunii-august-la-muzeul-national-al-unirii-alba-iulia-2\/#article","isPartOf":{"@id":"https:\/\/urbeamea.ro\/albaiulia\/marti-exponatul-lunii-august-la-muzeul-national-al-unirii-alba-iulia-2\/"},"author":{"name":"Cristina Ganga","@id":"https:\/\/urbeamea.ro\/albaiulia\/#\/schema\/person\/9700d21fae21c4f038b0b56f4506264a"},"headline":"Mar\u021bi: Exponatul lunii august la Muzeul Na\u021bional al Unirii Alba Iulia","datePublished":"2021-08-02T13:00:58+00:00","dateModified":"2021-08-02T13:01:01+00:00","mainEntityOfPage":{"@id":"https:\/\/urbeamea.ro\/albaiulia\/marti-exponatul-lunii-august-la-muzeul-national-al-unirii-alba-iulia-2\/"},"wordCount":123,"commentCount":0,"image":{"@id":"https:\/\/urbeamea.ro\/albaiulia\/marti-exponatul-lunii-august-la-muzeul-national-al-unirii-alba-iulia-2\/#primaryimage"},"thumbnailUrl":"https:\/\/urbeamea.ro\/albaiulia\/wp-content\/uploads\/2021\/08\/AFIS-EXPONAT-august.jpg","keywords":["exponatul lunii august","miniexpozitie","muzeul national al unirii din alba iulia","vernisaj"],"articleSection":["Istorie"],"inLanguage":"ro-RO","potentialAction":[{"@type":"CommentAction","name":"Comment","target":["https:\/\/urbeamea.ro\/albaiulia\/marti-exponatul-lunii-august-la-muzeul-national-al-unirii-alba-iulia-2\/#respond"]}]},{"@type":"WebPage","@id":"https:\/\/urbeamea.ro\/albaiulia\/marti-exponatul-lunii-august-la-muzeul-national-al-unirii-alba-iulia-2\/","url":"https:\/\/urbeamea.ro\/albaiulia\/marti-exponatul-lunii-august-la-muzeul-national-al-unirii-alba-iulia-2\/","name":"Mar\u021bi: Exponatul lunii august la Muzeul Na\u021bional al Unirii Alba Iulia - Revista Urbea Mea - Revista de Alba","isPartOf":{"@id":"https:\/\/urbeamea.ro\/albaiulia\/#website"},"primaryImageOfPage":{"@id":"https:\/\/urbeamea.ro\/albaiulia\/marti-exponatul-lunii-august-la-muzeul-national-al-unirii-alba-iulia-2\/#primaryimage"},"image":{"@id":"https:\/\/urbeamea.ro\/albaiulia\/marti-exponatul-lunii-august-la-muzeul-national-al-unirii-alba-iulia-2\/#primaryimage"},"thumbnailUrl":"https:\/\/urbeamea.ro\/albaiulia\/wp-content\/uploads\/2021\/08\/AFIS-EXPONAT-august.jpg","datePublished":"2021-08-02T13:00:58+00:00","dateModified":"2021-08-02T13:01:01+00:00","author":{"@id":"https:\/\/urbeamea.ro\/albaiulia\/#\/schema\/person\/9700d21fae21c4f038b0b56f4506264a"},"description":"Mar\u021bi, 3.08.2021, ora 11, la Muzeul Na\u021bional al Unirii Alba Iulia va fi vernisat\u0103 miniexpozi\u021bia,\u00a0Exponatul lunii august.\u00a0 Cu aceast\u0103 ocazie va fi expus\u0103 o","breadcrumb":{"@id":"https:\/\/urbeamea.ro\/albaiulia\/marti-exponatul-lunii-august-la-muzeul-national-al-unirii-alba-iulia-2\/#breadcrumb"},"inLanguage":"ro-RO","potentialAction":[{"@type":"ReadAction","target":["https:\/\/urbeamea.ro\/albaiulia\/marti-exponatul-lunii-august-la-muzeul-national-al-unirii-alba-iulia-2\/"]}]},{"@type":"ImageObject","inLanguage":"ro-RO","@id":"https:\/\/urbeamea.ro\/albaiulia\/marti-exponatul-lunii-august-la-muzeul-national-al-unirii-alba-iulia-2\/#primaryimage","url":"https:\/\/urbeamea.ro\/albaiulia\/wp-content\/uploads\/2021\/08\/AFIS-EXPONAT-august.jpg","contentUrl":"https:\/\/urbeamea.ro\/albaiulia\/wp-content\/uploads\/2021\/08\/AFIS-EXPONAT-august.jpg","width":1131,"height":1600},{"@type":"BreadcrumbList","@id":"https:\/\/urbeamea.ro\/albaiulia\/marti-exponatul-lunii-august-la-muzeul-national-al-unirii-alba-iulia-2\/#breadcrumb","itemListElement":[{"@type":"ListItem","position":1,"name":"Prima pagin\u0103","item":"https:\/\/urbeamea.ro\/albaiulia\/"},{"@type":"ListItem","position":2,"name":"Mar\u021bi: Exponatul lunii august la Muzeul Na\u021bional al Unirii Alba Iulia"}]},{"@type":"WebSite","@id":"https:\/\/urbeamea.ro\/albaiulia\/#website","url":"https:\/\/urbeamea.ro\/albaiulia\/","name":"Revista Urbea Mea, Stiri urbane","description":"Evenimente \u0219i \u0219tiri din Alba Iulia, Sebe\u0219, Aiud, Blaj","potentialAction":[{"@type":"SearchAction","target":{"@type":"EntryPoint","urlTemplate":"https:\/\/urbeamea.ro\/albaiulia\/?s={search_term_string}"},"query-input":{"@type":"PropertyValueSpecification","valueRequired":true,"valueName":"search_term_string"}}],"inLanguage":"ro-RO"},{"@type":"Person","@id":"https:\/\/urbeamea.ro\/albaiulia\/#\/schema\/person\/9700d21fae21c4f038b0b56f4506264a","name":"Cristina Ganga","image":{"@type":"ImageObject","inLanguage":"ro-RO","@id":"https:\/\/secure.gravatar.com\/avatar\/5a67661041f057b4a8ccaf26f5a8e86e2689372006d01faf3dd9eeb10b654bb4?s=96&d=mm&r=g","url":"https:\/\/secure.gravatar.com\/avatar\/5a67661041f057b4a8ccaf26f5a8e86e2689372006d01faf3dd9eeb10b654bb4?s=96&d=mm&r=g","contentUrl":"https:\/\/secure.gravatar.com\/avatar\/5a67661041f057b4a8ccaf26f5a8e86e2689372006d01faf3dd9eeb10b654bb4?s=96&d=mm&r=g","caption":"Cristina Ganga"},"description":"Jurnalist","sameAs":["https:\/\/www.facebook.com\/cristina.nicola.587"],"url":"https:\/\/urbeamea.ro\/albaiulia\/author\/cristina-nicola\/"}]}},"_links":{"self":[{"href":"https:\/\/urbeamea.ro\/albaiulia\/wp-json\/wp\/v2\/posts\/97162","targetHints":{"allow":["GET"]}}],"collection":[{"href":"https:\/\/urbeamea.ro\/albaiulia\/wp-json\/wp\/v2\/posts"}],"about":[{"href":"https:\/\/urbeamea.ro\/albaiulia\/wp-json\/wp\/v2\/types\/post"}],"author":[{"embeddable":true,"href":"https:\/\/urbeamea.ro\/albaiulia\/wp-json\/wp\/v2\/users\/17"}],"replies":[{"embeddable":true,"href":"https:\/\/urbeamea.ro\/albaiulia\/wp-json\/wp\/v2\/comments?post=97162"}],"version-history":[{"count":1,"href":"https:\/\/urbeamea.ro\/albaiulia\/wp-json\/wp\/v2\/posts\/97162\/revisions"}],"predecessor-version":[{"id":97164,"href":"https:\/\/urbeamea.ro\/albaiulia\/wp-json\/wp\/v2\/posts\/97162\/revisions\/97164"}],"wp:featuredmedia":[{"embeddable":true,"href":"https:\/\/urbeamea.ro\/albaiulia\/wp-json\/wp\/v2\/media\/97163"}],"wp:attachment":[{"href":"https:\/\/urbeamea.ro\/albaiulia\/wp-json\/wp\/v2\/media?parent=97162"}],"wp:term":[{"taxonomy":"category","embeddable":true,"href":"https:\/\/urbeamea.ro\/albaiulia\/wp-json\/wp\/v2\/categories?post=97162"},{"taxonomy":"post_tag","embeddable":true,"href":"https:\/\/urbeamea.ro\/albaiulia\/wp-json\/wp\/v2\/tags?post=97162"}],"curies":[{"name":"wp","href":"https:\/\/api.w.org\/{rel}","templated":true}]}}