{"id":97292,"date":"2021-08-10T22:10:08","date_gmt":"2021-08-10T19:10:08","guid":{"rendered":"https:\/\/urbeamea.ro\/albaiulia\/?p=97292"},"modified":"2021-08-10T22:10:11","modified_gmt":"2021-08-10T19:10:11","slug":"carti-noi-la-biblioteca-judeteana-lucian-blaga-alba","status":"publish","type":"post","link":"https:\/\/urbeamea.ro\/albaiulia\/carti-noi-la-biblioteca-judeteana-lucian-blaga-alba\/","title":{"rendered":"C\u0103r\u021bi noi la Biblioteca Jude\u021bean\u0103 \u201eLucian Blaga\u201d Alba"},"content":{"rendered":"\n<h2 class=\"wp-block-heading\">Achizi\u0163ia de unit\u0103\u0163i de bibliotec\u0103 (car\u0163i, ziare, reviste, CD-uri, DVD-uri, e-Book etc.), prelucrarea \u0219i punerea lor \u00een circula\u021bie este activitatea principal\u0103 a oric\u0103rei biblioteci publice. <\/h2>\n\n\n\n<p class=\"wp-block-paragraph\">\u00cennoirea \u0219i diversificarea fondului de carte sunt dou\u0103 dintre obiectivele prioritare ale Bibliotecii Jude\u0163ene \u201eLucian Blaga&#8221; Alba, iar achizi\u021bia de c\u0103r\u021bi \u0219i abonamente la periodice (ziare \u0219i reviste) se face \u00een baza unei politici de achizi\u0163ie echilibrat\u0103, \u00een concordan\u021b\u0103 cu cerin\u021bele cititorilor \u015fi care s\u0103 poat\u0103 furniza o arie c\u00e2t mai larg\u0103 de cuno\u015ftin\u0163e din toate domeniile de activitate. Informarea privind produc\u0163ia editorial\u0103 se face prin intermediul t\u00e2rgurilor de carte, prin intermediul \u00eent\u00e2lnirilor directe cu editorii, scriitorii \u015fi librarii, de pe pagini \u0219i site-uri ale editurilor, prin contactare pe E-mail sau telefonic sau prin consult\u0103ri directe cu utilizatorii. Achizi\u021bia se realizeaz\u0103 de c\u0103tre compartimentul de achizi\u0163ie prin intermediul proiectului 1.1 Achizi\u021bie carte \u0219i periodice.<\/p>\n\n\n\n<p class=\"wp-block-paragraph\">\u0162in\u00e2nd cont de toate acestea, \u00een al doilea trimestru al anului 2021, Biblioteca Jude\u021bean\u0103 \u201eLucian Blaga\u201d Alba a alocat un buget de 45000,00 lei pentru achizi\u021bii de unit\u0103\u021bi de bibliotec\u0103, din care 44000,00 lei pentru carte \u0219i 400,00 lei pentru periodice. Au fost cheltui\u021bi 43154,26 lei pentru achizi\u021bie de carte \u0219i 400,00 lei pentru abonamente la periodice a\u0219a \u00eenc\u00e2t au intrat \u00een colec\u021biile bibliotecii 1647 de c\u0103r\u021bi noi. Tot \u00een acest an au intrat \u00een circuitul de \u00eemprumut al bibliotecii o serie de c\u0103r\u0163i, ziare \u015fi reviste primite ca dona\u0163ii de la institu\u0163ii sau persoane fizice sau ob\u0163inute prin schimburi interbibliotecare \u015fi interinstitu\u0163ionale.<\/p>\n\n\n\n<p class=\"wp-block-paragraph\">Av\u00e2nd \u00een vedere efortul financiar f\u0103cut, Biblioteca Jude\u0163ean\u0103 \u201eLucian Blaga\u201d Alba \u00ee\u015fi a\u015fteapt\u0103 \u0219i \u00een luna august cititorii, de luni p\u00e2n\u0103 vineri \u00eentre orele 9:00 &#8211; 17:00, cu o colec\u0163ie variat\u0103 \u015fi interesant\u0103 de c\u0103r\u0163i, ziare \u015fi reviste. \u00cei asigur\u0103m pe to\u0163i cititorii c\u0103 au fost luate toate m\u0103surile de protec\u0163ie \u015fi carantinare a c\u0103r\u0163ilor, \u00een a\u015fa fel \u00eenc\u00e2t s\u0103 nu existe nici cea mai mic\u0103 posibilitate de r\u0103sp\u00e2ndire a pandemiei generate de virusul Sars-Cov2, prin intermediul serviciilor de bibliotec\u0103. <\/p>\n\n\n\n<p class=\"wp-block-paragraph\">De asemenea \u00eei anun\u021b\u0103m pe to\u021bi iubitorii de carte c\u0103 au fost reluate activit\u0103\u021bile de anima\u021bie cultural\u0103 derulate \u00een aer liber iar cei interesa\u021bi se pot informa asupra programului de activit\u0103\u021bi de pe site-ul institu\u021biei noastre, la adresa <a href=\"https:\/\/www.bjalba.ro\/\">https:\/\/www.bjalba.ro\/<\/a> sau de pe pagina de Facebook, la adresa <a href=\"https:\/\/www.facebook.com\/BibliotecaJudeteanaLucianBlagaAlba\">https:\/\/www.facebook.com\/BibliotecaJudeteanaLucianBlagaAlba<\/a>.<\/p>\n","protected":false},"excerpt":{"rendered":"<p>Achizi\u0163ia de unit\u0103\u0163i de bibliotec\u0103 (car\u0163i, ziare, reviste, CD-uri, DVD-uri, e-Book etc.), prelucrarea \u0219i punerea lor \u00een circula\u021bie este activitatea principal\u0103 a oric\u0103rei biblioteci publice. \u00cennoirea \u0219i diversificarea fondului de carte sunt dou\u0103 dintre obiectivele prioritare ale Bibliotecii Jude\u0163ene \u201eLucian Blaga&#8221; Alba, iar achizi\u021bia de c\u0103r\u021bi \u0219i abonamente la periodice (ziare \u0219i reviste) se face &hellip;<\/p>\n","protected":false},"author":17,"featured_media":97293,"comment_status":"open","ping_status":"open","sticky":false,"template":"","format":"standard","meta":{"inline_featured_image":false,"footnotes":""},"categories":[2038],"tags":[7734,17081,23432,23433],"class_list":["post-97292","post","type-post","status-publish","format-standard","has-post-thumbnail","hentry","category-cultura","tag-achizitie","tag-biblioteca-judeteana-lucian-blaga-alba-2","tag-carti-noi","tag-unitati-de-biblioteca"],"yoast_head":"<!-- This site is optimized with the Yoast SEO plugin v28.3 - https:\/\/yoast.com\/product\/yoast-seo-wordpress\/ -->\n<title>C\u0103r\u021bi noi la Biblioteca Jude\u021bean\u0103 \u201eLucian Blaga\u201d Alba - Revista Urbea Mea - Revista de Alba<\/title>\n<meta name=\"description\" content=\"Achizi\u0163ia de unit\u0103\u0163i de bibliotec\u0103 (car\u0163i, ziare, reviste, CD-uri, DVD-uri, e-Book etc.), prelucrarea \u0219i punerea lor \u00een circula\u021bie este activitatea\" \/>\n<meta name=\"robots\" content=\"index, follow, max-snippet:-1, max-image-preview:large, max-video-preview:-1\" \/>\n<link rel=\"canonical\" href=\"https:\/\/urbeamea.ro\/albaiulia\/carti-noi-la-biblioteca-judeteana-lucian-blaga-alba\/\" \/>\n<meta name=\"twitter:card\" content=\"summary_large_image\" \/>\n<meta name=\"twitter:title\" content=\"C\u0103r\u021bi noi la Biblioteca Jude\u021bean\u0103 \u201eLucian Blaga\u201d Alba - Revista Urbea Mea - Revista de Alba\" \/>\n<meta name=\"twitter:description\" content=\"Achizi\u0163ia de unit\u0103\u0163i de bibliotec\u0103 (car\u0163i, ziare, reviste, CD-uri, DVD-uri, e-Book etc.), prelucrarea \u0219i punerea lor \u00een circula\u021bie este activitatea\" \/>\n<meta name=\"twitter:image\" content=\"https:\/\/urbeamea.ro\/albaiulia\/wp-content\/uploads\/2021\/08\/Foto-Fatada-BJA.jpg\" \/>\n<meta name=\"twitter:creator\" content=\"@urbeameaweb\" \/>\n<meta name=\"twitter:site\" content=\"@urbeameaweb\" \/>\n<script type=\"application\/ld+json\" class=\"yoast-schema-graph\">{\"@context\":\"https:\\\/\\\/schema.org\",\"@graph\":[{\"@type\":\"Article\",\"@id\":\"https:\\\/\\\/urbeamea.ro\\\/albaiulia\\\/carti-noi-la-biblioteca-judeteana-lucian-blaga-alba\\\/#article\",\"isPartOf\":{\"@id\":\"https:\\\/\\\/urbeamea.ro\\\/albaiulia\\\/carti-noi-la-biblioteca-judeteana-lucian-blaga-alba\\\/\"},\"author\":{\"name\":\"Cristina Ganga\",\"@id\":\"https:\\\/\\\/urbeamea.ro\\\/albaiulia\\\/#\\\/schema\\\/person\\\/9700d21fae21c4f038b0b56f4506264a\"},\"headline\":\"C\u0103r\u021bi noi la Biblioteca Jude\u021bean\u0103 \u201eLucian Blaga\u201d Alba\",\"datePublished\":\"2021-08-10T19:10:08+00:00\",\"dateModified\":\"2021-08-10T19:10:11+00:00\",\"mainEntityOfPage\":{\"@id\":\"https:\\\/\\\/urbeamea.ro\\\/albaiulia\\\/carti-noi-la-biblioteca-judeteana-lucian-blaga-alba\\\/\"},\"wordCount\":442,\"commentCount\":0,\"image\":{\"@id\":\"https:\\\/\\\/urbeamea.ro\\\/albaiulia\\\/carti-noi-la-biblioteca-judeteana-lucian-blaga-alba\\\/#primaryimage\"},\"thumbnailUrl\":\"https:\\\/\\\/urbeamea.ro\\\/albaiulia\\\/wp-content\\\/uploads\\\/2021\\\/08\\\/Foto-Fatada-BJA.jpg\",\"keywords\":[\"achizitie\",\"biblioteca judeteana lucian blaga alba\",\"carti noi\",\"unitati de biblioteca\"],\"articleSection\":[\"Cultur\u0103\"],\"inLanguage\":\"ro-RO\",\"potentialAction\":[{\"@type\":\"CommentAction\",\"name\":\"Comment\",\"target\":[\"https:\\\/\\\/urbeamea.ro\\\/albaiulia\\\/carti-noi-la-biblioteca-judeteana-lucian-blaga-alba\\\/#respond\"]}]},{\"@type\":\"WebPage\",\"@id\":\"https:\\\/\\\/urbeamea.ro\\\/albaiulia\\\/carti-noi-la-biblioteca-judeteana-lucian-blaga-alba\\\/\",\"url\":\"https:\\\/\\\/urbeamea.ro\\\/albaiulia\\\/carti-noi-la-biblioteca-judeteana-lucian-blaga-alba\\\/\",\"name\":\"C\u0103r\u021bi noi la Biblioteca Jude\u021bean\u0103 \u201eLucian Blaga\u201d Alba - Revista Urbea Mea - Revista de Alba\",\"isPartOf\":{\"@id\":\"https:\\\/\\\/urbeamea.ro\\\/albaiulia\\\/#website\"},\"primaryImageOfPage\":{\"@id\":\"https:\\\/\\\/urbeamea.ro\\\/albaiulia\\\/carti-noi-la-biblioteca-judeteana-lucian-blaga-alba\\\/#primaryimage\"},\"image\":{\"@id\":\"https:\\\/\\\/urbeamea.ro\\\/albaiulia\\\/carti-noi-la-biblioteca-judeteana-lucian-blaga-alba\\\/#primaryimage\"},\"thumbnailUrl\":\"https:\\\/\\\/urbeamea.ro\\\/albaiulia\\\/wp-content\\\/uploads\\\/2021\\\/08\\\/Foto-Fatada-BJA.jpg\",\"datePublished\":\"2021-08-10T19:10:08+00:00\",\"dateModified\":\"2021-08-10T19:10:11+00:00\",\"author\":{\"@id\":\"https:\\\/\\\/urbeamea.ro\\\/albaiulia\\\/#\\\/schema\\\/person\\\/9700d21fae21c4f038b0b56f4506264a\"},\"description\":\"Achizi\u0163ia de unit\u0103\u0163i de bibliotec\u0103 (car\u0163i, ziare, reviste, CD-uri, DVD-uri, e-Book etc.), prelucrarea \u0219i punerea lor \u00een circula\u021bie este activitatea\",\"breadcrumb\":{\"@id\":\"https:\\\/\\\/urbeamea.ro\\\/albaiulia\\\/carti-noi-la-biblioteca-judeteana-lucian-blaga-alba\\\/#breadcrumb\"},\"inLanguage\":\"ro-RO\",\"potentialAction\":[{\"@type\":\"ReadAction\",\"target\":[\"https:\\\/\\\/urbeamea.ro\\\/albaiulia\\\/carti-noi-la-biblioteca-judeteana-lucian-blaga-alba\\\/\"]}]},{\"@type\":\"ImageObject\",\"inLanguage\":\"ro-RO\",\"@id\":\"https:\\\/\\\/urbeamea.ro\\\/albaiulia\\\/carti-noi-la-biblioteca-judeteana-lucian-blaga-alba\\\/#primaryimage\",\"url\":\"https:\\\/\\\/urbeamea.ro\\\/albaiulia\\\/wp-content\\\/uploads\\\/2021\\\/08\\\/Foto-Fatada-BJA.jpg\",\"contentUrl\":\"https:\\\/\\\/urbeamea.ro\\\/albaiulia\\\/wp-content\\\/uploads\\\/2021\\\/08\\\/Foto-Fatada-BJA.jpg\",\"width\":1600,\"height\":900},{\"@type\":\"BreadcrumbList\",\"@id\":\"https:\\\/\\\/urbeamea.ro\\\/albaiulia\\\/carti-noi-la-biblioteca-judeteana-lucian-blaga-alba\\\/#breadcrumb\",\"itemListElement\":[{\"@type\":\"ListItem\",\"position\":1,\"name\":\"Prima pagin\u0103\",\"item\":\"https:\\\/\\\/urbeamea.ro\\\/albaiulia\\\/\"},{\"@type\":\"ListItem\",\"position\":2,\"name\":\"C\u0103r\u021bi noi la Biblioteca Jude\u021bean\u0103 \u201eLucian Blaga\u201d Alba\"}]},{\"@type\":\"WebSite\",\"@id\":\"https:\\\/\\\/urbeamea.ro\\\/albaiulia\\\/#website\",\"url\":\"https:\\\/\\\/urbeamea.ro\\\/albaiulia\\\/\",\"name\":\"Revista Urbea Mea, Stiri urbane\",\"description\":\"Evenimente \u0219i \u0219tiri din Alba Iulia, Sebe\u0219, Aiud, Blaj\",\"potentialAction\":[{\"@type\":\"SearchAction\",\"target\":{\"@type\":\"EntryPoint\",\"urlTemplate\":\"https:\\\/\\\/urbeamea.ro\\\/albaiulia\\\/?s={search_term_string}\"},\"query-input\":{\"@type\":\"PropertyValueSpecification\",\"valueRequired\":true,\"valueName\":\"search_term_string\"}}],\"inLanguage\":\"ro-RO\"},{\"@type\":\"Person\",\"@id\":\"https:\\\/\\\/urbeamea.ro\\\/albaiulia\\\/#\\\/schema\\\/person\\\/9700d21fae21c4f038b0b56f4506264a\",\"name\":\"Cristina Ganga\",\"image\":{\"@type\":\"ImageObject\",\"inLanguage\":\"ro-RO\",\"@id\":\"https:\\\/\\\/secure.gravatar.com\\\/avatar\\\/5a67661041f057b4a8ccaf26f5a8e86e2689372006d01faf3dd9eeb10b654bb4?s=96&d=mm&r=g\",\"url\":\"https:\\\/\\\/secure.gravatar.com\\\/avatar\\\/5a67661041f057b4a8ccaf26f5a8e86e2689372006d01faf3dd9eeb10b654bb4?s=96&d=mm&r=g\",\"contentUrl\":\"https:\\\/\\\/secure.gravatar.com\\\/avatar\\\/5a67661041f057b4a8ccaf26f5a8e86e2689372006d01faf3dd9eeb10b654bb4?s=96&d=mm&r=g\",\"caption\":\"Cristina Ganga\"},\"description\":\"Jurnalist\",\"sameAs\":[\"https:\\\/\\\/www.facebook.com\\\/cristina.nicola.587\"],\"url\":\"https:\\\/\\\/urbeamea.ro\\\/albaiulia\\\/author\\\/cristina-nicola\\\/\"}]}<\/script>\n<!-- \/ Yoast SEO plugin. -->","yoast_head_json":{"title":"C\u0103r\u021bi noi la Biblioteca Jude\u021bean\u0103 \u201eLucian Blaga\u201d Alba - Revista Urbea Mea - Revista de Alba","description":"Achizi\u0163ia de unit\u0103\u0163i de bibliotec\u0103 (car\u0163i, ziare, reviste, CD-uri, DVD-uri, e-Book etc.), prelucrarea \u0219i punerea lor \u00een circula\u021bie este activitatea","robots":{"index":"index","follow":"follow","max-snippet":"max-snippet:-1","max-image-preview":"max-image-preview:large","max-video-preview":"max-video-preview:-1"},"canonical":"https:\/\/urbeamea.ro\/albaiulia\/carti-noi-la-biblioteca-judeteana-lucian-blaga-alba\/","twitter_card":"summary_large_image","twitter_title":"C\u0103r\u021bi noi la Biblioteca Jude\u021bean\u0103 \u201eLucian Blaga\u201d Alba - Revista Urbea Mea - Revista de Alba","twitter_description":"Achizi\u0163ia de unit\u0103\u0163i de bibliotec\u0103 (car\u0163i, ziare, reviste, CD-uri, DVD-uri, e-Book etc.), prelucrarea \u0219i punerea lor \u00een circula\u021bie este activitatea","twitter_image":"https:\/\/urbeamea.ro\/albaiulia\/wp-content\/uploads\/2021\/08\/Foto-Fatada-BJA.jpg","twitter_creator":"@urbeameaweb","twitter_site":"@urbeameaweb","schema":{"@context":"https:\/\/schema.org","@graph":[{"@type":"Article","@id":"https:\/\/urbeamea.ro\/albaiulia\/carti-noi-la-biblioteca-judeteana-lucian-blaga-alba\/#article","isPartOf":{"@id":"https:\/\/urbeamea.ro\/albaiulia\/carti-noi-la-biblioteca-judeteana-lucian-blaga-alba\/"},"author":{"name":"Cristina Ganga","@id":"https:\/\/urbeamea.ro\/albaiulia\/#\/schema\/person\/9700d21fae21c4f038b0b56f4506264a"},"headline":"C\u0103r\u021bi noi la Biblioteca Jude\u021bean\u0103 \u201eLucian Blaga\u201d Alba","datePublished":"2021-08-10T19:10:08+00:00","dateModified":"2021-08-10T19:10:11+00:00","mainEntityOfPage":{"@id":"https:\/\/urbeamea.ro\/albaiulia\/carti-noi-la-biblioteca-judeteana-lucian-blaga-alba\/"},"wordCount":442,"commentCount":0,"image":{"@id":"https:\/\/urbeamea.ro\/albaiulia\/carti-noi-la-biblioteca-judeteana-lucian-blaga-alba\/#primaryimage"},"thumbnailUrl":"https:\/\/urbeamea.ro\/albaiulia\/wp-content\/uploads\/2021\/08\/Foto-Fatada-BJA.jpg","keywords":["achizitie","biblioteca judeteana lucian blaga alba","carti noi","unitati de biblioteca"],"articleSection":["Cultur\u0103"],"inLanguage":"ro-RO","potentialAction":[{"@type":"CommentAction","name":"Comment","target":["https:\/\/urbeamea.ro\/albaiulia\/carti-noi-la-biblioteca-judeteana-lucian-blaga-alba\/#respond"]}]},{"@type":"WebPage","@id":"https:\/\/urbeamea.ro\/albaiulia\/carti-noi-la-biblioteca-judeteana-lucian-blaga-alba\/","url":"https:\/\/urbeamea.ro\/albaiulia\/carti-noi-la-biblioteca-judeteana-lucian-blaga-alba\/","name":"C\u0103r\u021bi noi la Biblioteca Jude\u021bean\u0103 \u201eLucian Blaga\u201d Alba - Revista Urbea Mea - Revista de Alba","isPartOf":{"@id":"https:\/\/urbeamea.ro\/albaiulia\/#website"},"primaryImageOfPage":{"@id":"https:\/\/urbeamea.ro\/albaiulia\/carti-noi-la-biblioteca-judeteana-lucian-blaga-alba\/#primaryimage"},"image":{"@id":"https:\/\/urbeamea.ro\/albaiulia\/carti-noi-la-biblioteca-judeteana-lucian-blaga-alba\/#primaryimage"},"thumbnailUrl":"https:\/\/urbeamea.ro\/albaiulia\/wp-content\/uploads\/2021\/08\/Foto-Fatada-BJA.jpg","datePublished":"2021-08-10T19:10:08+00:00","dateModified":"2021-08-10T19:10:11+00:00","author":{"@id":"https:\/\/urbeamea.ro\/albaiulia\/#\/schema\/person\/9700d21fae21c4f038b0b56f4506264a"},"description":"Achizi\u0163ia de unit\u0103\u0163i de bibliotec\u0103 (car\u0163i, ziare, reviste, CD-uri, DVD-uri, e-Book etc.), prelucrarea \u0219i punerea lor \u00een circula\u021bie este activitatea","breadcrumb":{"@id":"https:\/\/urbeamea.ro\/albaiulia\/carti-noi-la-biblioteca-judeteana-lucian-blaga-alba\/#breadcrumb"},"inLanguage":"ro-RO","potentialAction":[{"@type":"ReadAction","target":["https:\/\/urbeamea.ro\/albaiulia\/carti-noi-la-biblioteca-judeteana-lucian-blaga-alba\/"]}]},{"@type":"ImageObject","inLanguage":"ro-RO","@id":"https:\/\/urbeamea.ro\/albaiulia\/carti-noi-la-biblioteca-judeteana-lucian-blaga-alba\/#primaryimage","url":"https:\/\/urbeamea.ro\/albaiulia\/wp-content\/uploads\/2021\/08\/Foto-Fatada-BJA.jpg","contentUrl":"https:\/\/urbeamea.ro\/albaiulia\/wp-content\/uploads\/2021\/08\/Foto-Fatada-BJA.jpg","width":1600,"height":900},{"@type":"BreadcrumbList","@id":"https:\/\/urbeamea.ro\/albaiulia\/carti-noi-la-biblioteca-judeteana-lucian-blaga-alba\/#breadcrumb","itemListElement":[{"@type":"ListItem","position":1,"name":"Prima pagin\u0103","item":"https:\/\/urbeamea.ro\/albaiulia\/"},{"@type":"ListItem","position":2,"name":"C\u0103r\u021bi noi la Biblioteca Jude\u021bean\u0103 \u201eLucian Blaga\u201d Alba"}]},{"@type":"WebSite","@id":"https:\/\/urbeamea.ro\/albaiulia\/#website","url":"https:\/\/urbeamea.ro\/albaiulia\/","name":"Revista Urbea Mea, Stiri urbane","description":"Evenimente \u0219i \u0219tiri din Alba Iulia, Sebe\u0219, Aiud, Blaj","potentialAction":[{"@type":"SearchAction","target":{"@type":"EntryPoint","urlTemplate":"https:\/\/urbeamea.ro\/albaiulia\/?s={search_term_string}"},"query-input":{"@type":"PropertyValueSpecification","valueRequired":true,"valueName":"search_term_string"}}],"inLanguage":"ro-RO"},{"@type":"Person","@id":"https:\/\/urbeamea.ro\/albaiulia\/#\/schema\/person\/9700d21fae21c4f038b0b56f4506264a","name":"Cristina Ganga","image":{"@type":"ImageObject","inLanguage":"ro-RO","@id":"https:\/\/secure.gravatar.com\/avatar\/5a67661041f057b4a8ccaf26f5a8e86e2689372006d01faf3dd9eeb10b654bb4?s=96&d=mm&r=g","url":"https:\/\/secure.gravatar.com\/avatar\/5a67661041f057b4a8ccaf26f5a8e86e2689372006d01faf3dd9eeb10b654bb4?s=96&d=mm&r=g","contentUrl":"https:\/\/secure.gravatar.com\/avatar\/5a67661041f057b4a8ccaf26f5a8e86e2689372006d01faf3dd9eeb10b654bb4?s=96&d=mm&r=g","caption":"Cristina Ganga"},"description":"Jurnalist","sameAs":["https:\/\/www.facebook.com\/cristina.nicola.587"],"url":"https:\/\/urbeamea.ro\/albaiulia\/author\/cristina-nicola\/"}]}},"_links":{"self":[{"href":"https:\/\/urbeamea.ro\/albaiulia\/wp-json\/wp\/v2\/posts\/97292","targetHints":{"allow":["GET"]}}],"collection":[{"href":"https:\/\/urbeamea.ro\/albaiulia\/wp-json\/wp\/v2\/posts"}],"about":[{"href":"https:\/\/urbeamea.ro\/albaiulia\/wp-json\/wp\/v2\/types\/post"}],"author":[{"embeddable":true,"href":"https:\/\/urbeamea.ro\/albaiulia\/wp-json\/wp\/v2\/users\/17"}],"replies":[{"embeddable":true,"href":"https:\/\/urbeamea.ro\/albaiulia\/wp-json\/wp\/v2\/comments?post=97292"}],"version-history":[{"count":1,"href":"https:\/\/urbeamea.ro\/albaiulia\/wp-json\/wp\/v2\/posts\/97292\/revisions"}],"predecessor-version":[{"id":97294,"href":"https:\/\/urbeamea.ro\/albaiulia\/wp-json\/wp\/v2\/posts\/97292\/revisions\/97294"}],"wp:featuredmedia":[{"embeddable":true,"href":"https:\/\/urbeamea.ro\/albaiulia\/wp-json\/wp\/v2\/media\/97293"}],"wp:attachment":[{"href":"https:\/\/urbeamea.ro\/albaiulia\/wp-json\/wp\/v2\/media?parent=97292"}],"wp:term":[{"taxonomy":"category","embeddable":true,"href":"https:\/\/urbeamea.ro\/albaiulia\/wp-json\/wp\/v2\/categories?post=97292"},{"taxonomy":"post_tag","embeddable":true,"href":"https:\/\/urbeamea.ro\/albaiulia\/wp-json\/wp\/v2\/tags?post=97292"}],"curies":[{"name":"wp","href":"https:\/\/api.w.org\/{rel}","templated":true}]}}