{"id":97348,"date":"2021-08-13T13:33:14","date_gmt":"2021-08-13T10:33:14","guid":{"rendered":"https:\/\/urbeamea.ro\/albaiulia\/?p=97348"},"modified":"2021-08-13T13:33:16","modified_gmt":"2021-08-13T10:33:16","slug":"absolventul-cristian-ciocmarean-admis-primul-la-piloti","status":"publish","type":"post","link":"https:\/\/urbeamea.ro\/albaiulia\/absolventul-cristian-ciocmarean-admis-primul-la-piloti\/","title":{"rendered":"Absolventul Cristian Ciocm\u0103rean, admis primul la pilo\u021bi"},"content":{"rendered":"\n<h2 class=\"wp-block-heading\">Cristian se preg\u0103te\u0219te s\u0103 \u00eembrace \u00een cur\u00e2nd combinezonul de zbor, fiind admis primul la specializarea avia\u021bie pilo\u021bi aeronave din cadrul Academiei For\u021belor Aeriene \u201eHenri Coand\u0103\u201d Bra\u0219ov. El a avut media de reparti\u021bie 9,57 \u0219i a ocupat primul loc din cele alocate pentru colegiile na\u021bionale militare. <\/h2>\n\n\n\n<p class=\"wp-block-paragraph\">Recunoa\u0219te c\u0103 nu i-a fost u\u0219or s\u0103 \u00ee\u0219i \u00eemplineasc\u0103 visul de a deveni pilot: a trebuit s\u0103 treac\u0103 de testele complexe \u0219i riguroase, mult\u0103 munc\u0103 dar \u0219i determinare. <\/p>\n\n\n\n<blockquote class=\"wp-block-quote is-layout-flow wp-block-quote-is-layout-flow\"><p>\u201e\u00cen via\u021ba fiec\u0103rui t\u00e2n\u0103r vine un moment \u00een care trebuie s\u0103 decid\u0103 ceea \u00ee\u0219i dore\u0219te s\u0103 fac\u0103 \u00een viitor. Pentru mine, aceast\u0103 alegere a fost una plin\u0103 de emo\u021bii \u0219i cu un final fericit \u00een care avea s\u0103 mi se \u00eemplineasc\u0103 un mare vis, acela de a deveni pilot militar. \u00cenc\u0103 de la \u00eenceputul anilor de liceu am auzit de la colegii mai mari despre dificultatea ridicat\u0103 a probelor medicale \u0219i de concuren\u021ba la examenul de admitere, iar primul meu g\u00e2nd \u0219i cel pe care l-am purtat cu mine mereu a fost: dac\u0103 asta \u00eemi este menit, asta o s\u0103 se \u00eent\u00e2mple. Cu mult\u0103 determinare, curaj \u0219i \u00eencredere \u00een mine am reu\u0219it s\u0103 le trec, iar ce a urmat dup\u0103, a\u0219 numi \u00een termeni simpli mult\u0103 munc\u0103 ghidat\u0103 de dorin\u021b\u0103. F\u0103r\u0103 ajutorul profesorilor \u0219i al cadrelor militare care m-au \u00eendrumat, acest rezultat nu ar fi fost posibil\u201d,<\/p><cite>spune Cristian.<\/cite><\/blockquote>\n\n\n\n<p class=\"wp-block-paragraph\">Aflat \u00een fa\u021ba unei mari provoc\u0103ri, Cristian \u00ee\u0219i \u00eendeamn\u0103 colegii mai mici, care se g\u00e2ndesc s\u0103 urmeze acela\u0219i drum, s\u0103 \u00eendr\u0103zneasc\u0103 s\u0103 cread\u0103 c\u0103 orice este posibil, dar s\u0103 fie echilibra\u021bi.<\/p>\n\n\n\n<blockquote class=\"wp-block-quote is-layout-flow wp-block-quote-is-layout-flow\"><p>\u201eSfatul meu pentru colegii mai mici care ar dori s\u0103 urmeze acest drum este s\u0103 aib\u0103 curaj \u0219i \u00eencredere \u00een ei \u00een\u0219i\u0219i, s\u0103 \u00ee\u0219i doreasc\u0103 acest lucru cu adev\u0103rat \u0219i s\u0103 \u00eencerce s\u0103 duc\u0103 o via\u021b\u0103 c\u00e2t mai echilibrat\u0103\u201d, este mesajul lui Cristian care \u00eencheie cu un citat din Henri Coand\u0103, patronul spiritual al Academiei For\u0163elor Aeriene din Bra\u0219ov, institu\u021bie \u00een care se va preg\u0103ti pentru a deveni pilot: \u201eViitorul este suma pa\u015filor pe care \u00eei facem, inclusiv a celor mici, ignora\u0163i sau lua\u0163i \u00een r\u00e2s\u201d.<\/p><\/blockquote>\n\n\n\n<p class=\"wp-block-paragraph\">Felicit\u0103ri, Cristian, suntem m\u00e2ndri de realiz\u0103rile tale \u0219i \u00ee\u021bi dorim mult succes \u00een tot ceea ce \u00ee\u021bi propui s\u0103 realizezi pe viitor! Cer senin!<\/p>\n","protected":false},"excerpt":{"rendered":"<p>Cristian se preg\u0103te\u0219te s\u0103 \u00eembrace \u00een cur\u00e2nd combinezonul de zbor, fiind admis primul la specializarea avia\u021bie pilo\u021bi aeronave din cadrul Academiei For\u021belor Aeriene \u201eHenri Coand\u0103\u201d Bra\u0219ov. El a avut media de reparti\u021bie 9,57 \u0219i a ocupat primul loc din cele alocate pentru colegiile na\u021bionale militare. Recunoa\u0219te c\u0103 nu i-a fost u\u0219or s\u0103 \u00ee\u0219i \u00eemplineasc\u0103 visul &hellip;<\/p>\n","protected":false},"author":17,"featured_media":97349,"comment_status":"open","ping_status":"open","sticky":false,"template":"","format":"standard","meta":{"inline_featured_image":false,"footnotes":""},"categories":[2039],"tags":[23449,18313,23450,11032,23451],"class_list":["post-97348","post","type-post","status-publish","format-standard","has-post-thumbnail","hentry","category-educatie","tag-absolventul-cristian-ciocmarean","tag-academia-fortelor-aeriene-henri-coanda-brasov","tag-admis-primul","tag-colegiul-national-militar-mihai-viteazul-alba-iulia","tag-piloti"],"yoast_head":"<!-- This site is optimized with the Yoast SEO plugin v28.3 - https:\/\/yoast.com\/product\/yoast-seo-wordpress\/ -->\n<title>Absolventul Cristian Ciocm\u0103rean, admis primul la pilo\u021bi - Revista Urbea Mea - Revista de Alba<\/title>\n<meta name=\"description\" content=\"Cristian se preg\u0103te\u0219te s\u0103 \u00eembrace \u00een cur\u00e2nd combinezonul de zbor, fiind admis primul la specializarea avia\u021bie pilo\u021bi aeronave din cadrul Academiei\" \/>\n<meta name=\"robots\" content=\"index, follow, max-snippet:-1, max-image-preview:large, max-video-preview:-1\" \/>\n<link rel=\"canonical\" href=\"https:\/\/urbeamea.ro\/albaiulia\/absolventul-cristian-ciocmarean-admis-primul-la-piloti\/\" \/>\n<meta name=\"twitter:card\" content=\"summary_large_image\" \/>\n<meta name=\"twitter:title\" content=\"Absolventul Cristian Ciocm\u0103rean, admis primul la pilo\u021bi - Revista Urbea Mea - Revista de Alba\" \/>\n<meta name=\"twitter:description\" content=\"Cristian se preg\u0103te\u0219te s\u0103 \u00eembrace \u00een cur\u00e2nd combinezonul de zbor, fiind admis primul la specializarea avia\u021bie pilo\u021bi aeronave din cadrul Academiei\" \/>\n<meta name=\"twitter:image\" content=\"https:\/\/urbeamea.ro\/albaiulia\/wp-content\/uploads\/2021\/08\/236608945_1897979797043001_4184472520425097123_n.jpg\" \/>\n<meta name=\"twitter:creator\" content=\"@urbeameaweb\" \/>\n<meta name=\"twitter:site\" content=\"@urbeameaweb\" \/>\n<script type=\"application\/ld+json\" class=\"yoast-schema-graph\">{\"@context\":\"https:\\\/\\\/schema.org\",\"@graph\":[{\"@type\":\"Article\",\"@id\":\"https:\\\/\\\/urbeamea.ro\\\/albaiulia\\\/absolventul-cristian-ciocmarean-admis-primul-la-piloti\\\/#article\",\"isPartOf\":{\"@id\":\"https:\\\/\\\/urbeamea.ro\\\/albaiulia\\\/absolventul-cristian-ciocmarean-admis-primul-la-piloti\\\/\"},\"author\":{\"name\":\"Cristina Ganga\",\"@id\":\"https:\\\/\\\/urbeamea.ro\\\/albaiulia\\\/#\\\/schema\\\/person\\\/9700d21fae21c4f038b0b56f4506264a\"},\"headline\":\"Absolventul Cristian Ciocm\u0103rean, admis primul la pilo\u021bi\",\"datePublished\":\"2021-08-13T10:33:14+00:00\",\"dateModified\":\"2021-08-13T10:33:16+00:00\",\"mainEntityOfPage\":{\"@id\":\"https:\\\/\\\/urbeamea.ro\\\/albaiulia\\\/absolventul-cristian-ciocmarean-admis-primul-la-piloti\\\/\"},\"wordCount\":414,\"commentCount\":0,\"image\":{\"@id\":\"https:\\\/\\\/urbeamea.ro\\\/albaiulia\\\/absolventul-cristian-ciocmarean-admis-primul-la-piloti\\\/#primaryimage\"},\"thumbnailUrl\":\"https:\\\/\\\/urbeamea.ro\\\/albaiulia\\\/wp-content\\\/uploads\\\/2021\\\/08\\\/236608945_1897979797043001_4184472520425097123_n.jpg\",\"keywords\":[\"absolventul cristian ciocmarean\",\"academia fortelor aeriene henri coanda brasov\",\"admis primul\",\"colegiul national militar mihai viteazul alba iulia\",\"piloti\"],\"articleSection\":[\"Educa\u021bie\"],\"inLanguage\":\"ro-RO\",\"potentialAction\":[{\"@type\":\"CommentAction\",\"name\":\"Comment\",\"target\":[\"https:\\\/\\\/urbeamea.ro\\\/albaiulia\\\/absolventul-cristian-ciocmarean-admis-primul-la-piloti\\\/#respond\"]}]},{\"@type\":\"WebPage\",\"@id\":\"https:\\\/\\\/urbeamea.ro\\\/albaiulia\\\/absolventul-cristian-ciocmarean-admis-primul-la-piloti\\\/\",\"url\":\"https:\\\/\\\/urbeamea.ro\\\/albaiulia\\\/absolventul-cristian-ciocmarean-admis-primul-la-piloti\\\/\",\"name\":\"Absolventul Cristian Ciocm\u0103rean, admis primul la pilo\u021bi - Revista Urbea Mea - Revista de Alba\",\"isPartOf\":{\"@id\":\"https:\\\/\\\/urbeamea.ro\\\/albaiulia\\\/#website\"},\"primaryImageOfPage\":{\"@id\":\"https:\\\/\\\/urbeamea.ro\\\/albaiulia\\\/absolventul-cristian-ciocmarean-admis-primul-la-piloti\\\/#primaryimage\"},\"image\":{\"@id\":\"https:\\\/\\\/urbeamea.ro\\\/albaiulia\\\/absolventul-cristian-ciocmarean-admis-primul-la-piloti\\\/#primaryimage\"},\"thumbnailUrl\":\"https:\\\/\\\/urbeamea.ro\\\/albaiulia\\\/wp-content\\\/uploads\\\/2021\\\/08\\\/236608945_1897979797043001_4184472520425097123_n.jpg\",\"datePublished\":\"2021-08-13T10:33:14+00:00\",\"dateModified\":\"2021-08-13T10:33:16+00:00\",\"author\":{\"@id\":\"https:\\\/\\\/urbeamea.ro\\\/albaiulia\\\/#\\\/schema\\\/person\\\/9700d21fae21c4f038b0b56f4506264a\"},\"description\":\"Cristian se preg\u0103te\u0219te s\u0103 \u00eembrace \u00een cur\u00e2nd combinezonul de zbor, fiind admis primul la specializarea avia\u021bie pilo\u021bi aeronave din cadrul Academiei\",\"breadcrumb\":{\"@id\":\"https:\\\/\\\/urbeamea.ro\\\/albaiulia\\\/absolventul-cristian-ciocmarean-admis-primul-la-piloti\\\/#breadcrumb\"},\"inLanguage\":\"ro-RO\",\"potentialAction\":[{\"@type\":\"ReadAction\",\"target\":[\"https:\\\/\\\/urbeamea.ro\\\/albaiulia\\\/absolventul-cristian-ciocmarean-admis-primul-la-piloti\\\/\"]}]},{\"@type\":\"ImageObject\",\"inLanguage\":\"ro-RO\",\"@id\":\"https:\\\/\\\/urbeamea.ro\\\/albaiulia\\\/absolventul-cristian-ciocmarean-admis-primul-la-piloti\\\/#primaryimage\",\"url\":\"https:\\\/\\\/urbeamea.ro\\\/albaiulia\\\/wp-content\\\/uploads\\\/2021\\\/08\\\/236608945_1897979797043001_4184472520425097123_n.jpg\",\"contentUrl\":\"https:\\\/\\\/urbeamea.ro\\\/albaiulia\\\/wp-content\\\/uploads\\\/2021\\\/08\\\/236608945_1897979797043001_4184472520425097123_n.jpg\",\"width\":1367,\"height\":1725},{\"@type\":\"BreadcrumbList\",\"@id\":\"https:\\\/\\\/urbeamea.ro\\\/albaiulia\\\/absolventul-cristian-ciocmarean-admis-primul-la-piloti\\\/#breadcrumb\",\"itemListElement\":[{\"@type\":\"ListItem\",\"position\":1,\"name\":\"Prima pagin\u0103\",\"item\":\"https:\\\/\\\/urbeamea.ro\\\/albaiulia\\\/\"},{\"@type\":\"ListItem\",\"position\":2,\"name\":\"Absolventul Cristian Ciocm\u0103rean, admis primul la pilo\u021bi\"}]},{\"@type\":\"WebSite\",\"@id\":\"https:\\\/\\\/urbeamea.ro\\\/albaiulia\\\/#website\",\"url\":\"https:\\\/\\\/urbeamea.ro\\\/albaiulia\\\/\",\"name\":\"Revista Urbea Mea, Stiri urbane\",\"description\":\"Evenimente \u0219i \u0219tiri din Alba Iulia, Sebe\u0219, Aiud, Blaj\",\"potentialAction\":[{\"@type\":\"SearchAction\",\"target\":{\"@type\":\"EntryPoint\",\"urlTemplate\":\"https:\\\/\\\/urbeamea.ro\\\/albaiulia\\\/?s={search_term_string}\"},\"query-input\":{\"@type\":\"PropertyValueSpecification\",\"valueRequired\":true,\"valueName\":\"search_term_string\"}}],\"inLanguage\":\"ro-RO\"},{\"@type\":\"Person\",\"@id\":\"https:\\\/\\\/urbeamea.ro\\\/albaiulia\\\/#\\\/schema\\\/person\\\/9700d21fae21c4f038b0b56f4506264a\",\"name\":\"Cristina Ganga\",\"image\":{\"@type\":\"ImageObject\",\"inLanguage\":\"ro-RO\",\"@id\":\"https:\\\/\\\/secure.gravatar.com\\\/avatar\\\/5a67661041f057b4a8ccaf26f5a8e86e2689372006d01faf3dd9eeb10b654bb4?s=96&d=mm&r=g\",\"url\":\"https:\\\/\\\/secure.gravatar.com\\\/avatar\\\/5a67661041f057b4a8ccaf26f5a8e86e2689372006d01faf3dd9eeb10b654bb4?s=96&d=mm&r=g\",\"contentUrl\":\"https:\\\/\\\/secure.gravatar.com\\\/avatar\\\/5a67661041f057b4a8ccaf26f5a8e86e2689372006d01faf3dd9eeb10b654bb4?s=96&d=mm&r=g\",\"caption\":\"Cristina Ganga\"},\"description\":\"Jurnalist\",\"sameAs\":[\"https:\\\/\\\/www.facebook.com\\\/cristina.nicola.587\"],\"url\":\"https:\\\/\\\/urbeamea.ro\\\/albaiulia\\\/author\\\/cristina-nicola\\\/\"}]}<\/script>\n<!-- \/ Yoast SEO plugin. -->","yoast_head_json":{"title":"Absolventul Cristian Ciocm\u0103rean, admis primul la pilo\u021bi - Revista Urbea Mea - Revista de Alba","description":"Cristian se preg\u0103te\u0219te s\u0103 \u00eembrace \u00een cur\u00e2nd combinezonul de zbor, fiind admis primul la specializarea avia\u021bie pilo\u021bi aeronave din cadrul Academiei","robots":{"index":"index","follow":"follow","max-snippet":"max-snippet:-1","max-image-preview":"max-image-preview:large","max-video-preview":"max-video-preview:-1"},"canonical":"https:\/\/urbeamea.ro\/albaiulia\/absolventul-cristian-ciocmarean-admis-primul-la-piloti\/","twitter_card":"summary_large_image","twitter_title":"Absolventul Cristian Ciocm\u0103rean, admis primul la pilo\u021bi - Revista Urbea Mea - Revista de Alba","twitter_description":"Cristian se preg\u0103te\u0219te s\u0103 \u00eembrace \u00een cur\u00e2nd combinezonul de zbor, fiind admis primul la specializarea avia\u021bie pilo\u021bi aeronave din cadrul Academiei","twitter_image":"https:\/\/urbeamea.ro\/albaiulia\/wp-content\/uploads\/2021\/08\/236608945_1897979797043001_4184472520425097123_n.jpg","twitter_creator":"@urbeameaweb","twitter_site":"@urbeameaweb","schema":{"@context":"https:\/\/schema.org","@graph":[{"@type":"Article","@id":"https:\/\/urbeamea.ro\/albaiulia\/absolventul-cristian-ciocmarean-admis-primul-la-piloti\/#article","isPartOf":{"@id":"https:\/\/urbeamea.ro\/albaiulia\/absolventul-cristian-ciocmarean-admis-primul-la-piloti\/"},"author":{"name":"Cristina Ganga","@id":"https:\/\/urbeamea.ro\/albaiulia\/#\/schema\/person\/9700d21fae21c4f038b0b56f4506264a"},"headline":"Absolventul Cristian Ciocm\u0103rean, admis primul la pilo\u021bi","datePublished":"2021-08-13T10:33:14+00:00","dateModified":"2021-08-13T10:33:16+00:00","mainEntityOfPage":{"@id":"https:\/\/urbeamea.ro\/albaiulia\/absolventul-cristian-ciocmarean-admis-primul-la-piloti\/"},"wordCount":414,"commentCount":0,"image":{"@id":"https:\/\/urbeamea.ro\/albaiulia\/absolventul-cristian-ciocmarean-admis-primul-la-piloti\/#primaryimage"},"thumbnailUrl":"https:\/\/urbeamea.ro\/albaiulia\/wp-content\/uploads\/2021\/08\/236608945_1897979797043001_4184472520425097123_n.jpg","keywords":["absolventul cristian ciocmarean","academia fortelor aeriene henri coanda brasov","admis primul","colegiul national militar mihai viteazul alba iulia","piloti"],"articleSection":["Educa\u021bie"],"inLanguage":"ro-RO","potentialAction":[{"@type":"CommentAction","name":"Comment","target":["https:\/\/urbeamea.ro\/albaiulia\/absolventul-cristian-ciocmarean-admis-primul-la-piloti\/#respond"]}]},{"@type":"WebPage","@id":"https:\/\/urbeamea.ro\/albaiulia\/absolventul-cristian-ciocmarean-admis-primul-la-piloti\/","url":"https:\/\/urbeamea.ro\/albaiulia\/absolventul-cristian-ciocmarean-admis-primul-la-piloti\/","name":"Absolventul Cristian Ciocm\u0103rean, admis primul la pilo\u021bi - Revista Urbea Mea - Revista de Alba","isPartOf":{"@id":"https:\/\/urbeamea.ro\/albaiulia\/#website"},"primaryImageOfPage":{"@id":"https:\/\/urbeamea.ro\/albaiulia\/absolventul-cristian-ciocmarean-admis-primul-la-piloti\/#primaryimage"},"image":{"@id":"https:\/\/urbeamea.ro\/albaiulia\/absolventul-cristian-ciocmarean-admis-primul-la-piloti\/#primaryimage"},"thumbnailUrl":"https:\/\/urbeamea.ro\/albaiulia\/wp-content\/uploads\/2021\/08\/236608945_1897979797043001_4184472520425097123_n.jpg","datePublished":"2021-08-13T10:33:14+00:00","dateModified":"2021-08-13T10:33:16+00:00","author":{"@id":"https:\/\/urbeamea.ro\/albaiulia\/#\/schema\/person\/9700d21fae21c4f038b0b56f4506264a"},"description":"Cristian se preg\u0103te\u0219te s\u0103 \u00eembrace \u00een cur\u00e2nd combinezonul de zbor, fiind admis primul la specializarea avia\u021bie pilo\u021bi aeronave din cadrul Academiei","breadcrumb":{"@id":"https:\/\/urbeamea.ro\/albaiulia\/absolventul-cristian-ciocmarean-admis-primul-la-piloti\/#breadcrumb"},"inLanguage":"ro-RO","potentialAction":[{"@type":"ReadAction","target":["https:\/\/urbeamea.ro\/albaiulia\/absolventul-cristian-ciocmarean-admis-primul-la-piloti\/"]}]},{"@type":"ImageObject","inLanguage":"ro-RO","@id":"https:\/\/urbeamea.ro\/albaiulia\/absolventul-cristian-ciocmarean-admis-primul-la-piloti\/#primaryimage","url":"https:\/\/urbeamea.ro\/albaiulia\/wp-content\/uploads\/2021\/08\/236608945_1897979797043001_4184472520425097123_n.jpg","contentUrl":"https:\/\/urbeamea.ro\/albaiulia\/wp-content\/uploads\/2021\/08\/236608945_1897979797043001_4184472520425097123_n.jpg","width":1367,"height":1725},{"@type":"BreadcrumbList","@id":"https:\/\/urbeamea.ro\/albaiulia\/absolventul-cristian-ciocmarean-admis-primul-la-piloti\/#breadcrumb","itemListElement":[{"@type":"ListItem","position":1,"name":"Prima pagin\u0103","item":"https:\/\/urbeamea.ro\/albaiulia\/"},{"@type":"ListItem","position":2,"name":"Absolventul Cristian Ciocm\u0103rean, admis primul la pilo\u021bi"}]},{"@type":"WebSite","@id":"https:\/\/urbeamea.ro\/albaiulia\/#website","url":"https:\/\/urbeamea.ro\/albaiulia\/","name":"Revista Urbea Mea, Stiri urbane","description":"Evenimente \u0219i \u0219tiri din Alba Iulia, Sebe\u0219, Aiud, Blaj","potentialAction":[{"@type":"SearchAction","target":{"@type":"EntryPoint","urlTemplate":"https:\/\/urbeamea.ro\/albaiulia\/?s={search_term_string}"},"query-input":{"@type":"PropertyValueSpecification","valueRequired":true,"valueName":"search_term_string"}}],"inLanguage":"ro-RO"},{"@type":"Person","@id":"https:\/\/urbeamea.ro\/albaiulia\/#\/schema\/person\/9700d21fae21c4f038b0b56f4506264a","name":"Cristina Ganga","image":{"@type":"ImageObject","inLanguage":"ro-RO","@id":"https:\/\/secure.gravatar.com\/avatar\/5a67661041f057b4a8ccaf26f5a8e86e2689372006d01faf3dd9eeb10b654bb4?s=96&d=mm&r=g","url":"https:\/\/secure.gravatar.com\/avatar\/5a67661041f057b4a8ccaf26f5a8e86e2689372006d01faf3dd9eeb10b654bb4?s=96&d=mm&r=g","contentUrl":"https:\/\/secure.gravatar.com\/avatar\/5a67661041f057b4a8ccaf26f5a8e86e2689372006d01faf3dd9eeb10b654bb4?s=96&d=mm&r=g","caption":"Cristina Ganga"},"description":"Jurnalist","sameAs":["https:\/\/www.facebook.com\/cristina.nicola.587"],"url":"https:\/\/urbeamea.ro\/albaiulia\/author\/cristina-nicola\/"}]}},"_links":{"self":[{"href":"https:\/\/urbeamea.ro\/albaiulia\/wp-json\/wp\/v2\/posts\/97348","targetHints":{"allow":["GET"]}}],"collection":[{"href":"https:\/\/urbeamea.ro\/albaiulia\/wp-json\/wp\/v2\/posts"}],"about":[{"href":"https:\/\/urbeamea.ro\/albaiulia\/wp-json\/wp\/v2\/types\/post"}],"author":[{"embeddable":true,"href":"https:\/\/urbeamea.ro\/albaiulia\/wp-json\/wp\/v2\/users\/17"}],"replies":[{"embeddable":true,"href":"https:\/\/urbeamea.ro\/albaiulia\/wp-json\/wp\/v2\/comments?post=97348"}],"version-history":[{"count":1,"href":"https:\/\/urbeamea.ro\/albaiulia\/wp-json\/wp\/v2\/posts\/97348\/revisions"}],"predecessor-version":[{"id":97350,"href":"https:\/\/urbeamea.ro\/albaiulia\/wp-json\/wp\/v2\/posts\/97348\/revisions\/97350"}],"wp:featuredmedia":[{"embeddable":true,"href":"https:\/\/urbeamea.ro\/albaiulia\/wp-json\/wp\/v2\/media\/97349"}],"wp:attachment":[{"href":"https:\/\/urbeamea.ro\/albaiulia\/wp-json\/wp\/v2\/media?parent=97348"}],"wp:term":[{"taxonomy":"category","embeddable":true,"href":"https:\/\/urbeamea.ro\/albaiulia\/wp-json\/wp\/v2\/categories?post=97348"},{"taxonomy":"post_tag","embeddable":true,"href":"https:\/\/urbeamea.ro\/albaiulia\/wp-json\/wp\/v2\/tags?post=97348"}],"curies":[{"name":"wp","href":"https:\/\/api.w.org\/{rel}","templated":true}]}}