{"id":97402,"date":"2021-08-18T16:09:58","date_gmt":"2021-08-18T13:09:58","guid":{"rendered":"https:\/\/urbeamea.ro\/albaiulia\/?p=97402"},"modified":"2021-08-18T16:10:01","modified_gmt":"2021-08-18T13:10:01","slug":"un-proiect-intercontinental-la-aiud","status":"publish","type":"post","link":"https:\/\/urbeamea.ro\/albaiulia\/un-proiect-intercontinental-la-aiud\/","title":{"rendered":"Un proiect intercontinental la Aiud"},"content":{"rendered":"\n<h2 class=\"wp-block-heading\">Bienala Intercontinental\u0103 de Grafic\u0103 Mic\u0103 \u201eInter-Art\u201d Aiud, una dintre cele mai importante manifest\u0103ri din Rom\u00e2nia, a ajuns la edi\u0163ia a VIII-a iar selec\u021bia oficial\u0103 cuprinde 102 arti\u0219ti, din 33 \u021b\u0103ri, de pe 4 continente.<\/h2>\n\n\n\n<p class=\"wp-block-paragraph\">La Galeriile \u201eInter-Art\u201d Aiud a avut loc \u00een data de 16 august 2021 vernisajul acestei ample \u0219i valoroase expozi\u021bii, cu lucr\u0103ri semnate de arti\u0219ti plastici din:<\/p>\n\n\n\n<p class=\"wp-block-paragraph\">AFRICA<br>Mali: Hama Goro<br>Togo: Abdoul-Ganiou Dermani<\/p>\n\n\n\n<p class=\"wp-block-paragraph\">AMERICA<br>Argentina: Liliana Esteban, Gauvri Floki, Raquel Gociol, Mariana Felcman, Perla Bajder<br>Canada: Susie Veroff<br>Peru: Olga Flores, Olga Verme-Mignot<br>Mexic: Elena Pomar<\/p>\n\n\n\n<p class=\"wp-block-paragraph\">ASIA<br>China: Xia Li<br>Liban: Lena Kelekian, Hagop Sulahian<\/p>\n\n\n\n<p class=\"wp-block-paragraph\">EUROPA<br>Albania: Oriola Kureta Semenescu<br>Armenia: Nune Sargsyan<br>Austria: Christine Kertz<br>Belarus: Svetlana Volosiuk, Olga Tereshchenko<br>Belgia: Rita Vandevorst<br>Bosnia &#8211; Her\u021begovina: Sljivo Husein<br>Brazilia: Gerson Ipiraja, Dione Rabelo<br>Danemarca: Rich Dethlefsen<br>Germania: Viktor Anghius Locker, Michael Wagner<br>Grecia: Ioannis Anastasiou<br>Irlanda: Padraic Reaney<br>Italia: Mariela Canchari (Maca\u2019n)<br>Muntenegru: Jelena Jovancov<br>Norvegia: Jaromir Svozilik<br>Macedonia de Nord: Elena Gjorgjevska<br>Polonia: Eugeniusz Delekta, Pawel Delekta, Lukasz Cywicki, Roksana Zelazkiewicz, Maja Dokudowicz<br>Rusia: Vitana Makovskaya<br>Serbia: Dalibor Milojkovic, Milos Djordjevic, Nikola Pavlovi\u0107<br>Slovenia: Vlado Goreski<br>Spania: Ioana Aida Furnica<br>Suedia: Tibor Jaeger<br>Elve\u021bia: Vera Staub<br>Turcia: Beyzanur T\u00fcrko\u011flu, Irem Nur Karaca, Fadime Nur Cayir, G\u00fcl\u0219ah Balci, Duygu Sabancilar, G\u00f6k\u00e7e Aysun Kaya, Selvihan Kilic Ates<br>Ucraina: Andrew Levitsky<br>Rom\u00e2nia: Gabriela Diana Bohnstedt Gavrila\u0219, Ivan Vasilcin, Oana-C\u0103t\u0103lina Gavriliu, Daniela Areta Vo\u0219tinar, Ruxandra \u0218tefania Munteanu, Teodor \u0218tefan, Andrei Alexandru Pantea, Gheorghe Munteanu, Elena Felicia Selejan, Elena Cristea, Anca Sas, Ecaterina Neagu, Cristian Porumb, Meda Cotuna, Rodica Strugaru, Florin-Alexandru Preda, Florin-Preda Dochinoiu, Oara Larisa Mutu Mindoiu, Lucica Filimon, Nicoleta \u2013 Cristina C\u0103rare, Simona Damo, Simona Gocan, R\u0103zvan Dragos, Attila Gombos, Constantinescu Ana, Ioana Alexandra Bartha, Andrei-R\u0103zvan Neciu, Sandu Ana-Maria, Bianca I.Bondoc, Roxana Dumitrov, Alisha Lovin, Chelsea Annemarie Grigora\u0219, Noemi Anamaria Petro, Laura Maria Finta, Karina Panciu, Maria-Andreea Calot\u0103, Emilia Sandu, Daniel Apostu, Petre Lavrente, Irina Lavrente, Deborah \u2013 Erzsebet Nagy, Laura Duduleanu, Atena Elena Simionescu, P\u0103scu\u021b Eleonora Lucia, Cristina Stratulat, R\u0103zvan-Constantin Carat\u0103nase, Dorel G\u0103in\u0103, Mena Zapototchi, Stefan Balog.<\/p>\n\n\n\n<p class=\"wp-block-paragraph\">Juriul format din: R\u0103zvan-Constantin Carat\u0103nase, lect. univ. dr. la Universitatea \u201eOvidius\u201d din Constan\u021ba, pre\u0219edinte; \u0218tefan-Dorel G\u0103in\u0103-Gerendi, prof. univ. dr. la Universitatea de Arte \u0219i Design din Cluj Napoca, membru; Anca Georgiana Sas,  designer, curator, membru; Elena Cristea, director adm. al Funda\u021biei \u201eInter-Art\u201d, secretarul juriului,  a acordat urm\u0103toarele premii:<\/p>\n\n\n\n<p class=\"wp-block-paragraph\">Marele premiu \u2013 Atena Elena Simionescu, Rom\u00e2nia<br>Premiul I \u2013 Ioannis Anastasiou, Grecia<br>Premul al II- lea \u2013 Liliana Esteban, Argentina<br>Premium al III-lea \u2013 Pawel Delekta, Polonia<br>Distinc\u021bie I \u2013 Michael Wagner, Germania<br>Distinc\u021bie II \u2013 R\u0103zvan Dragos, Rom\u00e2nia<br>Distinc\u021bie III \u2013 Gauvri Floki, Argentina<\/p>\n\n\n\n<p class=\"wp-block-paragraph\">Cuv\u00e2ntul de deschidere a fost prezentat de: Oana Badea, primarul Municipiului Aiud \u0219i de Lorincz Helga, viceprimar, \u00een prezen\u021ba publicului participant la manifestarea din Galeriile \u201cInter-Art\u201d Aiud. Vernisajul expozi\u021biei a fost realizat de: R\u0103zvan-Constantin Carat\u0103nase, Anca Georgiana Sas \u0219i Ioan H\u0103d\u0103rig.  <\/p>\n\n\n\n<p class=\"wp-block-paragraph\">Organizatorii proiectului sunt: Funda\u0163ia \u201eInter-Art\u201d Aiud \u0219i Centrul Multicultural \u201eLiviu Rebreanu\u201c Aiud Echipa de organizare a bienalei: Stefan Balog &#8211; pre\u0219edinte, Ioan H\u0103d\u0103rig &#8211; director artistic, Robert Lixandru &#8211; secretar general, Zolt\u00e1n Balog &#8211; vicepre\u0219edinte Andrei Bak\u00f3  &#8211; vicepre\u0219edinte.<\/p>\n\n\n\n<figure class=\"wp-block-gallery columns-3 is-cropped wp-block-gallery-1 is-layout-flex wp-block-gallery-is-layout-flex\"><ul class=\"blocks-gallery-grid\"><li class=\"blocks-gallery-item\"><figure><a href=\"https:\/\/urbeamea.ro\/albaiulia\/wp-content\/uploads\/2021\/08\/FB_IMG_1629219305893.jpg\"><img loading=\"lazy\" decoding=\"async\" width=\"1080\" height=\"899\" src=\"https:\/\/urbeamea.ro\/albaiulia\/wp-content\/uploads\/2021\/08\/FB_IMG_1629219305893.jpg\" alt=\"\" data-id=\"97403\" data-full-url=\"https:\/\/urbeamea.ro\/albaiulia\/wp-content\/uploads\/2021\/08\/FB_IMG_1629219305893.jpg\" data-link=\"https:\/\/urbeamea.ro\/albaiulia\/?attachment_id=97403\" class=\"wp-image-97403\" srcset=\"https:\/\/urbeamea.ro\/albaiulia\/wp-content\/uploads\/2021\/08\/FB_IMG_1629219305893.jpg 1080w, https:\/\/urbeamea.ro\/albaiulia\/wp-content\/uploads\/2021\/08\/FB_IMG_1629219305893-640x533.jpg 640w, https:\/\/urbeamea.ro\/albaiulia\/wp-content\/uploads\/2021\/08\/FB_IMG_1629219305893-150x125.jpg 150w, https:\/\/urbeamea.ro\/albaiulia\/wp-content\/uploads\/2021\/08\/FB_IMG_1629219305893-768x639.jpg 768w\" sizes=\"auto, (max-width: 1080px) 100vw, 1080px\" \/><\/a><\/figure><\/li><li class=\"blocks-gallery-item\"><figure><a href=\"https:\/\/urbeamea.ro\/albaiulia\/wp-content\/uploads\/2021\/08\/FB_IMG_1629219310457.jpg\"><img loading=\"lazy\" decoding=\"async\" width=\"1080\" height=\"720\" src=\"https:\/\/urbeamea.ro\/albaiulia\/wp-content\/uploads\/2021\/08\/FB_IMG_1629219310457.jpg\" alt=\"\" data-id=\"97404\" data-full-url=\"https:\/\/urbeamea.ro\/albaiulia\/wp-content\/uploads\/2021\/08\/FB_IMG_1629219310457.jpg\" data-link=\"https:\/\/urbeamea.ro\/albaiulia\/?attachment_id=97404\" class=\"wp-image-97404\" srcset=\"https:\/\/urbeamea.ro\/albaiulia\/wp-content\/uploads\/2021\/08\/FB_IMG_1629219310457.jpg 1080w, https:\/\/urbeamea.ro\/albaiulia\/wp-content\/uploads\/2021\/08\/FB_IMG_1629219310457-640x427.jpg 640w, https:\/\/urbeamea.ro\/albaiulia\/wp-content\/uploads\/2021\/08\/FB_IMG_1629219310457-150x100.jpg 150w, https:\/\/urbeamea.ro\/albaiulia\/wp-content\/uploads\/2021\/08\/FB_IMG_1629219310457-768x512.jpg 768w\" sizes=\"auto, (max-width: 1080px) 100vw, 1080px\" \/><\/a><\/figure><\/li><li class=\"blocks-gallery-item\"><figure><a href=\"https:\/\/urbeamea.ro\/albaiulia\/wp-content\/uploads\/2021\/08\/FB_IMG_1629219317653.jpg\"><img loading=\"lazy\" decoding=\"async\" width=\"1080\" height=\"720\" src=\"https:\/\/urbeamea.ro\/albaiulia\/wp-content\/uploads\/2021\/08\/FB_IMG_1629219317653.jpg\" alt=\"\" data-id=\"97405\" data-full-url=\"https:\/\/urbeamea.ro\/albaiulia\/wp-content\/uploads\/2021\/08\/FB_IMG_1629219317653.jpg\" data-link=\"https:\/\/urbeamea.ro\/albaiulia\/?attachment_id=97405\" class=\"wp-image-97405\" srcset=\"https:\/\/urbeamea.ro\/albaiulia\/wp-content\/uploads\/2021\/08\/FB_IMG_1629219317653.jpg 1080w, https:\/\/urbeamea.ro\/albaiulia\/wp-content\/uploads\/2021\/08\/FB_IMG_1629219317653-640x427.jpg 640w, https:\/\/urbeamea.ro\/albaiulia\/wp-content\/uploads\/2021\/08\/FB_IMG_1629219317653-150x100.jpg 150w, https:\/\/urbeamea.ro\/albaiulia\/wp-content\/uploads\/2021\/08\/FB_IMG_1629219317653-768x512.jpg 768w\" sizes=\"auto, (max-width: 1080px) 100vw, 1080px\" \/><\/a><\/figure><\/li><li class=\"blocks-gallery-item\"><figure><a href=\"https:\/\/urbeamea.ro\/albaiulia\/wp-content\/uploads\/2021\/08\/FB_IMG_1629219323978.jpg\"><img loading=\"lazy\" decoding=\"async\" width=\"1080\" height=\"720\" src=\"https:\/\/urbeamea.ro\/albaiulia\/wp-content\/uploads\/2021\/08\/FB_IMG_1629219323978.jpg\" alt=\"\" data-id=\"97406\" data-full-url=\"https:\/\/urbeamea.ro\/albaiulia\/wp-content\/uploads\/2021\/08\/FB_IMG_1629219323978.jpg\" data-link=\"https:\/\/urbeamea.ro\/albaiulia\/?attachment_id=97406\" class=\"wp-image-97406\" srcset=\"https:\/\/urbeamea.ro\/albaiulia\/wp-content\/uploads\/2021\/08\/FB_IMG_1629219323978.jpg 1080w, https:\/\/urbeamea.ro\/albaiulia\/wp-content\/uploads\/2021\/08\/FB_IMG_1629219323978-640x427.jpg 640w, https:\/\/urbeamea.ro\/albaiulia\/wp-content\/uploads\/2021\/08\/FB_IMG_1629219323978-150x100.jpg 150w, https:\/\/urbeamea.ro\/albaiulia\/wp-content\/uploads\/2021\/08\/FB_IMG_1629219323978-768x512.jpg 768w\" sizes=\"auto, (max-width: 1080px) 100vw, 1080px\" \/><\/a><\/figure><\/li><li class=\"blocks-gallery-item\"><figure><a href=\"https:\/\/urbeamea.ro\/albaiulia\/wp-content\/uploads\/2021\/08\/FB_IMG_1629219343466.jpg\"><img loading=\"lazy\" decoding=\"async\" width=\"1080\" height=\"720\" src=\"https:\/\/urbeamea.ro\/albaiulia\/wp-content\/uploads\/2021\/08\/FB_IMG_1629219343466.jpg\" alt=\"\" data-id=\"97407\" data-full-url=\"https:\/\/urbeamea.ro\/albaiulia\/wp-content\/uploads\/2021\/08\/FB_IMG_1629219343466.jpg\" data-link=\"https:\/\/urbeamea.ro\/albaiulia\/?attachment_id=97407\" class=\"wp-image-97407\" srcset=\"https:\/\/urbeamea.ro\/albaiulia\/wp-content\/uploads\/2021\/08\/FB_IMG_1629219343466.jpg 1080w, https:\/\/urbeamea.ro\/albaiulia\/wp-content\/uploads\/2021\/08\/FB_IMG_1629219343466-640x427.jpg 640w, https:\/\/urbeamea.ro\/albaiulia\/wp-content\/uploads\/2021\/08\/FB_IMG_1629219343466-150x100.jpg 150w, https:\/\/urbeamea.ro\/albaiulia\/wp-content\/uploads\/2021\/08\/FB_IMG_1629219343466-768x512.jpg 768w\" sizes=\"auto, (max-width: 1080px) 100vw, 1080px\" \/><\/a><\/figure><\/li><li class=\"blocks-gallery-item\"><figure><a href=\"https:\/\/urbeamea.ro\/albaiulia\/wp-content\/uploads\/2021\/08\/FB_IMG_1629219395381.jpg\"><img loading=\"lazy\" decoding=\"async\" width=\"1080\" height=\"720\" src=\"https:\/\/urbeamea.ro\/albaiulia\/wp-content\/uploads\/2021\/08\/FB_IMG_1629219395381.jpg\" alt=\"\" data-id=\"97408\" data-full-url=\"https:\/\/urbeamea.ro\/albaiulia\/wp-content\/uploads\/2021\/08\/FB_IMG_1629219395381.jpg\" data-link=\"https:\/\/urbeamea.ro\/albaiulia\/?attachment_id=97408\" class=\"wp-image-97408\" srcset=\"https:\/\/urbeamea.ro\/albaiulia\/wp-content\/uploads\/2021\/08\/FB_IMG_1629219395381.jpg 1080w, https:\/\/urbeamea.ro\/albaiulia\/wp-content\/uploads\/2021\/08\/FB_IMG_1629219395381-640x427.jpg 640w, https:\/\/urbeamea.ro\/albaiulia\/wp-content\/uploads\/2021\/08\/FB_IMG_1629219395381-150x100.jpg 150w, https:\/\/urbeamea.ro\/albaiulia\/wp-content\/uploads\/2021\/08\/FB_IMG_1629219395381-768x512.jpg 768w\" sizes=\"auto, (max-width: 1080px) 100vw, 1080px\" \/><\/a><\/figure><\/li><li class=\"blocks-gallery-item\"><figure><a href=\"https:\/\/urbeamea.ro\/albaiulia\/wp-content\/uploads\/2021\/08\/FB_IMG_1629219398881.jpg\"><img loading=\"lazy\" decoding=\"async\" width=\"1080\" height=\"720\" src=\"https:\/\/urbeamea.ro\/albaiulia\/wp-content\/uploads\/2021\/08\/FB_IMG_1629219398881.jpg\" alt=\"\" data-id=\"97409\" data-full-url=\"https:\/\/urbeamea.ro\/albaiulia\/wp-content\/uploads\/2021\/08\/FB_IMG_1629219398881.jpg\" data-link=\"https:\/\/urbeamea.ro\/albaiulia\/?attachment_id=97409\" class=\"wp-image-97409\" srcset=\"https:\/\/urbeamea.ro\/albaiulia\/wp-content\/uploads\/2021\/08\/FB_IMG_1629219398881.jpg 1080w, https:\/\/urbeamea.ro\/albaiulia\/wp-content\/uploads\/2021\/08\/FB_IMG_1629219398881-640x427.jpg 640w, https:\/\/urbeamea.ro\/albaiulia\/wp-content\/uploads\/2021\/08\/FB_IMG_1629219398881-150x100.jpg 150w, https:\/\/urbeamea.ro\/albaiulia\/wp-content\/uploads\/2021\/08\/FB_IMG_1629219398881-768x512.jpg 768w\" sizes=\"auto, (max-width: 1080px) 100vw, 1080px\" \/><\/a><\/figure><\/li><li class=\"blocks-gallery-item\"><figure><a href=\"https:\/\/urbeamea.ro\/albaiulia\/wp-content\/uploads\/2021\/08\/FB_IMG_1629219404385.jpg\"><img loading=\"lazy\" decoding=\"async\" width=\"1080\" height=\"769\" src=\"https:\/\/urbeamea.ro\/albaiulia\/wp-content\/uploads\/2021\/08\/FB_IMG_1629219404385.jpg\" alt=\"\" data-id=\"97410\" data-full-url=\"https:\/\/urbeamea.ro\/albaiulia\/wp-content\/uploads\/2021\/08\/FB_IMG_1629219404385.jpg\" data-link=\"https:\/\/urbeamea.ro\/albaiulia\/?attachment_id=97410\" class=\"wp-image-97410\" srcset=\"https:\/\/urbeamea.ro\/albaiulia\/wp-content\/uploads\/2021\/08\/FB_IMG_1629219404385.jpg 1080w, https:\/\/urbeamea.ro\/albaiulia\/wp-content\/uploads\/2021\/08\/FB_IMG_1629219404385-640x456.jpg 640w, https:\/\/urbeamea.ro\/albaiulia\/wp-content\/uploads\/2021\/08\/FB_IMG_1629219404385-150x107.jpg 150w, https:\/\/urbeamea.ro\/albaiulia\/wp-content\/uploads\/2021\/08\/FB_IMG_1629219404385-768x547.jpg 768w\" sizes=\"auto, (max-width: 1080px) 100vw, 1080px\" \/><\/a><\/figure><\/li><li class=\"blocks-gallery-item\"><figure><a href=\"https:\/\/urbeamea.ro\/albaiulia\/wp-content\/uploads\/2021\/08\/FB_IMG_1629219406910.jpg\"><img loading=\"lazy\" decoding=\"async\" width=\"1080\" height=\"720\" src=\"https:\/\/urbeamea.ro\/albaiulia\/wp-content\/uploads\/2021\/08\/FB_IMG_1629219406910.jpg\" alt=\"\" data-id=\"97411\" data-full-url=\"https:\/\/urbeamea.ro\/albaiulia\/wp-content\/uploads\/2021\/08\/FB_IMG_1629219406910.jpg\" data-link=\"https:\/\/urbeamea.ro\/albaiulia\/?attachment_id=97411\" class=\"wp-image-97411\" srcset=\"https:\/\/urbeamea.ro\/albaiulia\/wp-content\/uploads\/2021\/08\/FB_IMG_1629219406910.jpg 1080w, https:\/\/urbeamea.ro\/albaiulia\/wp-content\/uploads\/2021\/08\/FB_IMG_1629219406910-640x427.jpg 640w, https:\/\/urbeamea.ro\/albaiulia\/wp-content\/uploads\/2021\/08\/FB_IMG_1629219406910-150x100.jpg 150w, https:\/\/urbeamea.ro\/albaiulia\/wp-content\/uploads\/2021\/08\/FB_IMG_1629219406910-768x512.jpg 768w\" sizes=\"auto, (max-width: 1080px) 100vw, 1080px\" \/><\/a><\/figure><\/li><li class=\"blocks-gallery-item\"><figure><a href=\"https:\/\/urbeamea.ro\/albaiulia\/wp-content\/uploads\/2021\/08\/FB_IMG_1629219439457.jpg\"><img loading=\"lazy\" decoding=\"async\" width=\"1080\" height=\"720\" src=\"https:\/\/urbeamea.ro\/albaiulia\/wp-content\/uploads\/2021\/08\/FB_IMG_1629219439457.jpg\" alt=\"\" data-id=\"97412\" data-full-url=\"https:\/\/urbeamea.ro\/albaiulia\/wp-content\/uploads\/2021\/08\/FB_IMG_1629219439457.jpg\" data-link=\"https:\/\/urbeamea.ro\/albaiulia\/?attachment_id=97412\" class=\"wp-image-97412\" srcset=\"https:\/\/urbeamea.ro\/albaiulia\/wp-content\/uploads\/2021\/08\/FB_IMG_1629219439457.jpg 1080w, https:\/\/urbeamea.ro\/albaiulia\/wp-content\/uploads\/2021\/08\/FB_IMG_1629219439457-640x427.jpg 640w, https:\/\/urbeamea.ro\/albaiulia\/wp-content\/uploads\/2021\/08\/FB_IMG_1629219439457-150x100.jpg 150w, https:\/\/urbeamea.ro\/albaiulia\/wp-content\/uploads\/2021\/08\/FB_IMG_1629219439457-768x512.jpg 768w\" sizes=\"auto, (max-width: 1080px) 100vw, 1080px\" \/><\/a><\/figure><\/li><li class=\"blocks-gallery-item\"><figure><a href=\"https:\/\/urbeamea.ro\/albaiulia\/wp-content\/uploads\/2021\/08\/FB_IMG_1629219488846.jpg\"><img loading=\"lazy\" decoding=\"async\" width=\"679\" height=\"960\" src=\"https:\/\/urbeamea.ro\/albaiulia\/wp-content\/uploads\/2021\/08\/FB_IMG_1629219488846.jpg\" alt=\"\" data-id=\"97413\" data-full-url=\"https:\/\/urbeamea.ro\/albaiulia\/wp-content\/uploads\/2021\/08\/FB_IMG_1629219488846.jpg\" data-link=\"https:\/\/urbeamea.ro\/albaiulia\/?attachment_id=97413\" class=\"wp-image-97413\" srcset=\"https:\/\/urbeamea.ro\/albaiulia\/wp-content\/uploads\/2021\/08\/FB_IMG_1629219488846.jpg 679w, https:\/\/urbeamea.ro\/albaiulia\/wp-content\/uploads\/2021\/08\/FB_IMG_1629219488846-453x640.jpg 453w, https:\/\/urbeamea.ro\/albaiulia\/wp-content\/uploads\/2021\/08\/FB_IMG_1629219488846-106x150.jpg 106w\" sizes=\"auto, (max-width: 679px) 100vw, 679px\" \/><\/a><\/figure><\/li><\/ul><\/figure>\n","protected":false},"excerpt":{"rendered":"<p>Bienala Intercontinental\u0103 de Grafic\u0103 Mic\u0103 \u201eInter-Art\u201d Aiud, una dintre cele mai importante manifest\u0103ri din Rom\u00e2nia, a ajuns la edi\u0163ia a VIII-a iar selec\u021bia oficial\u0103 cuprinde 102 arti\u0219ti, din 33 \u021b\u0103ri, de pe 4 continente. La Galeriile \u201eInter-Art\u201d Aiud a avut loc \u00een data de 16 august 2021 vernisajul acestei ample \u0219i valoroase expozi\u021bii, cu lucr\u0103ri &hellip;<\/p>\n","protected":false},"author":17,"featured_media":97412,"comment_status":"open","ping_status":"open","sticky":false,"template":"","format":"standard","meta":{"inline_featured_image":false,"footnotes":""},"categories":[2038],"tags":[1506,15988,23474,20680,23473],"class_list":["post-97402","post","type-post","status-publish","format-standard","has-post-thumbnail","hentry","category-cultura","tag-artisti","tag-bienala-intercontinentala-de-grafica-mica","tag-inter-art-aiud-2","tag-municipiul-aiud","tag-un-proiect-intercontinental"],"yoast_head":"<!-- This site is optimized with the Yoast SEO plugin v28.3 - https:\/\/yoast.com\/product\/yoast-seo-wordpress\/ -->\n<title>Un proiect intercontinental la Aiud - Revista Urbea Mea - Revista de Alba<\/title>\n<meta name=\"description\" content=\"Bienala Intercontinental\u0103 de Grafic\u0103 Mic\u0103 \u201eInter-Art\u201d Aiud, una dintre cele mai importante manifest\u0103ri din Rom\u00e2nia, a ajuns la edi\u0163ia a VIII-a iar\" \/>\n<meta name=\"robots\" content=\"index, follow, max-snippet:-1, max-image-preview:large, max-video-preview:-1\" \/>\n<link rel=\"canonical\" href=\"https:\/\/urbeamea.ro\/albaiulia\/un-proiect-intercontinental-la-aiud\/\" \/>\n<meta name=\"twitter:card\" content=\"summary_large_image\" \/>\n<meta name=\"twitter:title\" content=\"Un proiect intercontinental la Aiud - Revista Urbea Mea - Revista de Alba\" \/>\n<meta name=\"twitter:description\" content=\"Bienala Intercontinental\u0103 de Grafic\u0103 Mic\u0103 \u201eInter-Art\u201d Aiud, una dintre cele mai importante manifest\u0103ri din Rom\u00e2nia, a ajuns la edi\u0163ia a VIII-a iar\" \/>\n<meta name=\"twitter:image\" content=\"https:\/\/urbeamea.ro\/albaiulia\/wp-content\/uploads\/2021\/08\/FB_IMG_1629219439457.jpg\" \/>\n<meta name=\"twitter:creator\" content=\"@urbeameaweb\" \/>\n<meta name=\"twitter:site\" content=\"@urbeameaweb\" \/>\n<script type=\"application\/ld+json\" class=\"yoast-schema-graph\">{\"@context\":\"https:\\\/\\\/schema.org\",\"@graph\":[{\"@type\":\"Article\",\"@id\":\"https:\\\/\\\/urbeamea.ro\\\/albaiulia\\\/un-proiect-intercontinental-la-aiud\\\/#article\",\"isPartOf\":{\"@id\":\"https:\\\/\\\/urbeamea.ro\\\/albaiulia\\\/un-proiect-intercontinental-la-aiud\\\/\"},\"author\":{\"name\":\"Cristina Ganga\",\"@id\":\"https:\\\/\\\/urbeamea.ro\\\/albaiulia\\\/#\\\/schema\\\/person\\\/9700d21fae21c4f038b0b56f4506264a\"},\"headline\":\"Un proiect intercontinental la Aiud\",\"datePublished\":\"2021-08-18T13:09:58+00:00\",\"dateModified\":\"2021-08-18T13:10:01+00:00\",\"mainEntityOfPage\":{\"@id\":\"https:\\\/\\\/urbeamea.ro\\\/albaiulia\\\/un-proiect-intercontinental-la-aiud\\\/\"},\"wordCount\":516,\"commentCount\":0,\"image\":{\"@id\":\"https:\\\/\\\/urbeamea.ro\\\/albaiulia\\\/un-proiect-intercontinental-la-aiud\\\/#primaryimage\"},\"thumbnailUrl\":\"https:\\\/\\\/urbeamea.ro\\\/albaiulia\\\/wp-content\\\/uploads\\\/2021\\\/08\\\/FB_IMG_1629219439457.jpg\",\"keywords\":[\"artisti\",\"bienala intercontinentala de grafica mica\",\"inter-art aiud\",\"municipiul aiud\",\"un proiect intercontinental\"],\"articleSection\":[\"Cultur\u0103\"],\"inLanguage\":\"ro-RO\",\"potentialAction\":[{\"@type\":\"CommentAction\",\"name\":\"Comment\",\"target\":[\"https:\\\/\\\/urbeamea.ro\\\/albaiulia\\\/un-proiect-intercontinental-la-aiud\\\/#respond\"]}]},{\"@type\":\"WebPage\",\"@id\":\"https:\\\/\\\/urbeamea.ro\\\/albaiulia\\\/un-proiect-intercontinental-la-aiud\\\/\",\"url\":\"https:\\\/\\\/urbeamea.ro\\\/albaiulia\\\/un-proiect-intercontinental-la-aiud\\\/\",\"name\":\"Un proiect intercontinental la Aiud - Revista Urbea Mea - Revista de Alba\",\"isPartOf\":{\"@id\":\"https:\\\/\\\/urbeamea.ro\\\/albaiulia\\\/#website\"},\"primaryImageOfPage\":{\"@id\":\"https:\\\/\\\/urbeamea.ro\\\/albaiulia\\\/un-proiect-intercontinental-la-aiud\\\/#primaryimage\"},\"image\":{\"@id\":\"https:\\\/\\\/urbeamea.ro\\\/albaiulia\\\/un-proiect-intercontinental-la-aiud\\\/#primaryimage\"},\"thumbnailUrl\":\"https:\\\/\\\/urbeamea.ro\\\/albaiulia\\\/wp-content\\\/uploads\\\/2021\\\/08\\\/FB_IMG_1629219439457.jpg\",\"datePublished\":\"2021-08-18T13:09:58+00:00\",\"dateModified\":\"2021-08-18T13:10:01+00:00\",\"author\":{\"@id\":\"https:\\\/\\\/urbeamea.ro\\\/albaiulia\\\/#\\\/schema\\\/person\\\/9700d21fae21c4f038b0b56f4506264a\"},\"description\":\"Bienala Intercontinental\u0103 de Grafic\u0103 Mic\u0103 \u201eInter-Art\u201d Aiud, una dintre cele mai importante manifest\u0103ri din Rom\u00e2nia, a ajuns la edi\u0163ia a VIII-a iar\",\"breadcrumb\":{\"@id\":\"https:\\\/\\\/urbeamea.ro\\\/albaiulia\\\/un-proiect-intercontinental-la-aiud\\\/#breadcrumb\"},\"inLanguage\":\"ro-RO\",\"potentialAction\":[{\"@type\":\"ReadAction\",\"target\":[\"https:\\\/\\\/urbeamea.ro\\\/albaiulia\\\/un-proiect-intercontinental-la-aiud\\\/\"]}]},{\"@type\":\"ImageObject\",\"inLanguage\":\"ro-RO\",\"@id\":\"https:\\\/\\\/urbeamea.ro\\\/albaiulia\\\/un-proiect-intercontinental-la-aiud\\\/#primaryimage\",\"url\":\"https:\\\/\\\/urbeamea.ro\\\/albaiulia\\\/wp-content\\\/uploads\\\/2021\\\/08\\\/FB_IMG_1629219439457.jpg\",\"contentUrl\":\"https:\\\/\\\/urbeamea.ro\\\/albaiulia\\\/wp-content\\\/uploads\\\/2021\\\/08\\\/FB_IMG_1629219439457.jpg\",\"width\":1080,\"height\":720},{\"@type\":\"BreadcrumbList\",\"@id\":\"https:\\\/\\\/urbeamea.ro\\\/albaiulia\\\/un-proiect-intercontinental-la-aiud\\\/#breadcrumb\",\"itemListElement\":[{\"@type\":\"ListItem\",\"position\":1,\"name\":\"Prima pagin\u0103\",\"item\":\"https:\\\/\\\/urbeamea.ro\\\/albaiulia\\\/\"},{\"@type\":\"ListItem\",\"position\":2,\"name\":\"Un proiect intercontinental la Aiud\"}]},{\"@type\":\"WebSite\",\"@id\":\"https:\\\/\\\/urbeamea.ro\\\/albaiulia\\\/#website\",\"url\":\"https:\\\/\\\/urbeamea.ro\\\/albaiulia\\\/\",\"name\":\"Revista Urbea Mea, Stiri urbane\",\"description\":\"Evenimente \u0219i \u0219tiri din Alba Iulia, Sebe\u0219, Aiud, Blaj\",\"potentialAction\":[{\"@type\":\"SearchAction\",\"target\":{\"@type\":\"EntryPoint\",\"urlTemplate\":\"https:\\\/\\\/urbeamea.ro\\\/albaiulia\\\/?s={search_term_string}\"},\"query-input\":{\"@type\":\"PropertyValueSpecification\",\"valueRequired\":true,\"valueName\":\"search_term_string\"}}],\"inLanguage\":\"ro-RO\"},{\"@type\":\"Person\",\"@id\":\"https:\\\/\\\/urbeamea.ro\\\/albaiulia\\\/#\\\/schema\\\/person\\\/9700d21fae21c4f038b0b56f4506264a\",\"name\":\"Cristina Ganga\",\"image\":{\"@type\":\"ImageObject\",\"inLanguage\":\"ro-RO\",\"@id\":\"https:\\\/\\\/secure.gravatar.com\\\/avatar\\\/5a67661041f057b4a8ccaf26f5a8e86e2689372006d01faf3dd9eeb10b654bb4?s=96&d=mm&r=g\",\"url\":\"https:\\\/\\\/secure.gravatar.com\\\/avatar\\\/5a67661041f057b4a8ccaf26f5a8e86e2689372006d01faf3dd9eeb10b654bb4?s=96&d=mm&r=g\",\"contentUrl\":\"https:\\\/\\\/secure.gravatar.com\\\/avatar\\\/5a67661041f057b4a8ccaf26f5a8e86e2689372006d01faf3dd9eeb10b654bb4?s=96&d=mm&r=g\",\"caption\":\"Cristina Ganga\"},\"description\":\"Jurnalist\",\"sameAs\":[\"https:\\\/\\\/www.facebook.com\\\/cristina.nicola.587\"],\"url\":\"https:\\\/\\\/urbeamea.ro\\\/albaiulia\\\/author\\\/cristina-nicola\\\/\"}]}<\/script>\n<!-- \/ Yoast SEO plugin. -->","yoast_head_json":{"title":"Un proiect intercontinental la Aiud - Revista Urbea Mea - Revista de Alba","description":"Bienala Intercontinental\u0103 de Grafic\u0103 Mic\u0103 \u201eInter-Art\u201d Aiud, una dintre cele mai importante manifest\u0103ri din Rom\u00e2nia, a ajuns la edi\u0163ia a VIII-a iar","robots":{"index":"index","follow":"follow","max-snippet":"max-snippet:-1","max-image-preview":"max-image-preview:large","max-video-preview":"max-video-preview:-1"},"canonical":"https:\/\/urbeamea.ro\/albaiulia\/un-proiect-intercontinental-la-aiud\/","twitter_card":"summary_large_image","twitter_title":"Un proiect intercontinental la Aiud - Revista Urbea Mea - Revista de Alba","twitter_description":"Bienala Intercontinental\u0103 de Grafic\u0103 Mic\u0103 \u201eInter-Art\u201d Aiud, una dintre cele mai importante manifest\u0103ri din Rom\u00e2nia, a ajuns la edi\u0163ia a VIII-a iar","twitter_image":"https:\/\/urbeamea.ro\/albaiulia\/wp-content\/uploads\/2021\/08\/FB_IMG_1629219439457.jpg","twitter_creator":"@urbeameaweb","twitter_site":"@urbeameaweb","schema":{"@context":"https:\/\/schema.org","@graph":[{"@type":"Article","@id":"https:\/\/urbeamea.ro\/albaiulia\/un-proiect-intercontinental-la-aiud\/#article","isPartOf":{"@id":"https:\/\/urbeamea.ro\/albaiulia\/un-proiect-intercontinental-la-aiud\/"},"author":{"name":"Cristina Ganga","@id":"https:\/\/urbeamea.ro\/albaiulia\/#\/schema\/person\/9700d21fae21c4f038b0b56f4506264a"},"headline":"Un proiect intercontinental la Aiud","datePublished":"2021-08-18T13:09:58+00:00","dateModified":"2021-08-18T13:10:01+00:00","mainEntityOfPage":{"@id":"https:\/\/urbeamea.ro\/albaiulia\/un-proiect-intercontinental-la-aiud\/"},"wordCount":516,"commentCount":0,"image":{"@id":"https:\/\/urbeamea.ro\/albaiulia\/un-proiect-intercontinental-la-aiud\/#primaryimage"},"thumbnailUrl":"https:\/\/urbeamea.ro\/albaiulia\/wp-content\/uploads\/2021\/08\/FB_IMG_1629219439457.jpg","keywords":["artisti","bienala intercontinentala de grafica mica","inter-art aiud","municipiul aiud","un proiect intercontinental"],"articleSection":["Cultur\u0103"],"inLanguage":"ro-RO","potentialAction":[{"@type":"CommentAction","name":"Comment","target":["https:\/\/urbeamea.ro\/albaiulia\/un-proiect-intercontinental-la-aiud\/#respond"]}]},{"@type":"WebPage","@id":"https:\/\/urbeamea.ro\/albaiulia\/un-proiect-intercontinental-la-aiud\/","url":"https:\/\/urbeamea.ro\/albaiulia\/un-proiect-intercontinental-la-aiud\/","name":"Un proiect intercontinental la Aiud - Revista Urbea Mea - Revista de Alba","isPartOf":{"@id":"https:\/\/urbeamea.ro\/albaiulia\/#website"},"primaryImageOfPage":{"@id":"https:\/\/urbeamea.ro\/albaiulia\/un-proiect-intercontinental-la-aiud\/#primaryimage"},"image":{"@id":"https:\/\/urbeamea.ro\/albaiulia\/un-proiect-intercontinental-la-aiud\/#primaryimage"},"thumbnailUrl":"https:\/\/urbeamea.ro\/albaiulia\/wp-content\/uploads\/2021\/08\/FB_IMG_1629219439457.jpg","datePublished":"2021-08-18T13:09:58+00:00","dateModified":"2021-08-18T13:10:01+00:00","author":{"@id":"https:\/\/urbeamea.ro\/albaiulia\/#\/schema\/person\/9700d21fae21c4f038b0b56f4506264a"},"description":"Bienala Intercontinental\u0103 de Grafic\u0103 Mic\u0103 \u201eInter-Art\u201d Aiud, una dintre cele mai importante manifest\u0103ri din Rom\u00e2nia, a ajuns la edi\u0163ia a VIII-a iar","breadcrumb":{"@id":"https:\/\/urbeamea.ro\/albaiulia\/un-proiect-intercontinental-la-aiud\/#breadcrumb"},"inLanguage":"ro-RO","potentialAction":[{"@type":"ReadAction","target":["https:\/\/urbeamea.ro\/albaiulia\/un-proiect-intercontinental-la-aiud\/"]}]},{"@type":"ImageObject","inLanguage":"ro-RO","@id":"https:\/\/urbeamea.ro\/albaiulia\/un-proiect-intercontinental-la-aiud\/#primaryimage","url":"https:\/\/urbeamea.ro\/albaiulia\/wp-content\/uploads\/2021\/08\/FB_IMG_1629219439457.jpg","contentUrl":"https:\/\/urbeamea.ro\/albaiulia\/wp-content\/uploads\/2021\/08\/FB_IMG_1629219439457.jpg","width":1080,"height":720},{"@type":"BreadcrumbList","@id":"https:\/\/urbeamea.ro\/albaiulia\/un-proiect-intercontinental-la-aiud\/#breadcrumb","itemListElement":[{"@type":"ListItem","position":1,"name":"Prima pagin\u0103","item":"https:\/\/urbeamea.ro\/albaiulia\/"},{"@type":"ListItem","position":2,"name":"Un proiect intercontinental la Aiud"}]},{"@type":"WebSite","@id":"https:\/\/urbeamea.ro\/albaiulia\/#website","url":"https:\/\/urbeamea.ro\/albaiulia\/","name":"Revista Urbea Mea, Stiri urbane","description":"Evenimente \u0219i \u0219tiri din Alba Iulia, Sebe\u0219, Aiud, Blaj","potentialAction":[{"@type":"SearchAction","target":{"@type":"EntryPoint","urlTemplate":"https:\/\/urbeamea.ro\/albaiulia\/?s={search_term_string}"},"query-input":{"@type":"PropertyValueSpecification","valueRequired":true,"valueName":"search_term_string"}}],"inLanguage":"ro-RO"},{"@type":"Person","@id":"https:\/\/urbeamea.ro\/albaiulia\/#\/schema\/person\/9700d21fae21c4f038b0b56f4506264a","name":"Cristina Ganga","image":{"@type":"ImageObject","inLanguage":"ro-RO","@id":"https:\/\/secure.gravatar.com\/avatar\/5a67661041f057b4a8ccaf26f5a8e86e2689372006d01faf3dd9eeb10b654bb4?s=96&d=mm&r=g","url":"https:\/\/secure.gravatar.com\/avatar\/5a67661041f057b4a8ccaf26f5a8e86e2689372006d01faf3dd9eeb10b654bb4?s=96&d=mm&r=g","contentUrl":"https:\/\/secure.gravatar.com\/avatar\/5a67661041f057b4a8ccaf26f5a8e86e2689372006d01faf3dd9eeb10b654bb4?s=96&d=mm&r=g","caption":"Cristina Ganga"},"description":"Jurnalist","sameAs":["https:\/\/www.facebook.com\/cristina.nicola.587"],"url":"https:\/\/urbeamea.ro\/albaiulia\/author\/cristina-nicola\/"}]}},"_links":{"self":[{"href":"https:\/\/urbeamea.ro\/albaiulia\/wp-json\/wp\/v2\/posts\/97402","targetHints":{"allow":["GET"]}}],"collection":[{"href":"https:\/\/urbeamea.ro\/albaiulia\/wp-json\/wp\/v2\/posts"}],"about":[{"href":"https:\/\/urbeamea.ro\/albaiulia\/wp-json\/wp\/v2\/types\/post"}],"author":[{"embeddable":true,"href":"https:\/\/urbeamea.ro\/albaiulia\/wp-json\/wp\/v2\/users\/17"}],"replies":[{"embeddable":true,"href":"https:\/\/urbeamea.ro\/albaiulia\/wp-json\/wp\/v2\/comments?post=97402"}],"version-history":[{"count":1,"href":"https:\/\/urbeamea.ro\/albaiulia\/wp-json\/wp\/v2\/posts\/97402\/revisions"}],"predecessor-version":[{"id":97414,"href":"https:\/\/urbeamea.ro\/albaiulia\/wp-json\/wp\/v2\/posts\/97402\/revisions\/97414"}],"wp:featuredmedia":[{"embeddable":true,"href":"https:\/\/urbeamea.ro\/albaiulia\/wp-json\/wp\/v2\/media\/97412"}],"wp:attachment":[{"href":"https:\/\/urbeamea.ro\/albaiulia\/wp-json\/wp\/v2\/media?parent=97402"}],"wp:term":[{"taxonomy":"category","embeddable":true,"href":"https:\/\/urbeamea.ro\/albaiulia\/wp-json\/wp\/v2\/categories?post=97402"},{"taxonomy":"post_tag","embeddable":true,"href":"https:\/\/urbeamea.ro\/albaiulia\/wp-json\/wp\/v2\/tags?post=97402"}],"curies":[{"name":"wp","href":"https:\/\/api.w.org\/{rel}","templated":true}]}}