{"id":97719,"date":"2021-09-03T12:20:33","date_gmt":"2021-09-03T09:20:33","guid":{"rendered":"https:\/\/urbeamea.ro\/albaiulia\/?p=97719"},"modified":"2021-09-03T12:20:36","modified_gmt":"2021-09-03T09:20:36","slug":"targul-national-de-turism-rural-de-la-albac-ofertele-turismului-rural-gastronomie-expozitii-si-spectacole-de-folclor","status":"publish","type":"post","link":"https:\/\/urbeamea.ro\/albaiulia\/targul-national-de-turism-rural-de-la-albac-ofertele-turismului-rural-gastronomie-expozitii-si-spectacole-de-folclor\/","title":{"rendered":"T\u00e2rgul Na\u0163ional de Turism Rural de la Albac \u2013 ofertele turismului rural, gastronomie, expozi\u021bii \u0219i spectacole de folclor"},"content":{"rendered":"\n<h2 class=\"wp-block-heading\">Sta\u021biunea turistic\u0103 Albac din Mun\u021bii Apuseni g\u0103zduie\u0219te, \u00een perioada 4 \u2013 5 septembrie 2021, T\u00e2rgul Na\u021bional de Turism Rural \u2013 unul dintre cele mai importate t\u00e2rguri de turism rural din Rom\u00e2nia. Evenimentul este cel mai longeviv t\u00e2rg de promovare a turismului rural, reunind reprezentan\u021bii din turism la nivel regional \u0219i na\u021bional care promoveaz\u0103 oferta zonelor cu poten\u021bial agroturistic. Edi\u021bia din acest an este adaptat\u0103 contextului epidemiologic actual, fiind organizat\u0103 cu respectarea tuturor m\u0103surilor legale de prevenire a r\u0103sp\u00e2ndirii virusului SARS-COV-2.<\/h2>\n\n\n\n<p class=\"wp-block-paragraph\">T\u00e2rgul va debuta, s\u00e2mb\u0103t\u0103, 4 septembrie 2021, la ora 14:00, cu vizitarea expozi\u021biei \u00een care este prezentat\u0103 oferta turistic\u0103 \u0219i agroturistic\u0103 \u00een spa\u021biile de cazare rurale din jude\u021bul Alba, a atelierelor \u0219i expozi\u021biilor de me\u0219te\u0219uguri tradi\u021bionale rom\u00e2ne\u0219ti. Nu vor lipsi nici demonstra\u021biile de gastronomie tradi\u021bional\u0103 din Mun\u021bii Apuseni, iar apoi participan\u021bii vor fi invita\u021bi s\u0103 viziteze expozi\u021bia etnografic\u0103 din sta\u021biunea turistic\u0103 Albac \u0219i expozi\u021bia de art\u0103 fotografic\u0103 \u201eSpectacolul naturii\u201d semnat\u0103 de Carmen Barna.<\/p>\n\n\n\n<p class=\"wp-block-paragraph\">La ora 17:30, este programat\u0103 deschiderea oficial\u0103 a t\u00e2rgului printr-un recital al Grupului tradi\u021bional de tulnic\u0103rese din zon\u0103 \u0219i premierea locuitorilor din Albac la 50 de ani de c\u0103s\u0103torie. \u00cen program este inclus \u0219i un concert cu muzic\u0103 de fanfar\u0103 sus\u021binut de Fanfara Jude\u021bului Alba, dirijor Coriolan Honca\u0219. Manifest\u0103rile continu\u0103 cu un spectacol folcloric \u00een care vor evolua Taraful \u201eMo\u021bul\u201d din Horea, Ansamblul Folcloric \u201eAugustin Bena\u201d (dirijor Alexandru Pal), al\u0103turi de soli\u0219tii vocali Leontina F\u0103rca\u0219\u200b\u200b, Nicolae Plut\u0103, Roxana Reche, Floricica Moga, Dorina Nari\u021ba\u200b\u200b, Nicolae Tuhu\u021b, Ciprian Roman, Mihaela \u0219i Ciprian Istrate.<\/p>\n\n\n\n<p class=\"wp-block-paragraph\">T\u00e2rgul de Turism Rural de la Albac va continua, duminic\u0103, 5 septembrie 2021, cu vizitarea expozi\u021biei \u00een care este prezentat\u0103 oferta turistic\u0103 \u0219i agroturistic\u0103 \u00een spa\u021biile de cazare rurale din jude\u021bul Alba, a atelierelor \u0219i expozi\u021biilor de me\u0219te\u0219uguri tradi\u021bionale rom\u00e2ne\u0219ti precum \u0219i cu demonstra\u021bii gastronomice. De asemenea, vizitatorii t\u00e2rgului vor putea vedea \u0219i expozi\u021bia de art\u0103 fotografic\u0103 \u201eAurarii din Mun\u021bii Apuseni\u201d semnat\u0103 de Vasile S\u00e2rb. La ora 17:00, pe scena din centrul comunei Albac, va avea loc Concursul de Interpretare la Tulnic \u201eIn Memoriam Elena Pogan\u201d, care \u00een acest an a ajuns la edi\u021bia a IV-a.<\/p>\n\n\n\n<p class=\"wp-block-paragraph\">\u0218i pentru ziua de duminic\u0103 organizatorii T\u00e2rgului Na\u021bional de Turism Rural de la Albac au preg\u0103tit un spectacol folcloric cu Tulnic\u0103resele din Albac, Ansamblul folcloric \u201eCununa de S\u00e2nziene\u201d Dip\u0219a, Bistri\u021ba-N\u0103s\u0103ud, Corul b\u0103rb\u0103tesc \u201eVoivozii mun\u021bilor\u201c din Covasna, Grupul vocal \u201eCr\u0103i\u0219ori mo\u021be\u0219ti\u201c din Albac, Andrada Mate\u0219, Sergiu Sotelecan, Ancu\u021ba Matei Olar, Adriana Irimie\u0219, Ionela Moru\u021ban, Cristian Pomohaci.<\/p>\n\n\n\n<p class=\"wp-block-paragraph\">T\u00e2rgul Na\u021bional de Turism Rural de la Albac este organizat de Consiliul Jude\u021bean Alba, prin Centrul de Cultur\u0103 \u201eAugustin Bena\u201d Alba, \u00een parteneriat cu Prim\u0103ria Comunei Albac. T\u00e2rgul este o marc\u0103 \u00eenregistrat\u0103 a Consiliului Jude\u021bean Alba.<\/p>\n\n\n\n<p class=\"wp-block-paragraph\"><strong>PROGRAMUL T\u00c2RGULUI DE TURISM RURAL DE LA ALBAC<\/strong><\/p>\n\n\n\n<p class=\"wp-block-paragraph\"><strong>S\u00e2mb\u0103t\u0103, 4 septembrie 2021<\/strong><\/p>\n\n\n\n<p class=\"wp-block-paragraph\">\u200b\u200b\u200b\u200b\u2022 CENTRUL COMUNEI ALBAC<\/p>\n\n\n\n<p class=\"wp-block-paragraph\">14:00\u200b-\u200bVIZITAREA STANDURILOR EXPOZI\u021aIONALE \u0219i a EXPOZI\u021aIEI ETNOGRAFICE ALBAC<\/p>\n\n\n\n<p class=\"wp-block-paragraph\">\u200b- Oferta turistic\u0103 \u0219i agroturistic\u0103 \u00een spa\u021biile de cazare rurale din Jude\u021bul Alba<\/p>\n\n\n\n<p class=\"wp-block-paragraph\">\u200b- Ateliere \u0219i expozi\u021bii de me\u0219te\u0219uguri tradi\u021bionale rom\u00e2ne\u0219ti<\/p>\n\n\n\n<p class=\"wp-block-paragraph\">&#8211; Gastronomia tradi\u021bional\u0103 din Mun\u021bii Apuseni<\/p>\n\n\n\n<p class=\"wp-block-paragraph\">\u200b- Expozi\u021bia etnografic\u0103 din Sta\u021biunea turistic\u0103 Albac<\/p>\n\n\n\n<p class=\"wp-block-paragraph\">\u200b- Expozi\u021bia de art\u0103 fotografic\u0103 ,,Spectacolul naturii\u201d semnat\u0103 Carmen Barna<\/p>\n\n\n\n<p class=\"wp-block-paragraph\">17:00\u200b-\u200bMUZIC\u0102 DE PROMENAD\u0102<\/p>\n\n\n\n<p class=\"wp-block-paragraph\">\u200bFanfara Jude\u021bului Alba, dirijor Coriolan Honca\u0219<\/p>\n\n\n\n<p class=\"wp-block-paragraph\">\u2022 SCENA DIN CENTRUL COMUNEI ALBAC<\/p>\n\n\n\n<p class=\"wp-block-paragraph\">17:30\u200b-\u200bDESCHIDEREA OFICIAL\u0102 A T\u00c2RGULUI DE TURISM RURAL DE LA ALBAC<\/p>\n\n\n\n<p class=\"wp-block-paragraph\">\u200b- Grupului tradi\u021bional de tulnic\u0103rese din Sta\u021biunea Turistic\u0103 Albac<\/p>\n\n\n\n<p class=\"wp-block-paragraph\">\u200b- Premierea locuitorilor din Albac la 50 de ani de c\u0103s\u0103torie<\/p>\n\n\n\n<p class=\"wp-block-paragraph\">18:00\u200b-\u200bSPECTACOL FOLCLORIC<\/p>\n\n\n\n<p class=\"wp-block-paragraph\">TARAFUL ,,MO\u021aUL\u201d din HOREA<\/p>\n\n\n\n<p class=\"wp-block-paragraph\">ANSAMBLUL FOLCLORIC ,,AUGUSTIN BENA\u201d AL JUDE\u021aULUI ALBA, dirijor ALEXANDRU PAL<\/p>\n\n\n\n<p class=\"wp-block-paragraph\">al\u0103turi de soli\u0219tii vocali: LEONTINA F\u0102RCA\u0218\u200b\u200b, NICOLAE PLUT\u0102, ROXANA RECHE, FLORICICA MOGA, DORINA NARI\u021aA\u200b\u200b, NICOLAE TUHU\u021a<\/p>\n\n\n\n<p class=\"wp-block-paragraph\">CIPRIAN ROMAN<\/p>\n\n\n\n<p class=\"wp-block-paragraph\">MIHAELA \u0219i CIPRIAN ISTRATE<\/p>\n\n\n\n<p class=\"wp-block-paragraph\">21:00\u200b-\u200bFOC DE TAB\u0102R\u0102<\/p>\n\n\n\n<p class=\"wp-block-paragraph\"><strong>Duminic\u0103, 5 septembrie 2021<\/strong><\/p>\n\n\n\n<p class=\"wp-block-paragraph\">\u2022 CENTRUL COMUNEI ALBAC<\/p>\n\n\n\n<p class=\"wp-block-paragraph\">10:00\u200b-\u200bVIZITAREA STANDURILOR EXPOZI\u021aIONALE \u0219i a EXPOZI\u021aIEI ETNOGRAFICE ALBAC<\/p>\n\n\n\n<p class=\"wp-block-paragraph\">\u200b- Oferta turistic\u0103 \u0219i agroturistic\u0103 \u00een spa\u021biile de cazare rurale din Jude\u021bul Alba<\/p>\n\n\n\n<p class=\"wp-block-paragraph\">\u200b- Ateliere \u0219i expozi\u021bii de me\u0219te\u0219uguri tradi\u021bionale rom\u00e2ne\u0219ti<\/p>\n\n\n\n<p class=\"wp-block-paragraph\">&#8211; Gastronomia tradi\u021bional\u0103 din Mun\u021bii Apuseni<\/p>\n\n\n\n<p class=\"wp-block-paragraph\">\u200b- Expozi\u021bia etnografic\u0103 din Sta\u021biunea turistic\u0103 Albac<\/p>\n\n\n\n<p class=\"wp-block-paragraph\">\u200b- Expozi\u021bia de art\u0103 fotografic\u0103 ,,Aurarii din Mun\u021bii Apuseni\u201d semnat\u0103 Vasile S\u00e2rb<\/p>\n\n\n\n<p class=\"wp-block-paragraph\">\u2022 SCENA DIN CENTRUL COMUNEI ALBAC<\/p>\n\n\n\n<p class=\"wp-block-paragraph\">17:00\u200b-\u200bCONCURSUL DE INTERPRETARE LA TULNIC ,,In memoriam ELENA POGAN\u201d, ed. a IV-a<\/p>\n\n\n\n<p class=\"wp-block-paragraph\">\u200b\u200bConcurs de interpretare la tulnic \u0219i decernarea premiilor<\/p>\n\n\n\n<p class=\"wp-block-paragraph\">18:00\u200b-\u200bSPECTACOL FOLCLORIC<\/p>\n\n\n\n<p class=\"wp-block-paragraph\">Tulnic\u0103resele din Albac<\/p>\n\n\n\n<p class=\"wp-block-paragraph\">Ansamblul folcloric ,,Cununa de S\u00e2nziene\u201d Dip\u0219a, Bistri\u021ba-N\u0103s\u0103ud<\/p>\n\n\n\n<p class=\"wp-block-paragraph\">Corul b\u0103rb\u0103tesc ,,Voivozii mun\u021bilor\u201c din Covasna<\/p>\n\n\n\n<p class=\"wp-block-paragraph\">Grupul vocal ,,Cr\u0103i\u0219ori mo\u021be\u0219ti\u201c din Albac<\/p>\n\n\n\n<p class=\"wp-block-paragraph\">Andrada Mate\u0219, Sergiu Sotelecan<\/p>\n\n\n\n<p class=\"wp-block-paragraph\">ANCU\u021aA MATEI OLAR<\/p>\n\n\n\n<p class=\"wp-block-paragraph\">ADRIANA IRIMIE\u0218<\/p>\n\n\n\n<p class=\"wp-block-paragraph\">IONELA MORU\u021aAN<\/p>\n\n\n\n<p class=\"wp-block-paragraph\">CRISTIAN POMOHACI<\/p>\n","protected":false},"excerpt":{"rendered":"<p>Sta\u021biunea turistic\u0103 Albac din Mun\u021bii Apuseni g\u0103zduie\u0219te, \u00een perioada 4 \u2013 5 septembrie 2021, T\u00e2rgul Na\u021bional de Turism Rural \u2013 unul dintre cele mai importate t\u00e2rguri de turism rural din Rom\u00e2nia. Evenimentul este cel mai longeviv t\u00e2rg de promovare a turismului rural, reunind reprezentan\u021bii din turism la nivel regional \u0219i na\u021bional care promoveaz\u0103 oferta zonelor &hellip;<\/p>\n","protected":false},"author":17,"featured_media":97720,"comment_status":"open","ping_status":"open","sticky":false,"template":"","format":"standard","meta":{"inline_featured_image":false,"footnotes":""},"categories":[4],"tags":[1088,7285,23600,22056,23598,23599],"class_list":["post-97719","post","type-post","status-publish","format-standard","has-post-thumbnail","hentry","category-eveniment","tag-expozitii","tag-gastronomie","tag-ofertele-turismului-rural","tag-spectacol-de-folclor","tag-statiunea-turistica-albac","tag-targul-national-de-turism-rural-de-la-albac"],"yoast_head":"<!-- This site is optimized with the Yoast SEO plugin v28.3 - https:\/\/yoast.com\/product\/yoast-seo-wordpress\/ -->\n<title>T\u00e2rgul Na\u0163ional de Turism Rural de la Albac \u2013 ofertele turismului rural, gastronomie, expozi\u021bii \u0219i spectacole de folclor - Revista Urbea Mea - Revista de Alba<\/title>\n<meta name=\"description\" content=\"Sta\u021biunea turistic\u0103 Albac din Mun\u021bii Apuseni g\u0103zduie\u0219te, \u00een perioada 4 \u2013 5 septembrie 2021, T\u00e2rgul Na\u021bional de Turism Rural \u2013 unul dintre cele mai\" \/>\n<meta name=\"robots\" content=\"index, follow, max-snippet:-1, max-image-preview:large, max-video-preview:-1\" \/>\n<link rel=\"canonical\" href=\"https:\/\/urbeamea.ro\/albaiulia\/targul-national-de-turism-rural-de-la-albac-ofertele-turismului-rural-gastronomie-expozitii-si-spectacole-de-folclor\/\" \/>\n<meta name=\"twitter:card\" content=\"summary_large_image\" \/>\n<meta name=\"twitter:title\" content=\"T\u00e2rgul Na\u0163ional de Turism Rural de la Albac \u2013 ofertele turismului rural, gastronomie, expozi\u021bii \u0219i spectacole de folclor - Revista Urbea Mea - Revista de Alba\" \/>\n<meta name=\"twitter:description\" content=\"Sta\u021biunea turistic\u0103 Albac din Mun\u021bii Apuseni g\u0103zduie\u0219te, \u00een perioada 4 \u2013 5 septembrie 2021, T\u00e2rgul Na\u021bional de Turism Rural \u2013 unul dintre cele mai\" \/>\n<meta name=\"twitter:image\" content=\"https:\/\/urbeamea.ro\/albaiulia\/wp-content\/uploads\/2021\/09\/afis-targul-de-turism-rural-albac-2021.jpeg\" \/>\n<meta name=\"twitter:creator\" content=\"@urbeameaweb\" \/>\n<meta name=\"twitter:site\" content=\"@urbeameaweb\" \/>\n<script type=\"application\/ld+json\" class=\"yoast-schema-graph\">{\"@context\":\"https:\\\/\\\/schema.org\",\"@graph\":[{\"@type\":\"Article\",\"@id\":\"https:\\\/\\\/urbeamea.ro\\\/albaiulia\\\/targul-national-de-turism-rural-de-la-albac-ofertele-turismului-rural-gastronomie-expozitii-si-spectacole-de-folclor\\\/#article\",\"isPartOf\":{\"@id\":\"https:\\\/\\\/urbeamea.ro\\\/albaiulia\\\/targul-national-de-turism-rural-de-la-albac-ofertele-turismului-rural-gastronomie-expozitii-si-spectacole-de-folclor\\\/\"},\"author\":{\"name\":\"Cristina Ganga\",\"@id\":\"https:\\\/\\\/urbeamea.ro\\\/albaiulia\\\/#\\\/schema\\\/person\\\/9700d21fae21c4f038b0b56f4506264a\"},\"headline\":\"T\u00e2rgul Na\u0163ional de Turism Rural de la Albac \u2013 ofertele turismului rural, gastronomie, expozi\u021bii \u0219i spectacole de folclor\",\"datePublished\":\"2021-09-03T09:20:33+00:00\",\"dateModified\":\"2021-09-03T09:20:36+00:00\",\"mainEntityOfPage\":{\"@id\":\"https:\\\/\\\/urbeamea.ro\\\/albaiulia\\\/targul-national-de-turism-rural-de-la-albac-ofertele-turismului-rural-gastronomie-expozitii-si-spectacole-de-folclor\\\/\"},\"wordCount\":869,\"commentCount\":0,\"image\":{\"@id\":\"https:\\\/\\\/urbeamea.ro\\\/albaiulia\\\/targul-national-de-turism-rural-de-la-albac-ofertele-turismului-rural-gastronomie-expozitii-si-spectacole-de-folclor\\\/#primaryimage\"},\"thumbnailUrl\":\"https:\\\/\\\/urbeamea.ro\\\/albaiulia\\\/wp-content\\\/uploads\\\/2021\\\/09\\\/afis-targul-de-turism-rural-albac-2021.jpeg\",\"keywords\":[\"expozitii\",\"gastronomie\",\"ofertele turismului rural\",\"spectacol de folclor\",\"statiunea turistica albac\",\"targul national de turism rural de la albac\"],\"articleSection\":[\"Evenimente\"],\"inLanguage\":\"ro-RO\",\"potentialAction\":[{\"@type\":\"CommentAction\",\"name\":\"Comment\",\"target\":[\"https:\\\/\\\/urbeamea.ro\\\/albaiulia\\\/targul-national-de-turism-rural-de-la-albac-ofertele-turismului-rural-gastronomie-expozitii-si-spectacole-de-folclor\\\/#respond\"]}]},{\"@type\":\"WebPage\",\"@id\":\"https:\\\/\\\/urbeamea.ro\\\/albaiulia\\\/targul-national-de-turism-rural-de-la-albac-ofertele-turismului-rural-gastronomie-expozitii-si-spectacole-de-folclor\\\/\",\"url\":\"https:\\\/\\\/urbeamea.ro\\\/albaiulia\\\/targul-national-de-turism-rural-de-la-albac-ofertele-turismului-rural-gastronomie-expozitii-si-spectacole-de-folclor\\\/\",\"name\":\"T\u00e2rgul Na\u0163ional de Turism Rural de la Albac \u2013 ofertele turismului rural, gastronomie, expozi\u021bii \u0219i spectacole de folclor - Revista Urbea Mea - Revista de Alba\",\"isPartOf\":{\"@id\":\"https:\\\/\\\/urbeamea.ro\\\/albaiulia\\\/#website\"},\"primaryImageOfPage\":{\"@id\":\"https:\\\/\\\/urbeamea.ro\\\/albaiulia\\\/targul-national-de-turism-rural-de-la-albac-ofertele-turismului-rural-gastronomie-expozitii-si-spectacole-de-folclor\\\/#primaryimage\"},\"image\":{\"@id\":\"https:\\\/\\\/urbeamea.ro\\\/albaiulia\\\/targul-national-de-turism-rural-de-la-albac-ofertele-turismului-rural-gastronomie-expozitii-si-spectacole-de-folclor\\\/#primaryimage\"},\"thumbnailUrl\":\"https:\\\/\\\/urbeamea.ro\\\/albaiulia\\\/wp-content\\\/uploads\\\/2021\\\/09\\\/afis-targul-de-turism-rural-albac-2021.jpeg\",\"datePublished\":\"2021-09-03T09:20:33+00:00\",\"dateModified\":\"2021-09-03T09:20:36+00:00\",\"author\":{\"@id\":\"https:\\\/\\\/urbeamea.ro\\\/albaiulia\\\/#\\\/schema\\\/person\\\/9700d21fae21c4f038b0b56f4506264a\"},\"description\":\"Sta\u021biunea turistic\u0103 Albac din Mun\u021bii Apuseni g\u0103zduie\u0219te, \u00een perioada 4 \u2013 5 septembrie 2021, T\u00e2rgul Na\u021bional de Turism Rural \u2013 unul dintre cele mai\",\"breadcrumb\":{\"@id\":\"https:\\\/\\\/urbeamea.ro\\\/albaiulia\\\/targul-national-de-turism-rural-de-la-albac-ofertele-turismului-rural-gastronomie-expozitii-si-spectacole-de-folclor\\\/#breadcrumb\"},\"inLanguage\":\"ro-RO\",\"potentialAction\":[{\"@type\":\"ReadAction\",\"target\":[\"https:\\\/\\\/urbeamea.ro\\\/albaiulia\\\/targul-national-de-turism-rural-de-la-albac-ofertele-turismului-rural-gastronomie-expozitii-si-spectacole-de-folclor\\\/\"]}]},{\"@type\":\"ImageObject\",\"inLanguage\":\"ro-RO\",\"@id\":\"https:\\\/\\\/urbeamea.ro\\\/albaiulia\\\/targul-national-de-turism-rural-de-la-albac-ofertele-turismului-rural-gastronomie-expozitii-si-spectacole-de-folclor\\\/#primaryimage\",\"url\":\"https:\\\/\\\/urbeamea.ro\\\/albaiulia\\\/wp-content\\\/uploads\\\/2021\\\/09\\\/afis-targul-de-turism-rural-albac-2021.jpeg\",\"contentUrl\":\"https:\\\/\\\/urbeamea.ro\\\/albaiulia\\\/wp-content\\\/uploads\\\/2021\\\/09\\\/afis-targul-de-turism-rural-albac-2021.jpeg\",\"width\":1130,\"height\":1600},{\"@type\":\"BreadcrumbList\",\"@id\":\"https:\\\/\\\/urbeamea.ro\\\/albaiulia\\\/targul-national-de-turism-rural-de-la-albac-ofertele-turismului-rural-gastronomie-expozitii-si-spectacole-de-folclor\\\/#breadcrumb\",\"itemListElement\":[{\"@type\":\"ListItem\",\"position\":1,\"name\":\"Prima pagin\u0103\",\"item\":\"https:\\\/\\\/urbeamea.ro\\\/albaiulia\\\/\"},{\"@type\":\"ListItem\",\"position\":2,\"name\":\"T\u00e2rgul Na\u0163ional de Turism Rural de la Albac \u2013 ofertele turismului rural, gastronomie, expozi\u021bii \u0219i spectacole de folclor\"}]},{\"@type\":\"WebSite\",\"@id\":\"https:\\\/\\\/urbeamea.ro\\\/albaiulia\\\/#website\",\"url\":\"https:\\\/\\\/urbeamea.ro\\\/albaiulia\\\/\",\"name\":\"Revista Urbea Mea, Stiri urbane\",\"description\":\"Evenimente \u0219i \u0219tiri din Alba Iulia, Sebe\u0219, Aiud, Blaj\",\"potentialAction\":[{\"@type\":\"SearchAction\",\"target\":{\"@type\":\"EntryPoint\",\"urlTemplate\":\"https:\\\/\\\/urbeamea.ro\\\/albaiulia\\\/?s={search_term_string}\"},\"query-input\":{\"@type\":\"PropertyValueSpecification\",\"valueRequired\":true,\"valueName\":\"search_term_string\"}}],\"inLanguage\":\"ro-RO\"},{\"@type\":\"Person\",\"@id\":\"https:\\\/\\\/urbeamea.ro\\\/albaiulia\\\/#\\\/schema\\\/person\\\/9700d21fae21c4f038b0b56f4506264a\",\"name\":\"Cristina Ganga\",\"image\":{\"@type\":\"ImageObject\",\"inLanguage\":\"ro-RO\",\"@id\":\"https:\\\/\\\/secure.gravatar.com\\\/avatar\\\/5a67661041f057b4a8ccaf26f5a8e86e2689372006d01faf3dd9eeb10b654bb4?s=96&d=mm&r=g\",\"url\":\"https:\\\/\\\/secure.gravatar.com\\\/avatar\\\/5a67661041f057b4a8ccaf26f5a8e86e2689372006d01faf3dd9eeb10b654bb4?s=96&d=mm&r=g\",\"contentUrl\":\"https:\\\/\\\/secure.gravatar.com\\\/avatar\\\/5a67661041f057b4a8ccaf26f5a8e86e2689372006d01faf3dd9eeb10b654bb4?s=96&d=mm&r=g\",\"caption\":\"Cristina Ganga\"},\"description\":\"Jurnalist\",\"sameAs\":[\"https:\\\/\\\/www.facebook.com\\\/cristina.nicola.587\"],\"url\":\"https:\\\/\\\/urbeamea.ro\\\/albaiulia\\\/author\\\/cristina-nicola\\\/\"}]}<\/script>\n<!-- \/ Yoast SEO plugin. -->","yoast_head_json":{"title":"T\u00e2rgul Na\u0163ional de Turism Rural de la Albac \u2013 ofertele turismului rural, gastronomie, expozi\u021bii \u0219i spectacole de folclor - Revista Urbea Mea - Revista de Alba","description":"Sta\u021biunea turistic\u0103 Albac din Mun\u021bii Apuseni g\u0103zduie\u0219te, \u00een perioada 4 \u2013 5 septembrie 2021, T\u00e2rgul Na\u021bional de Turism Rural \u2013 unul dintre cele mai","robots":{"index":"index","follow":"follow","max-snippet":"max-snippet:-1","max-image-preview":"max-image-preview:large","max-video-preview":"max-video-preview:-1"},"canonical":"https:\/\/urbeamea.ro\/albaiulia\/targul-national-de-turism-rural-de-la-albac-ofertele-turismului-rural-gastronomie-expozitii-si-spectacole-de-folclor\/","twitter_card":"summary_large_image","twitter_title":"T\u00e2rgul Na\u0163ional de Turism Rural de la Albac \u2013 ofertele turismului rural, gastronomie, expozi\u021bii \u0219i spectacole de folclor - Revista Urbea Mea - Revista de Alba","twitter_description":"Sta\u021biunea turistic\u0103 Albac din Mun\u021bii Apuseni g\u0103zduie\u0219te, \u00een perioada 4 \u2013 5 septembrie 2021, T\u00e2rgul Na\u021bional de Turism Rural \u2013 unul dintre cele mai","twitter_image":"https:\/\/urbeamea.ro\/albaiulia\/wp-content\/uploads\/2021\/09\/afis-targul-de-turism-rural-albac-2021.jpeg","twitter_creator":"@urbeameaweb","twitter_site":"@urbeameaweb","schema":{"@context":"https:\/\/schema.org","@graph":[{"@type":"Article","@id":"https:\/\/urbeamea.ro\/albaiulia\/targul-national-de-turism-rural-de-la-albac-ofertele-turismului-rural-gastronomie-expozitii-si-spectacole-de-folclor\/#article","isPartOf":{"@id":"https:\/\/urbeamea.ro\/albaiulia\/targul-national-de-turism-rural-de-la-albac-ofertele-turismului-rural-gastronomie-expozitii-si-spectacole-de-folclor\/"},"author":{"name":"Cristina Ganga","@id":"https:\/\/urbeamea.ro\/albaiulia\/#\/schema\/person\/9700d21fae21c4f038b0b56f4506264a"},"headline":"T\u00e2rgul Na\u0163ional de Turism Rural de la Albac \u2013 ofertele turismului rural, gastronomie, expozi\u021bii \u0219i spectacole de folclor","datePublished":"2021-09-03T09:20:33+00:00","dateModified":"2021-09-03T09:20:36+00:00","mainEntityOfPage":{"@id":"https:\/\/urbeamea.ro\/albaiulia\/targul-national-de-turism-rural-de-la-albac-ofertele-turismului-rural-gastronomie-expozitii-si-spectacole-de-folclor\/"},"wordCount":869,"commentCount":0,"image":{"@id":"https:\/\/urbeamea.ro\/albaiulia\/targul-national-de-turism-rural-de-la-albac-ofertele-turismului-rural-gastronomie-expozitii-si-spectacole-de-folclor\/#primaryimage"},"thumbnailUrl":"https:\/\/urbeamea.ro\/albaiulia\/wp-content\/uploads\/2021\/09\/afis-targul-de-turism-rural-albac-2021.jpeg","keywords":["expozitii","gastronomie","ofertele turismului rural","spectacol de folclor","statiunea turistica albac","targul national de turism rural de la albac"],"articleSection":["Evenimente"],"inLanguage":"ro-RO","potentialAction":[{"@type":"CommentAction","name":"Comment","target":["https:\/\/urbeamea.ro\/albaiulia\/targul-national-de-turism-rural-de-la-albac-ofertele-turismului-rural-gastronomie-expozitii-si-spectacole-de-folclor\/#respond"]}]},{"@type":"WebPage","@id":"https:\/\/urbeamea.ro\/albaiulia\/targul-national-de-turism-rural-de-la-albac-ofertele-turismului-rural-gastronomie-expozitii-si-spectacole-de-folclor\/","url":"https:\/\/urbeamea.ro\/albaiulia\/targul-national-de-turism-rural-de-la-albac-ofertele-turismului-rural-gastronomie-expozitii-si-spectacole-de-folclor\/","name":"T\u00e2rgul Na\u0163ional de Turism Rural de la Albac \u2013 ofertele turismului rural, gastronomie, expozi\u021bii \u0219i spectacole de folclor - Revista Urbea Mea - Revista de Alba","isPartOf":{"@id":"https:\/\/urbeamea.ro\/albaiulia\/#website"},"primaryImageOfPage":{"@id":"https:\/\/urbeamea.ro\/albaiulia\/targul-national-de-turism-rural-de-la-albac-ofertele-turismului-rural-gastronomie-expozitii-si-spectacole-de-folclor\/#primaryimage"},"image":{"@id":"https:\/\/urbeamea.ro\/albaiulia\/targul-national-de-turism-rural-de-la-albac-ofertele-turismului-rural-gastronomie-expozitii-si-spectacole-de-folclor\/#primaryimage"},"thumbnailUrl":"https:\/\/urbeamea.ro\/albaiulia\/wp-content\/uploads\/2021\/09\/afis-targul-de-turism-rural-albac-2021.jpeg","datePublished":"2021-09-03T09:20:33+00:00","dateModified":"2021-09-03T09:20:36+00:00","author":{"@id":"https:\/\/urbeamea.ro\/albaiulia\/#\/schema\/person\/9700d21fae21c4f038b0b56f4506264a"},"description":"Sta\u021biunea turistic\u0103 Albac din Mun\u021bii Apuseni g\u0103zduie\u0219te, \u00een perioada 4 \u2013 5 septembrie 2021, T\u00e2rgul Na\u021bional de Turism Rural \u2013 unul dintre cele mai","breadcrumb":{"@id":"https:\/\/urbeamea.ro\/albaiulia\/targul-national-de-turism-rural-de-la-albac-ofertele-turismului-rural-gastronomie-expozitii-si-spectacole-de-folclor\/#breadcrumb"},"inLanguage":"ro-RO","potentialAction":[{"@type":"ReadAction","target":["https:\/\/urbeamea.ro\/albaiulia\/targul-national-de-turism-rural-de-la-albac-ofertele-turismului-rural-gastronomie-expozitii-si-spectacole-de-folclor\/"]}]},{"@type":"ImageObject","inLanguage":"ro-RO","@id":"https:\/\/urbeamea.ro\/albaiulia\/targul-national-de-turism-rural-de-la-albac-ofertele-turismului-rural-gastronomie-expozitii-si-spectacole-de-folclor\/#primaryimage","url":"https:\/\/urbeamea.ro\/albaiulia\/wp-content\/uploads\/2021\/09\/afis-targul-de-turism-rural-albac-2021.jpeg","contentUrl":"https:\/\/urbeamea.ro\/albaiulia\/wp-content\/uploads\/2021\/09\/afis-targul-de-turism-rural-albac-2021.jpeg","width":1130,"height":1600},{"@type":"BreadcrumbList","@id":"https:\/\/urbeamea.ro\/albaiulia\/targul-national-de-turism-rural-de-la-albac-ofertele-turismului-rural-gastronomie-expozitii-si-spectacole-de-folclor\/#breadcrumb","itemListElement":[{"@type":"ListItem","position":1,"name":"Prima pagin\u0103","item":"https:\/\/urbeamea.ro\/albaiulia\/"},{"@type":"ListItem","position":2,"name":"T\u00e2rgul Na\u0163ional de Turism Rural de la Albac \u2013 ofertele turismului rural, gastronomie, expozi\u021bii \u0219i spectacole de folclor"}]},{"@type":"WebSite","@id":"https:\/\/urbeamea.ro\/albaiulia\/#website","url":"https:\/\/urbeamea.ro\/albaiulia\/","name":"Revista Urbea Mea, Stiri urbane","description":"Evenimente \u0219i \u0219tiri din Alba Iulia, Sebe\u0219, Aiud, Blaj","potentialAction":[{"@type":"SearchAction","target":{"@type":"EntryPoint","urlTemplate":"https:\/\/urbeamea.ro\/albaiulia\/?s={search_term_string}"},"query-input":{"@type":"PropertyValueSpecification","valueRequired":true,"valueName":"search_term_string"}}],"inLanguage":"ro-RO"},{"@type":"Person","@id":"https:\/\/urbeamea.ro\/albaiulia\/#\/schema\/person\/9700d21fae21c4f038b0b56f4506264a","name":"Cristina Ganga","image":{"@type":"ImageObject","inLanguage":"ro-RO","@id":"https:\/\/secure.gravatar.com\/avatar\/5a67661041f057b4a8ccaf26f5a8e86e2689372006d01faf3dd9eeb10b654bb4?s=96&d=mm&r=g","url":"https:\/\/secure.gravatar.com\/avatar\/5a67661041f057b4a8ccaf26f5a8e86e2689372006d01faf3dd9eeb10b654bb4?s=96&d=mm&r=g","contentUrl":"https:\/\/secure.gravatar.com\/avatar\/5a67661041f057b4a8ccaf26f5a8e86e2689372006d01faf3dd9eeb10b654bb4?s=96&d=mm&r=g","caption":"Cristina Ganga"},"description":"Jurnalist","sameAs":["https:\/\/www.facebook.com\/cristina.nicola.587"],"url":"https:\/\/urbeamea.ro\/albaiulia\/author\/cristina-nicola\/"}]}},"_links":{"self":[{"href":"https:\/\/urbeamea.ro\/albaiulia\/wp-json\/wp\/v2\/posts\/97719","targetHints":{"allow":["GET"]}}],"collection":[{"href":"https:\/\/urbeamea.ro\/albaiulia\/wp-json\/wp\/v2\/posts"}],"about":[{"href":"https:\/\/urbeamea.ro\/albaiulia\/wp-json\/wp\/v2\/types\/post"}],"author":[{"embeddable":true,"href":"https:\/\/urbeamea.ro\/albaiulia\/wp-json\/wp\/v2\/users\/17"}],"replies":[{"embeddable":true,"href":"https:\/\/urbeamea.ro\/albaiulia\/wp-json\/wp\/v2\/comments?post=97719"}],"version-history":[{"count":1,"href":"https:\/\/urbeamea.ro\/albaiulia\/wp-json\/wp\/v2\/posts\/97719\/revisions"}],"predecessor-version":[{"id":97721,"href":"https:\/\/urbeamea.ro\/albaiulia\/wp-json\/wp\/v2\/posts\/97719\/revisions\/97721"}],"wp:featuredmedia":[{"embeddable":true,"href":"https:\/\/urbeamea.ro\/albaiulia\/wp-json\/wp\/v2\/media\/97720"}],"wp:attachment":[{"href":"https:\/\/urbeamea.ro\/albaiulia\/wp-json\/wp\/v2\/media?parent=97719"}],"wp:term":[{"taxonomy":"category","embeddable":true,"href":"https:\/\/urbeamea.ro\/albaiulia\/wp-json\/wp\/v2\/categories?post=97719"},{"taxonomy":"post_tag","embeddable":true,"href":"https:\/\/urbeamea.ro\/albaiulia\/wp-json\/wp\/v2\/tags?post=97719"}],"curies":[{"name":"wp","href":"https:\/\/api.w.org\/{rel}","templated":true}]}}