{"id":98047,"date":"2021-09-16T11:01:14","date_gmt":"2021-09-16T08:01:14","guid":{"rendered":"https:\/\/urbeamea.ro\/albaiulia\/?p=98047"},"modified":"2021-09-16T17:07:00","modified_gmt":"2021-09-16T14:07:00","slug":"un-weekend-plin-de-invitati-de-seama-atat-pentru-cei-mari-dar-si-pentru-cei-mici-la-sarbatoarea-muzicii-in-17-19-septembrie","status":"publish","type":"post","link":"https:\/\/urbeamea.ro\/albaiulia\/un-weekend-plin-de-invitati-de-seama-atat-pentru-cei-mari-dar-si-pentru-cei-mici-la-sarbatoarea-muzicii-in-17-19-septembrie\/","title":{"rendered":"Un weekend plin de invita\u021bi de seam\u0103 at\u00e2t pentru cei mari, dar \u0219i pentru cei mici la S\u0103rb\u0103toarea Muzicii \u00een 17-19 septembrie"},"content":{"rendered":"\n<h3 class=\"wp-block-heading\">Weekend-ul acesta are loc evenimentul &#8222;S\u0103rb\u0103toarea Muzicii&#8221; la Alba Iulia, \u00een perioada 17-19 septembrie. Nume frumoase s-au anun\u021bat invitate la eveniment, motiv pentru care v\u0103 prezent\u0103m c\u00e2teva informa\u021bii despre fiecare. Accesul la eveniment este GRATUIT!<\/h3>\n\n\n\n<figure class=\"wp-block-image size-full\"><img loading=\"lazy\" decoding=\"async\" width=\"1280\" height=\"576\" src=\"https:\/\/urbeamea.ro\/albaiulia\/wp-content\/uploads\/2021\/09\/Big-Bandul.jpeg\" alt=\"\" class=\"wp-image-98048\" srcset=\"https:\/\/urbeamea.ro\/albaiulia\/wp-content\/uploads\/2021\/09\/Big-Bandul.jpeg 1280w, https:\/\/urbeamea.ro\/albaiulia\/wp-content\/uploads\/2021\/09\/Big-Bandul-640x288.jpeg 640w, https:\/\/urbeamea.ro\/albaiulia\/wp-content\/uploads\/2021\/09\/Big-Bandul-150x68.jpeg 150w, https:\/\/urbeamea.ro\/albaiulia\/wp-content\/uploads\/2021\/09\/Big-Bandul-768x346.jpeg 768w\" sizes=\"auto, (max-width: 1280px) 100vw, 1280px\" \/><\/figure>\n\n\n\n<p class=\"wp-block-paragraph\"><strong>Big Bandul Radio<\/strong> dirijat de <strong>Ionel Tudor<\/strong> va acompania \u0219i va aduce \u00een prim plan nu mai pu\u021bin de 3 voci feminine extrem de diferite, reprezentative pentru scena de pop, jazz \u0219i crossover din Rom\u00e2nia, respectiv Paula Seling, Monica Anghel \u0219i Ozana Barabancea.<\/p>\n\n\n\n<p class=\"wp-block-paragraph\">Concertul va fi o \u00eent\u00e2lnire \u00een premier\u0103, \u00een aceast\u0103 formul\u0103, cu frumuse\u021bea, delicate\u021bea, dar \u0219i for\u021ba \u0219i seduc\u0103toarea fascina\u021bie a muzicii pop, jazz \u0219i crossover \u0219i a celor mai noi derivate ale acestora, \u00een proiecte muzicale inovatoare de cel mai \u00eenalt nivel artistic, av\u00e2nd \u00een centru vocea feminin\u0103.<\/p>\n\n\n\n<figure class=\"wp-block-image size-full is-resized\"><img loading=\"lazy\" decoding=\"async\" src=\"https:\/\/urbeamea.ro\/albaiulia\/wp-content\/uploads\/2021\/09\/Paula-Seling_10-Photo_-Radu-Bucura-edited.jpeg\" alt=\"\" class=\"wp-image-98054\" width=\"839\" height=\"471\" srcset=\"https:\/\/urbeamea.ro\/albaiulia\/wp-content\/uploads\/2021\/09\/Paula-Seling_10-Photo_-Radu-Bucura-edited.jpeg 960w, https:\/\/urbeamea.ro\/albaiulia\/wp-content\/uploads\/2021\/09\/Paula-Seling_10-Photo_-Radu-Bucura-edited-640x360.jpeg 640w, https:\/\/urbeamea.ro\/albaiulia\/wp-content\/uploads\/2021\/09\/Paula-Seling_10-Photo_-Radu-Bucura-edited-150x84.jpeg 150w, https:\/\/urbeamea.ro\/albaiulia\/wp-content\/uploads\/2021\/09\/Paula-Seling_10-Photo_-Radu-Bucura-edited-768x432.jpeg 768w\" sizes=\"auto, (max-width: 839px) 100vw, 839px\" \/><\/figure>\n\n\n\n<p class=\"wp-block-paragraph\"><strong>Paula Seling<\/strong> este solist\u0103, compozitoare, produc\u0103tor muzical,&nbsp; prezentator TV, artist. A c\u00e2\u015ftigat aproape toate trofeele festivalurilor de muzic\u0103 din Rom\u00e2nia. Din 1998 \u015fi p\u00e2n\u0103 acum a lansat peste 17 albume solo, at\u00e2t cu muzic\u0103 pop, dar \u015fi de colinde \u015fi muzic\u0103 religioas\u0103, multe dintre acestea fiind scrise, orchestrate \u015fi produse de ea.&nbsp; A colaborat cu studiourile Dysney\/PIXAR pentru c\u00e2teva filme de anima\u0163ie. De-a lungul timpului a avut numeroase colabor\u0103ri cu nume mari din industria muzical\u0103 \u015fi a c\u00e2ntat pe scene al\u0103turi de mari interpre\u0163i. A reprezentat de dou\u0103 ori, al\u0103turi de Ovi, Rom\u00e2nia la Eurovision, unde \u00een 2010 au reu\u0219it s\u0103 ob\u021bin\u0103 locul 3. Din 2008 are propria cas\u0103 de produc\u0163ie.<\/p>\n\n\n\n<figure class=\"wp-block-image size-full\"><img loading=\"lazy\" decoding=\"async\" width=\"956\" height=\"538\" src=\"https:\/\/urbeamea.ro\/albaiulia\/wp-content\/uploads\/2021\/09\/Monica-Anghel-edited.jpeg\" alt=\"\" class=\"wp-image-98055\" srcset=\"https:\/\/urbeamea.ro\/albaiulia\/wp-content\/uploads\/2021\/09\/Monica-Anghel-edited.jpeg 956w, https:\/\/urbeamea.ro\/albaiulia\/wp-content\/uploads\/2021\/09\/Monica-Anghel-edited-640x360.jpeg 640w, https:\/\/urbeamea.ro\/albaiulia\/wp-content\/uploads\/2021\/09\/Monica-Anghel-edited-150x84.jpeg 150w, https:\/\/urbeamea.ro\/albaiulia\/wp-content\/uploads\/2021\/09\/Monica-Anghel-edited-768x432.jpeg 768w\" sizes=\"auto, (max-width: 956px) 100vw, 956px\" \/><\/figure>\n\n\n\n<p class=\"wp-block-paragraph\"><strong>Monica Anghel<\/strong> este un nume de referin\u021b\u0103 \u00een muzica u\u0219oar\u0103 rom\u00e2neasc\u0103. Debutul ei profesionist s-a produs la 14 ani, atunci c\u00e2nd a c\u00e2\u0219tigat primul premiu important la Festivalul de muzic\u0103 u\u0219oar\u0103 &#8222;Bucure\u0219ti-86&#8221;. \u00cen acela\u0219i an a participat la Festivalul de la Mamaia, unde a ob\u021binut premiul I la sec\u021biunea Interpretare. A luat de dou\u0103 ori trofeul \u00een Australia, a fost premiat\u0103 \u00een Macedonia, Finlanda, Germania. A reprezentat Rom\u00e2nia la festivalul de la Cerbul de Aur de la Bra\u0219ov \u0219i a \u0219i c\u00e2\u0219tigat marele premiu. De asemenea a fost, \u00eempreun\u0103 cu Marcel Pavel reprezentanta Rom\u00e2niei la concursul Eurovision 2002. A avut numeroase concerte \u0219i turnee \u0219i \u00een afara \u021b\u0103rii.<\/p>\n\n\n\n<figure class=\"wp-block-image size-full\"><img loading=\"lazy\" decoding=\"async\" width=\"993\" height=\"559\" src=\"https:\/\/urbeamea.ro\/albaiulia\/wp-content\/uploads\/2021\/09\/Ozana-Barabancea-4-edited.jpeg\" alt=\"\" class=\"wp-image-98056\" srcset=\"https:\/\/urbeamea.ro\/albaiulia\/wp-content\/uploads\/2021\/09\/Ozana-Barabancea-4-edited.jpeg 993w, https:\/\/urbeamea.ro\/albaiulia\/wp-content\/uploads\/2021\/09\/Ozana-Barabancea-4-edited-640x360.jpeg 640w, https:\/\/urbeamea.ro\/albaiulia\/wp-content\/uploads\/2021\/09\/Ozana-Barabancea-4-edited-150x84.jpeg 150w, https:\/\/urbeamea.ro\/albaiulia\/wp-content\/uploads\/2021\/09\/Ozana-Barabancea-4-edited-768x432.jpeg 768w\" sizes=\"auto, (max-width: 993px) 100vw, 993px\" \/><\/figure>\n\n\n\n<p class=\"wp-block-paragraph\"><strong>Ozana Barabancea<\/strong> este c\u00e2nt\u0103rea\u021b\u0103 de oper\u0103 \u0219i jazz \u0219i profesoar\u0103 de canto \u0219i este una dintre cele mai \u00eendr\u0103gite vedete TV. Este o artist\u0103 ce abordeaz\u0103 genuri diverse, av\u00e2nd \u00eens\u0103 un punct comun: muzica. De\u0219i ini\u021bial a fost c\u00e2nt\u0103rea\u021b\u0103 de oper\u0103, este cunoscut\u0103 \u0219i pentru show-urile de jazz sus\u021binute. A participat la numeroase turnee \u0219i festivaluri de jazz, \u00een \u021bar\u0103 \u0219i \u00een str\u0103in\u0103tate, \u0219i a \u021binut cursuri de canto pentru mai mul\u021bi arti\u0219ti rom\u00e2ni, printre care: Loredana, Monica Davidescu, Aurelian Temi\u0219an, Maia Morgenstern \u0219i mul\u021bi al\u021bii. Printre studiile Ozanei Barabancea se num\u0103r\u0103: \u0218coala Popular\u0103 de Art\u0103, sec\u021bia Jazz (anul 2000), Universitarea de Art\u0103 \u201dLuceaf\u0103rul\u201d (anul 2000) \u0219i Conservatorul, sec\u021bia Pedagogie muzical\u0103.<\/p>\n\n\n\n<p class=\"wp-block-paragraph\"><strong>Big Band-ul Radio<\/strong> &#8211; Mae\u0219tri importan\u021bi, dirijori \u0219i compozitori, precum Sile Dinicu, apoi Cornel Popescu, Ion Cristinoiu \u0219i, mai recent, Ionel Tudor au condus Big Bandul Radio de-a lungul&nbsp; istoriei sale. Prin \u00eenregistr\u0103rile realizate \u00een decenii de activitate, Big Bandul Radio a realizat un amplu fond de valori componistice \u0219i interpretative, iar prin concerte, colabor\u0103ri la emisiuni de televiziune sau participarea la festivaluri (mai ales la cele de la Mamaia \u0219i Bra\u0219ov), a contribuit la consolidarea prestigiului artistic al forma\u021biei.<\/p>\n\n\n\n<figure class=\"wp-block-image size-full\"><img loading=\"lazy\" decoding=\"async\" width=\"1280\" height=\"576\" src=\"https:\/\/urbeamea.ro\/albaiulia\/wp-content\/uploads\/2021\/09\/Ionel-Tudor.jpeg\" alt=\"\" class=\"wp-image-98053\" srcset=\"https:\/\/urbeamea.ro\/albaiulia\/wp-content\/uploads\/2021\/09\/Ionel-Tudor.jpeg 1280w, https:\/\/urbeamea.ro\/albaiulia\/wp-content\/uploads\/2021\/09\/Ionel-Tudor-640x288.jpeg 640w, https:\/\/urbeamea.ro\/albaiulia\/wp-content\/uploads\/2021\/09\/Ionel-Tudor-150x68.jpeg 150w, https:\/\/urbeamea.ro\/albaiulia\/wp-content\/uploads\/2021\/09\/Ionel-Tudor-768x346.jpeg 768w\" sizes=\"auto, (max-width: 1280px) 100vw, 1280px\" \/><\/figure>\n\n\n\n<p class=\"wp-block-paragraph\"><strong>Ionel Tudor<\/strong>, de c\u00e2nd este dirijorul acestei orchestre, a reu\u0219it s\u0103 diversifice activitatea Big Band-ului, orient\u00e2ndu-se nu doar spre muzic\u0103 u\u0219oar\u0103, ci \u0219i spre jazz, blues \u0219i chiar rock. Prin spectacole, gale \u0219i recitaluri de \u00eenalt\u0103 calitate, a revenit \u00een centrul aten\u021biei lumii muzicale rom\u00e2ne\u0219ti \u0219i a recucerit respectul \u0219i prestigiul de care s-au bucurat, cu ani \u00een urm\u0103, \u00een perioada lui Sile Dinicu.<\/p>\n\n\n\n<p class=\"wp-block-paragraph\"><strong>Concertul va avea loc vineri, 17 septembrie, de la 19.30.<\/strong><\/p>\n\n\n\n<figure class=\"wp-block-image size-full\"><img loading=\"lazy\" decoding=\"async\" width=\"960\" height=\"540\" src=\"https:\/\/urbeamea.ro\/albaiulia\/wp-content\/uploads\/2021\/09\/Gasca-Zurli-edited.png\" alt=\"\" class=\"wp-image-98057\" srcset=\"https:\/\/urbeamea.ro\/albaiulia\/wp-content\/uploads\/2021\/09\/Gasca-Zurli-edited.png 960w, https:\/\/urbeamea.ro\/albaiulia\/wp-content\/uploads\/2021\/09\/Gasca-Zurli-edited-640x360.png 640w, https:\/\/urbeamea.ro\/albaiulia\/wp-content\/uploads\/2021\/09\/Gasca-Zurli-edited-150x84.png 150w, https:\/\/urbeamea.ro\/albaiulia\/wp-content\/uploads\/2021\/09\/Gasca-Zurli-edited-768x432.png 768w\" sizes=\"auto, (max-width: 960px) 100vw, 960px\" \/><\/figure>\n\n\n\n<p class=\"wp-block-paragraph\">De peste 10 ani, <strong>Ga\u0219ca Zurli<\/strong> e iubit\u0103 de copii, p\u0103rin\u021bi \u0219i bunici, deopotriv\u0103! Micu\u021bii rostesc primele cuvinte, c\u00e2nt\u00e2nd fr\u00e2nturi din piesele Ga\u0219ca Zurli. Exerseaz\u0103, apoi, deprinderile specifice v\u00e2rstei, \u00eempreun\u0103 cu personajele Ga\u0219ca Zurli. Primele spectacole din via\u021ba lor sunt pove\u0219tile contemporane, \u00een care bun\u0103tatea creeaz\u0103 magia \u00een timp real \u0219i r\u0103utatea e doar umbra binelui! Cu to\u021bii sunt atra\u0219i de firescul situa\u021biilor, de comicul care oglinde\u0219te interac\u021biunea cu copiii \u0219i, mai ales, de limbajul universal al iubirii.<\/p>\n\n\n\n<p class=\"wp-block-paragraph\"><strong>Spectacolul va avea loc duminic\u0103, 19 septembrie, de la ora 11.00.<\/strong><\/p>\n\n\n\n<figure class=\"wp-block-image size-full is-resized\"><img decoding=\"async\" src=\"https:\/\/urbeamea.ro\/albaiulia\/wp-content\/uploads\/2021\/09\/Phoenix-2-edited.png\" alt=\"\" class=\"wp-image-98068\" width=\"836\" srcset=\"https:\/\/urbeamea.ro\/albaiulia\/wp-content\/uploads\/2021\/09\/Phoenix-2-edited.png 719w, https:\/\/urbeamea.ro\/albaiulia\/wp-content\/uploads\/2021\/09\/Phoenix-2-edited-640x360.png 640w, https:\/\/urbeamea.ro\/albaiulia\/wp-content\/uploads\/2021\/09\/Phoenix-2-edited-150x84.png 150w\" sizes=\"(max-width: 719px) 100vw, 719px\" \/><\/figure>\n\n\n\n<p class=\"wp-block-paragraph\">\u00cen vremuri de restri\u0219te, <strong>Phoenix <\/strong>rena\u0219te al\u0103turi de rom\u00e2ni!<\/p>\n\n\n\n<p class=\"wp-block-paragraph\"><strong>Phoenix<\/strong> a hr\u0103nit spiritual genera\u021bii de rom\u00e2ni, a lansat mari muzicieni, dar \u0219i piese nemuritoare. Capodopere muzicale care \u00eenc\u0103 scriu istoria Phoenix au fost, sunt, \u0219i \u00eenc\u0103 vor fi fredonate de genera\u021bii \u00eentregi: \u201eVremuri\u201d, \u201eFata Verde\u201d, \u201eNegru Vod\u0103\u201d, \u201eStrunga\u201d, \u201eCanarul\u201d, \u201eMugur de fluier\u201d, \u201eMica \u0163iganiad\u0103\u201d, \u201eNunta\u201d.<\/p>\n\n\n\n<p class=\"wp-block-paragraph\">Al\u0103turi de Nicu Covaci, care are o carier\u0103 excep\u021bional\u0103 de mai bine de o jum\u0103tate de secol, noua trup\u0103 Phoenix reprezint\u0103 un capitol unic \u00een rockul rom\u00e2nesc,&nbsp; merg\u00e2nd pe aceea\u0219i linie, cu un aer mai degrab\u0103 r\u0103zboinic. Noii membri ai forma\u021biei au abordat numeroase sub-genuri ale rock-ului, traseul stilistic al trupei pornind de la muzic\u0103 beat, rock psihedelic, hard rock \u0219i ajung\u00e2nd la etno \u2013 rock.<\/p>\n\n\n\n<p class=\"wp-block-paragraph\">Phoenix se \u00eent\u00e2lne\u0219te cu publicul din Alba Iulia \u00een cadrul unui\u00a0 spectacol extraordinar\u00a0SYMPHOENIX\u00a0&#8211; \u00eempreun\u0103 cu Filarmonica de Stat Oltenia, dirijor Bogdan Vod\u0103.\u00a0<\/p>\n\n\n\n<figure class=\"wp-block-image size-full\"><img loading=\"lazy\" decoding=\"async\" width=\"1280\" height=\"720\" src=\"https:\/\/urbeamea.ro\/albaiulia\/wp-content\/uploads\/2021\/09\/Filarmonica-Sibiu.jpeg\" alt=\"\" class=\"wp-image-98063\" srcset=\"https:\/\/urbeamea.ro\/albaiulia\/wp-content\/uploads\/2021\/09\/Filarmonica-Sibiu.jpeg 1280w, https:\/\/urbeamea.ro\/albaiulia\/wp-content\/uploads\/2021\/09\/Filarmonica-Sibiu-640x360.jpeg 640w, https:\/\/urbeamea.ro\/albaiulia\/wp-content\/uploads\/2021\/09\/Filarmonica-Sibiu-150x84.jpeg 150w, https:\/\/urbeamea.ro\/albaiulia\/wp-content\/uploads\/2021\/09\/Filarmonica-Sibiu-768x432.jpeg 768w\" sizes=\"auto, (max-width: 1280px) 100vw, 1280px\" \/><\/figure>\n\n\n\n<p class=\"wp-block-paragraph\">Lucr\u0103ri celebre din crea\u021bia celor de la Deep Purple, ABBA, Adele, Guns N\u2019Roses, Coldplay, Nirvana, Jimi Hendrix, Ramin Djawadi, Ed Sheeran, One Republic, Bruno Mars, Fredie Mercury, sau Michael Jackson vor inunda Pia\u021ba Cet\u0103\u021bii din Alba Iulia \u00eentr-un <em>concert fuziune <\/em>\u00eentre dou\u0103 genuri aparent incompatibile: simfonic \u0219i pop-rock. <strong>Proiectul \u201cRock the Symphony\u201d <\/strong>a fost creat din dorin\u021ba de a diversifica repertoriul orchestral al unei filarmonici, din nevoia de inovare, de ie\u0219ire din rutina pe care o implic\u0103 specificul unei orchestre simfonice \u0219i, totodat\u0103, din provocarea de a atrage \u00een sala de concerte o nou\u0103 categorie de public, cel consumator de muzic\u0103 pop-rock. Structura orchestrei \u00een acest spectacol de fuziune este cea de Orchestr\u0103 de Coarde (cu cele dou\u0103 viori, viol\u0103, violoncel \u0219i contrabas) c\u0103reia i se al\u0103tur\u0103 elementele unei trupe Rock: chitara electric\u0103, chitara bas, clape, set de tobe \u0219i percu\u021bie. Iar dac\u0103 \u00eel ad\u0103ug\u0103m la aceast\u0103 re\u021bet\u0103 \u0219i pe carismaticul Remus Grama, dirijorul Orchestrei Filarmonicii de Stat Sibiu \u0219i creator al proiectului, care va prezenta programul \u00eentr-o manier\u0103 atipic\u0103, sp\u0103rg\u00e2nd bariera dintre scen\u0103 \u0219i public, vom avea garan\u021bia unui spectacol complet, gata de savurat de toate gusturile \u0219i preferin\u021bele.<\/p>\n\n\n\n<figure class=\"wp-block-image size-full\"><img loading=\"lazy\" decoding=\"async\" width=\"1280\" height=\"719\" src=\"https:\/\/urbeamea.ro\/albaiulia\/wp-content\/uploads\/2021\/09\/The-Puzzles-2-edited.jpeg\" alt=\"\" class=\"wp-image-98067\" srcset=\"https:\/\/urbeamea.ro\/albaiulia\/wp-content\/uploads\/2021\/09\/The-Puzzles-2-edited.jpeg 1280w, https:\/\/urbeamea.ro\/albaiulia\/wp-content\/uploads\/2021\/09\/The-Puzzles-2-edited-640x360.jpeg 640w, https:\/\/urbeamea.ro\/albaiulia\/wp-content\/uploads\/2021\/09\/The-Puzzles-2-edited-150x84.jpeg 150w, https:\/\/urbeamea.ro\/albaiulia\/wp-content\/uploads\/2021\/09\/The-Puzzles-2-edited-768x431.jpeg 768w\" sizes=\"auto, (max-width: 1280px) 100vw, 1280px\" \/><\/figure>\n\n\n\n<p class=\"wp-block-paragraph\">Unii l\u00e2ng\u0103 al\u021bii, piese \u0219i oameni.\u00a0<br><strong>Trupa The PuZzles <\/strong>a \u00eemplinit anul acesta 10 ani \u0219i vor s\u0103rb\u0103tori din nou magia muzicii al\u0103turi de publicul de acas\u0103, din Alba Iulia.\u00a0<br><br><strong>Trupa The PuZzles<\/strong> s-a format la ini\u021biativa lui Robert Gavrila\u0219 \u2013 vocea The PuZzles. De-a lungul vremii, trupa a primit \u00een familie noi muzicieni, a continuat s\u0103 evolueze \u0219i s\u0103 bucure publicul pe plan local, dar \u0219i na\u021bional, venind mereu cu idei \u0219i obiective noi.<br><br>Robert Gavrila\u0219 \u2013 Lead vocal<br>Andrei P\u00e2rjol \u2013 Bass<br>Laur F\u0103g\u0103dar \u2013 Drums<br>C\u0103lin Paraschiv \u2013 Guitar<br>Liviu Cernat \u2013 Violin<br>Andrei Cosma \u2013 Guitar<br>Matei Cre\u021biu\u00a0&#8211; Codreanu\u00a0\u2013 Saxophone<br>Cristian Alexievici \u2013 Keyboards<\/p>\n","protected":false},"excerpt":{"rendered":"<p>Weekend-ul acesta are loc evenimentul &#8222;S\u0103rb\u0103toarea Muzicii&#8221; la Alba Iulia, \u00een perioada 17-19 septembrie. Nume frumoase s-au anun\u021bat invitate la eveniment, motiv pentru care v\u0103 prezent\u0103m c\u00e2teva informa\u021bii despre fiecare. Accesul la eveniment este GRATUIT! Big Bandul Radio dirijat de Ionel Tudor va acompania \u0219i va aduce \u00een prim plan nu mai pu\u021bin de 3 &hellip;<\/p>\n","protected":false},"author":5,"featured_media":98054,"comment_status":"open","ping_status":"open","sticky":false,"template":"","format":"standard","meta":{"inline_featured_image":false,"footnotes":""},"categories":[4],"tags":[23699,1495,23236,23701,15391],"class_list":["post-98047","post","type-post","status-publish","format-standard","has-post-thumbnail","hentry","category-eveniment","tag-bin-bandul-radio","tag-dirijor","tag-monica-anghel","tag-ozana-barabancea","tag-paula-seling"],"yoast_head":"<!-- This site is optimized with the Yoast SEO plugin v28.3 - https:\/\/yoast.com\/product\/yoast-seo-wordpress\/ -->\n<title>Un weekend plin de invita\u021bi de seam\u0103 at\u00e2t pentru cei mari, dar \u0219i pentru cei mici la S\u0103rb\u0103toarea Muzicii \u00een 17-19 septembrie - Revista Urbea Mea - Revista de Alba<\/title>\n<meta name=\"description\" content=\"Weekend-ul acesta are loc evenimentul &quot;S\u0103rb\u0103toarea Muzicii&quot; la Alba Iulia, \u00een perioada 17-19 septembrie. Nume frumoase s-au anun\u021bat invitate la eveniment,\" \/>\n<meta name=\"robots\" content=\"index, follow, max-snippet:-1, max-image-preview:large, max-video-preview:-1\" \/>\n<link rel=\"canonical\" href=\"https:\/\/urbeamea.ro\/albaiulia\/un-weekend-plin-de-invitati-de-seama-atat-pentru-cei-mari-dar-si-pentru-cei-mici-la-sarbatoarea-muzicii-in-17-19-septembrie\/\" \/>\n<meta name=\"twitter:card\" content=\"summary_large_image\" \/>\n<meta name=\"twitter:title\" content=\"Un weekend plin de invita\u021bi de seam\u0103 at\u00e2t pentru cei mari, dar \u0219i pentru cei mici la S\u0103rb\u0103toarea Muzicii \u00een 17-19 septembrie - Revista Urbea Mea - Revista de Alba\" \/>\n<meta name=\"twitter:description\" content=\"Weekend-ul acesta are loc evenimentul &quot;S\u0103rb\u0103toarea Muzicii&quot; la Alba Iulia, \u00een perioada 17-19 septembrie. Nume frumoase s-au anun\u021bat invitate la eveniment,\" \/>\n<meta name=\"twitter:image\" content=\"https:\/\/urbeamea.ro\/albaiulia\/wp-content\/uploads\/2021\/09\/Paula-Seling_10-Photo_-Radu-Bucura-edited.jpeg\" \/>\n<meta name=\"twitter:creator\" content=\"@urbeameaweb\" \/>\n<meta name=\"twitter:site\" content=\"@urbeameaweb\" \/>\n<script type=\"application\/ld+json\" class=\"yoast-schema-graph\">{\"@context\":\"https:\\\/\\\/schema.org\",\"@graph\":[{\"@type\":\"Article\",\"@id\":\"https:\\\/\\\/urbeamea.ro\\\/albaiulia\\\/un-weekend-plin-de-invitati-de-seama-atat-pentru-cei-mari-dar-si-pentru-cei-mici-la-sarbatoarea-muzicii-in-17-19-septembrie\\\/#article\",\"isPartOf\":{\"@id\":\"https:\\\/\\\/urbeamea.ro\\\/albaiulia\\\/un-weekend-plin-de-invitati-de-seama-atat-pentru-cei-mari-dar-si-pentru-cei-mici-la-sarbatoarea-muzicii-in-17-19-septembrie\\\/\"},\"author\":{\"name\":\"Bogdan P\u0103unescu\",\"@id\":\"https:\\\/\\\/urbeamea.ro\\\/albaiulia\\\/#\\\/schema\\\/person\\\/a115373ce8153754c6b084232d985956\"},\"headline\":\"Un weekend plin de invita\u021bi de seam\u0103 at\u00e2t pentru cei mari, dar \u0219i pentru cei mici la S\u0103rb\u0103toarea Muzicii \u00een 17-19 septembrie\",\"datePublished\":\"2021-09-16T08:01:14+00:00\",\"dateModified\":\"2021-09-16T14:07:00+00:00\",\"mainEntityOfPage\":{\"@id\":\"https:\\\/\\\/urbeamea.ro\\\/albaiulia\\\/un-weekend-plin-de-invitati-de-seama-atat-pentru-cei-mari-dar-si-pentru-cei-mici-la-sarbatoarea-muzicii-in-17-19-septembrie\\\/\"},\"wordCount\":1287,\"commentCount\":0,\"image\":{\"@id\":\"https:\\\/\\\/urbeamea.ro\\\/albaiulia\\\/un-weekend-plin-de-invitati-de-seama-atat-pentru-cei-mari-dar-si-pentru-cei-mici-la-sarbatoarea-muzicii-in-17-19-septembrie\\\/#primaryimage\"},\"thumbnailUrl\":\"https:\\\/\\\/urbeamea.ro\\\/albaiulia\\\/wp-content\\\/uploads\\\/2021\\\/09\\\/Paula-Seling_10-Photo_-Radu-Bucura-edited.jpeg\",\"keywords\":[\"Bin Bandul Radio\",\"dirijor\",\"monica anghel\",\"Ozana Barabancea\",\"Paula Seling\"],\"articleSection\":[\"Evenimente\"],\"inLanguage\":\"ro-RO\",\"potentialAction\":[{\"@type\":\"CommentAction\",\"name\":\"Comment\",\"target\":[\"https:\\\/\\\/urbeamea.ro\\\/albaiulia\\\/un-weekend-plin-de-invitati-de-seama-atat-pentru-cei-mari-dar-si-pentru-cei-mici-la-sarbatoarea-muzicii-in-17-19-septembrie\\\/#respond\"]}]},{\"@type\":\"WebPage\",\"@id\":\"https:\\\/\\\/urbeamea.ro\\\/albaiulia\\\/un-weekend-plin-de-invitati-de-seama-atat-pentru-cei-mari-dar-si-pentru-cei-mici-la-sarbatoarea-muzicii-in-17-19-septembrie\\\/\",\"url\":\"https:\\\/\\\/urbeamea.ro\\\/albaiulia\\\/un-weekend-plin-de-invitati-de-seama-atat-pentru-cei-mari-dar-si-pentru-cei-mici-la-sarbatoarea-muzicii-in-17-19-septembrie\\\/\",\"name\":\"Un weekend plin de invita\u021bi de seam\u0103 at\u00e2t pentru cei mari, dar \u0219i pentru cei mici la S\u0103rb\u0103toarea Muzicii \u00een 17-19 septembrie - Revista Urbea Mea - Revista de Alba\",\"isPartOf\":{\"@id\":\"https:\\\/\\\/urbeamea.ro\\\/albaiulia\\\/#website\"},\"primaryImageOfPage\":{\"@id\":\"https:\\\/\\\/urbeamea.ro\\\/albaiulia\\\/un-weekend-plin-de-invitati-de-seama-atat-pentru-cei-mari-dar-si-pentru-cei-mici-la-sarbatoarea-muzicii-in-17-19-septembrie\\\/#primaryimage\"},\"image\":{\"@id\":\"https:\\\/\\\/urbeamea.ro\\\/albaiulia\\\/un-weekend-plin-de-invitati-de-seama-atat-pentru-cei-mari-dar-si-pentru-cei-mici-la-sarbatoarea-muzicii-in-17-19-septembrie\\\/#primaryimage\"},\"thumbnailUrl\":\"https:\\\/\\\/urbeamea.ro\\\/albaiulia\\\/wp-content\\\/uploads\\\/2021\\\/09\\\/Paula-Seling_10-Photo_-Radu-Bucura-edited.jpeg\",\"datePublished\":\"2021-09-16T08:01:14+00:00\",\"dateModified\":\"2021-09-16T14:07:00+00:00\",\"author\":{\"@id\":\"https:\\\/\\\/urbeamea.ro\\\/albaiulia\\\/#\\\/schema\\\/person\\\/a115373ce8153754c6b084232d985956\"},\"description\":\"Weekend-ul acesta are loc evenimentul \\\"S\u0103rb\u0103toarea Muzicii\\\" la Alba Iulia, \u00een perioada 17-19 septembrie. Nume frumoase s-au anun\u021bat invitate la eveniment,\",\"breadcrumb\":{\"@id\":\"https:\\\/\\\/urbeamea.ro\\\/albaiulia\\\/un-weekend-plin-de-invitati-de-seama-atat-pentru-cei-mari-dar-si-pentru-cei-mici-la-sarbatoarea-muzicii-in-17-19-septembrie\\\/#breadcrumb\"},\"inLanguage\":\"ro-RO\",\"potentialAction\":[{\"@type\":\"ReadAction\",\"target\":[\"https:\\\/\\\/urbeamea.ro\\\/albaiulia\\\/un-weekend-plin-de-invitati-de-seama-atat-pentru-cei-mari-dar-si-pentru-cei-mici-la-sarbatoarea-muzicii-in-17-19-septembrie\\\/\"]}]},{\"@type\":\"ImageObject\",\"inLanguage\":\"ro-RO\",\"@id\":\"https:\\\/\\\/urbeamea.ro\\\/albaiulia\\\/un-weekend-plin-de-invitati-de-seama-atat-pentru-cei-mari-dar-si-pentru-cei-mici-la-sarbatoarea-muzicii-in-17-19-septembrie\\\/#primaryimage\",\"url\":\"https:\\\/\\\/urbeamea.ro\\\/albaiulia\\\/wp-content\\\/uploads\\\/2021\\\/09\\\/Paula-Seling_10-Photo_-Radu-Bucura-edited.jpeg\",\"contentUrl\":\"https:\\\/\\\/urbeamea.ro\\\/albaiulia\\\/wp-content\\\/uploads\\\/2021\\\/09\\\/Paula-Seling_10-Photo_-Radu-Bucura-edited.jpeg\",\"width\":960,\"height\":540},{\"@type\":\"BreadcrumbList\",\"@id\":\"https:\\\/\\\/urbeamea.ro\\\/albaiulia\\\/un-weekend-plin-de-invitati-de-seama-atat-pentru-cei-mari-dar-si-pentru-cei-mici-la-sarbatoarea-muzicii-in-17-19-septembrie\\\/#breadcrumb\",\"itemListElement\":[{\"@type\":\"ListItem\",\"position\":1,\"name\":\"Prima pagin\u0103\",\"item\":\"https:\\\/\\\/urbeamea.ro\\\/albaiulia\\\/\"},{\"@type\":\"ListItem\",\"position\":2,\"name\":\"Un weekend plin de invita\u021bi de seam\u0103 at\u00e2t pentru cei mari, dar \u0219i pentru cei mici la S\u0103rb\u0103toarea Muzicii \u00een 17-19 septembrie\"}]},{\"@type\":\"WebSite\",\"@id\":\"https:\\\/\\\/urbeamea.ro\\\/albaiulia\\\/#website\",\"url\":\"https:\\\/\\\/urbeamea.ro\\\/albaiulia\\\/\",\"name\":\"Revista Urbea Mea, Stiri urbane\",\"description\":\"Evenimente \u0219i \u0219tiri din Alba Iulia, Sebe\u0219, Aiud, Blaj\",\"potentialAction\":[{\"@type\":\"SearchAction\",\"target\":{\"@type\":\"EntryPoint\",\"urlTemplate\":\"https:\\\/\\\/urbeamea.ro\\\/albaiulia\\\/?s={search_term_string}\"},\"query-input\":{\"@type\":\"PropertyValueSpecification\",\"valueRequired\":true,\"valueName\":\"search_term_string\"}}],\"inLanguage\":\"ro-RO\"},{\"@type\":\"Person\",\"@id\":\"https:\\\/\\\/urbeamea.ro\\\/albaiulia\\\/#\\\/schema\\\/person\\\/a115373ce8153754c6b084232d985956\",\"name\":\"Bogdan P\u0103unescu\",\"image\":{\"@type\":\"ImageObject\",\"inLanguage\":\"ro-RO\",\"@id\":\"https:\\\/\\\/secure.gravatar.com\\\/avatar\\\/f72aa881b5a32ea110a53aabc2049429e3ff68fcb09d283722d01fbf330e9dd9?s=96&d=mm&r=g\",\"url\":\"https:\\\/\\\/secure.gravatar.com\\\/avatar\\\/f72aa881b5a32ea110a53aabc2049429e3ff68fcb09d283722d01fbf330e9dd9?s=96&d=mm&r=g\",\"contentUrl\":\"https:\\\/\\\/secure.gravatar.com\\\/avatar\\\/f72aa881b5a32ea110a53aabc2049429e3ff68fcb09d283722d01fbf330e9dd9?s=96&d=mm&r=g\",\"caption\":\"Bogdan P\u0103unescu\"},\"description\":\"\u00cemi place tot ceea ce este legat de web \u015fi ajut la dezvoltarea \u015fi \u00eembun\u0103t\u0103\u0163irea lui prin tot ceea ce fac.\",\"sameAs\":[\"https:\\\/\\\/www.artonmedia.ro\",\"https:\\\/\\\/www.facebook.com\\\/bogdanvpaunescu\"],\"url\":\"https:\\\/\\\/urbeamea.ro\\\/albaiulia\\\/author\\\/bogdan-paunescu\\\/\"}]}<\/script>\n<!-- \/ Yoast SEO plugin. -->","yoast_head_json":{"title":"Un weekend plin de invita\u021bi de seam\u0103 at\u00e2t pentru cei mari, dar \u0219i pentru cei mici la S\u0103rb\u0103toarea Muzicii \u00een 17-19 septembrie - Revista Urbea Mea - Revista de Alba","description":"Weekend-ul acesta are loc evenimentul \"S\u0103rb\u0103toarea Muzicii\" la Alba Iulia, \u00een perioada 17-19 septembrie. Nume frumoase s-au anun\u021bat invitate la eveniment,","robots":{"index":"index","follow":"follow","max-snippet":"max-snippet:-1","max-image-preview":"max-image-preview:large","max-video-preview":"max-video-preview:-1"},"canonical":"https:\/\/urbeamea.ro\/albaiulia\/un-weekend-plin-de-invitati-de-seama-atat-pentru-cei-mari-dar-si-pentru-cei-mici-la-sarbatoarea-muzicii-in-17-19-septembrie\/","twitter_card":"summary_large_image","twitter_title":"Un weekend plin de invita\u021bi de seam\u0103 at\u00e2t pentru cei mari, dar \u0219i pentru cei mici la S\u0103rb\u0103toarea Muzicii \u00een 17-19 septembrie - Revista Urbea Mea - Revista de Alba","twitter_description":"Weekend-ul acesta are loc evenimentul \"S\u0103rb\u0103toarea Muzicii\" la Alba Iulia, \u00een perioada 17-19 septembrie. Nume frumoase s-au anun\u021bat invitate la eveniment,","twitter_image":"https:\/\/urbeamea.ro\/albaiulia\/wp-content\/uploads\/2021\/09\/Paula-Seling_10-Photo_-Radu-Bucura-edited.jpeg","twitter_creator":"@urbeameaweb","twitter_site":"@urbeameaweb","schema":{"@context":"https:\/\/schema.org","@graph":[{"@type":"Article","@id":"https:\/\/urbeamea.ro\/albaiulia\/un-weekend-plin-de-invitati-de-seama-atat-pentru-cei-mari-dar-si-pentru-cei-mici-la-sarbatoarea-muzicii-in-17-19-septembrie\/#article","isPartOf":{"@id":"https:\/\/urbeamea.ro\/albaiulia\/un-weekend-plin-de-invitati-de-seama-atat-pentru-cei-mari-dar-si-pentru-cei-mici-la-sarbatoarea-muzicii-in-17-19-septembrie\/"},"author":{"name":"Bogdan P\u0103unescu","@id":"https:\/\/urbeamea.ro\/albaiulia\/#\/schema\/person\/a115373ce8153754c6b084232d985956"},"headline":"Un weekend plin de invita\u021bi de seam\u0103 at\u00e2t pentru cei mari, dar \u0219i pentru cei mici la S\u0103rb\u0103toarea Muzicii \u00een 17-19 septembrie","datePublished":"2021-09-16T08:01:14+00:00","dateModified":"2021-09-16T14:07:00+00:00","mainEntityOfPage":{"@id":"https:\/\/urbeamea.ro\/albaiulia\/un-weekend-plin-de-invitati-de-seama-atat-pentru-cei-mari-dar-si-pentru-cei-mici-la-sarbatoarea-muzicii-in-17-19-septembrie\/"},"wordCount":1287,"commentCount":0,"image":{"@id":"https:\/\/urbeamea.ro\/albaiulia\/un-weekend-plin-de-invitati-de-seama-atat-pentru-cei-mari-dar-si-pentru-cei-mici-la-sarbatoarea-muzicii-in-17-19-septembrie\/#primaryimage"},"thumbnailUrl":"https:\/\/urbeamea.ro\/albaiulia\/wp-content\/uploads\/2021\/09\/Paula-Seling_10-Photo_-Radu-Bucura-edited.jpeg","keywords":["Bin Bandul Radio","dirijor","monica anghel","Ozana Barabancea","Paula Seling"],"articleSection":["Evenimente"],"inLanguage":"ro-RO","potentialAction":[{"@type":"CommentAction","name":"Comment","target":["https:\/\/urbeamea.ro\/albaiulia\/un-weekend-plin-de-invitati-de-seama-atat-pentru-cei-mari-dar-si-pentru-cei-mici-la-sarbatoarea-muzicii-in-17-19-septembrie\/#respond"]}]},{"@type":"WebPage","@id":"https:\/\/urbeamea.ro\/albaiulia\/un-weekend-plin-de-invitati-de-seama-atat-pentru-cei-mari-dar-si-pentru-cei-mici-la-sarbatoarea-muzicii-in-17-19-septembrie\/","url":"https:\/\/urbeamea.ro\/albaiulia\/un-weekend-plin-de-invitati-de-seama-atat-pentru-cei-mari-dar-si-pentru-cei-mici-la-sarbatoarea-muzicii-in-17-19-septembrie\/","name":"Un weekend plin de invita\u021bi de seam\u0103 at\u00e2t pentru cei mari, dar \u0219i pentru cei mici la S\u0103rb\u0103toarea Muzicii \u00een 17-19 septembrie - Revista Urbea Mea - Revista de Alba","isPartOf":{"@id":"https:\/\/urbeamea.ro\/albaiulia\/#website"},"primaryImageOfPage":{"@id":"https:\/\/urbeamea.ro\/albaiulia\/un-weekend-plin-de-invitati-de-seama-atat-pentru-cei-mari-dar-si-pentru-cei-mici-la-sarbatoarea-muzicii-in-17-19-septembrie\/#primaryimage"},"image":{"@id":"https:\/\/urbeamea.ro\/albaiulia\/un-weekend-plin-de-invitati-de-seama-atat-pentru-cei-mari-dar-si-pentru-cei-mici-la-sarbatoarea-muzicii-in-17-19-septembrie\/#primaryimage"},"thumbnailUrl":"https:\/\/urbeamea.ro\/albaiulia\/wp-content\/uploads\/2021\/09\/Paula-Seling_10-Photo_-Radu-Bucura-edited.jpeg","datePublished":"2021-09-16T08:01:14+00:00","dateModified":"2021-09-16T14:07:00+00:00","author":{"@id":"https:\/\/urbeamea.ro\/albaiulia\/#\/schema\/person\/a115373ce8153754c6b084232d985956"},"description":"Weekend-ul acesta are loc evenimentul \"S\u0103rb\u0103toarea Muzicii\" la Alba Iulia, \u00een perioada 17-19 septembrie. Nume frumoase s-au anun\u021bat invitate la eveniment,","breadcrumb":{"@id":"https:\/\/urbeamea.ro\/albaiulia\/un-weekend-plin-de-invitati-de-seama-atat-pentru-cei-mari-dar-si-pentru-cei-mici-la-sarbatoarea-muzicii-in-17-19-septembrie\/#breadcrumb"},"inLanguage":"ro-RO","potentialAction":[{"@type":"ReadAction","target":["https:\/\/urbeamea.ro\/albaiulia\/un-weekend-plin-de-invitati-de-seama-atat-pentru-cei-mari-dar-si-pentru-cei-mici-la-sarbatoarea-muzicii-in-17-19-septembrie\/"]}]},{"@type":"ImageObject","inLanguage":"ro-RO","@id":"https:\/\/urbeamea.ro\/albaiulia\/un-weekend-plin-de-invitati-de-seama-atat-pentru-cei-mari-dar-si-pentru-cei-mici-la-sarbatoarea-muzicii-in-17-19-septembrie\/#primaryimage","url":"https:\/\/urbeamea.ro\/albaiulia\/wp-content\/uploads\/2021\/09\/Paula-Seling_10-Photo_-Radu-Bucura-edited.jpeg","contentUrl":"https:\/\/urbeamea.ro\/albaiulia\/wp-content\/uploads\/2021\/09\/Paula-Seling_10-Photo_-Radu-Bucura-edited.jpeg","width":960,"height":540},{"@type":"BreadcrumbList","@id":"https:\/\/urbeamea.ro\/albaiulia\/un-weekend-plin-de-invitati-de-seama-atat-pentru-cei-mari-dar-si-pentru-cei-mici-la-sarbatoarea-muzicii-in-17-19-septembrie\/#breadcrumb","itemListElement":[{"@type":"ListItem","position":1,"name":"Prima pagin\u0103","item":"https:\/\/urbeamea.ro\/albaiulia\/"},{"@type":"ListItem","position":2,"name":"Un weekend plin de invita\u021bi de seam\u0103 at\u00e2t pentru cei mari, dar \u0219i pentru cei mici la S\u0103rb\u0103toarea Muzicii \u00een 17-19 septembrie"}]},{"@type":"WebSite","@id":"https:\/\/urbeamea.ro\/albaiulia\/#website","url":"https:\/\/urbeamea.ro\/albaiulia\/","name":"Revista Urbea Mea, Stiri urbane","description":"Evenimente \u0219i \u0219tiri din Alba Iulia, Sebe\u0219, Aiud, Blaj","potentialAction":[{"@type":"SearchAction","target":{"@type":"EntryPoint","urlTemplate":"https:\/\/urbeamea.ro\/albaiulia\/?s={search_term_string}"},"query-input":{"@type":"PropertyValueSpecification","valueRequired":true,"valueName":"search_term_string"}}],"inLanguage":"ro-RO"},{"@type":"Person","@id":"https:\/\/urbeamea.ro\/albaiulia\/#\/schema\/person\/a115373ce8153754c6b084232d985956","name":"Bogdan P\u0103unescu","image":{"@type":"ImageObject","inLanguage":"ro-RO","@id":"https:\/\/secure.gravatar.com\/avatar\/f72aa881b5a32ea110a53aabc2049429e3ff68fcb09d283722d01fbf330e9dd9?s=96&d=mm&r=g","url":"https:\/\/secure.gravatar.com\/avatar\/f72aa881b5a32ea110a53aabc2049429e3ff68fcb09d283722d01fbf330e9dd9?s=96&d=mm&r=g","contentUrl":"https:\/\/secure.gravatar.com\/avatar\/f72aa881b5a32ea110a53aabc2049429e3ff68fcb09d283722d01fbf330e9dd9?s=96&d=mm&r=g","caption":"Bogdan P\u0103unescu"},"description":"\u00cemi place tot ceea ce este legat de web \u015fi ajut la dezvoltarea \u015fi \u00eembun\u0103t\u0103\u0163irea lui prin tot ceea ce fac.","sameAs":["https:\/\/www.artonmedia.ro","https:\/\/www.facebook.com\/bogdanvpaunescu"],"url":"https:\/\/urbeamea.ro\/albaiulia\/author\/bogdan-paunescu\/"}]}},"_links":{"self":[{"href":"https:\/\/urbeamea.ro\/albaiulia\/wp-json\/wp\/v2\/posts\/98047","targetHints":{"allow":["GET"]}}],"collection":[{"href":"https:\/\/urbeamea.ro\/albaiulia\/wp-json\/wp\/v2\/posts"}],"about":[{"href":"https:\/\/urbeamea.ro\/albaiulia\/wp-json\/wp\/v2\/types\/post"}],"author":[{"embeddable":true,"href":"https:\/\/urbeamea.ro\/albaiulia\/wp-json\/wp\/v2\/users\/5"}],"replies":[{"embeddable":true,"href":"https:\/\/urbeamea.ro\/albaiulia\/wp-json\/wp\/v2\/comments?post=98047"}],"version-history":[{"count":4,"href":"https:\/\/urbeamea.ro\/albaiulia\/wp-json\/wp\/v2\/posts\/98047\/revisions"}],"predecessor-version":[{"id":98069,"href":"https:\/\/urbeamea.ro\/albaiulia\/wp-json\/wp\/v2\/posts\/98047\/revisions\/98069"}],"wp:featuredmedia":[{"embeddable":true,"href":"https:\/\/urbeamea.ro\/albaiulia\/wp-json\/wp\/v2\/media\/98054"}],"wp:attachment":[{"href":"https:\/\/urbeamea.ro\/albaiulia\/wp-json\/wp\/v2\/media?parent=98047"}],"wp:term":[{"taxonomy":"category","embeddable":true,"href":"https:\/\/urbeamea.ro\/albaiulia\/wp-json\/wp\/v2\/categories?post=98047"},{"taxonomy":"post_tag","embeddable":true,"href":"https:\/\/urbeamea.ro\/albaiulia\/wp-json\/wp\/v2\/tags?post=98047"}],"curies":[{"name":"wp","href":"https:\/\/api.w.org\/{rel}","templated":true}]}}