{"id":98070,"date":"2021-09-16T17:12:00","date_gmt":"2021-09-16T14:12:00","guid":{"rendered":"https:\/\/urbeamea.ro\/albaiulia\/?p=98070"},"modified":"2021-09-16T17:12:50","modified_gmt":"2021-09-16T14:12:50","slug":"in-vremuri-de-restriste-phoenix-renaste-alaturi-de-romani-la-sarbatoarea-muzicii-sambata-18-septembrie","status":"publish","type":"post","link":"https:\/\/urbeamea.ro\/albaiulia\/in-vremuri-de-restriste-phoenix-renaste-alaturi-de-romani-la-sarbatoarea-muzicii-sambata-18-septembrie\/","title":{"rendered":"\u00cen vremuri de restri\u0219te, Phoenix rena\u0219te al\u0103turi de rom\u00e2ni la S\u0103rb\u0103toarea Muzicii, s\u00e2mb\u0103t\u0103, 18 septembrie"},"content":{"rendered":"\n<h3 class=\"wp-block-heading\">S\u00e2mb\u0103t\u0103 de la ora 19:00 \u00een Pia\u021ba Cet\u0103\u021bii, trupa rock Phoenix se \u00eent\u00e2lne\u0219te cu publicul din Alba Iulia \u00een cadrul unui\u00a0 spectacol extraordinar, intitulat <strong>SYMPHOENIX\u00a0<\/strong>&#8211; \u00eempreun\u0103 cu Filarmonica de Stat Oltenia, dirijor Bogdan Vod\u0103. <\/h3>\n\n\n\n<p><strong>Phoenix<\/strong> a hr\u0103nit spiritual genera\u021bii de rom\u00e2ni, a lansat mari muzicieni, dar \u0219i piese nemuritoare. Capodopere muzicale care \u00eenc\u0103 scriu istoria Phoenix au fost, sunt, \u0219i \u00eenc\u0103 vor fi fredonate de genera\u021bii \u00eentregi: \u201eVremuri\u201d, \u201eFata Verde\u201d, \u201eNegru Vod\u0103\u201d, \u201eStrunga\u201d, \u201eCanarul\u201d, \u201eMugur de fluier\u201d, \u201eMica \u0163iganiad\u0103\u201d, \u201eNunta\u201d.<\/p>\n\n\n\n<p>Al\u0103turi de Nicu Covaci, care are o carier\u0103 excep\u021bional\u0103 de mai bine de o jum\u0103tate de secol, noua trup\u0103 Phoenix reprezint\u0103 un capitol unic \u00een rockul rom\u00e2nesc,\u00a0 merg\u00e2nd pe aceea\u0219i linie, cu un aer mai degrab\u0103 r\u0103zboinic. Noii membri ai forma\u021biei au abordat numeroase sub-genuri ale rock-ului, traseul stilistic al trupei pornind de la muzic\u0103 beat, rock psihedelic, hard rock \u0219i ajung\u00e2nd la etno \u2013 rock.<\/p>\n\n\n\n<p>Lucr\u0103ri celebre din crea\u021bia celor de la Deep Purple, ABBA, Adele, Guns N\u2019Roses, Coldplay, Nirvana, Jimi Hendrix, Ramin Djawadi, Ed Sheeran, One Republic, Bruno Mars, Fredie Mercury, sau Michael Jackson vor inunda Pia\u021ba Cet\u0103\u021bii din Alba Iulia \u00eentr-un <em>concert fuziune <\/em>\u00eentre dou\u0103 genuri aparent incompatibile: simfonic \u0219i pop-rock. <strong>Proiectul \u201cRock the Symphony\u201d <\/strong>a fost creat din dorin\u021ba de a diversifica repertoriul orchestral al unei filarmonici, din nevoia de inovare, de ie\u0219ire din rutina pe care o implic\u0103 specificul unei orchestre simfonice \u0219i, totodat\u0103, din provocarea de a atrage \u00een sala de concerte o nou\u0103 categorie de public, cel consumator de muzic\u0103 pop-rock. Structura orchestrei \u00een acest spectacol de fuziune este cea de Orchestr\u0103 de Coarde (cu cele dou\u0103 viori, viol\u0103, violoncel \u0219i contrabas) c\u0103reia i se al\u0103tur\u0103 elementele unei trupe Rock: chitara electric\u0103, chitara bas, clape, set de tobe \u0219i percu\u021bie. Iar dac\u0103 \u00eel ad\u0103ug\u0103m la aceast\u0103 re\u021bet\u0103 \u0219i pe carismaticul Remus Grama, dirijorul Orchestrei Filarmonicii de Stat Sibiu \u0219i creator al proiectului, care va prezenta programul \u00eentr-o manier\u0103 atipic\u0103, sp\u0103rg\u00e2nd bariera dintre scen\u0103 \u0219i public, vom avea garan\u021bia unui spectacol complet, gata de savurat de toate gusturile \u0219i preferin\u021bele.<\/p>\n\n\n\n<figure class=\"wp-block-image size-full\"><img loading=\"lazy\" decoding=\"async\" width=\"1280\" height=\"720\" src=\"https:\/\/urbeamea.ro\/albaiulia\/wp-content\/uploads\/2021\/09\/Filarmonica-Sibiu.jpeg\" alt=\"\" class=\"wp-image-98063\" srcset=\"https:\/\/urbeamea.ro\/albaiulia\/wp-content\/uploads\/2021\/09\/Filarmonica-Sibiu.jpeg 1280w, https:\/\/urbeamea.ro\/albaiulia\/wp-content\/uploads\/2021\/09\/Filarmonica-Sibiu-640x360.jpeg 640w, https:\/\/urbeamea.ro\/albaiulia\/wp-content\/uploads\/2021\/09\/Filarmonica-Sibiu-150x84.jpeg 150w, https:\/\/urbeamea.ro\/albaiulia\/wp-content\/uploads\/2021\/09\/Filarmonica-Sibiu-768x432.jpeg 768w\" sizes=\"auto, (max-width: 1280px) 100vw, 1280px\" \/><\/figure>\n","protected":false},"excerpt":{"rendered":"<p>S\u00e2mb\u0103t\u0103 de la ora 19:00 \u00een Pia\u021ba Cet\u0103\u021bii, trupa rock Phoenix se \u00eent\u00e2lne\u0219te cu publicul din Alba Iulia \u00een cadrul unui\u00a0 spectacol extraordinar, intitulat SYMPHOENIX\u00a0&#8211; \u00eempreun\u0103 cu Filarmonica de Stat Oltenia, dirijor Bogdan Vod\u0103. Phoenix a hr\u0103nit spiritual genera\u021bii de rom\u00e2ni, a lansat mari muzicieni, dar \u0219i piese nemuritoare. Capodopere muzicale care \u00eenc\u0103 scriu istoria &hellip;<\/p>\n","protected":false},"author":5,"featured_media":98065,"comment_status":"open","ping_status":"open","sticky":false,"template":"","format":"standard","meta":{"inline_featured_image":false,"footnotes":""},"categories":[4],"tags":[23705,23704,23703,23702],"class_list":["post-98070","post","type-post","status-publish","format-standard","has-post-thumbnail","hentry","category-eveniment","tag-bogdan-voda","tag-filarmonica-de-stat-oltenia","tag-symphoenix","tag-trupa-phoenix"],"yoast_head":"<!-- This site is optimized with the Yoast SEO plugin v27.4 - https:\/\/yoast.com\/product\/yoast-seo-wordpress\/ -->\n<title>\u00cen vremuri de restri\u0219te, Phoenix rena\u0219te al\u0103turi de rom\u00e2ni la S\u0103rb\u0103toarea Muzicii, s\u00e2mb\u0103t\u0103, 18 septembrie - Revista Urbea Mea - Revista de Alba<\/title>\n<meta name=\"description\" content=\"S\u00e2mb\u0103t\u0103 de la ora 19:00 \u00een Pia\u021ba Cet\u0103\u021bii, trupa rock Phoenix se \u00eent\u00e2lne\u0219te cu publicul din Alba Iulia \u00een cadrul unui\u00a0 spectacol extraordinar, intitulat\" \/>\n<meta name=\"robots\" content=\"index, follow, max-snippet:-1, max-image-preview:large, max-video-preview:-1\" \/>\n<link rel=\"canonical\" href=\"https:\/\/urbeamea.ro\/albaiulia\/in-vremuri-de-restriste-phoenix-renaste-alaturi-de-romani-la-sarbatoarea-muzicii-sambata-18-septembrie\/\" \/>\n<meta name=\"twitter:card\" content=\"summary_large_image\" \/>\n<meta name=\"twitter:title\" content=\"\u00cen vremuri de restri\u0219te, Phoenix rena\u0219te al\u0103turi de rom\u00e2ni la S\u0103rb\u0103toarea Muzicii, s\u00e2mb\u0103t\u0103, 18 septembrie - Revista Urbea Mea - Revista de Alba\" \/>\n<meta name=\"twitter:description\" content=\"S\u00e2mb\u0103t\u0103 de la ora 19:00 \u00een Pia\u021ba Cet\u0103\u021bii, trupa rock Phoenix se \u00eent\u00e2lne\u0219te cu publicul din Alba Iulia \u00een cadrul unui\u00a0 spectacol extraordinar, intitulat\" \/>\n<meta name=\"twitter:image\" content=\"https:\/\/urbeamea.ro\/albaiulia\/wp-content\/uploads\/2021\/09\/Phoenix-1.png\" \/>\n<meta name=\"twitter:creator\" content=\"@urbeameaweb\" \/>\n<meta name=\"twitter:site\" content=\"@urbeameaweb\" \/>\n<script type=\"application\/ld+json\" class=\"yoast-schema-graph\">{\"@context\":\"https:\\\/\\\/schema.org\",\"@graph\":[{\"@type\":\"Article\",\"@id\":\"https:\\\/\\\/urbeamea.ro\\\/albaiulia\\\/in-vremuri-de-restriste-phoenix-renaste-alaturi-de-romani-la-sarbatoarea-muzicii-sambata-18-septembrie\\\/#article\",\"isPartOf\":{\"@id\":\"https:\\\/\\\/urbeamea.ro\\\/albaiulia\\\/in-vremuri-de-restriste-phoenix-renaste-alaturi-de-romani-la-sarbatoarea-muzicii-sambata-18-septembrie\\\/\"},\"author\":{\"name\":\"Bogdan P\u0103unescu\",\"@id\":\"https:\\\/\\\/urbeamea.ro\\\/albaiulia\\\/#\\\/schema\\\/person\\\/a115373ce8153754c6b084232d985956\"},\"headline\":\"\u00cen vremuri de restri\u0219te, Phoenix rena\u0219te al\u0103turi de rom\u00e2ni la S\u0103rb\u0103toarea Muzicii, s\u00e2mb\u0103t\u0103, 18 septembrie\",\"datePublished\":\"2021-09-16T14:12:00+00:00\",\"dateModified\":\"2021-09-16T14:12:50+00:00\",\"mainEntityOfPage\":{\"@id\":\"https:\\\/\\\/urbeamea.ro\\\/albaiulia\\\/in-vremuri-de-restriste-phoenix-renaste-alaturi-de-romani-la-sarbatoarea-muzicii-sambata-18-septembrie\\\/\"},\"wordCount\":393,\"commentCount\":0,\"image\":{\"@id\":\"https:\\\/\\\/urbeamea.ro\\\/albaiulia\\\/in-vremuri-de-restriste-phoenix-renaste-alaturi-de-romani-la-sarbatoarea-muzicii-sambata-18-septembrie\\\/#primaryimage\"},\"thumbnailUrl\":\"https:\\\/\\\/urbeamea.ro\\\/albaiulia\\\/wp-content\\\/uploads\\\/2021\\\/09\\\/Phoenix-1.png\",\"keywords\":[\"Bogdan Voda\",\"Filarmonica de Stat Oltenia\",\"SYMPHOENIX\",\"Trupa Phoenix\"],\"articleSection\":[\"Evenimente\"],\"inLanguage\":\"ro-RO\",\"potentialAction\":[{\"@type\":\"CommentAction\",\"name\":\"Comment\",\"target\":[\"https:\\\/\\\/urbeamea.ro\\\/albaiulia\\\/in-vremuri-de-restriste-phoenix-renaste-alaturi-de-romani-la-sarbatoarea-muzicii-sambata-18-septembrie\\\/#respond\"]}]},{\"@type\":\"WebPage\",\"@id\":\"https:\\\/\\\/urbeamea.ro\\\/albaiulia\\\/in-vremuri-de-restriste-phoenix-renaste-alaturi-de-romani-la-sarbatoarea-muzicii-sambata-18-septembrie\\\/\",\"url\":\"https:\\\/\\\/urbeamea.ro\\\/albaiulia\\\/in-vremuri-de-restriste-phoenix-renaste-alaturi-de-romani-la-sarbatoarea-muzicii-sambata-18-septembrie\\\/\",\"name\":\"\u00cen vremuri de restri\u0219te, Phoenix rena\u0219te al\u0103turi de rom\u00e2ni la S\u0103rb\u0103toarea Muzicii, s\u00e2mb\u0103t\u0103, 18 septembrie - Revista Urbea Mea - Revista de Alba\",\"isPartOf\":{\"@id\":\"https:\\\/\\\/urbeamea.ro\\\/albaiulia\\\/#website\"},\"primaryImageOfPage\":{\"@id\":\"https:\\\/\\\/urbeamea.ro\\\/albaiulia\\\/in-vremuri-de-restriste-phoenix-renaste-alaturi-de-romani-la-sarbatoarea-muzicii-sambata-18-septembrie\\\/#primaryimage\"},\"image\":{\"@id\":\"https:\\\/\\\/urbeamea.ro\\\/albaiulia\\\/in-vremuri-de-restriste-phoenix-renaste-alaturi-de-romani-la-sarbatoarea-muzicii-sambata-18-septembrie\\\/#primaryimage\"},\"thumbnailUrl\":\"https:\\\/\\\/urbeamea.ro\\\/albaiulia\\\/wp-content\\\/uploads\\\/2021\\\/09\\\/Phoenix-1.png\",\"datePublished\":\"2021-09-16T14:12:00+00:00\",\"dateModified\":\"2021-09-16T14:12:50+00:00\",\"author\":{\"@id\":\"https:\\\/\\\/urbeamea.ro\\\/albaiulia\\\/#\\\/schema\\\/person\\\/a115373ce8153754c6b084232d985956\"},\"description\":\"S\u00e2mb\u0103t\u0103 de la ora 19:00 \u00een Pia\u021ba Cet\u0103\u021bii, trupa rock Phoenix se \u00eent\u00e2lne\u0219te cu publicul din Alba Iulia \u00een cadrul unui\u00a0 spectacol extraordinar, intitulat\",\"breadcrumb\":{\"@id\":\"https:\\\/\\\/urbeamea.ro\\\/albaiulia\\\/in-vremuri-de-restriste-phoenix-renaste-alaturi-de-romani-la-sarbatoarea-muzicii-sambata-18-septembrie\\\/#breadcrumb\"},\"inLanguage\":\"ro-RO\",\"potentialAction\":[{\"@type\":\"ReadAction\",\"target\":[\"https:\\\/\\\/urbeamea.ro\\\/albaiulia\\\/in-vremuri-de-restriste-phoenix-renaste-alaturi-de-romani-la-sarbatoarea-muzicii-sambata-18-septembrie\\\/\"]}]},{\"@type\":\"ImageObject\",\"inLanguage\":\"ro-RO\",\"@id\":\"https:\\\/\\\/urbeamea.ro\\\/albaiulia\\\/in-vremuri-de-restriste-phoenix-renaste-alaturi-de-romani-la-sarbatoarea-muzicii-sambata-18-septembrie\\\/#primaryimage\",\"url\":\"https:\\\/\\\/urbeamea.ro\\\/albaiulia\\\/wp-content\\\/uploads\\\/2021\\\/09\\\/Phoenix-1.png\",\"contentUrl\":\"https:\\\/\\\/urbeamea.ro\\\/albaiulia\\\/wp-content\\\/uploads\\\/2021\\\/09\\\/Phoenix-1.png\",\"width\":800,\"height\":534},{\"@type\":\"BreadcrumbList\",\"@id\":\"https:\\\/\\\/urbeamea.ro\\\/albaiulia\\\/in-vremuri-de-restriste-phoenix-renaste-alaturi-de-romani-la-sarbatoarea-muzicii-sambata-18-septembrie\\\/#breadcrumb\",\"itemListElement\":[{\"@type\":\"ListItem\",\"position\":1,\"name\":\"Prima pagin\u0103\",\"item\":\"https:\\\/\\\/urbeamea.ro\\\/albaiulia\\\/\"},{\"@type\":\"ListItem\",\"position\":2,\"name\":\"\u00cen vremuri de restri\u0219te, Phoenix rena\u0219te al\u0103turi de rom\u00e2ni la S\u0103rb\u0103toarea Muzicii, s\u00e2mb\u0103t\u0103, 18 septembrie\"}]},{\"@type\":\"WebSite\",\"@id\":\"https:\\\/\\\/urbeamea.ro\\\/albaiulia\\\/#website\",\"url\":\"https:\\\/\\\/urbeamea.ro\\\/albaiulia\\\/\",\"name\":\"Revista Urbea Mea, Stiri urbane\",\"description\":\"Evenimente \u0219i \u0219tiri din Alba Iulia, Sebe\u0219, Aiud, Blaj\",\"potentialAction\":[{\"@type\":\"SearchAction\",\"target\":{\"@type\":\"EntryPoint\",\"urlTemplate\":\"https:\\\/\\\/urbeamea.ro\\\/albaiulia\\\/?s={search_term_string}\"},\"query-input\":{\"@type\":\"PropertyValueSpecification\",\"valueRequired\":true,\"valueName\":\"search_term_string\"}}],\"inLanguage\":\"ro-RO\"},{\"@type\":\"Person\",\"@id\":\"https:\\\/\\\/urbeamea.ro\\\/albaiulia\\\/#\\\/schema\\\/person\\\/a115373ce8153754c6b084232d985956\",\"name\":\"Bogdan P\u0103unescu\",\"image\":{\"@type\":\"ImageObject\",\"inLanguage\":\"ro-RO\",\"@id\":\"https:\\\/\\\/secure.gravatar.com\\\/avatar\\\/f72aa881b5a32ea110a53aabc2049429e3ff68fcb09d283722d01fbf330e9dd9?s=96&d=mm&r=g\",\"url\":\"https:\\\/\\\/secure.gravatar.com\\\/avatar\\\/f72aa881b5a32ea110a53aabc2049429e3ff68fcb09d283722d01fbf330e9dd9?s=96&d=mm&r=g\",\"contentUrl\":\"https:\\\/\\\/secure.gravatar.com\\\/avatar\\\/f72aa881b5a32ea110a53aabc2049429e3ff68fcb09d283722d01fbf330e9dd9?s=96&d=mm&r=g\",\"caption\":\"Bogdan P\u0103unescu\"},\"description\":\"\u00cemi place tot ceea ce este legat de web \u015fi ajut la dezvoltarea \u015fi \u00eembun\u0103t\u0103\u0163irea lui prin tot ceea ce fac.\",\"sameAs\":[\"https:\\\/\\\/www.artonmedia.ro\",\"https:\\\/\\\/www.facebook.com\\\/bogdanvpaunescu\"],\"url\":\"https:\\\/\\\/urbeamea.ro\\\/albaiulia\\\/author\\\/bogdan-paunescu\\\/\"}]}<\/script>\n<!-- \/ Yoast SEO plugin. -->","yoast_head_json":{"title":"\u00cen vremuri de restri\u0219te, Phoenix rena\u0219te al\u0103turi de rom\u00e2ni la S\u0103rb\u0103toarea Muzicii, s\u00e2mb\u0103t\u0103, 18 septembrie - Revista Urbea Mea - Revista de Alba","description":"S\u00e2mb\u0103t\u0103 de la ora 19:00 \u00een Pia\u021ba Cet\u0103\u021bii, trupa rock Phoenix se \u00eent\u00e2lne\u0219te cu publicul din Alba Iulia \u00een cadrul unui\u00a0 spectacol extraordinar, intitulat","robots":{"index":"index","follow":"follow","max-snippet":"max-snippet:-1","max-image-preview":"max-image-preview:large","max-video-preview":"max-video-preview:-1"},"canonical":"https:\/\/urbeamea.ro\/albaiulia\/in-vremuri-de-restriste-phoenix-renaste-alaturi-de-romani-la-sarbatoarea-muzicii-sambata-18-septembrie\/","twitter_card":"summary_large_image","twitter_title":"\u00cen vremuri de restri\u0219te, Phoenix rena\u0219te al\u0103turi de rom\u00e2ni la S\u0103rb\u0103toarea Muzicii, s\u00e2mb\u0103t\u0103, 18 septembrie - Revista Urbea Mea - Revista de Alba","twitter_description":"S\u00e2mb\u0103t\u0103 de la ora 19:00 \u00een Pia\u021ba Cet\u0103\u021bii, trupa rock Phoenix se \u00eent\u00e2lne\u0219te cu publicul din Alba Iulia \u00een cadrul unui\u00a0 spectacol extraordinar, intitulat","twitter_image":"https:\/\/urbeamea.ro\/albaiulia\/wp-content\/uploads\/2021\/09\/Phoenix-1.png","twitter_creator":"@urbeameaweb","twitter_site":"@urbeameaweb","schema":{"@context":"https:\/\/schema.org","@graph":[{"@type":"Article","@id":"https:\/\/urbeamea.ro\/albaiulia\/in-vremuri-de-restriste-phoenix-renaste-alaturi-de-romani-la-sarbatoarea-muzicii-sambata-18-septembrie\/#article","isPartOf":{"@id":"https:\/\/urbeamea.ro\/albaiulia\/in-vremuri-de-restriste-phoenix-renaste-alaturi-de-romani-la-sarbatoarea-muzicii-sambata-18-septembrie\/"},"author":{"name":"Bogdan P\u0103unescu","@id":"https:\/\/urbeamea.ro\/albaiulia\/#\/schema\/person\/a115373ce8153754c6b084232d985956"},"headline":"\u00cen vremuri de restri\u0219te, Phoenix rena\u0219te al\u0103turi de rom\u00e2ni la S\u0103rb\u0103toarea Muzicii, s\u00e2mb\u0103t\u0103, 18 septembrie","datePublished":"2021-09-16T14:12:00+00:00","dateModified":"2021-09-16T14:12:50+00:00","mainEntityOfPage":{"@id":"https:\/\/urbeamea.ro\/albaiulia\/in-vremuri-de-restriste-phoenix-renaste-alaturi-de-romani-la-sarbatoarea-muzicii-sambata-18-septembrie\/"},"wordCount":393,"commentCount":0,"image":{"@id":"https:\/\/urbeamea.ro\/albaiulia\/in-vremuri-de-restriste-phoenix-renaste-alaturi-de-romani-la-sarbatoarea-muzicii-sambata-18-septembrie\/#primaryimage"},"thumbnailUrl":"https:\/\/urbeamea.ro\/albaiulia\/wp-content\/uploads\/2021\/09\/Phoenix-1.png","keywords":["Bogdan Voda","Filarmonica de Stat Oltenia","SYMPHOENIX","Trupa Phoenix"],"articleSection":["Evenimente"],"inLanguage":"ro-RO","potentialAction":[{"@type":"CommentAction","name":"Comment","target":["https:\/\/urbeamea.ro\/albaiulia\/in-vremuri-de-restriste-phoenix-renaste-alaturi-de-romani-la-sarbatoarea-muzicii-sambata-18-septembrie\/#respond"]}]},{"@type":"WebPage","@id":"https:\/\/urbeamea.ro\/albaiulia\/in-vremuri-de-restriste-phoenix-renaste-alaturi-de-romani-la-sarbatoarea-muzicii-sambata-18-septembrie\/","url":"https:\/\/urbeamea.ro\/albaiulia\/in-vremuri-de-restriste-phoenix-renaste-alaturi-de-romani-la-sarbatoarea-muzicii-sambata-18-septembrie\/","name":"\u00cen vremuri de restri\u0219te, Phoenix rena\u0219te al\u0103turi de rom\u00e2ni la S\u0103rb\u0103toarea Muzicii, s\u00e2mb\u0103t\u0103, 18 septembrie - Revista Urbea Mea - Revista de Alba","isPartOf":{"@id":"https:\/\/urbeamea.ro\/albaiulia\/#website"},"primaryImageOfPage":{"@id":"https:\/\/urbeamea.ro\/albaiulia\/in-vremuri-de-restriste-phoenix-renaste-alaturi-de-romani-la-sarbatoarea-muzicii-sambata-18-septembrie\/#primaryimage"},"image":{"@id":"https:\/\/urbeamea.ro\/albaiulia\/in-vremuri-de-restriste-phoenix-renaste-alaturi-de-romani-la-sarbatoarea-muzicii-sambata-18-septembrie\/#primaryimage"},"thumbnailUrl":"https:\/\/urbeamea.ro\/albaiulia\/wp-content\/uploads\/2021\/09\/Phoenix-1.png","datePublished":"2021-09-16T14:12:00+00:00","dateModified":"2021-09-16T14:12:50+00:00","author":{"@id":"https:\/\/urbeamea.ro\/albaiulia\/#\/schema\/person\/a115373ce8153754c6b084232d985956"},"description":"S\u00e2mb\u0103t\u0103 de la ora 19:00 \u00een Pia\u021ba Cet\u0103\u021bii, trupa rock Phoenix se \u00eent\u00e2lne\u0219te cu publicul din Alba Iulia \u00een cadrul unui\u00a0 spectacol extraordinar, intitulat","breadcrumb":{"@id":"https:\/\/urbeamea.ro\/albaiulia\/in-vremuri-de-restriste-phoenix-renaste-alaturi-de-romani-la-sarbatoarea-muzicii-sambata-18-septembrie\/#breadcrumb"},"inLanguage":"ro-RO","potentialAction":[{"@type":"ReadAction","target":["https:\/\/urbeamea.ro\/albaiulia\/in-vremuri-de-restriste-phoenix-renaste-alaturi-de-romani-la-sarbatoarea-muzicii-sambata-18-septembrie\/"]}]},{"@type":"ImageObject","inLanguage":"ro-RO","@id":"https:\/\/urbeamea.ro\/albaiulia\/in-vremuri-de-restriste-phoenix-renaste-alaturi-de-romani-la-sarbatoarea-muzicii-sambata-18-septembrie\/#primaryimage","url":"https:\/\/urbeamea.ro\/albaiulia\/wp-content\/uploads\/2021\/09\/Phoenix-1.png","contentUrl":"https:\/\/urbeamea.ro\/albaiulia\/wp-content\/uploads\/2021\/09\/Phoenix-1.png","width":800,"height":534},{"@type":"BreadcrumbList","@id":"https:\/\/urbeamea.ro\/albaiulia\/in-vremuri-de-restriste-phoenix-renaste-alaturi-de-romani-la-sarbatoarea-muzicii-sambata-18-septembrie\/#breadcrumb","itemListElement":[{"@type":"ListItem","position":1,"name":"Prima pagin\u0103","item":"https:\/\/urbeamea.ro\/albaiulia\/"},{"@type":"ListItem","position":2,"name":"\u00cen vremuri de restri\u0219te, Phoenix rena\u0219te al\u0103turi de rom\u00e2ni la S\u0103rb\u0103toarea Muzicii, s\u00e2mb\u0103t\u0103, 18 septembrie"}]},{"@type":"WebSite","@id":"https:\/\/urbeamea.ro\/albaiulia\/#website","url":"https:\/\/urbeamea.ro\/albaiulia\/","name":"Revista Urbea Mea, Stiri urbane","description":"Evenimente \u0219i \u0219tiri din Alba Iulia, Sebe\u0219, Aiud, Blaj","potentialAction":[{"@type":"SearchAction","target":{"@type":"EntryPoint","urlTemplate":"https:\/\/urbeamea.ro\/albaiulia\/?s={search_term_string}"},"query-input":{"@type":"PropertyValueSpecification","valueRequired":true,"valueName":"search_term_string"}}],"inLanguage":"ro-RO"},{"@type":"Person","@id":"https:\/\/urbeamea.ro\/albaiulia\/#\/schema\/person\/a115373ce8153754c6b084232d985956","name":"Bogdan P\u0103unescu","image":{"@type":"ImageObject","inLanguage":"ro-RO","@id":"https:\/\/secure.gravatar.com\/avatar\/f72aa881b5a32ea110a53aabc2049429e3ff68fcb09d283722d01fbf330e9dd9?s=96&d=mm&r=g","url":"https:\/\/secure.gravatar.com\/avatar\/f72aa881b5a32ea110a53aabc2049429e3ff68fcb09d283722d01fbf330e9dd9?s=96&d=mm&r=g","contentUrl":"https:\/\/secure.gravatar.com\/avatar\/f72aa881b5a32ea110a53aabc2049429e3ff68fcb09d283722d01fbf330e9dd9?s=96&d=mm&r=g","caption":"Bogdan P\u0103unescu"},"description":"\u00cemi place tot ceea ce este legat de web \u015fi ajut la dezvoltarea \u015fi \u00eembun\u0103t\u0103\u0163irea lui prin tot ceea ce fac.","sameAs":["https:\/\/www.artonmedia.ro","https:\/\/www.facebook.com\/bogdanvpaunescu"],"url":"https:\/\/urbeamea.ro\/albaiulia\/author\/bogdan-paunescu\/"}]}},"_links":{"self":[{"href":"https:\/\/urbeamea.ro\/albaiulia\/wp-json\/wp\/v2\/posts\/98070","targetHints":{"allow":["GET"]}}],"collection":[{"href":"https:\/\/urbeamea.ro\/albaiulia\/wp-json\/wp\/v2\/posts"}],"about":[{"href":"https:\/\/urbeamea.ro\/albaiulia\/wp-json\/wp\/v2\/types\/post"}],"author":[{"embeddable":true,"href":"https:\/\/urbeamea.ro\/albaiulia\/wp-json\/wp\/v2\/users\/5"}],"replies":[{"embeddable":true,"href":"https:\/\/urbeamea.ro\/albaiulia\/wp-json\/wp\/v2\/comments?post=98070"}],"version-history":[{"count":2,"href":"https:\/\/urbeamea.ro\/albaiulia\/wp-json\/wp\/v2\/posts\/98070\/revisions"}],"predecessor-version":[{"id":98072,"href":"https:\/\/urbeamea.ro\/albaiulia\/wp-json\/wp\/v2\/posts\/98070\/revisions\/98072"}],"wp:featuredmedia":[{"embeddable":true,"href":"https:\/\/urbeamea.ro\/albaiulia\/wp-json\/wp\/v2\/media\/98065"}],"wp:attachment":[{"href":"https:\/\/urbeamea.ro\/albaiulia\/wp-json\/wp\/v2\/media?parent=98070"}],"wp:term":[{"taxonomy":"category","embeddable":true,"href":"https:\/\/urbeamea.ro\/albaiulia\/wp-json\/wp\/v2\/categories?post=98070"},{"taxonomy":"post_tag","embeddable":true,"href":"https:\/\/urbeamea.ro\/albaiulia\/wp-json\/wp\/v2\/tags?post=98070"}],"curies":[{"name":"wp","href":"https:\/\/api.w.org\/{rel}","templated":true}]}}