{"id":98135,"date":"2021-09-21T13:30:03","date_gmt":"2021-09-21T10:30:03","guid":{"rendered":"https:\/\/urbeamea.ro\/albaiulia\/?p=98135"},"modified":"2021-09-21T13:30:07","modified_gmt":"2021-09-21T10:30:07","slug":"inca-5-strazi-din-sebes-vor-beneficia-de-iluminat-public-modern-lucrarile-sunt-in-curs-de-executie","status":"publish","type":"post","link":"https:\/\/urbeamea.ro\/albaiulia\/inca-5-strazi-din-sebes-vor-beneficia-de-iluminat-public-modern-lucrarile-sunt-in-curs-de-executie\/","title":{"rendered":"\u00cenc\u0103 5 str\u0103zi din Sebe\u0219 vor beneficia de iluminat public modern. Lucr\u0103rile sunt \u00een curs de execu\u021bie"},"content":{"rendered":"\n<p>\u00cen urm\u0103 cu c\u00e2teva zile, Prim\u0103ria Municipiului Sebe\u0219 a predat amplasamentele \u00een vederea execu\u021biei lucr\u0103rilor pentru modernizarea iluminatului public pe str\u0103zile: Augustin Bena, F\u00e2nt\u00e2nele (tronson cuprins \u00eentre str. Augustin Bena \u015fi str. Ion Creang\u0103), Viilor, R\u0103stoac\u0103 \u015fi Simion B\u0103rnu\u0163iu, din municipiul Sebe\u015f.<\/p>\n\n\n\n<p>Proiectele prev\u0103d realizarea de re\u021bele de alimentare LES dedicate iluminatului stradal \u0219i montarea de st\u00e2lpi din o\u021bel galvanizat prev\u0103zu\u021bi cu corpuri de iluminat tip LED. Valoarea total\u0103 a acestor investi\u021bii se ridic\u0103 la suma de 855.000 lei. Termenul de execu\u021bie a lucr\u0103rilor este de 3 luni.<\/p>\n","protected":false},"excerpt":{"rendered":"<p>\u00cen urm\u0103 cu c\u00e2teva zile, Prim\u0103ria Municipiului Sebe\u0219 a predat amplasamentele \u00een vederea execu\u021biei lucr\u0103rilor pentru modernizarea iluminatului public pe str\u0103zile: Augustin Bena, F\u00e2nt\u00e2nele (tronson cuprins \u00eentre str. Augustin Bena \u015fi str. Ion Creang\u0103), Viilor, R\u0103stoac\u0103 \u015fi Simion B\u0103rnu\u0163iu, din municipiul Sebe\u015f. Proiectele prev\u0103d realizarea de re\u021bele de alimentare LES dedicate iluminatului stradal \u0219i montarea &hellip;<\/p>\n","protected":false},"author":5,"featured_media":98136,"comment_status":"open","ping_status":"open","sticky":false,"template":"","format":"standard","meta":{"inline_featured_image":false,"footnotes":""},"categories":[2035],"tags":[23725],"class_list":["post-98135","post","type-post","status-publish","format-standard","has-post-thumbnail","hentry","category-administratie","tag-iluminat-public-modern-la-sebes"],"yoast_head":"<!-- This site is optimized with the Yoast SEO plugin v27.4 - https:\/\/yoast.com\/product\/yoast-seo-wordpress\/ -->\n<title>\u00cenc\u0103 5 str\u0103zi din Sebe\u0219 vor beneficia de iluminat public modern. Lucr\u0103rile sunt \u00een curs de execu\u021bie - Revista Urbea Mea - Revista de Alba<\/title>\n<meta name=\"description\" content=\"\u00cen urm\u0103 cu c\u00e2teva zile, Prim\u0103ria Municipiului Sebe\u0219 a predat amplasamentele \u00een vederea execu\u021biei lucr\u0103rilor pentru modernizarea iluminatului public pe\" \/>\n<meta name=\"robots\" content=\"index, follow, max-snippet:-1, max-image-preview:large, max-video-preview:-1\" \/>\n<link rel=\"canonical\" href=\"https:\/\/urbeamea.ro\/albaiulia\/inca-5-strazi-din-sebes-vor-beneficia-de-iluminat-public-modern-lucrarile-sunt-in-curs-de-executie\/\" \/>\n<meta name=\"twitter:card\" content=\"summary_large_image\" \/>\n<meta name=\"twitter:title\" content=\"\u00cenc\u0103 5 str\u0103zi din Sebe\u0219 vor beneficia de iluminat public modern. Lucr\u0103rile sunt \u00een curs de execu\u021bie - Revista Urbea Mea - Revista de Alba\" \/>\n<meta name=\"twitter:description\" content=\"\u00cen urm\u0103 cu c\u00e2teva zile, Prim\u0103ria Municipiului Sebe\u0219 a predat amplasamentele \u00een vederea execu\u021biei lucr\u0103rilor pentru modernizarea iluminatului public pe\" \/>\n<meta name=\"twitter:image\" content=\"https:\/\/urbeamea.ro\/albaiulia\/wp-content\/uploads\/2021\/09\/Iluminat-foto.jpg\" \/>\n<meta name=\"twitter:creator\" content=\"@urbeameaweb\" \/>\n<meta name=\"twitter:site\" content=\"@urbeameaweb\" \/>\n<script type=\"application\/ld+json\" class=\"yoast-schema-graph\">{\"@context\":\"https:\\\/\\\/schema.org\",\"@graph\":[{\"@type\":\"Article\",\"@id\":\"https:\\\/\\\/urbeamea.ro\\\/albaiulia\\\/inca-5-strazi-din-sebes-vor-beneficia-de-iluminat-public-modern-lucrarile-sunt-in-curs-de-executie\\\/#article\",\"isPartOf\":{\"@id\":\"https:\\\/\\\/urbeamea.ro\\\/albaiulia\\\/inca-5-strazi-din-sebes-vor-beneficia-de-iluminat-public-modern-lucrarile-sunt-in-curs-de-executie\\\/\"},\"author\":{\"name\":\"Bogdan P\u0103unescu\",\"@id\":\"https:\\\/\\\/urbeamea.ro\\\/albaiulia\\\/#\\\/schema\\\/person\\\/a115373ce8153754c6b084232d985956\"},\"headline\":\"\u00cenc\u0103 5 str\u0103zi din Sebe\u0219 vor beneficia de iluminat public modern. Lucr\u0103rile sunt \u00een curs de execu\u021bie\",\"datePublished\":\"2021-09-21T10:30:03+00:00\",\"dateModified\":\"2021-09-21T10:30:07+00:00\",\"mainEntityOfPage\":{\"@id\":\"https:\\\/\\\/urbeamea.ro\\\/albaiulia\\\/inca-5-strazi-din-sebes-vor-beneficia-de-iluminat-public-modern-lucrarile-sunt-in-curs-de-executie\\\/\"},\"wordCount\":124,\"commentCount\":0,\"image\":{\"@id\":\"https:\\\/\\\/urbeamea.ro\\\/albaiulia\\\/inca-5-strazi-din-sebes-vor-beneficia-de-iluminat-public-modern-lucrarile-sunt-in-curs-de-executie\\\/#primaryimage\"},\"thumbnailUrl\":\"https:\\\/\\\/urbeamea.ro\\\/albaiulia\\\/wp-content\\\/uploads\\\/2021\\\/09\\\/Iluminat-foto.jpg\",\"keywords\":[\"Iluminat public modern la Sebes\"],\"articleSection\":[\"Administra\u021bie\"],\"inLanguage\":\"ro-RO\",\"potentialAction\":[{\"@type\":\"CommentAction\",\"name\":\"Comment\",\"target\":[\"https:\\\/\\\/urbeamea.ro\\\/albaiulia\\\/inca-5-strazi-din-sebes-vor-beneficia-de-iluminat-public-modern-lucrarile-sunt-in-curs-de-executie\\\/#respond\"]}]},{\"@type\":\"WebPage\",\"@id\":\"https:\\\/\\\/urbeamea.ro\\\/albaiulia\\\/inca-5-strazi-din-sebes-vor-beneficia-de-iluminat-public-modern-lucrarile-sunt-in-curs-de-executie\\\/\",\"url\":\"https:\\\/\\\/urbeamea.ro\\\/albaiulia\\\/inca-5-strazi-din-sebes-vor-beneficia-de-iluminat-public-modern-lucrarile-sunt-in-curs-de-executie\\\/\",\"name\":\"\u00cenc\u0103 5 str\u0103zi din Sebe\u0219 vor beneficia de iluminat public modern. Lucr\u0103rile sunt \u00een curs de execu\u021bie - Revista Urbea Mea - Revista de Alba\",\"isPartOf\":{\"@id\":\"https:\\\/\\\/urbeamea.ro\\\/albaiulia\\\/#website\"},\"primaryImageOfPage\":{\"@id\":\"https:\\\/\\\/urbeamea.ro\\\/albaiulia\\\/inca-5-strazi-din-sebes-vor-beneficia-de-iluminat-public-modern-lucrarile-sunt-in-curs-de-executie\\\/#primaryimage\"},\"image\":{\"@id\":\"https:\\\/\\\/urbeamea.ro\\\/albaiulia\\\/inca-5-strazi-din-sebes-vor-beneficia-de-iluminat-public-modern-lucrarile-sunt-in-curs-de-executie\\\/#primaryimage\"},\"thumbnailUrl\":\"https:\\\/\\\/urbeamea.ro\\\/albaiulia\\\/wp-content\\\/uploads\\\/2021\\\/09\\\/Iluminat-foto.jpg\",\"datePublished\":\"2021-09-21T10:30:03+00:00\",\"dateModified\":\"2021-09-21T10:30:07+00:00\",\"author\":{\"@id\":\"https:\\\/\\\/urbeamea.ro\\\/albaiulia\\\/#\\\/schema\\\/person\\\/a115373ce8153754c6b084232d985956\"},\"description\":\"\u00cen urm\u0103 cu c\u00e2teva zile, Prim\u0103ria Municipiului Sebe\u0219 a predat amplasamentele \u00een vederea execu\u021biei lucr\u0103rilor pentru modernizarea iluminatului public pe\",\"breadcrumb\":{\"@id\":\"https:\\\/\\\/urbeamea.ro\\\/albaiulia\\\/inca-5-strazi-din-sebes-vor-beneficia-de-iluminat-public-modern-lucrarile-sunt-in-curs-de-executie\\\/#breadcrumb\"},\"inLanguage\":\"ro-RO\",\"potentialAction\":[{\"@type\":\"ReadAction\",\"target\":[\"https:\\\/\\\/urbeamea.ro\\\/albaiulia\\\/inca-5-strazi-din-sebes-vor-beneficia-de-iluminat-public-modern-lucrarile-sunt-in-curs-de-executie\\\/\"]}]},{\"@type\":\"ImageObject\",\"inLanguage\":\"ro-RO\",\"@id\":\"https:\\\/\\\/urbeamea.ro\\\/albaiulia\\\/inca-5-strazi-din-sebes-vor-beneficia-de-iluminat-public-modern-lucrarile-sunt-in-curs-de-executie\\\/#primaryimage\",\"url\":\"https:\\\/\\\/urbeamea.ro\\\/albaiulia\\\/wp-content\\\/uploads\\\/2021\\\/09\\\/Iluminat-foto.jpg\",\"contentUrl\":\"https:\\\/\\\/urbeamea.ro\\\/albaiulia\\\/wp-content\\\/uploads\\\/2021\\\/09\\\/Iluminat-foto.jpg\",\"width\":1600,\"height\":900},{\"@type\":\"BreadcrumbList\",\"@id\":\"https:\\\/\\\/urbeamea.ro\\\/albaiulia\\\/inca-5-strazi-din-sebes-vor-beneficia-de-iluminat-public-modern-lucrarile-sunt-in-curs-de-executie\\\/#breadcrumb\",\"itemListElement\":[{\"@type\":\"ListItem\",\"position\":1,\"name\":\"Prima pagin\u0103\",\"item\":\"https:\\\/\\\/urbeamea.ro\\\/albaiulia\\\/\"},{\"@type\":\"ListItem\",\"position\":2,\"name\":\"\u00cenc\u0103 5 str\u0103zi din Sebe\u0219 vor beneficia de iluminat public modern. Lucr\u0103rile sunt \u00een curs de execu\u021bie\"}]},{\"@type\":\"WebSite\",\"@id\":\"https:\\\/\\\/urbeamea.ro\\\/albaiulia\\\/#website\",\"url\":\"https:\\\/\\\/urbeamea.ro\\\/albaiulia\\\/\",\"name\":\"Revista Urbea Mea, Stiri urbane\",\"description\":\"Evenimente \u0219i \u0219tiri din Alba Iulia, Sebe\u0219, Aiud, Blaj\",\"potentialAction\":[{\"@type\":\"SearchAction\",\"target\":{\"@type\":\"EntryPoint\",\"urlTemplate\":\"https:\\\/\\\/urbeamea.ro\\\/albaiulia\\\/?s={search_term_string}\"},\"query-input\":{\"@type\":\"PropertyValueSpecification\",\"valueRequired\":true,\"valueName\":\"search_term_string\"}}],\"inLanguage\":\"ro-RO\"},{\"@type\":\"Person\",\"@id\":\"https:\\\/\\\/urbeamea.ro\\\/albaiulia\\\/#\\\/schema\\\/person\\\/a115373ce8153754c6b084232d985956\",\"name\":\"Bogdan P\u0103unescu\",\"image\":{\"@type\":\"ImageObject\",\"inLanguage\":\"ro-RO\",\"@id\":\"https:\\\/\\\/secure.gravatar.com\\\/avatar\\\/f72aa881b5a32ea110a53aabc2049429e3ff68fcb09d283722d01fbf330e9dd9?s=96&d=mm&r=g\",\"url\":\"https:\\\/\\\/secure.gravatar.com\\\/avatar\\\/f72aa881b5a32ea110a53aabc2049429e3ff68fcb09d283722d01fbf330e9dd9?s=96&d=mm&r=g\",\"contentUrl\":\"https:\\\/\\\/secure.gravatar.com\\\/avatar\\\/f72aa881b5a32ea110a53aabc2049429e3ff68fcb09d283722d01fbf330e9dd9?s=96&d=mm&r=g\",\"caption\":\"Bogdan P\u0103unescu\"},\"description\":\"\u00cemi place tot ceea ce este legat de web \u015fi ajut la dezvoltarea \u015fi \u00eembun\u0103t\u0103\u0163irea lui prin tot ceea ce fac.\",\"sameAs\":[\"https:\\\/\\\/www.artonmedia.ro\",\"https:\\\/\\\/www.facebook.com\\\/bogdanvpaunescu\"],\"url\":\"https:\\\/\\\/urbeamea.ro\\\/albaiulia\\\/author\\\/bogdan-paunescu\\\/\"}]}<\/script>\n<!-- \/ Yoast SEO plugin. -->","yoast_head_json":{"title":"\u00cenc\u0103 5 str\u0103zi din Sebe\u0219 vor beneficia de iluminat public modern. Lucr\u0103rile sunt \u00een curs de execu\u021bie - Revista Urbea Mea - Revista de Alba","description":"\u00cen urm\u0103 cu c\u00e2teva zile, Prim\u0103ria Municipiului Sebe\u0219 a predat amplasamentele \u00een vederea execu\u021biei lucr\u0103rilor pentru modernizarea iluminatului public pe","robots":{"index":"index","follow":"follow","max-snippet":"max-snippet:-1","max-image-preview":"max-image-preview:large","max-video-preview":"max-video-preview:-1"},"canonical":"https:\/\/urbeamea.ro\/albaiulia\/inca-5-strazi-din-sebes-vor-beneficia-de-iluminat-public-modern-lucrarile-sunt-in-curs-de-executie\/","twitter_card":"summary_large_image","twitter_title":"\u00cenc\u0103 5 str\u0103zi din Sebe\u0219 vor beneficia de iluminat public modern. Lucr\u0103rile sunt \u00een curs de execu\u021bie - Revista Urbea Mea - Revista de Alba","twitter_description":"\u00cen urm\u0103 cu c\u00e2teva zile, Prim\u0103ria Municipiului Sebe\u0219 a predat amplasamentele \u00een vederea execu\u021biei lucr\u0103rilor pentru modernizarea iluminatului public pe","twitter_image":"https:\/\/urbeamea.ro\/albaiulia\/wp-content\/uploads\/2021\/09\/Iluminat-foto.jpg","twitter_creator":"@urbeameaweb","twitter_site":"@urbeameaweb","schema":{"@context":"https:\/\/schema.org","@graph":[{"@type":"Article","@id":"https:\/\/urbeamea.ro\/albaiulia\/inca-5-strazi-din-sebes-vor-beneficia-de-iluminat-public-modern-lucrarile-sunt-in-curs-de-executie\/#article","isPartOf":{"@id":"https:\/\/urbeamea.ro\/albaiulia\/inca-5-strazi-din-sebes-vor-beneficia-de-iluminat-public-modern-lucrarile-sunt-in-curs-de-executie\/"},"author":{"name":"Bogdan P\u0103unescu","@id":"https:\/\/urbeamea.ro\/albaiulia\/#\/schema\/person\/a115373ce8153754c6b084232d985956"},"headline":"\u00cenc\u0103 5 str\u0103zi din Sebe\u0219 vor beneficia de iluminat public modern. Lucr\u0103rile sunt \u00een curs de execu\u021bie","datePublished":"2021-09-21T10:30:03+00:00","dateModified":"2021-09-21T10:30:07+00:00","mainEntityOfPage":{"@id":"https:\/\/urbeamea.ro\/albaiulia\/inca-5-strazi-din-sebes-vor-beneficia-de-iluminat-public-modern-lucrarile-sunt-in-curs-de-executie\/"},"wordCount":124,"commentCount":0,"image":{"@id":"https:\/\/urbeamea.ro\/albaiulia\/inca-5-strazi-din-sebes-vor-beneficia-de-iluminat-public-modern-lucrarile-sunt-in-curs-de-executie\/#primaryimage"},"thumbnailUrl":"https:\/\/urbeamea.ro\/albaiulia\/wp-content\/uploads\/2021\/09\/Iluminat-foto.jpg","keywords":["Iluminat public modern la Sebes"],"articleSection":["Administra\u021bie"],"inLanguage":"ro-RO","potentialAction":[{"@type":"CommentAction","name":"Comment","target":["https:\/\/urbeamea.ro\/albaiulia\/inca-5-strazi-din-sebes-vor-beneficia-de-iluminat-public-modern-lucrarile-sunt-in-curs-de-executie\/#respond"]}]},{"@type":"WebPage","@id":"https:\/\/urbeamea.ro\/albaiulia\/inca-5-strazi-din-sebes-vor-beneficia-de-iluminat-public-modern-lucrarile-sunt-in-curs-de-executie\/","url":"https:\/\/urbeamea.ro\/albaiulia\/inca-5-strazi-din-sebes-vor-beneficia-de-iluminat-public-modern-lucrarile-sunt-in-curs-de-executie\/","name":"\u00cenc\u0103 5 str\u0103zi din Sebe\u0219 vor beneficia de iluminat public modern. Lucr\u0103rile sunt \u00een curs de execu\u021bie - Revista Urbea Mea - Revista de Alba","isPartOf":{"@id":"https:\/\/urbeamea.ro\/albaiulia\/#website"},"primaryImageOfPage":{"@id":"https:\/\/urbeamea.ro\/albaiulia\/inca-5-strazi-din-sebes-vor-beneficia-de-iluminat-public-modern-lucrarile-sunt-in-curs-de-executie\/#primaryimage"},"image":{"@id":"https:\/\/urbeamea.ro\/albaiulia\/inca-5-strazi-din-sebes-vor-beneficia-de-iluminat-public-modern-lucrarile-sunt-in-curs-de-executie\/#primaryimage"},"thumbnailUrl":"https:\/\/urbeamea.ro\/albaiulia\/wp-content\/uploads\/2021\/09\/Iluminat-foto.jpg","datePublished":"2021-09-21T10:30:03+00:00","dateModified":"2021-09-21T10:30:07+00:00","author":{"@id":"https:\/\/urbeamea.ro\/albaiulia\/#\/schema\/person\/a115373ce8153754c6b084232d985956"},"description":"\u00cen urm\u0103 cu c\u00e2teva zile, Prim\u0103ria Municipiului Sebe\u0219 a predat amplasamentele \u00een vederea execu\u021biei lucr\u0103rilor pentru modernizarea iluminatului public pe","breadcrumb":{"@id":"https:\/\/urbeamea.ro\/albaiulia\/inca-5-strazi-din-sebes-vor-beneficia-de-iluminat-public-modern-lucrarile-sunt-in-curs-de-executie\/#breadcrumb"},"inLanguage":"ro-RO","potentialAction":[{"@type":"ReadAction","target":["https:\/\/urbeamea.ro\/albaiulia\/inca-5-strazi-din-sebes-vor-beneficia-de-iluminat-public-modern-lucrarile-sunt-in-curs-de-executie\/"]}]},{"@type":"ImageObject","inLanguage":"ro-RO","@id":"https:\/\/urbeamea.ro\/albaiulia\/inca-5-strazi-din-sebes-vor-beneficia-de-iluminat-public-modern-lucrarile-sunt-in-curs-de-executie\/#primaryimage","url":"https:\/\/urbeamea.ro\/albaiulia\/wp-content\/uploads\/2021\/09\/Iluminat-foto.jpg","contentUrl":"https:\/\/urbeamea.ro\/albaiulia\/wp-content\/uploads\/2021\/09\/Iluminat-foto.jpg","width":1600,"height":900},{"@type":"BreadcrumbList","@id":"https:\/\/urbeamea.ro\/albaiulia\/inca-5-strazi-din-sebes-vor-beneficia-de-iluminat-public-modern-lucrarile-sunt-in-curs-de-executie\/#breadcrumb","itemListElement":[{"@type":"ListItem","position":1,"name":"Prima pagin\u0103","item":"https:\/\/urbeamea.ro\/albaiulia\/"},{"@type":"ListItem","position":2,"name":"\u00cenc\u0103 5 str\u0103zi din Sebe\u0219 vor beneficia de iluminat public modern. Lucr\u0103rile sunt \u00een curs de execu\u021bie"}]},{"@type":"WebSite","@id":"https:\/\/urbeamea.ro\/albaiulia\/#website","url":"https:\/\/urbeamea.ro\/albaiulia\/","name":"Revista Urbea Mea, Stiri urbane","description":"Evenimente \u0219i \u0219tiri din Alba Iulia, Sebe\u0219, Aiud, Blaj","potentialAction":[{"@type":"SearchAction","target":{"@type":"EntryPoint","urlTemplate":"https:\/\/urbeamea.ro\/albaiulia\/?s={search_term_string}"},"query-input":{"@type":"PropertyValueSpecification","valueRequired":true,"valueName":"search_term_string"}}],"inLanguage":"ro-RO"},{"@type":"Person","@id":"https:\/\/urbeamea.ro\/albaiulia\/#\/schema\/person\/a115373ce8153754c6b084232d985956","name":"Bogdan P\u0103unescu","image":{"@type":"ImageObject","inLanguage":"ro-RO","@id":"https:\/\/secure.gravatar.com\/avatar\/f72aa881b5a32ea110a53aabc2049429e3ff68fcb09d283722d01fbf330e9dd9?s=96&d=mm&r=g","url":"https:\/\/secure.gravatar.com\/avatar\/f72aa881b5a32ea110a53aabc2049429e3ff68fcb09d283722d01fbf330e9dd9?s=96&d=mm&r=g","contentUrl":"https:\/\/secure.gravatar.com\/avatar\/f72aa881b5a32ea110a53aabc2049429e3ff68fcb09d283722d01fbf330e9dd9?s=96&d=mm&r=g","caption":"Bogdan P\u0103unescu"},"description":"\u00cemi place tot ceea ce este legat de web \u015fi ajut la dezvoltarea \u015fi \u00eembun\u0103t\u0103\u0163irea lui prin tot ceea ce fac.","sameAs":["https:\/\/www.artonmedia.ro","https:\/\/www.facebook.com\/bogdanvpaunescu"],"url":"https:\/\/urbeamea.ro\/albaiulia\/author\/bogdan-paunescu\/"}]}},"_links":{"self":[{"href":"https:\/\/urbeamea.ro\/albaiulia\/wp-json\/wp\/v2\/posts\/98135","targetHints":{"allow":["GET"]}}],"collection":[{"href":"https:\/\/urbeamea.ro\/albaiulia\/wp-json\/wp\/v2\/posts"}],"about":[{"href":"https:\/\/urbeamea.ro\/albaiulia\/wp-json\/wp\/v2\/types\/post"}],"author":[{"embeddable":true,"href":"https:\/\/urbeamea.ro\/albaiulia\/wp-json\/wp\/v2\/users\/5"}],"replies":[{"embeddable":true,"href":"https:\/\/urbeamea.ro\/albaiulia\/wp-json\/wp\/v2\/comments?post=98135"}],"version-history":[{"count":1,"href":"https:\/\/urbeamea.ro\/albaiulia\/wp-json\/wp\/v2\/posts\/98135\/revisions"}],"predecessor-version":[{"id":98137,"href":"https:\/\/urbeamea.ro\/albaiulia\/wp-json\/wp\/v2\/posts\/98135\/revisions\/98137"}],"wp:featuredmedia":[{"embeddable":true,"href":"https:\/\/urbeamea.ro\/albaiulia\/wp-json\/wp\/v2\/media\/98136"}],"wp:attachment":[{"href":"https:\/\/urbeamea.ro\/albaiulia\/wp-json\/wp\/v2\/media?parent=98135"}],"wp:term":[{"taxonomy":"category","embeddable":true,"href":"https:\/\/urbeamea.ro\/albaiulia\/wp-json\/wp\/v2\/categories?post=98135"},{"taxonomy":"post_tag","embeddable":true,"href":"https:\/\/urbeamea.ro\/albaiulia\/wp-json\/wp\/v2\/tags?post=98135"}],"curies":[{"name":"wp","href":"https:\/\/api.w.org\/{rel}","templated":true}]}}