{"id":98140,"date":"2021-09-21T19:55:29","date_gmt":"2021-09-21T16:55:29","guid":{"rendered":"https:\/\/urbeamea.ro\/albaiulia\/?p=98140"},"modified":"2021-09-21T19:55:32","modified_gmt":"2021-09-21T16:55:32","slug":"targul-apulum-agraria-2021-in-piata-pascu-program-complet","status":"publish","type":"post","link":"https:\/\/urbeamea.ro\/albaiulia\/targul-apulum-agraria-2021-in-piata-pascu-program-complet\/","title":{"rendered":"T\u00e2rgul Apulum Agraria 2021 \u00een pia\u021ba Pascu. Program complet"},"content":{"rendered":"\n<h3 class=\"wp-block-heading\">Apulum Agraria este locul unde satul se \u00eent\u00e2lne\u015fte cu ora\u015ful pentru a s\u0103rb\u0103tori recolta reu\u015fit\u0103 din acest an, astfel, timp de trei zile, \u00eencep\u00e2nd de vineri p\u00e2n\u0103 duminic\u0103, organizatorii dau \u00eent\u00e2lnire publicului cu abunden\u0163a toamnei, \u00een perioada 24-26 septembrie, \u00eentre orele 10.00 \u2013 18.00. Evenimentul va avea loc \u00een Pia\u021ba Pascu din Alba Iulia.<\/h3>\n\n\n\n<h4 class=\"wp-block-heading\">PROGRAM Apulum Agraria edi\u021bia XXIA \u2013 a<\/h4>\n\n\n\n<p><strong>VINERI, 24 septembrie 2021<\/strong><br>10:00 : Deschiderea t\u00e2rgului<br>14:00 : Toamna are gust \u2013 fructe de sezon, atelier de alimenta\u021bie s\u0103n\u0103toas\u0103 pentru copii<br>10:00 \u2013 16:00 : G\u0103se\u0219te-\u021bi un prieten! \u2013 adop\u021bii c\u00e2ini<\/p>\n\n\n\n<p><strong>S\u00c2MB\u0102T\u0102, 25 septembrie 2021<\/strong><br>11:00 : Magie de toamn\u0103, atelier creativ pentru copii<br>12:00 : Imaginea afacerii tale, atelier pentru expozan\u021bi<br>10:00 \u2013 16:00 : G\u0103se\u0219te-\u021bi un prieten! \u2013 adop\u021bii c\u00e2ini<\/p>\n\n\n\n<p><strong>DUMINIC\u0102, 26 septembrie 2021<\/strong><br>11:00 : Magie de toamn\u0103, atelier creativ pentru copii<br>12:00 : Cel mai frumos stand, concurs pentru expozan\u021bi<\/p>\n\n\n\n<p>Evenimentul APULUM AGRARIA are menirea de a promova agricultura, gustul tradi\u0163ional autentic \u015fi de a sus\u021bine produc\u0103torii \u0219i economia local\u0103.<\/p>\n\n\n\n<div class=\"wp-block-image\"><figure class=\"aligncenter size-full\"><img loading=\"lazy\" decoding=\"async\" width=\"500\" height=\"300\" src=\"https:\/\/urbeamea.ro\/albaiulia\/wp-content\/uploads\/2018\/08\/500x300.jpg\" alt=\"\" class=\"wp-image-98139\" srcset=\"https:\/\/urbeamea.ro\/albaiulia\/wp-content\/uploads\/2018\/08\/500x300.jpg 500w, https:\/\/urbeamea.ro\/albaiulia\/wp-content\/uploads\/2018\/08\/500x300-150x90.jpg 150w, https:\/\/urbeamea.ro\/albaiulia\/wp-content\/uploads\/2018\/08\/500x300-265x160.jpg 265w, https:\/\/urbeamea.ro\/albaiulia\/wp-content\/uploads\/2018\/08\/500x300-370x223.jpg 370w\" sizes=\"auto, (max-width: 500px) 100vw, 500px\" \/><\/figure><\/div>\n","protected":false},"excerpt":{"rendered":"<p>Apulum Agraria este locul unde satul se \u00eent\u00e2lne\u015fte cu ora\u015ful pentru a s\u0103rb\u0103tori recolta reu\u015fit\u0103 din acest an, astfel, timp de trei zile, \u00eencep\u00e2nd de vineri p\u00e2n\u0103 duminic\u0103, organizatorii dau \u00eent\u00e2lnire publicului cu abunden\u0163a toamnei, \u00een perioada 24-26 septembrie, \u00eentre orele 10.00 \u2013 18.00. Evenimentul va avea loc \u00een Pia\u021ba Pascu din Alba Iulia. PROGRAM &hellip;<\/p>\n","protected":false},"author":5,"featured_media":98141,"comment_status":"open","ping_status":"open","sticky":false,"template":"","format":"standard","meta":{"inline_featured_image":false,"footnotes":""},"categories":[4],"tags":[],"class_list":["post-98140","post","type-post","status-publish","format-standard","has-post-thumbnail","hentry","category-eveniment"],"yoast_head":"<!-- This site is optimized with the Yoast SEO plugin v27.4 - https:\/\/yoast.com\/product\/yoast-seo-wordpress\/ -->\n<title>T\u00e2rgul Apulum Agraria 2021 \u00een pia\u021ba Pascu. Program complet - Revista Urbea Mea - Revista de Alba<\/title>\n<meta name=\"description\" content=\"Apulum Agraria este locul unde satul se \u00eent\u00e2lne\u015fte cu ora\u015ful pentru a s\u0103rb\u0103tori recolta reu\u015fit\u0103 din acest an, astfel, timp de trei zile, \u00eencep\u00e2nd de\" \/>\n<meta name=\"robots\" content=\"index, follow, max-snippet:-1, max-image-preview:large, max-video-preview:-1\" \/>\n<link rel=\"canonical\" href=\"https:\/\/urbeamea.ro\/albaiulia\/targul-apulum-agraria-2021-in-piata-pascu-program-complet\/\" \/>\n<meta name=\"twitter:card\" content=\"summary_large_image\" \/>\n<meta name=\"twitter:title\" content=\"T\u00e2rgul Apulum Agraria 2021 \u00een pia\u021ba Pascu. Program complet - Revista Urbea Mea - Revista de Alba\" \/>\n<meta name=\"twitter:description\" content=\"Apulum Agraria este locul unde satul se \u00eent\u00e2lne\u015fte cu ora\u015ful pentru a s\u0103rb\u0103tori recolta reu\u015fit\u0103 din acest an, astfel, timp de trei zile, \u00eencep\u00e2nd de\" \/>\n<meta name=\"twitter:image\" content=\"https:\/\/urbeamea.ro\/albaiulia\/wp-content\/uploads\/2021\/09\/DSC_0042-1-770x853-1.jpg\" \/>\n<meta name=\"twitter:creator\" content=\"@urbeameaweb\" \/>\n<meta name=\"twitter:site\" content=\"@urbeameaweb\" \/>\n<script type=\"application\/ld+json\" class=\"yoast-schema-graph\">{\"@context\":\"https:\\\/\\\/schema.org\",\"@graph\":[{\"@type\":\"Article\",\"@id\":\"https:\\\/\\\/urbeamea.ro\\\/albaiulia\\\/targul-apulum-agraria-2021-in-piata-pascu-program-complet\\\/#article\",\"isPartOf\":{\"@id\":\"https:\\\/\\\/urbeamea.ro\\\/albaiulia\\\/targul-apulum-agraria-2021-in-piata-pascu-program-complet\\\/\"},\"author\":{\"name\":\"Bogdan P\u0103unescu\",\"@id\":\"https:\\\/\\\/urbeamea.ro\\\/albaiulia\\\/#\\\/schema\\\/person\\\/a115373ce8153754c6b084232d985956\"},\"headline\":\"T\u00e2rgul Apulum Agraria 2021 \u00een pia\u021ba Pascu. Program complet\",\"datePublished\":\"2021-09-21T16:55:29+00:00\",\"dateModified\":\"2021-09-21T16:55:32+00:00\",\"mainEntityOfPage\":{\"@id\":\"https:\\\/\\\/urbeamea.ro\\\/albaiulia\\\/targul-apulum-agraria-2021-in-piata-pascu-program-complet\\\/\"},\"wordCount\":177,\"commentCount\":0,\"image\":{\"@id\":\"https:\\\/\\\/urbeamea.ro\\\/albaiulia\\\/targul-apulum-agraria-2021-in-piata-pascu-program-complet\\\/#primaryimage\"},\"thumbnailUrl\":\"https:\\\/\\\/urbeamea.ro\\\/albaiulia\\\/wp-content\\\/uploads\\\/2021\\\/09\\\/DSC_0042-1-770x853-1.jpg\",\"articleSection\":[\"Evenimente\"],\"inLanguage\":\"ro-RO\",\"potentialAction\":[{\"@type\":\"CommentAction\",\"name\":\"Comment\",\"target\":[\"https:\\\/\\\/urbeamea.ro\\\/albaiulia\\\/targul-apulum-agraria-2021-in-piata-pascu-program-complet\\\/#respond\"]}]},{\"@type\":\"WebPage\",\"@id\":\"https:\\\/\\\/urbeamea.ro\\\/albaiulia\\\/targul-apulum-agraria-2021-in-piata-pascu-program-complet\\\/\",\"url\":\"https:\\\/\\\/urbeamea.ro\\\/albaiulia\\\/targul-apulum-agraria-2021-in-piata-pascu-program-complet\\\/\",\"name\":\"T\u00e2rgul Apulum Agraria 2021 \u00een pia\u021ba Pascu. Program complet - Revista Urbea Mea - Revista de Alba\",\"isPartOf\":{\"@id\":\"https:\\\/\\\/urbeamea.ro\\\/albaiulia\\\/#website\"},\"primaryImageOfPage\":{\"@id\":\"https:\\\/\\\/urbeamea.ro\\\/albaiulia\\\/targul-apulum-agraria-2021-in-piata-pascu-program-complet\\\/#primaryimage\"},\"image\":{\"@id\":\"https:\\\/\\\/urbeamea.ro\\\/albaiulia\\\/targul-apulum-agraria-2021-in-piata-pascu-program-complet\\\/#primaryimage\"},\"thumbnailUrl\":\"https:\\\/\\\/urbeamea.ro\\\/albaiulia\\\/wp-content\\\/uploads\\\/2021\\\/09\\\/DSC_0042-1-770x853-1.jpg\",\"datePublished\":\"2021-09-21T16:55:29+00:00\",\"dateModified\":\"2021-09-21T16:55:32+00:00\",\"author\":{\"@id\":\"https:\\\/\\\/urbeamea.ro\\\/albaiulia\\\/#\\\/schema\\\/person\\\/a115373ce8153754c6b084232d985956\"},\"description\":\"Apulum Agraria este locul unde satul se \u00eent\u00e2lne\u015fte cu ora\u015ful pentru a s\u0103rb\u0103tori recolta reu\u015fit\u0103 din acest an, astfel, timp de trei zile, \u00eencep\u00e2nd de\",\"breadcrumb\":{\"@id\":\"https:\\\/\\\/urbeamea.ro\\\/albaiulia\\\/targul-apulum-agraria-2021-in-piata-pascu-program-complet\\\/#breadcrumb\"},\"inLanguage\":\"ro-RO\",\"potentialAction\":[{\"@type\":\"ReadAction\",\"target\":[\"https:\\\/\\\/urbeamea.ro\\\/albaiulia\\\/targul-apulum-agraria-2021-in-piata-pascu-program-complet\\\/\"]}]},{\"@type\":\"ImageObject\",\"inLanguage\":\"ro-RO\",\"@id\":\"https:\\\/\\\/urbeamea.ro\\\/albaiulia\\\/targul-apulum-agraria-2021-in-piata-pascu-program-complet\\\/#primaryimage\",\"url\":\"https:\\\/\\\/urbeamea.ro\\\/albaiulia\\\/wp-content\\\/uploads\\\/2021\\\/09\\\/DSC_0042-1-770x853-1.jpg\",\"contentUrl\":\"https:\\\/\\\/urbeamea.ro\\\/albaiulia\\\/wp-content\\\/uploads\\\/2021\\\/09\\\/DSC_0042-1-770x853-1.jpg\",\"width\":770,\"height\":853},{\"@type\":\"BreadcrumbList\",\"@id\":\"https:\\\/\\\/urbeamea.ro\\\/albaiulia\\\/targul-apulum-agraria-2021-in-piata-pascu-program-complet\\\/#breadcrumb\",\"itemListElement\":[{\"@type\":\"ListItem\",\"position\":1,\"name\":\"Prima pagin\u0103\",\"item\":\"https:\\\/\\\/urbeamea.ro\\\/albaiulia\\\/\"},{\"@type\":\"ListItem\",\"position\":2,\"name\":\"T\u00e2rgul Apulum Agraria 2021 \u00een pia\u021ba Pascu. Program complet\"}]},{\"@type\":\"WebSite\",\"@id\":\"https:\\\/\\\/urbeamea.ro\\\/albaiulia\\\/#website\",\"url\":\"https:\\\/\\\/urbeamea.ro\\\/albaiulia\\\/\",\"name\":\"Revista Urbea Mea, Stiri urbane\",\"description\":\"Evenimente \u0219i \u0219tiri din Alba Iulia, Sebe\u0219, Aiud, Blaj\",\"potentialAction\":[{\"@type\":\"SearchAction\",\"target\":{\"@type\":\"EntryPoint\",\"urlTemplate\":\"https:\\\/\\\/urbeamea.ro\\\/albaiulia\\\/?s={search_term_string}\"},\"query-input\":{\"@type\":\"PropertyValueSpecification\",\"valueRequired\":true,\"valueName\":\"search_term_string\"}}],\"inLanguage\":\"ro-RO\"},{\"@type\":\"Person\",\"@id\":\"https:\\\/\\\/urbeamea.ro\\\/albaiulia\\\/#\\\/schema\\\/person\\\/a115373ce8153754c6b084232d985956\",\"name\":\"Bogdan P\u0103unescu\",\"image\":{\"@type\":\"ImageObject\",\"inLanguage\":\"ro-RO\",\"@id\":\"https:\\\/\\\/secure.gravatar.com\\\/avatar\\\/f72aa881b5a32ea110a53aabc2049429e3ff68fcb09d283722d01fbf330e9dd9?s=96&d=mm&r=g\",\"url\":\"https:\\\/\\\/secure.gravatar.com\\\/avatar\\\/f72aa881b5a32ea110a53aabc2049429e3ff68fcb09d283722d01fbf330e9dd9?s=96&d=mm&r=g\",\"contentUrl\":\"https:\\\/\\\/secure.gravatar.com\\\/avatar\\\/f72aa881b5a32ea110a53aabc2049429e3ff68fcb09d283722d01fbf330e9dd9?s=96&d=mm&r=g\",\"caption\":\"Bogdan P\u0103unescu\"},\"description\":\"\u00cemi place tot ceea ce este legat de web \u015fi ajut la dezvoltarea \u015fi \u00eembun\u0103t\u0103\u0163irea lui prin tot ceea ce fac.\",\"sameAs\":[\"https:\\\/\\\/www.artonmedia.ro\",\"https:\\\/\\\/www.facebook.com\\\/bogdanvpaunescu\"],\"url\":\"https:\\\/\\\/urbeamea.ro\\\/albaiulia\\\/author\\\/bogdan-paunescu\\\/\"}]}<\/script>\n<!-- \/ Yoast SEO plugin. -->","yoast_head_json":{"title":"T\u00e2rgul Apulum Agraria 2021 \u00een pia\u021ba Pascu. Program complet - Revista Urbea Mea - Revista de Alba","description":"Apulum Agraria este locul unde satul se \u00eent\u00e2lne\u015fte cu ora\u015ful pentru a s\u0103rb\u0103tori recolta reu\u015fit\u0103 din acest an, astfel, timp de trei zile, \u00eencep\u00e2nd de","robots":{"index":"index","follow":"follow","max-snippet":"max-snippet:-1","max-image-preview":"max-image-preview:large","max-video-preview":"max-video-preview:-1"},"canonical":"https:\/\/urbeamea.ro\/albaiulia\/targul-apulum-agraria-2021-in-piata-pascu-program-complet\/","twitter_card":"summary_large_image","twitter_title":"T\u00e2rgul Apulum Agraria 2021 \u00een pia\u021ba Pascu. Program complet - Revista Urbea Mea - Revista de Alba","twitter_description":"Apulum Agraria este locul unde satul se \u00eent\u00e2lne\u015fte cu ora\u015ful pentru a s\u0103rb\u0103tori recolta reu\u015fit\u0103 din acest an, astfel, timp de trei zile, \u00eencep\u00e2nd de","twitter_image":"https:\/\/urbeamea.ro\/albaiulia\/wp-content\/uploads\/2021\/09\/DSC_0042-1-770x853-1.jpg","twitter_creator":"@urbeameaweb","twitter_site":"@urbeameaweb","schema":{"@context":"https:\/\/schema.org","@graph":[{"@type":"Article","@id":"https:\/\/urbeamea.ro\/albaiulia\/targul-apulum-agraria-2021-in-piata-pascu-program-complet\/#article","isPartOf":{"@id":"https:\/\/urbeamea.ro\/albaiulia\/targul-apulum-agraria-2021-in-piata-pascu-program-complet\/"},"author":{"name":"Bogdan P\u0103unescu","@id":"https:\/\/urbeamea.ro\/albaiulia\/#\/schema\/person\/a115373ce8153754c6b084232d985956"},"headline":"T\u00e2rgul Apulum Agraria 2021 \u00een pia\u021ba Pascu. Program complet","datePublished":"2021-09-21T16:55:29+00:00","dateModified":"2021-09-21T16:55:32+00:00","mainEntityOfPage":{"@id":"https:\/\/urbeamea.ro\/albaiulia\/targul-apulum-agraria-2021-in-piata-pascu-program-complet\/"},"wordCount":177,"commentCount":0,"image":{"@id":"https:\/\/urbeamea.ro\/albaiulia\/targul-apulum-agraria-2021-in-piata-pascu-program-complet\/#primaryimage"},"thumbnailUrl":"https:\/\/urbeamea.ro\/albaiulia\/wp-content\/uploads\/2021\/09\/DSC_0042-1-770x853-1.jpg","articleSection":["Evenimente"],"inLanguage":"ro-RO","potentialAction":[{"@type":"CommentAction","name":"Comment","target":["https:\/\/urbeamea.ro\/albaiulia\/targul-apulum-agraria-2021-in-piata-pascu-program-complet\/#respond"]}]},{"@type":"WebPage","@id":"https:\/\/urbeamea.ro\/albaiulia\/targul-apulum-agraria-2021-in-piata-pascu-program-complet\/","url":"https:\/\/urbeamea.ro\/albaiulia\/targul-apulum-agraria-2021-in-piata-pascu-program-complet\/","name":"T\u00e2rgul Apulum Agraria 2021 \u00een pia\u021ba Pascu. Program complet - Revista Urbea Mea - Revista de Alba","isPartOf":{"@id":"https:\/\/urbeamea.ro\/albaiulia\/#website"},"primaryImageOfPage":{"@id":"https:\/\/urbeamea.ro\/albaiulia\/targul-apulum-agraria-2021-in-piata-pascu-program-complet\/#primaryimage"},"image":{"@id":"https:\/\/urbeamea.ro\/albaiulia\/targul-apulum-agraria-2021-in-piata-pascu-program-complet\/#primaryimage"},"thumbnailUrl":"https:\/\/urbeamea.ro\/albaiulia\/wp-content\/uploads\/2021\/09\/DSC_0042-1-770x853-1.jpg","datePublished":"2021-09-21T16:55:29+00:00","dateModified":"2021-09-21T16:55:32+00:00","author":{"@id":"https:\/\/urbeamea.ro\/albaiulia\/#\/schema\/person\/a115373ce8153754c6b084232d985956"},"description":"Apulum Agraria este locul unde satul se \u00eent\u00e2lne\u015fte cu ora\u015ful pentru a s\u0103rb\u0103tori recolta reu\u015fit\u0103 din acest an, astfel, timp de trei zile, \u00eencep\u00e2nd de","breadcrumb":{"@id":"https:\/\/urbeamea.ro\/albaiulia\/targul-apulum-agraria-2021-in-piata-pascu-program-complet\/#breadcrumb"},"inLanguage":"ro-RO","potentialAction":[{"@type":"ReadAction","target":["https:\/\/urbeamea.ro\/albaiulia\/targul-apulum-agraria-2021-in-piata-pascu-program-complet\/"]}]},{"@type":"ImageObject","inLanguage":"ro-RO","@id":"https:\/\/urbeamea.ro\/albaiulia\/targul-apulum-agraria-2021-in-piata-pascu-program-complet\/#primaryimage","url":"https:\/\/urbeamea.ro\/albaiulia\/wp-content\/uploads\/2021\/09\/DSC_0042-1-770x853-1.jpg","contentUrl":"https:\/\/urbeamea.ro\/albaiulia\/wp-content\/uploads\/2021\/09\/DSC_0042-1-770x853-1.jpg","width":770,"height":853},{"@type":"BreadcrumbList","@id":"https:\/\/urbeamea.ro\/albaiulia\/targul-apulum-agraria-2021-in-piata-pascu-program-complet\/#breadcrumb","itemListElement":[{"@type":"ListItem","position":1,"name":"Prima pagin\u0103","item":"https:\/\/urbeamea.ro\/albaiulia\/"},{"@type":"ListItem","position":2,"name":"T\u00e2rgul Apulum Agraria 2021 \u00een pia\u021ba Pascu. Program complet"}]},{"@type":"WebSite","@id":"https:\/\/urbeamea.ro\/albaiulia\/#website","url":"https:\/\/urbeamea.ro\/albaiulia\/","name":"Revista Urbea Mea, Stiri urbane","description":"Evenimente \u0219i \u0219tiri din Alba Iulia, Sebe\u0219, Aiud, Blaj","potentialAction":[{"@type":"SearchAction","target":{"@type":"EntryPoint","urlTemplate":"https:\/\/urbeamea.ro\/albaiulia\/?s={search_term_string}"},"query-input":{"@type":"PropertyValueSpecification","valueRequired":true,"valueName":"search_term_string"}}],"inLanguage":"ro-RO"},{"@type":"Person","@id":"https:\/\/urbeamea.ro\/albaiulia\/#\/schema\/person\/a115373ce8153754c6b084232d985956","name":"Bogdan P\u0103unescu","image":{"@type":"ImageObject","inLanguage":"ro-RO","@id":"https:\/\/secure.gravatar.com\/avatar\/f72aa881b5a32ea110a53aabc2049429e3ff68fcb09d283722d01fbf330e9dd9?s=96&d=mm&r=g","url":"https:\/\/secure.gravatar.com\/avatar\/f72aa881b5a32ea110a53aabc2049429e3ff68fcb09d283722d01fbf330e9dd9?s=96&d=mm&r=g","contentUrl":"https:\/\/secure.gravatar.com\/avatar\/f72aa881b5a32ea110a53aabc2049429e3ff68fcb09d283722d01fbf330e9dd9?s=96&d=mm&r=g","caption":"Bogdan P\u0103unescu"},"description":"\u00cemi place tot ceea ce este legat de web \u015fi ajut la dezvoltarea \u015fi \u00eembun\u0103t\u0103\u0163irea lui prin tot ceea ce fac.","sameAs":["https:\/\/www.artonmedia.ro","https:\/\/www.facebook.com\/bogdanvpaunescu"],"url":"https:\/\/urbeamea.ro\/albaiulia\/author\/bogdan-paunescu\/"}]}},"_links":{"self":[{"href":"https:\/\/urbeamea.ro\/albaiulia\/wp-json\/wp\/v2\/posts\/98140","targetHints":{"allow":["GET"]}}],"collection":[{"href":"https:\/\/urbeamea.ro\/albaiulia\/wp-json\/wp\/v2\/posts"}],"about":[{"href":"https:\/\/urbeamea.ro\/albaiulia\/wp-json\/wp\/v2\/types\/post"}],"author":[{"embeddable":true,"href":"https:\/\/urbeamea.ro\/albaiulia\/wp-json\/wp\/v2\/users\/5"}],"replies":[{"embeddable":true,"href":"https:\/\/urbeamea.ro\/albaiulia\/wp-json\/wp\/v2\/comments?post=98140"}],"version-history":[{"count":1,"href":"https:\/\/urbeamea.ro\/albaiulia\/wp-json\/wp\/v2\/posts\/98140\/revisions"}],"predecessor-version":[{"id":98142,"href":"https:\/\/urbeamea.ro\/albaiulia\/wp-json\/wp\/v2\/posts\/98140\/revisions\/98142"}],"wp:featuredmedia":[{"embeddable":true,"href":"https:\/\/urbeamea.ro\/albaiulia\/wp-json\/wp\/v2\/media\/98141"}],"wp:attachment":[{"href":"https:\/\/urbeamea.ro\/albaiulia\/wp-json\/wp\/v2\/media?parent=98140"}],"wp:term":[{"taxonomy":"category","embeddable":true,"href":"https:\/\/urbeamea.ro\/albaiulia\/wp-json\/wp\/v2\/categories?post=98140"},{"taxonomy":"post_tag","embeddable":true,"href":"https:\/\/urbeamea.ro\/albaiulia\/wp-json\/wp\/v2\/tags?post=98140"}],"curies":[{"name":"wp","href":"https:\/\/api.w.org\/{rel}","templated":true}]}}