{"id":98143,"date":"2021-09-22T13:15:26","date_gmt":"2021-09-22T10:15:26","guid":{"rendered":"https:\/\/urbeamea.ro\/albaiulia\/?p=98143"},"modified":"2021-09-22T13:21:24","modified_gmt":"2021-09-22T10:21:24","slug":"festivalul-national-de-muzica-folk-ziua-de-maine-alba-iulia-redevine-capitala-muzicii-folk","status":"publish","type":"post","link":"https:\/\/urbeamea.ro\/albaiulia\/festivalul-national-de-muzica-folk-ziua-de-maine-alba-iulia-redevine-capitala-muzicii-folk\/","title":{"rendered":"Festivalul Na\u021bional de Muzic\u0103 Folk \u201eZiua de M\u00e2ine\u201d \u2013 Alba Iulia redevine capitala muzicii folk"},"content":{"rendered":"\n<h3 class=\"wp-block-heading\"><strong>Festivalul se mut\u0103 \u00een Pia\u021ba Cet\u0103\u021bii \u0219i intrarea \u00een zona evenimentului va fi LIBER\u0102<\/strong><\/h3>\n\n\n\n<p><strong>Festivalul Na\u021bional de Muzic\u0103 Folk \u201eZiua de M\u00e2ine\u201d este reluat, dup\u0103 ce edi\u021bia de anul trecut a fost anulat\u0103 din cauza pandemiei, iar timp de dou\u0103 zile, \u00een perioada 25 &#8211; 26 septembrie, Alba Iulia redevine capitala muzicii folk. Astfel, la sf\u00e2r\u0219itul acestei s\u0103pt\u0103m\u00e2ni, folkul rom\u00e2nesc se mut\u0103 cu \u00eentreg bagajul de muzic\u0103 bun\u0103 la Alba Iulia pentru cel mai important festival de folk din Rom\u00e2nia. Evenimentul se desf\u0103\u0219oar\u0103 cu respectarea celor mai stricte m\u0103suri de prevenire a r\u0103sp\u00e2ndirii virusului SARS-COV-2, iar intrarea va fi liber\u0103.<\/strong><\/p>\n\n\n\n<p>Festivalul Na\u021bional de Muzic\u0103 Folk \u201eZiua de M\u00e2ine\u201d se va desf\u0103\u0219ura s\u00e2mb\u0103t\u0103 \u0219i duminic\u0103, 25 \u0219i 26 septembrie 2021, \u00een Pia\u021ba Cet\u0103\u021bii din municipiul Alba Iulia. Fiecare zi va fi deschis\u0103, la ora 11:00, la Framm\u2019s, cu o \u201eCafea cu Folk\u201d \u00een cadrul c\u0103reia publicul se va putea \u00eent\u00e2lni cu interpre\u021bii invita\u021bi \u00een festival. Ulterior, \u00een fiecare sear\u0103, vor urca pe scen\u0103 folki\u0219ti \u00eendr\u0103gi\u021bi precum Victor Socaciu, Mircea Vintil\u0103, Dinu Ol\u0103ra\u0219u, Florin S\u0103s\u0103rman, Sorin Minghiat, Mircea Baniciu, Ducu Bertzi, Zoia Alecu, Vali \u0218erban \u0219i \u201e\u0218coala de Folk\u201d. Duminic\u0103, la Framm\u2019s, este programat\u0103 \u0219i lansarea discului vinyl \u201eAccent 40 &#8211; Cascadorii Anxiet\u0103\u021bii\u201d \u0219i cartea \u201eChitaristul\u201d &#8211; Paul Prisada.<\/p>\n\n\n\n<blockquote class=\"wp-block-quote is-layout-flow wp-block-quote-is-layout-flow\"><p><em>\u201e\u00cen fiecare an, Alba Iulia devine capitala muzicii folk rom\u00e2ne\u0219ti, iar cei mai \u00eendr\u0103gi\u021bi interpre\u021bi ai genului se mut\u0103 \u00een \u201eCealalt\u0103 Capital\u0103\u201d cu \u00eentreg bagajul de muzic\u0103 bun\u0103. \u00cen acest an ne propunem s\u0103 organiz\u0103m o edi\u021bie special\u0103 a festivalului, de o sensibilitate aparte, pentru dumneavoastr\u0103, publicul, dar \u0219i pentru arti\u0219tii jude\u021bului \u0219i ai Rom\u00e2niei, \u00eentr-o perioad\u0103 dificil\u0103 din cauza pandemiei COVID-19. Atingerea acestui deziderat va fi posibil\u0103 doar cu sprijinul spectatorilor. Datorit\u0103 sus\u021binerii Consiliului Jude\u021bean Alba, c\u0103ruia \u00eei mul\u021bumim pe aceast\u0103 cale, anul acesta intrarea la festival va fi gratuit\u0103, \u00eens\u0103 facem un apel la responsabilitate, asumare \u0219i respect, \u00een vederea respect\u0103rii cu stricte\u021be a m\u0103surilor sanitare impuse de legisla\u021bia \u00een vigoare\u201d,<\/em> <\/p><cite> <p>\u00a0a spus managerul Centrului de Cultur\u0103 \u201eAugustin Bena\u201d Alba, Alexandru Pal.<\/p> <\/cite><\/blockquote>\n\n\n\n<p>Spectatorii care doresc s\u0103 participe la Festivalul Na\u021bional de Muzic\u0103 Folk \u201eZiua de M\u00e2ine\u201d vor trebui s\u0103 \u0219tie c\u0103 accesul \u00een perimetrul de eveniment va fi deschis cu o or\u0103 \u00eenainte, astfel \u00eenc\u00e2t s\u0103 se intre pe r\u00e2nd, respect\u00e2nd distan\u021barea fizic\u0103. La intrarea \u00een zona de concert, fiec\u0103rui spectator i se va m\u0103sura temperatura cu termometre non-contact \u0219i nu se va permite accesul persoanelor simptomatice care prezint\u0103 tuse, str\u0103nut, rinoree, febr\u0103, stare general\u0103 modificat\u0103 sau a celor cu temperatura m\u0103surat\u0103 mai mare de 37,5\u00b0C. Pe toat\u0103 perioada concertelor, \u00een perimetrul de eveniment, fiecare participant va trebui s\u0103 poarte masc\u0103 de protec\u021bie, \u00een mod corespunz\u0103tor. De asemenea, intr\u0103rile \u00een spa\u021biul de eveniment vor fi dotate cu sta\u021bii de dezinfectare pentru m\u00e2ini, iar spectatorii vor fi obliga\u021bi s\u0103 se dezinfecteze \u00een momentul accesului \u00een spa\u021biul respectiv. \u00cen spa\u021biul de eveniment, pozi\u021bionarea scaunelor destinate publicului nu vor suferi modific\u0103ri, pentru a asigura distan\u021barea fizic\u0103 de siguran\u021b\u0103 \u0219i se vor respecta culoarele de acces \u0219i ie\u0219ire, acestea fiind marcate \u00een mod corespunz\u0103tor.<\/p>\n\n\n\n<p>Organizatorii recomand\u0103 publicului s\u0103 participe la eveniment \u00een mod organizat, prin acces \u00een perimetrul de eveniment \u0219i cu respectarea m\u0103surilor organizatorice \u0219i s\u0103 NU aleag\u0103 participarea la eveniment indirect, cu scopul evit\u0103rii m\u0103surilor sanitare, \u00een afara perimetrului.&nbsp;&nbsp;&nbsp;&nbsp;&nbsp;<\/p>\n\n\n\n<p>Festivalul Na\u021bional de Muzic\u0103 Folk \u201eZiua de M\u00e2ine\u201d este organizat de Consiliul Jude\u021bean Alba prin Centrul de Cultur\u0103 \u201eAugustin Bena Alba\u201d, \u00een parteneriat cu Prim\u0103ria Municipiului Alba Iulia. Festivalul este, la fel ca multe alte evenimente culturale organizate \u00een Alba, o marc\u0103 \u00eenregistrat\u0103 a Consiliului Jude\u021bean Alba.<\/p>\n\n\n\n<figure class=\"wp-block-image size-full\"><img loading=\"lazy\" decoding=\"async\" width=\"960\" height=\"952\" src=\"https:\/\/urbeamea.ro\/albaiulia\/wp-content\/uploads\/2021\/09\/Afis-Festivalul-de-Folk-2021.jpeg\" alt=\"\" class=\"wp-image-98144\" srcset=\"https:\/\/urbeamea.ro\/albaiulia\/wp-content\/uploads\/2021\/09\/Afis-Festivalul-de-Folk-2021.jpeg 960w, https:\/\/urbeamea.ro\/albaiulia\/wp-content\/uploads\/2021\/09\/Afis-Festivalul-de-Folk-2021-640x635.jpeg 640w, https:\/\/urbeamea.ro\/albaiulia\/wp-content\/uploads\/2021\/09\/Afis-Festivalul-de-Folk-2021-150x150.jpeg 150w, https:\/\/urbeamea.ro\/albaiulia\/wp-content\/uploads\/2021\/09\/Afis-Festivalul-de-Folk-2021-768x762.jpeg 768w\" sizes=\"auto, (max-width: 960px) 100vw, 960px\" \/><\/figure>\n\n\n\n<p><strong>PROGRAMUL Festivalului Na\u021bional de Muzic\u0103 Folk \u201eZiua de M\u00e2ine\u201d<\/strong><\/p>\n\n\n\n<p><strong>S\u00e2mb\u0103t\u0103, 25 septembrie 2021<\/strong><\/p>\n\n\n\n<p><strong>ora 11:00<\/strong> &#8211; Cafeaua cu Folk la FRAMM\u2019S<\/p>\n\n\n\n<p><strong>ora 18:00<\/strong> &#8211; Spectacol extraordinar<\/p>\n\n\n\n<p>VICTOR SOCACIU<\/p>\n\n\n\n<p>MIRCEA VINTIL\u0102<\/p>\n\n\n\n<p>DINU OL\u0102RA\u0218U<\/p>\n\n\n\n<p>FLORIN S\u0102S\u0102RMAN<\/p>\n\n\n\n<p>SORIN MINGHIAT &#8211; Moment special \u201ein memoriam DORU ST\u0102NCULESCU\u201d<\/p>\n\n\n\n<p><strong>Duminic\u0103, 26 septembrie 2021<\/strong><\/p>\n\n\n\n<p><strong>ora 11:00<\/strong> &#8211; Cafeaua cu Folk la FRAMM\u2019S<\/p>\n\n\n\n<p>Lansare disc vinyl \u201cAccent 40 &#8211; Cascadorii Anxiet\u0103\u021bii\u201d \u0219i cartea \u201cChitaristul\u201d &#8211; PAUL PRISADA<\/p>\n\n\n\n<p><strong>ora 18:00 &#8211;<\/strong> Spectacol extraordinar<\/p>\n\n\n\n<p>MIRCEA BANICIU<\/p>\n\n\n\n<p>DUCU BERTZI<\/p>\n\n\n\n<p>ZOIA ALECU<\/p>\n\n\n\n<p>VALI \u0218ERBAN \u0219i ,,\u0218coala de Folk\u201d<\/p>\n","protected":false},"excerpt":{"rendered":"<p>Festivalul se mut\u0103 \u00een Pia\u021ba Cet\u0103\u021bii \u0219i intrarea \u00een zona evenimentului va fi LIBER\u0102 Festivalul Na\u021bional de Muzic\u0103 Folk \u201eZiua de M\u00e2ine\u201d este reluat, dup\u0103 ce edi\u021bia de anul trecut a fost anulat\u0103 din cauza pandemiei, iar timp de dou\u0103 zile, \u00een perioada 25 &#8211; 26 septembrie, Alba Iulia redevine capitala muzicii folk. Astfel, la &hellip;<\/p>\n","protected":false},"author":5,"featured_media":98147,"comment_status":"open","ping_status":"open","sticky":false,"template":"","format":"standard","meta":{"inline_featured_image":false,"footnotes":""},"categories":[4],"tags":[23726,23727],"class_list":["post-98143","post","type-post","status-publish","format-standard","has-post-thumbnail","hentry","category-eveniment","tag-festivalul-de-folk","tag-ziua-de-maine-2021"],"yoast_head":"<!-- This site is optimized with the Yoast SEO plugin v27.4 - https:\/\/yoast.com\/product\/yoast-seo-wordpress\/ -->\n<title>Festivalul Na\u021bional de Muzic\u0103 Folk \u201eZiua de M\u00e2ine\u201d \u2013 Alba Iulia redevine capitala muzicii folk - Revista Urbea Mea - Revista de Alba<\/title>\n<meta name=\"description\" content=\"Festivalul se mut\u0103 \u00een Pia\u021ba Cet\u0103\u021bii \u0219i intrarea \u00een zona evenimentului va fi LIBER\u0102 Festivalul Na\u021bional de Muzic\u0103 Folk \u201eZiua de M\u00e2ine\u201d este reluat, dup\u0103 ce\" \/>\n<meta name=\"robots\" content=\"index, follow, max-snippet:-1, max-image-preview:large, max-video-preview:-1\" \/>\n<link rel=\"canonical\" href=\"https:\/\/urbeamea.ro\/albaiulia\/festivalul-national-de-muzica-folk-ziua-de-maine-alba-iulia-redevine-capitala-muzicii-folk\/\" \/>\n<meta name=\"twitter:card\" content=\"summary_large_image\" \/>\n<meta name=\"twitter:title\" content=\"Festivalul Na\u021bional de Muzic\u0103 Folk \u201eZiua de M\u00e2ine\u201d \u2013 Alba Iulia redevine capitala muzicii folk - Revista Urbea Mea - Revista de Alba\" \/>\n<meta name=\"twitter:description\" content=\"Festivalul se mut\u0103 \u00een Pia\u021ba Cet\u0103\u021bii \u0219i intrarea \u00een zona evenimentului va fi LIBER\u0102 Festivalul Na\u021bional de Muzic\u0103 Folk \u201eZiua de M\u00e2ine\u201d este reluat, dup\u0103 ce\" \/>\n<meta name=\"twitter:image\" content=\"https:\/\/urbeamea.ro\/albaiulia\/wp-content\/uploads\/2021\/09\/ducu_bertzi.jpg\" \/>\n<meta name=\"twitter:creator\" content=\"@urbeameaweb\" \/>\n<meta name=\"twitter:site\" content=\"@urbeameaweb\" \/>\n<script type=\"application\/ld+json\" class=\"yoast-schema-graph\">{\"@context\":\"https:\\\/\\\/schema.org\",\"@graph\":[{\"@type\":\"Article\",\"@id\":\"https:\\\/\\\/urbeamea.ro\\\/albaiulia\\\/festivalul-national-de-muzica-folk-ziua-de-maine-alba-iulia-redevine-capitala-muzicii-folk\\\/#article\",\"isPartOf\":{\"@id\":\"https:\\\/\\\/urbeamea.ro\\\/albaiulia\\\/festivalul-national-de-muzica-folk-ziua-de-maine-alba-iulia-redevine-capitala-muzicii-folk\\\/\"},\"author\":{\"name\":\"Bogdan P\u0103unescu\",\"@id\":\"https:\\\/\\\/urbeamea.ro\\\/albaiulia\\\/#\\\/schema\\\/person\\\/a115373ce8153754c6b084232d985956\"},\"headline\":\"Festivalul Na\u021bional de Muzic\u0103 Folk \u201eZiua de M\u00e2ine\u201d \u2013 Alba Iulia redevine capitala muzicii folk\",\"datePublished\":\"2021-09-22T10:15:26+00:00\",\"dateModified\":\"2021-09-22T10:21:24+00:00\",\"mainEntityOfPage\":{\"@id\":\"https:\\\/\\\/urbeamea.ro\\\/albaiulia\\\/festivalul-national-de-muzica-folk-ziua-de-maine-alba-iulia-redevine-capitala-muzicii-folk\\\/\"},\"wordCount\":773,\"commentCount\":0,\"image\":{\"@id\":\"https:\\\/\\\/urbeamea.ro\\\/albaiulia\\\/festivalul-national-de-muzica-folk-ziua-de-maine-alba-iulia-redevine-capitala-muzicii-folk\\\/#primaryimage\"},\"thumbnailUrl\":\"https:\\\/\\\/urbeamea.ro\\\/albaiulia\\\/wp-content\\\/uploads\\\/2021\\\/09\\\/ducu_bertzi.jpg\",\"keywords\":[\"Festivalul de folk\",\"Ziua de Maine 2021\"],\"articleSection\":[\"Evenimente\"],\"inLanguage\":\"ro-RO\",\"potentialAction\":[{\"@type\":\"CommentAction\",\"name\":\"Comment\",\"target\":[\"https:\\\/\\\/urbeamea.ro\\\/albaiulia\\\/festivalul-national-de-muzica-folk-ziua-de-maine-alba-iulia-redevine-capitala-muzicii-folk\\\/#respond\"]}]},{\"@type\":\"WebPage\",\"@id\":\"https:\\\/\\\/urbeamea.ro\\\/albaiulia\\\/festivalul-national-de-muzica-folk-ziua-de-maine-alba-iulia-redevine-capitala-muzicii-folk\\\/\",\"url\":\"https:\\\/\\\/urbeamea.ro\\\/albaiulia\\\/festivalul-national-de-muzica-folk-ziua-de-maine-alba-iulia-redevine-capitala-muzicii-folk\\\/\",\"name\":\"Festivalul Na\u021bional de Muzic\u0103 Folk \u201eZiua de M\u00e2ine\u201d \u2013 Alba Iulia redevine capitala muzicii folk - Revista Urbea Mea - Revista de Alba\",\"isPartOf\":{\"@id\":\"https:\\\/\\\/urbeamea.ro\\\/albaiulia\\\/#website\"},\"primaryImageOfPage\":{\"@id\":\"https:\\\/\\\/urbeamea.ro\\\/albaiulia\\\/festivalul-national-de-muzica-folk-ziua-de-maine-alba-iulia-redevine-capitala-muzicii-folk\\\/#primaryimage\"},\"image\":{\"@id\":\"https:\\\/\\\/urbeamea.ro\\\/albaiulia\\\/festivalul-national-de-muzica-folk-ziua-de-maine-alba-iulia-redevine-capitala-muzicii-folk\\\/#primaryimage\"},\"thumbnailUrl\":\"https:\\\/\\\/urbeamea.ro\\\/albaiulia\\\/wp-content\\\/uploads\\\/2021\\\/09\\\/ducu_bertzi.jpg\",\"datePublished\":\"2021-09-22T10:15:26+00:00\",\"dateModified\":\"2021-09-22T10:21:24+00:00\",\"author\":{\"@id\":\"https:\\\/\\\/urbeamea.ro\\\/albaiulia\\\/#\\\/schema\\\/person\\\/a115373ce8153754c6b084232d985956\"},\"description\":\"Festivalul se mut\u0103 \u00een Pia\u021ba Cet\u0103\u021bii \u0219i intrarea \u00een zona evenimentului va fi LIBER\u0102 Festivalul Na\u021bional de Muzic\u0103 Folk \u201eZiua de M\u00e2ine\u201d este reluat, dup\u0103 ce\",\"breadcrumb\":{\"@id\":\"https:\\\/\\\/urbeamea.ro\\\/albaiulia\\\/festivalul-national-de-muzica-folk-ziua-de-maine-alba-iulia-redevine-capitala-muzicii-folk\\\/#breadcrumb\"},\"inLanguage\":\"ro-RO\",\"potentialAction\":[{\"@type\":\"ReadAction\",\"target\":[\"https:\\\/\\\/urbeamea.ro\\\/albaiulia\\\/festivalul-national-de-muzica-folk-ziua-de-maine-alba-iulia-redevine-capitala-muzicii-folk\\\/\"]}]},{\"@type\":\"ImageObject\",\"inLanguage\":\"ro-RO\",\"@id\":\"https:\\\/\\\/urbeamea.ro\\\/albaiulia\\\/festivalul-national-de-muzica-folk-ziua-de-maine-alba-iulia-redevine-capitala-muzicii-folk\\\/#primaryimage\",\"url\":\"https:\\\/\\\/urbeamea.ro\\\/albaiulia\\\/wp-content\\\/uploads\\\/2021\\\/09\\\/ducu_bertzi.jpg\",\"contentUrl\":\"https:\\\/\\\/urbeamea.ro\\\/albaiulia\\\/wp-content\\\/uploads\\\/2021\\\/09\\\/ducu_bertzi.jpg\",\"width\":1920,\"height\":1207},{\"@type\":\"BreadcrumbList\",\"@id\":\"https:\\\/\\\/urbeamea.ro\\\/albaiulia\\\/festivalul-national-de-muzica-folk-ziua-de-maine-alba-iulia-redevine-capitala-muzicii-folk\\\/#breadcrumb\",\"itemListElement\":[{\"@type\":\"ListItem\",\"position\":1,\"name\":\"Prima pagin\u0103\",\"item\":\"https:\\\/\\\/urbeamea.ro\\\/albaiulia\\\/\"},{\"@type\":\"ListItem\",\"position\":2,\"name\":\"Festivalul Na\u021bional de Muzic\u0103 Folk \u201eZiua de M\u00e2ine\u201d \u2013 Alba Iulia redevine capitala muzicii folk\"}]},{\"@type\":\"WebSite\",\"@id\":\"https:\\\/\\\/urbeamea.ro\\\/albaiulia\\\/#website\",\"url\":\"https:\\\/\\\/urbeamea.ro\\\/albaiulia\\\/\",\"name\":\"Revista Urbea Mea, Stiri urbane\",\"description\":\"Evenimente \u0219i \u0219tiri din Alba Iulia, Sebe\u0219, Aiud, Blaj\",\"potentialAction\":[{\"@type\":\"SearchAction\",\"target\":{\"@type\":\"EntryPoint\",\"urlTemplate\":\"https:\\\/\\\/urbeamea.ro\\\/albaiulia\\\/?s={search_term_string}\"},\"query-input\":{\"@type\":\"PropertyValueSpecification\",\"valueRequired\":true,\"valueName\":\"search_term_string\"}}],\"inLanguage\":\"ro-RO\"},{\"@type\":\"Person\",\"@id\":\"https:\\\/\\\/urbeamea.ro\\\/albaiulia\\\/#\\\/schema\\\/person\\\/a115373ce8153754c6b084232d985956\",\"name\":\"Bogdan P\u0103unescu\",\"image\":{\"@type\":\"ImageObject\",\"inLanguage\":\"ro-RO\",\"@id\":\"https:\\\/\\\/secure.gravatar.com\\\/avatar\\\/f72aa881b5a32ea110a53aabc2049429e3ff68fcb09d283722d01fbf330e9dd9?s=96&d=mm&r=g\",\"url\":\"https:\\\/\\\/secure.gravatar.com\\\/avatar\\\/f72aa881b5a32ea110a53aabc2049429e3ff68fcb09d283722d01fbf330e9dd9?s=96&d=mm&r=g\",\"contentUrl\":\"https:\\\/\\\/secure.gravatar.com\\\/avatar\\\/f72aa881b5a32ea110a53aabc2049429e3ff68fcb09d283722d01fbf330e9dd9?s=96&d=mm&r=g\",\"caption\":\"Bogdan P\u0103unescu\"},\"description\":\"\u00cemi place tot ceea ce este legat de web \u015fi ajut la dezvoltarea \u015fi \u00eembun\u0103t\u0103\u0163irea lui prin tot ceea ce fac.\",\"sameAs\":[\"https:\\\/\\\/www.artonmedia.ro\",\"https:\\\/\\\/www.facebook.com\\\/bogdanvpaunescu\"],\"url\":\"https:\\\/\\\/urbeamea.ro\\\/albaiulia\\\/author\\\/bogdan-paunescu\\\/\"}]}<\/script>\n<!-- \/ Yoast SEO plugin. -->","yoast_head_json":{"title":"Festivalul Na\u021bional de Muzic\u0103 Folk \u201eZiua de M\u00e2ine\u201d \u2013 Alba Iulia redevine capitala muzicii folk - Revista Urbea Mea - Revista de Alba","description":"Festivalul se mut\u0103 \u00een Pia\u021ba Cet\u0103\u021bii \u0219i intrarea \u00een zona evenimentului va fi LIBER\u0102 Festivalul Na\u021bional de Muzic\u0103 Folk \u201eZiua de M\u00e2ine\u201d este reluat, dup\u0103 ce","robots":{"index":"index","follow":"follow","max-snippet":"max-snippet:-1","max-image-preview":"max-image-preview:large","max-video-preview":"max-video-preview:-1"},"canonical":"https:\/\/urbeamea.ro\/albaiulia\/festivalul-national-de-muzica-folk-ziua-de-maine-alba-iulia-redevine-capitala-muzicii-folk\/","twitter_card":"summary_large_image","twitter_title":"Festivalul Na\u021bional de Muzic\u0103 Folk \u201eZiua de M\u00e2ine\u201d \u2013 Alba Iulia redevine capitala muzicii folk - Revista Urbea Mea - Revista de Alba","twitter_description":"Festivalul se mut\u0103 \u00een Pia\u021ba Cet\u0103\u021bii \u0219i intrarea \u00een zona evenimentului va fi LIBER\u0102 Festivalul Na\u021bional de Muzic\u0103 Folk \u201eZiua de M\u00e2ine\u201d este reluat, dup\u0103 ce","twitter_image":"https:\/\/urbeamea.ro\/albaiulia\/wp-content\/uploads\/2021\/09\/ducu_bertzi.jpg","twitter_creator":"@urbeameaweb","twitter_site":"@urbeameaweb","schema":{"@context":"https:\/\/schema.org","@graph":[{"@type":"Article","@id":"https:\/\/urbeamea.ro\/albaiulia\/festivalul-national-de-muzica-folk-ziua-de-maine-alba-iulia-redevine-capitala-muzicii-folk\/#article","isPartOf":{"@id":"https:\/\/urbeamea.ro\/albaiulia\/festivalul-national-de-muzica-folk-ziua-de-maine-alba-iulia-redevine-capitala-muzicii-folk\/"},"author":{"name":"Bogdan P\u0103unescu","@id":"https:\/\/urbeamea.ro\/albaiulia\/#\/schema\/person\/a115373ce8153754c6b084232d985956"},"headline":"Festivalul Na\u021bional de Muzic\u0103 Folk \u201eZiua de M\u00e2ine\u201d \u2013 Alba Iulia redevine capitala muzicii folk","datePublished":"2021-09-22T10:15:26+00:00","dateModified":"2021-09-22T10:21:24+00:00","mainEntityOfPage":{"@id":"https:\/\/urbeamea.ro\/albaiulia\/festivalul-national-de-muzica-folk-ziua-de-maine-alba-iulia-redevine-capitala-muzicii-folk\/"},"wordCount":773,"commentCount":0,"image":{"@id":"https:\/\/urbeamea.ro\/albaiulia\/festivalul-national-de-muzica-folk-ziua-de-maine-alba-iulia-redevine-capitala-muzicii-folk\/#primaryimage"},"thumbnailUrl":"https:\/\/urbeamea.ro\/albaiulia\/wp-content\/uploads\/2021\/09\/ducu_bertzi.jpg","keywords":["Festivalul de folk","Ziua de Maine 2021"],"articleSection":["Evenimente"],"inLanguage":"ro-RO","potentialAction":[{"@type":"CommentAction","name":"Comment","target":["https:\/\/urbeamea.ro\/albaiulia\/festivalul-national-de-muzica-folk-ziua-de-maine-alba-iulia-redevine-capitala-muzicii-folk\/#respond"]}]},{"@type":"WebPage","@id":"https:\/\/urbeamea.ro\/albaiulia\/festivalul-national-de-muzica-folk-ziua-de-maine-alba-iulia-redevine-capitala-muzicii-folk\/","url":"https:\/\/urbeamea.ro\/albaiulia\/festivalul-national-de-muzica-folk-ziua-de-maine-alba-iulia-redevine-capitala-muzicii-folk\/","name":"Festivalul Na\u021bional de Muzic\u0103 Folk \u201eZiua de M\u00e2ine\u201d \u2013 Alba Iulia redevine capitala muzicii folk - Revista Urbea Mea - Revista de Alba","isPartOf":{"@id":"https:\/\/urbeamea.ro\/albaiulia\/#website"},"primaryImageOfPage":{"@id":"https:\/\/urbeamea.ro\/albaiulia\/festivalul-national-de-muzica-folk-ziua-de-maine-alba-iulia-redevine-capitala-muzicii-folk\/#primaryimage"},"image":{"@id":"https:\/\/urbeamea.ro\/albaiulia\/festivalul-national-de-muzica-folk-ziua-de-maine-alba-iulia-redevine-capitala-muzicii-folk\/#primaryimage"},"thumbnailUrl":"https:\/\/urbeamea.ro\/albaiulia\/wp-content\/uploads\/2021\/09\/ducu_bertzi.jpg","datePublished":"2021-09-22T10:15:26+00:00","dateModified":"2021-09-22T10:21:24+00:00","author":{"@id":"https:\/\/urbeamea.ro\/albaiulia\/#\/schema\/person\/a115373ce8153754c6b084232d985956"},"description":"Festivalul se mut\u0103 \u00een Pia\u021ba Cet\u0103\u021bii \u0219i intrarea \u00een zona evenimentului va fi LIBER\u0102 Festivalul Na\u021bional de Muzic\u0103 Folk \u201eZiua de M\u00e2ine\u201d este reluat, dup\u0103 ce","breadcrumb":{"@id":"https:\/\/urbeamea.ro\/albaiulia\/festivalul-national-de-muzica-folk-ziua-de-maine-alba-iulia-redevine-capitala-muzicii-folk\/#breadcrumb"},"inLanguage":"ro-RO","potentialAction":[{"@type":"ReadAction","target":["https:\/\/urbeamea.ro\/albaiulia\/festivalul-national-de-muzica-folk-ziua-de-maine-alba-iulia-redevine-capitala-muzicii-folk\/"]}]},{"@type":"ImageObject","inLanguage":"ro-RO","@id":"https:\/\/urbeamea.ro\/albaiulia\/festivalul-national-de-muzica-folk-ziua-de-maine-alba-iulia-redevine-capitala-muzicii-folk\/#primaryimage","url":"https:\/\/urbeamea.ro\/albaiulia\/wp-content\/uploads\/2021\/09\/ducu_bertzi.jpg","contentUrl":"https:\/\/urbeamea.ro\/albaiulia\/wp-content\/uploads\/2021\/09\/ducu_bertzi.jpg","width":1920,"height":1207},{"@type":"BreadcrumbList","@id":"https:\/\/urbeamea.ro\/albaiulia\/festivalul-national-de-muzica-folk-ziua-de-maine-alba-iulia-redevine-capitala-muzicii-folk\/#breadcrumb","itemListElement":[{"@type":"ListItem","position":1,"name":"Prima pagin\u0103","item":"https:\/\/urbeamea.ro\/albaiulia\/"},{"@type":"ListItem","position":2,"name":"Festivalul Na\u021bional de Muzic\u0103 Folk \u201eZiua de M\u00e2ine\u201d \u2013 Alba Iulia redevine capitala muzicii folk"}]},{"@type":"WebSite","@id":"https:\/\/urbeamea.ro\/albaiulia\/#website","url":"https:\/\/urbeamea.ro\/albaiulia\/","name":"Revista Urbea Mea, Stiri urbane","description":"Evenimente \u0219i \u0219tiri din Alba Iulia, Sebe\u0219, Aiud, Blaj","potentialAction":[{"@type":"SearchAction","target":{"@type":"EntryPoint","urlTemplate":"https:\/\/urbeamea.ro\/albaiulia\/?s={search_term_string}"},"query-input":{"@type":"PropertyValueSpecification","valueRequired":true,"valueName":"search_term_string"}}],"inLanguage":"ro-RO"},{"@type":"Person","@id":"https:\/\/urbeamea.ro\/albaiulia\/#\/schema\/person\/a115373ce8153754c6b084232d985956","name":"Bogdan P\u0103unescu","image":{"@type":"ImageObject","inLanguage":"ro-RO","@id":"https:\/\/secure.gravatar.com\/avatar\/f72aa881b5a32ea110a53aabc2049429e3ff68fcb09d283722d01fbf330e9dd9?s=96&d=mm&r=g","url":"https:\/\/secure.gravatar.com\/avatar\/f72aa881b5a32ea110a53aabc2049429e3ff68fcb09d283722d01fbf330e9dd9?s=96&d=mm&r=g","contentUrl":"https:\/\/secure.gravatar.com\/avatar\/f72aa881b5a32ea110a53aabc2049429e3ff68fcb09d283722d01fbf330e9dd9?s=96&d=mm&r=g","caption":"Bogdan P\u0103unescu"},"description":"\u00cemi place tot ceea ce este legat de web \u015fi ajut la dezvoltarea \u015fi \u00eembun\u0103t\u0103\u0163irea lui prin tot ceea ce fac.","sameAs":["https:\/\/www.artonmedia.ro","https:\/\/www.facebook.com\/bogdanvpaunescu"],"url":"https:\/\/urbeamea.ro\/albaiulia\/author\/bogdan-paunescu\/"}]}},"_links":{"self":[{"href":"https:\/\/urbeamea.ro\/albaiulia\/wp-json\/wp\/v2\/posts\/98143","targetHints":{"allow":["GET"]}}],"collection":[{"href":"https:\/\/urbeamea.ro\/albaiulia\/wp-json\/wp\/v2\/posts"}],"about":[{"href":"https:\/\/urbeamea.ro\/albaiulia\/wp-json\/wp\/v2\/types\/post"}],"author":[{"embeddable":true,"href":"https:\/\/urbeamea.ro\/albaiulia\/wp-json\/wp\/v2\/users\/5"}],"replies":[{"embeddable":true,"href":"https:\/\/urbeamea.ro\/albaiulia\/wp-json\/wp\/v2\/comments?post=98143"}],"version-history":[{"count":2,"href":"https:\/\/urbeamea.ro\/albaiulia\/wp-json\/wp\/v2\/posts\/98143\/revisions"}],"predecessor-version":[{"id":98148,"href":"https:\/\/urbeamea.ro\/albaiulia\/wp-json\/wp\/v2\/posts\/98143\/revisions\/98148"}],"wp:featuredmedia":[{"embeddable":true,"href":"https:\/\/urbeamea.ro\/albaiulia\/wp-json\/wp\/v2\/media\/98147"}],"wp:attachment":[{"href":"https:\/\/urbeamea.ro\/albaiulia\/wp-json\/wp\/v2\/media?parent=98143"}],"wp:term":[{"taxonomy":"category","embeddable":true,"href":"https:\/\/urbeamea.ro\/albaiulia\/wp-json\/wp\/v2\/categories?post=98143"},{"taxonomy":"post_tag","embeddable":true,"href":"https:\/\/urbeamea.ro\/albaiulia\/wp-json\/wp\/v2\/tags?post=98143"}],"curies":[{"name":"wp","href":"https:\/\/api.w.org\/{rel}","templated":true}]}}