{"id":98153,"date":"2021-09-22T21:27:35","date_gmt":"2021-09-22T18:27:35","guid":{"rendered":"https:\/\/urbeamea.ro\/albaiulia\/?p=98153"},"modified":"2021-10-14T21:06:06","modified_gmt":"2021-10-14T18:06:06","slug":"initiativele-din-domeniul-mobilitatii-electrice-din-regiunea-centru-apreciate-la-nivel-european","status":"publish","type":"post","link":"https:\/\/urbeamea.ro\/albaiulia\/initiativele-din-domeniul-mobilitatii-electrice-din-regiunea-centru-apreciate-la-nivel-european\/","title":{"rendered":"Ini\u021biativele din domeniul mobilit\u0103\u021bii electrice din Regiunea Centru apreciate la nivel european"},"content":{"rendered":"\n<h3 class=\"wp-block-heading\"><strong>Mobilitatea electric\u0103 este una dintre tendin\u021bele care remodeleaz\u0103 discret transportul de suprafa\u021b\u0103 \u0219i preg\u0103tesc o revolu\u021bie a modului de via\u021b\u0103 \u00een marile ora\u0219e. Aceast\u0103 solu\u021bie a fost adoptat\u0103 de multe municipii re\u0219edin\u021b\u0103 de jude\u021b, sau de alte municipii \u0219i ora\u0219e din Regiunea Centru care au ales s\u0103 \u00eenlocuiasc\u0103 vehiculele cu combustibili fosili, utilizate \u00een transportul public cu vehicule electrice sau hibride. Peste 293,45 milioane euro au fost investi\u021bi \u00een Regiunea Centru \u00een reabilitarea sistemului de transport public. Pe l\u00e2ng\u0103 cele 63 troleibuze \u0219i 188 autobuze electrice, investi\u021biile vizeaz\u0103 \u0219i achizi\u021bia de vehicule hibrid, construirea de depouri, achizi\u021bia de sta\u021bii de \u00eenc\u0103rcare lente \u0219i rapide, extinderea de linii, crearea de benzi dedicate pentru transportul public \u0219i modernizarea str\u0103zilor pentru un acces mai facil al autobuzelor.<\/strong><\/h3>\n\n\n\n<p><strong>Agen\u021bia pentru Dezvoltare Regional\u0103 Centru<\/strong> este membr\u0103 a consor\u021biului care implementeaz\u0103 <strong>proiectul E-MOB: \u201dAc\u021biuni integrate pentru cre\u015fterea e-Mobilit\u0103\u0163ii \u00een Regiunile din Europa\u201d,<\/strong> finan\u021bat \u00een cadrul programului <strong>Interreg Europe<\/strong>. Consor\u021biul interna\u021bional este format din nou\u0103 organiza\u021bii din opt state europene, coordonate \u00een calitate de partener lider de Aufbauwerk Region Leipzig GmbH din Germania, consor\u021biu care are ca <strong>obiectiv \u00eembun\u0103t\u0103\u021birea solu\u021biilor de mobilitate electric\u0103<\/strong> prin integrarea acestora \u00een sistemele publice de transport a pasagerilor.<\/p>\n\n\n\n<p><strong>Obiectivele asumate la nivel European<\/strong><\/p>\n\n\n\n<p>Schimb\u0103rile climatice \u0219i degradarea mediului sunt o amenin\u021bare existen\u021bial\u0103 pentru Europa \u0219i pentru \u00eentreaga lume. Pentru a o contracara, Pactul verde european va transforma UE \u00eentr-o economie modern\u0103, competitiv\u0103 \u0219i eficient\u0103 din punctul de vedere al utiliz\u0103rii resurselor, \u00een care: s\u0103 ajungem, p\u00e2n\u0103 \u00een 2050, la zero emisii nete de gaze cu efect de ser\u0103. Comisia European\u0103 a adoptat o serie de propuneri menite s\u0103 adapteze politicile UE \u00een domeniul climei, energiei, transporturilor \u0219i fiscalit\u0103\u021bii, pentru a reduce cu cel pu\u021bin 55 % p\u00e2n\u0103 \u00een 2030 emisiile nete de gaze cu efect de ser\u0103, fa\u021b\u0103 de nivelurile din 1990.<\/p>\n\n\n\n<p><strong>Bra\u0219ov \u2013 primele ini\u021biative din Regiunea Centru pentru implementarea transportului public electric<\/strong><\/p>\n\n\n\n<p>Primul exemplu de bun\u0103 practic\u0103 a fost trecerea de la autobuze cu combustibil fosil la <a href=\"https:\/\/www.interregeurope.eu\/policylearning\/good-practices\/item\/5437\/electric-public-transport-networks-battery-electric-buses\/\" target=\"_blank\" rel=\"noreferrer noopener\">autobuze electrice<\/a> pentru transportul public din Municipiul Bra\u0219ov. P\u00e2n\u0103 \u00een 2018, municipiul Bra\u0219ov opera o flot\u0103 de autobuze bazat\u0103 pe motoare cu ardere intern\u0103, unde mai mult de 90% din vehicule erau EURO4 sau mai pu\u021bin. Municipalitatea a achizi\u021bionat 52 autobuze electrice cu finan\u021bare de 80% de la Administra\u021bia Fondului pentru Mediu (AFM), \u00een dou\u0103 loturi, de 32 \u0219i respectiv 20 de autobuze. De la achizi\u021bionare \u0219i p\u00e2n\u0103 \u00een aprilie 2021, autobuzele electrice nou au efectuat cca. 725.000 km. Obiectivul proiectului a fost reducerea emisiilor de CO2, iar prin \u00eenlocuirea autobuzelor diesel vechi, s-a produs o reducere a emisiilor poluante de aproximativ 3587 kg CO, 8541 kg NO<sub>x<\/sub>, 1127 kg hidrocarburi \u0219i 171 kg particule. Similar, implementarea acestui proiect, a condus la reducerea cantit\u0103\u021bii de CO<sub>2<\/sub> \u00a0la 1367 kg. Consumul mediu de energie \u00eenregistrat \u00een primele luni de operare este unul redus, respectiv cca. 1,21 kWh\/km. Acest exemplu de bun\u0103 practic\u0103 are un mare poten\u021bial de transfer c\u0103tre alte entit\u0103\u021bi, deoarece este un sistem simplu \u0219i de succes pe care organiza\u021biile publice, semi-publice sau private \u00eel pot adapta la specificul lor local.<\/p>\n\n\n\n<figure class=\"wp-block-embed is-type-rich is-provider-inglobeaza-manipulantul wp-block-embed-inglobeaza-manipulantul wp-embed-aspect-16-9 wp-has-aspect-ratio\"><div class=\"wp-block-embed__wrapper\">\n<iframe loading=\"lazy\" title=\"Re\u021bele de transport public \u2013 achizi\u021bia de autobuze electrice \u00een #Bra\u0219ov\" width=\"500\" height=\"281\" src=\"https:\/\/www.youtube.com\/embed\/ABLj4rV2kSA?feature=oembed\" frameborder=\"0\" allow=\"accelerometer; autoplay; clipboard-write; encrypted-media; gyroscope; picture-in-picture; web-share\" referrerpolicy=\"strict-origin-when-cross-origin\" allowfullscreen><\/iframe>\n<\/div><\/figure>\n\n\n\n<p>Al doilea exemplu de bun\u0103 practic\u0103 este implementarea unui proiect inovativ pentru Rom\u00e2nia, prin achizi\u021bia de <a href=\"https:\/\/www.interregeurope.eu\/policylearning\/good-practices\/item\/5436\/electric-public-transport-networks-trolleybus-systems-upgrade\/\" target=\"_blank\" rel=\"noreferrer noopener\">troleibuze echipate cu baterii electrice<\/a>. Proiectul a reprezentat \u0219i o solu\u021bie rapid\u0103 de extindere a transportului cu troleibuze \u00een centrul Municipiului Bra\u0219ov, f\u0103r\u0103 a necesita investi\u021bii \u00een infrastructura de alimentare electric\u0103. Troleibuzele fac leg\u0103tura \u00eentre cartierele ora\u0219ului \u0219i centrul, trasee care \u00eenainte de implementarea proiectului erau deservite de autobuze diesel. Astfel troleibuzele parcurg circa 65% din traseu pe tronsonul unde exist\u0103 re\u021bea aerian\u0103 de alimentare electric\u0103, parcurs pe care se produce \u0219i \u00eenc\u0103rcarea bateriilor de trac\u021biune \u0219i 35% pe tronsonul din centrul ora\u0219ului unde nu exist\u0103 re\u021bea aerian\u0103 de alimentare. P\u00e2n\u0103 \u00een aprilie 2021 troleibuzele nou achizi\u021bionate au efectuat cca. 970.000 km iar prin \u00eenlocuirea autobuzelor diesel vechi au produs o reducere a emisiilor poluante de aproximativ 4800 kg CO, 11428 kg NO<sub>x<\/sub>, 1508 kg Hidrocarburi \u0219i 229 kg Particule. Similar, reducerea cantit\u0103\u021bii de CO<sub>2<\/sub> rezultat\u0103 este de 1828 kg.<\/p>\n\n\n\n<figure class=\"wp-block-embed is-type-rich is-provider-inglobeaza-manipulantul wp-block-embed-inglobeaza-manipulantul wp-embed-aspect-16-9 wp-has-aspect-ratio\"><div class=\"wp-block-embed__wrapper\">\n<iframe loading=\"lazy\" title=\"Troleibuze noi pe baterii \u0219i transport public \u00eembun\u0103t\u0103\u021bit \u00een Municipiul #Bra\u0219ov\" width=\"500\" height=\"281\" src=\"https:\/\/www.youtube.com\/embed\/b7Ve4pkH-mA?feature=oembed\" frameborder=\"0\" allow=\"accelerometer; autoplay; clipboard-write; encrypted-media; gyroscope; picture-in-picture; web-share\" referrerpolicy=\"strict-origin-when-cross-origin\" allowfullscreen><\/iframe>\n<\/div><\/figure>\n\n\n\n<p>Aceste sunt doar dou\u0103 exemple de bun\u0103 practic\u0103, municipiul Bra\u0219ov av\u00e2nd \u00een derulare \u0219i alte proiecte pentru transformarea transportului public, \u00eentr-un transport ecologic. Al\u0103turi de municipiul Bra\u0219ov, alte municipii \u0219i ora\u0219e din Regiunea Centru vor implementa proiecte pentru achizi\u021bia de autobuze electrice sau hibrid. Mai multe informa\u021bii despre aceste proiecte se g\u0103sesc pe portalul regio-adrcentru.ro \u00een sec\u021biunea <a href=\"http:\/\/regio-adrcentru.ro\/por-2014-2020\/2014-comunicare\/2014-evenimente-si-comunicate\/\" target=\"_blank\" rel=\"noreferrer noopener\">evenimente \u0219i comunicare<\/a>.<\/p>\n\n\n\n<p><strong>Recunoa\u0219tere european\u0103<\/strong><\/p>\n\n\n\n<p>Exemplele de bun\u0103 practic\u0103 din municipiul Bra\u0219ov vor fi prezentate \u00een <strong>30 noiembrie 2021<\/strong> \u00een cadrul <em>\u201e<\/em><strong>E-mobility trilogy<\/strong>\u201d &nbsp;un amplu eveniment interna\u021bional dedicat mobilit\u0103\u021bii durabile. De asemenea, acestea au fost <strong>\u00eenc\u0103rcate pe platforma programului Interreg Europe<\/strong> \u00een sec\u021biunea de bune practici ale proiectului E-MOB. Ulterior acestea au trecut printr-un proces de evaluare \u0219i au fost aprobate pentru a fi publicate \u0219i pe <em>\u201ePlatforma de \u00eenv\u0103\u021bare de politici\u201d <\/em>a programului Interreg Europe. \u00cen cadrul platformei sunt acceptate cele mai bune exemple de bune practici cu un grad mare de transferabilitate.<\/p>\n\n\n\n<p><a href=\"https:\/\/www.interregeurope.eu\/policylearning\/what-is-policy-learning-platform\/\" target=\"_blank\" rel=\"noreferrer noopener\">Platforma de \u00eenv\u0103\u021bare de politici<\/a> este o ac\u021biune a programului Interreg Europe, creat\u0103 pentru a stimula \u00eenv\u0103\u021barea \u0219i schimbul de experien\u021b\u0103 a politicilor la nivelul UE \u0219i valorificarea practicilor din politicile de dezvoltare regional\u0103. Platforma este un spa\u021biu pentru \u00eenv\u0103\u021bare continu\u0103, \u00een care comunitatea care contribuie la elaborare politicilor publice din Europa poate folosi cuno\u0219tin\u021bele exper\u021bilor interna\u021bionali.<\/p>\n\n\n\n<p><strong>Despre Interreg Europe<\/strong><strong><\/strong><\/p>\n\n\n\n<p><em>Programul INTERREG EUROPE urm\u0103re\u0219te \u00eembun\u0103t\u0103\u021birea punerii \u00een aplicare a politicilor \u0219i programelor de dezvoltare regional\u0103, \u00een principal a celor care au \u00een vedere investi\u021bii\u00a0 pentru cre\u0219tere economic\u0103 \u0219i a locurilor de munc\u0103 \u0219i, dup\u0103 caz, a celor de cooperare teritorial\u0103 european\u0103, prin promovarea schimbului de experien\u021b\u0103 \u0219i a \u00eenv\u0103\u021b\u0103rii de noi politici de c\u0103tre actorii de interes regional. Pentru perioada 2014-2020, programul a avut un buget total de 359 de milioane de euro, din care 322,4 milioane de euro au fost alocate proiectelor de cooperare interregional\u0103, restul fiind defalcat pentru platforme de \u00eenv\u0103\u021bare de politici publice (15,3 milioane de euro) \u0219i asisten\u021b\u0103 tehnic\u0103 (21,3 milioane de euro). Acest program va continua \u0219i \u00een perioada 2021-2027, sus\u021bin\u00e2nd cooperare interregional\u0103 \u00een Europa<\/em>.<\/p>\n","protected":false},"excerpt":{"rendered":"<p>Mobilitatea electric\u0103 este una dintre tendin\u021bele care remodeleaz\u0103 discret transportul de suprafa\u021b\u0103 \u0219i preg\u0103tesc o revolu\u021bie a modului de via\u021b\u0103 \u00een marile ora\u0219e. Aceast\u0103 solu\u021bie a fost adoptat\u0103 de multe municipii re\u0219edin\u021b\u0103 de jude\u021b, sau de alte municipii \u0219i ora\u0219e din Regiunea Centru care au ales s\u0103 \u00eenlocuiasc\u0103 vehiculele cu combustibili fosili, utilizate \u00een transportul &hellip;<\/p>\n","protected":false},"author":5,"featured_media":98156,"comment_status":"open","ping_status":"open","sticky":false,"template":"","format":"standard","meta":{"inline_featured_image":false,"footnotes":""},"categories":[1],"tags":[18995,23730,23729,23731],"class_list":["post-98153","post","type-post","status-publish","format-standard","has-post-thumbnail","hentry","category-stiri-urbane","tag-autobuze-electrice","tag-interreg-europ","tag-proiectul-e-mob","tag-troleibuze-cu-baterii-electrice"],"yoast_head":"<!-- This site is optimized with the Yoast SEO plugin v27.4 - https:\/\/yoast.com\/product\/yoast-seo-wordpress\/ -->\n<title>Ini\u021biativele din domeniul mobilit\u0103\u021bii electrice din Regiunea Centru apreciate la nivel european - Revista Urbea Mea - Revista de Alba<\/title>\n<meta name=\"description\" content=\"Mobilitatea electric\u0103 este una dintre tendin\u021bele care remodeleaz\u0103 discret transportul de suprafa\u021b\u0103 \u0219i preg\u0103tesc o revolu\u021bie a modului de via\u021b\u0103 \u00een marile\" \/>\n<meta name=\"robots\" content=\"index, follow, max-snippet:-1, max-image-preview:large, max-video-preview:-1\" \/>\n<link rel=\"canonical\" href=\"https:\/\/urbeamea.ro\/albaiulia\/initiativele-din-domeniul-mobilitatii-electrice-din-regiunea-centru-apreciate-la-nivel-european\/\" \/>\n<meta name=\"twitter:card\" content=\"summary_large_image\" \/>\n<meta name=\"twitter:title\" content=\"Ini\u021biativele din domeniul mobilit\u0103\u021bii electrice din Regiunea Centru apreciate la nivel european - Revista Urbea Mea - Revista de Alba\" \/>\n<meta name=\"twitter:description\" content=\"Mobilitatea electric\u0103 este una dintre tendin\u021bele care remodeleaz\u0103 discret transportul de suprafa\u021b\u0103 \u0219i preg\u0103tesc o revolu\u021bie a modului de via\u021b\u0103 \u00een marile\" \/>\n<meta name=\"twitter:image\" content=\"https:\/\/urbeamea.ro\/albaiulia\/wp-content\/uploads\/2021\/09\/E-mob-transport-electric.png\" \/>\n<meta name=\"twitter:creator\" content=\"@urbeameaweb\" \/>\n<meta name=\"twitter:site\" content=\"@urbeameaweb\" \/>\n<script type=\"application\/ld+json\" class=\"yoast-schema-graph\">{\"@context\":\"https:\\\/\\\/schema.org\",\"@graph\":[{\"@type\":\"Article\",\"@id\":\"https:\\\/\\\/urbeamea.ro\\\/albaiulia\\\/initiativele-din-domeniul-mobilitatii-electrice-din-regiunea-centru-apreciate-la-nivel-european\\\/#article\",\"isPartOf\":{\"@id\":\"https:\\\/\\\/urbeamea.ro\\\/albaiulia\\\/initiativele-din-domeniul-mobilitatii-electrice-din-regiunea-centru-apreciate-la-nivel-european\\\/\"},\"author\":{\"name\":\"Bogdan P\u0103unescu\",\"@id\":\"https:\\\/\\\/urbeamea.ro\\\/albaiulia\\\/#\\\/schema\\\/person\\\/a115373ce8153754c6b084232d985956\"},\"headline\":\"Ini\u021biativele din domeniul mobilit\u0103\u021bii electrice din Regiunea Centru apreciate la nivel european\",\"datePublished\":\"2021-09-22T18:27:35+00:00\",\"dateModified\":\"2021-10-14T18:06:06+00:00\",\"mainEntityOfPage\":{\"@id\":\"https:\\\/\\\/urbeamea.ro\\\/albaiulia\\\/initiativele-din-domeniul-mobilitatii-electrice-din-regiunea-centru-apreciate-la-nivel-european\\\/\"},\"wordCount\":1095,\"commentCount\":0,\"image\":{\"@id\":\"https:\\\/\\\/urbeamea.ro\\\/albaiulia\\\/initiativele-din-domeniul-mobilitatii-electrice-din-regiunea-centru-apreciate-la-nivel-european\\\/#primaryimage\"},\"thumbnailUrl\":\"https:\\\/\\\/urbeamea.ro\\\/albaiulia\\\/wp-content\\\/uploads\\\/2021\\\/09\\\/E-mob-transport-electric.png\",\"keywords\":[\"autobuze electrice\",\"Interreg Europ\",\"Proiectul E-mob\",\"Troleibuze cu baterii electrice\"],\"articleSection\":[\"\u015etiri Urbane\"],\"inLanguage\":\"ro-RO\",\"potentialAction\":[{\"@type\":\"CommentAction\",\"name\":\"Comment\",\"target\":[\"https:\\\/\\\/urbeamea.ro\\\/albaiulia\\\/initiativele-din-domeniul-mobilitatii-electrice-din-regiunea-centru-apreciate-la-nivel-european\\\/#respond\"]}]},{\"@type\":\"WebPage\",\"@id\":\"https:\\\/\\\/urbeamea.ro\\\/albaiulia\\\/initiativele-din-domeniul-mobilitatii-electrice-din-regiunea-centru-apreciate-la-nivel-european\\\/\",\"url\":\"https:\\\/\\\/urbeamea.ro\\\/albaiulia\\\/initiativele-din-domeniul-mobilitatii-electrice-din-regiunea-centru-apreciate-la-nivel-european\\\/\",\"name\":\"Ini\u021biativele din domeniul mobilit\u0103\u021bii electrice din Regiunea Centru apreciate la nivel european - Revista Urbea Mea - Revista de Alba\",\"isPartOf\":{\"@id\":\"https:\\\/\\\/urbeamea.ro\\\/albaiulia\\\/#website\"},\"primaryImageOfPage\":{\"@id\":\"https:\\\/\\\/urbeamea.ro\\\/albaiulia\\\/initiativele-din-domeniul-mobilitatii-electrice-din-regiunea-centru-apreciate-la-nivel-european\\\/#primaryimage\"},\"image\":{\"@id\":\"https:\\\/\\\/urbeamea.ro\\\/albaiulia\\\/initiativele-din-domeniul-mobilitatii-electrice-din-regiunea-centru-apreciate-la-nivel-european\\\/#primaryimage\"},\"thumbnailUrl\":\"https:\\\/\\\/urbeamea.ro\\\/albaiulia\\\/wp-content\\\/uploads\\\/2021\\\/09\\\/E-mob-transport-electric.png\",\"datePublished\":\"2021-09-22T18:27:35+00:00\",\"dateModified\":\"2021-10-14T18:06:06+00:00\",\"author\":{\"@id\":\"https:\\\/\\\/urbeamea.ro\\\/albaiulia\\\/#\\\/schema\\\/person\\\/a115373ce8153754c6b084232d985956\"},\"description\":\"Mobilitatea electric\u0103 este una dintre tendin\u021bele care remodeleaz\u0103 discret transportul de suprafa\u021b\u0103 \u0219i preg\u0103tesc o revolu\u021bie a modului de via\u021b\u0103 \u00een marile\",\"breadcrumb\":{\"@id\":\"https:\\\/\\\/urbeamea.ro\\\/albaiulia\\\/initiativele-din-domeniul-mobilitatii-electrice-din-regiunea-centru-apreciate-la-nivel-european\\\/#breadcrumb\"},\"inLanguage\":\"ro-RO\",\"potentialAction\":[{\"@type\":\"ReadAction\",\"target\":[\"https:\\\/\\\/urbeamea.ro\\\/albaiulia\\\/initiativele-din-domeniul-mobilitatii-electrice-din-regiunea-centru-apreciate-la-nivel-european\\\/\"]}]},{\"@type\":\"ImageObject\",\"inLanguage\":\"ro-RO\",\"@id\":\"https:\\\/\\\/urbeamea.ro\\\/albaiulia\\\/initiativele-din-domeniul-mobilitatii-electrice-din-regiunea-centru-apreciate-la-nivel-european\\\/#primaryimage\",\"url\":\"https:\\\/\\\/urbeamea.ro\\\/albaiulia\\\/wp-content\\\/uploads\\\/2021\\\/09\\\/E-mob-transport-electric.png\",\"contentUrl\":\"https:\\\/\\\/urbeamea.ro\\\/albaiulia\\\/wp-content\\\/uploads\\\/2021\\\/09\\\/E-mob-transport-electric.png\",\"width\":1350,\"height\":650},{\"@type\":\"BreadcrumbList\",\"@id\":\"https:\\\/\\\/urbeamea.ro\\\/albaiulia\\\/initiativele-din-domeniul-mobilitatii-electrice-din-regiunea-centru-apreciate-la-nivel-european\\\/#breadcrumb\",\"itemListElement\":[{\"@type\":\"ListItem\",\"position\":1,\"name\":\"Prima pagin\u0103\",\"item\":\"https:\\\/\\\/urbeamea.ro\\\/albaiulia\\\/\"},{\"@type\":\"ListItem\",\"position\":2,\"name\":\"Ini\u021biativele din domeniul mobilit\u0103\u021bii electrice din Regiunea Centru apreciate la nivel european\"}]},{\"@type\":\"WebSite\",\"@id\":\"https:\\\/\\\/urbeamea.ro\\\/albaiulia\\\/#website\",\"url\":\"https:\\\/\\\/urbeamea.ro\\\/albaiulia\\\/\",\"name\":\"Revista Urbea Mea, Stiri urbane\",\"description\":\"Evenimente \u0219i \u0219tiri din Alba Iulia, Sebe\u0219, Aiud, Blaj\",\"potentialAction\":[{\"@type\":\"SearchAction\",\"target\":{\"@type\":\"EntryPoint\",\"urlTemplate\":\"https:\\\/\\\/urbeamea.ro\\\/albaiulia\\\/?s={search_term_string}\"},\"query-input\":{\"@type\":\"PropertyValueSpecification\",\"valueRequired\":true,\"valueName\":\"search_term_string\"}}],\"inLanguage\":\"ro-RO\"},{\"@type\":\"Person\",\"@id\":\"https:\\\/\\\/urbeamea.ro\\\/albaiulia\\\/#\\\/schema\\\/person\\\/a115373ce8153754c6b084232d985956\",\"name\":\"Bogdan P\u0103unescu\",\"image\":{\"@type\":\"ImageObject\",\"inLanguage\":\"ro-RO\",\"@id\":\"https:\\\/\\\/secure.gravatar.com\\\/avatar\\\/f72aa881b5a32ea110a53aabc2049429e3ff68fcb09d283722d01fbf330e9dd9?s=96&d=mm&r=g\",\"url\":\"https:\\\/\\\/secure.gravatar.com\\\/avatar\\\/f72aa881b5a32ea110a53aabc2049429e3ff68fcb09d283722d01fbf330e9dd9?s=96&d=mm&r=g\",\"contentUrl\":\"https:\\\/\\\/secure.gravatar.com\\\/avatar\\\/f72aa881b5a32ea110a53aabc2049429e3ff68fcb09d283722d01fbf330e9dd9?s=96&d=mm&r=g\",\"caption\":\"Bogdan P\u0103unescu\"},\"description\":\"\u00cemi place tot ceea ce este legat de web \u015fi ajut la dezvoltarea \u015fi \u00eembun\u0103t\u0103\u0163irea lui prin tot ceea ce fac.\",\"sameAs\":[\"https:\\\/\\\/www.artonmedia.ro\",\"https:\\\/\\\/www.facebook.com\\\/bogdanvpaunescu\"],\"url\":\"https:\\\/\\\/urbeamea.ro\\\/albaiulia\\\/author\\\/bogdan-paunescu\\\/\"}]}<\/script>\n<!-- \/ Yoast SEO plugin. -->","yoast_head_json":{"title":"Ini\u021biativele din domeniul mobilit\u0103\u021bii electrice din Regiunea Centru apreciate la nivel european - Revista Urbea Mea - Revista de Alba","description":"Mobilitatea electric\u0103 este una dintre tendin\u021bele care remodeleaz\u0103 discret transportul de suprafa\u021b\u0103 \u0219i preg\u0103tesc o revolu\u021bie a modului de via\u021b\u0103 \u00een marile","robots":{"index":"index","follow":"follow","max-snippet":"max-snippet:-1","max-image-preview":"max-image-preview:large","max-video-preview":"max-video-preview:-1"},"canonical":"https:\/\/urbeamea.ro\/albaiulia\/initiativele-din-domeniul-mobilitatii-electrice-din-regiunea-centru-apreciate-la-nivel-european\/","twitter_card":"summary_large_image","twitter_title":"Ini\u021biativele din domeniul mobilit\u0103\u021bii electrice din Regiunea Centru apreciate la nivel european - Revista Urbea Mea - Revista de Alba","twitter_description":"Mobilitatea electric\u0103 este una dintre tendin\u021bele care remodeleaz\u0103 discret transportul de suprafa\u021b\u0103 \u0219i preg\u0103tesc o revolu\u021bie a modului de via\u021b\u0103 \u00een marile","twitter_image":"https:\/\/urbeamea.ro\/albaiulia\/wp-content\/uploads\/2021\/09\/E-mob-transport-electric.png","twitter_creator":"@urbeameaweb","twitter_site":"@urbeameaweb","schema":{"@context":"https:\/\/schema.org","@graph":[{"@type":"Article","@id":"https:\/\/urbeamea.ro\/albaiulia\/initiativele-din-domeniul-mobilitatii-electrice-din-regiunea-centru-apreciate-la-nivel-european\/#article","isPartOf":{"@id":"https:\/\/urbeamea.ro\/albaiulia\/initiativele-din-domeniul-mobilitatii-electrice-din-regiunea-centru-apreciate-la-nivel-european\/"},"author":{"name":"Bogdan P\u0103unescu","@id":"https:\/\/urbeamea.ro\/albaiulia\/#\/schema\/person\/a115373ce8153754c6b084232d985956"},"headline":"Ini\u021biativele din domeniul mobilit\u0103\u021bii electrice din Regiunea Centru apreciate la nivel european","datePublished":"2021-09-22T18:27:35+00:00","dateModified":"2021-10-14T18:06:06+00:00","mainEntityOfPage":{"@id":"https:\/\/urbeamea.ro\/albaiulia\/initiativele-din-domeniul-mobilitatii-electrice-din-regiunea-centru-apreciate-la-nivel-european\/"},"wordCount":1095,"commentCount":0,"image":{"@id":"https:\/\/urbeamea.ro\/albaiulia\/initiativele-din-domeniul-mobilitatii-electrice-din-regiunea-centru-apreciate-la-nivel-european\/#primaryimage"},"thumbnailUrl":"https:\/\/urbeamea.ro\/albaiulia\/wp-content\/uploads\/2021\/09\/E-mob-transport-electric.png","keywords":["autobuze electrice","Interreg Europ","Proiectul E-mob","Troleibuze cu baterii electrice"],"articleSection":["\u015etiri Urbane"],"inLanguage":"ro-RO","potentialAction":[{"@type":"CommentAction","name":"Comment","target":["https:\/\/urbeamea.ro\/albaiulia\/initiativele-din-domeniul-mobilitatii-electrice-din-regiunea-centru-apreciate-la-nivel-european\/#respond"]}]},{"@type":"WebPage","@id":"https:\/\/urbeamea.ro\/albaiulia\/initiativele-din-domeniul-mobilitatii-electrice-din-regiunea-centru-apreciate-la-nivel-european\/","url":"https:\/\/urbeamea.ro\/albaiulia\/initiativele-din-domeniul-mobilitatii-electrice-din-regiunea-centru-apreciate-la-nivel-european\/","name":"Ini\u021biativele din domeniul mobilit\u0103\u021bii electrice din Regiunea Centru apreciate la nivel european - Revista Urbea Mea - Revista de Alba","isPartOf":{"@id":"https:\/\/urbeamea.ro\/albaiulia\/#website"},"primaryImageOfPage":{"@id":"https:\/\/urbeamea.ro\/albaiulia\/initiativele-din-domeniul-mobilitatii-electrice-din-regiunea-centru-apreciate-la-nivel-european\/#primaryimage"},"image":{"@id":"https:\/\/urbeamea.ro\/albaiulia\/initiativele-din-domeniul-mobilitatii-electrice-din-regiunea-centru-apreciate-la-nivel-european\/#primaryimage"},"thumbnailUrl":"https:\/\/urbeamea.ro\/albaiulia\/wp-content\/uploads\/2021\/09\/E-mob-transport-electric.png","datePublished":"2021-09-22T18:27:35+00:00","dateModified":"2021-10-14T18:06:06+00:00","author":{"@id":"https:\/\/urbeamea.ro\/albaiulia\/#\/schema\/person\/a115373ce8153754c6b084232d985956"},"description":"Mobilitatea electric\u0103 este una dintre tendin\u021bele care remodeleaz\u0103 discret transportul de suprafa\u021b\u0103 \u0219i preg\u0103tesc o revolu\u021bie a modului de via\u021b\u0103 \u00een marile","breadcrumb":{"@id":"https:\/\/urbeamea.ro\/albaiulia\/initiativele-din-domeniul-mobilitatii-electrice-din-regiunea-centru-apreciate-la-nivel-european\/#breadcrumb"},"inLanguage":"ro-RO","potentialAction":[{"@type":"ReadAction","target":["https:\/\/urbeamea.ro\/albaiulia\/initiativele-din-domeniul-mobilitatii-electrice-din-regiunea-centru-apreciate-la-nivel-european\/"]}]},{"@type":"ImageObject","inLanguage":"ro-RO","@id":"https:\/\/urbeamea.ro\/albaiulia\/initiativele-din-domeniul-mobilitatii-electrice-din-regiunea-centru-apreciate-la-nivel-european\/#primaryimage","url":"https:\/\/urbeamea.ro\/albaiulia\/wp-content\/uploads\/2021\/09\/E-mob-transport-electric.png","contentUrl":"https:\/\/urbeamea.ro\/albaiulia\/wp-content\/uploads\/2021\/09\/E-mob-transport-electric.png","width":1350,"height":650},{"@type":"BreadcrumbList","@id":"https:\/\/urbeamea.ro\/albaiulia\/initiativele-din-domeniul-mobilitatii-electrice-din-regiunea-centru-apreciate-la-nivel-european\/#breadcrumb","itemListElement":[{"@type":"ListItem","position":1,"name":"Prima pagin\u0103","item":"https:\/\/urbeamea.ro\/albaiulia\/"},{"@type":"ListItem","position":2,"name":"Ini\u021biativele din domeniul mobilit\u0103\u021bii electrice din Regiunea Centru apreciate la nivel european"}]},{"@type":"WebSite","@id":"https:\/\/urbeamea.ro\/albaiulia\/#website","url":"https:\/\/urbeamea.ro\/albaiulia\/","name":"Revista Urbea Mea, Stiri urbane","description":"Evenimente \u0219i \u0219tiri din Alba Iulia, Sebe\u0219, Aiud, Blaj","potentialAction":[{"@type":"SearchAction","target":{"@type":"EntryPoint","urlTemplate":"https:\/\/urbeamea.ro\/albaiulia\/?s={search_term_string}"},"query-input":{"@type":"PropertyValueSpecification","valueRequired":true,"valueName":"search_term_string"}}],"inLanguage":"ro-RO"},{"@type":"Person","@id":"https:\/\/urbeamea.ro\/albaiulia\/#\/schema\/person\/a115373ce8153754c6b084232d985956","name":"Bogdan P\u0103unescu","image":{"@type":"ImageObject","inLanguage":"ro-RO","@id":"https:\/\/secure.gravatar.com\/avatar\/f72aa881b5a32ea110a53aabc2049429e3ff68fcb09d283722d01fbf330e9dd9?s=96&d=mm&r=g","url":"https:\/\/secure.gravatar.com\/avatar\/f72aa881b5a32ea110a53aabc2049429e3ff68fcb09d283722d01fbf330e9dd9?s=96&d=mm&r=g","contentUrl":"https:\/\/secure.gravatar.com\/avatar\/f72aa881b5a32ea110a53aabc2049429e3ff68fcb09d283722d01fbf330e9dd9?s=96&d=mm&r=g","caption":"Bogdan P\u0103unescu"},"description":"\u00cemi place tot ceea ce este legat de web \u015fi ajut la dezvoltarea \u015fi \u00eembun\u0103t\u0103\u0163irea lui prin tot ceea ce fac.","sameAs":["https:\/\/www.artonmedia.ro","https:\/\/www.facebook.com\/bogdanvpaunescu"],"url":"https:\/\/urbeamea.ro\/albaiulia\/author\/bogdan-paunescu\/"}]}},"_links":{"self":[{"href":"https:\/\/urbeamea.ro\/albaiulia\/wp-json\/wp\/v2\/posts\/98153","targetHints":{"allow":["GET"]}}],"collection":[{"href":"https:\/\/urbeamea.ro\/albaiulia\/wp-json\/wp\/v2\/posts"}],"about":[{"href":"https:\/\/urbeamea.ro\/albaiulia\/wp-json\/wp\/v2\/types\/post"}],"author":[{"embeddable":true,"href":"https:\/\/urbeamea.ro\/albaiulia\/wp-json\/wp\/v2\/users\/5"}],"replies":[{"embeddable":true,"href":"https:\/\/urbeamea.ro\/albaiulia\/wp-json\/wp\/v2\/comments?post=98153"}],"version-history":[{"count":1,"href":"https:\/\/urbeamea.ro\/albaiulia\/wp-json\/wp\/v2\/posts\/98153\/revisions"}],"predecessor-version":[{"id":98157,"href":"https:\/\/urbeamea.ro\/albaiulia\/wp-json\/wp\/v2\/posts\/98153\/revisions\/98157"}],"wp:featuredmedia":[{"embeddable":true,"href":"https:\/\/urbeamea.ro\/albaiulia\/wp-json\/wp\/v2\/media\/98156"}],"wp:attachment":[{"href":"https:\/\/urbeamea.ro\/albaiulia\/wp-json\/wp\/v2\/media?parent=98153"}],"wp:term":[{"taxonomy":"category","embeddable":true,"href":"https:\/\/urbeamea.ro\/albaiulia\/wp-json\/wp\/v2\/categories?post=98153"},{"taxonomy":"post_tag","embeddable":true,"href":"https:\/\/urbeamea.ro\/albaiulia\/wp-json\/wp\/v2\/tags?post=98153"}],"curies":[{"name":"wp","href":"https:\/\/api.w.org\/{rel}","templated":true}]}}