{"id":98159,"date":"2021-09-22T21:49:50","date_gmt":"2021-09-22T18:49:50","guid":{"rendered":"https:\/\/urbeamea.ro\/albaiulia\/?p=98159"},"modified":"2021-09-22T21:49:52","modified_gmt":"2021-09-22T18:49:52","slug":"festivalul-voices-ajunge-la-editia-ix-a-pe-23-si-24-septembrie-la-casa-de-cultura-a-studentilor","status":"publish","type":"post","link":"https:\/\/urbeamea.ro\/albaiulia\/festivalul-voices-ajunge-la-editia-ix-a-pe-23-si-24-septembrie-la-casa-de-cultura-a-studentilor\/","title":{"rendered":"Festivalul &#8222;Voices&#8221; ajunge la edi\u021bia IX-a pe 23 \u0219i 24 septembrie la Casa de Cultur\u0103 a Studen\u021bilor"},"content":{"rendered":"\n<h3 class=\"wp-block-heading\"><strong>&#8222;Voices&#8221;, Festivalul Na\u021bional concurs de muzic\u0103 pop pentru tineri \u0219i studen\u021bi ajunge la edi\u021bia IX pe 23 \u0219i 24 septembrie la Casa de Cultur\u0103 a Studen\u021bilor<\/strong><\/h3>\n\n\n\n<p>10 tineri \u0219i studen\u021bi se vor \u201ebate&#8221; pentru trofeul festivalului \u201e<strong>VOICES<\/strong>&#8222;, edi\u021bia a IX-a, care const\u0103 \u00eentr-un microfon digital \u00een valoare de 2000 de lei.\u00a0<\/p>\n\n\n\n<p>Festivalul &#8211; concurs\u00a0organizat de <strong>Casa de Cultur\u0103 a Studen\u021bilor Alba Iulia<\/strong> al\u0103turi de <strong>Centrul de Cultur\u0103 \u201eAugustin Bena&#8221;<\/strong> Alba, cu sprijinul <strong>Ministerului Tineretului \u0219i Sportului<\/strong> \u0219i al <strong>Consiliului Jude\u021bean Alba<\/strong>, \u00een parteneriat cu <strong>Prim\u0103ria Municipului Alba Iulia<\/strong>, <strong>Funda\u021bia Comunitar\u0103 Alba<\/strong>, <strong>Radio Atlas<\/strong> \u0219i <strong>Liga Studen\u021bilor din Universitatea \u201e1 Decembrie 1918&#8243; Alba Iulia<\/strong>,\u00a0se va desf\u0103\u0219ura pe <strong>23 \u0219i 24 septembrie 2021<\/strong>, \u00eencep\u00e2nd cu ora 19:00.<\/p>\n\n\n\n<p><strong>Concuren\u021bi participan\u021bi:<\/strong><\/p>\n\n\n\n<p>1.\u00a0M\u00ceZGAN ALINA &#8211; C.C.S. CLUJ NAPOCA<br>2. BANYAI LISA MARIA &#8211; C.C.S. CLUJ NAPOCA<br>3. STANCIU ELENA ROXANA &#8211; C.C.S. SIBIU<br>4. SIMIONESCU DOMINIQUE &#8211; C.C.S. SIBIU<br>5. TASE ANDREI \u2013 C.C.S PITE\u0218TI<br>6. CUCU ANA-MARIA &#8211; C.C.S. PITE\u0218TI<br>7. BURTESCU BIANCA &#8211; C.C.S. PITE\u0218TI<br>8. ZBUTEA CLAUDIA GEORGIANA &#8211; C.C.S. ALBA IULIA<br>9. DOAN\u0102 ANA MARIA CRISTINA &#8211; C.C.S. CRAIOVA<br>10. IOAN RARE\u0218 ANDREI &#8211; C.C.S.CRAIOVA<\/p>\n\n\n\n<p>Juriul concursului \u00eel are ca pre\u015fedinte pe Viorel Gavril\u0103 din Bucure\u0219ti, compozitor \u015fi dirijor, vicepre\u015fedintele UCMR\u2013ADA, Asocia\u0163ia pentru Drepturi de Autor a Compozitorilor.<\/p>\n\n\n\n<p><br>Reamintim c\u0103 \u00een cele dou\u0103 zile de festival vor avea loc concerte\u00a0sus\u021binute de\u00a0<strong>Gino <\/strong>&amp; <strong>Tokyo<\/strong>,\u00a0pe 23 septembrie \u0219i <strong>Paul Ciuci COMPACT<\/strong>, pe 24 septembrie. V\u0103 astept\u0103m cu drag \u00een Pia\u021ba Cet\u0103\u021bii.<\/p>\n\n\n\n<figure class=\"wp-block-gallery columns-3 is-cropped wp-block-gallery-1 is-layout-flex wp-block-gallery-is-layout-flex\"><ul class=\"blocks-gallery-grid\"><li class=\"blocks-gallery-item\"><figure><a href=\"https:\/\/urbeamea.ro\/albaiulia\/wp-content\/uploads\/2021\/09\/10-RARES-IOAN.jpg\"><img loading=\"lazy\" decoding=\"async\" width=\"1080\" height=\"810\" src=\"https:\/\/urbeamea.ro\/albaiulia\/wp-content\/uploads\/2021\/09\/10-RARES-IOAN.jpg\" alt=\"\" data-id=\"98160\" data-full-url=\"https:\/\/urbeamea.ro\/albaiulia\/wp-content\/uploads\/2021\/09\/10-RARES-IOAN.jpg\" data-link=\"https:\/\/urbeamea.ro\/albaiulia\/?attachment_id=98160\" class=\"wp-image-98160\" srcset=\"https:\/\/urbeamea.ro\/albaiulia\/wp-content\/uploads\/2021\/09\/10-RARES-IOAN.jpg 1080w, https:\/\/urbeamea.ro\/albaiulia\/wp-content\/uploads\/2021\/09\/10-RARES-IOAN-640x480.jpg 640w, https:\/\/urbeamea.ro\/albaiulia\/wp-content\/uploads\/2021\/09\/10-RARES-IOAN-150x113.jpg 150w, https:\/\/urbeamea.ro\/albaiulia\/wp-content\/uploads\/2021\/09\/10-RARES-IOAN-768x576.jpg 768w\" sizes=\"auto, (max-width: 1080px) 100vw, 1080px\" \/><\/a><\/figure><\/li><li class=\"blocks-gallery-item\"><figure><a href=\"https:\/\/urbeamea.ro\/albaiulia\/wp-content\/uploads\/2021\/09\/5-Andrei-Tase.jpg\"><img loading=\"lazy\" decoding=\"async\" width=\"1280\" height=\"960\" src=\"https:\/\/urbeamea.ro\/albaiulia\/wp-content\/uploads\/2021\/09\/5-Andrei-Tase-1280x960.jpg\" alt=\"\" data-id=\"98161\" data-full-url=\"https:\/\/urbeamea.ro\/albaiulia\/wp-content\/uploads\/2021\/09\/5-Andrei-Tase.jpg\" data-link=\"https:\/\/urbeamea.ro\/albaiulia\/?attachment_id=98161\" class=\"wp-image-98161\" srcset=\"https:\/\/urbeamea.ro\/albaiulia\/wp-content\/uploads\/2021\/09\/5-Andrei-Tase-1280x960.jpg 1280w, https:\/\/urbeamea.ro\/albaiulia\/wp-content\/uploads\/2021\/09\/5-Andrei-Tase-640x480.jpg 640w, https:\/\/urbeamea.ro\/albaiulia\/wp-content\/uploads\/2021\/09\/5-Andrei-Tase-150x113.jpg 150w, https:\/\/urbeamea.ro\/albaiulia\/wp-content\/uploads\/2021\/09\/5-Andrei-Tase-768x576.jpg 768w, https:\/\/urbeamea.ro\/albaiulia\/wp-content\/uploads\/2021\/09\/5-Andrei-Tase-1536x1152.jpg 1536w, https:\/\/urbeamea.ro\/albaiulia\/wp-content\/uploads\/2021\/09\/5-Andrei-Tase.jpg 1600w\" sizes=\"auto, (max-width: 1280px) 100vw, 1280px\" \/><\/a><\/figure><\/li><li class=\"blocks-gallery-item\"><figure><a href=\"https:\/\/urbeamea.ro\/albaiulia\/wp-content\/uploads\/2021\/09\/6-Cucu-Ana-Maria.jpg\"><img loading=\"lazy\" decoding=\"async\" width=\"960\" height=\"1280\" src=\"https:\/\/urbeamea.ro\/albaiulia\/wp-content\/uploads\/2021\/09\/6-Cucu-Ana-Maria-960x1280.jpg\" alt=\"\" data-id=\"98162\" data-full-url=\"https:\/\/urbeamea.ro\/albaiulia\/wp-content\/uploads\/2021\/09\/6-Cucu-Ana-Maria.jpg\" data-link=\"https:\/\/urbeamea.ro\/albaiulia\/?attachment_id=98162\" class=\"wp-image-98162\" srcset=\"https:\/\/urbeamea.ro\/albaiulia\/wp-content\/uploads\/2021\/09\/6-Cucu-Ana-Maria-960x1280.jpg 960w, https:\/\/urbeamea.ro\/albaiulia\/wp-content\/uploads\/2021\/09\/6-Cucu-Ana-Maria-480x640.jpg 480w, https:\/\/urbeamea.ro\/albaiulia\/wp-content\/uploads\/2021\/09\/6-Cucu-Ana-Maria-113x150.jpg 113w, https:\/\/urbeamea.ro\/albaiulia\/wp-content\/uploads\/2021\/09\/6-Cucu-Ana-Maria-768x1024.jpg 768w, https:\/\/urbeamea.ro\/albaiulia\/wp-content\/uploads\/2021\/09\/6-Cucu-Ana-Maria-1152x1536.jpg 1152w, https:\/\/urbeamea.ro\/albaiulia\/wp-content\/uploads\/2021\/09\/6-Cucu-Ana-Maria.jpg 1284w\" sizes=\"auto, (max-width: 960px) 100vw, 960px\" \/><\/a><\/figure><\/li><li class=\"blocks-gallery-item\"><figure><a href=\"https:\/\/urbeamea.ro\/albaiulia\/wp-content\/uploads\/2021\/09\/4-Dominique-Simionescu.jpg\"><img loading=\"lazy\" decoding=\"async\" width=\"960\" height=\"1280\" src=\"https:\/\/urbeamea.ro\/albaiulia\/wp-content\/uploads\/2021\/09\/4-Dominique-Simionescu-960x1280.jpg\" alt=\"\" data-id=\"98163\" data-full-url=\"https:\/\/urbeamea.ro\/albaiulia\/wp-content\/uploads\/2021\/09\/4-Dominique-Simionescu.jpg\" data-link=\"https:\/\/urbeamea.ro\/albaiulia\/?attachment_id=98163\" class=\"wp-image-98163\" srcset=\"https:\/\/urbeamea.ro\/albaiulia\/wp-content\/uploads\/2021\/09\/4-Dominique-Simionescu-960x1280.jpg 960w, https:\/\/urbeamea.ro\/albaiulia\/wp-content\/uploads\/2021\/09\/4-Dominique-Simionescu-480x640.jpg 480w, https:\/\/urbeamea.ro\/albaiulia\/wp-content\/uploads\/2021\/09\/4-Dominique-Simionescu-112x150.jpg 112w, https:\/\/urbeamea.ro\/albaiulia\/wp-content\/uploads\/2021\/09\/4-Dominique-Simionescu-768x1024.jpg 768w, https:\/\/urbeamea.ro\/albaiulia\/wp-content\/uploads\/2021\/09\/4-Dominique-Simionescu-1152x1536.jpg 1152w, https:\/\/urbeamea.ro\/albaiulia\/wp-content\/uploads\/2021\/09\/4-Dominique-Simionescu.jpg 1511w\" sizes=\"auto, (max-width: 960px) 100vw, 960px\" \/><\/a><\/figure><\/li><li class=\"blocks-gallery-item\"><figure><a href=\"https:\/\/urbeamea.ro\/albaiulia\/wp-content\/uploads\/2021\/09\/3-Elena-Roxana-Stanciu.jpg\"><img loading=\"lazy\" decoding=\"async\" width=\"1080\" height=\"1080\" src=\"https:\/\/urbeamea.ro\/albaiulia\/wp-content\/uploads\/2021\/09\/3-Elena-Roxana-Stanciu.jpg\" alt=\"\" data-id=\"98164\" data-full-url=\"https:\/\/urbeamea.ro\/albaiulia\/wp-content\/uploads\/2021\/09\/3-Elena-Roxana-Stanciu.jpg\" data-link=\"https:\/\/urbeamea.ro\/albaiulia\/?attachment_id=98164\" class=\"wp-image-98164\" srcset=\"https:\/\/urbeamea.ro\/albaiulia\/wp-content\/uploads\/2021\/09\/3-Elena-Roxana-Stanciu.jpg 1080w, https:\/\/urbeamea.ro\/albaiulia\/wp-content\/uploads\/2021\/09\/3-Elena-Roxana-Stanciu-640x640.jpg 640w, https:\/\/urbeamea.ro\/albaiulia\/wp-content\/uploads\/2021\/09\/3-Elena-Roxana-Stanciu-150x150.jpg 150w, https:\/\/urbeamea.ro\/albaiulia\/wp-content\/uploads\/2021\/09\/3-Elena-Roxana-Stanciu-768x768.jpg 768w\" sizes=\"auto, (max-width: 1080px) 100vw, 1080px\" \/><\/a><\/figure><\/li><li class=\"blocks-gallery-item\"><figure><a href=\"https:\/\/urbeamea.ro\/albaiulia\/wp-content\/uploads\/2021\/09\/1-MIZGAN-ALINA.jpg\"><img loading=\"lazy\" decoding=\"async\" width=\"1280\" height=\"854\" src=\"https:\/\/urbeamea.ro\/albaiulia\/wp-content\/uploads\/2021\/09\/1-MIZGAN-ALINA-1280x854.jpg\" alt=\"\" data-id=\"98165\" data-full-url=\"https:\/\/urbeamea.ro\/albaiulia\/wp-content\/uploads\/2021\/09\/1-MIZGAN-ALINA.jpg\" data-link=\"https:\/\/urbeamea.ro\/albaiulia\/?attachment_id=98165\" class=\"wp-image-98165\" srcset=\"https:\/\/urbeamea.ro\/albaiulia\/wp-content\/uploads\/2021\/09\/1-MIZGAN-ALINA-1280x854.jpg 1280w, https:\/\/urbeamea.ro\/albaiulia\/wp-content\/uploads\/2021\/09\/1-MIZGAN-ALINA-640x427.jpg 640w, https:\/\/urbeamea.ro\/albaiulia\/wp-content\/uploads\/2021\/09\/1-MIZGAN-ALINA-150x100.jpg 150w, https:\/\/urbeamea.ro\/albaiulia\/wp-content\/uploads\/2021\/09\/1-MIZGAN-ALINA-768x512.jpg 768w, https:\/\/urbeamea.ro\/albaiulia\/wp-content\/uploads\/2021\/09\/1-MIZGAN-ALINA-1536x1024.jpg 1536w, https:\/\/urbeamea.ro\/albaiulia\/wp-content\/uploads\/2021\/09\/1-MIZGAN-ALINA.jpg 1600w\" sizes=\"auto, (max-width: 1280px) 100vw, 1280px\" \/><\/a><\/figure><\/li><li class=\"blocks-gallery-item\"><figure><a href=\"https:\/\/urbeamea.ro\/albaiulia\/wp-content\/uploads\/2021\/09\/2-BANYAI-LISA-MARIA.jpg\"><img loading=\"lazy\" decoding=\"async\" width=\"853\" height=\"1280\" src=\"https:\/\/urbeamea.ro\/albaiulia\/wp-content\/uploads\/2021\/09\/2-BANYAI-LISA-MARIA-853x1280.jpg\" alt=\"\" data-id=\"98166\" data-full-url=\"https:\/\/urbeamea.ro\/albaiulia\/wp-content\/uploads\/2021\/09\/2-BANYAI-LISA-MARIA.jpg\" data-link=\"https:\/\/urbeamea.ro\/albaiulia\/?attachment_id=98166\" class=\"wp-image-98166\" srcset=\"https:\/\/urbeamea.ro\/albaiulia\/wp-content\/uploads\/2021\/09\/2-BANYAI-LISA-MARIA-853x1280.jpg 853w, https:\/\/urbeamea.ro\/albaiulia\/wp-content\/uploads\/2021\/09\/2-BANYAI-LISA-MARIA-426x640.jpg 426w, https:\/\/urbeamea.ro\/albaiulia\/wp-content\/uploads\/2021\/09\/2-BANYAI-LISA-MARIA-100x150.jpg 100w, https:\/\/urbeamea.ro\/albaiulia\/wp-content\/uploads\/2021\/09\/2-BANYAI-LISA-MARIA-768x1153.jpg 768w, https:\/\/urbeamea.ro\/albaiulia\/wp-content\/uploads\/2021\/09\/2-BANYAI-LISA-MARIA-1023x1536.jpg 1023w, https:\/\/urbeamea.ro\/albaiulia\/wp-content\/uploads\/2021\/09\/2-BANYAI-LISA-MARIA.jpg 1066w\" sizes=\"auto, (max-width: 853px) 100vw, 853px\" \/><\/a><\/figure><\/li><li class=\"blocks-gallery-item\"><figure><a href=\"https:\/\/urbeamea.ro\/albaiulia\/wp-content\/uploads\/2021\/09\/7-Burtescu-Bianca-Ruana.jpg\"><img loading=\"lazy\" decoding=\"async\" width=\"459\" height=\"720\" src=\"https:\/\/urbeamea.ro\/albaiulia\/wp-content\/uploads\/2021\/09\/7-Burtescu-Bianca-Ruana.jpg\" alt=\"\" data-id=\"98167\" data-full-url=\"https:\/\/urbeamea.ro\/albaiulia\/wp-content\/uploads\/2021\/09\/7-Burtescu-Bianca-Ruana.jpg\" data-link=\"https:\/\/urbeamea.ro\/albaiulia\/?attachment_id=98167\" class=\"wp-image-98167\" srcset=\"https:\/\/urbeamea.ro\/albaiulia\/wp-content\/uploads\/2021\/09\/7-Burtescu-Bianca-Ruana.jpg 459w, https:\/\/urbeamea.ro\/albaiulia\/wp-content\/uploads\/2021\/09\/7-Burtescu-Bianca-Ruana-408x640.jpg 408w, https:\/\/urbeamea.ro\/albaiulia\/wp-content\/uploads\/2021\/09\/7-Burtescu-Bianca-Ruana-96x150.jpg 96w\" sizes=\"auto, (max-width: 459px) 100vw, 459px\" \/><\/a><\/figure><\/li><li class=\"blocks-gallery-item\"><figure><a href=\"https:\/\/urbeamea.ro\/albaiulia\/wp-content\/uploads\/2021\/09\/8-ZBUTEA-GEORGIANA.jpg\"><img loading=\"lazy\" decoding=\"async\" width=\"1278\" height=\"1280\" src=\"https:\/\/urbeamea.ro\/albaiulia\/wp-content\/uploads\/2021\/09\/8-ZBUTEA-GEORGIANA-1278x1280.jpg\" alt=\"\" data-id=\"98168\" data-full-url=\"https:\/\/urbeamea.ro\/albaiulia\/wp-content\/uploads\/2021\/09\/8-ZBUTEA-GEORGIANA.jpg\" data-link=\"https:\/\/urbeamea.ro\/albaiulia\/?attachment_id=98168\" class=\"wp-image-98168\" srcset=\"https:\/\/urbeamea.ro\/albaiulia\/wp-content\/uploads\/2021\/09\/8-ZBUTEA-GEORGIANA-1278x1280.jpg 1278w, https:\/\/urbeamea.ro\/albaiulia\/wp-content\/uploads\/2021\/09\/8-ZBUTEA-GEORGIANA-640x640.jpg 640w, https:\/\/urbeamea.ro\/albaiulia\/wp-content\/uploads\/2021\/09\/8-ZBUTEA-GEORGIANA-150x150.jpg 150w, https:\/\/urbeamea.ro\/albaiulia\/wp-content\/uploads\/2021\/09\/8-ZBUTEA-GEORGIANA-768x769.jpg 768w, https:\/\/urbeamea.ro\/albaiulia\/wp-content\/uploads\/2021\/09\/8-ZBUTEA-GEORGIANA-1534x1536.jpg 1534w, https:\/\/urbeamea.ro\/albaiulia\/wp-content\/uploads\/2021\/09\/8-ZBUTEA-GEORGIANA.jpg 1536w\" sizes=\"auto, (max-width: 1278px) 100vw, 1278px\" \/><\/a><\/figure><\/li><li class=\"blocks-gallery-item\"><figure><a href=\"https:\/\/urbeamea.ro\/albaiulia\/wp-content\/uploads\/2021\/09\/9-DOANA-ANA-MARIA.jpg\"><img loading=\"lazy\" decoding=\"async\" width=\"720\" height=\"1280\" src=\"https:\/\/urbeamea.ro\/albaiulia\/wp-content\/uploads\/2021\/09\/9-DOANA-ANA-MARIA-720x1280.jpg\" alt=\"\" data-id=\"98169\" data-full-url=\"https:\/\/urbeamea.ro\/albaiulia\/wp-content\/uploads\/2021\/09\/9-DOANA-ANA-MARIA.jpg\" data-link=\"https:\/\/urbeamea.ro\/albaiulia\/?attachment_id=98169\" class=\"wp-image-98169\" srcset=\"https:\/\/urbeamea.ro\/albaiulia\/wp-content\/uploads\/2021\/09\/9-DOANA-ANA-MARIA-720x1280.jpg 720w, https:\/\/urbeamea.ro\/albaiulia\/wp-content\/uploads\/2021\/09\/9-DOANA-ANA-MARIA-360x640.jpg 360w, https:\/\/urbeamea.ro\/albaiulia\/wp-content\/uploads\/2021\/09\/9-DOANA-ANA-MARIA-84x150.jpg 84w, https:\/\/urbeamea.ro\/albaiulia\/wp-content\/uploads\/2021\/09\/9-DOANA-ANA-MARIA.jpg 750w\" sizes=\"auto, (max-width: 720px) 100vw, 720px\" \/><\/a><\/figure><\/li><\/ul><\/figure>\n","protected":false},"excerpt":{"rendered":"<p>&#8222;Voices&#8221;, Festivalul Na\u021bional concurs de muzic\u0103 pop pentru tineri \u0219i studen\u021bi ajunge la edi\u021bia IX pe 23 \u0219i 24 septembrie la Casa de Cultur\u0103 a Studen\u021bilor 10 tineri \u0219i studen\u021bi se vor \u201ebate&#8221; pentru trofeul festivalului \u201eVOICES&#8222;, edi\u021bia a IX-a, care const\u0103 \u00eentr-un microfon digital \u00een valoare de 2000 de lei.\u00a0 Festivalul &#8211; concurs\u00a0organizat de &hellip;<\/p>\n","protected":false},"author":5,"featured_media":98170,"comment_status":"open","ping_status":"open","sticky":false,"template":"","format":"standard","meta":{"inline_featured_image":false,"footnotes":""},"categories":[4],"tags":[16265],"class_list":["post-98159","post","type-post","status-publish","format-standard","has-post-thumbnail","hentry","category-eveniment","tag-festivalul-voices"],"yoast_head":"<!-- This site is optimized with the Yoast SEO plugin v27.4 - https:\/\/yoast.com\/product\/yoast-seo-wordpress\/ -->\n<title>Festivalul &quot;Voices&quot; ajunge la edi\u021bia IX-a pe 23 \u0219i 24 septembrie la Casa de Cultur\u0103 a Studen\u021bilor - Revista Urbea Mea - Revista de Alba<\/title>\n<meta name=\"description\" content=\"&quot;Voices&quot;, Festivalul Na\u021bional concurs de muzic\u0103 pop pentru tineri \u0219i studen\u021bi ajunge la edi\u021bia IX pe 23 \u0219i 24 septembrie la Casa de Cultur\u0103 a Studen\u021bilor\" \/>\n<meta name=\"robots\" content=\"index, follow, max-snippet:-1, max-image-preview:large, max-video-preview:-1\" \/>\n<link rel=\"canonical\" href=\"https:\/\/urbeamea.ro\/albaiulia\/festivalul-voices-ajunge-la-editia-ix-a-pe-23-si-24-septembrie-la-casa-de-cultura-a-studentilor\/\" \/>\n<meta name=\"twitter:card\" content=\"summary_large_image\" \/>\n<meta name=\"twitter:title\" content=\"Festivalul &quot;Voices&quot; ajunge la edi\u021bia IX-a pe 23 \u0219i 24 septembrie la Casa de Cultur\u0103 a Studen\u021bilor - Revista Urbea Mea - Revista de Alba\" \/>\n<meta name=\"twitter:description\" content=\"&quot;Voices&quot;, Festivalul Na\u021bional concurs de muzic\u0103 pop pentru tineri \u0219i studen\u021bi ajunge la edi\u021bia IX pe 23 \u0219i 24 septembrie la Casa de Cultur\u0103 a Studen\u021bilor\" \/>\n<meta name=\"twitter:image\" content=\"https:\/\/urbeamea.ro\/albaiulia\/wp-content\/uploads\/2021\/09\/AFIS-VOICES-2021-1.jpg\" \/>\n<meta name=\"twitter:creator\" content=\"@urbeameaweb\" \/>\n<meta name=\"twitter:site\" content=\"@urbeameaweb\" \/>\n<script type=\"application\/ld+json\" class=\"yoast-schema-graph\">{\"@context\":\"https:\\\/\\\/schema.org\",\"@graph\":[{\"@type\":\"Article\",\"@id\":\"https:\\\/\\\/urbeamea.ro\\\/albaiulia\\\/festivalul-voices-ajunge-la-editia-ix-a-pe-23-si-24-septembrie-la-casa-de-cultura-a-studentilor\\\/#article\",\"isPartOf\":{\"@id\":\"https:\\\/\\\/urbeamea.ro\\\/albaiulia\\\/festivalul-voices-ajunge-la-editia-ix-a-pe-23-si-24-septembrie-la-casa-de-cultura-a-studentilor\\\/\"},\"author\":{\"name\":\"Bogdan P\u0103unescu\",\"@id\":\"https:\\\/\\\/urbeamea.ro\\\/albaiulia\\\/#\\\/schema\\\/person\\\/a115373ce8153754c6b084232d985956\"},\"headline\":\"Festivalul &#8222;Voices&#8221; ajunge la edi\u021bia IX-a pe 23 \u0219i 24 septembrie la Casa de Cultur\u0103 a Studen\u021bilor\",\"datePublished\":\"2021-09-22T18:49:50+00:00\",\"dateModified\":\"2021-09-22T18:49:52+00:00\",\"mainEntityOfPage\":{\"@id\":\"https:\\\/\\\/urbeamea.ro\\\/albaiulia\\\/festivalul-voices-ajunge-la-editia-ix-a-pe-23-si-24-septembrie-la-casa-de-cultura-a-studentilor\\\/\"},\"wordCount\":288,\"commentCount\":0,\"image\":{\"@id\":\"https:\\\/\\\/urbeamea.ro\\\/albaiulia\\\/festivalul-voices-ajunge-la-editia-ix-a-pe-23-si-24-septembrie-la-casa-de-cultura-a-studentilor\\\/#primaryimage\"},\"thumbnailUrl\":\"https:\\\/\\\/urbeamea.ro\\\/albaiulia\\\/wp-content\\\/uploads\\\/2021\\\/09\\\/AFIS-VOICES-2021-1.jpg\",\"keywords\":[\"festivalul voices\"],\"articleSection\":[\"Evenimente\"],\"inLanguage\":\"ro-RO\",\"potentialAction\":[{\"@type\":\"CommentAction\",\"name\":\"Comment\",\"target\":[\"https:\\\/\\\/urbeamea.ro\\\/albaiulia\\\/festivalul-voices-ajunge-la-editia-ix-a-pe-23-si-24-septembrie-la-casa-de-cultura-a-studentilor\\\/#respond\"]}]},{\"@type\":\"WebPage\",\"@id\":\"https:\\\/\\\/urbeamea.ro\\\/albaiulia\\\/festivalul-voices-ajunge-la-editia-ix-a-pe-23-si-24-septembrie-la-casa-de-cultura-a-studentilor\\\/\",\"url\":\"https:\\\/\\\/urbeamea.ro\\\/albaiulia\\\/festivalul-voices-ajunge-la-editia-ix-a-pe-23-si-24-septembrie-la-casa-de-cultura-a-studentilor\\\/\",\"name\":\"Festivalul \\\"Voices\\\" ajunge la edi\u021bia IX-a pe 23 \u0219i 24 septembrie la Casa de Cultur\u0103 a Studen\u021bilor - Revista Urbea Mea - Revista de Alba\",\"isPartOf\":{\"@id\":\"https:\\\/\\\/urbeamea.ro\\\/albaiulia\\\/#website\"},\"primaryImageOfPage\":{\"@id\":\"https:\\\/\\\/urbeamea.ro\\\/albaiulia\\\/festivalul-voices-ajunge-la-editia-ix-a-pe-23-si-24-septembrie-la-casa-de-cultura-a-studentilor\\\/#primaryimage\"},\"image\":{\"@id\":\"https:\\\/\\\/urbeamea.ro\\\/albaiulia\\\/festivalul-voices-ajunge-la-editia-ix-a-pe-23-si-24-septembrie-la-casa-de-cultura-a-studentilor\\\/#primaryimage\"},\"thumbnailUrl\":\"https:\\\/\\\/urbeamea.ro\\\/albaiulia\\\/wp-content\\\/uploads\\\/2021\\\/09\\\/AFIS-VOICES-2021-1.jpg\",\"datePublished\":\"2021-09-22T18:49:50+00:00\",\"dateModified\":\"2021-09-22T18:49:52+00:00\",\"author\":{\"@id\":\"https:\\\/\\\/urbeamea.ro\\\/albaiulia\\\/#\\\/schema\\\/person\\\/a115373ce8153754c6b084232d985956\"},\"description\":\"\\\"Voices\\\", Festivalul Na\u021bional concurs de muzic\u0103 pop pentru tineri \u0219i studen\u021bi ajunge la edi\u021bia IX pe 23 \u0219i 24 septembrie la Casa de Cultur\u0103 a Studen\u021bilor\",\"breadcrumb\":{\"@id\":\"https:\\\/\\\/urbeamea.ro\\\/albaiulia\\\/festivalul-voices-ajunge-la-editia-ix-a-pe-23-si-24-septembrie-la-casa-de-cultura-a-studentilor\\\/#breadcrumb\"},\"inLanguage\":\"ro-RO\",\"potentialAction\":[{\"@type\":\"ReadAction\",\"target\":[\"https:\\\/\\\/urbeamea.ro\\\/albaiulia\\\/festivalul-voices-ajunge-la-editia-ix-a-pe-23-si-24-septembrie-la-casa-de-cultura-a-studentilor\\\/\"]}]},{\"@type\":\"ImageObject\",\"inLanguage\":\"ro-RO\",\"@id\":\"https:\\\/\\\/urbeamea.ro\\\/albaiulia\\\/festivalul-voices-ajunge-la-editia-ix-a-pe-23-si-24-septembrie-la-casa-de-cultura-a-studentilor\\\/#primaryimage\",\"url\":\"https:\\\/\\\/urbeamea.ro\\\/albaiulia\\\/wp-content\\\/uploads\\\/2021\\\/09\\\/AFIS-VOICES-2021-1.jpg\",\"contentUrl\":\"https:\\\/\\\/urbeamea.ro\\\/albaiulia\\\/wp-content\\\/uploads\\\/2021\\\/09\\\/AFIS-VOICES-2021-1.jpg\",\"width\":1130,\"height\":1600},{\"@type\":\"BreadcrumbList\",\"@id\":\"https:\\\/\\\/urbeamea.ro\\\/albaiulia\\\/festivalul-voices-ajunge-la-editia-ix-a-pe-23-si-24-septembrie-la-casa-de-cultura-a-studentilor\\\/#breadcrumb\",\"itemListElement\":[{\"@type\":\"ListItem\",\"position\":1,\"name\":\"Prima pagin\u0103\",\"item\":\"https:\\\/\\\/urbeamea.ro\\\/albaiulia\\\/\"},{\"@type\":\"ListItem\",\"position\":2,\"name\":\"Festivalul &#8222;Voices&#8221; ajunge la edi\u021bia IX-a pe 23 \u0219i 24 septembrie la Casa de Cultur\u0103 a Studen\u021bilor\"}]},{\"@type\":\"WebSite\",\"@id\":\"https:\\\/\\\/urbeamea.ro\\\/albaiulia\\\/#website\",\"url\":\"https:\\\/\\\/urbeamea.ro\\\/albaiulia\\\/\",\"name\":\"Revista Urbea Mea, Stiri urbane\",\"description\":\"Evenimente \u0219i \u0219tiri din Alba Iulia, Sebe\u0219, Aiud, Blaj\",\"potentialAction\":[{\"@type\":\"SearchAction\",\"target\":{\"@type\":\"EntryPoint\",\"urlTemplate\":\"https:\\\/\\\/urbeamea.ro\\\/albaiulia\\\/?s={search_term_string}\"},\"query-input\":{\"@type\":\"PropertyValueSpecification\",\"valueRequired\":true,\"valueName\":\"search_term_string\"}}],\"inLanguage\":\"ro-RO\"},{\"@type\":\"Person\",\"@id\":\"https:\\\/\\\/urbeamea.ro\\\/albaiulia\\\/#\\\/schema\\\/person\\\/a115373ce8153754c6b084232d985956\",\"name\":\"Bogdan P\u0103unescu\",\"image\":{\"@type\":\"ImageObject\",\"inLanguage\":\"ro-RO\",\"@id\":\"https:\\\/\\\/secure.gravatar.com\\\/avatar\\\/f72aa881b5a32ea110a53aabc2049429e3ff68fcb09d283722d01fbf330e9dd9?s=96&d=mm&r=g\",\"url\":\"https:\\\/\\\/secure.gravatar.com\\\/avatar\\\/f72aa881b5a32ea110a53aabc2049429e3ff68fcb09d283722d01fbf330e9dd9?s=96&d=mm&r=g\",\"contentUrl\":\"https:\\\/\\\/secure.gravatar.com\\\/avatar\\\/f72aa881b5a32ea110a53aabc2049429e3ff68fcb09d283722d01fbf330e9dd9?s=96&d=mm&r=g\",\"caption\":\"Bogdan P\u0103unescu\"},\"description\":\"\u00cemi place tot ceea ce este legat de web \u015fi ajut la dezvoltarea \u015fi \u00eembun\u0103t\u0103\u0163irea lui prin tot ceea ce fac.\",\"sameAs\":[\"https:\\\/\\\/www.artonmedia.ro\",\"https:\\\/\\\/www.facebook.com\\\/bogdanvpaunescu\"],\"url\":\"https:\\\/\\\/urbeamea.ro\\\/albaiulia\\\/author\\\/bogdan-paunescu\\\/\"}]}<\/script>\n<!-- \/ Yoast SEO plugin. -->","yoast_head_json":{"title":"Festivalul \"Voices\" ajunge la edi\u021bia IX-a pe 23 \u0219i 24 septembrie la Casa de Cultur\u0103 a Studen\u021bilor - Revista Urbea Mea - Revista de Alba","description":"\"Voices\", Festivalul Na\u021bional concurs de muzic\u0103 pop pentru tineri \u0219i studen\u021bi ajunge la edi\u021bia IX pe 23 \u0219i 24 septembrie la Casa de Cultur\u0103 a Studen\u021bilor","robots":{"index":"index","follow":"follow","max-snippet":"max-snippet:-1","max-image-preview":"max-image-preview:large","max-video-preview":"max-video-preview:-1"},"canonical":"https:\/\/urbeamea.ro\/albaiulia\/festivalul-voices-ajunge-la-editia-ix-a-pe-23-si-24-septembrie-la-casa-de-cultura-a-studentilor\/","twitter_card":"summary_large_image","twitter_title":"Festivalul \"Voices\" ajunge la edi\u021bia IX-a pe 23 \u0219i 24 septembrie la Casa de Cultur\u0103 a Studen\u021bilor - Revista Urbea Mea - Revista de Alba","twitter_description":"\"Voices\", Festivalul Na\u021bional concurs de muzic\u0103 pop pentru tineri \u0219i studen\u021bi ajunge la edi\u021bia IX pe 23 \u0219i 24 septembrie la Casa de Cultur\u0103 a Studen\u021bilor","twitter_image":"https:\/\/urbeamea.ro\/albaiulia\/wp-content\/uploads\/2021\/09\/AFIS-VOICES-2021-1.jpg","twitter_creator":"@urbeameaweb","twitter_site":"@urbeameaweb","schema":{"@context":"https:\/\/schema.org","@graph":[{"@type":"Article","@id":"https:\/\/urbeamea.ro\/albaiulia\/festivalul-voices-ajunge-la-editia-ix-a-pe-23-si-24-septembrie-la-casa-de-cultura-a-studentilor\/#article","isPartOf":{"@id":"https:\/\/urbeamea.ro\/albaiulia\/festivalul-voices-ajunge-la-editia-ix-a-pe-23-si-24-septembrie-la-casa-de-cultura-a-studentilor\/"},"author":{"name":"Bogdan P\u0103unescu","@id":"https:\/\/urbeamea.ro\/albaiulia\/#\/schema\/person\/a115373ce8153754c6b084232d985956"},"headline":"Festivalul &#8222;Voices&#8221; ajunge la edi\u021bia IX-a pe 23 \u0219i 24 septembrie la Casa de Cultur\u0103 a Studen\u021bilor","datePublished":"2021-09-22T18:49:50+00:00","dateModified":"2021-09-22T18:49:52+00:00","mainEntityOfPage":{"@id":"https:\/\/urbeamea.ro\/albaiulia\/festivalul-voices-ajunge-la-editia-ix-a-pe-23-si-24-septembrie-la-casa-de-cultura-a-studentilor\/"},"wordCount":288,"commentCount":0,"image":{"@id":"https:\/\/urbeamea.ro\/albaiulia\/festivalul-voices-ajunge-la-editia-ix-a-pe-23-si-24-septembrie-la-casa-de-cultura-a-studentilor\/#primaryimage"},"thumbnailUrl":"https:\/\/urbeamea.ro\/albaiulia\/wp-content\/uploads\/2021\/09\/AFIS-VOICES-2021-1.jpg","keywords":["festivalul voices"],"articleSection":["Evenimente"],"inLanguage":"ro-RO","potentialAction":[{"@type":"CommentAction","name":"Comment","target":["https:\/\/urbeamea.ro\/albaiulia\/festivalul-voices-ajunge-la-editia-ix-a-pe-23-si-24-septembrie-la-casa-de-cultura-a-studentilor\/#respond"]}]},{"@type":"WebPage","@id":"https:\/\/urbeamea.ro\/albaiulia\/festivalul-voices-ajunge-la-editia-ix-a-pe-23-si-24-septembrie-la-casa-de-cultura-a-studentilor\/","url":"https:\/\/urbeamea.ro\/albaiulia\/festivalul-voices-ajunge-la-editia-ix-a-pe-23-si-24-septembrie-la-casa-de-cultura-a-studentilor\/","name":"Festivalul \"Voices\" ajunge la edi\u021bia IX-a pe 23 \u0219i 24 septembrie la Casa de Cultur\u0103 a Studen\u021bilor - Revista Urbea Mea - Revista de Alba","isPartOf":{"@id":"https:\/\/urbeamea.ro\/albaiulia\/#website"},"primaryImageOfPage":{"@id":"https:\/\/urbeamea.ro\/albaiulia\/festivalul-voices-ajunge-la-editia-ix-a-pe-23-si-24-septembrie-la-casa-de-cultura-a-studentilor\/#primaryimage"},"image":{"@id":"https:\/\/urbeamea.ro\/albaiulia\/festivalul-voices-ajunge-la-editia-ix-a-pe-23-si-24-septembrie-la-casa-de-cultura-a-studentilor\/#primaryimage"},"thumbnailUrl":"https:\/\/urbeamea.ro\/albaiulia\/wp-content\/uploads\/2021\/09\/AFIS-VOICES-2021-1.jpg","datePublished":"2021-09-22T18:49:50+00:00","dateModified":"2021-09-22T18:49:52+00:00","author":{"@id":"https:\/\/urbeamea.ro\/albaiulia\/#\/schema\/person\/a115373ce8153754c6b084232d985956"},"description":"\"Voices\", Festivalul Na\u021bional concurs de muzic\u0103 pop pentru tineri \u0219i studen\u021bi ajunge la edi\u021bia IX pe 23 \u0219i 24 septembrie la Casa de Cultur\u0103 a Studen\u021bilor","breadcrumb":{"@id":"https:\/\/urbeamea.ro\/albaiulia\/festivalul-voices-ajunge-la-editia-ix-a-pe-23-si-24-septembrie-la-casa-de-cultura-a-studentilor\/#breadcrumb"},"inLanguage":"ro-RO","potentialAction":[{"@type":"ReadAction","target":["https:\/\/urbeamea.ro\/albaiulia\/festivalul-voices-ajunge-la-editia-ix-a-pe-23-si-24-septembrie-la-casa-de-cultura-a-studentilor\/"]}]},{"@type":"ImageObject","inLanguage":"ro-RO","@id":"https:\/\/urbeamea.ro\/albaiulia\/festivalul-voices-ajunge-la-editia-ix-a-pe-23-si-24-septembrie-la-casa-de-cultura-a-studentilor\/#primaryimage","url":"https:\/\/urbeamea.ro\/albaiulia\/wp-content\/uploads\/2021\/09\/AFIS-VOICES-2021-1.jpg","contentUrl":"https:\/\/urbeamea.ro\/albaiulia\/wp-content\/uploads\/2021\/09\/AFIS-VOICES-2021-1.jpg","width":1130,"height":1600},{"@type":"BreadcrumbList","@id":"https:\/\/urbeamea.ro\/albaiulia\/festivalul-voices-ajunge-la-editia-ix-a-pe-23-si-24-septembrie-la-casa-de-cultura-a-studentilor\/#breadcrumb","itemListElement":[{"@type":"ListItem","position":1,"name":"Prima pagin\u0103","item":"https:\/\/urbeamea.ro\/albaiulia\/"},{"@type":"ListItem","position":2,"name":"Festivalul &#8222;Voices&#8221; ajunge la edi\u021bia IX-a pe 23 \u0219i 24 septembrie la Casa de Cultur\u0103 a Studen\u021bilor"}]},{"@type":"WebSite","@id":"https:\/\/urbeamea.ro\/albaiulia\/#website","url":"https:\/\/urbeamea.ro\/albaiulia\/","name":"Revista Urbea Mea, Stiri urbane","description":"Evenimente \u0219i \u0219tiri din Alba Iulia, Sebe\u0219, Aiud, Blaj","potentialAction":[{"@type":"SearchAction","target":{"@type":"EntryPoint","urlTemplate":"https:\/\/urbeamea.ro\/albaiulia\/?s={search_term_string}"},"query-input":{"@type":"PropertyValueSpecification","valueRequired":true,"valueName":"search_term_string"}}],"inLanguage":"ro-RO"},{"@type":"Person","@id":"https:\/\/urbeamea.ro\/albaiulia\/#\/schema\/person\/a115373ce8153754c6b084232d985956","name":"Bogdan P\u0103unescu","image":{"@type":"ImageObject","inLanguage":"ro-RO","@id":"https:\/\/secure.gravatar.com\/avatar\/f72aa881b5a32ea110a53aabc2049429e3ff68fcb09d283722d01fbf330e9dd9?s=96&d=mm&r=g","url":"https:\/\/secure.gravatar.com\/avatar\/f72aa881b5a32ea110a53aabc2049429e3ff68fcb09d283722d01fbf330e9dd9?s=96&d=mm&r=g","contentUrl":"https:\/\/secure.gravatar.com\/avatar\/f72aa881b5a32ea110a53aabc2049429e3ff68fcb09d283722d01fbf330e9dd9?s=96&d=mm&r=g","caption":"Bogdan P\u0103unescu"},"description":"\u00cemi place tot ceea ce este legat de web \u015fi ajut la dezvoltarea \u015fi \u00eembun\u0103t\u0103\u0163irea lui prin tot ceea ce fac.","sameAs":["https:\/\/www.artonmedia.ro","https:\/\/www.facebook.com\/bogdanvpaunescu"],"url":"https:\/\/urbeamea.ro\/albaiulia\/author\/bogdan-paunescu\/"}]}},"_links":{"self":[{"href":"https:\/\/urbeamea.ro\/albaiulia\/wp-json\/wp\/v2\/posts\/98159","targetHints":{"allow":["GET"]}}],"collection":[{"href":"https:\/\/urbeamea.ro\/albaiulia\/wp-json\/wp\/v2\/posts"}],"about":[{"href":"https:\/\/urbeamea.ro\/albaiulia\/wp-json\/wp\/v2\/types\/post"}],"author":[{"embeddable":true,"href":"https:\/\/urbeamea.ro\/albaiulia\/wp-json\/wp\/v2\/users\/5"}],"replies":[{"embeddable":true,"href":"https:\/\/urbeamea.ro\/albaiulia\/wp-json\/wp\/v2\/comments?post=98159"}],"version-history":[{"count":1,"href":"https:\/\/urbeamea.ro\/albaiulia\/wp-json\/wp\/v2\/posts\/98159\/revisions"}],"predecessor-version":[{"id":98171,"href":"https:\/\/urbeamea.ro\/albaiulia\/wp-json\/wp\/v2\/posts\/98159\/revisions\/98171"}],"wp:featuredmedia":[{"embeddable":true,"href":"https:\/\/urbeamea.ro\/albaiulia\/wp-json\/wp\/v2\/media\/98170"}],"wp:attachment":[{"href":"https:\/\/urbeamea.ro\/albaiulia\/wp-json\/wp\/v2\/media?parent=98159"}],"wp:term":[{"taxonomy":"category","embeddable":true,"href":"https:\/\/urbeamea.ro\/albaiulia\/wp-json\/wp\/v2\/categories?post=98159"},{"taxonomy":"post_tag","embeddable":true,"href":"https:\/\/urbeamea.ro\/albaiulia\/wp-json\/wp\/v2\/tags?post=98159"}],"curies":[{"name":"wp","href":"https:\/\/api.w.org\/{rel}","templated":true}]}}