{"id":98539,"date":"2021-10-18T11:54:52","date_gmt":"2021-10-18T08:54:52","guid":{"rendered":"https:\/\/urbeamea.ro\/albaiulia\/?p=98539"},"modified":"2021-10-18T11:54:55","modified_gmt":"2021-10-18T08:54:55","slug":"atelierele-creativ-educative-scoala-bobocilor-dau-contur-unei-frumoase-povesti-de-toamna-la-biblioteca-din-sebes","status":"publish","type":"post","link":"https:\/\/urbeamea.ro\/albaiulia\/atelierele-creativ-educative-scoala-bobocilor-dau-contur-unei-frumoase-povesti-de-toamna-la-biblioteca-din-sebes\/","title":{"rendered":"Atelierele creativ-educative \u201e\u0218coala bobocilor&#8221; dau contur unei frumoase pove\u0219ti de toamn\u0103 la biblioteca din Sebe\u0219"},"content":{"rendered":"\n<h3 class=\"wp-block-heading\">Centrul Cultural \u201eLucian Blaga&#8221; din Sebe\u0219, sub cupola c\u0103ruia func\u021bioneaz\u0103 Biblioteca Municipal\u0103 \u201eLucian Blaga&#8221;, a sus\u021binut \u0219i \u00een acest an un proiect educativ sub forma unor ateliere creativ-educative \u00een care pove\u0219tile toamnei sunt descoperite al\u0103turi de cei mai mici cititori ai no\u0219tri.<\/h3>\n\n\n\n<p>La Sebe\u0219, anotimpurile ne inspir\u0103 \u0219i vin cu activit\u0103\u021bi atractive. Aducem culorile toamnei \u00een m\u00e2inile copiilor pentru a le pune la \u00eencercare imagina\u021bia, spiritul creativ \u0219i \u00eendem\u00e2narea prin lectur\u0103 \u0219i diverse activit\u0103\u021bi.<\/p>\n\n\n\n<p>Luna octombrie este dedicat\u0103 pre\u0219colarilor, elevilor \u0219i tinerilor din municipiul Sebe\u0219 \u0219i \u00eemprejurimi prin proiectul \u201e\u0218coala bobocilor. Atelierele toamnei de poveste&#8221;, ajuns la cea de-a III-a edi\u021bie \u00een acest an, program care completeaz\u0103 portofoliul educa\u021bional al copilului.<\/p>\n\n\n\n<p>Ne-am dorit s\u0103 intr\u0103m \u00een atmosfera de toamn\u0103, \u00eentr-un mod inedit, prin lectur\u0103 \u0219i creativitate al\u0103turi de partenerii no\u0219tri: Centrul de zi pentru Persoane Adulte cu Dizabilit\u0103\u021bi Sebe\u0219, Centrul de zi pentru Copii cu Dizabilit\u0103\u021bi Sebe\u0219, Gr\u0103dini\u021ba cu Program Normal nr. 6 Sebe\u0219, Liceul Tehnologic Sebe\u0219-\u0218coala Gimnazial\u0103 \u201eSilviu C\u0103rpini\u0219ianu&#8221; Sebe\u0219, Gr\u0103dini\u021ba cu Program Normal Sebe\u0219el \u0219i \u0218coala Gimnazial\u0103 Nr. 2 Sebe\u0219.<\/p>\n\n\n\n<p>Gazda primitoare a fost Muzeul Municipal \u201eIoan Raica&#8221;, care le-a oferit tinerilor participan\u021bi ocazia de a vizita una din cele mai atractive expozi\u021bii de \u0219tiin\u021bele naturii din \u021bar\u0103 care, din fericire, se afl\u0103 la Sebe\u0219.<\/p>\n\n\n\n<p>Activit\u0103\u021bile din cadrul programului sunt sus\u021binute de Prim\u0103ria \u0219i Consiliul Local al Municipiului Sebe\u0219 \u0219i organizate de Centrul Cultural \u201eLucian Blaga&#8221; Sebe\u0219 \u0219i Biblioteca Municipal\u0103 \u201eLucian Blaga&#8221; Sebe\u0219.<\/p>\n\n\n\n<figure class=\"wp-block-gallery columns-3 is-cropped wp-block-gallery-1 is-layout-flex wp-block-gallery-is-layout-flex\"><ul class=\"blocks-gallery-grid\"><li class=\"blocks-gallery-item\"><figure><img loading=\"lazy\" decoding=\"async\" width=\"1280\" height=\"622\" src=\"https:\/\/urbeamea.ro\/albaiulia\/wp-content\/uploads\/2021\/10\/244469020_4442427465793740_9214899348138971503_n-1280x622.jpg\" alt=\"\" data-id=\"98541\" data-full-url=\"https:\/\/urbeamea.ro\/albaiulia\/wp-content\/uploads\/2021\/10\/244469020_4442427465793740_9214899348138971503_n.jpg\" data-link=\"https:\/\/urbeamea.ro\/albaiulia\/?attachment_id=98541\" class=\"wp-image-98541\" srcset=\"https:\/\/urbeamea.ro\/albaiulia\/wp-content\/uploads\/2021\/10\/244469020_4442427465793740_9214899348138971503_n-1280x622.jpg 1280w, https:\/\/urbeamea.ro\/albaiulia\/wp-content\/uploads\/2021\/10\/244469020_4442427465793740_9214899348138971503_n-640x311.jpg 640w, https:\/\/urbeamea.ro\/albaiulia\/wp-content\/uploads\/2021\/10\/244469020_4442427465793740_9214899348138971503_n-150x73.jpg 150w, https:\/\/urbeamea.ro\/albaiulia\/wp-content\/uploads\/2021\/10\/244469020_4442427465793740_9214899348138971503_n-768x373.jpg 768w, https:\/\/urbeamea.ro\/albaiulia\/wp-content\/uploads\/2021\/10\/244469020_4442427465793740_9214899348138971503_n-1536x746.jpg 1536w, https:\/\/urbeamea.ro\/albaiulia\/wp-content\/uploads\/2021\/10\/244469020_4442427465793740_9214899348138971503_n.jpg 1600w\" sizes=\"auto, (max-width: 1280px) 100vw, 1280px\" \/><\/figure><\/li><li class=\"blocks-gallery-item\"><figure><img loading=\"lazy\" decoding=\"async\" width=\"1280\" height=\"622\" src=\"https:\/\/urbeamea.ro\/albaiulia\/wp-content\/uploads\/2021\/10\/244422277_4455261437843676_8000099645731172234_n-1280x622.jpg\" alt=\"\" data-id=\"98542\" data-full-url=\"https:\/\/urbeamea.ro\/albaiulia\/wp-content\/uploads\/2021\/10\/244422277_4455261437843676_8000099645731172234_n.jpg\" data-link=\"https:\/\/urbeamea.ro\/albaiulia\/?attachment_id=98542\" class=\"wp-image-98542\" srcset=\"https:\/\/urbeamea.ro\/albaiulia\/wp-content\/uploads\/2021\/10\/244422277_4455261437843676_8000099645731172234_n-1280x622.jpg 1280w, https:\/\/urbeamea.ro\/albaiulia\/wp-content\/uploads\/2021\/10\/244422277_4455261437843676_8000099645731172234_n-640x311.jpg 640w, https:\/\/urbeamea.ro\/albaiulia\/wp-content\/uploads\/2021\/10\/244422277_4455261437843676_8000099645731172234_n-150x73.jpg 150w, https:\/\/urbeamea.ro\/albaiulia\/wp-content\/uploads\/2021\/10\/244422277_4455261437843676_8000099645731172234_n-768x373.jpg 768w, https:\/\/urbeamea.ro\/albaiulia\/wp-content\/uploads\/2021\/10\/244422277_4455261437843676_8000099645731172234_n-1536x746.jpg 1536w, https:\/\/urbeamea.ro\/albaiulia\/wp-content\/uploads\/2021\/10\/244422277_4455261437843676_8000099645731172234_n.jpg 1600w\" sizes=\"auto, (max-width: 1280px) 100vw, 1280px\" \/><\/figure><\/li><li class=\"blocks-gallery-item\"><figure><img loading=\"lazy\" decoding=\"async\" width=\"1280\" height=\"622\" src=\"https:\/\/urbeamea.ro\/albaiulia\/wp-content\/uploads\/2021\/10\/243737404_4432876506748836_69787232979334755_n-1280x622.jpg\" alt=\"\" data-id=\"98543\" data-full-url=\"https:\/\/urbeamea.ro\/albaiulia\/wp-content\/uploads\/2021\/10\/243737404_4432876506748836_69787232979334755_n.jpg\" data-link=\"https:\/\/urbeamea.ro\/albaiulia\/?attachment_id=98543\" class=\"wp-image-98543\" srcset=\"https:\/\/urbeamea.ro\/albaiulia\/wp-content\/uploads\/2021\/10\/243737404_4432876506748836_69787232979334755_n-1280x622.jpg 1280w, https:\/\/urbeamea.ro\/albaiulia\/wp-content\/uploads\/2021\/10\/243737404_4432876506748836_69787232979334755_n-640x311.jpg 640w, https:\/\/urbeamea.ro\/albaiulia\/wp-content\/uploads\/2021\/10\/243737404_4432876506748836_69787232979334755_n-150x73.jpg 150w, https:\/\/urbeamea.ro\/albaiulia\/wp-content\/uploads\/2021\/10\/243737404_4432876506748836_69787232979334755_n-768x373.jpg 768w, https:\/\/urbeamea.ro\/albaiulia\/wp-content\/uploads\/2021\/10\/243737404_4432876506748836_69787232979334755_n-1536x746.jpg 1536w, https:\/\/urbeamea.ro\/albaiulia\/wp-content\/uploads\/2021\/10\/243737404_4432876506748836_69787232979334755_n.jpg 1600w\" sizes=\"auto, (max-width: 1280px) 100vw, 1280px\" \/><\/figure><\/li><\/ul><\/figure>\n","protected":false},"excerpt":{"rendered":"<p>Centrul Cultural \u201eLucian Blaga&#8221; din Sebe\u0219, sub cupola c\u0103ruia func\u021bioneaz\u0103 Biblioteca Municipal\u0103 \u201eLucian Blaga&#8221;, a sus\u021binut \u0219i \u00een acest an un proiect educativ sub forma unor ateliere creativ-educative \u00een care pove\u0219tile toamnei sunt descoperite al\u0103turi de cei mai mici cititori ai no\u0219tri. La Sebe\u0219, anotimpurile ne inspir\u0103 \u0219i vin cu activit\u0103\u021bi atractive. Aducem culorile toamnei &hellip;<\/p>\n","protected":false},"author":5,"featured_media":98540,"comment_status":"open","ping_status":"open","sticky":false,"template":"","format":"standard","meta":{"inline_featured_image":false,"footnotes":""},"categories":[2035],"tags":[],"class_list":["post-98539","post","type-post","status-publish","format-standard","has-post-thumbnail","hentry","category-administratie"],"yoast_head":"<!-- This site is optimized with the Yoast SEO plugin v27.4 - https:\/\/yoast.com\/product\/yoast-seo-wordpress\/ -->\n<title>Atelierele creativ-educative \u201e\u0218coala bobocilor&quot; dau contur unei frumoase pove\u0219ti de toamn\u0103 la biblioteca din Sebe\u0219 - Revista Urbea Mea - Revista de Alba<\/title>\n<meta name=\"description\" content=\"Centrul Cultural \u201eLucian Blaga&quot; din Sebe\u0219, sub cupola c\u0103ruia func\u021bioneaz\u0103 Biblioteca Municipal\u0103 \u201eLucian Blaga&quot;, a sus\u021binut \u0219i \u00een acest an un proiect\" \/>\n<meta name=\"robots\" content=\"index, follow, max-snippet:-1, max-image-preview:large, max-video-preview:-1\" \/>\n<link rel=\"canonical\" href=\"https:\/\/urbeamea.ro\/albaiulia\/atelierele-creativ-educative-scoala-bobocilor-dau-contur-unei-frumoase-povesti-de-toamna-la-biblioteca-din-sebes\/\" \/>\n<meta name=\"twitter:card\" content=\"summary_large_image\" \/>\n<meta name=\"twitter:title\" content=\"Atelierele creativ-educative \u201e\u0218coala bobocilor&quot; dau contur unei frumoase pove\u0219ti de toamn\u0103 la biblioteca din Sebe\u0219 - Revista Urbea Mea - Revista de Alba\" \/>\n<meta name=\"twitter:description\" content=\"Centrul Cultural \u201eLucian Blaga&quot; din Sebe\u0219, sub cupola c\u0103ruia func\u021bioneaz\u0103 Biblioteca Municipal\u0103 \u201eLucian Blaga&quot;, a sus\u021binut \u0219i \u00een acest an un proiect\" \/>\n<meta name=\"twitter:image\" content=\"https:\/\/urbeamea.ro\/albaiulia\/wp-content\/uploads\/2021\/10\/245223527_4442427519127068_5668651224180977750_n.jpg\" \/>\n<meta name=\"twitter:creator\" content=\"@urbeameaweb\" \/>\n<meta name=\"twitter:site\" content=\"@urbeameaweb\" \/>\n<script type=\"application\/ld+json\" class=\"yoast-schema-graph\">{\"@context\":\"https:\\\/\\\/schema.org\",\"@graph\":[{\"@type\":\"Article\",\"@id\":\"https:\\\/\\\/urbeamea.ro\\\/albaiulia\\\/atelierele-creativ-educative-scoala-bobocilor-dau-contur-unei-frumoase-povesti-de-toamna-la-biblioteca-din-sebes\\\/#article\",\"isPartOf\":{\"@id\":\"https:\\\/\\\/urbeamea.ro\\\/albaiulia\\\/atelierele-creativ-educative-scoala-bobocilor-dau-contur-unei-frumoase-povesti-de-toamna-la-biblioteca-din-sebes\\\/\"},\"author\":{\"name\":\"Bogdan P\u0103unescu\",\"@id\":\"https:\\\/\\\/urbeamea.ro\\\/albaiulia\\\/#\\\/schema\\\/person\\\/a115373ce8153754c6b084232d985956\"},\"headline\":\"Atelierele creativ-educative \u201e\u0218coala bobocilor&#8221; dau contur unei frumoase pove\u0219ti de toamn\u0103 la biblioteca din Sebe\u0219\",\"datePublished\":\"2021-10-18T08:54:52+00:00\",\"dateModified\":\"2021-10-18T08:54:55+00:00\",\"mainEntityOfPage\":{\"@id\":\"https:\\\/\\\/urbeamea.ro\\\/albaiulia\\\/atelierele-creativ-educative-scoala-bobocilor-dau-contur-unei-frumoase-povesti-de-toamna-la-biblioteca-din-sebes\\\/\"},\"wordCount\":283,\"commentCount\":0,\"image\":{\"@id\":\"https:\\\/\\\/urbeamea.ro\\\/albaiulia\\\/atelierele-creativ-educative-scoala-bobocilor-dau-contur-unei-frumoase-povesti-de-toamna-la-biblioteca-din-sebes\\\/#primaryimage\"},\"thumbnailUrl\":\"https:\\\/\\\/urbeamea.ro\\\/albaiulia\\\/wp-content\\\/uploads\\\/2021\\\/10\\\/245223527_4442427519127068_5668651224180977750_n.jpg\",\"articleSection\":[\"Administra\u021bie\"],\"inLanguage\":\"ro-RO\",\"potentialAction\":[{\"@type\":\"CommentAction\",\"name\":\"Comment\",\"target\":[\"https:\\\/\\\/urbeamea.ro\\\/albaiulia\\\/atelierele-creativ-educative-scoala-bobocilor-dau-contur-unei-frumoase-povesti-de-toamna-la-biblioteca-din-sebes\\\/#respond\"]}]},{\"@type\":\"WebPage\",\"@id\":\"https:\\\/\\\/urbeamea.ro\\\/albaiulia\\\/atelierele-creativ-educative-scoala-bobocilor-dau-contur-unei-frumoase-povesti-de-toamna-la-biblioteca-din-sebes\\\/\",\"url\":\"https:\\\/\\\/urbeamea.ro\\\/albaiulia\\\/atelierele-creativ-educative-scoala-bobocilor-dau-contur-unei-frumoase-povesti-de-toamna-la-biblioteca-din-sebes\\\/\",\"name\":\"Atelierele creativ-educative \u201e\u0218coala bobocilor\\\" dau contur unei frumoase pove\u0219ti de toamn\u0103 la biblioteca din Sebe\u0219 - Revista Urbea Mea - Revista de Alba\",\"isPartOf\":{\"@id\":\"https:\\\/\\\/urbeamea.ro\\\/albaiulia\\\/#website\"},\"primaryImageOfPage\":{\"@id\":\"https:\\\/\\\/urbeamea.ro\\\/albaiulia\\\/atelierele-creativ-educative-scoala-bobocilor-dau-contur-unei-frumoase-povesti-de-toamna-la-biblioteca-din-sebes\\\/#primaryimage\"},\"image\":{\"@id\":\"https:\\\/\\\/urbeamea.ro\\\/albaiulia\\\/atelierele-creativ-educative-scoala-bobocilor-dau-contur-unei-frumoase-povesti-de-toamna-la-biblioteca-din-sebes\\\/#primaryimage\"},\"thumbnailUrl\":\"https:\\\/\\\/urbeamea.ro\\\/albaiulia\\\/wp-content\\\/uploads\\\/2021\\\/10\\\/245223527_4442427519127068_5668651224180977750_n.jpg\",\"datePublished\":\"2021-10-18T08:54:52+00:00\",\"dateModified\":\"2021-10-18T08:54:55+00:00\",\"author\":{\"@id\":\"https:\\\/\\\/urbeamea.ro\\\/albaiulia\\\/#\\\/schema\\\/person\\\/a115373ce8153754c6b084232d985956\"},\"description\":\"Centrul Cultural \u201eLucian Blaga\\\" din Sebe\u0219, sub cupola c\u0103ruia func\u021bioneaz\u0103 Biblioteca Municipal\u0103 \u201eLucian Blaga\\\", a sus\u021binut \u0219i \u00een acest an un proiect\",\"breadcrumb\":{\"@id\":\"https:\\\/\\\/urbeamea.ro\\\/albaiulia\\\/atelierele-creativ-educative-scoala-bobocilor-dau-contur-unei-frumoase-povesti-de-toamna-la-biblioteca-din-sebes\\\/#breadcrumb\"},\"inLanguage\":\"ro-RO\",\"potentialAction\":[{\"@type\":\"ReadAction\",\"target\":[\"https:\\\/\\\/urbeamea.ro\\\/albaiulia\\\/atelierele-creativ-educative-scoala-bobocilor-dau-contur-unei-frumoase-povesti-de-toamna-la-biblioteca-din-sebes\\\/\"]}]},{\"@type\":\"ImageObject\",\"inLanguage\":\"ro-RO\",\"@id\":\"https:\\\/\\\/urbeamea.ro\\\/albaiulia\\\/atelierele-creativ-educative-scoala-bobocilor-dau-contur-unei-frumoase-povesti-de-toamna-la-biblioteca-din-sebes\\\/#primaryimage\",\"url\":\"https:\\\/\\\/urbeamea.ro\\\/albaiulia\\\/wp-content\\\/uploads\\\/2021\\\/10\\\/245223527_4442427519127068_5668651224180977750_n.jpg\",\"contentUrl\":\"https:\\\/\\\/urbeamea.ro\\\/albaiulia\\\/wp-content\\\/uploads\\\/2021\\\/10\\\/245223527_4442427519127068_5668651224180977750_n.jpg\",\"width\":1976,\"height\":960},{\"@type\":\"BreadcrumbList\",\"@id\":\"https:\\\/\\\/urbeamea.ro\\\/albaiulia\\\/atelierele-creativ-educative-scoala-bobocilor-dau-contur-unei-frumoase-povesti-de-toamna-la-biblioteca-din-sebes\\\/#breadcrumb\",\"itemListElement\":[{\"@type\":\"ListItem\",\"position\":1,\"name\":\"Prima pagin\u0103\",\"item\":\"https:\\\/\\\/urbeamea.ro\\\/albaiulia\\\/\"},{\"@type\":\"ListItem\",\"position\":2,\"name\":\"Atelierele creativ-educative \u201e\u0218coala bobocilor&#8221; dau contur unei frumoase pove\u0219ti de toamn\u0103 la biblioteca din Sebe\u0219\"}]},{\"@type\":\"WebSite\",\"@id\":\"https:\\\/\\\/urbeamea.ro\\\/albaiulia\\\/#website\",\"url\":\"https:\\\/\\\/urbeamea.ro\\\/albaiulia\\\/\",\"name\":\"Revista Urbea Mea, Stiri urbane\",\"description\":\"Evenimente \u0219i \u0219tiri din Alba Iulia, Sebe\u0219, Aiud, Blaj\",\"potentialAction\":[{\"@type\":\"SearchAction\",\"target\":{\"@type\":\"EntryPoint\",\"urlTemplate\":\"https:\\\/\\\/urbeamea.ro\\\/albaiulia\\\/?s={search_term_string}\"},\"query-input\":{\"@type\":\"PropertyValueSpecification\",\"valueRequired\":true,\"valueName\":\"search_term_string\"}}],\"inLanguage\":\"ro-RO\"},{\"@type\":\"Person\",\"@id\":\"https:\\\/\\\/urbeamea.ro\\\/albaiulia\\\/#\\\/schema\\\/person\\\/a115373ce8153754c6b084232d985956\",\"name\":\"Bogdan P\u0103unescu\",\"image\":{\"@type\":\"ImageObject\",\"inLanguage\":\"ro-RO\",\"@id\":\"https:\\\/\\\/secure.gravatar.com\\\/avatar\\\/f72aa881b5a32ea110a53aabc2049429e3ff68fcb09d283722d01fbf330e9dd9?s=96&d=mm&r=g\",\"url\":\"https:\\\/\\\/secure.gravatar.com\\\/avatar\\\/f72aa881b5a32ea110a53aabc2049429e3ff68fcb09d283722d01fbf330e9dd9?s=96&d=mm&r=g\",\"contentUrl\":\"https:\\\/\\\/secure.gravatar.com\\\/avatar\\\/f72aa881b5a32ea110a53aabc2049429e3ff68fcb09d283722d01fbf330e9dd9?s=96&d=mm&r=g\",\"caption\":\"Bogdan P\u0103unescu\"},\"description\":\"\u00cemi place tot ceea ce este legat de web \u015fi ajut la dezvoltarea \u015fi \u00eembun\u0103t\u0103\u0163irea lui prin tot ceea ce fac.\",\"sameAs\":[\"https:\\\/\\\/www.artonmedia.ro\",\"https:\\\/\\\/www.facebook.com\\\/bogdanvpaunescu\"],\"url\":\"https:\\\/\\\/urbeamea.ro\\\/albaiulia\\\/author\\\/bogdan-paunescu\\\/\"}]}<\/script>\n<!-- \/ Yoast SEO plugin. -->","yoast_head_json":{"title":"Atelierele creativ-educative \u201e\u0218coala bobocilor\" dau contur unei frumoase pove\u0219ti de toamn\u0103 la biblioteca din Sebe\u0219 - Revista Urbea Mea - Revista de Alba","description":"Centrul Cultural \u201eLucian Blaga\" din Sebe\u0219, sub cupola c\u0103ruia func\u021bioneaz\u0103 Biblioteca Municipal\u0103 \u201eLucian Blaga\", a sus\u021binut \u0219i \u00een acest an un proiect","robots":{"index":"index","follow":"follow","max-snippet":"max-snippet:-1","max-image-preview":"max-image-preview:large","max-video-preview":"max-video-preview:-1"},"canonical":"https:\/\/urbeamea.ro\/albaiulia\/atelierele-creativ-educative-scoala-bobocilor-dau-contur-unei-frumoase-povesti-de-toamna-la-biblioteca-din-sebes\/","twitter_card":"summary_large_image","twitter_title":"Atelierele creativ-educative \u201e\u0218coala bobocilor\" dau contur unei frumoase pove\u0219ti de toamn\u0103 la biblioteca din Sebe\u0219 - Revista Urbea Mea - Revista de Alba","twitter_description":"Centrul Cultural \u201eLucian Blaga\" din Sebe\u0219, sub cupola c\u0103ruia func\u021bioneaz\u0103 Biblioteca Municipal\u0103 \u201eLucian Blaga\", a sus\u021binut \u0219i \u00een acest an un proiect","twitter_image":"https:\/\/urbeamea.ro\/albaiulia\/wp-content\/uploads\/2021\/10\/245223527_4442427519127068_5668651224180977750_n.jpg","twitter_creator":"@urbeameaweb","twitter_site":"@urbeameaweb","schema":{"@context":"https:\/\/schema.org","@graph":[{"@type":"Article","@id":"https:\/\/urbeamea.ro\/albaiulia\/atelierele-creativ-educative-scoala-bobocilor-dau-contur-unei-frumoase-povesti-de-toamna-la-biblioteca-din-sebes\/#article","isPartOf":{"@id":"https:\/\/urbeamea.ro\/albaiulia\/atelierele-creativ-educative-scoala-bobocilor-dau-contur-unei-frumoase-povesti-de-toamna-la-biblioteca-din-sebes\/"},"author":{"name":"Bogdan P\u0103unescu","@id":"https:\/\/urbeamea.ro\/albaiulia\/#\/schema\/person\/a115373ce8153754c6b084232d985956"},"headline":"Atelierele creativ-educative \u201e\u0218coala bobocilor&#8221; dau contur unei frumoase pove\u0219ti de toamn\u0103 la biblioteca din Sebe\u0219","datePublished":"2021-10-18T08:54:52+00:00","dateModified":"2021-10-18T08:54:55+00:00","mainEntityOfPage":{"@id":"https:\/\/urbeamea.ro\/albaiulia\/atelierele-creativ-educative-scoala-bobocilor-dau-contur-unei-frumoase-povesti-de-toamna-la-biblioteca-din-sebes\/"},"wordCount":283,"commentCount":0,"image":{"@id":"https:\/\/urbeamea.ro\/albaiulia\/atelierele-creativ-educative-scoala-bobocilor-dau-contur-unei-frumoase-povesti-de-toamna-la-biblioteca-din-sebes\/#primaryimage"},"thumbnailUrl":"https:\/\/urbeamea.ro\/albaiulia\/wp-content\/uploads\/2021\/10\/245223527_4442427519127068_5668651224180977750_n.jpg","articleSection":["Administra\u021bie"],"inLanguage":"ro-RO","potentialAction":[{"@type":"CommentAction","name":"Comment","target":["https:\/\/urbeamea.ro\/albaiulia\/atelierele-creativ-educative-scoala-bobocilor-dau-contur-unei-frumoase-povesti-de-toamna-la-biblioteca-din-sebes\/#respond"]}]},{"@type":"WebPage","@id":"https:\/\/urbeamea.ro\/albaiulia\/atelierele-creativ-educative-scoala-bobocilor-dau-contur-unei-frumoase-povesti-de-toamna-la-biblioteca-din-sebes\/","url":"https:\/\/urbeamea.ro\/albaiulia\/atelierele-creativ-educative-scoala-bobocilor-dau-contur-unei-frumoase-povesti-de-toamna-la-biblioteca-din-sebes\/","name":"Atelierele creativ-educative \u201e\u0218coala bobocilor\" dau contur unei frumoase pove\u0219ti de toamn\u0103 la biblioteca din Sebe\u0219 - Revista Urbea Mea - Revista de Alba","isPartOf":{"@id":"https:\/\/urbeamea.ro\/albaiulia\/#website"},"primaryImageOfPage":{"@id":"https:\/\/urbeamea.ro\/albaiulia\/atelierele-creativ-educative-scoala-bobocilor-dau-contur-unei-frumoase-povesti-de-toamna-la-biblioteca-din-sebes\/#primaryimage"},"image":{"@id":"https:\/\/urbeamea.ro\/albaiulia\/atelierele-creativ-educative-scoala-bobocilor-dau-contur-unei-frumoase-povesti-de-toamna-la-biblioteca-din-sebes\/#primaryimage"},"thumbnailUrl":"https:\/\/urbeamea.ro\/albaiulia\/wp-content\/uploads\/2021\/10\/245223527_4442427519127068_5668651224180977750_n.jpg","datePublished":"2021-10-18T08:54:52+00:00","dateModified":"2021-10-18T08:54:55+00:00","author":{"@id":"https:\/\/urbeamea.ro\/albaiulia\/#\/schema\/person\/a115373ce8153754c6b084232d985956"},"description":"Centrul Cultural \u201eLucian Blaga\" din Sebe\u0219, sub cupola c\u0103ruia func\u021bioneaz\u0103 Biblioteca Municipal\u0103 \u201eLucian Blaga\", a sus\u021binut \u0219i \u00een acest an un proiect","breadcrumb":{"@id":"https:\/\/urbeamea.ro\/albaiulia\/atelierele-creativ-educative-scoala-bobocilor-dau-contur-unei-frumoase-povesti-de-toamna-la-biblioteca-din-sebes\/#breadcrumb"},"inLanguage":"ro-RO","potentialAction":[{"@type":"ReadAction","target":["https:\/\/urbeamea.ro\/albaiulia\/atelierele-creativ-educative-scoala-bobocilor-dau-contur-unei-frumoase-povesti-de-toamna-la-biblioteca-din-sebes\/"]}]},{"@type":"ImageObject","inLanguage":"ro-RO","@id":"https:\/\/urbeamea.ro\/albaiulia\/atelierele-creativ-educative-scoala-bobocilor-dau-contur-unei-frumoase-povesti-de-toamna-la-biblioteca-din-sebes\/#primaryimage","url":"https:\/\/urbeamea.ro\/albaiulia\/wp-content\/uploads\/2021\/10\/245223527_4442427519127068_5668651224180977750_n.jpg","contentUrl":"https:\/\/urbeamea.ro\/albaiulia\/wp-content\/uploads\/2021\/10\/245223527_4442427519127068_5668651224180977750_n.jpg","width":1976,"height":960},{"@type":"BreadcrumbList","@id":"https:\/\/urbeamea.ro\/albaiulia\/atelierele-creativ-educative-scoala-bobocilor-dau-contur-unei-frumoase-povesti-de-toamna-la-biblioteca-din-sebes\/#breadcrumb","itemListElement":[{"@type":"ListItem","position":1,"name":"Prima pagin\u0103","item":"https:\/\/urbeamea.ro\/albaiulia\/"},{"@type":"ListItem","position":2,"name":"Atelierele creativ-educative \u201e\u0218coala bobocilor&#8221; dau contur unei frumoase pove\u0219ti de toamn\u0103 la biblioteca din Sebe\u0219"}]},{"@type":"WebSite","@id":"https:\/\/urbeamea.ro\/albaiulia\/#website","url":"https:\/\/urbeamea.ro\/albaiulia\/","name":"Revista Urbea Mea, Stiri urbane","description":"Evenimente \u0219i \u0219tiri din Alba Iulia, Sebe\u0219, Aiud, Blaj","potentialAction":[{"@type":"SearchAction","target":{"@type":"EntryPoint","urlTemplate":"https:\/\/urbeamea.ro\/albaiulia\/?s={search_term_string}"},"query-input":{"@type":"PropertyValueSpecification","valueRequired":true,"valueName":"search_term_string"}}],"inLanguage":"ro-RO"},{"@type":"Person","@id":"https:\/\/urbeamea.ro\/albaiulia\/#\/schema\/person\/a115373ce8153754c6b084232d985956","name":"Bogdan P\u0103unescu","image":{"@type":"ImageObject","inLanguage":"ro-RO","@id":"https:\/\/secure.gravatar.com\/avatar\/f72aa881b5a32ea110a53aabc2049429e3ff68fcb09d283722d01fbf330e9dd9?s=96&d=mm&r=g","url":"https:\/\/secure.gravatar.com\/avatar\/f72aa881b5a32ea110a53aabc2049429e3ff68fcb09d283722d01fbf330e9dd9?s=96&d=mm&r=g","contentUrl":"https:\/\/secure.gravatar.com\/avatar\/f72aa881b5a32ea110a53aabc2049429e3ff68fcb09d283722d01fbf330e9dd9?s=96&d=mm&r=g","caption":"Bogdan P\u0103unescu"},"description":"\u00cemi place tot ceea ce este legat de web \u015fi ajut la dezvoltarea \u015fi \u00eembun\u0103t\u0103\u0163irea lui prin tot ceea ce fac.","sameAs":["https:\/\/www.artonmedia.ro","https:\/\/www.facebook.com\/bogdanvpaunescu"],"url":"https:\/\/urbeamea.ro\/albaiulia\/author\/bogdan-paunescu\/"}]}},"_links":{"self":[{"href":"https:\/\/urbeamea.ro\/albaiulia\/wp-json\/wp\/v2\/posts\/98539","targetHints":{"allow":["GET"]}}],"collection":[{"href":"https:\/\/urbeamea.ro\/albaiulia\/wp-json\/wp\/v2\/posts"}],"about":[{"href":"https:\/\/urbeamea.ro\/albaiulia\/wp-json\/wp\/v2\/types\/post"}],"author":[{"embeddable":true,"href":"https:\/\/urbeamea.ro\/albaiulia\/wp-json\/wp\/v2\/users\/5"}],"replies":[{"embeddable":true,"href":"https:\/\/urbeamea.ro\/albaiulia\/wp-json\/wp\/v2\/comments?post=98539"}],"version-history":[{"count":1,"href":"https:\/\/urbeamea.ro\/albaiulia\/wp-json\/wp\/v2\/posts\/98539\/revisions"}],"predecessor-version":[{"id":98544,"href":"https:\/\/urbeamea.ro\/albaiulia\/wp-json\/wp\/v2\/posts\/98539\/revisions\/98544"}],"wp:featuredmedia":[{"embeddable":true,"href":"https:\/\/urbeamea.ro\/albaiulia\/wp-json\/wp\/v2\/media\/98540"}],"wp:attachment":[{"href":"https:\/\/urbeamea.ro\/albaiulia\/wp-json\/wp\/v2\/media?parent=98539"}],"wp:term":[{"taxonomy":"category","embeddable":true,"href":"https:\/\/urbeamea.ro\/albaiulia\/wp-json\/wp\/v2\/categories?post=98539"},{"taxonomy":"post_tag","embeddable":true,"href":"https:\/\/urbeamea.ro\/albaiulia\/wp-json\/wp\/v2\/tags?post=98539"}],"curies":[{"name":"wp","href":"https:\/\/api.w.org\/{rel}","templated":true}]}}