{"id":98550,"date":"2021-10-19T10:08:01","date_gmt":"2021-10-19T07:08:01","guid":{"rendered":"https:\/\/urbeamea.ro\/albaiulia\/?p=98550"},"modified":"2021-10-19T10:14:58","modified_gmt":"2021-10-19T07:14:58","slug":"andreea-ioana-moisa-a-absolvit-ca-sef-de-promotie-specializarea-radiolocatie-a-academiei-fortelor-aeriene-henri-coanda","status":"publish","type":"post","link":"https:\/\/urbeamea.ro\/albaiulia\/andreea-ioana-moisa-a-absolvit-ca-sef-de-promotie-specializarea-radiolocatie-a-academiei-fortelor-aeriene-henri-coanda\/","title":{"rendered":"Andreea-Ioana Moisa a absolvit ca \u0219ef de promo\u021bie specializarea Radioloca\u021bie a Academiei For\u021belor Aeriene \u201eHenri Coand\u0103\u201d, Bra\u0219ov"},"content":{"rendered":"\n<h3 class=\"wp-block-heading\">Andreea-Ioana Moisa este absolvent\u0103 a Colegiului Na\u021bional Militar ,,Mihai Viteazul\u201d, promo\u021bia 2018. Andreea a ales s\u0103 urmeze o carier\u0103 \u00een cadrul For\u021belor Aeriene \u0219i a absolvit ca \u0219ef de promo\u021bie specializarea Radioloca\u021bie a Academiei For\u021belor Aeriene \u201eHenri Coand\u0103\u201d, Bra\u0219ov.<\/h3>\n\n\n\n<p>Colegiul militar din Alba Iulia a fost pentru Andreea locul \u00een care a reu\u0219it s\u0103-\u0219i dep\u0103\u0219easc\u0103 limitele, s\u0103 descopere c\u0103 imposibilul devenea posibil \u0219i unde s-a preg\u0103tit \u201es\u0103 ia calea unui cer senin\u201d.<\/p>\n\n\n\n<blockquote class=\"wp-block-quote is-layout-flow wp-block-quote-is-layout-flow\"><p>\u201e\u00cen pas de caden\u021b\u0103 tremurat am \u00eenceput via\u021ba de licean&#8230; pl\u0103m\u0103dind \u00een noi speran\u021be, idealuri \u0219i-un spirit care reu\u0219ea s\u0103 fac\u0103 din imposibil, posibil\u201d, <\/p><cite> spune sublocotenent Andreea-Ioana Moisa <\/cite><\/blockquote>\n\n\n\n<blockquote class=\"wp-block-quote is-layout-flow wp-block-quote-is-layout-flow\"><p>\u201ePe malul unei singure clipe s-au spart valuri \u00eentregi de amintiri, care mai apoi s-au risipit \u00een suflet \u0219i \u00een g\u00e2nduri \u0219i-au r\u0103mas ad\u00e2nc ancorate \u00een vie\u021bile noastre. \u00cen pas de caden\u021b\u0103 tremurat am \u00eenceput via\u021ba de licean, care s-a scurs cu defil\u0103ri printre momente de bucurie \u0219i momente de triste\u021be, pl\u0103m\u0103dind \u00een noi speran\u021be, idealuri \u0219i-un spirit care reu\u0219ea s\u0103 fac\u0103 din imposibil, posibil. Anii de liceu, cei mai frumo\u0219i ani, m-au \u00eenv\u0103\u021bat s\u0103 pre\u021buiesc timpul \u0219i prezentul, mi-au dezv\u0103luit adev\u0103ratele prietenii \u0219i m-au f\u0103cut s\u0103-mi dep\u0103\u0219esc limitele, iubindu-m\u0103. Mereu \u00eemi voi aminti cu drag \u0219i nostalgie de zilele cu instruc\u021bie, dimine\u021bile r\u0103coroase de \u00eenviorare, nop\u021bile petrecute povestind fel \u0219i fel, de profesorii \u0219i cadrele militare care au contribuit la formarea mea, de emo\u021biile fiec\u0103rui \u00eenceput \u0219i sf\u00e2r\u0219it de an, de ultimul apel \u0219i de absolvirea Colegiului Na\u021bional Militar ,,Mihai Viteazul\u201d, care mi-a fost \u201eacas\u0103\u201d timp de patru ani. Aceast\u0103 \u201ecas\u0103\u201d mi-a fost al\u0103turi \u0219i m-a preg\u0103tit s\u0103 \u00eembrac cu m\u00e2ndrie uniforma albastr\u0103 a Academiei For\u021belor Aeriene ,,Henri Coand\u0103\u201d, s\u0103 iau calea unui \u201ecer senin\u201d \u0219i s\u0103 continui \u00een acela\u0219i pas caden\u021bat \u00een bocanci, spre visul meu\u201d, <\/p><cite> m\u0103rturise\u0219te Andreea. <\/cite><\/blockquote>\n\n\n\n<figure class=\"wp-block-gallery columns-2 is-cropped wp-block-gallery-1 is-layout-flex wp-block-gallery-is-layout-flex\"><ul class=\"blocks-gallery-grid\"><li class=\"blocks-gallery-item\"><figure><a href=\"https:\/\/urbeamea.ro\/albaiulia\/wp-content\/uploads\/2021\/10\/228366960_3945228235606273_6275020659829382625_n.jpg\"><img loading=\"lazy\" decoding=\"async\" width=\"960\" height=\"1280\" src=\"https:\/\/urbeamea.ro\/albaiulia\/wp-content\/uploads\/2021\/10\/228366960_3945228235606273_6275020659829382625_n-960x1280.jpg\" alt=\"\" data-id=\"98552\" data-full-url=\"https:\/\/urbeamea.ro\/albaiulia\/wp-content\/uploads\/2021\/10\/228366960_3945228235606273_6275020659829382625_n.jpg\" data-link=\"https:\/\/urbeamea.ro\/albaiulia\/andreea-ioana-moisa-a-absolvit-ca-sef-de-promotie-specializarea-radiolocatie-a-academiei-fortelor-aeriene-henri-coanda-brasov\/228366960_3945228235606273_6275020659829382625_n\/\" class=\"wp-image-98552\" srcset=\"https:\/\/urbeamea.ro\/albaiulia\/wp-content\/uploads\/2021\/10\/228366960_3945228235606273_6275020659829382625_n-960x1280.jpg 960w, https:\/\/urbeamea.ro\/albaiulia\/wp-content\/uploads\/2021\/10\/228366960_3945228235606273_6275020659829382625_n-480x640.jpg 480w, https:\/\/urbeamea.ro\/albaiulia\/wp-content\/uploads\/2021\/10\/228366960_3945228235606273_6275020659829382625_n-113x150.jpg 113w, https:\/\/urbeamea.ro\/albaiulia\/wp-content\/uploads\/2021\/10\/228366960_3945228235606273_6275020659829382625_n-768x1024.jpg 768w, https:\/\/urbeamea.ro\/albaiulia\/wp-content\/uploads\/2021\/10\/228366960_3945228235606273_6275020659829382625_n-1152x1536.jpg 1152w, https:\/\/urbeamea.ro\/albaiulia\/wp-content\/uploads\/2021\/10\/228366960_3945228235606273_6275020659829382625_n.jpg 1200w\" sizes=\"auto, (max-width: 960px) 100vw, 960px\" \/><\/a><\/figure><\/li><li class=\"blocks-gallery-item\"><figure><a href=\"https:\/\/urbeamea.ro\/albaiulia\/wp-content\/uploads\/2021\/10\/199243535_3870264026435865_6663891133782989258_n.jpg\"><img loading=\"lazy\" decoding=\"async\" width=\"1200\" height=\"1200\" src=\"https:\/\/urbeamea.ro\/albaiulia\/wp-content\/uploads\/2021\/10\/199243535_3870264026435865_6663891133782989258_n.jpg\" alt=\"\" data-id=\"98551\" data-full-url=\"https:\/\/urbeamea.ro\/albaiulia\/wp-content\/uploads\/2021\/10\/199243535_3870264026435865_6663891133782989258_n.jpg\" data-link=\"https:\/\/urbeamea.ro\/albaiulia\/andreea-ioana-moisa-a-absolvit-ca-sef-de-promotie-specializarea-radiolocatie-a-academiei-fortelor-aeriene-henri-coanda-brasov\/199243535_3870264026435865_6663891133782989258_n\/\" class=\"wp-image-98551\" srcset=\"https:\/\/urbeamea.ro\/albaiulia\/wp-content\/uploads\/2021\/10\/199243535_3870264026435865_6663891133782989258_n.jpg 1200w, https:\/\/urbeamea.ro\/albaiulia\/wp-content\/uploads\/2021\/10\/199243535_3870264026435865_6663891133782989258_n-640x640.jpg 640w, https:\/\/urbeamea.ro\/albaiulia\/wp-content\/uploads\/2021\/10\/199243535_3870264026435865_6663891133782989258_n-150x150.jpg 150w, https:\/\/urbeamea.ro\/albaiulia\/wp-content\/uploads\/2021\/10\/199243535_3870264026435865_6663891133782989258_n-768x768.jpg 768w\" sizes=\"auto, (max-width: 1200px) 100vw, 1200px\" \/><\/a><\/figure><\/li><\/ul><\/figure>\n\n\n\n<p>Dar drumul spre \u00eemplinirea unui vis nu este deloc u\u0219or, recunoa\u0219te Andreea, \u00eens\u0103 atunci c\u00e2nd visul devine realitate, iar pe umeri st\u0103 a\u0219ezat primul grad de ofi\u021ber, gradul de sublocotenent, spuni misiune \u00eendeplinit\u0103 \u0219i te preg\u0103te\u0219ti pentru noi provoc\u0103ri!<\/p>\n\n\n\n<blockquote class=\"wp-block-quote is-layout-flow wp-block-quote-is-layout-flow\"><p>\u201eAcest drum pres\u0103rat de maturitate, responsabilitate, profesionalism \u0219i disciplin\u0103 sunt o ramp\u0103 de lansare pentru ce m-a\u0219tepat\u0103, dar \u0219i o ajustare a uniformei, pun\u00e2ndu-mi pe um\u0103r primul grad de ofi\u021ber. Vis \u00eendeplinit! Dar \u0103sta nu-i nicidecum sf\u00e2r\u0219itul, via\u021ba de militar abia acum \u00eencepe \u0219i sunt dornic\u0103 de noi provoc\u0103ri! Mul\u021bumesc tuturor celor care mi-au fost al\u0103turi \u0219i au contribuit la ceea ce am ajuns ast\u0103zi! Servesc patria \u0219i am onoarea s\u0103 v\u0103 salut!\u201d,<\/p><cite> a transmis sublocotenent Andreea-Ioana Moisa. <\/cite><\/blockquote>\n\n\n\n<p>Te felicit\u0103m Andreea pentru realiz\u0103rile tale \u0219i \u00ee\u021bi dorim mult succes \u00een carier\u0103!<\/p>\n","protected":false},"excerpt":{"rendered":"<p>Andreea-Ioana Moisa este absolvent\u0103 a Colegiului Na\u021bional Militar ,,Mihai Viteazul\u201d, promo\u021bia 2018. Andreea a ales s\u0103 urmeze o carier\u0103 \u00een cadrul For\u021belor Aeriene \u0219i a absolvit ca \u0219ef de promo\u021bie specializarea Radioloca\u021bie a Academiei For\u021belor Aeriene \u201eHenri Coand\u0103\u201d, Bra\u0219ov. Colegiul militar din Alba Iulia a fost pentru Andreea locul \u00een care a reu\u0219it s\u0103-\u0219i dep\u0103\u0219easc\u0103 &hellip;<\/p>\n","protected":false},"author":5,"featured_media":98553,"comment_status":"open","ping_status":"open","sticky":false,"template":"","format":"standard","meta":{"inline_featured_image":false,"footnotes":""},"categories":[1],"tags":[23777],"class_list":["post-98550","post","type-post","status-publish","format-standard","has-post-thumbnail","hentry","category-stiri-urbane","tag-andreea-ioana-moisa"],"yoast_head":"<!-- This site is optimized with the Yoast SEO plugin v27.4 - https:\/\/yoast.com\/product\/yoast-seo-wordpress\/ -->\n<title>Andreea-Ioana Moisa a absolvit ca \u0219ef de promo\u021bie specializarea Radioloca\u021bie a Academiei For\u021belor Aeriene \u201eHenri Coand\u0103\u201d, Bra\u0219ov - Revista Urbea Mea - Revista de Alba<\/title>\n<meta name=\"description\" content=\"Andreea-Ioana Moisa este absolvent\u0103 a Colegiului Na\u021bional Militar ,,Mihai Viteazul\u201d, promo\u021bia 2018. Andreea a ales s\u0103 urmeze o carier\u0103 \u00een cadrul For\u021belor\" \/>\n<meta name=\"robots\" content=\"index, follow, max-snippet:-1, max-image-preview:large, max-video-preview:-1\" \/>\n<link rel=\"canonical\" href=\"https:\/\/urbeamea.ro\/albaiulia\/andreea-ioana-moisa-a-absolvit-ca-sef-de-promotie-specializarea-radiolocatie-a-academiei-fortelor-aeriene-henri-coanda\/\" \/>\n<meta name=\"twitter:card\" content=\"summary_large_image\" \/>\n<meta name=\"twitter:title\" content=\"Andreea-Ioana Moisa a absolvit ca \u0219ef de promo\u021bie specializarea Radioloca\u021bie a Academiei For\u021belor Aeriene \u201eHenri Coand\u0103\u201d, Bra\u0219ov - Revista Urbea Mea - Revista de Alba\" \/>\n<meta name=\"twitter:description\" content=\"Andreea-Ioana Moisa este absolvent\u0103 a Colegiului Na\u021bional Militar ,,Mihai Viteazul\u201d, promo\u021bia 2018. Andreea a ales s\u0103 urmeze o carier\u0103 \u00een cadrul For\u021belor\" \/>\n<meta name=\"twitter:image\" content=\"https:\/\/urbeamea.ro\/albaiulia\/wp-content\/uploads\/2021\/10\/225779711_4006624269466506_7230058465618659013_n.jpg\" \/>\n<meta name=\"twitter:creator\" content=\"@urbeameaweb\" \/>\n<meta name=\"twitter:site\" content=\"@urbeameaweb\" \/>\n<script type=\"application\/ld+json\" class=\"yoast-schema-graph\">{\"@context\":\"https:\\\/\\\/schema.org\",\"@graph\":[{\"@type\":\"Article\",\"@id\":\"https:\\\/\\\/urbeamea.ro\\\/albaiulia\\\/andreea-ioana-moisa-a-absolvit-ca-sef-de-promotie-specializarea-radiolocatie-a-academiei-fortelor-aeriene-henri-coanda\\\/#article\",\"isPartOf\":{\"@id\":\"https:\\\/\\\/urbeamea.ro\\\/albaiulia\\\/andreea-ioana-moisa-a-absolvit-ca-sef-de-promotie-specializarea-radiolocatie-a-academiei-fortelor-aeriene-henri-coanda\\\/\"},\"author\":{\"name\":\"Bogdan P\u0103unescu\",\"@id\":\"https:\\\/\\\/urbeamea.ro\\\/albaiulia\\\/#\\\/schema\\\/person\\\/a115373ce8153754c6b084232d985956\"},\"headline\":\"Andreea-Ioana Moisa a absolvit ca \u0219ef de promo\u021bie specializarea Radioloca\u021bie a Academiei For\u021belor Aeriene \u201eHenri Coand\u0103\u201d, Bra\u0219ov\",\"datePublished\":\"2021-10-19T07:08:01+00:00\",\"dateModified\":\"2021-10-19T07:14:58+00:00\",\"mainEntityOfPage\":{\"@id\":\"https:\\\/\\\/urbeamea.ro\\\/albaiulia\\\/andreea-ioana-moisa-a-absolvit-ca-sef-de-promotie-specializarea-radiolocatie-a-academiei-fortelor-aeriene-henri-coanda\\\/\"},\"wordCount\":515,\"commentCount\":0,\"image\":{\"@id\":\"https:\\\/\\\/urbeamea.ro\\\/albaiulia\\\/andreea-ioana-moisa-a-absolvit-ca-sef-de-promotie-specializarea-radiolocatie-a-academiei-fortelor-aeriene-henri-coanda\\\/#primaryimage\"},\"thumbnailUrl\":\"https:\\\/\\\/urbeamea.ro\\\/albaiulia\\\/wp-content\\\/uploads\\\/2021\\\/10\\\/225779711_4006624269466506_7230058465618659013_n.jpg\",\"keywords\":[\"Andreea Ioana Moisa\"],\"articleSection\":[\"\u015etiri Urbane\"],\"inLanguage\":\"ro-RO\",\"potentialAction\":[{\"@type\":\"CommentAction\",\"name\":\"Comment\",\"target\":[\"https:\\\/\\\/urbeamea.ro\\\/albaiulia\\\/andreea-ioana-moisa-a-absolvit-ca-sef-de-promotie-specializarea-radiolocatie-a-academiei-fortelor-aeriene-henri-coanda\\\/#respond\"]}]},{\"@type\":\"WebPage\",\"@id\":\"https:\\\/\\\/urbeamea.ro\\\/albaiulia\\\/andreea-ioana-moisa-a-absolvit-ca-sef-de-promotie-specializarea-radiolocatie-a-academiei-fortelor-aeriene-henri-coanda\\\/\",\"url\":\"https:\\\/\\\/urbeamea.ro\\\/albaiulia\\\/andreea-ioana-moisa-a-absolvit-ca-sef-de-promotie-specializarea-radiolocatie-a-academiei-fortelor-aeriene-henri-coanda\\\/\",\"name\":\"Andreea-Ioana Moisa a absolvit ca \u0219ef de promo\u021bie specializarea Radioloca\u021bie a Academiei For\u021belor Aeriene \u201eHenri Coand\u0103\u201d, Bra\u0219ov - Revista Urbea Mea - Revista de Alba\",\"isPartOf\":{\"@id\":\"https:\\\/\\\/urbeamea.ro\\\/albaiulia\\\/#website\"},\"primaryImageOfPage\":{\"@id\":\"https:\\\/\\\/urbeamea.ro\\\/albaiulia\\\/andreea-ioana-moisa-a-absolvit-ca-sef-de-promotie-specializarea-radiolocatie-a-academiei-fortelor-aeriene-henri-coanda\\\/#primaryimage\"},\"image\":{\"@id\":\"https:\\\/\\\/urbeamea.ro\\\/albaiulia\\\/andreea-ioana-moisa-a-absolvit-ca-sef-de-promotie-specializarea-radiolocatie-a-academiei-fortelor-aeriene-henri-coanda\\\/#primaryimage\"},\"thumbnailUrl\":\"https:\\\/\\\/urbeamea.ro\\\/albaiulia\\\/wp-content\\\/uploads\\\/2021\\\/10\\\/225779711_4006624269466506_7230058465618659013_n.jpg\",\"datePublished\":\"2021-10-19T07:08:01+00:00\",\"dateModified\":\"2021-10-19T07:14:58+00:00\",\"author\":{\"@id\":\"https:\\\/\\\/urbeamea.ro\\\/albaiulia\\\/#\\\/schema\\\/person\\\/a115373ce8153754c6b084232d985956\"},\"description\":\"Andreea-Ioana Moisa este absolvent\u0103 a Colegiului Na\u021bional Militar ,,Mihai Viteazul\u201d, promo\u021bia 2018. Andreea a ales s\u0103 urmeze o carier\u0103 \u00een cadrul For\u021belor\",\"breadcrumb\":{\"@id\":\"https:\\\/\\\/urbeamea.ro\\\/albaiulia\\\/andreea-ioana-moisa-a-absolvit-ca-sef-de-promotie-specializarea-radiolocatie-a-academiei-fortelor-aeriene-henri-coanda\\\/#breadcrumb\"},\"inLanguage\":\"ro-RO\",\"potentialAction\":[{\"@type\":\"ReadAction\",\"target\":[\"https:\\\/\\\/urbeamea.ro\\\/albaiulia\\\/andreea-ioana-moisa-a-absolvit-ca-sef-de-promotie-specializarea-radiolocatie-a-academiei-fortelor-aeriene-henri-coanda\\\/\"]}]},{\"@type\":\"ImageObject\",\"inLanguage\":\"ro-RO\",\"@id\":\"https:\\\/\\\/urbeamea.ro\\\/albaiulia\\\/andreea-ioana-moisa-a-absolvit-ca-sef-de-promotie-specializarea-radiolocatie-a-academiei-fortelor-aeriene-henri-coanda\\\/#primaryimage\",\"url\":\"https:\\\/\\\/urbeamea.ro\\\/albaiulia\\\/wp-content\\\/uploads\\\/2021\\\/10\\\/225779711_4006624269466506_7230058465618659013_n.jpg\",\"contentUrl\":\"https:\\\/\\\/urbeamea.ro\\\/albaiulia\\\/wp-content\\\/uploads\\\/2021\\\/10\\\/225779711_4006624269466506_7230058465618659013_n.jpg\",\"width\":1200,\"height\":1200},{\"@type\":\"BreadcrumbList\",\"@id\":\"https:\\\/\\\/urbeamea.ro\\\/albaiulia\\\/andreea-ioana-moisa-a-absolvit-ca-sef-de-promotie-specializarea-radiolocatie-a-academiei-fortelor-aeriene-henri-coanda\\\/#breadcrumb\",\"itemListElement\":[{\"@type\":\"ListItem\",\"position\":1,\"name\":\"Prima pagin\u0103\",\"item\":\"https:\\\/\\\/urbeamea.ro\\\/albaiulia\\\/\"},{\"@type\":\"ListItem\",\"position\":2,\"name\":\"Andreea-Ioana Moisa a absolvit ca \u0219ef de promo\u021bie specializarea Radioloca\u021bie a Academiei For\u021belor Aeriene \u201eHenri Coand\u0103\u201d, Bra\u0219ov\"}]},{\"@type\":\"WebSite\",\"@id\":\"https:\\\/\\\/urbeamea.ro\\\/albaiulia\\\/#website\",\"url\":\"https:\\\/\\\/urbeamea.ro\\\/albaiulia\\\/\",\"name\":\"Revista Urbea Mea, Stiri urbane\",\"description\":\"Evenimente \u0219i \u0219tiri din Alba Iulia, Sebe\u0219, Aiud, Blaj\",\"potentialAction\":[{\"@type\":\"SearchAction\",\"target\":{\"@type\":\"EntryPoint\",\"urlTemplate\":\"https:\\\/\\\/urbeamea.ro\\\/albaiulia\\\/?s={search_term_string}\"},\"query-input\":{\"@type\":\"PropertyValueSpecification\",\"valueRequired\":true,\"valueName\":\"search_term_string\"}}],\"inLanguage\":\"ro-RO\"},{\"@type\":\"Person\",\"@id\":\"https:\\\/\\\/urbeamea.ro\\\/albaiulia\\\/#\\\/schema\\\/person\\\/a115373ce8153754c6b084232d985956\",\"name\":\"Bogdan P\u0103unescu\",\"image\":{\"@type\":\"ImageObject\",\"inLanguage\":\"ro-RO\",\"@id\":\"https:\\\/\\\/secure.gravatar.com\\\/avatar\\\/f72aa881b5a32ea110a53aabc2049429e3ff68fcb09d283722d01fbf330e9dd9?s=96&d=mm&r=g\",\"url\":\"https:\\\/\\\/secure.gravatar.com\\\/avatar\\\/f72aa881b5a32ea110a53aabc2049429e3ff68fcb09d283722d01fbf330e9dd9?s=96&d=mm&r=g\",\"contentUrl\":\"https:\\\/\\\/secure.gravatar.com\\\/avatar\\\/f72aa881b5a32ea110a53aabc2049429e3ff68fcb09d283722d01fbf330e9dd9?s=96&d=mm&r=g\",\"caption\":\"Bogdan P\u0103unescu\"},\"description\":\"\u00cemi place tot ceea ce este legat de web \u015fi ajut la dezvoltarea \u015fi \u00eembun\u0103t\u0103\u0163irea lui prin tot ceea ce fac.\",\"sameAs\":[\"https:\\\/\\\/www.artonmedia.ro\",\"https:\\\/\\\/www.facebook.com\\\/bogdanvpaunescu\"],\"url\":\"https:\\\/\\\/urbeamea.ro\\\/albaiulia\\\/author\\\/bogdan-paunescu\\\/\"}]}<\/script>\n<!-- \/ Yoast SEO plugin. -->","yoast_head_json":{"title":"Andreea-Ioana Moisa a absolvit ca \u0219ef de promo\u021bie specializarea Radioloca\u021bie a Academiei For\u021belor Aeriene \u201eHenri Coand\u0103\u201d, Bra\u0219ov - Revista Urbea Mea - Revista de Alba","description":"Andreea-Ioana Moisa este absolvent\u0103 a Colegiului Na\u021bional Militar ,,Mihai Viteazul\u201d, promo\u021bia 2018. Andreea a ales s\u0103 urmeze o carier\u0103 \u00een cadrul For\u021belor","robots":{"index":"index","follow":"follow","max-snippet":"max-snippet:-1","max-image-preview":"max-image-preview:large","max-video-preview":"max-video-preview:-1"},"canonical":"https:\/\/urbeamea.ro\/albaiulia\/andreea-ioana-moisa-a-absolvit-ca-sef-de-promotie-specializarea-radiolocatie-a-academiei-fortelor-aeriene-henri-coanda\/","twitter_card":"summary_large_image","twitter_title":"Andreea-Ioana Moisa a absolvit ca \u0219ef de promo\u021bie specializarea Radioloca\u021bie a Academiei For\u021belor Aeriene \u201eHenri Coand\u0103\u201d, Bra\u0219ov - Revista Urbea Mea - Revista de Alba","twitter_description":"Andreea-Ioana Moisa este absolvent\u0103 a Colegiului Na\u021bional Militar ,,Mihai Viteazul\u201d, promo\u021bia 2018. Andreea a ales s\u0103 urmeze o carier\u0103 \u00een cadrul For\u021belor","twitter_image":"https:\/\/urbeamea.ro\/albaiulia\/wp-content\/uploads\/2021\/10\/225779711_4006624269466506_7230058465618659013_n.jpg","twitter_creator":"@urbeameaweb","twitter_site":"@urbeameaweb","schema":{"@context":"https:\/\/schema.org","@graph":[{"@type":"Article","@id":"https:\/\/urbeamea.ro\/albaiulia\/andreea-ioana-moisa-a-absolvit-ca-sef-de-promotie-specializarea-radiolocatie-a-academiei-fortelor-aeriene-henri-coanda\/#article","isPartOf":{"@id":"https:\/\/urbeamea.ro\/albaiulia\/andreea-ioana-moisa-a-absolvit-ca-sef-de-promotie-specializarea-radiolocatie-a-academiei-fortelor-aeriene-henri-coanda\/"},"author":{"name":"Bogdan P\u0103unescu","@id":"https:\/\/urbeamea.ro\/albaiulia\/#\/schema\/person\/a115373ce8153754c6b084232d985956"},"headline":"Andreea-Ioana Moisa a absolvit ca \u0219ef de promo\u021bie specializarea Radioloca\u021bie a Academiei For\u021belor Aeriene \u201eHenri Coand\u0103\u201d, Bra\u0219ov","datePublished":"2021-10-19T07:08:01+00:00","dateModified":"2021-10-19T07:14:58+00:00","mainEntityOfPage":{"@id":"https:\/\/urbeamea.ro\/albaiulia\/andreea-ioana-moisa-a-absolvit-ca-sef-de-promotie-specializarea-radiolocatie-a-academiei-fortelor-aeriene-henri-coanda\/"},"wordCount":515,"commentCount":0,"image":{"@id":"https:\/\/urbeamea.ro\/albaiulia\/andreea-ioana-moisa-a-absolvit-ca-sef-de-promotie-specializarea-radiolocatie-a-academiei-fortelor-aeriene-henri-coanda\/#primaryimage"},"thumbnailUrl":"https:\/\/urbeamea.ro\/albaiulia\/wp-content\/uploads\/2021\/10\/225779711_4006624269466506_7230058465618659013_n.jpg","keywords":["Andreea Ioana Moisa"],"articleSection":["\u015etiri Urbane"],"inLanguage":"ro-RO","potentialAction":[{"@type":"CommentAction","name":"Comment","target":["https:\/\/urbeamea.ro\/albaiulia\/andreea-ioana-moisa-a-absolvit-ca-sef-de-promotie-specializarea-radiolocatie-a-academiei-fortelor-aeriene-henri-coanda\/#respond"]}]},{"@type":"WebPage","@id":"https:\/\/urbeamea.ro\/albaiulia\/andreea-ioana-moisa-a-absolvit-ca-sef-de-promotie-specializarea-radiolocatie-a-academiei-fortelor-aeriene-henri-coanda\/","url":"https:\/\/urbeamea.ro\/albaiulia\/andreea-ioana-moisa-a-absolvit-ca-sef-de-promotie-specializarea-radiolocatie-a-academiei-fortelor-aeriene-henri-coanda\/","name":"Andreea-Ioana Moisa a absolvit ca \u0219ef de promo\u021bie specializarea Radioloca\u021bie a Academiei For\u021belor Aeriene \u201eHenri Coand\u0103\u201d, Bra\u0219ov - Revista Urbea Mea - Revista de Alba","isPartOf":{"@id":"https:\/\/urbeamea.ro\/albaiulia\/#website"},"primaryImageOfPage":{"@id":"https:\/\/urbeamea.ro\/albaiulia\/andreea-ioana-moisa-a-absolvit-ca-sef-de-promotie-specializarea-radiolocatie-a-academiei-fortelor-aeriene-henri-coanda\/#primaryimage"},"image":{"@id":"https:\/\/urbeamea.ro\/albaiulia\/andreea-ioana-moisa-a-absolvit-ca-sef-de-promotie-specializarea-radiolocatie-a-academiei-fortelor-aeriene-henri-coanda\/#primaryimage"},"thumbnailUrl":"https:\/\/urbeamea.ro\/albaiulia\/wp-content\/uploads\/2021\/10\/225779711_4006624269466506_7230058465618659013_n.jpg","datePublished":"2021-10-19T07:08:01+00:00","dateModified":"2021-10-19T07:14:58+00:00","author":{"@id":"https:\/\/urbeamea.ro\/albaiulia\/#\/schema\/person\/a115373ce8153754c6b084232d985956"},"description":"Andreea-Ioana Moisa este absolvent\u0103 a Colegiului Na\u021bional Militar ,,Mihai Viteazul\u201d, promo\u021bia 2018. Andreea a ales s\u0103 urmeze o carier\u0103 \u00een cadrul For\u021belor","breadcrumb":{"@id":"https:\/\/urbeamea.ro\/albaiulia\/andreea-ioana-moisa-a-absolvit-ca-sef-de-promotie-specializarea-radiolocatie-a-academiei-fortelor-aeriene-henri-coanda\/#breadcrumb"},"inLanguage":"ro-RO","potentialAction":[{"@type":"ReadAction","target":["https:\/\/urbeamea.ro\/albaiulia\/andreea-ioana-moisa-a-absolvit-ca-sef-de-promotie-specializarea-radiolocatie-a-academiei-fortelor-aeriene-henri-coanda\/"]}]},{"@type":"ImageObject","inLanguage":"ro-RO","@id":"https:\/\/urbeamea.ro\/albaiulia\/andreea-ioana-moisa-a-absolvit-ca-sef-de-promotie-specializarea-radiolocatie-a-academiei-fortelor-aeriene-henri-coanda\/#primaryimage","url":"https:\/\/urbeamea.ro\/albaiulia\/wp-content\/uploads\/2021\/10\/225779711_4006624269466506_7230058465618659013_n.jpg","contentUrl":"https:\/\/urbeamea.ro\/albaiulia\/wp-content\/uploads\/2021\/10\/225779711_4006624269466506_7230058465618659013_n.jpg","width":1200,"height":1200},{"@type":"BreadcrumbList","@id":"https:\/\/urbeamea.ro\/albaiulia\/andreea-ioana-moisa-a-absolvit-ca-sef-de-promotie-specializarea-radiolocatie-a-academiei-fortelor-aeriene-henri-coanda\/#breadcrumb","itemListElement":[{"@type":"ListItem","position":1,"name":"Prima pagin\u0103","item":"https:\/\/urbeamea.ro\/albaiulia\/"},{"@type":"ListItem","position":2,"name":"Andreea-Ioana Moisa a absolvit ca \u0219ef de promo\u021bie specializarea Radioloca\u021bie a Academiei For\u021belor Aeriene \u201eHenri Coand\u0103\u201d, Bra\u0219ov"}]},{"@type":"WebSite","@id":"https:\/\/urbeamea.ro\/albaiulia\/#website","url":"https:\/\/urbeamea.ro\/albaiulia\/","name":"Revista Urbea Mea, Stiri urbane","description":"Evenimente \u0219i \u0219tiri din Alba Iulia, Sebe\u0219, Aiud, Blaj","potentialAction":[{"@type":"SearchAction","target":{"@type":"EntryPoint","urlTemplate":"https:\/\/urbeamea.ro\/albaiulia\/?s={search_term_string}"},"query-input":{"@type":"PropertyValueSpecification","valueRequired":true,"valueName":"search_term_string"}}],"inLanguage":"ro-RO"},{"@type":"Person","@id":"https:\/\/urbeamea.ro\/albaiulia\/#\/schema\/person\/a115373ce8153754c6b084232d985956","name":"Bogdan P\u0103unescu","image":{"@type":"ImageObject","inLanguage":"ro-RO","@id":"https:\/\/secure.gravatar.com\/avatar\/f72aa881b5a32ea110a53aabc2049429e3ff68fcb09d283722d01fbf330e9dd9?s=96&d=mm&r=g","url":"https:\/\/secure.gravatar.com\/avatar\/f72aa881b5a32ea110a53aabc2049429e3ff68fcb09d283722d01fbf330e9dd9?s=96&d=mm&r=g","contentUrl":"https:\/\/secure.gravatar.com\/avatar\/f72aa881b5a32ea110a53aabc2049429e3ff68fcb09d283722d01fbf330e9dd9?s=96&d=mm&r=g","caption":"Bogdan P\u0103unescu"},"description":"\u00cemi place tot ceea ce este legat de web \u015fi ajut la dezvoltarea \u015fi \u00eembun\u0103t\u0103\u0163irea lui prin tot ceea ce fac.","sameAs":["https:\/\/www.artonmedia.ro","https:\/\/www.facebook.com\/bogdanvpaunescu"],"url":"https:\/\/urbeamea.ro\/albaiulia\/author\/bogdan-paunescu\/"}]}},"_links":{"self":[{"href":"https:\/\/urbeamea.ro\/albaiulia\/wp-json\/wp\/v2\/posts\/98550","targetHints":{"allow":["GET"]}}],"collection":[{"href":"https:\/\/urbeamea.ro\/albaiulia\/wp-json\/wp\/v2\/posts"}],"about":[{"href":"https:\/\/urbeamea.ro\/albaiulia\/wp-json\/wp\/v2\/types\/post"}],"author":[{"embeddable":true,"href":"https:\/\/urbeamea.ro\/albaiulia\/wp-json\/wp\/v2\/users\/5"}],"replies":[{"embeddable":true,"href":"https:\/\/urbeamea.ro\/albaiulia\/wp-json\/wp\/v2\/comments?post=98550"}],"version-history":[{"count":3,"href":"https:\/\/urbeamea.ro\/albaiulia\/wp-json\/wp\/v2\/posts\/98550\/revisions"}],"predecessor-version":[{"id":98556,"href":"https:\/\/urbeamea.ro\/albaiulia\/wp-json\/wp\/v2\/posts\/98550\/revisions\/98556"}],"wp:featuredmedia":[{"embeddable":true,"href":"https:\/\/urbeamea.ro\/albaiulia\/wp-json\/wp\/v2\/media\/98553"}],"wp:attachment":[{"href":"https:\/\/urbeamea.ro\/albaiulia\/wp-json\/wp\/v2\/media?parent=98550"}],"wp:term":[{"taxonomy":"category","embeddable":true,"href":"https:\/\/urbeamea.ro\/albaiulia\/wp-json\/wp\/v2\/categories?post=98550"},{"taxonomy":"post_tag","embeddable":true,"href":"https:\/\/urbeamea.ro\/albaiulia\/wp-json\/wp\/v2\/tags?post=98550"}],"curies":[{"name":"wp","href":"https:\/\/api.w.org\/{rel}","templated":true}]}}