{"id":98557,"date":"2021-10-19T14:31:21","date_gmt":"2021-10-19T11:31:21","guid":{"rendered":"https:\/\/urbeamea.ro\/albaiulia\/?p=98557"},"modified":"2021-10-19T14:35:12","modified_gmt":"2021-10-19T11:35:12","slug":"opera-fantastica-prezinta-turneul-international-romanian-music-journey-la-ateneul-roman","status":"publish","type":"post","link":"https:\/\/urbeamea.ro\/albaiulia\/opera-fantastica-prezinta-turneul-international-romanian-music-journey-la-ateneul-roman\/","title":{"rendered":"OPERA FANtastic\u0103 prezint\u0103 turneul interna\u021bional &#8222;Romanian Music Journey&#8221; la Ateneul Rom\u00e2n"},"content":{"rendered":"\n<p>Mar\u021bi,\u00a0<strong>26 octombrie 2021, ora 19:00<\/strong>, Filarmonica George Enescu \u0219i Asocia\u021bia pentru Muzic\u0103, Art\u0103 \u0219i Cultur\u0103 v\u0103 invit\u0103 la Ateneul Rom\u00e2n, pentru cel de-al patrulea concert-conversa\u021bie\u00a0pe tema\u00a0\u201e<em>De ce europenii iubesc muzica rom\u00e2neasc\u0103?<\/em>&#8221;\u00a0sus\u021binut de soprana\u00a0<strong>Rodica VICA<\/strong>, violonista\u00a0<strong>Clara CERNAT<\/strong>\u00a0\u0219i pianistul \u0219i compozitorul francez\u00a0<strong>Thierry HUILLET<\/strong>\u00a0\u00een cadrul turneului interna\u021bional\u00a0&#8222;<strong>Romanian Music Journey<\/strong>&#8222;.\u00a0Evenimentul este\u00a0co-finan\u021bat de\u00a0<strong>AFCN \u2013 Administra\u021bia Fondului Cultural Na\u021bional<\/strong>\u00a0\u0219i va fi prezentat de muzicolog dr.\u00a0<strong>Lumini\u021ba ARVUNESCU<\/strong>, realizator Radio Rom\u00e2nia Muzical \u0219i ini\u021biatoarea \u00eent\u00e2lnirilor muzicale\u00a0<strong>OPERA FANtastica<\/strong>.\u00a0Pentru mai multe informa\u021bii privind participarea la acest eveniment accesa\u021bi site-ul Filarmonicii George Enescu:\u00a0<strong>www.fge.org.ro<\/strong><\/p>\n\n\n\n<p>Turneul interna\u021bional&nbsp;&#8222;<strong>Romanian Music Journey<\/strong>&#8221; se desf\u0103\u0219oar\u0103 \u00een perioada 19 \u2013 27 octombrie 2021 \u0219i este organizat de Asocia\u021bia pentru Muzic\u0103, Art\u0103 \u0219i Cultur\u0103, \u00een parteneriat cu&nbsp;Conservatorul de Muzic\u0103 din Montauban \u2013 Fran\u021ba,&nbsp;Association des Amis de Thierry Huillet din Toulouse, Ambasada Rom\u00e2niei \u00een Republica Austria, Institutul Cultural Rom\u00e2n de la Viena, Complexul Muzeal Na\u021bional&nbsp;\u201eMoldova&#8221; Ia\u0219i, Universitatea Na\u021bional\u0103 de Arte George Enescu din Ia\u0219i, Filarmonica George Enescu, Muzeul Etnografic al Transilvaniei din Cluj-Napoca \u0219i Filarmonica de Stat Transilvania din Cluj-Napoca.<\/p>\n\n\n\n<p>Mai multe informa\u021bii despre\u00a0turneului interna\u021bional\u00a0<em>Romanian Music Journey\u00a0<\/em>pot fi g\u0103site pe site-ul\u00a0<strong>www.romanianmusicjourney.ro\u00a0<\/strong><\/p>\n\n\n\n<p>Proiectul nu reprezint\u0103 \u00een mod necesar pozi\u021bia Administra\u021biei Fondului Cultural Na\u021bional. AFCN nu este responsabil\u0103 de con\u021binutul proiectului sau de modul \u00een care rezultatele proiectului pot fi folosite. Acestea sunt \u00een \u00eentregime responsabilitatea beneficiarului finan\u021b\u0103rii.<\/p>\n\n\n\n<p><strong>Informa\u021bii despre proiect:<\/strong><\/p>\n\n\n\n<p>\u201e<strong>Identitatea<\/strong>\u00a0unei persoane nu este fixat\u0103 odat\u0103 pentru totdeauna, ci ea evolueaz\u0103 \u0219i corespunde unui \u201e<em>parcurs al vie\u021bii<\/em>&#8222;. Plec\u00e2nd de la aceast\u0103 fraz\u0103 prin care, \u00een cuvinte pu\u021bine, se dore\u0219te a sublinia esen\u021ba acestui proiect, programul turneului\u00a0\u201e<strong>Romanian Music Journey<\/strong>&#8221; propune pe de o parte o retrospectiv\u0103 a muzicii clasice rom\u00e2ne\u0219ti pentru voce, vioar\u0103 \u0219i pian, \u00eencerc\u00e2nd s\u0103 marcheze, \u00een 2021, aniversarea\/omagierea unora dintre cei mai importan\u021bi compozitori rom\u00e2ni: George Enescu (140 de ani de la na\u0219tere), Eduard Caudella (180 de ani de la na\u0219tere), Mihail Jora (130 de ani de la na\u0219tere \u0219i 50 de ani de la moarte) \u0219i Gherase Dendrino (120 de ani de la na\u0219tere), etc. De asemenea, programul turneului e menit s\u0103 traseze cu succes un arc peste timp \u0219i spa\u021biu, s\u0103 pun\u0103 \u00een eviden\u021b\u0103, prin intermediul pieselor muzicale, parcursul vie\u021bii rom\u00e2ne\u0219ti de la na\u0219tere \u0219i p\u00e2n\u0103 la moarte, un parcurs identitar ce porne\u0219te de la muzica de inspira\u021bie folcloric\u0103 a lui\u00a0<strong>Tiberiu Brediceanu<\/strong>\u00a0\u0219i\u00a0<strong>Paul Constantinescu<\/strong>, trec\u00e2nd prin armoniile distincte ale lui\u00a0<strong>George Enescu<\/strong>\u00a0\u0219i prin m\u0103iestria inegalabil\u0103 a c\u00e2ntecelor\u00a0<strong>Mariei T\u0103nase<\/strong>\u00a0\u0219i ajung\u00e2nd p\u00e2n\u0103 la muzica adus\u0103 \u00een actualitate de c\u0103tre renumitul compozitor \u0219i pianist francez\u00a0<strong>Thierry Huillet<\/strong>, care \u00eendr\u0103gostit de muzica rom\u00e2neasc\u0103 a compus \u00een 2019, \u00eempreun\u0103 cu violonista\u00a0<strong>Clara Cernat<\/strong>, so\u021bia sa, mai multe Rapsodii pentru vioar\u0103 \u0219i pian pe teme rom\u00e2ne\u0219ti. Programul propus de soprana\u00a0<strong>Rodica Vica<\/strong>\u00a0(pentru voce \u0219i pian) se completeaz\u0103 at\u00e2t cu noi aranjamente camerale ale unor piese pentru voce \u0219i pian la care se adaug\u0103 sunetul complex al viorii, c\u00e2t \u0219i cu Rapsodiile pe teme rom\u00e2ne\u0219ti\u00a0\u00abValahia Rhapsody\u00bb \u0219i \u00abVoyage Rhapsody\u00bb. Aceste ultime dou\u0103 compozi\u021bii sunt un omagiu adus marilor l\u0103utari rom\u00e2ni\u00a0<strong>Grigora\u0219<\/strong>\u00a0\u0219i\u00a0<strong>Anghelu\u0219 Dinicu<\/strong>,\u00a0<strong>Costic\u0103 Pompieru<\/strong>, inegalabilei\u00a0<strong>Maria T\u0103nase<\/strong>\u00a0\u0219i universalei personalit\u0103\u021bi a lui\u00a0<strong>Dimitrie Cantemir<\/strong>, ale c\u0103rui teme se \u00eempletesc cu temele alese din folclorul rom\u00e2nesc:\u00a0<em>Cioc\u00e2rlia<\/em>,\u00a0<em>Ciuleandra<\/em>,\u00a0<em>Ceasornicul<\/em>,\u00a0<em>C\u0103ru\u021ba Po\u0219tei<\/em>,\u00a0<em>Hora M\u0103r\u021bi\u0219orului<\/em>, pentru a aminti c\u00e2teva teme mitice ale folclorului rom\u00e2nesc ce se \u00eempletesc \u00eentr-o fascinant\u0103 spiral\u0103.<\/p>\n\n\n\n<p>Programul concertului va cuprinde piese de:\u00a0Nicolae Lungu (adaptare pentru voce, vioar\u0103 \u0219i pian de Thierry Huillet), Maria T\u0103nase (adaptare pentru voce, vioar\u0103 \u0219i pian de Thierry Huillet), Paul Constantinescu, Mihail Jora, George Stephanescu, Thierry Huillet, Eduard Caudella, Tiberiu Brediceanu, George Enescu, Nicolae Bretan (pe versuri de Mihai Eminescu) \u0219i Gherase Dendrino (adaptare pentru voce, vioar\u0103 \u0219i pian de Thierry Huillet).<\/p>\n\n\n\n<p><strong><em>***<\/em><\/strong><\/p>\n\n\n\n<figure class=\"wp-block-gallery columns-2 is-cropped wp-block-gallery-1 is-layout-flex wp-block-gallery-is-layout-flex\"><ul class=\"blocks-gallery-grid\"><li class=\"blocks-gallery-item\"><figure><img loading=\"lazy\" decoding=\"async\" width=\"960\" height=\"1280\" src=\"https:\/\/urbeamea.ro\/albaiulia\/wp-content\/uploads\/2021\/10\/Rodica-Vica-by-Tony-Gigov-960x1280.jpg\" alt=\"\" data-id=\"98560\" data-full-url=\"https:\/\/urbeamea.ro\/albaiulia\/wp-content\/uploads\/2021\/10\/Rodica-Vica-by-Tony-Gigov.jpg\" data-link=\"https:\/\/urbeamea.ro\/albaiulia\/?attachment_id=98560\" class=\"wp-image-98560\" srcset=\"https:\/\/urbeamea.ro\/albaiulia\/wp-content\/uploads\/2021\/10\/Rodica-Vica-by-Tony-Gigov-960x1280.jpg 960w, https:\/\/urbeamea.ro\/albaiulia\/wp-content\/uploads\/2021\/10\/Rodica-Vica-by-Tony-Gigov-480x640.jpg 480w, https:\/\/urbeamea.ro\/albaiulia\/wp-content\/uploads\/2021\/10\/Rodica-Vica-by-Tony-Gigov-113x150.jpg 113w, https:\/\/urbeamea.ro\/albaiulia\/wp-content\/uploads\/2021\/10\/Rodica-Vica-by-Tony-Gigov-768x1024.jpg 768w, https:\/\/urbeamea.ro\/albaiulia\/wp-content\/uploads\/2021\/10\/Rodica-Vica-by-Tony-Gigov-1152x1536.jpg 1152w, https:\/\/urbeamea.ro\/albaiulia\/wp-content\/uploads\/2021\/10\/Rodica-Vica-by-Tony-Gigov.jpg 1200w\" sizes=\"auto, (max-width: 960px) 100vw, 960px\" \/><figcaption class=\"blocks-gallery-item__caption\">Rodica Vica<\/figcaption><\/figure><\/li><li class=\"blocks-gallery-item\"><figure><img loading=\"lazy\" decoding=\"async\" width=\"1280\" height=\"969\" src=\"https:\/\/urbeamea.ro\/albaiulia\/wp-content\/uploads\/2021\/10\/Luminita-Arvunescu-by-Paul-Buciuta-1280x969.jpg\" alt=\"\" data-id=\"98562\" data-full-url=\"https:\/\/urbeamea.ro\/albaiulia\/wp-content\/uploads\/2021\/10\/Luminita-Arvunescu-by-Paul-Buciuta.jpg\" data-link=\"https:\/\/urbeamea.ro\/albaiulia\/?attachment_id=98562\" class=\"wp-image-98562\" srcset=\"https:\/\/urbeamea.ro\/albaiulia\/wp-content\/uploads\/2021\/10\/Luminita-Arvunescu-by-Paul-Buciuta-1280x969.jpg 1280w, https:\/\/urbeamea.ro\/albaiulia\/wp-content\/uploads\/2021\/10\/Luminita-Arvunescu-by-Paul-Buciuta-640x485.jpg 640w, https:\/\/urbeamea.ro\/albaiulia\/wp-content\/uploads\/2021\/10\/Luminita-Arvunescu-by-Paul-Buciuta-150x114.jpg 150w, https:\/\/urbeamea.ro\/albaiulia\/wp-content\/uploads\/2021\/10\/Luminita-Arvunescu-by-Paul-Buciuta-768x581.jpg 768w, https:\/\/urbeamea.ro\/albaiulia\/wp-content\/uploads\/2021\/10\/Luminita-Arvunescu-by-Paul-Buciuta.jpg 1416w\" sizes=\"auto, (max-width: 1280px) 100vw, 1280px\" \/><figcaption class=\"blocks-gallery-item__caption\">Luminita Arvunescu<\/figcaption><\/figure><\/li><\/ul><\/figure>\n\n\n\n<p><strong>Lumini\u021ba Arvunescu<\/strong>\u00a0este una dintre cele mai familiare \u0219i apreciate voci radiofonice ale cotidianului nostru, un nume care a dob\u00e2ndit, \u00een timp, notorietate. A absolvit Sec\u021bia de Muzicologie \u2013 ca \u0219ef\u0103 de promo\u021bie \u2013 la actuala Universitate Na\u021bional\u0103 de Muzic\u0103 din Bucure\u0219ti \u0219i are un doctorat ob\u021binut cu\u00a0<em>Summa cum laude<\/em>\u00a0\u00een domeniul Jurnalismului muzical. Este angajat\u0103 a Societ\u0103\u021bii Rom\u00e2ne de Radiodifuziune din 1990 &#8211; specializat\u0103 \u00een Muzica de Oper\u0103 \u2013 iar \u00een 1996 a contribuit la preg\u0103tirea \u0219i lansarea primului post de muzic\u0103 clasic\u0103 din \u021bar\u0103, Radio Rom\u00e2nia Muzical, de pe pozi\u021bia de editor,\u00a0pozi\u021bie pe care a ocupat-o p\u00e2n\u0103 \u00een 2004. Ca realizator &#8211; radio, s-a remarcat prin emisiunea \u201eSeara de oper\u0103&#8221;: nelipsit\u0103 din grila posturilor\u00a0Radio Rom\u00e2nia Muzical\u00a0\u0219i\u00a0Radio Rom\u00e2nia Cultural de peste 2 decenii \u0219i distins\u0103 cu\u00a0\u00a0<em>Premiul Uniunii Criticilor Muzicali<\/em>\u00a0(1998) \u0219i\u00a0<em>Premiul Musica Viva<strong>,<\/strong><\/em>\u00a0<em>acordat de Forumul Muzical Rom\u00e2n<\/em>\u00a0(2008). A arhivat zeci de emisiuni \u00een dialog cu personalit\u0103\u021bi artistice dintre cele mai importante: de la Virginia Zeani, Mariana Nicolesco \u0219i Nicolae Herlea, p\u00e2n\u0103 la Angela Gheorghiu, Roberto Alagna, Diana Damrau sau Piotr Beczala. A fost primul jurnalist acreditat de Radio Rom\u00e2nia \u00een Germania, dup\u0103 evenimentele din decembrie 1989,\u00a0pentru coresponden\u021be muzicale s\u0103pt\u0103m\u00e2nale. \u0218i, de asemenea, primul jurnalist muzical rom\u00e2n care a realizat transmisiuni directe din Studioul unui post de radio str\u0103in -\u00een 2011 \u0219i anii care au urmat- din studioul Radio Metropolitan Opera International din New York, transmisiuni care s-au bucurat de mare succes. A semnat numeroase articole, recenzii \u0219i interviuri \u00een diferite publica\u021bii. A ini\u021biat seratele\u00a0<strong>Opera FANtastica\u00a0<\/strong>\u00een anul 2016 &#8211; din dragoste pentru muzica \u0219i arti\u0219tii de oper\u0103 &#8211; dorindu-\u0219i s\u0103-i apropie pe cei din urm\u0103 de marele public, mai ales pe acei arti\u0219ti care sunt mai bine cunoscu\u021bi peste\u00a0hotare dec\u00e2t \u00een propria lor \u021bar\u0103. \u0218i, le-a adresat &#8211; \u00een primul r\u00e2nd, \u00eemp\u0103timi\u021bilor de oper\u0103, prin chiar ortografierea titlului \u2013 Opera FANtastica \u2013 Lumini\u021ba Arvunescu ar\u0103t\u00e2nd c\u0103 asociaz\u0103 cele dou\u0103 categorii, arti\u0219ti \u0219i public, \u00een accep\u021biunea de arti\u0219ti \u2013 capabili s\u0103 fac\u0103 din Oper\u0103, prin talentul \u0219i efortul lor, un t\u0103r\u00e2m &#8222;fantastic&#8221; \u2013 \u0219i de &#8222;Opera \u2013fan&#8221; \u2013 adic\u0103 public meloman, capabil de orice sacrificiu de sine pentru acest gen\u00a0muzical. Mai multe informa\u021bii despre proiectul OPERA FANtastica pot fi g\u0103site acces\u00e2nd site-ul:\u00a0http:\/\/musicarte.ro\/opera-fantastica\/<\/p>\n\n\n\n<p><strong>Rodica Vic\u0103<\/strong>\u00a0este solist invitat al multor opere \u0219i filarmonici at\u00e2t din Rom\u00e2nia c\u00e2t \u0219i din str\u0103in\u0103tate. Soprana debuteaz\u0103 pe scena Operei bucure\u0219tene \u00een 2010, urm\u00e2nd mai apoi s\u0103 colaboreze permanent cu aceast\u0103 institu\u021bie, interpret\u00e2nd roluri principale \u00een operele Flautul fermecat (Regina Nop\u021bii) \u0219i Don Giovanni (Donna Anna) de W. A. Mozart, Rita de G. Donizetti, Rosina din B\u0103rbierul din Sevilla de G.Rossini, Alcina de G. Fr. Haendel, etc. Rodica Vic\u0103 este c\u00e2\u0219tigatoarea a numeroase premii la concursuri na\u021bionale si interna\u021bionale: Premiul I la Concursul Interna\u0163ional de muzicabaroc\u0103 \u201eLa Stravaganza&#8221; Cluj- Napoca, Premiul II la Concursul Radiodifuziunii Rom\u00e2ne \u201eDrumul spre celebritate&#8221;, Premiul pentru cea mai Buna Interpretare Muzical\u0103 \u00een cadrul Trofeului \u201eIon Dacian&#8221; pentru Tineri Interpre\u0163i, \u0219.a. Activitatea artistic\u0103 actual\u0103 a sopranei Rodica Vic\u0103 include premiera mondial\u0103 a oratoriului Strigoii de George Enescu al\u0103turi de Rundfunk Sinfonieorchester Berlin la Konzerthaus Berlin, Gala OTP Bank la Sala Bela Bart\u00f3k de la M\u00fcpa Budapesta, Canto Barocco la Teatro La Fenice, Gloria de Antonio Vivaldi al\u0103turi de Accademia Bizantina condus\u0103 de Ottavio Dantone la deschiderea Festivalului Baroc Varazdin, La Lumiere Comique la Festivalul de Muzic\u0103 Veche de la Budapesta \u0219i BaRockIN&#8217; Transylvania cu orchestra Musica Ricercata, Matth\u00e4us Passion de J.S. Bach sub conducerea dirijoral\u0103 a lui Cristian M\u0103celaru la Ateneul Rom\u00e2n, Poemes pour mi de Olivier Messiaen al\u0103turi de Filarmonica Transilvania sub conducerea dirijorului Cristian Mandeal, concert \u00een cadrul Lunii Oedip la Londra, serat\u0103 inclus\u0103 \u00een evenimentele premerg\u0103toare premierei operei enesciene la Royal Opera House Covent Garden. De asemenea, angajamentele recente \u0219i viitoare includ debutul \u00een Violetta Valery din La Traviata de Giuseppe Verdi la Opera Na\u021bional\u0103 din Bucure\u0219ti, un turneu interna\u021bional inovator av\u00e2nd-o ca solist\u0103 \u0219i intitulat JAZZT Vivaldi care comemoreaz\u0103 280 de ani de la dispari\u021bia lui Antonio Vivaldi, participarea deosebit\u0103 la Festivalul interna\u021bional George Enescu cu premiera rom\u00e2neasc\u0103 a oratoriului Strigoii de George Enescu \u0219i un turneu interna\u021bional cameral menit s\u0103 celebreze genialitatea compozitorilor rom\u00e2ni &#8222;Romanian Music Journey&#8221;. Discografia Rodic\u0103i Vic\u0103 include dou\u0103 CD-uri, primul produs de casa de discuri Capriccio cu \u00eenregistrarea absolut\u0103 a oratoriului Strigoii de George Enescu (The Ghosts) \u0219i al doilea, Stars in the Sky lansat la sf\u00e2r\u0219itul anului 2018 la Musikverein Vienna- un proiect multicultural \u0219i unic care cuprinde o colec\u021bie de c\u00e2ntece de leag\u0103n din \u00eentreaga lume, al\u0103turi de celebra \u021biterist\u0103, Barbara Laister- Ebner, solista Concertului de Anul Nou de la Viena din 2018.\u00a0<\/p>\n\n\n\n<p><strong>Clara CERNAT<\/strong>, violonist\u0103 \u2013 recunoscut\u0103 drept ambasadoare a culturii rom\u00e2ne peste hotare, Clara Cernat s-a n\u0103scut pe malurile Dun\u0103rii, la Turnu-M\u0103gurele. Ea s-a afirmat foarte t\u00e2n\u0103r\u0103 pe plan interna\u021bional, imediat dup\u0103 absolvirea Universit\u0103\u021bii de Muzic\u0103 din Bucure\u0219ti, la clasa reputatului Maestru Stefan Gheorghiu, a fost selectat\u0103 printre cele \u00ab8 Mari Talente ale Europei\u00bb, ceea ce i-a permis s\u0103-\u0219i des\u0103v\u00e2r\u0219easc\u0103 arta interpretativ\u0103 cu renumitul violonist Tibor Varga. Cariera sa a evoluat pe importante scene ale lumii: Opera din Beijing NCPA, Seoul Arts Center, Centrul Cultural Kirschner din Buenos-Aires, Filarmonica din Roma, Teatrul Liceo, Palatul muzicii \u015fi Auditorim-ul din Barcelona, Salle Gaveau din Paris etc. Este des invitat\u0103 la importante festivaluri\u00a0muzicale: Festivalul Interna\u021bional George Enescu, Croisements (China), Suona Francese (Italia), Sylvanes (Franta), Kings Place Festival (Londra), etc. A \u00eenregistrat numeroase discuri cu muzic\u0103 de Enescu, Bloch, Turina, Porumbescu, Gershwin etc. acestea fiind primite cu entuziast at\u00e2t de publicul larg, c\u00e2t \u0219i de critica de specialitate. \u00cenregistr\u0103rile sale video i-au adus milioane de fani \u00een lumea \u00eentreaga.\u00a0<\/p>\n\n\n\n<p><strong>Thierry HUILLET<\/strong>, pianist \u0219i compozitor \u2013 n\u0103scut la Toulouse, pe malurile Garonei, cel mai important fluviu al Occitaniei, Thierry Huillet este un muzician cu multiple fa\u021bete, care a atins excelen\u021ba \u00een domeniile crea\u021biei \u0219i interpret\u0103rii muzicale. Important compozitor francez, cu peste 100 de opusuri, lucr\u0103rile sale se bucur\u0103 de mare succes, un exemplu fiind \u00abMicul Prin\u021b\u00bb pentru orchestr\u0103 simfonic\u0103 a fost interpretat de peste 20 de ori de c\u0103tre\u00a0: Orchestre National du Capitole de Toulouse (Fran\u021ba 2019 \u0219i 2020), Orchestre du Pays de B\u00e9arn (Fran\u021ba 2019), Orchestre National de Lille (Fran\u021ba 2021), Orchestra Na\u021bional\u0103 a Patagoniei (Argentina 2019), Orchestra de Camer\u0103 din Chi\u0219in\u0103u (Republica Moldova 2019). Ca pianist, a c\u00e2\u0219tigat Marele Premiu al celebrului \u00abCleveland International Piano Competition USA\u00bb, unul din concursurile de \u00abMare \u015elem\u00bb ale pianului, dac\u0103 l-am compara cu lumea tenisului. Este de asemenea laureat al Concursurilor Interna\u021bionale de pian Busoni (Italia) \u0219i Tokyo (Japonia). Thierry Huillet a absolvit Conservatorul National Superior din Paris, unde a ob\u021binut cele mai \u00eenalte distinc\u021bii la pian \u0219i alte discipline muzicale. A c\u00e2ntat pe marile scene ale lumii, \u00een recital \u0219i solist cu orchestra, al\u0103turi de Orchestra de la RAI (Italia), Cleveland Orchestra (SUA), Orchestre de Paris, Koreean Chamber Orchestra etc. Formeaz\u0103 \u00eempreuna cu so\u021bia sa Clara Cernat, un Duo reputat care a concertat pretutindeni, de la Paris la Lima, trec\u00e2nd prin Londra, Madrid, Santiago de Chile, Tokyo \u0219i alte mari metropole ale muzicii.\u00a0<\/p>\n\n\n\n<p><strong>Organizator:&nbsp;<\/strong>Asocia\u021bia pentru Muzic\u0103, Art\u0103 \u0219i Cultur\u0103<\/p>\n\n\n\n<p><strong>Co-finan\u021bat:&nbsp;<\/strong>AFCN \u2013 Administra\u021bia Fondului Cultural Na\u021bional<\/p>\n\n\n\n<p><strong>Parteneri:&nbsp;<\/strong>Conservatorul de Muzic\u0103 din Montauban \u2013 Fran\u021ba,&nbsp;Association des Amis de Thierry Huillet din Toulouse, Ambasada Rom\u00e2niei \u00een Republica Austria, Institutul Cultural Rom\u00e2n de la Viena, Complexul Muzeal Na\u021bional&nbsp;\u201eMoldova&#8221; Ia\u0219i, Universitatea Na\u021bional\u0103 de Arte George Enescu din Ia\u0219i, Filarmonica George Enescu din Bucure\u0219ti, Muzeul Etnografic al Transilvaniei din Cluj-Napoca, Filarmonica de Stat Transilvania din Cluj-Napoca&nbsp;\u0219i&nbsp;Prim\u0103ria Cluj-Napoca<\/p>\n\n\n\n<p><strong>Parteneri Media Na\u021bionali:<\/strong>&nbsp;TVR Interna\u021bional, Radio Rom\u00e2nia Muzical, Radio Rom\u00e2nia Cultural, RFI Rom\u00e2nia, Radio Trinitas, Radio Clasic, Agerpres, spotmedia, Zile \u0219i Nop\u021bi, Leviathan, Connect Arts \u0219i Emblematic Rom\u00e2nia<\/p>\n\n\n\n<p><strong>Parteneri Media Ia\u0219i:&nbsp;<\/strong>TVR Ia\u0219i, Ia\u0219i Life Tv, Radio Rom\u00e2nia Ia\u0219i, Suplimentul de Cultur\u0103, Curierul de Ia\u0219i, Bun\u0103 Ziua Ia\u0219i, Ask Ofelia \u0219i Cea\u0219ca de Cultur\u0103<\/p>\n\n\n\n<p><strong>Parteneri Media Bucure\u0219ti:<\/strong>\u00a0Revista Femeia, Revista Univers Psihologic, Revista Tango \u2013 Marea Dragoste, SensoTV,\u00a0Revista Actualitatea Muzical\u0103 a UCMR,\u00a0LiterNet.ro, BookHub, Literomania, Ziarul Metropolis, Revista Urbea mea,\u00a0IQads \u2013 Smark,\u00a0Jurnalul de Afaceri,\u00a0Catchy,\u00a0AgentiadeCarte.ro,\u00a0InOras.ro, Orasul meu,\u00a0Edi\u021bia de Diminea\u021b\u0103, B365.ro, ArtOut, Republika Kritica,\u00a0PRwave,\u00a0Bucure\u0219tii vechi \u0219i noi, Bucure\u0219ti City News,\u00a0Verbs describe us,\u00a04arte.ro, Onlinegallery.ro, Autentici.info,\u00a0Cea\u0219ca de Cultur\u0103,\u00a0Rom\u00e2nia Pozitiv\u0103, Bucharest Cultural Events, Bun\u0103 diminea\u021ba Bucure\u0219ti, EDPost, iTour, Jurnal de Bucure\u0219ti, Femei \u00een tendin\u021be, Promenada Cultural\u0103, Le Petit Journal<\/p>\n\n\n\n<p><strong>Parteneri Media Cluj-Napoca:\u00a0<\/strong>Visit Cluj-Napoca,Radio Rom\u00e2nia Cluj,Cluj 24h, Cluj.com, Clujul Cultural, I like Cluj, \u0218tirile Transilvaniei, Munteanu Recomand\u0103 \u0219i PMA Invest<\/p>\n\n\n\n<figure class=\"wp-block-image size-large\"><img loading=\"lazy\" decoding=\"async\" width=\"896\" height=\"1280\" src=\"https:\/\/urbeamea.ro\/albaiulia\/wp-content\/uploads\/2021\/10\/Romanian-Music-Journey-afis-70x100-Bucuresti-4-896x1280.jpg\" alt=\"\" class=\"wp-image-98559\" srcset=\"https:\/\/urbeamea.ro\/albaiulia\/wp-content\/uploads\/2021\/10\/Romanian-Music-Journey-afis-70x100-Bucuresti-4-896x1280.jpg 896w, https:\/\/urbeamea.ro\/albaiulia\/wp-content\/uploads\/2021\/10\/Romanian-Music-Journey-afis-70x100-Bucuresti-4-448x640.jpg 448w, https:\/\/urbeamea.ro\/albaiulia\/wp-content\/uploads\/2021\/10\/Romanian-Music-Journey-afis-70x100-Bucuresti-4-105x150.jpg 105w, https:\/\/urbeamea.ro\/albaiulia\/wp-content\/uploads\/2021\/10\/Romanian-Music-Journey-afis-70x100-Bucuresti-4-768x1097.jpg 768w, https:\/\/urbeamea.ro\/albaiulia\/wp-content\/uploads\/2021\/10\/Romanian-Music-Journey-afis-70x100-Bucuresti-4-1075x1536.jpg 1075w, https:\/\/urbeamea.ro\/albaiulia\/wp-content\/uploads\/2021\/10\/Romanian-Music-Journey-afis-70x100-Bucuresti-4.jpg 1120w\" sizes=\"auto, (max-width: 896px) 100vw, 896px\" \/><\/figure>\n","protected":false},"excerpt":{"rendered":"<p>Mar\u021bi,\u00a026 octombrie 2021, ora 19:00, Filarmonica George Enescu \u0219i Asocia\u021bia pentru Muzic\u0103, Art\u0103 \u0219i Cultur\u0103 v\u0103 invit\u0103 la Ateneul Rom\u00e2n, pentru cel de-al patrulea concert-conversa\u021bie\u00a0pe tema\u00a0\u201eDe ce europenii iubesc muzica rom\u00e2neasc\u0103?&#8221;\u00a0sus\u021binut de soprana\u00a0Rodica VICA, violonista\u00a0Clara CERNAT\u00a0\u0219i pianistul \u0219i compozitorul francez\u00a0Thierry HUILLET\u00a0\u00een cadrul turneului interna\u021bional\u00a0&#8222;Romanian Music Journey&#8222;.\u00a0Evenimentul este\u00a0co-finan\u021bat de\u00a0AFCN \u2013 Administra\u021bia Fondului Cultural Na\u021bional\u00a0\u0219i va fi &hellip;<\/p>\n","protected":false},"author":5,"featured_media":98558,"comment_status":"open","ping_status":"open","sticky":false,"template":"","format":"standard","meta":{"inline_featured_image":false,"footnotes":""},"categories":[4],"tags":[23778],"class_list":["post-98557","post","type-post","status-publish","format-standard","has-post-thumbnail","hentry","category-eveniment","tag-romanian-music-journey"],"yoast_head":"<!-- This site is optimized with the Yoast SEO plugin v27.4 - https:\/\/yoast.com\/product\/yoast-seo-wordpress\/ -->\n<title>OPERA FANtastic\u0103 prezint\u0103 turneul interna\u021bional &quot;Romanian Music Journey&quot; la Ateneul Rom\u00e2n - Revista Urbea Mea - Revista de Alba<\/title>\n<meta name=\"description\" content=\"Mar\u021bi,\u00a026 octombrie 2021, ora 19:00, Filarmonica George Enescu \u0219i Asocia\u021bia pentru Muzic\u0103, Art\u0103 \u0219i Cultur\u0103 v\u0103 invit\u0103 la Ateneul Rom\u00e2n, pentru cel de-al\" \/>\n<meta name=\"robots\" content=\"index, follow, max-snippet:-1, max-image-preview:large, max-video-preview:-1\" \/>\n<link rel=\"canonical\" href=\"https:\/\/urbeamea.ro\/albaiulia\/opera-fantastica-prezinta-turneul-international-romanian-music-journey-la-ateneul-roman\/\" \/>\n<meta name=\"twitter:card\" content=\"summary_large_image\" \/>\n<meta name=\"twitter:title\" content=\"OPERA FANtastic\u0103 prezint\u0103 turneul interna\u021bional &quot;Romanian Music Journey&quot; la Ateneul Rom\u00e2n - Revista Urbea Mea - Revista de Alba\" \/>\n<meta name=\"twitter:description\" content=\"Mar\u021bi,\u00a026 octombrie 2021, ora 19:00, Filarmonica George Enescu \u0219i Asocia\u021bia pentru Muzic\u0103, Art\u0103 \u0219i Cultur\u0103 v\u0103 invit\u0103 la Ateneul Rom\u00e2n, pentru cel de-al\" \/>\n<meta name=\"twitter:image\" content=\"https:\/\/urbeamea.ro\/albaiulia\/wp-content\/uploads\/2021\/10\/Clara-Cernat-Thierry-Huillet.jpg\" \/>\n<meta name=\"twitter:creator\" content=\"@urbeameaweb\" \/>\n<meta name=\"twitter:site\" content=\"@urbeameaweb\" \/>\n<script type=\"application\/ld+json\" class=\"yoast-schema-graph\">{\"@context\":\"https:\\\/\\\/schema.org\",\"@graph\":[{\"@type\":\"Article\",\"@id\":\"https:\\\/\\\/urbeamea.ro\\\/albaiulia\\\/opera-fantastica-prezinta-turneul-international-romanian-music-journey-la-ateneul-roman\\\/#article\",\"isPartOf\":{\"@id\":\"https:\\\/\\\/urbeamea.ro\\\/albaiulia\\\/opera-fantastica-prezinta-turneul-international-romanian-music-journey-la-ateneul-roman\\\/\"},\"author\":{\"name\":\"Bogdan P\u0103unescu\",\"@id\":\"https:\\\/\\\/urbeamea.ro\\\/albaiulia\\\/#\\\/schema\\\/person\\\/a115373ce8153754c6b084232d985956\"},\"headline\":\"OPERA FANtastic\u0103 prezint\u0103 turneul interna\u021bional &#8222;Romanian Music Journey&#8221; la Ateneul Rom\u00e2n\",\"datePublished\":\"2021-10-19T11:31:21+00:00\",\"dateModified\":\"2021-10-19T11:35:12+00:00\",\"mainEntityOfPage\":{\"@id\":\"https:\\\/\\\/urbeamea.ro\\\/albaiulia\\\/opera-fantastica-prezinta-turneul-international-romanian-music-journey-la-ateneul-roman\\\/\"},\"wordCount\":2275,\"commentCount\":0,\"image\":{\"@id\":\"https:\\\/\\\/urbeamea.ro\\\/albaiulia\\\/opera-fantastica-prezinta-turneul-international-romanian-music-journey-la-ateneul-roman\\\/#primaryimage\"},\"thumbnailUrl\":\"https:\\\/\\\/urbeamea.ro\\\/albaiulia\\\/wp-content\\\/uploads\\\/2021\\\/10\\\/Clara-Cernat-Thierry-Huillet.jpg\",\"keywords\":[\"Romanian Music Journey\"],\"articleSection\":[\"Evenimente\"],\"inLanguage\":\"ro-RO\",\"potentialAction\":[{\"@type\":\"CommentAction\",\"name\":\"Comment\",\"target\":[\"https:\\\/\\\/urbeamea.ro\\\/albaiulia\\\/opera-fantastica-prezinta-turneul-international-romanian-music-journey-la-ateneul-roman\\\/#respond\"]}]},{\"@type\":\"WebPage\",\"@id\":\"https:\\\/\\\/urbeamea.ro\\\/albaiulia\\\/opera-fantastica-prezinta-turneul-international-romanian-music-journey-la-ateneul-roman\\\/\",\"url\":\"https:\\\/\\\/urbeamea.ro\\\/albaiulia\\\/opera-fantastica-prezinta-turneul-international-romanian-music-journey-la-ateneul-roman\\\/\",\"name\":\"OPERA FANtastic\u0103 prezint\u0103 turneul interna\u021bional \\\"Romanian Music Journey\\\" la Ateneul Rom\u00e2n - Revista Urbea Mea - Revista de Alba\",\"isPartOf\":{\"@id\":\"https:\\\/\\\/urbeamea.ro\\\/albaiulia\\\/#website\"},\"primaryImageOfPage\":{\"@id\":\"https:\\\/\\\/urbeamea.ro\\\/albaiulia\\\/opera-fantastica-prezinta-turneul-international-romanian-music-journey-la-ateneul-roman\\\/#primaryimage\"},\"image\":{\"@id\":\"https:\\\/\\\/urbeamea.ro\\\/albaiulia\\\/opera-fantastica-prezinta-turneul-international-romanian-music-journey-la-ateneul-roman\\\/#primaryimage\"},\"thumbnailUrl\":\"https:\\\/\\\/urbeamea.ro\\\/albaiulia\\\/wp-content\\\/uploads\\\/2021\\\/10\\\/Clara-Cernat-Thierry-Huillet.jpg\",\"datePublished\":\"2021-10-19T11:31:21+00:00\",\"dateModified\":\"2021-10-19T11:35:12+00:00\",\"author\":{\"@id\":\"https:\\\/\\\/urbeamea.ro\\\/albaiulia\\\/#\\\/schema\\\/person\\\/a115373ce8153754c6b084232d985956\"},\"description\":\"Mar\u021bi,\u00a026 octombrie 2021, ora 19:00, Filarmonica George Enescu \u0219i Asocia\u021bia pentru Muzic\u0103, Art\u0103 \u0219i Cultur\u0103 v\u0103 invit\u0103 la Ateneul Rom\u00e2n, pentru cel de-al\",\"breadcrumb\":{\"@id\":\"https:\\\/\\\/urbeamea.ro\\\/albaiulia\\\/opera-fantastica-prezinta-turneul-international-romanian-music-journey-la-ateneul-roman\\\/#breadcrumb\"},\"inLanguage\":\"ro-RO\",\"potentialAction\":[{\"@type\":\"ReadAction\",\"target\":[\"https:\\\/\\\/urbeamea.ro\\\/albaiulia\\\/opera-fantastica-prezinta-turneul-international-romanian-music-journey-la-ateneul-roman\\\/\"]}]},{\"@type\":\"ImageObject\",\"inLanguage\":\"ro-RO\",\"@id\":\"https:\\\/\\\/urbeamea.ro\\\/albaiulia\\\/opera-fantastica-prezinta-turneul-international-romanian-music-journey-la-ateneul-roman\\\/#primaryimage\",\"url\":\"https:\\\/\\\/urbeamea.ro\\\/albaiulia\\\/wp-content\\\/uploads\\\/2021\\\/10\\\/Clara-Cernat-Thierry-Huillet.jpg\",\"contentUrl\":\"https:\\\/\\\/urbeamea.ro\\\/albaiulia\\\/wp-content\\\/uploads\\\/2021\\\/10\\\/Clara-Cernat-Thierry-Huillet.jpg\",\"width\":1600,\"height\":1227},{\"@type\":\"BreadcrumbList\",\"@id\":\"https:\\\/\\\/urbeamea.ro\\\/albaiulia\\\/opera-fantastica-prezinta-turneul-international-romanian-music-journey-la-ateneul-roman\\\/#breadcrumb\",\"itemListElement\":[{\"@type\":\"ListItem\",\"position\":1,\"name\":\"Prima pagin\u0103\",\"item\":\"https:\\\/\\\/urbeamea.ro\\\/albaiulia\\\/\"},{\"@type\":\"ListItem\",\"position\":2,\"name\":\"OPERA FANtastic\u0103 prezint\u0103 turneul interna\u021bional &#8222;Romanian Music Journey&#8221; la Ateneul Rom\u00e2n\"}]},{\"@type\":\"WebSite\",\"@id\":\"https:\\\/\\\/urbeamea.ro\\\/albaiulia\\\/#website\",\"url\":\"https:\\\/\\\/urbeamea.ro\\\/albaiulia\\\/\",\"name\":\"Revista Urbea Mea, Stiri urbane\",\"description\":\"Evenimente \u0219i \u0219tiri din Alba Iulia, Sebe\u0219, Aiud, Blaj\",\"potentialAction\":[{\"@type\":\"SearchAction\",\"target\":{\"@type\":\"EntryPoint\",\"urlTemplate\":\"https:\\\/\\\/urbeamea.ro\\\/albaiulia\\\/?s={search_term_string}\"},\"query-input\":{\"@type\":\"PropertyValueSpecification\",\"valueRequired\":true,\"valueName\":\"search_term_string\"}}],\"inLanguage\":\"ro-RO\"},{\"@type\":\"Person\",\"@id\":\"https:\\\/\\\/urbeamea.ro\\\/albaiulia\\\/#\\\/schema\\\/person\\\/a115373ce8153754c6b084232d985956\",\"name\":\"Bogdan P\u0103unescu\",\"image\":{\"@type\":\"ImageObject\",\"inLanguage\":\"ro-RO\",\"@id\":\"https:\\\/\\\/secure.gravatar.com\\\/avatar\\\/f72aa881b5a32ea110a53aabc2049429e3ff68fcb09d283722d01fbf330e9dd9?s=96&d=mm&r=g\",\"url\":\"https:\\\/\\\/secure.gravatar.com\\\/avatar\\\/f72aa881b5a32ea110a53aabc2049429e3ff68fcb09d283722d01fbf330e9dd9?s=96&d=mm&r=g\",\"contentUrl\":\"https:\\\/\\\/secure.gravatar.com\\\/avatar\\\/f72aa881b5a32ea110a53aabc2049429e3ff68fcb09d283722d01fbf330e9dd9?s=96&d=mm&r=g\",\"caption\":\"Bogdan P\u0103unescu\"},\"description\":\"\u00cemi place tot ceea ce este legat de web \u015fi ajut la dezvoltarea \u015fi \u00eembun\u0103t\u0103\u0163irea lui prin tot ceea ce fac.\",\"sameAs\":[\"https:\\\/\\\/www.artonmedia.ro\",\"https:\\\/\\\/www.facebook.com\\\/bogdanvpaunescu\"],\"url\":\"https:\\\/\\\/urbeamea.ro\\\/albaiulia\\\/author\\\/bogdan-paunescu\\\/\"}]}<\/script>\n<!-- \/ Yoast SEO plugin. -->","yoast_head_json":{"title":"OPERA FANtastic\u0103 prezint\u0103 turneul interna\u021bional \"Romanian Music Journey\" la Ateneul Rom\u00e2n - Revista Urbea Mea - Revista de Alba","description":"Mar\u021bi,\u00a026 octombrie 2021, ora 19:00, Filarmonica George Enescu \u0219i Asocia\u021bia pentru Muzic\u0103, Art\u0103 \u0219i Cultur\u0103 v\u0103 invit\u0103 la Ateneul Rom\u00e2n, pentru cel de-al","robots":{"index":"index","follow":"follow","max-snippet":"max-snippet:-1","max-image-preview":"max-image-preview:large","max-video-preview":"max-video-preview:-1"},"canonical":"https:\/\/urbeamea.ro\/albaiulia\/opera-fantastica-prezinta-turneul-international-romanian-music-journey-la-ateneul-roman\/","twitter_card":"summary_large_image","twitter_title":"OPERA FANtastic\u0103 prezint\u0103 turneul interna\u021bional \"Romanian Music Journey\" la Ateneul Rom\u00e2n - Revista Urbea Mea - Revista de Alba","twitter_description":"Mar\u021bi,\u00a026 octombrie 2021, ora 19:00, Filarmonica George Enescu \u0219i Asocia\u021bia pentru Muzic\u0103, Art\u0103 \u0219i Cultur\u0103 v\u0103 invit\u0103 la Ateneul Rom\u00e2n, pentru cel de-al","twitter_image":"https:\/\/urbeamea.ro\/albaiulia\/wp-content\/uploads\/2021\/10\/Clara-Cernat-Thierry-Huillet.jpg","twitter_creator":"@urbeameaweb","twitter_site":"@urbeameaweb","schema":{"@context":"https:\/\/schema.org","@graph":[{"@type":"Article","@id":"https:\/\/urbeamea.ro\/albaiulia\/opera-fantastica-prezinta-turneul-international-romanian-music-journey-la-ateneul-roman\/#article","isPartOf":{"@id":"https:\/\/urbeamea.ro\/albaiulia\/opera-fantastica-prezinta-turneul-international-romanian-music-journey-la-ateneul-roman\/"},"author":{"name":"Bogdan P\u0103unescu","@id":"https:\/\/urbeamea.ro\/albaiulia\/#\/schema\/person\/a115373ce8153754c6b084232d985956"},"headline":"OPERA FANtastic\u0103 prezint\u0103 turneul interna\u021bional &#8222;Romanian Music Journey&#8221; la Ateneul Rom\u00e2n","datePublished":"2021-10-19T11:31:21+00:00","dateModified":"2021-10-19T11:35:12+00:00","mainEntityOfPage":{"@id":"https:\/\/urbeamea.ro\/albaiulia\/opera-fantastica-prezinta-turneul-international-romanian-music-journey-la-ateneul-roman\/"},"wordCount":2275,"commentCount":0,"image":{"@id":"https:\/\/urbeamea.ro\/albaiulia\/opera-fantastica-prezinta-turneul-international-romanian-music-journey-la-ateneul-roman\/#primaryimage"},"thumbnailUrl":"https:\/\/urbeamea.ro\/albaiulia\/wp-content\/uploads\/2021\/10\/Clara-Cernat-Thierry-Huillet.jpg","keywords":["Romanian Music Journey"],"articleSection":["Evenimente"],"inLanguage":"ro-RO","potentialAction":[{"@type":"CommentAction","name":"Comment","target":["https:\/\/urbeamea.ro\/albaiulia\/opera-fantastica-prezinta-turneul-international-romanian-music-journey-la-ateneul-roman\/#respond"]}]},{"@type":"WebPage","@id":"https:\/\/urbeamea.ro\/albaiulia\/opera-fantastica-prezinta-turneul-international-romanian-music-journey-la-ateneul-roman\/","url":"https:\/\/urbeamea.ro\/albaiulia\/opera-fantastica-prezinta-turneul-international-romanian-music-journey-la-ateneul-roman\/","name":"OPERA FANtastic\u0103 prezint\u0103 turneul interna\u021bional \"Romanian Music Journey\" la Ateneul Rom\u00e2n - Revista Urbea Mea - Revista de Alba","isPartOf":{"@id":"https:\/\/urbeamea.ro\/albaiulia\/#website"},"primaryImageOfPage":{"@id":"https:\/\/urbeamea.ro\/albaiulia\/opera-fantastica-prezinta-turneul-international-romanian-music-journey-la-ateneul-roman\/#primaryimage"},"image":{"@id":"https:\/\/urbeamea.ro\/albaiulia\/opera-fantastica-prezinta-turneul-international-romanian-music-journey-la-ateneul-roman\/#primaryimage"},"thumbnailUrl":"https:\/\/urbeamea.ro\/albaiulia\/wp-content\/uploads\/2021\/10\/Clara-Cernat-Thierry-Huillet.jpg","datePublished":"2021-10-19T11:31:21+00:00","dateModified":"2021-10-19T11:35:12+00:00","author":{"@id":"https:\/\/urbeamea.ro\/albaiulia\/#\/schema\/person\/a115373ce8153754c6b084232d985956"},"description":"Mar\u021bi,\u00a026 octombrie 2021, ora 19:00, Filarmonica George Enescu \u0219i Asocia\u021bia pentru Muzic\u0103, Art\u0103 \u0219i Cultur\u0103 v\u0103 invit\u0103 la Ateneul Rom\u00e2n, pentru cel de-al","breadcrumb":{"@id":"https:\/\/urbeamea.ro\/albaiulia\/opera-fantastica-prezinta-turneul-international-romanian-music-journey-la-ateneul-roman\/#breadcrumb"},"inLanguage":"ro-RO","potentialAction":[{"@type":"ReadAction","target":["https:\/\/urbeamea.ro\/albaiulia\/opera-fantastica-prezinta-turneul-international-romanian-music-journey-la-ateneul-roman\/"]}]},{"@type":"ImageObject","inLanguage":"ro-RO","@id":"https:\/\/urbeamea.ro\/albaiulia\/opera-fantastica-prezinta-turneul-international-romanian-music-journey-la-ateneul-roman\/#primaryimage","url":"https:\/\/urbeamea.ro\/albaiulia\/wp-content\/uploads\/2021\/10\/Clara-Cernat-Thierry-Huillet.jpg","contentUrl":"https:\/\/urbeamea.ro\/albaiulia\/wp-content\/uploads\/2021\/10\/Clara-Cernat-Thierry-Huillet.jpg","width":1600,"height":1227},{"@type":"BreadcrumbList","@id":"https:\/\/urbeamea.ro\/albaiulia\/opera-fantastica-prezinta-turneul-international-romanian-music-journey-la-ateneul-roman\/#breadcrumb","itemListElement":[{"@type":"ListItem","position":1,"name":"Prima pagin\u0103","item":"https:\/\/urbeamea.ro\/albaiulia\/"},{"@type":"ListItem","position":2,"name":"OPERA FANtastic\u0103 prezint\u0103 turneul interna\u021bional &#8222;Romanian Music Journey&#8221; la Ateneul Rom\u00e2n"}]},{"@type":"WebSite","@id":"https:\/\/urbeamea.ro\/albaiulia\/#website","url":"https:\/\/urbeamea.ro\/albaiulia\/","name":"Revista Urbea Mea, Stiri urbane","description":"Evenimente \u0219i \u0219tiri din Alba Iulia, Sebe\u0219, Aiud, Blaj","potentialAction":[{"@type":"SearchAction","target":{"@type":"EntryPoint","urlTemplate":"https:\/\/urbeamea.ro\/albaiulia\/?s={search_term_string}"},"query-input":{"@type":"PropertyValueSpecification","valueRequired":true,"valueName":"search_term_string"}}],"inLanguage":"ro-RO"},{"@type":"Person","@id":"https:\/\/urbeamea.ro\/albaiulia\/#\/schema\/person\/a115373ce8153754c6b084232d985956","name":"Bogdan P\u0103unescu","image":{"@type":"ImageObject","inLanguage":"ro-RO","@id":"https:\/\/secure.gravatar.com\/avatar\/f72aa881b5a32ea110a53aabc2049429e3ff68fcb09d283722d01fbf330e9dd9?s=96&d=mm&r=g","url":"https:\/\/secure.gravatar.com\/avatar\/f72aa881b5a32ea110a53aabc2049429e3ff68fcb09d283722d01fbf330e9dd9?s=96&d=mm&r=g","contentUrl":"https:\/\/secure.gravatar.com\/avatar\/f72aa881b5a32ea110a53aabc2049429e3ff68fcb09d283722d01fbf330e9dd9?s=96&d=mm&r=g","caption":"Bogdan P\u0103unescu"},"description":"\u00cemi place tot ceea ce este legat de web \u015fi ajut la dezvoltarea \u015fi \u00eembun\u0103t\u0103\u0163irea lui prin tot ceea ce fac.","sameAs":["https:\/\/www.artonmedia.ro","https:\/\/www.facebook.com\/bogdanvpaunescu"],"url":"https:\/\/urbeamea.ro\/albaiulia\/author\/bogdan-paunescu\/"}]}},"_links":{"self":[{"href":"https:\/\/urbeamea.ro\/albaiulia\/wp-json\/wp\/v2\/posts\/98557","targetHints":{"allow":["GET"]}}],"collection":[{"href":"https:\/\/urbeamea.ro\/albaiulia\/wp-json\/wp\/v2\/posts"}],"about":[{"href":"https:\/\/urbeamea.ro\/albaiulia\/wp-json\/wp\/v2\/types\/post"}],"author":[{"embeddable":true,"href":"https:\/\/urbeamea.ro\/albaiulia\/wp-json\/wp\/v2\/users\/5"}],"replies":[{"embeddable":true,"href":"https:\/\/urbeamea.ro\/albaiulia\/wp-json\/wp\/v2\/comments?post=98557"}],"version-history":[{"count":2,"href":"https:\/\/urbeamea.ro\/albaiulia\/wp-json\/wp\/v2\/posts\/98557\/revisions"}],"predecessor-version":[{"id":98564,"href":"https:\/\/urbeamea.ro\/albaiulia\/wp-json\/wp\/v2\/posts\/98557\/revisions\/98564"}],"wp:featuredmedia":[{"embeddable":true,"href":"https:\/\/urbeamea.ro\/albaiulia\/wp-json\/wp\/v2\/media\/98558"}],"wp:attachment":[{"href":"https:\/\/urbeamea.ro\/albaiulia\/wp-json\/wp\/v2\/media?parent=98557"}],"wp:term":[{"taxonomy":"category","embeddable":true,"href":"https:\/\/urbeamea.ro\/albaiulia\/wp-json\/wp\/v2\/categories?post=98557"},{"taxonomy":"post_tag","embeddable":true,"href":"https:\/\/urbeamea.ro\/albaiulia\/wp-json\/wp\/v2\/tags?post=98557"}],"curies":[{"name":"wp","href":"https:\/\/api.w.org\/{rel}","templated":true}]}}