{"id":98634,"date":"2021-10-23T12:36:46","date_gmt":"2021-10-23T09:36:46","guid":{"rendered":"https:\/\/urbeamea.ro\/albaiulia\/?p=98634"},"modified":"2021-10-23T12:36:47","modified_gmt":"2021-10-23T09:36:47","slug":"acuarela-cu-centrul-istoric-al-orasului-anul-1820-exponatul-lunii-octombrie-la-muzeul-municipal-ioan-raica-din-sebes","status":"publish","type":"post","link":"https:\/\/urbeamea.ro\/albaiulia\/acuarela-cu-centrul-istoric-al-orasului-anul-1820-exponatul-lunii-octombrie-la-muzeul-municipal-ioan-raica-din-sebes\/","title":{"rendered":"Acuarel\u0103 cu centrul istoric al ora\u0219ului, anul 1820, exponatul lunii octombrie la Muzeul Municipal &#8222;Ioan Raica&#8221; din Sebe\u0219"},"content":{"rendered":"\n<h3 class=\"wp-block-heading\">Exponatul lunii octombrie la Muzeul Municipal \u201eIoan Raica&#8221; Sebe\u015f este o acuarel\u0103 realizat\u0103 de Rudolf P\u00fchringer, \u00een anul 1937, care reproduce o imagine mai veche, dat\u00e2nd din 1820, a Pie\u0163ei Mari a ora\u0219ului Sebe\u0219. Imaginea surprinde aproape \u00eentregul areal al acesteia, scena fiind v\u0103zut\u0103 de undeva din col\u021bul de nord-vest al pie\u021bei, de la nivelul solului. Suprafa\u021ba sa este delimitat\u0103 spre sud, de \u0219an\u021bul inundat, traversat de pode\u021be din lemn, dincolo de care \u00eencepea trotuarul.<\/h3>\n\n\n\n<p>Chiar dac\u0103 nu pare a fi o zi de t\u00e2rg, pia\u021ba este animat\u0103, fiind populat\u0103 de c\u00e2teva personaje, de etnii \u0219i cu statut social diferite, redate \u00een diverse ipostaze. \u00cen prim-plan, de la st\u00e2nga spre dreapta, sunt redate \u0219ase personaje. Primele dou\u0103, b\u0103rbat \u0219i femeie, m\u0103tur\u0103 acea parte a pie\u021bei. La picioarele femeii se afl\u0103 \u0219i o roab\u0103, folosit\u0103, probabil, tot la cur\u0103\u021benie. \u00cen apropierea lor, un b\u0103rbat, or\u0103\u0219ean dup\u0103 port, cu p\u0103l\u0103rie \u0219i \u021bin\u00e2nd \u00een m\u00e2n\u0103 un baston, se plimb\u0103 lini\u0219tit. Ceva mai departe, dou\u0103 doamne, cu rochii lungi p\u00e2n\u0103 la p\u0103m\u00e2nt \u0219i cu p\u0103l\u0103rii, se \u00eendreapt\u0103 discut\u00e2nd spre hala breslelor. \u00cen fa\u021ba unei mici cl\u0103diri, situate, spre nord, \u00een continuarea halei breslelor, atelierul tinichigiului Kandert, un b\u0103rbat, poate chiar proprietarul, fumeaz\u0103 din pip\u0103, sprijinindu-se de zid. \u00cen plan secund, undeva la marginea din st\u00e2nga a compozi\u021biei, sunt redate dou\u0103 personaje, b\u0103rbat \u0219i femeie, \u00eembr\u0103cate \u00een port tradi\u021bional rom\u00e2nesc, discut\u00e2nd, \u00een picioare, \u00een spatele unei c\u0103ru\u021be cu coviltir, la care este \u00eenh\u0103mat un cal. Nu departe de cei doi, aproape de fundal, ie\u0219ind de pe uli\u0163a Petre\u015ftiului (actuala str. Bistrei), un alt \u021b\u0103ran rom\u00e2n conduce un car \u00eenc\u0103rcat, tras de doi boi. \u00cen apropiere, \u00een fa\u021ba primului imobil, trece un hornar, duc\u00e2nd pe um\u0103r o scar\u0103. \u00cen fa\u021ba cl\u0103dirii \u00eenvecinate, pr\u0103v\u0103lie sau restaurant, un b\u0103rbat \u0219i o femeie, sa\u0219i dup\u0103 port, par s\u0103-\u0219i a\u0219tepte clien\u021bii. Undeva \u00een apropierea centrului pie\u021bei, este redat\u0103 o alt\u0103 c\u0103ru\u021b\u0103 cu coviltir, tras\u0103 de boi, ai c\u0103rei pasageri, probabil rom\u00e2ni, se afl\u0103 \u00een apropiere, unul dintre ei \u0219ez\u00e2nd. \u00cen partea dreapt\u0103, \u00een apropierea halei breslelor, se afl\u0103 un grup de trei femei, \u00een jurul a ceva ce pare a fi o tarab\u0103, una dintre ele, cea cu umbrelu\u021b\u0103 \u0219i \u00eenso\u021bit\u0103 de un c\u00e2ine, t\u00e2rguindu-se. \u00cen fundal, \u00een apropierea unei alte pr\u0103v\u0103lii, un personaj \u00ee\u0219i a\u0219teapt\u0103 clien\u021bii, iar \u00een fa\u021ba cl\u0103dirii \u00eenvecinate, sediu al garnizoanei Sebe\u0219ului la acea dat\u0103, trei solda\u021bi p\u0103zesc intrarea.<\/p>\n\n\n\n<p>Fa\u021badele cl\u0103dirilor care m\u0103rginesc latura sudic\u0103 a pie\u021bei au fost redate detaliat, put\u00e2ndu-se observa at\u00e2t elementele de decor arhitectural, c\u00e2t \u0219i cromatica fa\u021badelor. Acuarela demonstreaz\u0103 c\u0103 imobilele din aceast\u0103 parte a ora\u015fului nu au suferit p\u00e2n\u0103 \u00een prezent dec\u00e2t transform\u0103ri minore, viz\u00e2nd, \u00een special, decora\u021bia, cu o singur\u0103 excep\u021bie, cea a edificiului care, la acea dat\u0103, ad\u0103postea garnizoana ora\u0219ului. Aceast\u0103 cl\u0103dire a fost cump\u0103rat\u0103, \u00een anul 1861, de c\u0103tre exploratorul \u015fi colec\u0163ionarul Franz Binder, care a renovat-o, \u00eenzestr\u00e2nd-o cu o nou\u0103 fa\u0163ad\u0103, de manier\u0103 eclectic\u0103.<\/p>\n\n\n\n<p>Acuarela este semnat\u0103 \u0219i datat\u0103 \u00een col\u021bul din st\u00e2nga, jos: \u201eP\u00fchringer 1937&#8243;. \u00cen subsolul tabloului, sub titlul imaginii pe care a reprodus-o, \u201eProspect des Groszen Platzes der Stadt M\u00fchlbach in Siebenb\u00fcrgen A<sup>o<\/sup>&nbsp;1820&#8243;, autorul consemneaz\u0103 numele proprietarilor imobilelor redate, din 1820 p\u00e2n\u0103 \u00een 1937, c\u00e2nd a fost realizat\u0103 acuarela.<\/p>\n\n\n\n<p><em>Rudolf Ottokar P\u00fchringer (1875-?) s-a n\u0103scut \u00een 28 aprilie 1875, la Praga, fiind fiul ofi\u0163erului Maximilian P\u00fchringer \u015fi al\u00a0Bertei, n\u0103scut\u0103\u00a0Schwanenbeck. Urm\u00e2nd exemplul tat\u0103lui s\u0103u, a \u00eembr\u0103\u0163i\u015fat cariera militar\u0103, ajung\u00e2nd locotenent-colonel la Regimentul 8 de Geniu, \u00eempreun\u0103 cu care s-a deplasat \u00een nordul Ardealului \u00een contextul lucr\u0103rilor la c\u0103ile ferate de acolo. La 8 iunie 1907 s-a c\u0103s\u0103torit cu Henriette Bauman, la Sebe\u015f, unde s-a \u015fi stabilit \u015fi\u00a0\u00eempreun\u0103 au avut patru copii. F\u0103r\u0103 a avea studii \u00een domeniul artelor, a pictat, cu predilec\u0163ie, acuarele, f\u0103r\u0103 a neglija \u00eens\u0103 \u015fi alte tehnici (uleiul). De\u015fi se cunosc pu\u0163ine lucr\u0103ri ale sale (\u201eCastelul Kreuzenstein&#8221;, \u201eLacul \u015fi Turnul Studentului&#8221;, ambele p\u0103strate \u00een colec\u0163ia Friedrich Mauksch), se poate afirma despre Rudolf P\u00fchringer c\u0103 este un artist atent la detalii, lucr\u0103rile sale av\u00e2nd, \u00een prezent, o important\u0103 valoare documentar\u0103.<\/em><\/p>\n","protected":false},"excerpt":{"rendered":"<p>Exponatul lunii octombrie la Muzeul Municipal \u201eIoan Raica&#8221; Sebe\u015f este o acuarel\u0103 realizat\u0103 de Rudolf P\u00fchringer, \u00een anul 1937, care reproduce o imagine mai veche, dat\u00e2nd din 1820, a Pie\u0163ei Mari a ora\u0219ului Sebe\u0219. Imaginea surprinde aproape \u00eentregul areal al acesteia, scena fiind v\u0103zut\u0103 de undeva din col\u021bul de nord-vest al pie\u021bei, de la nivelul &hellip;<\/p>\n","protected":false},"author":5,"featured_media":98635,"comment_status":"open","ping_status":"open","sticky":false,"template":"","format":"standard","meta":{"inline_featured_image":false,"footnotes":""},"categories":[2038],"tags":[],"class_list":["post-98634","post","type-post","status-publish","format-standard","has-post-thumbnail","hentry","category-cultura"],"yoast_head":"<!-- This site is optimized with the Yoast SEO plugin v27.4 - https:\/\/yoast.com\/product\/yoast-seo-wordpress\/ -->\n<title>Acuarel\u0103 cu centrul istoric al ora\u0219ului, anul 1820, exponatul lunii octombrie la Muzeul Municipal &quot;Ioan Raica&quot; din Sebe\u0219 - Revista Urbea Mea - Revista de Alba<\/title>\n<meta name=\"description\" content=\"Exponatul lunii octombrie la Muzeul Municipal \u201eIoan Raica&quot; Sebe\u015f este o acuarel\u0103 realizat\u0103 de Rudolf P\u00fchringer, \u00een anul 1937, care reproduce o imagine mai\" \/>\n<meta name=\"robots\" content=\"index, follow, max-snippet:-1, max-image-preview:large, max-video-preview:-1\" \/>\n<link rel=\"canonical\" href=\"https:\/\/urbeamea.ro\/albaiulia\/acuarela-cu-centrul-istoric-al-orasului-anul-1820-exponatul-lunii-octombrie-la-muzeul-municipal-ioan-raica-din-sebes\/\" \/>\n<meta name=\"twitter:card\" content=\"summary_large_image\" \/>\n<meta name=\"twitter:title\" content=\"Acuarel\u0103 cu centrul istoric al ora\u0219ului, anul 1820, exponatul lunii octombrie la Muzeul Municipal &quot;Ioan Raica&quot; din Sebe\u0219 - Revista Urbea Mea - Revista de Alba\" \/>\n<meta name=\"twitter:description\" content=\"Exponatul lunii octombrie la Muzeul Municipal \u201eIoan Raica&quot; Sebe\u015f este o acuarel\u0103 realizat\u0103 de Rudolf P\u00fchringer, \u00een anul 1937, care reproduce o imagine mai\" \/>\n<meta name=\"twitter:image\" content=\"https:\/\/urbeamea.ro\/albaiulia\/wp-content\/uploads\/2021\/10\/Sebes-exponat-oct.jpg\" \/>\n<meta name=\"twitter:creator\" content=\"@urbeameaweb\" \/>\n<meta name=\"twitter:site\" content=\"@urbeameaweb\" \/>\n<script type=\"application\/ld+json\" class=\"yoast-schema-graph\">{\"@context\":\"https:\\\/\\\/schema.org\",\"@graph\":[{\"@type\":\"Article\",\"@id\":\"https:\\\/\\\/urbeamea.ro\\\/albaiulia\\\/acuarela-cu-centrul-istoric-al-orasului-anul-1820-exponatul-lunii-octombrie-la-muzeul-municipal-ioan-raica-din-sebes\\\/#article\",\"isPartOf\":{\"@id\":\"https:\\\/\\\/urbeamea.ro\\\/albaiulia\\\/acuarela-cu-centrul-istoric-al-orasului-anul-1820-exponatul-lunii-octombrie-la-muzeul-municipal-ioan-raica-din-sebes\\\/\"},\"author\":{\"name\":\"Bogdan P\u0103unescu\",\"@id\":\"https:\\\/\\\/urbeamea.ro\\\/albaiulia\\\/#\\\/schema\\\/person\\\/a115373ce8153754c6b084232d985956\"},\"headline\":\"Acuarel\u0103 cu centrul istoric al ora\u0219ului, anul 1820, exponatul lunii octombrie la Muzeul Municipal &#8222;Ioan Raica&#8221; din Sebe\u0219\",\"datePublished\":\"2021-10-23T09:36:46+00:00\",\"dateModified\":\"2021-10-23T09:36:47+00:00\",\"mainEntityOfPage\":{\"@id\":\"https:\\\/\\\/urbeamea.ro\\\/albaiulia\\\/acuarela-cu-centrul-istoric-al-orasului-anul-1820-exponatul-lunii-octombrie-la-muzeul-municipal-ioan-raica-din-sebes\\\/\"},\"wordCount\":804,\"commentCount\":0,\"image\":{\"@id\":\"https:\\\/\\\/urbeamea.ro\\\/albaiulia\\\/acuarela-cu-centrul-istoric-al-orasului-anul-1820-exponatul-lunii-octombrie-la-muzeul-municipal-ioan-raica-din-sebes\\\/#primaryimage\"},\"thumbnailUrl\":\"https:\\\/\\\/urbeamea.ro\\\/albaiulia\\\/wp-content\\\/uploads\\\/2021\\\/10\\\/Sebes-exponat-oct.jpg\",\"articleSection\":[\"Cultur\u0103\"],\"inLanguage\":\"ro-RO\",\"potentialAction\":[{\"@type\":\"CommentAction\",\"name\":\"Comment\",\"target\":[\"https:\\\/\\\/urbeamea.ro\\\/albaiulia\\\/acuarela-cu-centrul-istoric-al-orasului-anul-1820-exponatul-lunii-octombrie-la-muzeul-municipal-ioan-raica-din-sebes\\\/#respond\"]}]},{\"@type\":\"WebPage\",\"@id\":\"https:\\\/\\\/urbeamea.ro\\\/albaiulia\\\/acuarela-cu-centrul-istoric-al-orasului-anul-1820-exponatul-lunii-octombrie-la-muzeul-municipal-ioan-raica-din-sebes\\\/\",\"url\":\"https:\\\/\\\/urbeamea.ro\\\/albaiulia\\\/acuarela-cu-centrul-istoric-al-orasului-anul-1820-exponatul-lunii-octombrie-la-muzeul-municipal-ioan-raica-din-sebes\\\/\",\"name\":\"Acuarel\u0103 cu centrul istoric al ora\u0219ului, anul 1820, exponatul lunii octombrie la Muzeul Municipal \\\"Ioan Raica\\\" din Sebe\u0219 - Revista Urbea Mea - Revista de Alba\",\"isPartOf\":{\"@id\":\"https:\\\/\\\/urbeamea.ro\\\/albaiulia\\\/#website\"},\"primaryImageOfPage\":{\"@id\":\"https:\\\/\\\/urbeamea.ro\\\/albaiulia\\\/acuarela-cu-centrul-istoric-al-orasului-anul-1820-exponatul-lunii-octombrie-la-muzeul-municipal-ioan-raica-din-sebes\\\/#primaryimage\"},\"image\":{\"@id\":\"https:\\\/\\\/urbeamea.ro\\\/albaiulia\\\/acuarela-cu-centrul-istoric-al-orasului-anul-1820-exponatul-lunii-octombrie-la-muzeul-municipal-ioan-raica-din-sebes\\\/#primaryimage\"},\"thumbnailUrl\":\"https:\\\/\\\/urbeamea.ro\\\/albaiulia\\\/wp-content\\\/uploads\\\/2021\\\/10\\\/Sebes-exponat-oct.jpg\",\"datePublished\":\"2021-10-23T09:36:46+00:00\",\"dateModified\":\"2021-10-23T09:36:47+00:00\",\"author\":{\"@id\":\"https:\\\/\\\/urbeamea.ro\\\/albaiulia\\\/#\\\/schema\\\/person\\\/a115373ce8153754c6b084232d985956\"},\"description\":\"Exponatul lunii octombrie la Muzeul Municipal \u201eIoan Raica\\\" Sebe\u015f este o acuarel\u0103 realizat\u0103 de Rudolf P\u00fchringer, \u00een anul 1937, care reproduce o imagine mai\",\"breadcrumb\":{\"@id\":\"https:\\\/\\\/urbeamea.ro\\\/albaiulia\\\/acuarela-cu-centrul-istoric-al-orasului-anul-1820-exponatul-lunii-octombrie-la-muzeul-municipal-ioan-raica-din-sebes\\\/#breadcrumb\"},\"inLanguage\":\"ro-RO\",\"potentialAction\":[{\"@type\":\"ReadAction\",\"target\":[\"https:\\\/\\\/urbeamea.ro\\\/albaiulia\\\/acuarela-cu-centrul-istoric-al-orasului-anul-1820-exponatul-lunii-octombrie-la-muzeul-municipal-ioan-raica-din-sebes\\\/\"]}]},{\"@type\":\"ImageObject\",\"inLanguage\":\"ro-RO\",\"@id\":\"https:\\\/\\\/urbeamea.ro\\\/albaiulia\\\/acuarela-cu-centrul-istoric-al-orasului-anul-1820-exponatul-lunii-octombrie-la-muzeul-municipal-ioan-raica-din-sebes\\\/#primaryimage\",\"url\":\"https:\\\/\\\/urbeamea.ro\\\/albaiulia\\\/wp-content\\\/uploads\\\/2021\\\/10\\\/Sebes-exponat-oct.jpg\",\"contentUrl\":\"https:\\\/\\\/urbeamea.ro\\\/albaiulia\\\/wp-content\\\/uploads\\\/2021\\\/10\\\/Sebes-exponat-oct.jpg\",\"width\":1600,\"height\":991},{\"@type\":\"BreadcrumbList\",\"@id\":\"https:\\\/\\\/urbeamea.ro\\\/albaiulia\\\/acuarela-cu-centrul-istoric-al-orasului-anul-1820-exponatul-lunii-octombrie-la-muzeul-municipal-ioan-raica-din-sebes\\\/#breadcrumb\",\"itemListElement\":[{\"@type\":\"ListItem\",\"position\":1,\"name\":\"Prima pagin\u0103\",\"item\":\"https:\\\/\\\/urbeamea.ro\\\/albaiulia\\\/\"},{\"@type\":\"ListItem\",\"position\":2,\"name\":\"Acuarel\u0103 cu centrul istoric al ora\u0219ului, anul 1820, exponatul lunii octombrie la Muzeul Municipal &#8222;Ioan Raica&#8221; din Sebe\u0219\"}]},{\"@type\":\"WebSite\",\"@id\":\"https:\\\/\\\/urbeamea.ro\\\/albaiulia\\\/#website\",\"url\":\"https:\\\/\\\/urbeamea.ro\\\/albaiulia\\\/\",\"name\":\"Revista Urbea Mea, Stiri urbane\",\"description\":\"Evenimente \u0219i \u0219tiri din Alba Iulia, Sebe\u0219, Aiud, Blaj\",\"potentialAction\":[{\"@type\":\"SearchAction\",\"target\":{\"@type\":\"EntryPoint\",\"urlTemplate\":\"https:\\\/\\\/urbeamea.ro\\\/albaiulia\\\/?s={search_term_string}\"},\"query-input\":{\"@type\":\"PropertyValueSpecification\",\"valueRequired\":true,\"valueName\":\"search_term_string\"}}],\"inLanguage\":\"ro-RO\"},{\"@type\":\"Person\",\"@id\":\"https:\\\/\\\/urbeamea.ro\\\/albaiulia\\\/#\\\/schema\\\/person\\\/a115373ce8153754c6b084232d985956\",\"name\":\"Bogdan P\u0103unescu\",\"image\":{\"@type\":\"ImageObject\",\"inLanguage\":\"ro-RO\",\"@id\":\"https:\\\/\\\/secure.gravatar.com\\\/avatar\\\/f72aa881b5a32ea110a53aabc2049429e3ff68fcb09d283722d01fbf330e9dd9?s=96&d=mm&r=g\",\"url\":\"https:\\\/\\\/secure.gravatar.com\\\/avatar\\\/f72aa881b5a32ea110a53aabc2049429e3ff68fcb09d283722d01fbf330e9dd9?s=96&d=mm&r=g\",\"contentUrl\":\"https:\\\/\\\/secure.gravatar.com\\\/avatar\\\/f72aa881b5a32ea110a53aabc2049429e3ff68fcb09d283722d01fbf330e9dd9?s=96&d=mm&r=g\",\"caption\":\"Bogdan P\u0103unescu\"},\"description\":\"\u00cemi place tot ceea ce este legat de web \u015fi ajut la dezvoltarea \u015fi \u00eembun\u0103t\u0103\u0163irea lui prin tot ceea ce fac.\",\"sameAs\":[\"https:\\\/\\\/www.artonmedia.ro\",\"https:\\\/\\\/www.facebook.com\\\/bogdanvpaunescu\"],\"url\":\"https:\\\/\\\/urbeamea.ro\\\/albaiulia\\\/author\\\/bogdan-paunescu\\\/\"}]}<\/script>\n<!-- \/ Yoast SEO plugin. -->","yoast_head_json":{"title":"Acuarel\u0103 cu centrul istoric al ora\u0219ului, anul 1820, exponatul lunii octombrie la Muzeul Municipal \"Ioan Raica\" din Sebe\u0219 - Revista Urbea Mea - Revista de Alba","description":"Exponatul lunii octombrie la Muzeul Municipal \u201eIoan Raica\" Sebe\u015f este o acuarel\u0103 realizat\u0103 de Rudolf P\u00fchringer, \u00een anul 1937, care reproduce o imagine mai","robots":{"index":"index","follow":"follow","max-snippet":"max-snippet:-1","max-image-preview":"max-image-preview:large","max-video-preview":"max-video-preview:-1"},"canonical":"https:\/\/urbeamea.ro\/albaiulia\/acuarela-cu-centrul-istoric-al-orasului-anul-1820-exponatul-lunii-octombrie-la-muzeul-municipal-ioan-raica-din-sebes\/","twitter_card":"summary_large_image","twitter_title":"Acuarel\u0103 cu centrul istoric al ora\u0219ului, anul 1820, exponatul lunii octombrie la Muzeul Municipal \"Ioan Raica\" din Sebe\u0219 - Revista Urbea Mea - Revista de Alba","twitter_description":"Exponatul lunii octombrie la Muzeul Municipal \u201eIoan Raica\" Sebe\u015f este o acuarel\u0103 realizat\u0103 de Rudolf P\u00fchringer, \u00een anul 1937, care reproduce o imagine mai","twitter_image":"https:\/\/urbeamea.ro\/albaiulia\/wp-content\/uploads\/2021\/10\/Sebes-exponat-oct.jpg","twitter_creator":"@urbeameaweb","twitter_site":"@urbeameaweb","schema":{"@context":"https:\/\/schema.org","@graph":[{"@type":"Article","@id":"https:\/\/urbeamea.ro\/albaiulia\/acuarela-cu-centrul-istoric-al-orasului-anul-1820-exponatul-lunii-octombrie-la-muzeul-municipal-ioan-raica-din-sebes\/#article","isPartOf":{"@id":"https:\/\/urbeamea.ro\/albaiulia\/acuarela-cu-centrul-istoric-al-orasului-anul-1820-exponatul-lunii-octombrie-la-muzeul-municipal-ioan-raica-din-sebes\/"},"author":{"name":"Bogdan P\u0103unescu","@id":"https:\/\/urbeamea.ro\/albaiulia\/#\/schema\/person\/a115373ce8153754c6b084232d985956"},"headline":"Acuarel\u0103 cu centrul istoric al ora\u0219ului, anul 1820, exponatul lunii octombrie la Muzeul Municipal &#8222;Ioan Raica&#8221; din Sebe\u0219","datePublished":"2021-10-23T09:36:46+00:00","dateModified":"2021-10-23T09:36:47+00:00","mainEntityOfPage":{"@id":"https:\/\/urbeamea.ro\/albaiulia\/acuarela-cu-centrul-istoric-al-orasului-anul-1820-exponatul-lunii-octombrie-la-muzeul-municipal-ioan-raica-din-sebes\/"},"wordCount":804,"commentCount":0,"image":{"@id":"https:\/\/urbeamea.ro\/albaiulia\/acuarela-cu-centrul-istoric-al-orasului-anul-1820-exponatul-lunii-octombrie-la-muzeul-municipal-ioan-raica-din-sebes\/#primaryimage"},"thumbnailUrl":"https:\/\/urbeamea.ro\/albaiulia\/wp-content\/uploads\/2021\/10\/Sebes-exponat-oct.jpg","articleSection":["Cultur\u0103"],"inLanguage":"ro-RO","potentialAction":[{"@type":"CommentAction","name":"Comment","target":["https:\/\/urbeamea.ro\/albaiulia\/acuarela-cu-centrul-istoric-al-orasului-anul-1820-exponatul-lunii-octombrie-la-muzeul-municipal-ioan-raica-din-sebes\/#respond"]}]},{"@type":"WebPage","@id":"https:\/\/urbeamea.ro\/albaiulia\/acuarela-cu-centrul-istoric-al-orasului-anul-1820-exponatul-lunii-octombrie-la-muzeul-municipal-ioan-raica-din-sebes\/","url":"https:\/\/urbeamea.ro\/albaiulia\/acuarela-cu-centrul-istoric-al-orasului-anul-1820-exponatul-lunii-octombrie-la-muzeul-municipal-ioan-raica-din-sebes\/","name":"Acuarel\u0103 cu centrul istoric al ora\u0219ului, anul 1820, exponatul lunii octombrie la Muzeul Municipal \"Ioan Raica\" din Sebe\u0219 - Revista Urbea Mea - Revista de Alba","isPartOf":{"@id":"https:\/\/urbeamea.ro\/albaiulia\/#website"},"primaryImageOfPage":{"@id":"https:\/\/urbeamea.ro\/albaiulia\/acuarela-cu-centrul-istoric-al-orasului-anul-1820-exponatul-lunii-octombrie-la-muzeul-municipal-ioan-raica-din-sebes\/#primaryimage"},"image":{"@id":"https:\/\/urbeamea.ro\/albaiulia\/acuarela-cu-centrul-istoric-al-orasului-anul-1820-exponatul-lunii-octombrie-la-muzeul-municipal-ioan-raica-din-sebes\/#primaryimage"},"thumbnailUrl":"https:\/\/urbeamea.ro\/albaiulia\/wp-content\/uploads\/2021\/10\/Sebes-exponat-oct.jpg","datePublished":"2021-10-23T09:36:46+00:00","dateModified":"2021-10-23T09:36:47+00:00","author":{"@id":"https:\/\/urbeamea.ro\/albaiulia\/#\/schema\/person\/a115373ce8153754c6b084232d985956"},"description":"Exponatul lunii octombrie la Muzeul Municipal \u201eIoan Raica\" Sebe\u015f este o acuarel\u0103 realizat\u0103 de Rudolf P\u00fchringer, \u00een anul 1937, care reproduce o imagine mai","breadcrumb":{"@id":"https:\/\/urbeamea.ro\/albaiulia\/acuarela-cu-centrul-istoric-al-orasului-anul-1820-exponatul-lunii-octombrie-la-muzeul-municipal-ioan-raica-din-sebes\/#breadcrumb"},"inLanguage":"ro-RO","potentialAction":[{"@type":"ReadAction","target":["https:\/\/urbeamea.ro\/albaiulia\/acuarela-cu-centrul-istoric-al-orasului-anul-1820-exponatul-lunii-octombrie-la-muzeul-municipal-ioan-raica-din-sebes\/"]}]},{"@type":"ImageObject","inLanguage":"ro-RO","@id":"https:\/\/urbeamea.ro\/albaiulia\/acuarela-cu-centrul-istoric-al-orasului-anul-1820-exponatul-lunii-octombrie-la-muzeul-municipal-ioan-raica-din-sebes\/#primaryimage","url":"https:\/\/urbeamea.ro\/albaiulia\/wp-content\/uploads\/2021\/10\/Sebes-exponat-oct.jpg","contentUrl":"https:\/\/urbeamea.ro\/albaiulia\/wp-content\/uploads\/2021\/10\/Sebes-exponat-oct.jpg","width":1600,"height":991},{"@type":"BreadcrumbList","@id":"https:\/\/urbeamea.ro\/albaiulia\/acuarela-cu-centrul-istoric-al-orasului-anul-1820-exponatul-lunii-octombrie-la-muzeul-municipal-ioan-raica-din-sebes\/#breadcrumb","itemListElement":[{"@type":"ListItem","position":1,"name":"Prima pagin\u0103","item":"https:\/\/urbeamea.ro\/albaiulia\/"},{"@type":"ListItem","position":2,"name":"Acuarel\u0103 cu centrul istoric al ora\u0219ului, anul 1820, exponatul lunii octombrie la Muzeul Municipal &#8222;Ioan Raica&#8221; din Sebe\u0219"}]},{"@type":"WebSite","@id":"https:\/\/urbeamea.ro\/albaiulia\/#website","url":"https:\/\/urbeamea.ro\/albaiulia\/","name":"Revista Urbea Mea, Stiri urbane","description":"Evenimente \u0219i \u0219tiri din Alba Iulia, Sebe\u0219, Aiud, Blaj","potentialAction":[{"@type":"SearchAction","target":{"@type":"EntryPoint","urlTemplate":"https:\/\/urbeamea.ro\/albaiulia\/?s={search_term_string}"},"query-input":{"@type":"PropertyValueSpecification","valueRequired":true,"valueName":"search_term_string"}}],"inLanguage":"ro-RO"},{"@type":"Person","@id":"https:\/\/urbeamea.ro\/albaiulia\/#\/schema\/person\/a115373ce8153754c6b084232d985956","name":"Bogdan P\u0103unescu","image":{"@type":"ImageObject","inLanguage":"ro-RO","@id":"https:\/\/secure.gravatar.com\/avatar\/f72aa881b5a32ea110a53aabc2049429e3ff68fcb09d283722d01fbf330e9dd9?s=96&d=mm&r=g","url":"https:\/\/secure.gravatar.com\/avatar\/f72aa881b5a32ea110a53aabc2049429e3ff68fcb09d283722d01fbf330e9dd9?s=96&d=mm&r=g","contentUrl":"https:\/\/secure.gravatar.com\/avatar\/f72aa881b5a32ea110a53aabc2049429e3ff68fcb09d283722d01fbf330e9dd9?s=96&d=mm&r=g","caption":"Bogdan P\u0103unescu"},"description":"\u00cemi place tot ceea ce este legat de web \u015fi ajut la dezvoltarea \u015fi \u00eembun\u0103t\u0103\u0163irea lui prin tot ceea ce fac.","sameAs":["https:\/\/www.artonmedia.ro","https:\/\/www.facebook.com\/bogdanvpaunescu"],"url":"https:\/\/urbeamea.ro\/albaiulia\/author\/bogdan-paunescu\/"}]}},"_links":{"self":[{"href":"https:\/\/urbeamea.ro\/albaiulia\/wp-json\/wp\/v2\/posts\/98634","targetHints":{"allow":["GET"]}}],"collection":[{"href":"https:\/\/urbeamea.ro\/albaiulia\/wp-json\/wp\/v2\/posts"}],"about":[{"href":"https:\/\/urbeamea.ro\/albaiulia\/wp-json\/wp\/v2\/types\/post"}],"author":[{"embeddable":true,"href":"https:\/\/urbeamea.ro\/albaiulia\/wp-json\/wp\/v2\/users\/5"}],"replies":[{"embeddable":true,"href":"https:\/\/urbeamea.ro\/albaiulia\/wp-json\/wp\/v2\/comments?post=98634"}],"version-history":[{"count":1,"href":"https:\/\/urbeamea.ro\/albaiulia\/wp-json\/wp\/v2\/posts\/98634\/revisions"}],"predecessor-version":[{"id":98636,"href":"https:\/\/urbeamea.ro\/albaiulia\/wp-json\/wp\/v2\/posts\/98634\/revisions\/98636"}],"wp:featuredmedia":[{"embeddable":true,"href":"https:\/\/urbeamea.ro\/albaiulia\/wp-json\/wp\/v2\/media\/98635"}],"wp:attachment":[{"href":"https:\/\/urbeamea.ro\/albaiulia\/wp-json\/wp\/v2\/media?parent=98634"}],"wp:term":[{"taxonomy":"category","embeddable":true,"href":"https:\/\/urbeamea.ro\/albaiulia\/wp-json\/wp\/v2\/categories?post=98634"},{"taxonomy":"post_tag","embeddable":true,"href":"https:\/\/urbeamea.ro\/albaiulia\/wp-json\/wp\/v2\/tags?post=98634"}],"curies":[{"name":"wp","href":"https:\/\/api.w.org\/{rel}","templated":true}]}}