{"id":98641,"date":"2021-10-24T13:44:25","date_gmt":"2021-10-24T10:44:25","guid":{"rendered":"https:\/\/urbeamea.ro\/albaiulia\/?p=98641"},"modified":"2021-10-24T13:44:27","modified_gmt":"2021-10-24T10:44:27","slug":"festivalul-national-de-folclor-mures-pe-marginea-ta-la-ocna-mures-concursul-isi-propune-sa-descopere-noi-talente-din-folclorul-romanesc","status":"publish","type":"post","link":"https:\/\/urbeamea.ro\/albaiulia\/festivalul-national-de-folclor-mures-pe-marginea-ta-la-ocna-mures-concursul-isi-propune-sa-descopere-noi-talente-din-folclorul-romanesc\/","title":{"rendered":"Festivalul Na\u021bional de Folclor \u201eMure\u0219, pe marginea ta\u201d, la Ocna Mure\u0219 \u2013 concursul \u00ee\u0219i propune s\u0103 descopere noi talente din folclorul rom\u00e2nesc"},"content":{"rendered":"\n<h3 class=\"wp-block-heading\"><strong>Cel mai vechi festival de folclor din Transilvania, Festivalul Na\u021bional de Folclor \u201eMure\u0219, pe marginea ta\u201d, se desf\u0103\u0219oar\u0103, duminic\u0103, 24 octombrie 2021, la Ocna Mure\u0219. Evenimentul este organizat cu respectarea noilor m\u0103suri de prevenire a r\u0103sp\u00e2ndirii virusului SARS-COV-2 \u0219i cuprinde o sec\u021biune de concurs destinat\u0103 tinerilor interpre\u021bi din \u00eentreaga \u021bar\u0103. De-a lungul timpului, festivalul se m\u00e2ndre\u0219te cu laurea\u021bi care au ajuns nume de referin\u021b\u0103 \u00een folclorul rom\u00e2nesc.<\/strong><\/h3>\n\n\n\n<p>Festivalul Na\u021bional de Folclor \u201eMure\u0219, pe marginea ta\u201d se va desf\u0103\u0219ura, duminic\u0103, 24 octombrie 2021, ora 17:00, la Casa de Cultur\u0103 \u201eIon S\u00e2ngereanu\u201d din Ocna Mure\u0219 \u0219i \u00een cadrul acestuia \u00ee\u0219i dau concursul tineri interpre\u021bi din \u00eentreaga \u021bar\u0103. Evenimentulare ca scop conservarea, promovarea \u0219i valorificarea patrimoniului cultural na\u021bional material \u0219i imaterial, dar \u0219i promovarea tinerilor interpre\u021bi de muzic\u0103 vocal\u0103 tradi\u021bional\u0103 din Rom\u00e2nia. Programul cuprinde \u0219i un recital extraordinar sus\u021binut de Ansamblul Folcloric \u201eAugustin Bena\u201d al jude\u021bului Alba, dirijat de Alexandru Pal, al\u0103turi de interpre\u021bii Roxana Reche, Dorina Nari\u021ba, Nicolae Plut\u0103, Maria Filimon, Floricica Moga, Nicolae Tuhu\u021b, Ioan Cristian \u021a\u0103ran \u0219i Leontina F\u0103rca\u0219. Festivalul este prezentat de Andreea Bogdan \u0219i se va \u00eencheia cu un recital sus\u021binut de Cristina Todor, t\u00e2n\u0103r\u0103 interpret\u0103 din comuna Ciugud care a c\u00e2\u0219tigat la ultima edi\u021bie Marele Premiu.<\/p>\n\n\n\n<blockquote class=\"wp-block-quote is-layout-flow wp-block-quote-is-layout-flow\"><p><em>\u201eFestivalul Na\u021bional de Folclor \u201eMure\u0219, pe marginea ta\u201d este cel mai longeviv festival de folclor din Transilvania \u0219i o ramp\u0103 de lansare pentru tineri interpre\u021bi din \u00eentreaga \u021bar\u0103.<\/em> <em>\u00cen fiecare an, ne dorim s\u0103 descoperim prin intermediul acestui festival concurs tinere talente care s\u0103 duc\u0103 mai departe folclorul rom\u00e2nesc autentic. Ne m\u00e2ndrim cu laurea\u021bii no\u0219tri, care, de-a lungul timpului, au ajuns nume de referin\u021b\u0103 \u00een folclorul rom\u00e2nesc\u201d , <\/em><\/p><cite>a spus Alexandru Pal, managerul Centrului de Cultur\u0103 \u201eAugustin Bena\u201d Alba.<\/cite><\/blockquote>\n\n\n\n<p>Festivalul Na\u021bional de Folclor \u201eMure\u0219, pe marginea ta\u201d este organizat de Consiliul Jude\u021bean Alba prin Centrul de Cultur\u0103 \u201eAugustin Bena\u201d Alba, Prim\u0103ria \u0219i Consiliul Local Ocna Mure\u0219 \u0219i Casa de Cultur\u0103 \u201eIon S\u00e2ngereanu\u201d din Ocna Mure\u0219. Evenimentul este organizat cu respectarea m\u0103surilor legale de prevenirea r\u0103sp\u00e2ndirii virusului SARS-COV-2, astfel c\u0103 \u00een sal\u0103 este permis\u0103 participarea publicului sub capacitate \u0219i cu purtarea m\u0103\u0219tii de protec\u021bie. De asemenea, accesul este permis doar spectatorilor care sunt vaccina\u021bi \u00eempotriva virusului SARS-COV-2 \u0219i pentru care au trecut minim 10 zile de la finalizarea schemei complete de vaccinare, respectiv care se afl\u0103 \u00een perioada cuprins\u0103 \u00eentre a 15-a zi \u0219i a 180-a zi ulterioar\u0103 confirm\u0103rii infect\u0103rii cu virusul SARS-COV-2. <\/p>\n\n\n\n<h4 class=\"wp-block-heading\">Evenimentul va fi transmis live pe pagina de Facebook a Centrului de Cultur\u0103 \u201eAugustin Bena\u201d Alba.<\/h4>\n","protected":false},"excerpt":{"rendered":"<p>Cel mai vechi festival de folclor din Transilvania, Festivalul Na\u021bional de Folclor \u201eMure\u0219, pe marginea ta\u201d, se desf\u0103\u0219oar\u0103, duminic\u0103, 24 octombrie 2021, la Ocna Mure\u0219. Evenimentul este organizat cu respectarea noilor m\u0103suri de prevenire a r\u0103sp\u00e2ndirii virusului SARS-COV-2 \u0219i cuprinde o sec\u021biune de concurs destinat\u0103 tinerilor interpre\u021bi din \u00eentreaga \u021bar\u0103. De-a lungul timpului, festivalul se &hellip;<\/p>\n","protected":false},"author":5,"featured_media":98642,"comment_status":"open","ping_status":"open","sticky":false,"template":"","format":"standard","meta":{"inline_featured_image":false,"footnotes":""},"categories":[4],"tags":[23788],"class_list":["post-98641","post","type-post","status-publish","format-standard","has-post-thumbnail","hentry","category-eveniment","tag-festivalul-national-de-folclor-mures"],"yoast_head":"<!-- This site is optimized with the Yoast SEO plugin v27.4 - https:\/\/yoast.com\/product\/yoast-seo-wordpress\/ -->\n<title>Festivalul Na\u021bional de Folclor \u201eMure\u0219, pe marginea ta\u201d, la Ocna Mure\u0219 \u2013 concursul \u00ee\u0219i propune s\u0103 descopere noi talente din folclorul rom\u00e2nesc - Revista Urbea Mea - Revista de Alba<\/title>\n<meta name=\"description\" content=\"Cel mai vechi festival de folclor din Transilvania, Festivalul Na\u021bional de Folclor \u201eMure\u0219, pe marginea ta\u201d, se desf\u0103\u0219oar\u0103, duminic\u0103, 24 octombrie 2021, la\" \/>\n<meta name=\"robots\" content=\"index, follow, max-snippet:-1, max-image-preview:large, max-video-preview:-1\" \/>\n<link rel=\"canonical\" href=\"https:\/\/urbeamea.ro\/albaiulia\/festivalul-national-de-folclor-mures-pe-marginea-ta-la-ocna-mures-concursul-isi-propune-sa-descopere-noi-talente-din-folclorul-romanesc\/\" \/>\n<meta name=\"twitter:card\" content=\"summary_large_image\" \/>\n<meta name=\"twitter:title\" content=\"Festivalul Na\u021bional de Folclor \u201eMure\u0219, pe marginea ta\u201d, la Ocna Mure\u0219 \u2013 concursul \u00ee\u0219i propune s\u0103 descopere noi talente din folclorul rom\u00e2nesc - Revista Urbea Mea - Revista de Alba\" \/>\n<meta name=\"twitter:description\" content=\"Cel mai vechi festival de folclor din Transilvania, Festivalul Na\u021bional de Folclor \u201eMure\u0219, pe marginea ta\u201d, se desf\u0103\u0219oar\u0103, duminic\u0103, 24 octombrie 2021, la\" \/>\n<meta name=\"twitter:image\" content=\"https:\/\/urbeamea.ro\/albaiulia\/wp-content\/uploads\/2021\/10\/afis-mures-pe-marginea-ta-2021.jpg\" \/>\n<meta name=\"twitter:creator\" content=\"@urbeameaweb\" \/>\n<meta name=\"twitter:site\" content=\"@urbeameaweb\" \/>\n<script type=\"application\/ld+json\" class=\"yoast-schema-graph\">{\"@context\":\"https:\\\/\\\/schema.org\",\"@graph\":[{\"@type\":\"Article\",\"@id\":\"https:\\\/\\\/urbeamea.ro\\\/albaiulia\\\/festivalul-national-de-folclor-mures-pe-marginea-ta-la-ocna-mures-concursul-isi-propune-sa-descopere-noi-talente-din-folclorul-romanesc\\\/#article\",\"isPartOf\":{\"@id\":\"https:\\\/\\\/urbeamea.ro\\\/albaiulia\\\/festivalul-national-de-folclor-mures-pe-marginea-ta-la-ocna-mures-concursul-isi-propune-sa-descopere-noi-talente-din-folclorul-romanesc\\\/\"},\"author\":{\"name\":\"Bogdan P\u0103unescu\",\"@id\":\"https:\\\/\\\/urbeamea.ro\\\/albaiulia\\\/#\\\/schema\\\/person\\\/a115373ce8153754c6b084232d985956\"},\"headline\":\"Festivalul Na\u021bional de Folclor \u201eMure\u0219, pe marginea ta\u201d, la Ocna Mure\u0219 \u2013 concursul \u00ee\u0219i propune s\u0103 descopere noi talente din folclorul rom\u00e2nesc\",\"datePublished\":\"2021-10-24T10:44:25+00:00\",\"dateModified\":\"2021-10-24T10:44:27+00:00\",\"mainEntityOfPage\":{\"@id\":\"https:\\\/\\\/urbeamea.ro\\\/albaiulia\\\/festivalul-national-de-folclor-mures-pe-marginea-ta-la-ocna-mures-concursul-isi-propune-sa-descopere-noi-talente-din-folclorul-romanesc\\\/\"},\"wordCount\":472,\"commentCount\":0,\"image\":{\"@id\":\"https:\\\/\\\/urbeamea.ro\\\/albaiulia\\\/festivalul-national-de-folclor-mures-pe-marginea-ta-la-ocna-mures-concursul-isi-propune-sa-descopere-noi-talente-din-folclorul-romanesc\\\/#primaryimage\"},\"thumbnailUrl\":\"https:\\\/\\\/urbeamea.ro\\\/albaiulia\\\/wp-content\\\/uploads\\\/2021\\\/10\\\/afis-mures-pe-marginea-ta-2021.jpg\",\"keywords\":[\"Festivalul Na\u021bional de Folclor \u201eMure\u0219\"],\"articleSection\":[\"Evenimente\"],\"inLanguage\":\"ro-RO\",\"potentialAction\":[{\"@type\":\"CommentAction\",\"name\":\"Comment\",\"target\":[\"https:\\\/\\\/urbeamea.ro\\\/albaiulia\\\/festivalul-national-de-folclor-mures-pe-marginea-ta-la-ocna-mures-concursul-isi-propune-sa-descopere-noi-talente-din-folclorul-romanesc\\\/#respond\"]}]},{\"@type\":\"WebPage\",\"@id\":\"https:\\\/\\\/urbeamea.ro\\\/albaiulia\\\/festivalul-national-de-folclor-mures-pe-marginea-ta-la-ocna-mures-concursul-isi-propune-sa-descopere-noi-talente-din-folclorul-romanesc\\\/\",\"url\":\"https:\\\/\\\/urbeamea.ro\\\/albaiulia\\\/festivalul-national-de-folclor-mures-pe-marginea-ta-la-ocna-mures-concursul-isi-propune-sa-descopere-noi-talente-din-folclorul-romanesc\\\/\",\"name\":\"Festivalul Na\u021bional de Folclor \u201eMure\u0219, pe marginea ta\u201d, la Ocna Mure\u0219 \u2013 concursul \u00ee\u0219i propune s\u0103 descopere noi talente din folclorul rom\u00e2nesc - Revista Urbea Mea - Revista de Alba\",\"isPartOf\":{\"@id\":\"https:\\\/\\\/urbeamea.ro\\\/albaiulia\\\/#website\"},\"primaryImageOfPage\":{\"@id\":\"https:\\\/\\\/urbeamea.ro\\\/albaiulia\\\/festivalul-national-de-folclor-mures-pe-marginea-ta-la-ocna-mures-concursul-isi-propune-sa-descopere-noi-talente-din-folclorul-romanesc\\\/#primaryimage\"},\"image\":{\"@id\":\"https:\\\/\\\/urbeamea.ro\\\/albaiulia\\\/festivalul-national-de-folclor-mures-pe-marginea-ta-la-ocna-mures-concursul-isi-propune-sa-descopere-noi-talente-din-folclorul-romanesc\\\/#primaryimage\"},\"thumbnailUrl\":\"https:\\\/\\\/urbeamea.ro\\\/albaiulia\\\/wp-content\\\/uploads\\\/2021\\\/10\\\/afis-mures-pe-marginea-ta-2021.jpg\",\"datePublished\":\"2021-10-24T10:44:25+00:00\",\"dateModified\":\"2021-10-24T10:44:27+00:00\",\"author\":{\"@id\":\"https:\\\/\\\/urbeamea.ro\\\/albaiulia\\\/#\\\/schema\\\/person\\\/a115373ce8153754c6b084232d985956\"},\"description\":\"Cel mai vechi festival de folclor din Transilvania, Festivalul Na\u021bional de Folclor \u201eMure\u0219, pe marginea ta\u201d, se desf\u0103\u0219oar\u0103, duminic\u0103, 24 octombrie 2021, la\",\"breadcrumb\":{\"@id\":\"https:\\\/\\\/urbeamea.ro\\\/albaiulia\\\/festivalul-national-de-folclor-mures-pe-marginea-ta-la-ocna-mures-concursul-isi-propune-sa-descopere-noi-talente-din-folclorul-romanesc\\\/#breadcrumb\"},\"inLanguage\":\"ro-RO\",\"potentialAction\":[{\"@type\":\"ReadAction\",\"target\":[\"https:\\\/\\\/urbeamea.ro\\\/albaiulia\\\/festivalul-national-de-folclor-mures-pe-marginea-ta-la-ocna-mures-concursul-isi-propune-sa-descopere-noi-talente-din-folclorul-romanesc\\\/\"]}]},{\"@type\":\"ImageObject\",\"inLanguage\":\"ro-RO\",\"@id\":\"https:\\\/\\\/urbeamea.ro\\\/albaiulia\\\/festivalul-national-de-folclor-mures-pe-marginea-ta-la-ocna-mures-concursul-isi-propune-sa-descopere-noi-talente-din-folclorul-romanesc\\\/#primaryimage\",\"url\":\"https:\\\/\\\/urbeamea.ro\\\/albaiulia\\\/wp-content\\\/uploads\\\/2021\\\/10\\\/afis-mures-pe-marginea-ta-2021.jpg\",\"contentUrl\":\"https:\\\/\\\/urbeamea.ro\\\/albaiulia\\\/wp-content\\\/uploads\\\/2021\\\/10\\\/afis-mures-pe-marginea-ta-2021.jpg\",\"width\":584,\"height\":828},{\"@type\":\"BreadcrumbList\",\"@id\":\"https:\\\/\\\/urbeamea.ro\\\/albaiulia\\\/festivalul-national-de-folclor-mures-pe-marginea-ta-la-ocna-mures-concursul-isi-propune-sa-descopere-noi-talente-din-folclorul-romanesc\\\/#breadcrumb\",\"itemListElement\":[{\"@type\":\"ListItem\",\"position\":1,\"name\":\"Prima pagin\u0103\",\"item\":\"https:\\\/\\\/urbeamea.ro\\\/albaiulia\\\/\"},{\"@type\":\"ListItem\",\"position\":2,\"name\":\"Festivalul Na\u021bional de Folclor \u201eMure\u0219, pe marginea ta\u201d, la Ocna Mure\u0219 \u2013 concursul \u00ee\u0219i propune s\u0103 descopere noi talente din folclorul rom\u00e2nesc\"}]},{\"@type\":\"WebSite\",\"@id\":\"https:\\\/\\\/urbeamea.ro\\\/albaiulia\\\/#website\",\"url\":\"https:\\\/\\\/urbeamea.ro\\\/albaiulia\\\/\",\"name\":\"Revista Urbea Mea, Stiri urbane\",\"description\":\"Evenimente \u0219i \u0219tiri din Alba Iulia, Sebe\u0219, Aiud, Blaj\",\"potentialAction\":[{\"@type\":\"SearchAction\",\"target\":{\"@type\":\"EntryPoint\",\"urlTemplate\":\"https:\\\/\\\/urbeamea.ro\\\/albaiulia\\\/?s={search_term_string}\"},\"query-input\":{\"@type\":\"PropertyValueSpecification\",\"valueRequired\":true,\"valueName\":\"search_term_string\"}}],\"inLanguage\":\"ro-RO\"},{\"@type\":\"Person\",\"@id\":\"https:\\\/\\\/urbeamea.ro\\\/albaiulia\\\/#\\\/schema\\\/person\\\/a115373ce8153754c6b084232d985956\",\"name\":\"Bogdan P\u0103unescu\",\"image\":{\"@type\":\"ImageObject\",\"inLanguage\":\"ro-RO\",\"@id\":\"https:\\\/\\\/secure.gravatar.com\\\/avatar\\\/f72aa881b5a32ea110a53aabc2049429e3ff68fcb09d283722d01fbf330e9dd9?s=96&d=mm&r=g\",\"url\":\"https:\\\/\\\/secure.gravatar.com\\\/avatar\\\/f72aa881b5a32ea110a53aabc2049429e3ff68fcb09d283722d01fbf330e9dd9?s=96&d=mm&r=g\",\"contentUrl\":\"https:\\\/\\\/secure.gravatar.com\\\/avatar\\\/f72aa881b5a32ea110a53aabc2049429e3ff68fcb09d283722d01fbf330e9dd9?s=96&d=mm&r=g\",\"caption\":\"Bogdan P\u0103unescu\"},\"description\":\"\u00cemi place tot ceea ce este legat de web \u015fi ajut la dezvoltarea \u015fi \u00eembun\u0103t\u0103\u0163irea lui prin tot ceea ce fac.\",\"sameAs\":[\"https:\\\/\\\/www.artonmedia.ro\",\"https:\\\/\\\/www.facebook.com\\\/bogdanvpaunescu\"],\"url\":\"https:\\\/\\\/urbeamea.ro\\\/albaiulia\\\/author\\\/bogdan-paunescu\\\/\"}]}<\/script>\n<!-- \/ Yoast SEO plugin. -->","yoast_head_json":{"title":"Festivalul Na\u021bional de Folclor \u201eMure\u0219, pe marginea ta\u201d, la Ocna Mure\u0219 \u2013 concursul \u00ee\u0219i propune s\u0103 descopere noi talente din folclorul rom\u00e2nesc - Revista Urbea Mea - Revista de Alba","description":"Cel mai vechi festival de folclor din Transilvania, Festivalul Na\u021bional de Folclor \u201eMure\u0219, pe marginea ta\u201d, se desf\u0103\u0219oar\u0103, duminic\u0103, 24 octombrie 2021, la","robots":{"index":"index","follow":"follow","max-snippet":"max-snippet:-1","max-image-preview":"max-image-preview:large","max-video-preview":"max-video-preview:-1"},"canonical":"https:\/\/urbeamea.ro\/albaiulia\/festivalul-national-de-folclor-mures-pe-marginea-ta-la-ocna-mures-concursul-isi-propune-sa-descopere-noi-talente-din-folclorul-romanesc\/","twitter_card":"summary_large_image","twitter_title":"Festivalul Na\u021bional de Folclor \u201eMure\u0219, pe marginea ta\u201d, la Ocna Mure\u0219 \u2013 concursul \u00ee\u0219i propune s\u0103 descopere noi talente din folclorul rom\u00e2nesc - Revista Urbea Mea - Revista de Alba","twitter_description":"Cel mai vechi festival de folclor din Transilvania, Festivalul Na\u021bional de Folclor \u201eMure\u0219, pe marginea ta\u201d, se desf\u0103\u0219oar\u0103, duminic\u0103, 24 octombrie 2021, la","twitter_image":"https:\/\/urbeamea.ro\/albaiulia\/wp-content\/uploads\/2021\/10\/afis-mures-pe-marginea-ta-2021.jpg","twitter_creator":"@urbeameaweb","twitter_site":"@urbeameaweb","schema":{"@context":"https:\/\/schema.org","@graph":[{"@type":"Article","@id":"https:\/\/urbeamea.ro\/albaiulia\/festivalul-national-de-folclor-mures-pe-marginea-ta-la-ocna-mures-concursul-isi-propune-sa-descopere-noi-talente-din-folclorul-romanesc\/#article","isPartOf":{"@id":"https:\/\/urbeamea.ro\/albaiulia\/festivalul-national-de-folclor-mures-pe-marginea-ta-la-ocna-mures-concursul-isi-propune-sa-descopere-noi-talente-din-folclorul-romanesc\/"},"author":{"name":"Bogdan P\u0103unescu","@id":"https:\/\/urbeamea.ro\/albaiulia\/#\/schema\/person\/a115373ce8153754c6b084232d985956"},"headline":"Festivalul Na\u021bional de Folclor \u201eMure\u0219, pe marginea ta\u201d, la Ocna Mure\u0219 \u2013 concursul \u00ee\u0219i propune s\u0103 descopere noi talente din folclorul rom\u00e2nesc","datePublished":"2021-10-24T10:44:25+00:00","dateModified":"2021-10-24T10:44:27+00:00","mainEntityOfPage":{"@id":"https:\/\/urbeamea.ro\/albaiulia\/festivalul-national-de-folclor-mures-pe-marginea-ta-la-ocna-mures-concursul-isi-propune-sa-descopere-noi-talente-din-folclorul-romanesc\/"},"wordCount":472,"commentCount":0,"image":{"@id":"https:\/\/urbeamea.ro\/albaiulia\/festivalul-national-de-folclor-mures-pe-marginea-ta-la-ocna-mures-concursul-isi-propune-sa-descopere-noi-talente-din-folclorul-romanesc\/#primaryimage"},"thumbnailUrl":"https:\/\/urbeamea.ro\/albaiulia\/wp-content\/uploads\/2021\/10\/afis-mures-pe-marginea-ta-2021.jpg","keywords":["Festivalul Na\u021bional de Folclor \u201eMure\u0219"],"articleSection":["Evenimente"],"inLanguage":"ro-RO","potentialAction":[{"@type":"CommentAction","name":"Comment","target":["https:\/\/urbeamea.ro\/albaiulia\/festivalul-national-de-folclor-mures-pe-marginea-ta-la-ocna-mures-concursul-isi-propune-sa-descopere-noi-talente-din-folclorul-romanesc\/#respond"]}]},{"@type":"WebPage","@id":"https:\/\/urbeamea.ro\/albaiulia\/festivalul-national-de-folclor-mures-pe-marginea-ta-la-ocna-mures-concursul-isi-propune-sa-descopere-noi-talente-din-folclorul-romanesc\/","url":"https:\/\/urbeamea.ro\/albaiulia\/festivalul-national-de-folclor-mures-pe-marginea-ta-la-ocna-mures-concursul-isi-propune-sa-descopere-noi-talente-din-folclorul-romanesc\/","name":"Festivalul Na\u021bional de Folclor \u201eMure\u0219, pe marginea ta\u201d, la Ocna Mure\u0219 \u2013 concursul \u00ee\u0219i propune s\u0103 descopere noi talente din folclorul rom\u00e2nesc - Revista Urbea Mea - Revista de Alba","isPartOf":{"@id":"https:\/\/urbeamea.ro\/albaiulia\/#website"},"primaryImageOfPage":{"@id":"https:\/\/urbeamea.ro\/albaiulia\/festivalul-national-de-folclor-mures-pe-marginea-ta-la-ocna-mures-concursul-isi-propune-sa-descopere-noi-talente-din-folclorul-romanesc\/#primaryimage"},"image":{"@id":"https:\/\/urbeamea.ro\/albaiulia\/festivalul-national-de-folclor-mures-pe-marginea-ta-la-ocna-mures-concursul-isi-propune-sa-descopere-noi-talente-din-folclorul-romanesc\/#primaryimage"},"thumbnailUrl":"https:\/\/urbeamea.ro\/albaiulia\/wp-content\/uploads\/2021\/10\/afis-mures-pe-marginea-ta-2021.jpg","datePublished":"2021-10-24T10:44:25+00:00","dateModified":"2021-10-24T10:44:27+00:00","author":{"@id":"https:\/\/urbeamea.ro\/albaiulia\/#\/schema\/person\/a115373ce8153754c6b084232d985956"},"description":"Cel mai vechi festival de folclor din Transilvania, Festivalul Na\u021bional de Folclor \u201eMure\u0219, pe marginea ta\u201d, se desf\u0103\u0219oar\u0103, duminic\u0103, 24 octombrie 2021, la","breadcrumb":{"@id":"https:\/\/urbeamea.ro\/albaiulia\/festivalul-national-de-folclor-mures-pe-marginea-ta-la-ocna-mures-concursul-isi-propune-sa-descopere-noi-talente-din-folclorul-romanesc\/#breadcrumb"},"inLanguage":"ro-RO","potentialAction":[{"@type":"ReadAction","target":["https:\/\/urbeamea.ro\/albaiulia\/festivalul-national-de-folclor-mures-pe-marginea-ta-la-ocna-mures-concursul-isi-propune-sa-descopere-noi-talente-din-folclorul-romanesc\/"]}]},{"@type":"ImageObject","inLanguage":"ro-RO","@id":"https:\/\/urbeamea.ro\/albaiulia\/festivalul-national-de-folclor-mures-pe-marginea-ta-la-ocna-mures-concursul-isi-propune-sa-descopere-noi-talente-din-folclorul-romanesc\/#primaryimage","url":"https:\/\/urbeamea.ro\/albaiulia\/wp-content\/uploads\/2021\/10\/afis-mures-pe-marginea-ta-2021.jpg","contentUrl":"https:\/\/urbeamea.ro\/albaiulia\/wp-content\/uploads\/2021\/10\/afis-mures-pe-marginea-ta-2021.jpg","width":584,"height":828},{"@type":"BreadcrumbList","@id":"https:\/\/urbeamea.ro\/albaiulia\/festivalul-national-de-folclor-mures-pe-marginea-ta-la-ocna-mures-concursul-isi-propune-sa-descopere-noi-talente-din-folclorul-romanesc\/#breadcrumb","itemListElement":[{"@type":"ListItem","position":1,"name":"Prima pagin\u0103","item":"https:\/\/urbeamea.ro\/albaiulia\/"},{"@type":"ListItem","position":2,"name":"Festivalul Na\u021bional de Folclor \u201eMure\u0219, pe marginea ta\u201d, la Ocna Mure\u0219 \u2013 concursul \u00ee\u0219i propune s\u0103 descopere noi talente din folclorul rom\u00e2nesc"}]},{"@type":"WebSite","@id":"https:\/\/urbeamea.ro\/albaiulia\/#website","url":"https:\/\/urbeamea.ro\/albaiulia\/","name":"Revista Urbea Mea, Stiri urbane","description":"Evenimente \u0219i \u0219tiri din Alba Iulia, Sebe\u0219, Aiud, Blaj","potentialAction":[{"@type":"SearchAction","target":{"@type":"EntryPoint","urlTemplate":"https:\/\/urbeamea.ro\/albaiulia\/?s={search_term_string}"},"query-input":{"@type":"PropertyValueSpecification","valueRequired":true,"valueName":"search_term_string"}}],"inLanguage":"ro-RO"},{"@type":"Person","@id":"https:\/\/urbeamea.ro\/albaiulia\/#\/schema\/person\/a115373ce8153754c6b084232d985956","name":"Bogdan P\u0103unescu","image":{"@type":"ImageObject","inLanguage":"ro-RO","@id":"https:\/\/secure.gravatar.com\/avatar\/f72aa881b5a32ea110a53aabc2049429e3ff68fcb09d283722d01fbf330e9dd9?s=96&d=mm&r=g","url":"https:\/\/secure.gravatar.com\/avatar\/f72aa881b5a32ea110a53aabc2049429e3ff68fcb09d283722d01fbf330e9dd9?s=96&d=mm&r=g","contentUrl":"https:\/\/secure.gravatar.com\/avatar\/f72aa881b5a32ea110a53aabc2049429e3ff68fcb09d283722d01fbf330e9dd9?s=96&d=mm&r=g","caption":"Bogdan P\u0103unescu"},"description":"\u00cemi place tot ceea ce este legat de web \u015fi ajut la dezvoltarea \u015fi \u00eembun\u0103t\u0103\u0163irea lui prin tot ceea ce fac.","sameAs":["https:\/\/www.artonmedia.ro","https:\/\/www.facebook.com\/bogdanvpaunescu"],"url":"https:\/\/urbeamea.ro\/albaiulia\/author\/bogdan-paunescu\/"}]}},"_links":{"self":[{"href":"https:\/\/urbeamea.ro\/albaiulia\/wp-json\/wp\/v2\/posts\/98641","targetHints":{"allow":["GET"]}}],"collection":[{"href":"https:\/\/urbeamea.ro\/albaiulia\/wp-json\/wp\/v2\/posts"}],"about":[{"href":"https:\/\/urbeamea.ro\/albaiulia\/wp-json\/wp\/v2\/types\/post"}],"author":[{"embeddable":true,"href":"https:\/\/urbeamea.ro\/albaiulia\/wp-json\/wp\/v2\/users\/5"}],"replies":[{"embeddable":true,"href":"https:\/\/urbeamea.ro\/albaiulia\/wp-json\/wp\/v2\/comments?post=98641"}],"version-history":[{"count":1,"href":"https:\/\/urbeamea.ro\/albaiulia\/wp-json\/wp\/v2\/posts\/98641\/revisions"}],"predecessor-version":[{"id":98643,"href":"https:\/\/urbeamea.ro\/albaiulia\/wp-json\/wp\/v2\/posts\/98641\/revisions\/98643"}],"wp:featuredmedia":[{"embeddable":true,"href":"https:\/\/urbeamea.ro\/albaiulia\/wp-json\/wp\/v2\/media\/98642"}],"wp:attachment":[{"href":"https:\/\/urbeamea.ro\/albaiulia\/wp-json\/wp\/v2\/media?parent=98641"}],"wp:term":[{"taxonomy":"category","embeddable":true,"href":"https:\/\/urbeamea.ro\/albaiulia\/wp-json\/wp\/v2\/categories?post=98641"},{"taxonomy":"post_tag","embeddable":true,"href":"https:\/\/urbeamea.ro\/albaiulia\/wp-json\/wp\/v2\/tags?post=98641"}],"curies":[{"name":"wp","href":"https:\/\/api.w.org\/{rel}","templated":true}]}}