{"id":98644,"date":"2021-10-25T12:02:28","date_gmt":"2021-10-25T09:02:28","guid":{"rendered":"https:\/\/urbeamea.ro\/albaiulia\/?p=98644"},"modified":"2021-10-25T12:04:39","modified_gmt":"2021-10-25T09:04:39","slug":"un-veac-de-la-nasterea-ultimul-suveran-regele-mihai-si-alba-iulia","status":"publish","type":"post","link":"https:\/\/urbeamea.ro\/albaiulia\/un-veac-de-la-nasterea-ultimul-suveran-regele-mihai-si-alba-iulia\/","title":{"rendered":"Un veac de la na\u0219terea ultimul suveran. Regele Mihai \u0219i Alba Iulia"},"content":{"rendered":"\n<h3 class=\"wp-block-heading\">Deun\u0103zi, \u00een 15 octombrie, la Alba Iulia, \u00een inima Cet\u0103\u021bii, a fost dezvelit bustul Regelui Mihai (artist Ovidiu Protopopescu). Evenimentul, la care a participat principesa Sofia, fiica regelui Mihai, a avut o dubl\u0103 semnifica\u021bie: \u00eent\u00e2i de toate, marca \u00eemplinirea unui veac de la na\u0219terea ultimului suveran, iar pe alt\u0103 parte, celebra cei 99 de ani trecu\u021bi la \u00eencoronarea regilor Ferdinand \u0219i Maria ca suverani ai Rom\u00e2niei Mari.<\/h3>\n\n\n\n<p><br>N\u0103scut \u00een data de 25 octombrie 1921, \u00eentr-o lume rom\u00e2neasc\u0103 entuziasmat\u0103 de \u00eemplinirea idealului na\u021bional, respectiv formarea Rom\u00e2niei celei Mari, fiul principelui Carol \u0219i al principesei Elena a primit la botez numele celui dint\u00e2i unificator al rom\u00e2nilor \u2013 al voievodului muntean Mihai Viteazul.<\/p>\n\n\n\n<p><br>Prima vizit\u0103 a regelui Mihai \u00een Alba Iulia a avut loc \u00een mai 1929, cu ocazia Serb\u0103rilor Unirii, pe c\u00e2nd domnea minor sub regen\u021b\u0103. Atunci, al\u0103turi de regina Maria \u0219i al\u021bi membri ai familiei regale, regele Mihai a participat la inaugurarea Muzeului Unirii, continuatorul muzeului de antichit\u0103\u021bi al ora\u0219ului, fondat \u00een 1888. Muzeul Unirii, creat atunci la ini\u021biativa ASTREI, a func\u021bionat \u00een aripa de Nord-Est a Catedralei \u00cencoron\u0103rii p\u00e2n\u0103 \u00een 1968, c\u00e2nd, cu ocazia semicentenarului Unirii, s-a mutat \u00een actualul sediu, cl\u0103direa \u201eBabilon\u201d din fa\u021ba S\u0103lii Unirii.<br>\u00cen 1930, dup\u0103 revenirea pe tron a tat\u0103lui s\u0103u Carol al II-lea, prin\u021bul mo\u0219tenitor Mihai prime\u0219te titlul de \u201eMare Voievod de Alba Iulia\u201d, care avea s\u0103-i pecetluiasc\u0103 \u0219i oficial leg\u0103tur\u0103 cu B\u0103lgradul unirii Rom\u00e2nilor. \u00cen aceast\u0103 calitate, al\u0103turi de regele Carol, avea s\u0103 participe, pe 14 octombrie 1937, la dezvelirea obeliscului \u201eHorea, Clo\u0219ca \u0219i Cri\u0219an\u201d din fa\u021ba por\u021bii a treia a Cet\u0103\u021bii.<\/p>\n\n\n\n<p><br>Dup\u0103 abdicarea lui Carol al II-lea, responsabil de dezastrul \u021b\u0103rii, Mihai, la nici 19 ani, devine rege \u00eentr-o Rom\u00e2nie guvernat\u0103 de totalitarismul de dreapta.<br>Evolu\u021bia catastrofal\u0103 a conflagra\u021biei mondiale pe frontul de Est l-a adus \u00een prim planul marii istorii pe Regele Mihai care, \u00een ciuda izol\u0103rii politice impuse de mare\u0219alul Antonescu, a reu\u0219it coagularea \u00een jurul s\u0103u a opozi\u021biei democratice, fapt ce a f\u0103cut posibil actul de la 23 august 1944.<\/p>\n\n\n\n<p><br>Dar fatalitatea r\u0103zboiului \u0219i, implicit a istoriei, a f\u0103cut ca Rom\u00e2nia, abia ie\u0219it\u0103 de sub zodia Germaniei naziste, s\u0103 intre sub cea a tancurilor sovietice. Speran\u021bele regelui Mihai \u0219i ale societ\u0103\u021bii \u00eentregi c\u0103 democra\u021bia constitu\u021bional\u0103 \u00ee\u0219i va relua cursul au fost spulberate rapid. \u00cen martie 1945, la presiunea sovieticilor, prin interven\u021bia explicit\u0103 a lui Andrei V\u00ee\u0219inski, era impus guvernul pro-comunist Petru Groza. Rom\u00e2nia intra pe drumul implacabil al comuniz\u0103rii, iar ultimul obstacol care trebuia \u00eenl\u0103turat era \u00eensu\u0219i regele Mihai, for\u021bat s\u0103 abdice, prin \u0219antaj \u0219i sub presiunea armelor, la 30 decembrie 1947.<br>Odat\u0103 cu trenul \u00een care regele Mihai \u0219i Regina Mam\u0103 Elena plecau din \u021bar\u0103, Rom\u00e2nia fireasc\u0103 era trimis\u0103 \u00een exil, fiind \u00eenlocuit\u0103 de un regim ilegitim \u0219i criminal, care a schimonosit chipul societ\u0103\u021bii rom\u00e2ne\u0219ti mai bine de patru decenii. C\u0103s\u0103torit \u00een 1948 cu principesa Ana de Bourbon Parma, al\u0103turi de care a avut cinci copii, regele Mihai a dus o via\u021b\u0103 modest\u0103 \u0219i demn\u0103 \u00een lungul exil occidental, singurele leg\u0103turi cu \u021bara fiind mesajele transmise gra\u021bie postului de radio \u201eEuropa Liber\u0103\u201d.<\/p>\n\n\n\n<p><br>Dup\u0103 revolu\u021bia din decembrie 1989, rela\u021biile regelui Mihai cu \u021bara, \u00eencepute sub auspiciile adversit\u0103\u021bii puterii feseniste, s-au netezit treptat, iar \u00eencep\u00e2nd cu anii 2000 familia regal\u0103 a devenit o prezen\u021b\u0103 tot mai activ\u0103 \u00een via\u021ba public\u0103 rom\u00e2neasc\u0103.<\/p>\n\n\n\n<p><br>\u00cen ce prive\u0219te Alba Iulia, la 60 de ani de la ultima vizit\u0103, prilejuit\u0103 de dezvelirea obeliscului Horea Clo\u0219ca \u0219i Cri\u0219an, regele Mihai I s-a \u00eentors \u00een ora\u0219ul Unirii, al\u0103turi de regina Ana, \u00een octombrie 1997, pentru a celebra 75 de ani de la \u00cencoronarea regilor Ferdinand \u0219i Maria, vizit\u00e2nd cu acea ocazie Sala Unirii \u0219i particip\u00e2nd la slujba de Te-Deum s\u0103v\u00e2r\u0219it\u0103 \u00een cinstea sa la Catedrala \u00cencoron\u0103rii.<\/p>\n\n\n\n<p><br>Leg\u0103tura privilegiat\u0103 a Casei Regale cu Alba Iulia avea s\u0103 se \u00eemplineasc\u0103 zece ani mai t\u00e2rziu, c\u00e2nd, \u00een decembrie 2007, regele Mihai a primit distinc\u021bia de cet\u0103\u021bean de onoare al ora\u0219ului! De asemenea, \u00een acela\u0219i an 2007, familia regal\u0103, \u00een frunte cu regele Mihai \u0219i regina Ana, au celebrat S\u0103rb\u0103torile Pascale la Alba Iulia, particip\u00e2nd la slujba s\u0103v\u00e2r\u0219it\u0103 \u00een Catedrala \u00cencoron\u0103rii !<\/p>\n\n\n\n<p>dr. Drago\u0219 Ursu<\/p>\n","protected":false},"excerpt":{"rendered":"<p>Deun\u0103zi, \u00een 15 octombrie, la Alba Iulia, \u00een inima Cet\u0103\u021bii, a fost dezvelit bustul Regelui Mihai (artist Ovidiu Protopopescu). Evenimentul, la care a participat principesa Sofia, fiica regelui Mihai, a avut o dubl\u0103 semnifica\u021bie: \u00eent\u00e2i de toate, marca \u00eemplinirea unui veac de la na\u0219terea ultimului suveran, iar pe alt\u0103 parte, celebra cei 99 de ani &hellip;<\/p>\n","protected":false},"author":5,"featured_media":98645,"comment_status":"open","ping_status":"open","sticky":false,"template":"","format":"standard","meta":{"inline_featured_image":false,"footnotes":""},"categories":[2038],"tags":[6636],"class_list":["post-98644","post","type-post","status-publish","format-standard","has-post-thumbnail","hentry","category-cultura","tag-regele-mihai"],"yoast_head":"<!-- This site is optimized with the Yoast SEO plugin v27.4 - https:\/\/yoast.com\/product\/yoast-seo-wordpress\/ -->\n<title>Un veac de la na\u0219terea ultimul suveran. Regele Mihai \u0219i Alba Iulia - Revista Urbea Mea - Revista de Alba<\/title>\n<meta name=\"description\" content=\"Deun\u0103zi, \u00een 15 octombrie, la Alba Iulia, \u00een inima Cet\u0103\u021bii, a fost dezvelit bustul Regelui Mihai (artist Ovidiu Protopopescu). Evenimentul, la care a\" \/>\n<meta name=\"robots\" content=\"index, follow, max-snippet:-1, max-image-preview:large, max-video-preview:-1\" \/>\n<link rel=\"canonical\" href=\"https:\/\/urbeamea.ro\/albaiulia\/un-veac-de-la-nasterea-ultimul-suveran-regele-mihai-si-alba-iulia\/\" \/>\n<meta name=\"twitter:card\" content=\"summary_large_image\" \/>\n<meta name=\"twitter:title\" content=\"Un veac de la na\u0219terea ultimul suveran. Regele Mihai \u0219i Alba Iulia - Revista Urbea Mea - Revista de Alba\" \/>\n<meta name=\"twitter:description\" content=\"Deun\u0103zi, \u00een 15 octombrie, la Alba Iulia, \u00een inima Cet\u0103\u021bii, a fost dezvelit bustul Regelui Mihai (artist Ovidiu Protopopescu). Evenimentul, la care a\" \/>\n<meta name=\"twitter:image\" content=\"https:\/\/urbeamea.ro\/albaiulia\/wp-content\/uploads\/2021\/10\/regele-Mihai.jpg\" \/>\n<meta name=\"twitter:creator\" content=\"@urbeameaweb\" \/>\n<meta name=\"twitter:site\" content=\"@urbeameaweb\" \/>\n<script type=\"application\/ld+json\" class=\"yoast-schema-graph\">{\"@context\":\"https:\\\/\\\/schema.org\",\"@graph\":[{\"@type\":\"Article\",\"@id\":\"https:\\\/\\\/urbeamea.ro\\\/albaiulia\\\/un-veac-de-la-nasterea-ultimul-suveran-regele-mihai-si-alba-iulia\\\/#article\",\"isPartOf\":{\"@id\":\"https:\\\/\\\/urbeamea.ro\\\/albaiulia\\\/un-veac-de-la-nasterea-ultimul-suveran-regele-mihai-si-alba-iulia\\\/\"},\"author\":{\"name\":\"Bogdan P\u0103unescu\",\"@id\":\"https:\\\/\\\/urbeamea.ro\\\/albaiulia\\\/#\\\/schema\\\/person\\\/a115373ce8153754c6b084232d985956\"},\"headline\":\"Un veac de la na\u0219terea ultimul suveran. Regele Mihai \u0219i Alba Iulia\",\"datePublished\":\"2021-10-25T09:02:28+00:00\",\"dateModified\":\"2021-10-25T09:04:39+00:00\",\"mainEntityOfPage\":{\"@id\":\"https:\\\/\\\/urbeamea.ro\\\/albaiulia\\\/un-veac-de-la-nasterea-ultimul-suveran-regele-mihai-si-alba-iulia\\\/\"},\"wordCount\":767,\"commentCount\":0,\"image\":{\"@id\":\"https:\\\/\\\/urbeamea.ro\\\/albaiulia\\\/un-veac-de-la-nasterea-ultimul-suveran-regele-mihai-si-alba-iulia\\\/#primaryimage\"},\"thumbnailUrl\":\"https:\\\/\\\/urbeamea.ro\\\/albaiulia\\\/wp-content\\\/uploads\\\/2021\\\/10\\\/regele-Mihai.jpg\",\"keywords\":[\"regele Mihai\"],\"articleSection\":[\"Cultur\u0103\"],\"inLanguage\":\"ro-RO\",\"potentialAction\":[{\"@type\":\"CommentAction\",\"name\":\"Comment\",\"target\":[\"https:\\\/\\\/urbeamea.ro\\\/albaiulia\\\/un-veac-de-la-nasterea-ultimul-suveran-regele-mihai-si-alba-iulia\\\/#respond\"]}]},{\"@type\":\"WebPage\",\"@id\":\"https:\\\/\\\/urbeamea.ro\\\/albaiulia\\\/un-veac-de-la-nasterea-ultimul-suveran-regele-mihai-si-alba-iulia\\\/\",\"url\":\"https:\\\/\\\/urbeamea.ro\\\/albaiulia\\\/un-veac-de-la-nasterea-ultimul-suveran-regele-mihai-si-alba-iulia\\\/\",\"name\":\"Un veac de la na\u0219terea ultimul suveran. Regele Mihai \u0219i Alba Iulia - Revista Urbea Mea - Revista de Alba\",\"isPartOf\":{\"@id\":\"https:\\\/\\\/urbeamea.ro\\\/albaiulia\\\/#website\"},\"primaryImageOfPage\":{\"@id\":\"https:\\\/\\\/urbeamea.ro\\\/albaiulia\\\/un-veac-de-la-nasterea-ultimul-suveran-regele-mihai-si-alba-iulia\\\/#primaryimage\"},\"image\":{\"@id\":\"https:\\\/\\\/urbeamea.ro\\\/albaiulia\\\/un-veac-de-la-nasterea-ultimul-suveran-regele-mihai-si-alba-iulia\\\/#primaryimage\"},\"thumbnailUrl\":\"https:\\\/\\\/urbeamea.ro\\\/albaiulia\\\/wp-content\\\/uploads\\\/2021\\\/10\\\/regele-Mihai.jpg\",\"datePublished\":\"2021-10-25T09:02:28+00:00\",\"dateModified\":\"2021-10-25T09:04:39+00:00\",\"author\":{\"@id\":\"https:\\\/\\\/urbeamea.ro\\\/albaiulia\\\/#\\\/schema\\\/person\\\/a115373ce8153754c6b084232d985956\"},\"description\":\"Deun\u0103zi, \u00een 15 octombrie, la Alba Iulia, \u00een inima Cet\u0103\u021bii, a fost dezvelit bustul Regelui Mihai (artist Ovidiu Protopopescu). Evenimentul, la care a\",\"breadcrumb\":{\"@id\":\"https:\\\/\\\/urbeamea.ro\\\/albaiulia\\\/un-veac-de-la-nasterea-ultimul-suveran-regele-mihai-si-alba-iulia\\\/#breadcrumb\"},\"inLanguage\":\"ro-RO\",\"potentialAction\":[{\"@type\":\"ReadAction\",\"target\":[\"https:\\\/\\\/urbeamea.ro\\\/albaiulia\\\/un-veac-de-la-nasterea-ultimul-suveran-regele-mihai-si-alba-iulia\\\/\"]}]},{\"@type\":\"ImageObject\",\"inLanguage\":\"ro-RO\",\"@id\":\"https:\\\/\\\/urbeamea.ro\\\/albaiulia\\\/un-veac-de-la-nasterea-ultimul-suveran-regele-mihai-si-alba-iulia\\\/#primaryimage\",\"url\":\"https:\\\/\\\/urbeamea.ro\\\/albaiulia\\\/wp-content\\\/uploads\\\/2021\\\/10\\\/regele-Mihai.jpg\",\"contentUrl\":\"https:\\\/\\\/urbeamea.ro\\\/albaiulia\\\/wp-content\\\/uploads\\\/2021\\\/10\\\/regele-Mihai.jpg\",\"width\":1840,\"height\":1230},{\"@type\":\"BreadcrumbList\",\"@id\":\"https:\\\/\\\/urbeamea.ro\\\/albaiulia\\\/un-veac-de-la-nasterea-ultimul-suveran-regele-mihai-si-alba-iulia\\\/#breadcrumb\",\"itemListElement\":[{\"@type\":\"ListItem\",\"position\":1,\"name\":\"Prima pagin\u0103\",\"item\":\"https:\\\/\\\/urbeamea.ro\\\/albaiulia\\\/\"},{\"@type\":\"ListItem\",\"position\":2,\"name\":\"Un veac de la na\u0219terea ultimul suveran. Regele Mihai \u0219i Alba Iulia\"}]},{\"@type\":\"WebSite\",\"@id\":\"https:\\\/\\\/urbeamea.ro\\\/albaiulia\\\/#website\",\"url\":\"https:\\\/\\\/urbeamea.ro\\\/albaiulia\\\/\",\"name\":\"Revista Urbea Mea, Stiri urbane\",\"description\":\"Evenimente \u0219i \u0219tiri din Alba Iulia, Sebe\u0219, Aiud, Blaj\",\"potentialAction\":[{\"@type\":\"SearchAction\",\"target\":{\"@type\":\"EntryPoint\",\"urlTemplate\":\"https:\\\/\\\/urbeamea.ro\\\/albaiulia\\\/?s={search_term_string}\"},\"query-input\":{\"@type\":\"PropertyValueSpecification\",\"valueRequired\":true,\"valueName\":\"search_term_string\"}}],\"inLanguage\":\"ro-RO\"},{\"@type\":\"Person\",\"@id\":\"https:\\\/\\\/urbeamea.ro\\\/albaiulia\\\/#\\\/schema\\\/person\\\/a115373ce8153754c6b084232d985956\",\"name\":\"Bogdan P\u0103unescu\",\"image\":{\"@type\":\"ImageObject\",\"inLanguage\":\"ro-RO\",\"@id\":\"https:\\\/\\\/secure.gravatar.com\\\/avatar\\\/f72aa881b5a32ea110a53aabc2049429e3ff68fcb09d283722d01fbf330e9dd9?s=96&d=mm&r=g\",\"url\":\"https:\\\/\\\/secure.gravatar.com\\\/avatar\\\/f72aa881b5a32ea110a53aabc2049429e3ff68fcb09d283722d01fbf330e9dd9?s=96&d=mm&r=g\",\"contentUrl\":\"https:\\\/\\\/secure.gravatar.com\\\/avatar\\\/f72aa881b5a32ea110a53aabc2049429e3ff68fcb09d283722d01fbf330e9dd9?s=96&d=mm&r=g\",\"caption\":\"Bogdan P\u0103unescu\"},\"description\":\"\u00cemi place tot ceea ce este legat de web \u015fi ajut la dezvoltarea \u015fi \u00eembun\u0103t\u0103\u0163irea lui prin tot ceea ce fac.\",\"sameAs\":[\"https:\\\/\\\/www.artonmedia.ro\",\"https:\\\/\\\/www.facebook.com\\\/bogdanvpaunescu\"],\"url\":\"https:\\\/\\\/urbeamea.ro\\\/albaiulia\\\/author\\\/bogdan-paunescu\\\/\"}]}<\/script>\n<!-- \/ Yoast SEO plugin. -->","yoast_head_json":{"title":"Un veac de la na\u0219terea ultimul suveran. Regele Mihai \u0219i Alba Iulia - Revista Urbea Mea - Revista de Alba","description":"Deun\u0103zi, \u00een 15 octombrie, la Alba Iulia, \u00een inima Cet\u0103\u021bii, a fost dezvelit bustul Regelui Mihai (artist Ovidiu Protopopescu). Evenimentul, la care a","robots":{"index":"index","follow":"follow","max-snippet":"max-snippet:-1","max-image-preview":"max-image-preview:large","max-video-preview":"max-video-preview:-1"},"canonical":"https:\/\/urbeamea.ro\/albaiulia\/un-veac-de-la-nasterea-ultimul-suveran-regele-mihai-si-alba-iulia\/","twitter_card":"summary_large_image","twitter_title":"Un veac de la na\u0219terea ultimul suveran. Regele Mihai \u0219i Alba Iulia - Revista Urbea Mea - Revista de Alba","twitter_description":"Deun\u0103zi, \u00een 15 octombrie, la Alba Iulia, \u00een inima Cet\u0103\u021bii, a fost dezvelit bustul Regelui Mihai (artist Ovidiu Protopopescu). Evenimentul, la care a","twitter_image":"https:\/\/urbeamea.ro\/albaiulia\/wp-content\/uploads\/2021\/10\/regele-Mihai.jpg","twitter_creator":"@urbeameaweb","twitter_site":"@urbeameaweb","schema":{"@context":"https:\/\/schema.org","@graph":[{"@type":"Article","@id":"https:\/\/urbeamea.ro\/albaiulia\/un-veac-de-la-nasterea-ultimul-suveran-regele-mihai-si-alba-iulia\/#article","isPartOf":{"@id":"https:\/\/urbeamea.ro\/albaiulia\/un-veac-de-la-nasterea-ultimul-suveran-regele-mihai-si-alba-iulia\/"},"author":{"name":"Bogdan P\u0103unescu","@id":"https:\/\/urbeamea.ro\/albaiulia\/#\/schema\/person\/a115373ce8153754c6b084232d985956"},"headline":"Un veac de la na\u0219terea ultimul suveran. Regele Mihai \u0219i Alba Iulia","datePublished":"2021-10-25T09:02:28+00:00","dateModified":"2021-10-25T09:04:39+00:00","mainEntityOfPage":{"@id":"https:\/\/urbeamea.ro\/albaiulia\/un-veac-de-la-nasterea-ultimul-suveran-regele-mihai-si-alba-iulia\/"},"wordCount":767,"commentCount":0,"image":{"@id":"https:\/\/urbeamea.ro\/albaiulia\/un-veac-de-la-nasterea-ultimul-suveran-regele-mihai-si-alba-iulia\/#primaryimage"},"thumbnailUrl":"https:\/\/urbeamea.ro\/albaiulia\/wp-content\/uploads\/2021\/10\/regele-Mihai.jpg","keywords":["regele Mihai"],"articleSection":["Cultur\u0103"],"inLanguage":"ro-RO","potentialAction":[{"@type":"CommentAction","name":"Comment","target":["https:\/\/urbeamea.ro\/albaiulia\/un-veac-de-la-nasterea-ultimul-suveran-regele-mihai-si-alba-iulia\/#respond"]}]},{"@type":"WebPage","@id":"https:\/\/urbeamea.ro\/albaiulia\/un-veac-de-la-nasterea-ultimul-suveran-regele-mihai-si-alba-iulia\/","url":"https:\/\/urbeamea.ro\/albaiulia\/un-veac-de-la-nasterea-ultimul-suveran-regele-mihai-si-alba-iulia\/","name":"Un veac de la na\u0219terea ultimul suveran. Regele Mihai \u0219i Alba Iulia - Revista Urbea Mea - Revista de Alba","isPartOf":{"@id":"https:\/\/urbeamea.ro\/albaiulia\/#website"},"primaryImageOfPage":{"@id":"https:\/\/urbeamea.ro\/albaiulia\/un-veac-de-la-nasterea-ultimul-suveran-regele-mihai-si-alba-iulia\/#primaryimage"},"image":{"@id":"https:\/\/urbeamea.ro\/albaiulia\/un-veac-de-la-nasterea-ultimul-suveran-regele-mihai-si-alba-iulia\/#primaryimage"},"thumbnailUrl":"https:\/\/urbeamea.ro\/albaiulia\/wp-content\/uploads\/2021\/10\/regele-Mihai.jpg","datePublished":"2021-10-25T09:02:28+00:00","dateModified":"2021-10-25T09:04:39+00:00","author":{"@id":"https:\/\/urbeamea.ro\/albaiulia\/#\/schema\/person\/a115373ce8153754c6b084232d985956"},"description":"Deun\u0103zi, \u00een 15 octombrie, la Alba Iulia, \u00een inima Cet\u0103\u021bii, a fost dezvelit bustul Regelui Mihai (artist Ovidiu Protopopescu). Evenimentul, la care a","breadcrumb":{"@id":"https:\/\/urbeamea.ro\/albaiulia\/un-veac-de-la-nasterea-ultimul-suveran-regele-mihai-si-alba-iulia\/#breadcrumb"},"inLanguage":"ro-RO","potentialAction":[{"@type":"ReadAction","target":["https:\/\/urbeamea.ro\/albaiulia\/un-veac-de-la-nasterea-ultimul-suveran-regele-mihai-si-alba-iulia\/"]}]},{"@type":"ImageObject","inLanguage":"ro-RO","@id":"https:\/\/urbeamea.ro\/albaiulia\/un-veac-de-la-nasterea-ultimul-suveran-regele-mihai-si-alba-iulia\/#primaryimage","url":"https:\/\/urbeamea.ro\/albaiulia\/wp-content\/uploads\/2021\/10\/regele-Mihai.jpg","contentUrl":"https:\/\/urbeamea.ro\/albaiulia\/wp-content\/uploads\/2021\/10\/regele-Mihai.jpg","width":1840,"height":1230},{"@type":"BreadcrumbList","@id":"https:\/\/urbeamea.ro\/albaiulia\/un-veac-de-la-nasterea-ultimul-suveran-regele-mihai-si-alba-iulia\/#breadcrumb","itemListElement":[{"@type":"ListItem","position":1,"name":"Prima pagin\u0103","item":"https:\/\/urbeamea.ro\/albaiulia\/"},{"@type":"ListItem","position":2,"name":"Un veac de la na\u0219terea ultimul suveran. Regele Mihai \u0219i Alba Iulia"}]},{"@type":"WebSite","@id":"https:\/\/urbeamea.ro\/albaiulia\/#website","url":"https:\/\/urbeamea.ro\/albaiulia\/","name":"Revista Urbea Mea, Stiri urbane","description":"Evenimente \u0219i \u0219tiri din Alba Iulia, Sebe\u0219, Aiud, Blaj","potentialAction":[{"@type":"SearchAction","target":{"@type":"EntryPoint","urlTemplate":"https:\/\/urbeamea.ro\/albaiulia\/?s={search_term_string}"},"query-input":{"@type":"PropertyValueSpecification","valueRequired":true,"valueName":"search_term_string"}}],"inLanguage":"ro-RO"},{"@type":"Person","@id":"https:\/\/urbeamea.ro\/albaiulia\/#\/schema\/person\/a115373ce8153754c6b084232d985956","name":"Bogdan P\u0103unescu","image":{"@type":"ImageObject","inLanguage":"ro-RO","@id":"https:\/\/secure.gravatar.com\/avatar\/f72aa881b5a32ea110a53aabc2049429e3ff68fcb09d283722d01fbf330e9dd9?s=96&d=mm&r=g","url":"https:\/\/secure.gravatar.com\/avatar\/f72aa881b5a32ea110a53aabc2049429e3ff68fcb09d283722d01fbf330e9dd9?s=96&d=mm&r=g","contentUrl":"https:\/\/secure.gravatar.com\/avatar\/f72aa881b5a32ea110a53aabc2049429e3ff68fcb09d283722d01fbf330e9dd9?s=96&d=mm&r=g","caption":"Bogdan P\u0103unescu"},"description":"\u00cemi place tot ceea ce este legat de web \u015fi ajut la dezvoltarea \u015fi \u00eembun\u0103t\u0103\u0163irea lui prin tot ceea ce fac.","sameAs":["https:\/\/www.artonmedia.ro","https:\/\/www.facebook.com\/bogdanvpaunescu"],"url":"https:\/\/urbeamea.ro\/albaiulia\/author\/bogdan-paunescu\/"}]}},"_links":{"self":[{"href":"https:\/\/urbeamea.ro\/albaiulia\/wp-json\/wp\/v2\/posts\/98644","targetHints":{"allow":["GET"]}}],"collection":[{"href":"https:\/\/urbeamea.ro\/albaiulia\/wp-json\/wp\/v2\/posts"}],"about":[{"href":"https:\/\/urbeamea.ro\/albaiulia\/wp-json\/wp\/v2\/types\/post"}],"author":[{"embeddable":true,"href":"https:\/\/urbeamea.ro\/albaiulia\/wp-json\/wp\/v2\/users\/5"}],"replies":[{"embeddable":true,"href":"https:\/\/urbeamea.ro\/albaiulia\/wp-json\/wp\/v2\/comments?post=98644"}],"version-history":[{"count":2,"href":"https:\/\/urbeamea.ro\/albaiulia\/wp-json\/wp\/v2\/posts\/98644\/revisions"}],"predecessor-version":[{"id":98647,"href":"https:\/\/urbeamea.ro\/albaiulia\/wp-json\/wp\/v2\/posts\/98644\/revisions\/98647"}],"wp:featuredmedia":[{"embeddable":true,"href":"https:\/\/urbeamea.ro\/albaiulia\/wp-json\/wp\/v2\/media\/98645"}],"wp:attachment":[{"href":"https:\/\/urbeamea.ro\/albaiulia\/wp-json\/wp\/v2\/media?parent=98644"}],"wp:term":[{"taxonomy":"category","embeddable":true,"href":"https:\/\/urbeamea.ro\/albaiulia\/wp-json\/wp\/v2\/categories?post=98644"},{"taxonomy":"post_tag","embeddable":true,"href":"https:\/\/urbeamea.ro\/albaiulia\/wp-json\/wp\/v2\/tags?post=98644"}],"curies":[{"name":"wp","href":"https:\/\/api.w.org\/{rel}","templated":true}]}}