{"id":98797,"date":"2021-11-02T10:16:51","date_gmt":"2021-11-02T08:16:51","guid":{"rendered":"https:\/\/urbeamea.ro\/albaiulia\/?p=98797"},"modified":"2021-11-02T10:21:33","modified_gmt":"2021-11-02T08:21:33","slug":"marti-2-noiembrie-2021-ora-15-la-museikon-va-fi-vernisata-expozitia-altar","status":"publish","type":"post","link":"https:\/\/urbeamea.ro\/albaiulia\/marti-2-noiembrie-2021-ora-15-la-museikon-va-fi-vernisata-expozitia-altar\/","title":{"rendered":"Mar\u021bi, 2 noiembrie 2021, ora 15, la Museikon va fi vernisat\u0103 expozi\u021bia Altar"},"content":{"rendered":"\n<p>Organizarea unui eveniment dedicat artei ne face de multe ori s\u0103 ne g\u00e2ndim, \u00een sens general, la celebra expresie \u201ed\u0103 Cezarului ce este al Cezarului&#8221; \u0219i s\u0103 arunc\u0103m totodat\u0103 o privire mai atent\u0103 \u00een trecut, constat\u00e2nd astfel c\u0103 muzeele sunt, \u00een primul r\u00e2nd, temple menite s\u0103 ad\u0103posteasc\u0103 crea\u021biile arti\u0219tilor din diferite vremi, ni\u0219te sanctuare ale&nbsp;timpului \u0219i ale geniului uman.<\/p>\n\n\n\n<p>Prin expozi\u021bia&nbsp;<em>Altar<\/em>, oretrospectiv\u0103 a activit\u0103\u021bii pictorului Nicolae Toma Muntean, deschis\u0103 la Museikon \u00eencep\u00e2nd din 2 noiembrie 2021, Muzeul Na\u021bional al Unirii din Alba Iulia marcheaz\u0103 un nou \u0219i \u00eensemnat reper \u00een peisajul cultural albaiulian. Totodat\u0103, este o bucurie s\u0103 prezent\u0103m publicului minunatele lucr\u0103ri ale artistului astfel omagiat, contribuind \u00een acest mod la descoperirea comorilor \u0219i oamenilor din ora\u0219ul nostru, care \u00eenc\u0103 ascunde, departe de privirile ocupate ale trec\u0103torilor, at\u00e2tea minun\u0103\u021bii.<\/p>\n\n\n\n<p>Evenimentul este organizat de Consiliul Jude\u021bean Alba \u0219i Muzeul Na\u021bional al Unirii Alba Iulia.<\/p>\n\n\n\n<figure class=\"wp-block-image size-large is-style-default\"><img loading=\"lazy\" decoding=\"async\" width=\"1280\" height=\"720\" src=\"https:\/\/urbeamea.ro\/albaiulia\/wp-content\/uploads\/2021\/11\/250970315_1743177132559166_8461853564526678610_n-1280x720.jpg\" alt=\"\" class=\"wp-image-98803\" srcset=\"https:\/\/urbeamea.ro\/albaiulia\/wp-content\/uploads\/2021\/11\/250970315_1743177132559166_8461853564526678610_n-1280x720.jpg 1280w, https:\/\/urbeamea.ro\/albaiulia\/wp-content\/uploads\/2021\/11\/250970315_1743177132559166_8461853564526678610_n-640x360.jpg 640w, https:\/\/urbeamea.ro\/albaiulia\/wp-content\/uploads\/2021\/11\/250970315_1743177132559166_8461853564526678610_n-150x84.jpg 150w, https:\/\/urbeamea.ro\/albaiulia\/wp-content\/uploads\/2021\/11\/250970315_1743177132559166_8461853564526678610_n-768x432.jpg 768w, https:\/\/urbeamea.ro\/albaiulia\/wp-content\/uploads\/2021\/11\/250970315_1743177132559166_8461853564526678610_n-1536x864.jpg 1536w, https:\/\/urbeamea.ro\/albaiulia\/wp-content\/uploads\/2021\/11\/250970315_1743177132559166_8461853564526678610_n-390x220.jpg 390w, https:\/\/urbeamea.ro\/albaiulia\/wp-content\/uploads\/2021\/11\/250970315_1743177132559166_8461853564526678610_n.jpg 2000w\" sizes=\"auto, (max-width: 1280px) 100vw, 1280px\" \/><\/figure>\n","protected":false},"excerpt":{"rendered":"<p>Organizarea unui eveniment dedicat artei ne face de multe ori s\u0103 ne g\u00e2ndim, \u00een sens general, la celebra expresie \u201ed\u0103 Cezarului ce este al Cezarului&#8221; \u0219i s\u0103 arunc\u0103m totodat\u0103 o privire mai atent\u0103 \u00een trecut, constat\u00e2nd astfel c\u0103 muzeele sunt, \u00een primul r\u00e2nd, temple menite s\u0103 ad\u0103posteasc\u0103 crea\u021biile arti\u0219tilor din diferite vremi, ni\u0219te sanctuare ale&nbsp;timpului &hellip;<\/p>\n","protected":false},"author":5,"featured_media":98798,"comment_status":"open","ping_status":"open","sticky":false,"template":"","format":"standard","meta":{"inline_featured_image":false,"footnotes":""},"categories":[4],"tags":[773,9037],"class_list":["post-98797","post","type-post","status-publish","format-standard","has-post-thumbnail","hentry","category-eveniment","tag-museikon","tag-nicolae-toma-muntean"],"yoast_head":"<!-- This site is optimized with the Yoast SEO plugin v27.4 - https:\/\/yoast.com\/product\/yoast-seo-wordpress\/ -->\n<title>Mar\u021bi, 2 noiembrie 2021, ora 15, la Museikon va fi vernisat\u0103 expozi\u021bia Altar - Revista Urbea Mea - Revista de Alba<\/title>\n<meta name=\"description\" content=\"Organizarea unui eveniment dedicat artei ne face de multe ori s\u0103 ne g\u00e2ndim, \u00een sens general, la celebra expresie \u201ed\u0103 Cezarului ce este al Cezarului&quot; \u0219i s\u0103\" \/>\n<meta name=\"robots\" content=\"index, follow, max-snippet:-1, max-image-preview:large, max-video-preview:-1\" \/>\n<link rel=\"canonical\" href=\"https:\/\/urbeamea.ro\/albaiulia\/marti-2-noiembrie-2021-ora-15-la-museikon-va-fi-vernisata-expozitia-altar\/\" \/>\n<meta name=\"twitter:card\" content=\"summary_large_image\" \/>\n<meta name=\"twitter:title\" content=\"Mar\u021bi, 2 noiembrie 2021, ora 15, la Museikon va fi vernisat\u0103 expozi\u021bia Altar - Revista Urbea Mea - Revista de Alba\" \/>\n<meta name=\"twitter:description\" content=\"Organizarea unui eveniment dedicat artei ne face de multe ori s\u0103 ne g\u00e2ndim, \u00een sens general, la celebra expresie \u201ed\u0103 Cezarului ce este al Cezarului&quot; \u0219i s\u0103\" \/>\n<meta name=\"twitter:image\" content=\"https:\/\/urbeamea.ro\/albaiulia\/wp-content\/uploads\/2021\/11\/Afis.jpg\" \/>\n<meta name=\"twitter:creator\" content=\"@urbeameaweb\" \/>\n<meta name=\"twitter:site\" content=\"@urbeameaweb\" \/>\n<script type=\"application\/ld+json\" class=\"yoast-schema-graph\">{\"@context\":\"https:\\\/\\\/schema.org\",\"@graph\":[{\"@type\":\"Article\",\"@id\":\"https:\\\/\\\/urbeamea.ro\\\/albaiulia\\\/marti-2-noiembrie-2021-ora-15-la-museikon-va-fi-vernisata-expozitia-altar\\\/#article\",\"isPartOf\":{\"@id\":\"https:\\\/\\\/urbeamea.ro\\\/albaiulia\\\/marti-2-noiembrie-2021-ora-15-la-museikon-va-fi-vernisata-expozitia-altar\\\/\"},\"author\":{\"name\":\"Bogdan P\u0103unescu\",\"@id\":\"https:\\\/\\\/urbeamea.ro\\\/albaiulia\\\/#\\\/schema\\\/person\\\/a115373ce8153754c6b084232d985956\"},\"headline\":\"Mar\u021bi, 2 noiembrie 2021, ora 15, la Museikon va fi vernisat\u0103 expozi\u021bia Altar\",\"datePublished\":\"2021-11-02T08:16:51+00:00\",\"dateModified\":\"2021-11-02T08:21:33+00:00\",\"mainEntityOfPage\":{\"@id\":\"https:\\\/\\\/urbeamea.ro\\\/albaiulia\\\/marti-2-noiembrie-2021-ora-15-la-museikon-va-fi-vernisata-expozitia-altar\\\/\"},\"wordCount\":177,\"commentCount\":0,\"image\":{\"@id\":\"https:\\\/\\\/urbeamea.ro\\\/albaiulia\\\/marti-2-noiembrie-2021-ora-15-la-museikon-va-fi-vernisata-expozitia-altar\\\/#primaryimage\"},\"thumbnailUrl\":\"https:\\\/\\\/urbeamea.ro\\\/albaiulia\\\/wp-content\\\/uploads\\\/2021\\\/11\\\/Afis.jpg\",\"keywords\":[\"museikon\",\"Nicolae Toma Muntean\"],\"articleSection\":[\"Evenimente\"],\"inLanguage\":\"ro-RO\",\"potentialAction\":[{\"@type\":\"CommentAction\",\"name\":\"Comment\",\"target\":[\"https:\\\/\\\/urbeamea.ro\\\/albaiulia\\\/marti-2-noiembrie-2021-ora-15-la-museikon-va-fi-vernisata-expozitia-altar\\\/#respond\"]}]},{\"@type\":\"WebPage\",\"@id\":\"https:\\\/\\\/urbeamea.ro\\\/albaiulia\\\/marti-2-noiembrie-2021-ora-15-la-museikon-va-fi-vernisata-expozitia-altar\\\/\",\"url\":\"https:\\\/\\\/urbeamea.ro\\\/albaiulia\\\/marti-2-noiembrie-2021-ora-15-la-museikon-va-fi-vernisata-expozitia-altar\\\/\",\"name\":\"Mar\u021bi, 2 noiembrie 2021, ora 15, la Museikon va fi vernisat\u0103 expozi\u021bia Altar - Revista Urbea Mea - Revista de Alba\",\"isPartOf\":{\"@id\":\"https:\\\/\\\/urbeamea.ro\\\/albaiulia\\\/#website\"},\"primaryImageOfPage\":{\"@id\":\"https:\\\/\\\/urbeamea.ro\\\/albaiulia\\\/marti-2-noiembrie-2021-ora-15-la-museikon-va-fi-vernisata-expozitia-altar\\\/#primaryimage\"},\"image\":{\"@id\":\"https:\\\/\\\/urbeamea.ro\\\/albaiulia\\\/marti-2-noiembrie-2021-ora-15-la-museikon-va-fi-vernisata-expozitia-altar\\\/#primaryimage\"},\"thumbnailUrl\":\"https:\\\/\\\/urbeamea.ro\\\/albaiulia\\\/wp-content\\\/uploads\\\/2021\\\/11\\\/Afis.jpg\",\"datePublished\":\"2021-11-02T08:16:51+00:00\",\"dateModified\":\"2021-11-02T08:21:33+00:00\",\"author\":{\"@id\":\"https:\\\/\\\/urbeamea.ro\\\/albaiulia\\\/#\\\/schema\\\/person\\\/a115373ce8153754c6b084232d985956\"},\"description\":\"Organizarea unui eveniment dedicat artei ne face de multe ori s\u0103 ne g\u00e2ndim, \u00een sens general, la celebra expresie \u201ed\u0103 Cezarului ce este al Cezarului\\\" \u0219i s\u0103\",\"breadcrumb\":{\"@id\":\"https:\\\/\\\/urbeamea.ro\\\/albaiulia\\\/marti-2-noiembrie-2021-ora-15-la-museikon-va-fi-vernisata-expozitia-altar\\\/#breadcrumb\"},\"inLanguage\":\"ro-RO\",\"potentialAction\":[{\"@type\":\"ReadAction\",\"target\":[\"https:\\\/\\\/urbeamea.ro\\\/albaiulia\\\/marti-2-noiembrie-2021-ora-15-la-museikon-va-fi-vernisata-expozitia-altar\\\/\"]}]},{\"@type\":\"ImageObject\",\"inLanguage\":\"ro-RO\",\"@id\":\"https:\\\/\\\/urbeamea.ro\\\/albaiulia\\\/marti-2-noiembrie-2021-ora-15-la-museikon-va-fi-vernisata-expozitia-altar\\\/#primaryimage\",\"url\":\"https:\\\/\\\/urbeamea.ro\\\/albaiulia\\\/wp-content\\\/uploads\\\/2021\\\/11\\\/Afis.jpg\",\"contentUrl\":\"https:\\\/\\\/urbeamea.ro\\\/albaiulia\\\/wp-content\\\/uploads\\\/2021\\\/11\\\/Afis.jpg\",\"width\":1131,\"height\":1600},{\"@type\":\"BreadcrumbList\",\"@id\":\"https:\\\/\\\/urbeamea.ro\\\/albaiulia\\\/marti-2-noiembrie-2021-ora-15-la-museikon-va-fi-vernisata-expozitia-altar\\\/#breadcrumb\",\"itemListElement\":[{\"@type\":\"ListItem\",\"position\":1,\"name\":\"Prima pagin\u0103\",\"item\":\"https:\\\/\\\/urbeamea.ro\\\/albaiulia\\\/\"},{\"@type\":\"ListItem\",\"position\":2,\"name\":\"Mar\u021bi, 2 noiembrie 2021, ora 15, la Museikon va fi vernisat\u0103 expozi\u021bia Altar\"}]},{\"@type\":\"WebSite\",\"@id\":\"https:\\\/\\\/urbeamea.ro\\\/albaiulia\\\/#website\",\"url\":\"https:\\\/\\\/urbeamea.ro\\\/albaiulia\\\/\",\"name\":\"Revista Urbea Mea, Stiri urbane\",\"description\":\"Evenimente \u0219i \u0219tiri din Alba Iulia, Sebe\u0219, Aiud, Blaj\",\"potentialAction\":[{\"@type\":\"SearchAction\",\"target\":{\"@type\":\"EntryPoint\",\"urlTemplate\":\"https:\\\/\\\/urbeamea.ro\\\/albaiulia\\\/?s={search_term_string}\"},\"query-input\":{\"@type\":\"PropertyValueSpecification\",\"valueRequired\":true,\"valueName\":\"search_term_string\"}}],\"inLanguage\":\"ro-RO\"},{\"@type\":\"Person\",\"@id\":\"https:\\\/\\\/urbeamea.ro\\\/albaiulia\\\/#\\\/schema\\\/person\\\/a115373ce8153754c6b084232d985956\",\"name\":\"Bogdan P\u0103unescu\",\"image\":{\"@type\":\"ImageObject\",\"inLanguage\":\"ro-RO\",\"@id\":\"https:\\\/\\\/secure.gravatar.com\\\/avatar\\\/f72aa881b5a32ea110a53aabc2049429e3ff68fcb09d283722d01fbf330e9dd9?s=96&d=mm&r=g\",\"url\":\"https:\\\/\\\/secure.gravatar.com\\\/avatar\\\/f72aa881b5a32ea110a53aabc2049429e3ff68fcb09d283722d01fbf330e9dd9?s=96&d=mm&r=g\",\"contentUrl\":\"https:\\\/\\\/secure.gravatar.com\\\/avatar\\\/f72aa881b5a32ea110a53aabc2049429e3ff68fcb09d283722d01fbf330e9dd9?s=96&d=mm&r=g\",\"caption\":\"Bogdan P\u0103unescu\"},\"description\":\"\u00cemi place tot ceea ce este legat de web \u015fi ajut la dezvoltarea \u015fi \u00eembun\u0103t\u0103\u0163irea lui prin tot ceea ce fac.\",\"sameAs\":[\"https:\\\/\\\/www.artonmedia.ro\",\"https:\\\/\\\/www.facebook.com\\\/bogdanvpaunescu\"],\"url\":\"https:\\\/\\\/urbeamea.ro\\\/albaiulia\\\/author\\\/bogdan-paunescu\\\/\"}]}<\/script>\n<!-- \/ Yoast SEO plugin. -->","yoast_head_json":{"title":"Mar\u021bi, 2 noiembrie 2021, ora 15, la Museikon va fi vernisat\u0103 expozi\u021bia Altar - Revista Urbea Mea - Revista de Alba","description":"Organizarea unui eveniment dedicat artei ne face de multe ori s\u0103 ne g\u00e2ndim, \u00een sens general, la celebra expresie \u201ed\u0103 Cezarului ce este al Cezarului\" \u0219i s\u0103","robots":{"index":"index","follow":"follow","max-snippet":"max-snippet:-1","max-image-preview":"max-image-preview:large","max-video-preview":"max-video-preview:-1"},"canonical":"https:\/\/urbeamea.ro\/albaiulia\/marti-2-noiembrie-2021-ora-15-la-museikon-va-fi-vernisata-expozitia-altar\/","twitter_card":"summary_large_image","twitter_title":"Mar\u021bi, 2 noiembrie 2021, ora 15, la Museikon va fi vernisat\u0103 expozi\u021bia Altar - Revista Urbea Mea - Revista de Alba","twitter_description":"Organizarea unui eveniment dedicat artei ne face de multe ori s\u0103 ne g\u00e2ndim, \u00een sens general, la celebra expresie \u201ed\u0103 Cezarului ce este al Cezarului\" \u0219i s\u0103","twitter_image":"https:\/\/urbeamea.ro\/albaiulia\/wp-content\/uploads\/2021\/11\/Afis.jpg","twitter_creator":"@urbeameaweb","twitter_site":"@urbeameaweb","schema":{"@context":"https:\/\/schema.org","@graph":[{"@type":"Article","@id":"https:\/\/urbeamea.ro\/albaiulia\/marti-2-noiembrie-2021-ora-15-la-museikon-va-fi-vernisata-expozitia-altar\/#article","isPartOf":{"@id":"https:\/\/urbeamea.ro\/albaiulia\/marti-2-noiembrie-2021-ora-15-la-museikon-va-fi-vernisata-expozitia-altar\/"},"author":{"name":"Bogdan P\u0103unescu","@id":"https:\/\/urbeamea.ro\/albaiulia\/#\/schema\/person\/a115373ce8153754c6b084232d985956"},"headline":"Mar\u021bi, 2 noiembrie 2021, ora 15, la Museikon va fi vernisat\u0103 expozi\u021bia Altar","datePublished":"2021-11-02T08:16:51+00:00","dateModified":"2021-11-02T08:21:33+00:00","mainEntityOfPage":{"@id":"https:\/\/urbeamea.ro\/albaiulia\/marti-2-noiembrie-2021-ora-15-la-museikon-va-fi-vernisata-expozitia-altar\/"},"wordCount":177,"commentCount":0,"image":{"@id":"https:\/\/urbeamea.ro\/albaiulia\/marti-2-noiembrie-2021-ora-15-la-museikon-va-fi-vernisata-expozitia-altar\/#primaryimage"},"thumbnailUrl":"https:\/\/urbeamea.ro\/albaiulia\/wp-content\/uploads\/2021\/11\/Afis.jpg","keywords":["museikon","Nicolae Toma Muntean"],"articleSection":["Evenimente"],"inLanguage":"ro-RO","potentialAction":[{"@type":"CommentAction","name":"Comment","target":["https:\/\/urbeamea.ro\/albaiulia\/marti-2-noiembrie-2021-ora-15-la-museikon-va-fi-vernisata-expozitia-altar\/#respond"]}]},{"@type":"WebPage","@id":"https:\/\/urbeamea.ro\/albaiulia\/marti-2-noiembrie-2021-ora-15-la-museikon-va-fi-vernisata-expozitia-altar\/","url":"https:\/\/urbeamea.ro\/albaiulia\/marti-2-noiembrie-2021-ora-15-la-museikon-va-fi-vernisata-expozitia-altar\/","name":"Mar\u021bi, 2 noiembrie 2021, ora 15, la Museikon va fi vernisat\u0103 expozi\u021bia Altar - Revista Urbea Mea - Revista de Alba","isPartOf":{"@id":"https:\/\/urbeamea.ro\/albaiulia\/#website"},"primaryImageOfPage":{"@id":"https:\/\/urbeamea.ro\/albaiulia\/marti-2-noiembrie-2021-ora-15-la-museikon-va-fi-vernisata-expozitia-altar\/#primaryimage"},"image":{"@id":"https:\/\/urbeamea.ro\/albaiulia\/marti-2-noiembrie-2021-ora-15-la-museikon-va-fi-vernisata-expozitia-altar\/#primaryimage"},"thumbnailUrl":"https:\/\/urbeamea.ro\/albaiulia\/wp-content\/uploads\/2021\/11\/Afis.jpg","datePublished":"2021-11-02T08:16:51+00:00","dateModified":"2021-11-02T08:21:33+00:00","author":{"@id":"https:\/\/urbeamea.ro\/albaiulia\/#\/schema\/person\/a115373ce8153754c6b084232d985956"},"description":"Organizarea unui eveniment dedicat artei ne face de multe ori s\u0103 ne g\u00e2ndim, \u00een sens general, la celebra expresie \u201ed\u0103 Cezarului ce este al Cezarului\" \u0219i s\u0103","breadcrumb":{"@id":"https:\/\/urbeamea.ro\/albaiulia\/marti-2-noiembrie-2021-ora-15-la-museikon-va-fi-vernisata-expozitia-altar\/#breadcrumb"},"inLanguage":"ro-RO","potentialAction":[{"@type":"ReadAction","target":["https:\/\/urbeamea.ro\/albaiulia\/marti-2-noiembrie-2021-ora-15-la-museikon-va-fi-vernisata-expozitia-altar\/"]}]},{"@type":"ImageObject","inLanguage":"ro-RO","@id":"https:\/\/urbeamea.ro\/albaiulia\/marti-2-noiembrie-2021-ora-15-la-museikon-va-fi-vernisata-expozitia-altar\/#primaryimage","url":"https:\/\/urbeamea.ro\/albaiulia\/wp-content\/uploads\/2021\/11\/Afis.jpg","contentUrl":"https:\/\/urbeamea.ro\/albaiulia\/wp-content\/uploads\/2021\/11\/Afis.jpg","width":1131,"height":1600},{"@type":"BreadcrumbList","@id":"https:\/\/urbeamea.ro\/albaiulia\/marti-2-noiembrie-2021-ora-15-la-museikon-va-fi-vernisata-expozitia-altar\/#breadcrumb","itemListElement":[{"@type":"ListItem","position":1,"name":"Prima pagin\u0103","item":"https:\/\/urbeamea.ro\/albaiulia\/"},{"@type":"ListItem","position":2,"name":"Mar\u021bi, 2 noiembrie 2021, ora 15, la Museikon va fi vernisat\u0103 expozi\u021bia Altar"}]},{"@type":"WebSite","@id":"https:\/\/urbeamea.ro\/albaiulia\/#website","url":"https:\/\/urbeamea.ro\/albaiulia\/","name":"Revista Urbea Mea, Stiri urbane","description":"Evenimente \u0219i \u0219tiri din Alba Iulia, Sebe\u0219, Aiud, Blaj","potentialAction":[{"@type":"SearchAction","target":{"@type":"EntryPoint","urlTemplate":"https:\/\/urbeamea.ro\/albaiulia\/?s={search_term_string}"},"query-input":{"@type":"PropertyValueSpecification","valueRequired":true,"valueName":"search_term_string"}}],"inLanguage":"ro-RO"},{"@type":"Person","@id":"https:\/\/urbeamea.ro\/albaiulia\/#\/schema\/person\/a115373ce8153754c6b084232d985956","name":"Bogdan P\u0103unescu","image":{"@type":"ImageObject","inLanguage":"ro-RO","@id":"https:\/\/secure.gravatar.com\/avatar\/f72aa881b5a32ea110a53aabc2049429e3ff68fcb09d283722d01fbf330e9dd9?s=96&d=mm&r=g","url":"https:\/\/secure.gravatar.com\/avatar\/f72aa881b5a32ea110a53aabc2049429e3ff68fcb09d283722d01fbf330e9dd9?s=96&d=mm&r=g","contentUrl":"https:\/\/secure.gravatar.com\/avatar\/f72aa881b5a32ea110a53aabc2049429e3ff68fcb09d283722d01fbf330e9dd9?s=96&d=mm&r=g","caption":"Bogdan P\u0103unescu"},"description":"\u00cemi place tot ceea ce este legat de web \u015fi ajut la dezvoltarea \u015fi \u00eembun\u0103t\u0103\u0163irea lui prin tot ceea ce fac.","sameAs":["https:\/\/www.artonmedia.ro","https:\/\/www.facebook.com\/bogdanvpaunescu"],"url":"https:\/\/urbeamea.ro\/albaiulia\/author\/bogdan-paunescu\/"}]}},"_links":{"self":[{"href":"https:\/\/urbeamea.ro\/albaiulia\/wp-json\/wp\/v2\/posts\/98797","targetHints":{"allow":["GET"]}}],"collection":[{"href":"https:\/\/urbeamea.ro\/albaiulia\/wp-json\/wp\/v2\/posts"}],"about":[{"href":"https:\/\/urbeamea.ro\/albaiulia\/wp-json\/wp\/v2\/types\/post"}],"author":[{"embeddable":true,"href":"https:\/\/urbeamea.ro\/albaiulia\/wp-json\/wp\/v2\/users\/5"}],"replies":[{"embeddable":true,"href":"https:\/\/urbeamea.ro\/albaiulia\/wp-json\/wp\/v2\/comments?post=98797"}],"version-history":[{"count":2,"href":"https:\/\/urbeamea.ro\/albaiulia\/wp-json\/wp\/v2\/posts\/98797\/revisions"}],"predecessor-version":[{"id":98804,"href":"https:\/\/urbeamea.ro\/albaiulia\/wp-json\/wp\/v2\/posts\/98797\/revisions\/98804"}],"wp:featuredmedia":[{"embeddable":true,"href":"https:\/\/urbeamea.ro\/albaiulia\/wp-json\/wp\/v2\/media\/98798"}],"wp:attachment":[{"href":"https:\/\/urbeamea.ro\/albaiulia\/wp-json\/wp\/v2\/media?parent=98797"}],"wp:term":[{"taxonomy":"category","embeddable":true,"href":"https:\/\/urbeamea.ro\/albaiulia\/wp-json\/wp\/v2\/categories?post=98797"},{"taxonomy":"post_tag","embeddable":true,"href":"https:\/\/urbeamea.ro\/albaiulia\/wp-json\/wp\/v2\/tags?post=98797"}],"curies":[{"name":"wp","href":"https:\/\/api.w.org\/{rel}","templated":true}]}}