{"id":98824,"date":"2021-11-04T15:14:04","date_gmt":"2021-11-04T13:14:04","guid":{"rendered":"https:\/\/urbeamea.ro\/albaiulia\/?p=98824"},"modified":"2021-11-04T15:14:05","modified_gmt":"2021-11-04T13:14:05","slug":"expozitie-temporara-achizitii-muzeale-vineri-5-noiembrie-ora-15-la-muzeul-national-al-unirii","status":"publish","type":"post","link":"https:\/\/urbeamea.ro\/albaiulia\/expozitie-temporara-achizitii-muzeale-vineri-5-noiembrie-ora-15-la-muzeul-national-al-unirii\/","title":{"rendered":"Expozi\u021bie temporar\u0103, achizi\u021bii muzeale, vineri, 5 noiembrie, ora 15, la Muzeul Na\u021bional al Unirii"},"content":{"rendered":"\n<h3 class=\"wp-block-heading\">Vineri, 5 noiembrie 2021, ora 15, la Muzeul Na\u021bional al Unirii Alba Iulia, \u00een spa\u021biul expozi\u021bional din aripa de nord a S\u0103lii Unirii, va fi vernisat\u0103 expozi\u021bia temporar\u0103:\u00a0<em>Achizi\u021bii muzeale<\/em>.<\/h3>\n\n\n\n<p>Dezvoltarea colec\u021biilor patrimoniale este una din liniile de activitate urmate de personalul \u0219tiin\u021bific al Muzeului Na\u021bional al Unirii Alba Iulia. Fie c\u0103 avem \u00een vedere noi descoperiri arheologice, dona\u021bii sau achizi\u021bii an de an colec\u021biile prestigioasei institu\u021bii albaiuliene s-au \u00eembog\u0103\u021bit cu piese de valoare excep\u021bional\u0103.<\/p>\n\n\n\n<p>Un capitol important \u00eel constituie achizi\u021biile de bunuri culturale at\u00e2t de la diver\u0219i colec\u021bionari, c\u00e2t \u0219i prin intermediul caselor de licita\u021bie. Astfel, \u00een expozi\u021bia dedicat\u0103 achizi\u021biilor muzeale vor putea fi admirate piese de art\u0103 (tablouri semnate de Sava Hen\u021bia), c\u0103r\u021bi rare (<em>Ceaslov<\/em>, Govora, 1640), documente, fotografii (o fotografie a memorandi\u0219tilor afla\u021bi \u00een via\u021b\u0103 \u00een anul 1935 sau fotografia lui Vasile Goldi\u0219 cu semn\u0103tur\u0103 olograf\u0103), ex-libris-uri, piese arheologice, gravuri (principele Transilvaniei \u0218tefan Bathory, ulterior rege al Poloniei) sau piese numismatice \u2013 1 florin de aur emis de regele Matia Corvinul (Sibiu, 1466).<\/p>\n\n\n\n<p>Expozi\u021bia poate fi vizitat\u0103 \u00een perioada 5 noiembrie \u2013 12 decembrie 2021.&nbsp;Evenimentul este organizat de Consiliul Jude\u021bean Alba \u0219i Muzeul Na\u021bional al Unirii Alba Iulia.<\/p>\n","protected":false},"excerpt":{"rendered":"<p>Vineri, 5 noiembrie 2021, ora 15, la Muzeul Na\u021bional al Unirii Alba Iulia, \u00een spa\u021biul expozi\u021bional din aripa de nord a S\u0103lii Unirii, va fi vernisat\u0103 expozi\u021bia temporar\u0103:\u00a0Achizi\u021bii muzeale. Dezvoltarea colec\u021biilor patrimoniale este una din liniile de activitate urmate de personalul \u0219tiin\u021bific al Muzeului Na\u021bional al Unirii Alba Iulia. Fie c\u0103 avem \u00een vedere noi &hellip;<\/p>\n","protected":false},"author":16,"featured_media":98825,"comment_status":"open","ping_status":"open","sticky":false,"template":"","format":"standard","meta":{"inline_featured_image":false,"footnotes":""},"categories":[4],"tags":[],"class_list":["post-98824","post","type-post","status-publish","format-standard","has-post-thumbnail","hentry","category-eveniment"],"yoast_head":"<!-- This site is optimized with the Yoast SEO plugin v27.4 - https:\/\/yoast.com\/product\/yoast-seo-wordpress\/ -->\n<title>Expozi\u021bie temporar\u0103, achizi\u021bii muzeale, vineri, 5 noiembrie, ora 15, la Muzeul Na\u021bional al Unirii - Revista Urbea Mea - Revista de Alba<\/title>\n<meta name=\"description\" content=\"Vineri, 5 noiembrie 2021, ora 15, la Muzeul Na\u021bional al Unirii Alba Iulia, \u00een spa\u021biul expozi\u021bional din aripa de nord a S\u0103lii Unirii, va fi vernisat\u0103\" \/>\n<meta name=\"robots\" content=\"index, follow, max-snippet:-1, max-image-preview:large, max-video-preview:-1\" \/>\n<link rel=\"canonical\" href=\"https:\/\/urbeamea.ro\/albaiulia\/expozitie-temporara-achizitii-muzeale-vineri-5-noiembrie-ora-15-la-muzeul-national-al-unirii\/\" \/>\n<meta name=\"twitter:card\" content=\"summary_large_image\" \/>\n<meta name=\"twitter:title\" content=\"Expozi\u021bie temporar\u0103, achizi\u021bii muzeale, vineri, 5 noiembrie, ora 15, la Muzeul Na\u021bional al Unirii - Revista Urbea Mea - Revista de Alba\" \/>\n<meta name=\"twitter:description\" content=\"Vineri, 5 noiembrie 2021, ora 15, la Muzeul Na\u021bional al Unirii Alba Iulia, \u00een spa\u021biul expozi\u021bional din aripa de nord a S\u0103lii Unirii, va fi vernisat\u0103\" \/>\n<meta name=\"twitter:image\" content=\"https:\/\/urbeamea.ro\/albaiulia\/wp-content\/uploads\/2021\/11\/afis-2.jpg\" \/>\n<meta name=\"twitter:creator\" content=\"@urbeameaweb\" \/>\n<meta name=\"twitter:site\" content=\"@urbeameaweb\" \/>\n<script type=\"application\/ld+json\" class=\"yoast-schema-graph\">{\"@context\":\"https:\\\/\\\/schema.org\",\"@graph\":[{\"@type\":\"Article\",\"@id\":\"https:\\\/\\\/urbeamea.ro\\\/albaiulia\\\/expozitie-temporara-achizitii-muzeale-vineri-5-noiembrie-ora-15-la-muzeul-national-al-unirii\\\/#article\",\"isPartOf\":{\"@id\":\"https:\\\/\\\/urbeamea.ro\\\/albaiulia\\\/expozitie-temporara-achizitii-muzeale-vineri-5-noiembrie-ora-15-la-muzeul-national-al-unirii\\\/\"},\"author\":{\"name\":\"Redac\u021bia UrbeaMea\",\"@id\":\"https:\\\/\\\/urbeamea.ro\\\/albaiulia\\\/#\\\/schema\\\/person\\\/272ae98052f8ee8980f59848df070247\"},\"headline\":\"Expozi\u021bie temporar\u0103, achizi\u021bii muzeale, vineri, 5 noiembrie, ora 15, la Muzeul Na\u021bional al Unirii\",\"datePublished\":\"2021-11-04T13:14:04+00:00\",\"dateModified\":\"2021-11-04T13:14:05+00:00\",\"mainEntityOfPage\":{\"@id\":\"https:\\\/\\\/urbeamea.ro\\\/albaiulia\\\/expozitie-temporara-achizitii-muzeale-vineri-5-noiembrie-ora-15-la-muzeul-national-al-unirii\\\/\"},\"wordCount\":228,\"commentCount\":0,\"image\":{\"@id\":\"https:\\\/\\\/urbeamea.ro\\\/albaiulia\\\/expozitie-temporara-achizitii-muzeale-vineri-5-noiembrie-ora-15-la-muzeul-national-al-unirii\\\/#primaryimage\"},\"thumbnailUrl\":\"https:\\\/\\\/urbeamea.ro\\\/albaiulia\\\/wp-content\\\/uploads\\\/2021\\\/11\\\/afis-2.jpg\",\"articleSection\":[\"Evenimente\"],\"inLanguage\":\"ro-RO\",\"potentialAction\":[{\"@type\":\"CommentAction\",\"name\":\"Comment\",\"target\":[\"https:\\\/\\\/urbeamea.ro\\\/albaiulia\\\/expozitie-temporara-achizitii-muzeale-vineri-5-noiembrie-ora-15-la-muzeul-national-al-unirii\\\/#respond\"]}]},{\"@type\":\"WebPage\",\"@id\":\"https:\\\/\\\/urbeamea.ro\\\/albaiulia\\\/expozitie-temporara-achizitii-muzeale-vineri-5-noiembrie-ora-15-la-muzeul-national-al-unirii\\\/\",\"url\":\"https:\\\/\\\/urbeamea.ro\\\/albaiulia\\\/expozitie-temporara-achizitii-muzeale-vineri-5-noiembrie-ora-15-la-muzeul-national-al-unirii\\\/\",\"name\":\"Expozi\u021bie temporar\u0103, achizi\u021bii muzeale, vineri, 5 noiembrie, ora 15, la Muzeul Na\u021bional al Unirii - Revista Urbea Mea - Revista de Alba\",\"isPartOf\":{\"@id\":\"https:\\\/\\\/urbeamea.ro\\\/albaiulia\\\/#website\"},\"primaryImageOfPage\":{\"@id\":\"https:\\\/\\\/urbeamea.ro\\\/albaiulia\\\/expozitie-temporara-achizitii-muzeale-vineri-5-noiembrie-ora-15-la-muzeul-national-al-unirii\\\/#primaryimage\"},\"image\":{\"@id\":\"https:\\\/\\\/urbeamea.ro\\\/albaiulia\\\/expozitie-temporara-achizitii-muzeale-vineri-5-noiembrie-ora-15-la-muzeul-national-al-unirii\\\/#primaryimage\"},\"thumbnailUrl\":\"https:\\\/\\\/urbeamea.ro\\\/albaiulia\\\/wp-content\\\/uploads\\\/2021\\\/11\\\/afis-2.jpg\",\"datePublished\":\"2021-11-04T13:14:04+00:00\",\"dateModified\":\"2021-11-04T13:14:05+00:00\",\"author\":{\"@id\":\"https:\\\/\\\/urbeamea.ro\\\/albaiulia\\\/#\\\/schema\\\/person\\\/272ae98052f8ee8980f59848df070247\"},\"description\":\"Vineri, 5 noiembrie 2021, ora 15, la Muzeul Na\u021bional al Unirii Alba Iulia, \u00een spa\u021biul expozi\u021bional din aripa de nord a S\u0103lii Unirii, va fi vernisat\u0103\",\"breadcrumb\":{\"@id\":\"https:\\\/\\\/urbeamea.ro\\\/albaiulia\\\/expozitie-temporara-achizitii-muzeale-vineri-5-noiembrie-ora-15-la-muzeul-national-al-unirii\\\/#breadcrumb\"},\"inLanguage\":\"ro-RO\",\"potentialAction\":[{\"@type\":\"ReadAction\",\"target\":[\"https:\\\/\\\/urbeamea.ro\\\/albaiulia\\\/expozitie-temporara-achizitii-muzeale-vineri-5-noiembrie-ora-15-la-muzeul-national-al-unirii\\\/\"]}]},{\"@type\":\"ImageObject\",\"inLanguage\":\"ro-RO\",\"@id\":\"https:\\\/\\\/urbeamea.ro\\\/albaiulia\\\/expozitie-temporara-achizitii-muzeale-vineri-5-noiembrie-ora-15-la-muzeul-national-al-unirii\\\/#primaryimage\",\"url\":\"https:\\\/\\\/urbeamea.ro\\\/albaiulia\\\/wp-content\\\/uploads\\\/2021\\\/11\\\/afis-2.jpg\",\"contentUrl\":\"https:\\\/\\\/urbeamea.ro\\\/albaiulia\\\/wp-content\\\/uploads\\\/2021\\\/11\\\/afis-2.jpg\",\"width\":1131,\"height\":1600},{\"@type\":\"BreadcrumbList\",\"@id\":\"https:\\\/\\\/urbeamea.ro\\\/albaiulia\\\/expozitie-temporara-achizitii-muzeale-vineri-5-noiembrie-ora-15-la-muzeul-national-al-unirii\\\/#breadcrumb\",\"itemListElement\":[{\"@type\":\"ListItem\",\"position\":1,\"name\":\"Prima pagin\u0103\",\"item\":\"https:\\\/\\\/urbeamea.ro\\\/albaiulia\\\/\"},{\"@type\":\"ListItem\",\"position\":2,\"name\":\"Expozi\u021bie temporar\u0103, achizi\u021bii muzeale, vineri, 5 noiembrie, ora 15, la Muzeul Na\u021bional al Unirii\"}]},{\"@type\":\"WebSite\",\"@id\":\"https:\\\/\\\/urbeamea.ro\\\/albaiulia\\\/#website\",\"url\":\"https:\\\/\\\/urbeamea.ro\\\/albaiulia\\\/\",\"name\":\"Revista Urbea Mea, Stiri urbane\",\"description\":\"Evenimente \u0219i \u0219tiri din Alba Iulia, Sebe\u0219, Aiud, Blaj\",\"potentialAction\":[{\"@type\":\"SearchAction\",\"target\":{\"@type\":\"EntryPoint\",\"urlTemplate\":\"https:\\\/\\\/urbeamea.ro\\\/albaiulia\\\/?s={search_term_string}\"},\"query-input\":{\"@type\":\"PropertyValueSpecification\",\"valueRequired\":true,\"valueName\":\"search_term_string\"}}],\"inLanguage\":\"ro-RO\"},{\"@type\":\"Person\",\"@id\":\"https:\\\/\\\/urbeamea.ro\\\/albaiulia\\\/#\\\/schema\\\/person\\\/272ae98052f8ee8980f59848df070247\",\"name\":\"Redac\u021bia UrbeaMea\",\"image\":{\"@type\":\"ImageObject\",\"inLanguage\":\"ro-RO\",\"@id\":\"https:\\\/\\\/secure.gravatar.com\\\/avatar\\\/9ce5a9435071fa1037e8468053ead8e513dbbff59009d3069aadb85506d85a27?s=96&d=mm&r=g\",\"url\":\"https:\\\/\\\/secure.gravatar.com\\\/avatar\\\/9ce5a9435071fa1037e8468053ead8e513dbbff59009d3069aadb85506d85a27?s=96&d=mm&r=g\",\"contentUrl\":\"https:\\\/\\\/secure.gravatar.com\\\/avatar\\\/9ce5a9435071fa1037e8468053ead8e513dbbff59009d3069aadb85506d85a27?s=96&d=mm&r=g\",\"caption\":\"Redac\u021bia UrbeaMea\"},\"description\":\"contact@urbeamea.ro\",\"sameAs\":[\"https:\\\/\\\/www.urbeamea.ro\"],\"url\":\"https:\\\/\\\/urbeamea.ro\\\/albaiulia\\\/author\\\/redactia-urbeamea\\\/\"}]}<\/script>\n<!-- \/ Yoast SEO plugin. -->","yoast_head_json":{"title":"Expozi\u021bie temporar\u0103, achizi\u021bii muzeale, vineri, 5 noiembrie, ora 15, la Muzeul Na\u021bional al Unirii - Revista Urbea Mea - Revista de Alba","description":"Vineri, 5 noiembrie 2021, ora 15, la Muzeul Na\u021bional al Unirii Alba Iulia, \u00een spa\u021biul expozi\u021bional din aripa de nord a S\u0103lii Unirii, va fi vernisat\u0103","robots":{"index":"index","follow":"follow","max-snippet":"max-snippet:-1","max-image-preview":"max-image-preview:large","max-video-preview":"max-video-preview:-1"},"canonical":"https:\/\/urbeamea.ro\/albaiulia\/expozitie-temporara-achizitii-muzeale-vineri-5-noiembrie-ora-15-la-muzeul-national-al-unirii\/","twitter_card":"summary_large_image","twitter_title":"Expozi\u021bie temporar\u0103, achizi\u021bii muzeale, vineri, 5 noiembrie, ora 15, la Muzeul Na\u021bional al Unirii - Revista Urbea Mea - Revista de Alba","twitter_description":"Vineri, 5 noiembrie 2021, ora 15, la Muzeul Na\u021bional al Unirii Alba Iulia, \u00een spa\u021biul expozi\u021bional din aripa de nord a S\u0103lii Unirii, va fi vernisat\u0103","twitter_image":"https:\/\/urbeamea.ro\/albaiulia\/wp-content\/uploads\/2021\/11\/afis-2.jpg","twitter_creator":"@urbeameaweb","twitter_site":"@urbeameaweb","schema":{"@context":"https:\/\/schema.org","@graph":[{"@type":"Article","@id":"https:\/\/urbeamea.ro\/albaiulia\/expozitie-temporara-achizitii-muzeale-vineri-5-noiembrie-ora-15-la-muzeul-national-al-unirii\/#article","isPartOf":{"@id":"https:\/\/urbeamea.ro\/albaiulia\/expozitie-temporara-achizitii-muzeale-vineri-5-noiembrie-ora-15-la-muzeul-national-al-unirii\/"},"author":{"name":"Redac\u021bia UrbeaMea","@id":"https:\/\/urbeamea.ro\/albaiulia\/#\/schema\/person\/272ae98052f8ee8980f59848df070247"},"headline":"Expozi\u021bie temporar\u0103, achizi\u021bii muzeale, vineri, 5 noiembrie, ora 15, la Muzeul Na\u021bional al Unirii","datePublished":"2021-11-04T13:14:04+00:00","dateModified":"2021-11-04T13:14:05+00:00","mainEntityOfPage":{"@id":"https:\/\/urbeamea.ro\/albaiulia\/expozitie-temporara-achizitii-muzeale-vineri-5-noiembrie-ora-15-la-muzeul-national-al-unirii\/"},"wordCount":228,"commentCount":0,"image":{"@id":"https:\/\/urbeamea.ro\/albaiulia\/expozitie-temporara-achizitii-muzeale-vineri-5-noiembrie-ora-15-la-muzeul-national-al-unirii\/#primaryimage"},"thumbnailUrl":"https:\/\/urbeamea.ro\/albaiulia\/wp-content\/uploads\/2021\/11\/afis-2.jpg","articleSection":["Evenimente"],"inLanguage":"ro-RO","potentialAction":[{"@type":"CommentAction","name":"Comment","target":["https:\/\/urbeamea.ro\/albaiulia\/expozitie-temporara-achizitii-muzeale-vineri-5-noiembrie-ora-15-la-muzeul-national-al-unirii\/#respond"]}]},{"@type":"WebPage","@id":"https:\/\/urbeamea.ro\/albaiulia\/expozitie-temporara-achizitii-muzeale-vineri-5-noiembrie-ora-15-la-muzeul-national-al-unirii\/","url":"https:\/\/urbeamea.ro\/albaiulia\/expozitie-temporara-achizitii-muzeale-vineri-5-noiembrie-ora-15-la-muzeul-national-al-unirii\/","name":"Expozi\u021bie temporar\u0103, achizi\u021bii muzeale, vineri, 5 noiembrie, ora 15, la Muzeul Na\u021bional al Unirii - Revista Urbea Mea - Revista de Alba","isPartOf":{"@id":"https:\/\/urbeamea.ro\/albaiulia\/#website"},"primaryImageOfPage":{"@id":"https:\/\/urbeamea.ro\/albaiulia\/expozitie-temporara-achizitii-muzeale-vineri-5-noiembrie-ora-15-la-muzeul-national-al-unirii\/#primaryimage"},"image":{"@id":"https:\/\/urbeamea.ro\/albaiulia\/expozitie-temporara-achizitii-muzeale-vineri-5-noiembrie-ora-15-la-muzeul-national-al-unirii\/#primaryimage"},"thumbnailUrl":"https:\/\/urbeamea.ro\/albaiulia\/wp-content\/uploads\/2021\/11\/afis-2.jpg","datePublished":"2021-11-04T13:14:04+00:00","dateModified":"2021-11-04T13:14:05+00:00","author":{"@id":"https:\/\/urbeamea.ro\/albaiulia\/#\/schema\/person\/272ae98052f8ee8980f59848df070247"},"description":"Vineri, 5 noiembrie 2021, ora 15, la Muzeul Na\u021bional al Unirii Alba Iulia, \u00een spa\u021biul expozi\u021bional din aripa de nord a S\u0103lii Unirii, va fi vernisat\u0103","breadcrumb":{"@id":"https:\/\/urbeamea.ro\/albaiulia\/expozitie-temporara-achizitii-muzeale-vineri-5-noiembrie-ora-15-la-muzeul-national-al-unirii\/#breadcrumb"},"inLanguage":"ro-RO","potentialAction":[{"@type":"ReadAction","target":["https:\/\/urbeamea.ro\/albaiulia\/expozitie-temporara-achizitii-muzeale-vineri-5-noiembrie-ora-15-la-muzeul-national-al-unirii\/"]}]},{"@type":"ImageObject","inLanguage":"ro-RO","@id":"https:\/\/urbeamea.ro\/albaiulia\/expozitie-temporara-achizitii-muzeale-vineri-5-noiembrie-ora-15-la-muzeul-national-al-unirii\/#primaryimage","url":"https:\/\/urbeamea.ro\/albaiulia\/wp-content\/uploads\/2021\/11\/afis-2.jpg","contentUrl":"https:\/\/urbeamea.ro\/albaiulia\/wp-content\/uploads\/2021\/11\/afis-2.jpg","width":1131,"height":1600},{"@type":"BreadcrumbList","@id":"https:\/\/urbeamea.ro\/albaiulia\/expozitie-temporara-achizitii-muzeale-vineri-5-noiembrie-ora-15-la-muzeul-national-al-unirii\/#breadcrumb","itemListElement":[{"@type":"ListItem","position":1,"name":"Prima pagin\u0103","item":"https:\/\/urbeamea.ro\/albaiulia\/"},{"@type":"ListItem","position":2,"name":"Expozi\u021bie temporar\u0103, achizi\u021bii muzeale, vineri, 5 noiembrie, ora 15, la Muzeul Na\u021bional al Unirii"}]},{"@type":"WebSite","@id":"https:\/\/urbeamea.ro\/albaiulia\/#website","url":"https:\/\/urbeamea.ro\/albaiulia\/","name":"Revista Urbea Mea, Stiri urbane","description":"Evenimente \u0219i \u0219tiri din Alba Iulia, Sebe\u0219, Aiud, Blaj","potentialAction":[{"@type":"SearchAction","target":{"@type":"EntryPoint","urlTemplate":"https:\/\/urbeamea.ro\/albaiulia\/?s={search_term_string}"},"query-input":{"@type":"PropertyValueSpecification","valueRequired":true,"valueName":"search_term_string"}}],"inLanguage":"ro-RO"},{"@type":"Person","@id":"https:\/\/urbeamea.ro\/albaiulia\/#\/schema\/person\/272ae98052f8ee8980f59848df070247","name":"Redac\u021bia UrbeaMea","image":{"@type":"ImageObject","inLanguage":"ro-RO","@id":"https:\/\/secure.gravatar.com\/avatar\/9ce5a9435071fa1037e8468053ead8e513dbbff59009d3069aadb85506d85a27?s=96&d=mm&r=g","url":"https:\/\/secure.gravatar.com\/avatar\/9ce5a9435071fa1037e8468053ead8e513dbbff59009d3069aadb85506d85a27?s=96&d=mm&r=g","contentUrl":"https:\/\/secure.gravatar.com\/avatar\/9ce5a9435071fa1037e8468053ead8e513dbbff59009d3069aadb85506d85a27?s=96&d=mm&r=g","caption":"Redac\u021bia UrbeaMea"},"description":"contact@urbeamea.ro","sameAs":["https:\/\/www.urbeamea.ro"],"url":"https:\/\/urbeamea.ro\/albaiulia\/author\/redactia-urbeamea\/"}]}},"_links":{"self":[{"href":"https:\/\/urbeamea.ro\/albaiulia\/wp-json\/wp\/v2\/posts\/98824","targetHints":{"allow":["GET"]}}],"collection":[{"href":"https:\/\/urbeamea.ro\/albaiulia\/wp-json\/wp\/v2\/posts"}],"about":[{"href":"https:\/\/urbeamea.ro\/albaiulia\/wp-json\/wp\/v2\/types\/post"}],"author":[{"embeddable":true,"href":"https:\/\/urbeamea.ro\/albaiulia\/wp-json\/wp\/v2\/users\/16"}],"replies":[{"embeddable":true,"href":"https:\/\/urbeamea.ro\/albaiulia\/wp-json\/wp\/v2\/comments?post=98824"}],"version-history":[{"count":1,"href":"https:\/\/urbeamea.ro\/albaiulia\/wp-json\/wp\/v2\/posts\/98824\/revisions"}],"predecessor-version":[{"id":98826,"href":"https:\/\/urbeamea.ro\/albaiulia\/wp-json\/wp\/v2\/posts\/98824\/revisions\/98826"}],"wp:featuredmedia":[{"embeddable":true,"href":"https:\/\/urbeamea.ro\/albaiulia\/wp-json\/wp\/v2\/media\/98825"}],"wp:attachment":[{"href":"https:\/\/urbeamea.ro\/albaiulia\/wp-json\/wp\/v2\/media?parent=98824"}],"wp:term":[{"taxonomy":"category","embeddable":true,"href":"https:\/\/urbeamea.ro\/albaiulia\/wp-json\/wp\/v2\/categories?post=98824"},{"taxonomy":"post_tag","embeddable":true,"href":"https:\/\/urbeamea.ro\/albaiulia\/wp-json\/wp\/v2\/tags?post=98824"}],"curies":[{"name":"wp","href":"https:\/\/api.w.org\/{rel}","templated":true}]}}