{"id":98827,"date":"2021-11-04T15:31:13","date_gmt":"2021-11-04T13:31:13","guid":{"rendered":"https:\/\/urbeamea.ro\/albaiulia\/?p=98827"},"modified":"2021-11-04T15:31:15","modified_gmt":"2021-11-04T13:31:15","slug":"patru-strazi-din-zona-zavoi-sebes-vor-fi-complet-modernizate-prin-noul-program-anghel-saligny","status":"publish","type":"post","link":"https:\/\/urbeamea.ro\/albaiulia\/patru-strazi-din-zona-zavoi-sebes-vor-fi-complet-modernizate-prin-noul-program-anghel-saligny\/","title":{"rendered":"Patru str\u0103zi din zona &#8222;Z\u0103voi&#8221;, Sebe\u0219 vor fi complet modernizate prin noul program &#8222;Anghel Saligny&#8221;"},"content":{"rendered":"\n<h3 class=\"wp-block-heading\"><strong>Municipiul Sebe\u0219 a depus prima sa cerere de finan\u021bare pentru modernizarea str\u0103zilor Tineretului, Arini, Z\u0103voi \u0219i Cr\u00e2ngului, \u00een cadrul Programului Na\u0163ional de Investi\u0163ii \u201eAnghel Saligny&#8221;.\u00a0<\/strong><\/h3>\n\n\n\n<p>Valoarea total\u0103 a obiectivului de investi\u021bii este estimat\u0103 a fi 18.1 milioane lei, valoarea nerambursabil\u0103 solicitat\u0103 prin Programul Na\u0163ional de Investi\u0163ii \u201eAnghel Saligny&#8221; este de 10 milioane lei, diferen\u021ba urm\u00e2nd a fi asigurat\u0103 de la bugetul local.<\/p>\n\n\n\n<p>Obiectivul de investi\u021bii denumit\u00a0<em>\u201eModernizare str\u0103zi: Tineretului, Arini, Z\u0103voi \u0219i Cr\u00e2ngului din Municipiul Sebe\u0219&#8221;<\/em><strong>\u00a0<\/strong>are caracter integrat \u0219i cuprinde mai multe categorii de interven\u021bii. Lucr\u0103rile de drumuri includ modernizarea p\u0103r\u021bii carosabile, realizarea de trotuare pietonale, accese la propriet\u0103\u021bi, parc\u0103ri, spa\u021bii verzi,\u00a0amenajarea intersec\u021biilor \u0219i racordurilor cu str\u0103zile laterale,\u00a0asigurarea colect\u0103rii \u0219i evacu\u0103rii apelor pluviale, lucr\u0103ri de siguran\u021b\u0103 rutier\u0103, zone de recreere. Prin canaliza\u021bia subteran\u0103 de re\u021bele se propune proiectarea de tubulatur\u0103 subteran\u0103 \u00een vederea amplas\u0103rii ulterioare a re\u021belelor edilitare, realizarea unei canaliza\u021bii pentru re\u021bele electrice (sau alte re\u021bele de curen\u021bi slabi, dup\u0103 caz), re\u021bele de iluminat public \u0219i re\u021bele de telecomunica\u021bii, \u00een vederea trecerii acestora din distribu\u021bie aerian\u0103 \u00een distribu\u021bie subteran\u0103. <\/p>\n\n\n\n<p>De asemenea, va fi reabilitat\u0103 re\u021beaua de ap\u0103 prin \u00eenlocuirea conductei existente, amplasarea de c\u0103mine de vane, montarea de hidran\u021bi de incendiu, realizarea de bran\u0219amente la locuin\u021be, amplasarea de c\u0103mine pentru apometre la fiecare consumator \u0219i extinderea re\u021belei pe strada Arini. Va fi reabilitat\u0103 \u0219i extins\u0103 \u0219i re\u021beaua de canalizare menajer\u0103. Se va realiza un sistem de iluminat public modern pe toate cele patru str\u0103zi.<\/p>\n\n\n\n<p>Actualmente, acest obiectiv de investi\u021bii se afl\u0103 \u00een procedur\u0103 de achizi\u021bie public\u0103, urm\u00e2nd ca valoarea solicitat\u0103 prin aceast\u0103 cerere de finan\u021bare s\u0103 fie rambursat\u0103 Municipiului Sebe\u0219, \u00een cazul \u00een care proiectul va fi declarat eligibil.\u00a0Programul Na\u0163ional de Investi\u0163ii \u201eAnghel Saligny&#8221; este gestionat de c\u0103tre Ministerul Dezvolt\u0103rii, Administra\u021biei \u0219i Lucr\u0103rilor Publice.<\/p>\n\n\n\n<figure class=\"wp-block-gallery columns-2 is-cropped wp-block-gallery-1 is-layout-flex wp-block-gallery-is-layout-flex\"><ul class=\"blocks-gallery-grid\"><li class=\"blocks-gallery-item\"><figure><a href=\"https:\/\/urbeamea.ro\/albaiulia\/wp-content\/uploads\/2021\/11\/87b94808-c096-4e74-81d0-d1a38ccb3bf4.jpg\"><img loading=\"lazy\" decoding=\"async\" width=\"768\" height=\"1024\" src=\"https:\/\/urbeamea.ro\/albaiulia\/wp-content\/uploads\/2021\/11\/87b94808-c096-4e74-81d0-d1a38ccb3bf4.jpg\" alt=\"\" data-id=\"98829\" data-link=\"https:\/\/urbeamea.ro\/albaiulia\/?attachment_id=98829\" class=\"wp-image-98829\" srcset=\"https:\/\/urbeamea.ro\/albaiulia\/wp-content\/uploads\/2021\/11\/87b94808-c096-4e74-81d0-d1a38ccb3bf4.jpg 768w, https:\/\/urbeamea.ro\/albaiulia\/wp-content\/uploads\/2021\/11\/87b94808-c096-4e74-81d0-d1a38ccb3bf4-480x640.jpg 480w, https:\/\/urbeamea.ro\/albaiulia\/wp-content\/uploads\/2021\/11\/87b94808-c096-4e74-81d0-d1a38ccb3bf4-113x150.jpg 113w\" sizes=\"auto, (max-width: 768px) 100vw, 768px\" \/><\/a><\/figure><\/li><li class=\"blocks-gallery-item\"><figure><a href=\"https:\/\/urbeamea.ro\/albaiulia\/wp-content\/uploads\/2021\/11\/1415e83f-f6f8-40b0-8e6f-0f15c002239f.jpg\"><img loading=\"lazy\" decoding=\"async\" width=\"768\" height=\"1024\" src=\"https:\/\/urbeamea.ro\/albaiulia\/wp-content\/uploads\/2021\/11\/1415e83f-f6f8-40b0-8e6f-0f15c002239f.jpg\" alt=\"\" data-id=\"98830\" data-full-url=\"https:\/\/urbeamea.ro\/albaiulia\/wp-content\/uploads\/2021\/11\/1415e83f-f6f8-40b0-8e6f-0f15c002239f.jpg\" data-link=\"https:\/\/urbeamea.ro\/albaiulia\/?attachment_id=98830\" class=\"wp-image-98830\" srcset=\"https:\/\/urbeamea.ro\/albaiulia\/wp-content\/uploads\/2021\/11\/1415e83f-f6f8-40b0-8e6f-0f15c002239f.jpg 768w, https:\/\/urbeamea.ro\/albaiulia\/wp-content\/uploads\/2021\/11\/1415e83f-f6f8-40b0-8e6f-0f15c002239f-480x640.jpg 480w, https:\/\/urbeamea.ro\/albaiulia\/wp-content\/uploads\/2021\/11\/1415e83f-f6f8-40b0-8e6f-0f15c002239f-113x150.jpg 113w\" sizes=\"auto, (max-width: 768px) 100vw, 768px\" \/><\/a><\/figure><\/li><\/ul><\/figure>\n","protected":false},"excerpt":{"rendered":"<p>Municipiul Sebe\u0219 a depus prima sa cerere de finan\u021bare pentru modernizarea str\u0103zilor Tineretului, Arini, Z\u0103voi \u0219i Cr\u00e2ngului, \u00een cadrul Programului Na\u0163ional de Investi\u0163ii \u201eAnghel Saligny&#8221;.\u00a0 Valoarea total\u0103 a obiectivului de investi\u021bii este estimat\u0103 a fi 18.1 milioane lei, valoarea nerambursabil\u0103 solicitat\u0103 prin Programul Na\u0163ional de Investi\u0163ii \u201eAnghel Saligny&#8221; este de 10 milioane lei, diferen\u021ba urm\u00e2nd &hellip;<\/p>\n","protected":false},"author":16,"featured_media":98828,"comment_status":"open","ping_status":"open","sticky":false,"template":"","format":"standard","meta":{"inline_featured_image":false,"footnotes":""},"categories":[2035],"tags":[23810],"class_list":["post-98827","post","type-post","status-publish","format-standard","has-post-thumbnail","hentry","category-administratie","tag-anghel-saligny"],"yoast_head":"<!-- This site is optimized with the Yoast SEO plugin v27.4 - https:\/\/yoast.com\/product\/yoast-seo-wordpress\/ -->\n<title>Patru str\u0103zi din zona &quot;Z\u0103voi&quot;, Sebe\u0219 vor fi complet modernizate prin noul program &quot;Anghel Saligny&quot; - Revista Urbea Mea - Revista de Alba<\/title>\n<meta name=\"description\" content=\"Municipiul Sebe\u0219 a depus prima sa cerere de finan\u021bare pentru modernizarea str\u0103zilor Tineretului, Arini, Z\u0103voi \u0219i Cr\u00e2ngului, \u00een cadrul Programului Na\u0163ional\" \/>\n<meta name=\"robots\" content=\"index, follow, max-snippet:-1, max-image-preview:large, max-video-preview:-1\" \/>\n<link rel=\"canonical\" href=\"https:\/\/urbeamea.ro\/albaiulia\/patru-strazi-din-zona-zavoi-sebes-vor-fi-complet-modernizate-prin-noul-program-anghel-saligny\/\" \/>\n<meta name=\"twitter:card\" content=\"summary_large_image\" \/>\n<meta name=\"twitter:title\" content=\"Patru str\u0103zi din zona &quot;Z\u0103voi&quot;, Sebe\u0219 vor fi complet modernizate prin noul program &quot;Anghel Saligny&quot; - Revista Urbea Mea - Revista de Alba\" \/>\n<meta name=\"twitter:description\" content=\"Municipiul Sebe\u0219 a depus prima sa cerere de finan\u021bare pentru modernizarea str\u0103zilor Tineretului, Arini, Z\u0103voi \u0219i Cr\u00e2ngului, \u00een cadrul Programului Na\u0163ional\" \/>\n<meta name=\"twitter:image\" content=\"https:\/\/urbeamea.ro\/albaiulia\/wp-content\/uploads\/2021\/11\/03310d91-d2b0-40c7-bd61-ee0109f1153a.jpg\" \/>\n<meta name=\"twitter:creator\" content=\"@urbeameaweb\" \/>\n<meta name=\"twitter:site\" content=\"@urbeameaweb\" \/>\n<script type=\"application\/ld+json\" class=\"yoast-schema-graph\">{\"@context\":\"https:\\\/\\\/schema.org\",\"@graph\":[{\"@type\":\"Article\",\"@id\":\"https:\\\/\\\/urbeamea.ro\\\/albaiulia\\\/patru-strazi-din-zona-zavoi-sebes-vor-fi-complet-modernizate-prin-noul-program-anghel-saligny\\\/#article\",\"isPartOf\":{\"@id\":\"https:\\\/\\\/urbeamea.ro\\\/albaiulia\\\/patru-strazi-din-zona-zavoi-sebes-vor-fi-complet-modernizate-prin-noul-program-anghel-saligny\\\/\"},\"author\":{\"name\":\"Redac\u021bia UrbeaMea\",\"@id\":\"https:\\\/\\\/urbeamea.ro\\\/albaiulia\\\/#\\\/schema\\\/person\\\/272ae98052f8ee8980f59848df070247\"},\"headline\":\"Patru str\u0103zi din zona &#8222;Z\u0103voi&#8221;, Sebe\u0219 vor fi complet modernizate prin noul program &#8222;Anghel Saligny&#8221;\",\"datePublished\":\"2021-11-04T13:31:13+00:00\",\"dateModified\":\"2021-11-04T13:31:15+00:00\",\"mainEntityOfPage\":{\"@id\":\"https:\\\/\\\/urbeamea.ro\\\/albaiulia\\\/patru-strazi-din-zona-zavoi-sebes-vor-fi-complet-modernizate-prin-noul-program-anghel-saligny\\\/\"},\"wordCount\":363,\"commentCount\":0,\"image\":{\"@id\":\"https:\\\/\\\/urbeamea.ro\\\/albaiulia\\\/patru-strazi-din-zona-zavoi-sebes-vor-fi-complet-modernizate-prin-noul-program-anghel-saligny\\\/#primaryimage\"},\"thumbnailUrl\":\"https:\\\/\\\/urbeamea.ro\\\/albaiulia\\\/wp-content\\\/uploads\\\/2021\\\/11\\\/03310d91-d2b0-40c7-bd61-ee0109f1153a.jpg\",\"keywords\":[\"Anghel Saligny\"],\"articleSection\":[\"Administra\u021bie\"],\"inLanguage\":\"ro-RO\",\"potentialAction\":[{\"@type\":\"CommentAction\",\"name\":\"Comment\",\"target\":[\"https:\\\/\\\/urbeamea.ro\\\/albaiulia\\\/patru-strazi-din-zona-zavoi-sebes-vor-fi-complet-modernizate-prin-noul-program-anghel-saligny\\\/#respond\"]}]},{\"@type\":\"WebPage\",\"@id\":\"https:\\\/\\\/urbeamea.ro\\\/albaiulia\\\/patru-strazi-din-zona-zavoi-sebes-vor-fi-complet-modernizate-prin-noul-program-anghel-saligny\\\/\",\"url\":\"https:\\\/\\\/urbeamea.ro\\\/albaiulia\\\/patru-strazi-din-zona-zavoi-sebes-vor-fi-complet-modernizate-prin-noul-program-anghel-saligny\\\/\",\"name\":\"Patru str\u0103zi din zona \\\"Z\u0103voi\\\", Sebe\u0219 vor fi complet modernizate prin noul program \\\"Anghel Saligny\\\" - Revista Urbea Mea - Revista de Alba\",\"isPartOf\":{\"@id\":\"https:\\\/\\\/urbeamea.ro\\\/albaiulia\\\/#website\"},\"primaryImageOfPage\":{\"@id\":\"https:\\\/\\\/urbeamea.ro\\\/albaiulia\\\/patru-strazi-din-zona-zavoi-sebes-vor-fi-complet-modernizate-prin-noul-program-anghel-saligny\\\/#primaryimage\"},\"image\":{\"@id\":\"https:\\\/\\\/urbeamea.ro\\\/albaiulia\\\/patru-strazi-din-zona-zavoi-sebes-vor-fi-complet-modernizate-prin-noul-program-anghel-saligny\\\/#primaryimage\"},\"thumbnailUrl\":\"https:\\\/\\\/urbeamea.ro\\\/albaiulia\\\/wp-content\\\/uploads\\\/2021\\\/11\\\/03310d91-d2b0-40c7-bd61-ee0109f1153a.jpg\",\"datePublished\":\"2021-11-04T13:31:13+00:00\",\"dateModified\":\"2021-11-04T13:31:15+00:00\",\"author\":{\"@id\":\"https:\\\/\\\/urbeamea.ro\\\/albaiulia\\\/#\\\/schema\\\/person\\\/272ae98052f8ee8980f59848df070247\"},\"description\":\"Municipiul Sebe\u0219 a depus prima sa cerere de finan\u021bare pentru modernizarea str\u0103zilor Tineretului, Arini, Z\u0103voi \u0219i Cr\u00e2ngului, \u00een cadrul Programului Na\u0163ional\",\"breadcrumb\":{\"@id\":\"https:\\\/\\\/urbeamea.ro\\\/albaiulia\\\/patru-strazi-din-zona-zavoi-sebes-vor-fi-complet-modernizate-prin-noul-program-anghel-saligny\\\/#breadcrumb\"},\"inLanguage\":\"ro-RO\",\"potentialAction\":[{\"@type\":\"ReadAction\",\"target\":[\"https:\\\/\\\/urbeamea.ro\\\/albaiulia\\\/patru-strazi-din-zona-zavoi-sebes-vor-fi-complet-modernizate-prin-noul-program-anghel-saligny\\\/\"]}]},{\"@type\":\"ImageObject\",\"inLanguage\":\"ro-RO\",\"@id\":\"https:\\\/\\\/urbeamea.ro\\\/albaiulia\\\/patru-strazi-din-zona-zavoi-sebes-vor-fi-complet-modernizate-prin-noul-program-anghel-saligny\\\/#primaryimage\",\"url\":\"https:\\\/\\\/urbeamea.ro\\\/albaiulia\\\/wp-content\\\/uploads\\\/2021\\\/11\\\/03310d91-d2b0-40c7-bd61-ee0109f1153a.jpg\",\"contentUrl\":\"https:\\\/\\\/urbeamea.ro\\\/albaiulia\\\/wp-content\\\/uploads\\\/2021\\\/11\\\/03310d91-d2b0-40c7-bd61-ee0109f1153a.jpg\",\"width\":768,\"height\":1024},{\"@type\":\"BreadcrumbList\",\"@id\":\"https:\\\/\\\/urbeamea.ro\\\/albaiulia\\\/patru-strazi-din-zona-zavoi-sebes-vor-fi-complet-modernizate-prin-noul-program-anghel-saligny\\\/#breadcrumb\",\"itemListElement\":[{\"@type\":\"ListItem\",\"position\":1,\"name\":\"Prima pagin\u0103\",\"item\":\"https:\\\/\\\/urbeamea.ro\\\/albaiulia\\\/\"},{\"@type\":\"ListItem\",\"position\":2,\"name\":\"Patru str\u0103zi din zona &#8222;Z\u0103voi&#8221;, Sebe\u0219 vor fi complet modernizate prin noul program &#8222;Anghel Saligny&#8221;\"}]},{\"@type\":\"WebSite\",\"@id\":\"https:\\\/\\\/urbeamea.ro\\\/albaiulia\\\/#website\",\"url\":\"https:\\\/\\\/urbeamea.ro\\\/albaiulia\\\/\",\"name\":\"Revista Urbea Mea, Stiri urbane\",\"description\":\"Evenimente \u0219i \u0219tiri din Alba Iulia, Sebe\u0219, Aiud, Blaj\",\"potentialAction\":[{\"@type\":\"SearchAction\",\"target\":{\"@type\":\"EntryPoint\",\"urlTemplate\":\"https:\\\/\\\/urbeamea.ro\\\/albaiulia\\\/?s={search_term_string}\"},\"query-input\":{\"@type\":\"PropertyValueSpecification\",\"valueRequired\":true,\"valueName\":\"search_term_string\"}}],\"inLanguage\":\"ro-RO\"},{\"@type\":\"Person\",\"@id\":\"https:\\\/\\\/urbeamea.ro\\\/albaiulia\\\/#\\\/schema\\\/person\\\/272ae98052f8ee8980f59848df070247\",\"name\":\"Redac\u021bia UrbeaMea\",\"image\":{\"@type\":\"ImageObject\",\"inLanguage\":\"ro-RO\",\"@id\":\"https:\\\/\\\/secure.gravatar.com\\\/avatar\\\/9ce5a9435071fa1037e8468053ead8e513dbbff59009d3069aadb85506d85a27?s=96&d=mm&r=g\",\"url\":\"https:\\\/\\\/secure.gravatar.com\\\/avatar\\\/9ce5a9435071fa1037e8468053ead8e513dbbff59009d3069aadb85506d85a27?s=96&d=mm&r=g\",\"contentUrl\":\"https:\\\/\\\/secure.gravatar.com\\\/avatar\\\/9ce5a9435071fa1037e8468053ead8e513dbbff59009d3069aadb85506d85a27?s=96&d=mm&r=g\",\"caption\":\"Redac\u021bia UrbeaMea\"},\"description\":\"contact@urbeamea.ro\",\"sameAs\":[\"https:\\\/\\\/www.urbeamea.ro\"],\"url\":\"https:\\\/\\\/urbeamea.ro\\\/albaiulia\\\/author\\\/redactia-urbeamea\\\/\"}]}<\/script>\n<!-- \/ Yoast SEO plugin. -->","yoast_head_json":{"title":"Patru str\u0103zi din zona \"Z\u0103voi\", Sebe\u0219 vor fi complet modernizate prin noul program \"Anghel Saligny\" - Revista Urbea Mea - Revista de Alba","description":"Municipiul Sebe\u0219 a depus prima sa cerere de finan\u021bare pentru modernizarea str\u0103zilor Tineretului, Arini, Z\u0103voi \u0219i Cr\u00e2ngului, \u00een cadrul Programului Na\u0163ional","robots":{"index":"index","follow":"follow","max-snippet":"max-snippet:-1","max-image-preview":"max-image-preview:large","max-video-preview":"max-video-preview:-1"},"canonical":"https:\/\/urbeamea.ro\/albaiulia\/patru-strazi-din-zona-zavoi-sebes-vor-fi-complet-modernizate-prin-noul-program-anghel-saligny\/","twitter_card":"summary_large_image","twitter_title":"Patru str\u0103zi din zona \"Z\u0103voi\", Sebe\u0219 vor fi complet modernizate prin noul program \"Anghel Saligny\" - Revista Urbea Mea - Revista de Alba","twitter_description":"Municipiul Sebe\u0219 a depus prima sa cerere de finan\u021bare pentru modernizarea str\u0103zilor Tineretului, Arini, Z\u0103voi \u0219i Cr\u00e2ngului, \u00een cadrul Programului Na\u0163ional","twitter_image":"https:\/\/urbeamea.ro\/albaiulia\/wp-content\/uploads\/2021\/11\/03310d91-d2b0-40c7-bd61-ee0109f1153a.jpg","twitter_creator":"@urbeameaweb","twitter_site":"@urbeameaweb","schema":{"@context":"https:\/\/schema.org","@graph":[{"@type":"Article","@id":"https:\/\/urbeamea.ro\/albaiulia\/patru-strazi-din-zona-zavoi-sebes-vor-fi-complet-modernizate-prin-noul-program-anghel-saligny\/#article","isPartOf":{"@id":"https:\/\/urbeamea.ro\/albaiulia\/patru-strazi-din-zona-zavoi-sebes-vor-fi-complet-modernizate-prin-noul-program-anghel-saligny\/"},"author":{"name":"Redac\u021bia UrbeaMea","@id":"https:\/\/urbeamea.ro\/albaiulia\/#\/schema\/person\/272ae98052f8ee8980f59848df070247"},"headline":"Patru str\u0103zi din zona &#8222;Z\u0103voi&#8221;, Sebe\u0219 vor fi complet modernizate prin noul program &#8222;Anghel Saligny&#8221;","datePublished":"2021-11-04T13:31:13+00:00","dateModified":"2021-11-04T13:31:15+00:00","mainEntityOfPage":{"@id":"https:\/\/urbeamea.ro\/albaiulia\/patru-strazi-din-zona-zavoi-sebes-vor-fi-complet-modernizate-prin-noul-program-anghel-saligny\/"},"wordCount":363,"commentCount":0,"image":{"@id":"https:\/\/urbeamea.ro\/albaiulia\/patru-strazi-din-zona-zavoi-sebes-vor-fi-complet-modernizate-prin-noul-program-anghel-saligny\/#primaryimage"},"thumbnailUrl":"https:\/\/urbeamea.ro\/albaiulia\/wp-content\/uploads\/2021\/11\/03310d91-d2b0-40c7-bd61-ee0109f1153a.jpg","keywords":["Anghel Saligny"],"articleSection":["Administra\u021bie"],"inLanguage":"ro-RO","potentialAction":[{"@type":"CommentAction","name":"Comment","target":["https:\/\/urbeamea.ro\/albaiulia\/patru-strazi-din-zona-zavoi-sebes-vor-fi-complet-modernizate-prin-noul-program-anghel-saligny\/#respond"]}]},{"@type":"WebPage","@id":"https:\/\/urbeamea.ro\/albaiulia\/patru-strazi-din-zona-zavoi-sebes-vor-fi-complet-modernizate-prin-noul-program-anghel-saligny\/","url":"https:\/\/urbeamea.ro\/albaiulia\/patru-strazi-din-zona-zavoi-sebes-vor-fi-complet-modernizate-prin-noul-program-anghel-saligny\/","name":"Patru str\u0103zi din zona \"Z\u0103voi\", Sebe\u0219 vor fi complet modernizate prin noul program \"Anghel Saligny\" - Revista Urbea Mea - Revista de Alba","isPartOf":{"@id":"https:\/\/urbeamea.ro\/albaiulia\/#website"},"primaryImageOfPage":{"@id":"https:\/\/urbeamea.ro\/albaiulia\/patru-strazi-din-zona-zavoi-sebes-vor-fi-complet-modernizate-prin-noul-program-anghel-saligny\/#primaryimage"},"image":{"@id":"https:\/\/urbeamea.ro\/albaiulia\/patru-strazi-din-zona-zavoi-sebes-vor-fi-complet-modernizate-prin-noul-program-anghel-saligny\/#primaryimage"},"thumbnailUrl":"https:\/\/urbeamea.ro\/albaiulia\/wp-content\/uploads\/2021\/11\/03310d91-d2b0-40c7-bd61-ee0109f1153a.jpg","datePublished":"2021-11-04T13:31:13+00:00","dateModified":"2021-11-04T13:31:15+00:00","author":{"@id":"https:\/\/urbeamea.ro\/albaiulia\/#\/schema\/person\/272ae98052f8ee8980f59848df070247"},"description":"Municipiul Sebe\u0219 a depus prima sa cerere de finan\u021bare pentru modernizarea str\u0103zilor Tineretului, Arini, Z\u0103voi \u0219i Cr\u00e2ngului, \u00een cadrul Programului Na\u0163ional","breadcrumb":{"@id":"https:\/\/urbeamea.ro\/albaiulia\/patru-strazi-din-zona-zavoi-sebes-vor-fi-complet-modernizate-prin-noul-program-anghel-saligny\/#breadcrumb"},"inLanguage":"ro-RO","potentialAction":[{"@type":"ReadAction","target":["https:\/\/urbeamea.ro\/albaiulia\/patru-strazi-din-zona-zavoi-sebes-vor-fi-complet-modernizate-prin-noul-program-anghel-saligny\/"]}]},{"@type":"ImageObject","inLanguage":"ro-RO","@id":"https:\/\/urbeamea.ro\/albaiulia\/patru-strazi-din-zona-zavoi-sebes-vor-fi-complet-modernizate-prin-noul-program-anghel-saligny\/#primaryimage","url":"https:\/\/urbeamea.ro\/albaiulia\/wp-content\/uploads\/2021\/11\/03310d91-d2b0-40c7-bd61-ee0109f1153a.jpg","contentUrl":"https:\/\/urbeamea.ro\/albaiulia\/wp-content\/uploads\/2021\/11\/03310d91-d2b0-40c7-bd61-ee0109f1153a.jpg","width":768,"height":1024},{"@type":"BreadcrumbList","@id":"https:\/\/urbeamea.ro\/albaiulia\/patru-strazi-din-zona-zavoi-sebes-vor-fi-complet-modernizate-prin-noul-program-anghel-saligny\/#breadcrumb","itemListElement":[{"@type":"ListItem","position":1,"name":"Prima pagin\u0103","item":"https:\/\/urbeamea.ro\/albaiulia\/"},{"@type":"ListItem","position":2,"name":"Patru str\u0103zi din zona &#8222;Z\u0103voi&#8221;, Sebe\u0219 vor fi complet modernizate prin noul program &#8222;Anghel Saligny&#8221;"}]},{"@type":"WebSite","@id":"https:\/\/urbeamea.ro\/albaiulia\/#website","url":"https:\/\/urbeamea.ro\/albaiulia\/","name":"Revista Urbea Mea, Stiri urbane","description":"Evenimente \u0219i \u0219tiri din Alba Iulia, Sebe\u0219, Aiud, Blaj","potentialAction":[{"@type":"SearchAction","target":{"@type":"EntryPoint","urlTemplate":"https:\/\/urbeamea.ro\/albaiulia\/?s={search_term_string}"},"query-input":{"@type":"PropertyValueSpecification","valueRequired":true,"valueName":"search_term_string"}}],"inLanguage":"ro-RO"},{"@type":"Person","@id":"https:\/\/urbeamea.ro\/albaiulia\/#\/schema\/person\/272ae98052f8ee8980f59848df070247","name":"Redac\u021bia UrbeaMea","image":{"@type":"ImageObject","inLanguage":"ro-RO","@id":"https:\/\/secure.gravatar.com\/avatar\/9ce5a9435071fa1037e8468053ead8e513dbbff59009d3069aadb85506d85a27?s=96&d=mm&r=g","url":"https:\/\/secure.gravatar.com\/avatar\/9ce5a9435071fa1037e8468053ead8e513dbbff59009d3069aadb85506d85a27?s=96&d=mm&r=g","contentUrl":"https:\/\/secure.gravatar.com\/avatar\/9ce5a9435071fa1037e8468053ead8e513dbbff59009d3069aadb85506d85a27?s=96&d=mm&r=g","caption":"Redac\u021bia UrbeaMea"},"description":"contact@urbeamea.ro","sameAs":["https:\/\/www.urbeamea.ro"],"url":"https:\/\/urbeamea.ro\/albaiulia\/author\/redactia-urbeamea\/"}]}},"_links":{"self":[{"href":"https:\/\/urbeamea.ro\/albaiulia\/wp-json\/wp\/v2\/posts\/98827","targetHints":{"allow":["GET"]}}],"collection":[{"href":"https:\/\/urbeamea.ro\/albaiulia\/wp-json\/wp\/v2\/posts"}],"about":[{"href":"https:\/\/urbeamea.ro\/albaiulia\/wp-json\/wp\/v2\/types\/post"}],"author":[{"embeddable":true,"href":"https:\/\/urbeamea.ro\/albaiulia\/wp-json\/wp\/v2\/users\/16"}],"replies":[{"embeddable":true,"href":"https:\/\/urbeamea.ro\/albaiulia\/wp-json\/wp\/v2\/comments?post=98827"}],"version-history":[{"count":1,"href":"https:\/\/urbeamea.ro\/albaiulia\/wp-json\/wp\/v2\/posts\/98827\/revisions"}],"predecessor-version":[{"id":98831,"href":"https:\/\/urbeamea.ro\/albaiulia\/wp-json\/wp\/v2\/posts\/98827\/revisions\/98831"}],"wp:featuredmedia":[{"embeddable":true,"href":"https:\/\/urbeamea.ro\/albaiulia\/wp-json\/wp\/v2\/media\/98828"}],"wp:attachment":[{"href":"https:\/\/urbeamea.ro\/albaiulia\/wp-json\/wp\/v2\/media?parent=98827"}],"wp:term":[{"taxonomy":"category","embeddable":true,"href":"https:\/\/urbeamea.ro\/albaiulia\/wp-json\/wp\/v2\/categories?post=98827"},{"taxonomy":"post_tag","embeddable":true,"href":"https:\/\/urbeamea.ro\/albaiulia\/wp-json\/wp\/v2\/tags?post=98827"}],"curies":[{"name":"wp","href":"https:\/\/api.w.org\/{rel}","templated":true}]}}