{"id":98833,"date":"2021-11-05T10:44:03","date_gmt":"2021-11-05T08:44:03","guid":{"rendered":"https:\/\/urbeamea.ro\/albaiulia\/?p=98833"},"modified":"2021-11-05T10:48:52","modified_gmt":"2021-11-05T08:48:52","slug":"tot-ce-misca-in-urbea-noastra-si-nu-numai-perioada-5-7-noiembrie","status":"publish","type":"post","link":"https:\/\/urbeamea.ro\/albaiulia\/tot-ce-misca-in-urbea-noastra-si-nu-numai-perioada-5-7-noiembrie\/","title":{"rendered":"Tot ce mi\u0219c\u0103 \u00een urbea noastr\u0103 \u0219i nu numai, perioada 5-7 noiembrie"},"content":{"rendered":"\n<p>O list\u0103 cu toate evenimentele din acest weekend \u00eencep\u00e2nd de ast\u0103zi, p\u00e2n\u0103 duminic\u0103:<\/p>\n\n\n\n<figure class=\"wp-block-image size-large\"><img loading=\"lazy\" decoding=\"async\" width=\"1280\" height=\"670\" src=\"https:\/\/urbeamea.ro\/albaiulia\/wp-content\/uploads\/2021\/11\/245227393_244902727700050_5814788798648368361_n-1280x670.jpg\" alt=\"\" class=\"wp-image-98837\" srcset=\"https:\/\/urbeamea.ro\/albaiulia\/wp-content\/uploads\/2021\/11\/245227393_244902727700050_5814788798648368361_n-1280x670.jpg 1280w, https:\/\/urbeamea.ro\/albaiulia\/wp-content\/uploads\/2021\/11\/245227393_244902727700050_5814788798648368361_n-640x335.jpg 640w, https:\/\/urbeamea.ro\/albaiulia\/wp-content\/uploads\/2021\/11\/245227393_244902727700050_5814788798648368361_n-150x79.jpg 150w, https:\/\/urbeamea.ro\/albaiulia\/wp-content\/uploads\/2021\/11\/245227393_244902727700050_5814788798648368361_n-768x402.jpg 768w, https:\/\/urbeamea.ro\/albaiulia\/wp-content\/uploads\/2021\/11\/245227393_244902727700050_5814788798648368361_n-1536x804.jpg 1536w, https:\/\/urbeamea.ro\/albaiulia\/wp-content\/uploads\/2021\/11\/245227393_244902727700050_5814788798648368361_n.jpg 2048w\" sizes=\"auto, (max-width: 1280px) 100vw, 1280px\" \/><\/figure>\n\n\n\n<p>Azi, p\u00e2n\u0103 la ora 12:00, e ultima zi din <a href=\"https:\/\/www.facebook.com\/events\/1054882878646508\/?__cft__[0]=AZXWzWhW5FjEUdX7RrHY0PgAzHMEouFw1HosYGUJ7gqlJNZyxfCjoQZh4hFo0bC68Rtqex07MxY7ddbcC62WPp161mwrY2CU61PD4LdhjKAKNbudnTTjlr83QGNY_XcquOynDGKyE5tqH5YHLQqAC6xj&amp;__tn__=-UK-R\" target=\"_blank\" rel=\"noreferrer noopener\">Campania Dracula doneaz\u0103, hai \u0219i tu! &#8211; Alba Iulia, 1-5 noiembrie 2021<\/a>, organizat\u0103 de Organiza\u021bia Studen\u021bilor Medicini\u0219ti din Cluj &#8211; OSM Cluj la Centrul de Transfuzie Sanguina Alba.<\/p>\n\n\n\n<figure class=\"wp-block-image size-full\"><img loading=\"lazy\" decoding=\"async\" width=\"1280\" height=\"720\" src=\"https:\/\/urbeamea.ro\/albaiulia\/wp-content\/uploads\/2021\/11\/250940126_410542080745530_3284181552376687762_n.jpg\" alt=\"\" class=\"wp-image-98836\" srcset=\"https:\/\/urbeamea.ro\/albaiulia\/wp-content\/uploads\/2021\/11\/250940126_410542080745530_3284181552376687762_n.jpg 1280w, https:\/\/urbeamea.ro\/albaiulia\/wp-content\/uploads\/2021\/11\/250940126_410542080745530_3284181552376687762_n-640x360.jpg 640w, https:\/\/urbeamea.ro\/albaiulia\/wp-content\/uploads\/2021\/11\/250940126_410542080745530_3284181552376687762_n-150x84.jpg 150w, https:\/\/urbeamea.ro\/albaiulia\/wp-content\/uploads\/2021\/11\/250940126_410542080745530_3284181552376687762_n-768x432.jpg 768w, https:\/\/urbeamea.ro\/albaiulia\/wp-content\/uploads\/2021\/11\/250940126_410542080745530_3284181552376687762_n-390x220.jpg 390w\" sizes=\"auto, (max-width: 1280px) 100vw, 1280px\" \/><\/figure>\n\n\n\n<p>Azi, de la 09:00 la 17:00, <a href=\"https:\/\/www.facebook.com\/events\/1051709882309429\/?__cft__[0]=AZXWzWhW5FjEUdX7RrHY0PgAzHMEouFw1HosYGUJ7gqlJNZyxfCjoQZh4hFo0bC68Rtqex07MxY7ddbcC62WPp161mwrY2CU61PD4LdhjKAKNbudnTTjlr83QGNY_XcquOynDGKyE5tqH5YHLQqAC6xj&amp;__tn__=-UK-R\" target=\"_blank\" rel=\"noreferrer noopener\">Colectare De\u0219euri Electrice \u00een Aiud<\/a>, organizat de RoEcollect \u00een Aiud.<\/p>\n\n\n\n<p>De s\u00e2mb\u0103t\u0103, de la 07:00, p\u00e2n\u0103 duminic\u0103 la 17:00, <a href=\"https:\/\/www.facebook.com\/events\/241878324565693\/?__cft__[0]=AZXWzWhW5FjEUdX7RrHY0PgAzHMEouFw1HosYGUJ7gqlJNZyxfCjoQZh4hFo0bC68Rtqex07MxY7ddbcC62WPp161mwrY2CU61PD4LdhjKAKNbudnTTjlr83QGNY_XcquOynDGKyE5tqH5YHLQqAC6xj&amp;__tn__=-UK-R\" target=\"_blank\" rel=\"noreferrer noopener\">Drume\u021bie de toamn\u0103 \u00een Apuseni<\/a>, organizat\u0103 de Clubul Alpin Roman Filiala Cluj la Detunata Goal\u0103 (sat Bucium \u0218asa).<\/p>\n\n\n\n<p>S\u00e2mb\u0103t\u0103, de la 08:00 la 20:00, <a href=\"https:\/\/www.facebook.com\/events\/266799005356957\/?__cft__[0]=AZXWzWhW5FjEUdX7RrHY0PgAzHMEouFw1HosYGUJ7gqlJNZyxfCjoQZh4hFo0bC68Rtqex07MxY7ddbcC62WPp161mwrY2CU61PD4LdhjKAKNbudnTTjlr83QGNY_XcquOynDGKyE5tqH5YHLQqAC6xj&amp;__tn__=-UK-R\" target=\"_blank\" rel=\"noreferrer noopener\">Drume\u021bie circuit Culmea Grindeu V\u00e2rtopeni \u0219i Lacul Bondureasa<\/a>, organizat\u0103 de Active Weekends.<\/p>\n\n\n\n<p>S\u00e2mb\u0103t\u0103, de la 09:00, <a href=\"https:\/\/www.facebook.com\/events\/237110265060349\/?__cft__[0]=AZXWzWhW5FjEUdX7RrHY0PgAzHMEouFw1HosYGUJ7gqlJNZyxfCjoQZh4hFo0bC68Rtqex07MxY7ddbcC62WPp161mwrY2CU61PD4LdhjKAKNbudnTTjlr83QGNY_XcquOynDGKyE5tqH5YHLQqAC6xj&amp;__tn__=-UK-R\" target=\"_blank\" rel=\"noreferrer noopener\">Drume\u021bie \u00eencep\u0103tori &#8211; Mun\u021bii Trasc\u0103u, Circuitul Cheilor V\u0103li\u0219oarei (Aiudului) \u0219i Col\u021bul Data<\/a>, organizat\u0103 de TerraMont.<\/p>\n\n\n\n<p>S\u00e2mb\u0103t\u0103, de la 09:00 la 18:00, <a rel=\"noreferrer noopener\" href=\"https:\/\/www.facebook.com\/events\/251218130360052\/?__cft__[0]=AZXWzWhW5FjEUdX7RrHY0PgAzHMEouFw1HosYGUJ7gqlJNZyxfCjoQZh4hFo0bC68Rtqex07MxY7ddbcC62WPp161mwrY2CU61PD4LdhjKAKNbudnTTjlr83QGNY_XcquOynDGKyE5tqH5YHLQqAC6xj&amp;__tn__=-UK-R\" target=\"_blank\">Drume\u021bie &#8211; Circuitul Poarta Zmeilor din Masivul Bedeleu, Mun\u021bii Trasc\u0103u<\/a>, organizat\u0103 de TerraMont.<\/p>\n\n\n\n<figure class=\"wp-block-image size-full\"><img loading=\"lazy\" decoding=\"async\" width=\"1200\" height=\"628\" src=\"https:\/\/urbeamea.ro\/albaiulia\/wp-content\/uploads\/2021\/11\/249249143_4587639557982265_4518384609006400869_n.jpg\" alt=\"\" class=\"wp-image-98834\" srcset=\"https:\/\/urbeamea.ro\/albaiulia\/wp-content\/uploads\/2021\/11\/249249143_4587639557982265_4518384609006400869_n.jpg 1200w, https:\/\/urbeamea.ro\/albaiulia\/wp-content\/uploads\/2021\/11\/249249143_4587639557982265_4518384609006400869_n-640x335.jpg 640w, https:\/\/urbeamea.ro\/albaiulia\/wp-content\/uploads\/2021\/11\/249249143_4587639557982265_4518384609006400869_n-150x79.jpg 150w, https:\/\/urbeamea.ro\/albaiulia\/wp-content\/uploads\/2021\/11\/249249143_4587639557982265_4518384609006400869_n-768x402.jpg 768w\" sizes=\"auto, (max-width: 1200px) 100vw, 1200px\" \/><\/figure>\n\n\n\n<p>De s\u00e2mb\u0103t\u0103 de la 10:00 p\u00e2n\u0103 duminic\u0103 la 18:00, <a href=\"https:\/\/www.facebook.com\/events\/430630101760521\/?__cft__[0]=AZXWzWhW5FjEUdX7RrHY0PgAzHMEouFw1HosYGUJ7gqlJNZyxfCjoQZh4hFo0bC68Rtqex07MxY7ddbcC62WPp161mwrY2CU61PD4LdhjKAKNbudnTTjlr83QGNY_XcquOynDGKyE5tqH5YHLQqAC6xj&amp;__tn__=-UK-R\" target=\"_blank\" rel=\"noreferrer noopener\">mini TAB\u0102R\u0102 DE ESCALAD\u0102 pentru Adul\u021bi<\/a>, organizat\u0103 de SKAI Urban Crag &#8211; escalad\u0103 &amp; bouldering la Rimetea.<\/p>\n\n\n\n<p>S\u00e2mb\u0103t\u0103, de la 10:00 la 18:30, <a href=\"https:\/\/www.facebook.com\/events\/400544078396391\/?__cft__[0]=AZXWzWhW5FjEUdX7RrHY0PgAzHMEouFw1HosYGUJ7gqlJNZyxfCjoQZh4hFo0bC68Rtqex07MxY7ddbcC62WPp161mwrY2CU61PD4LdhjKAKNbudnTTjlr83QGNY_XcquOynDGKyE5tqH5YHLQqAC6xj&amp;__tn__=-UK-R\" target=\"_blank\" rel=\"noreferrer noopener\">Drume\u021bie &#8211; Mun\u021bii Bihor, Cet\u0103\u021bile Ponorului \u0219i Cheile Galbenei (1 zi)<\/a>, organizat\u0103 de <a href=\"https:\/\/www.facebook.com\/TerraMont\/?__cft__[0]=AZXWzWhW5FjEUdX7RrHY0PgAzHMEouFw1HosYGUJ7gqlJNZyxfCjoQZh4hFo0bC68Rtqex07MxY7ddbcC62WPp161mwrY2CU61PD4LdhjKAKNbudnTTjlr83QGNY_XcquOynDGKyE5tqH5YHLQqAC6xj&amp;__tn__=kK-R\">TerraMont<\/a>.<\/p>\n\n\n\n<p>De s\u00e2mb\u0103t\u0103, de la 11:00 p\u00e2n\u0103 duminic\u0103 la 15:00, <a href=\"https:\/\/www.facebook.com\/events\/851531528840167\/?__cft__[0]=AZXWzWhW5FjEUdX7RrHY0PgAzHMEouFw1HosYGUJ7gqlJNZyxfCjoQZh4hFo0bC68Rtqex07MxY7ddbcC62WPp161mwrY2CU61PD4LdhjKAKNbudnTTjlr83QGNY_XcquOynDGKyE5tqH5YHLQqAC6xj&amp;__tn__=-UK-R\" target=\"_blank\" rel=\"noreferrer noopener\">Weekend speologic in Muntii Apuseni<\/a>, organizat de TNS Adventures &#8211; Outdoor Activities Guides la Casa de Piatr\u0103.<\/p>\n\n\n\n<p>S\u00e2mb\u0103t\u0103, de la 11:30 la 12:30, <a href=\"https:\/\/www.facebook.com\/events\/893528547943830\/?__cft__[0]=AZXWzWhW5FjEUdX7RrHY0PgAzHMEouFw1HosYGUJ7gqlJNZyxfCjoQZh4hFo0bC68Rtqex07MxY7ddbcC62WPp161mwrY2CU61PD4LdhjKAKNbudnTTjlr83QGNY_XcquOynDGKyE5tqH5YHLQqAC6xj&amp;__tn__=-UK-R\" target=\"_blank\" rel=\"noreferrer noopener\">Micu\u021ba Dorothy @ Inspire Cinema Alba Iulia<\/a>, la Inspire Cinema.<\/p>\n\n\n\n<p>Duminic\u0103, de la 08:00 la 20:00, <a href=\"https:\/\/www.facebook.com\/events\/567997787862239\/?__cft__[0]=AZXWzWhW5FjEUdX7RrHY0PgAzHMEouFw1HosYGUJ7gqlJNZyxfCjoQZh4hFo0bC68Rtqex07MxY7ddbcC62WPp161mwrY2CU61PD4LdhjKAKNbudnTTjlr83QGNY_XcquOynDGKyE5tqH5YHLQqAC6xj&amp;__tn__=-UK-R\" target=\"_blank\" rel=\"noreferrer noopener\">Drume\u021bie nemarcat Piatra Secuiului \u0219i Grota Studen\u021bilor<\/a>, organizat\u0103 de Active Weekends la Rimetea.<\/p>\n\n\n\n<figure class=\"wp-block-image size-large\"><img loading=\"lazy\" decoding=\"async\" width=\"1280\" height=\"721\" src=\"https:\/\/urbeamea.ro\/albaiulia\/wp-content\/uploads\/2021\/11\/250925997_891697991737198_5610578140124045869_n-1280x721.jpg\" alt=\"\" class=\"wp-image-98835\" srcset=\"https:\/\/urbeamea.ro\/albaiulia\/wp-content\/uploads\/2021\/11\/250925997_891697991737198_5610578140124045869_n-1280x721.jpg 1280w, https:\/\/urbeamea.ro\/albaiulia\/wp-content\/uploads\/2021\/11\/250925997_891697991737198_5610578140124045869_n-640x361.jpg 640w, https:\/\/urbeamea.ro\/albaiulia\/wp-content\/uploads\/2021\/11\/250925997_891697991737198_5610578140124045869_n-150x85.jpg 150w, https:\/\/urbeamea.ro\/albaiulia\/wp-content\/uploads\/2021\/11\/250925997_891697991737198_5610578140124045869_n-768x433.jpg 768w, https:\/\/urbeamea.ro\/albaiulia\/wp-content\/uploads\/2021\/11\/250925997_891697991737198_5610578140124045869_n-1536x865.jpg 1536w, https:\/\/urbeamea.ro\/albaiulia\/wp-content\/uploads\/2021\/11\/250925997_891697991737198_5610578140124045869_n-390x220.jpg 390w, https:\/\/urbeamea.ro\/albaiulia\/wp-content\/uploads\/2021\/11\/250925997_891697991737198_5610578140124045869_n.jpg 1640w\" sizes=\"auto, (max-width: 1280px) 100vw, 1280px\" \/><\/figure>\n\n\n\n<p>Duminic\u0103, de la 10:00 la 18:00, <a href=\"https:\/\/www.facebook.com\/events\/923276078567676\/?__cft__[0]=AZXWzWhW5FjEUdX7RrHY0PgAzHMEouFw1HosYGUJ7gqlJNZyxfCjoQZh4hFo0bC68Rtqex07MxY7ddbcC62WPp161mwrY2CU61PD4LdhjKAKNbudnTTjlr83QGNY_XcquOynDGKyE5tqH5YHLQqAC6xj&amp;__tn__=-UK-R\" target=\"_blank\" rel=\"noreferrer noopener\">Pedaleaz\u0103 Apusenii<\/a>, organizat de Backpackers Romania la Aiud.<\/p>\n","protected":false},"excerpt":{"rendered":"<p>O list\u0103 cu toate evenimentele din acest weekend \u00eencep\u00e2nd de ast\u0103zi, p\u00e2n\u0103 duminic\u0103: Azi, p\u00e2n\u0103 la ora 12:00, e ultima zi din Campania Dracula doneaz\u0103, hai \u0219i tu! &#8211; Alba Iulia, 1-5 noiembrie 2021, organizat\u0103 de Organiza\u021bia Studen\u021bilor Medicini\u0219ti din Cluj &#8211; OSM Cluj la Centrul de Transfuzie Sanguina Alba. Azi, de la 09:00 la &hellip;<\/p>\n","protected":false},"author":5,"featured_media":98638,"comment_status":"open","ping_status":"open","sticky":false,"template":"","format":"standard","meta":{"inline_featured_image":false,"footnotes":""},"categories":[4],"tags":[23812,23811],"class_list":["post-98833","post","type-post","status-publish","format-standard","has-post-thumbnail","hentry","category-eveniment","tag-ce-e-de-facut-in-weekend","tag-tu-ce-faci-astazi"],"yoast_head":"<!-- This site is optimized with the Yoast SEO plugin v27.4 - https:\/\/yoast.com\/product\/yoast-seo-wordpress\/ -->\n<title>Tot ce mi\u0219c\u0103 \u00een urbea noastr\u0103 \u0219i nu numai, perioada 5-7 noiembrie - Revista Urbea Mea - Revista de Alba<\/title>\n<meta name=\"description\" content=\"O list\u0103 cu toate evenimentele din acest weekend \u00eencep\u00e2nd de ast\u0103zi, p\u00e2n\u0103 duminic\u0103: Azi, p\u00e2n\u0103 la ora 12:00, e ultima zi din Campania Dracula doneaz\u0103, hai\" \/>\n<meta name=\"robots\" content=\"index, follow, max-snippet:-1, max-image-preview:large, max-video-preview:-1\" \/>\n<link rel=\"canonical\" href=\"https:\/\/urbeamea.ro\/albaiulia\/tot-ce-misca-in-urbea-noastra-si-nu-numai-perioada-5-7-noiembrie\/\" \/>\n<meta name=\"twitter:card\" content=\"summary_large_image\" \/>\n<meta name=\"twitter:title\" content=\"Tot ce mi\u0219c\u0103 \u00een urbea noastr\u0103 \u0219i nu numai, perioada 5-7 noiembrie - Revista Urbea Mea - Revista de Alba\" \/>\n<meta name=\"twitter:description\" content=\"O list\u0103 cu toate evenimentele din acest weekend \u00eencep\u00e2nd de ast\u0103zi, p\u00e2n\u0103 duminic\u0103: Azi, p\u00e2n\u0103 la ora 12:00, e ultima zi din Campania Dracula doneaz\u0103, hai\" \/>\n<meta name=\"twitter:image\" content=\"https:\/\/urbeamea.ro\/albaiulia\/wp-content\/uploads\/2021\/10\/img_postare-evenimente-optim.jpg\" \/>\n<meta name=\"twitter:creator\" content=\"@urbeameaweb\" \/>\n<meta name=\"twitter:site\" content=\"@urbeameaweb\" \/>\n<script type=\"application\/ld+json\" class=\"yoast-schema-graph\">{\"@context\":\"https:\\\/\\\/schema.org\",\"@graph\":[{\"@type\":\"Article\",\"@id\":\"https:\\\/\\\/urbeamea.ro\\\/albaiulia\\\/tot-ce-misca-in-urbea-noastra-si-nu-numai-perioada-5-7-noiembrie\\\/#article\",\"isPartOf\":{\"@id\":\"https:\\\/\\\/urbeamea.ro\\\/albaiulia\\\/tot-ce-misca-in-urbea-noastra-si-nu-numai-perioada-5-7-noiembrie\\\/\"},\"author\":{\"name\":\"Bogdan P\u0103unescu\",\"@id\":\"https:\\\/\\\/urbeamea.ro\\\/albaiulia\\\/#\\\/schema\\\/person\\\/a115373ce8153754c6b084232d985956\"},\"headline\":\"Tot ce mi\u0219c\u0103 \u00een urbea noastr\u0103 \u0219i nu numai, perioada 5-7 noiembrie\",\"datePublished\":\"2021-11-05T08:44:03+00:00\",\"dateModified\":\"2021-11-05T08:48:52+00:00\",\"mainEntityOfPage\":{\"@id\":\"https:\\\/\\\/urbeamea.ro\\\/albaiulia\\\/tot-ce-misca-in-urbea-noastra-si-nu-numai-perioada-5-7-noiembrie\\\/\"},\"wordCount\":306,\"commentCount\":0,\"image\":{\"@id\":\"https:\\\/\\\/urbeamea.ro\\\/albaiulia\\\/tot-ce-misca-in-urbea-noastra-si-nu-numai-perioada-5-7-noiembrie\\\/#primaryimage\"},\"thumbnailUrl\":\"https:\\\/\\\/urbeamea.ro\\\/albaiulia\\\/wp-content\\\/uploads\\\/2021\\\/10\\\/img_postare-evenimente-optim.jpg\",\"keywords\":[\"Ce e de facut in weekend\",\"Tu ce faci ast\u0103zi?\"],\"articleSection\":[\"Evenimente\"],\"inLanguage\":\"ro-RO\",\"potentialAction\":[{\"@type\":\"CommentAction\",\"name\":\"Comment\",\"target\":[\"https:\\\/\\\/urbeamea.ro\\\/albaiulia\\\/tot-ce-misca-in-urbea-noastra-si-nu-numai-perioada-5-7-noiembrie\\\/#respond\"]}]},{\"@type\":\"WebPage\",\"@id\":\"https:\\\/\\\/urbeamea.ro\\\/albaiulia\\\/tot-ce-misca-in-urbea-noastra-si-nu-numai-perioada-5-7-noiembrie\\\/\",\"url\":\"https:\\\/\\\/urbeamea.ro\\\/albaiulia\\\/tot-ce-misca-in-urbea-noastra-si-nu-numai-perioada-5-7-noiembrie\\\/\",\"name\":\"Tot ce mi\u0219c\u0103 \u00een urbea noastr\u0103 \u0219i nu numai, perioada 5-7 noiembrie - Revista Urbea Mea - Revista de Alba\",\"isPartOf\":{\"@id\":\"https:\\\/\\\/urbeamea.ro\\\/albaiulia\\\/#website\"},\"primaryImageOfPage\":{\"@id\":\"https:\\\/\\\/urbeamea.ro\\\/albaiulia\\\/tot-ce-misca-in-urbea-noastra-si-nu-numai-perioada-5-7-noiembrie\\\/#primaryimage\"},\"image\":{\"@id\":\"https:\\\/\\\/urbeamea.ro\\\/albaiulia\\\/tot-ce-misca-in-urbea-noastra-si-nu-numai-perioada-5-7-noiembrie\\\/#primaryimage\"},\"thumbnailUrl\":\"https:\\\/\\\/urbeamea.ro\\\/albaiulia\\\/wp-content\\\/uploads\\\/2021\\\/10\\\/img_postare-evenimente-optim.jpg\",\"datePublished\":\"2021-11-05T08:44:03+00:00\",\"dateModified\":\"2021-11-05T08:48:52+00:00\",\"author\":{\"@id\":\"https:\\\/\\\/urbeamea.ro\\\/albaiulia\\\/#\\\/schema\\\/person\\\/a115373ce8153754c6b084232d985956\"},\"description\":\"O list\u0103 cu toate evenimentele din acest weekend \u00eencep\u00e2nd de ast\u0103zi, p\u00e2n\u0103 duminic\u0103: Azi, p\u00e2n\u0103 la ora 12:00, e ultima zi din Campania Dracula doneaz\u0103, hai\",\"breadcrumb\":{\"@id\":\"https:\\\/\\\/urbeamea.ro\\\/albaiulia\\\/tot-ce-misca-in-urbea-noastra-si-nu-numai-perioada-5-7-noiembrie\\\/#breadcrumb\"},\"inLanguage\":\"ro-RO\",\"potentialAction\":[{\"@type\":\"ReadAction\",\"target\":[\"https:\\\/\\\/urbeamea.ro\\\/albaiulia\\\/tot-ce-misca-in-urbea-noastra-si-nu-numai-perioada-5-7-noiembrie\\\/\"]}]},{\"@type\":\"ImageObject\",\"inLanguage\":\"ro-RO\",\"@id\":\"https:\\\/\\\/urbeamea.ro\\\/albaiulia\\\/tot-ce-misca-in-urbea-noastra-si-nu-numai-perioada-5-7-noiembrie\\\/#primaryimage\",\"url\":\"https:\\\/\\\/urbeamea.ro\\\/albaiulia\\\/wp-content\\\/uploads\\\/2021\\\/10\\\/img_postare-evenimente-optim.jpg\",\"contentUrl\":\"https:\\\/\\\/urbeamea.ro\\\/albaiulia\\\/wp-content\\\/uploads\\\/2021\\\/10\\\/img_postare-evenimente-optim.jpg\",\"width\":1200,\"height\":1000},{\"@type\":\"BreadcrumbList\",\"@id\":\"https:\\\/\\\/urbeamea.ro\\\/albaiulia\\\/tot-ce-misca-in-urbea-noastra-si-nu-numai-perioada-5-7-noiembrie\\\/#breadcrumb\",\"itemListElement\":[{\"@type\":\"ListItem\",\"position\":1,\"name\":\"Prima pagin\u0103\",\"item\":\"https:\\\/\\\/urbeamea.ro\\\/albaiulia\\\/\"},{\"@type\":\"ListItem\",\"position\":2,\"name\":\"Tot ce mi\u0219c\u0103 \u00een urbea noastr\u0103 \u0219i nu numai, perioada 5-7 noiembrie\"}]},{\"@type\":\"WebSite\",\"@id\":\"https:\\\/\\\/urbeamea.ro\\\/albaiulia\\\/#website\",\"url\":\"https:\\\/\\\/urbeamea.ro\\\/albaiulia\\\/\",\"name\":\"Revista Urbea Mea, Stiri urbane\",\"description\":\"Evenimente \u0219i \u0219tiri din Alba Iulia, Sebe\u0219, Aiud, Blaj\",\"potentialAction\":[{\"@type\":\"SearchAction\",\"target\":{\"@type\":\"EntryPoint\",\"urlTemplate\":\"https:\\\/\\\/urbeamea.ro\\\/albaiulia\\\/?s={search_term_string}\"},\"query-input\":{\"@type\":\"PropertyValueSpecification\",\"valueRequired\":true,\"valueName\":\"search_term_string\"}}],\"inLanguage\":\"ro-RO\"},{\"@type\":\"Person\",\"@id\":\"https:\\\/\\\/urbeamea.ro\\\/albaiulia\\\/#\\\/schema\\\/person\\\/a115373ce8153754c6b084232d985956\",\"name\":\"Bogdan P\u0103unescu\",\"image\":{\"@type\":\"ImageObject\",\"inLanguage\":\"ro-RO\",\"@id\":\"https:\\\/\\\/secure.gravatar.com\\\/avatar\\\/f72aa881b5a32ea110a53aabc2049429e3ff68fcb09d283722d01fbf330e9dd9?s=96&d=mm&r=g\",\"url\":\"https:\\\/\\\/secure.gravatar.com\\\/avatar\\\/f72aa881b5a32ea110a53aabc2049429e3ff68fcb09d283722d01fbf330e9dd9?s=96&d=mm&r=g\",\"contentUrl\":\"https:\\\/\\\/secure.gravatar.com\\\/avatar\\\/f72aa881b5a32ea110a53aabc2049429e3ff68fcb09d283722d01fbf330e9dd9?s=96&d=mm&r=g\",\"caption\":\"Bogdan P\u0103unescu\"},\"description\":\"\u00cemi place tot ceea ce este legat de web \u015fi ajut la dezvoltarea \u015fi \u00eembun\u0103t\u0103\u0163irea lui prin tot ceea ce fac.\",\"sameAs\":[\"https:\\\/\\\/www.artonmedia.ro\",\"https:\\\/\\\/www.facebook.com\\\/bogdanvpaunescu\"],\"url\":\"https:\\\/\\\/urbeamea.ro\\\/albaiulia\\\/author\\\/bogdan-paunescu\\\/\"}]}<\/script>\n<!-- \/ Yoast SEO plugin. -->","yoast_head_json":{"title":"Tot ce mi\u0219c\u0103 \u00een urbea noastr\u0103 \u0219i nu numai, perioada 5-7 noiembrie - Revista Urbea Mea - Revista de Alba","description":"O list\u0103 cu toate evenimentele din acest weekend \u00eencep\u00e2nd de ast\u0103zi, p\u00e2n\u0103 duminic\u0103: Azi, p\u00e2n\u0103 la ora 12:00, e ultima zi din Campania Dracula doneaz\u0103, hai","robots":{"index":"index","follow":"follow","max-snippet":"max-snippet:-1","max-image-preview":"max-image-preview:large","max-video-preview":"max-video-preview:-1"},"canonical":"https:\/\/urbeamea.ro\/albaiulia\/tot-ce-misca-in-urbea-noastra-si-nu-numai-perioada-5-7-noiembrie\/","twitter_card":"summary_large_image","twitter_title":"Tot ce mi\u0219c\u0103 \u00een urbea noastr\u0103 \u0219i nu numai, perioada 5-7 noiembrie - Revista Urbea Mea - Revista de Alba","twitter_description":"O list\u0103 cu toate evenimentele din acest weekend \u00eencep\u00e2nd de ast\u0103zi, p\u00e2n\u0103 duminic\u0103: Azi, p\u00e2n\u0103 la ora 12:00, e ultima zi din Campania Dracula doneaz\u0103, hai","twitter_image":"https:\/\/urbeamea.ro\/albaiulia\/wp-content\/uploads\/2021\/10\/img_postare-evenimente-optim.jpg","twitter_creator":"@urbeameaweb","twitter_site":"@urbeameaweb","schema":{"@context":"https:\/\/schema.org","@graph":[{"@type":"Article","@id":"https:\/\/urbeamea.ro\/albaiulia\/tot-ce-misca-in-urbea-noastra-si-nu-numai-perioada-5-7-noiembrie\/#article","isPartOf":{"@id":"https:\/\/urbeamea.ro\/albaiulia\/tot-ce-misca-in-urbea-noastra-si-nu-numai-perioada-5-7-noiembrie\/"},"author":{"name":"Bogdan P\u0103unescu","@id":"https:\/\/urbeamea.ro\/albaiulia\/#\/schema\/person\/a115373ce8153754c6b084232d985956"},"headline":"Tot ce mi\u0219c\u0103 \u00een urbea noastr\u0103 \u0219i nu numai, perioada 5-7 noiembrie","datePublished":"2021-11-05T08:44:03+00:00","dateModified":"2021-11-05T08:48:52+00:00","mainEntityOfPage":{"@id":"https:\/\/urbeamea.ro\/albaiulia\/tot-ce-misca-in-urbea-noastra-si-nu-numai-perioada-5-7-noiembrie\/"},"wordCount":306,"commentCount":0,"image":{"@id":"https:\/\/urbeamea.ro\/albaiulia\/tot-ce-misca-in-urbea-noastra-si-nu-numai-perioada-5-7-noiembrie\/#primaryimage"},"thumbnailUrl":"https:\/\/urbeamea.ro\/albaiulia\/wp-content\/uploads\/2021\/10\/img_postare-evenimente-optim.jpg","keywords":["Ce e de facut in weekend","Tu ce faci ast\u0103zi?"],"articleSection":["Evenimente"],"inLanguage":"ro-RO","potentialAction":[{"@type":"CommentAction","name":"Comment","target":["https:\/\/urbeamea.ro\/albaiulia\/tot-ce-misca-in-urbea-noastra-si-nu-numai-perioada-5-7-noiembrie\/#respond"]}]},{"@type":"WebPage","@id":"https:\/\/urbeamea.ro\/albaiulia\/tot-ce-misca-in-urbea-noastra-si-nu-numai-perioada-5-7-noiembrie\/","url":"https:\/\/urbeamea.ro\/albaiulia\/tot-ce-misca-in-urbea-noastra-si-nu-numai-perioada-5-7-noiembrie\/","name":"Tot ce mi\u0219c\u0103 \u00een urbea noastr\u0103 \u0219i nu numai, perioada 5-7 noiembrie - Revista Urbea Mea - Revista de Alba","isPartOf":{"@id":"https:\/\/urbeamea.ro\/albaiulia\/#website"},"primaryImageOfPage":{"@id":"https:\/\/urbeamea.ro\/albaiulia\/tot-ce-misca-in-urbea-noastra-si-nu-numai-perioada-5-7-noiembrie\/#primaryimage"},"image":{"@id":"https:\/\/urbeamea.ro\/albaiulia\/tot-ce-misca-in-urbea-noastra-si-nu-numai-perioada-5-7-noiembrie\/#primaryimage"},"thumbnailUrl":"https:\/\/urbeamea.ro\/albaiulia\/wp-content\/uploads\/2021\/10\/img_postare-evenimente-optim.jpg","datePublished":"2021-11-05T08:44:03+00:00","dateModified":"2021-11-05T08:48:52+00:00","author":{"@id":"https:\/\/urbeamea.ro\/albaiulia\/#\/schema\/person\/a115373ce8153754c6b084232d985956"},"description":"O list\u0103 cu toate evenimentele din acest weekend \u00eencep\u00e2nd de ast\u0103zi, p\u00e2n\u0103 duminic\u0103: Azi, p\u00e2n\u0103 la ora 12:00, e ultima zi din Campania Dracula doneaz\u0103, hai","breadcrumb":{"@id":"https:\/\/urbeamea.ro\/albaiulia\/tot-ce-misca-in-urbea-noastra-si-nu-numai-perioada-5-7-noiembrie\/#breadcrumb"},"inLanguage":"ro-RO","potentialAction":[{"@type":"ReadAction","target":["https:\/\/urbeamea.ro\/albaiulia\/tot-ce-misca-in-urbea-noastra-si-nu-numai-perioada-5-7-noiembrie\/"]}]},{"@type":"ImageObject","inLanguage":"ro-RO","@id":"https:\/\/urbeamea.ro\/albaiulia\/tot-ce-misca-in-urbea-noastra-si-nu-numai-perioada-5-7-noiembrie\/#primaryimage","url":"https:\/\/urbeamea.ro\/albaiulia\/wp-content\/uploads\/2021\/10\/img_postare-evenimente-optim.jpg","contentUrl":"https:\/\/urbeamea.ro\/albaiulia\/wp-content\/uploads\/2021\/10\/img_postare-evenimente-optim.jpg","width":1200,"height":1000},{"@type":"BreadcrumbList","@id":"https:\/\/urbeamea.ro\/albaiulia\/tot-ce-misca-in-urbea-noastra-si-nu-numai-perioada-5-7-noiembrie\/#breadcrumb","itemListElement":[{"@type":"ListItem","position":1,"name":"Prima pagin\u0103","item":"https:\/\/urbeamea.ro\/albaiulia\/"},{"@type":"ListItem","position":2,"name":"Tot ce mi\u0219c\u0103 \u00een urbea noastr\u0103 \u0219i nu numai, perioada 5-7 noiembrie"}]},{"@type":"WebSite","@id":"https:\/\/urbeamea.ro\/albaiulia\/#website","url":"https:\/\/urbeamea.ro\/albaiulia\/","name":"Revista Urbea Mea, Stiri urbane","description":"Evenimente \u0219i \u0219tiri din Alba Iulia, Sebe\u0219, Aiud, Blaj","potentialAction":[{"@type":"SearchAction","target":{"@type":"EntryPoint","urlTemplate":"https:\/\/urbeamea.ro\/albaiulia\/?s={search_term_string}"},"query-input":{"@type":"PropertyValueSpecification","valueRequired":true,"valueName":"search_term_string"}}],"inLanguage":"ro-RO"},{"@type":"Person","@id":"https:\/\/urbeamea.ro\/albaiulia\/#\/schema\/person\/a115373ce8153754c6b084232d985956","name":"Bogdan P\u0103unescu","image":{"@type":"ImageObject","inLanguage":"ro-RO","@id":"https:\/\/secure.gravatar.com\/avatar\/f72aa881b5a32ea110a53aabc2049429e3ff68fcb09d283722d01fbf330e9dd9?s=96&d=mm&r=g","url":"https:\/\/secure.gravatar.com\/avatar\/f72aa881b5a32ea110a53aabc2049429e3ff68fcb09d283722d01fbf330e9dd9?s=96&d=mm&r=g","contentUrl":"https:\/\/secure.gravatar.com\/avatar\/f72aa881b5a32ea110a53aabc2049429e3ff68fcb09d283722d01fbf330e9dd9?s=96&d=mm&r=g","caption":"Bogdan P\u0103unescu"},"description":"\u00cemi place tot ceea ce este legat de web \u015fi ajut la dezvoltarea \u015fi \u00eembun\u0103t\u0103\u0163irea lui prin tot ceea ce fac.","sameAs":["https:\/\/www.artonmedia.ro","https:\/\/www.facebook.com\/bogdanvpaunescu"],"url":"https:\/\/urbeamea.ro\/albaiulia\/author\/bogdan-paunescu\/"}]}},"_links":{"self":[{"href":"https:\/\/urbeamea.ro\/albaiulia\/wp-json\/wp\/v2\/posts\/98833","targetHints":{"allow":["GET"]}}],"collection":[{"href":"https:\/\/urbeamea.ro\/albaiulia\/wp-json\/wp\/v2\/posts"}],"about":[{"href":"https:\/\/urbeamea.ro\/albaiulia\/wp-json\/wp\/v2\/types\/post"}],"author":[{"embeddable":true,"href":"https:\/\/urbeamea.ro\/albaiulia\/wp-json\/wp\/v2\/users\/5"}],"replies":[{"embeddable":true,"href":"https:\/\/urbeamea.ro\/albaiulia\/wp-json\/wp\/v2\/comments?post=98833"}],"version-history":[{"count":2,"href":"https:\/\/urbeamea.ro\/albaiulia\/wp-json\/wp\/v2\/posts\/98833\/revisions"}],"predecessor-version":[{"id":98840,"href":"https:\/\/urbeamea.ro\/albaiulia\/wp-json\/wp\/v2\/posts\/98833\/revisions\/98840"}],"wp:featuredmedia":[{"embeddable":true,"href":"https:\/\/urbeamea.ro\/albaiulia\/wp-json\/wp\/v2\/media\/98638"}],"wp:attachment":[{"href":"https:\/\/urbeamea.ro\/albaiulia\/wp-json\/wp\/v2\/media?parent=98833"}],"wp:term":[{"taxonomy":"category","embeddable":true,"href":"https:\/\/urbeamea.ro\/albaiulia\/wp-json\/wp\/v2\/categories?post=98833"},{"taxonomy":"post_tag","embeddable":true,"href":"https:\/\/urbeamea.ro\/albaiulia\/wp-json\/wp\/v2\/tags?post=98833"}],"curies":[{"name":"wp","href":"https:\/\/api.w.org\/{rel}","templated":true}]}}