{"id":98844,"date":"2021-11-05T11:08:13","date_gmt":"2021-11-05T09:08:13","guid":{"rendered":"https:\/\/urbeamea.ro\/albaiulia\/?p=98844"},"modified":"2021-11-05T11:08:15","modified_gmt":"2021-11-05T09:08:15","slug":"de-luni-incepe-scoala-cu-prezenta-fizica-conditia-principala-este-rata-de-vaccinare","status":"publish","type":"post","link":"https:\/\/urbeamea.ro\/albaiulia\/de-luni-incepe-scoala-cu-prezenta-fizica-conditia-principala-este-rata-de-vaccinare\/","title":{"rendered":"De luni \u00eencepe \u0219coala cu prezen\u021b\u0103 fizic\u0103. Condi\u021bia principal\u0103 este rata de vaccinare"},"content":{"rendered":"\n<p><strong>Pre\u0219edintele Klaus Iohannis, a declarat joi, c\u0103 \u00eencep\u00e2nd de luni elevii se vor \u00eentoarce fizic la \u0219coal\u0103, acolo unde condi\u021biile epidemiologice o vor permite, \u00eens\u0103 \u201eva fi introdus\u0103 o nou\u0103 condi\u021bie ca \u0219colile s\u0103 poat\u0103 func\u021biona cu prezen\u021b\u0103 fizic\u0103, gradul de vaccinare al personalului \u0219colii\u201d.<\/strong><\/p>\n\n\n\n<p><strong>Ministrul Educa\u021biei Sorin C\u00eempeanu a anun\u021bat ast\u0103zi c\u0103 \u0219coala va \u00eencepe pe 8 noiembrie pentru to\u021bi elevii.<\/strong><\/p>\n\n\n\n<blockquote class=\"wp-block-quote is-layout-flow wp-block-quote-is-layout-flow\"><p>\u201eEste preg\u0103tit pentru semnare al treilea ordin care se refer\u0103 la modalitatea de \u00eenceperea \u0219colii. Pentru c\u0103 \u0219coala va \u00eencepe pentru to\u021bi elevii \u0219i pentru to\u021bi copiii din gr\u0103dini\u021b\u0103 \u00een data de 8 noiembrie, m\u0103 refer aici la \u00eenv\u0103\u021b\u0103m\u00e2ntul de stat \u0219i \u00eenv\u0103\u021b\u0103m\u00e2ntul privat. Este \u00een curs de derulare \u0219edin\u021ba Comitetului Na\u021bional pentru situa\u021bii de urgen\u021b\u0103 prin care se propune modificarea Ordinului ministrului Educa\u021biei \u0219i ministrului S\u0103n\u0103t\u0103\u021bii \u00een acest sens. \u00cen foarte scurt timp va fi validat\u0103 propunere, ordinul va fi semnat \u0219i va fi transmis c\u0103tre Monitorul Oficial \u00een vederea public\u0103rii ast\u0103zi, c\u00e2t mai cur\u00e2nd posibil, \u00een a\u0219a fel \u00eenc\u00e2t pe parcursul acestei zile se poate exista \u0219edin\u021bele de consiliu de Administra\u021bie \u00een fiecare \u0219coal\u0103\u201d, <\/p><cite> a anun\u021bat C\u00eempeanu. <\/cite><\/blockquote>\n\n\n\n<p>Criteriul pentru revenirea elevilor \u00een b\u0103nci este rata de vaccinare, care va fi actualizat\u0103 \u00een fiecare vineri.<\/p>\n\n\n\n<p>Rata de vaccinare la nivelul fiec\u0103rei unit\u0103\u021bi de \u00eenv\u0103\u021b\u0103m\u00e2nt va fi afi\u0219at\u0103 pe site-ul fiec\u0103rui ISJ\/ISMB. <\/p>\n\n\n\n<blockquote class=\"wp-block-quote is-layout-flow wp-block-quote-is-layout-flow\"><p>\u201eA doua tem\u0103 se refer\u0103 la \u0219coli \u0219i vaccinare. Se \u00eencheie vacan\u021ba pentru evitarea pandemiei. Vacan\u021ba nu va fi prelungit\u0103 \u0219i \u00eencep\u00e2nd de luni, acolo unde condi\u021biile sanitare o permit, elevii se vor putea \u00eentoarce. \u00cens\u0103 va fi introdus\u0103 o nou\u0103 condi\u021bie pentru ca \u0219colile s\u0103 poat\u0103 func\u021biona cu prezen\u021b\u0103 fizic\u0103, gradul de vaccinare al personalului \u0219colii. M\u00e2ine se va trimite ordinul comun care detaliaz\u0103 aceste chestiuni\u201d, <\/p><cite> a declarat Iohannis. <\/cite><\/blockquote>\n\n\n\n<p>\u0218eful statului a transmis din nou rom\u00e2nilor s\u0103 mearg\u0103 s\u0103 se vaccineze, \u00eentruc\u00e2t este singura \u0219ans\u0103 s\u0103 reducem efectele pandemiei.<\/p>\n\n\n\n<blockquote class=\"wp-block-quote is-layout-flow wp-block-quote-is-layout-flow\"><p>\u201eSubliniez c\u0103 vaccinarea este singura \u0219ans\u0103 pentru a dep\u0103\u0219i pandemia. Vestul Europei, avem iar\u0103\u0219i o cre\u0219tere a pandemiei \u0219i concluzia este una singur\u0103: pandemia nu s-a \u00eencheiat, \u00eens\u0103 avem solu\u021bia, se nume\u0219te vaccinare\u201d, <\/p><cite> a spus Klaus Iohannis. <\/cite><\/blockquote>\n","protected":false},"excerpt":{"rendered":"<p>Pre\u0219edintele Klaus Iohannis, a declarat joi, c\u0103 \u00eencep\u00e2nd de luni elevii se vor \u00eentoarce fizic la \u0219coal\u0103, acolo unde condi\u021biile epidemiologice o vor permite, \u00eens\u0103 \u201eva fi introdus\u0103 o nou\u0103 condi\u021bie ca \u0219colile s\u0103 poat\u0103 func\u021biona cu prezen\u021b\u0103 fizic\u0103, gradul de vaccinare al personalului \u0219colii\u201d. Ministrul Educa\u021biei Sorin C\u00eempeanu a anun\u021bat ast\u0103zi c\u0103 \u0219coala va &hellip;<\/p>\n","protected":false},"author":5,"featured_media":93826,"comment_status":"open","ping_status":"open","sticky":false,"template":"","format":"standard","meta":{"inline_featured_image":false,"footnotes":""},"categories":[1],"tags":[23814],"class_list":["post-98844","post","type-post","status-publish","format-standard","has-post-thumbnail","hentry","category-stiri-urbane","tag-de-cand-incepe-scoala"],"yoast_head":"<!-- This site is optimized with the Yoast SEO plugin v27.4 - https:\/\/yoast.com\/product\/yoast-seo-wordpress\/ -->\n<title>De luni \u00eencepe \u0219coala cu prezen\u021b\u0103 fizic\u0103. Condi\u021bia principal\u0103 este rata de vaccinare - Revista Urbea Mea - Revista de Alba<\/title>\n<meta name=\"description\" content=\"Pre\u0219edintele Klaus Iohannis, a declarat joi, c\u0103 \u00eencep\u00e2nd de luni elevii se vor \u00eentoarce fizic la \u0219coal\u0103, acolo unde condi\u021biile epidemiologice o vor\" \/>\n<meta name=\"robots\" content=\"index, follow, max-snippet:-1, max-image-preview:large, max-video-preview:-1\" \/>\n<link rel=\"canonical\" href=\"https:\/\/urbeamea.ro\/albaiulia\/de-luni-incepe-scoala-cu-prezenta-fizica-conditia-principala-este-rata-de-vaccinare\/\" \/>\n<meta name=\"twitter:card\" content=\"summary_large_image\" \/>\n<meta name=\"twitter:title\" content=\"De luni \u00eencepe \u0219coala cu prezen\u021b\u0103 fizic\u0103. Condi\u021bia principal\u0103 este rata de vaccinare - Revista Urbea Mea - Revista de Alba\" \/>\n<meta name=\"twitter:description\" content=\"Pre\u0219edintele Klaus Iohannis, a declarat joi, c\u0103 \u00eencep\u00e2nd de luni elevii se vor \u00eentoarce fizic la \u0219coal\u0103, acolo unde condi\u021biile epidemiologice o vor\" \/>\n<meta name=\"twitter:image\" content=\"https:\/\/urbeamea.ro\/albaiulia\/wp-content\/uploads\/2020\/12\/Nu-stii-cum-sa-iti-ajuti-copilul-cu-scoala-online-Afla-metodele-rapide-de-a-sustine-performanta.jpg\" \/>\n<meta name=\"twitter:creator\" content=\"@urbeameaweb\" \/>\n<meta name=\"twitter:site\" content=\"@urbeameaweb\" \/>\n<script type=\"application\/ld+json\" class=\"yoast-schema-graph\">{\"@context\":\"https:\\\/\\\/schema.org\",\"@graph\":[{\"@type\":\"Article\",\"@id\":\"https:\\\/\\\/urbeamea.ro\\\/albaiulia\\\/de-luni-incepe-scoala-cu-prezenta-fizica-conditia-principala-este-rata-de-vaccinare\\\/#article\",\"isPartOf\":{\"@id\":\"https:\\\/\\\/urbeamea.ro\\\/albaiulia\\\/de-luni-incepe-scoala-cu-prezenta-fizica-conditia-principala-este-rata-de-vaccinare\\\/\"},\"author\":{\"name\":\"Bogdan P\u0103unescu\",\"@id\":\"https:\\\/\\\/urbeamea.ro\\\/albaiulia\\\/#\\\/schema\\\/person\\\/a115373ce8153754c6b084232d985956\"},\"headline\":\"De luni \u00eencepe \u0219coala cu prezen\u021b\u0103 fizic\u0103. Condi\u021bia principal\u0103 este rata de vaccinare\",\"datePublished\":\"2021-11-05T09:08:13+00:00\",\"dateModified\":\"2021-11-05T09:08:15+00:00\",\"mainEntityOfPage\":{\"@id\":\"https:\\\/\\\/urbeamea.ro\\\/albaiulia\\\/de-luni-incepe-scoala-cu-prezenta-fizica-conditia-principala-este-rata-de-vaccinare\\\/\"},\"wordCount\":411,\"commentCount\":0,\"image\":{\"@id\":\"https:\\\/\\\/urbeamea.ro\\\/albaiulia\\\/de-luni-incepe-scoala-cu-prezenta-fizica-conditia-principala-este-rata-de-vaccinare\\\/#primaryimage\"},\"thumbnailUrl\":\"https:\\\/\\\/urbeamea.ro\\\/albaiulia\\\/wp-content\\\/uploads\\\/2020\\\/12\\\/Nu-stii-cum-sa-iti-ajuti-copilul-cu-scoala-online-Afla-metodele-rapide-de-a-sustine-performanta.jpg\",\"keywords\":[\"De cand incepe scoala\"],\"articleSection\":[\"\u015etiri Urbane\"],\"inLanguage\":\"ro-RO\",\"potentialAction\":[{\"@type\":\"CommentAction\",\"name\":\"Comment\",\"target\":[\"https:\\\/\\\/urbeamea.ro\\\/albaiulia\\\/de-luni-incepe-scoala-cu-prezenta-fizica-conditia-principala-este-rata-de-vaccinare\\\/#respond\"]}]},{\"@type\":\"WebPage\",\"@id\":\"https:\\\/\\\/urbeamea.ro\\\/albaiulia\\\/de-luni-incepe-scoala-cu-prezenta-fizica-conditia-principala-este-rata-de-vaccinare\\\/\",\"url\":\"https:\\\/\\\/urbeamea.ro\\\/albaiulia\\\/de-luni-incepe-scoala-cu-prezenta-fizica-conditia-principala-este-rata-de-vaccinare\\\/\",\"name\":\"De luni \u00eencepe \u0219coala cu prezen\u021b\u0103 fizic\u0103. Condi\u021bia principal\u0103 este rata de vaccinare - Revista Urbea Mea - Revista de Alba\",\"isPartOf\":{\"@id\":\"https:\\\/\\\/urbeamea.ro\\\/albaiulia\\\/#website\"},\"primaryImageOfPage\":{\"@id\":\"https:\\\/\\\/urbeamea.ro\\\/albaiulia\\\/de-luni-incepe-scoala-cu-prezenta-fizica-conditia-principala-este-rata-de-vaccinare\\\/#primaryimage\"},\"image\":{\"@id\":\"https:\\\/\\\/urbeamea.ro\\\/albaiulia\\\/de-luni-incepe-scoala-cu-prezenta-fizica-conditia-principala-este-rata-de-vaccinare\\\/#primaryimage\"},\"thumbnailUrl\":\"https:\\\/\\\/urbeamea.ro\\\/albaiulia\\\/wp-content\\\/uploads\\\/2020\\\/12\\\/Nu-stii-cum-sa-iti-ajuti-copilul-cu-scoala-online-Afla-metodele-rapide-de-a-sustine-performanta.jpg\",\"datePublished\":\"2021-11-05T09:08:13+00:00\",\"dateModified\":\"2021-11-05T09:08:15+00:00\",\"author\":{\"@id\":\"https:\\\/\\\/urbeamea.ro\\\/albaiulia\\\/#\\\/schema\\\/person\\\/a115373ce8153754c6b084232d985956\"},\"description\":\"Pre\u0219edintele Klaus Iohannis, a declarat joi, c\u0103 \u00eencep\u00e2nd de luni elevii se vor \u00eentoarce fizic la \u0219coal\u0103, acolo unde condi\u021biile epidemiologice o vor\",\"breadcrumb\":{\"@id\":\"https:\\\/\\\/urbeamea.ro\\\/albaiulia\\\/de-luni-incepe-scoala-cu-prezenta-fizica-conditia-principala-este-rata-de-vaccinare\\\/#breadcrumb\"},\"inLanguage\":\"ro-RO\",\"potentialAction\":[{\"@type\":\"ReadAction\",\"target\":[\"https:\\\/\\\/urbeamea.ro\\\/albaiulia\\\/de-luni-incepe-scoala-cu-prezenta-fizica-conditia-principala-este-rata-de-vaccinare\\\/\"]}]},{\"@type\":\"ImageObject\",\"inLanguage\":\"ro-RO\",\"@id\":\"https:\\\/\\\/urbeamea.ro\\\/albaiulia\\\/de-luni-incepe-scoala-cu-prezenta-fizica-conditia-principala-este-rata-de-vaccinare\\\/#primaryimage\",\"url\":\"https:\\\/\\\/urbeamea.ro\\\/albaiulia\\\/wp-content\\\/uploads\\\/2020\\\/12\\\/Nu-stii-cum-sa-iti-ajuti-copilul-cu-scoala-online-Afla-metodele-rapide-de-a-sustine-performanta.jpg\",\"contentUrl\":\"https:\\\/\\\/urbeamea.ro\\\/albaiulia\\\/wp-content\\\/uploads\\\/2020\\\/12\\\/Nu-stii-cum-sa-iti-ajuti-copilul-cu-scoala-online-Afla-metodele-rapide-de-a-sustine-performanta.jpg\",\"width\":1280,\"height\":853},{\"@type\":\"BreadcrumbList\",\"@id\":\"https:\\\/\\\/urbeamea.ro\\\/albaiulia\\\/de-luni-incepe-scoala-cu-prezenta-fizica-conditia-principala-este-rata-de-vaccinare\\\/#breadcrumb\",\"itemListElement\":[{\"@type\":\"ListItem\",\"position\":1,\"name\":\"Prima pagin\u0103\",\"item\":\"https:\\\/\\\/urbeamea.ro\\\/albaiulia\\\/\"},{\"@type\":\"ListItem\",\"position\":2,\"name\":\"De luni \u00eencepe \u0219coala cu prezen\u021b\u0103 fizic\u0103. Condi\u021bia principal\u0103 este rata de vaccinare\"}]},{\"@type\":\"WebSite\",\"@id\":\"https:\\\/\\\/urbeamea.ro\\\/albaiulia\\\/#website\",\"url\":\"https:\\\/\\\/urbeamea.ro\\\/albaiulia\\\/\",\"name\":\"Revista Urbea Mea, Stiri urbane\",\"description\":\"Evenimente \u0219i \u0219tiri din Alba Iulia, Sebe\u0219, Aiud, Blaj\",\"potentialAction\":[{\"@type\":\"SearchAction\",\"target\":{\"@type\":\"EntryPoint\",\"urlTemplate\":\"https:\\\/\\\/urbeamea.ro\\\/albaiulia\\\/?s={search_term_string}\"},\"query-input\":{\"@type\":\"PropertyValueSpecification\",\"valueRequired\":true,\"valueName\":\"search_term_string\"}}],\"inLanguage\":\"ro-RO\"},{\"@type\":\"Person\",\"@id\":\"https:\\\/\\\/urbeamea.ro\\\/albaiulia\\\/#\\\/schema\\\/person\\\/a115373ce8153754c6b084232d985956\",\"name\":\"Bogdan P\u0103unescu\",\"image\":{\"@type\":\"ImageObject\",\"inLanguage\":\"ro-RO\",\"@id\":\"https:\\\/\\\/secure.gravatar.com\\\/avatar\\\/f72aa881b5a32ea110a53aabc2049429e3ff68fcb09d283722d01fbf330e9dd9?s=96&d=mm&r=g\",\"url\":\"https:\\\/\\\/secure.gravatar.com\\\/avatar\\\/f72aa881b5a32ea110a53aabc2049429e3ff68fcb09d283722d01fbf330e9dd9?s=96&d=mm&r=g\",\"contentUrl\":\"https:\\\/\\\/secure.gravatar.com\\\/avatar\\\/f72aa881b5a32ea110a53aabc2049429e3ff68fcb09d283722d01fbf330e9dd9?s=96&d=mm&r=g\",\"caption\":\"Bogdan P\u0103unescu\"},\"description\":\"\u00cemi place tot ceea ce este legat de web \u015fi ajut la dezvoltarea \u015fi \u00eembun\u0103t\u0103\u0163irea lui prin tot ceea ce fac.\",\"sameAs\":[\"https:\\\/\\\/www.artonmedia.ro\",\"https:\\\/\\\/www.facebook.com\\\/bogdanvpaunescu\"],\"url\":\"https:\\\/\\\/urbeamea.ro\\\/albaiulia\\\/author\\\/bogdan-paunescu\\\/\"}]}<\/script>\n<!-- \/ Yoast SEO plugin. -->","yoast_head_json":{"title":"De luni \u00eencepe \u0219coala cu prezen\u021b\u0103 fizic\u0103. Condi\u021bia principal\u0103 este rata de vaccinare - Revista Urbea Mea - Revista de Alba","description":"Pre\u0219edintele Klaus Iohannis, a declarat joi, c\u0103 \u00eencep\u00e2nd de luni elevii se vor \u00eentoarce fizic la \u0219coal\u0103, acolo unde condi\u021biile epidemiologice o vor","robots":{"index":"index","follow":"follow","max-snippet":"max-snippet:-1","max-image-preview":"max-image-preview:large","max-video-preview":"max-video-preview:-1"},"canonical":"https:\/\/urbeamea.ro\/albaiulia\/de-luni-incepe-scoala-cu-prezenta-fizica-conditia-principala-este-rata-de-vaccinare\/","twitter_card":"summary_large_image","twitter_title":"De luni \u00eencepe \u0219coala cu prezen\u021b\u0103 fizic\u0103. Condi\u021bia principal\u0103 este rata de vaccinare - Revista Urbea Mea - Revista de Alba","twitter_description":"Pre\u0219edintele Klaus Iohannis, a declarat joi, c\u0103 \u00eencep\u00e2nd de luni elevii se vor \u00eentoarce fizic la \u0219coal\u0103, acolo unde condi\u021biile epidemiologice o vor","twitter_image":"https:\/\/urbeamea.ro\/albaiulia\/wp-content\/uploads\/2020\/12\/Nu-stii-cum-sa-iti-ajuti-copilul-cu-scoala-online-Afla-metodele-rapide-de-a-sustine-performanta.jpg","twitter_creator":"@urbeameaweb","twitter_site":"@urbeameaweb","schema":{"@context":"https:\/\/schema.org","@graph":[{"@type":"Article","@id":"https:\/\/urbeamea.ro\/albaiulia\/de-luni-incepe-scoala-cu-prezenta-fizica-conditia-principala-este-rata-de-vaccinare\/#article","isPartOf":{"@id":"https:\/\/urbeamea.ro\/albaiulia\/de-luni-incepe-scoala-cu-prezenta-fizica-conditia-principala-este-rata-de-vaccinare\/"},"author":{"name":"Bogdan P\u0103unescu","@id":"https:\/\/urbeamea.ro\/albaiulia\/#\/schema\/person\/a115373ce8153754c6b084232d985956"},"headline":"De luni \u00eencepe \u0219coala cu prezen\u021b\u0103 fizic\u0103. Condi\u021bia principal\u0103 este rata de vaccinare","datePublished":"2021-11-05T09:08:13+00:00","dateModified":"2021-11-05T09:08:15+00:00","mainEntityOfPage":{"@id":"https:\/\/urbeamea.ro\/albaiulia\/de-luni-incepe-scoala-cu-prezenta-fizica-conditia-principala-este-rata-de-vaccinare\/"},"wordCount":411,"commentCount":0,"image":{"@id":"https:\/\/urbeamea.ro\/albaiulia\/de-luni-incepe-scoala-cu-prezenta-fizica-conditia-principala-este-rata-de-vaccinare\/#primaryimage"},"thumbnailUrl":"https:\/\/urbeamea.ro\/albaiulia\/wp-content\/uploads\/2020\/12\/Nu-stii-cum-sa-iti-ajuti-copilul-cu-scoala-online-Afla-metodele-rapide-de-a-sustine-performanta.jpg","keywords":["De cand incepe scoala"],"articleSection":["\u015etiri Urbane"],"inLanguage":"ro-RO","potentialAction":[{"@type":"CommentAction","name":"Comment","target":["https:\/\/urbeamea.ro\/albaiulia\/de-luni-incepe-scoala-cu-prezenta-fizica-conditia-principala-este-rata-de-vaccinare\/#respond"]}]},{"@type":"WebPage","@id":"https:\/\/urbeamea.ro\/albaiulia\/de-luni-incepe-scoala-cu-prezenta-fizica-conditia-principala-este-rata-de-vaccinare\/","url":"https:\/\/urbeamea.ro\/albaiulia\/de-luni-incepe-scoala-cu-prezenta-fizica-conditia-principala-este-rata-de-vaccinare\/","name":"De luni \u00eencepe \u0219coala cu prezen\u021b\u0103 fizic\u0103. Condi\u021bia principal\u0103 este rata de vaccinare - Revista Urbea Mea - Revista de Alba","isPartOf":{"@id":"https:\/\/urbeamea.ro\/albaiulia\/#website"},"primaryImageOfPage":{"@id":"https:\/\/urbeamea.ro\/albaiulia\/de-luni-incepe-scoala-cu-prezenta-fizica-conditia-principala-este-rata-de-vaccinare\/#primaryimage"},"image":{"@id":"https:\/\/urbeamea.ro\/albaiulia\/de-luni-incepe-scoala-cu-prezenta-fizica-conditia-principala-este-rata-de-vaccinare\/#primaryimage"},"thumbnailUrl":"https:\/\/urbeamea.ro\/albaiulia\/wp-content\/uploads\/2020\/12\/Nu-stii-cum-sa-iti-ajuti-copilul-cu-scoala-online-Afla-metodele-rapide-de-a-sustine-performanta.jpg","datePublished":"2021-11-05T09:08:13+00:00","dateModified":"2021-11-05T09:08:15+00:00","author":{"@id":"https:\/\/urbeamea.ro\/albaiulia\/#\/schema\/person\/a115373ce8153754c6b084232d985956"},"description":"Pre\u0219edintele Klaus Iohannis, a declarat joi, c\u0103 \u00eencep\u00e2nd de luni elevii se vor \u00eentoarce fizic la \u0219coal\u0103, acolo unde condi\u021biile epidemiologice o vor","breadcrumb":{"@id":"https:\/\/urbeamea.ro\/albaiulia\/de-luni-incepe-scoala-cu-prezenta-fizica-conditia-principala-este-rata-de-vaccinare\/#breadcrumb"},"inLanguage":"ro-RO","potentialAction":[{"@type":"ReadAction","target":["https:\/\/urbeamea.ro\/albaiulia\/de-luni-incepe-scoala-cu-prezenta-fizica-conditia-principala-este-rata-de-vaccinare\/"]}]},{"@type":"ImageObject","inLanguage":"ro-RO","@id":"https:\/\/urbeamea.ro\/albaiulia\/de-luni-incepe-scoala-cu-prezenta-fizica-conditia-principala-este-rata-de-vaccinare\/#primaryimage","url":"https:\/\/urbeamea.ro\/albaiulia\/wp-content\/uploads\/2020\/12\/Nu-stii-cum-sa-iti-ajuti-copilul-cu-scoala-online-Afla-metodele-rapide-de-a-sustine-performanta.jpg","contentUrl":"https:\/\/urbeamea.ro\/albaiulia\/wp-content\/uploads\/2020\/12\/Nu-stii-cum-sa-iti-ajuti-copilul-cu-scoala-online-Afla-metodele-rapide-de-a-sustine-performanta.jpg","width":1280,"height":853},{"@type":"BreadcrumbList","@id":"https:\/\/urbeamea.ro\/albaiulia\/de-luni-incepe-scoala-cu-prezenta-fizica-conditia-principala-este-rata-de-vaccinare\/#breadcrumb","itemListElement":[{"@type":"ListItem","position":1,"name":"Prima pagin\u0103","item":"https:\/\/urbeamea.ro\/albaiulia\/"},{"@type":"ListItem","position":2,"name":"De luni \u00eencepe \u0219coala cu prezen\u021b\u0103 fizic\u0103. Condi\u021bia principal\u0103 este rata de vaccinare"}]},{"@type":"WebSite","@id":"https:\/\/urbeamea.ro\/albaiulia\/#website","url":"https:\/\/urbeamea.ro\/albaiulia\/","name":"Revista Urbea Mea, Stiri urbane","description":"Evenimente \u0219i \u0219tiri din Alba Iulia, Sebe\u0219, Aiud, Blaj","potentialAction":[{"@type":"SearchAction","target":{"@type":"EntryPoint","urlTemplate":"https:\/\/urbeamea.ro\/albaiulia\/?s={search_term_string}"},"query-input":{"@type":"PropertyValueSpecification","valueRequired":true,"valueName":"search_term_string"}}],"inLanguage":"ro-RO"},{"@type":"Person","@id":"https:\/\/urbeamea.ro\/albaiulia\/#\/schema\/person\/a115373ce8153754c6b084232d985956","name":"Bogdan P\u0103unescu","image":{"@type":"ImageObject","inLanguage":"ro-RO","@id":"https:\/\/secure.gravatar.com\/avatar\/f72aa881b5a32ea110a53aabc2049429e3ff68fcb09d283722d01fbf330e9dd9?s=96&d=mm&r=g","url":"https:\/\/secure.gravatar.com\/avatar\/f72aa881b5a32ea110a53aabc2049429e3ff68fcb09d283722d01fbf330e9dd9?s=96&d=mm&r=g","contentUrl":"https:\/\/secure.gravatar.com\/avatar\/f72aa881b5a32ea110a53aabc2049429e3ff68fcb09d283722d01fbf330e9dd9?s=96&d=mm&r=g","caption":"Bogdan P\u0103unescu"},"description":"\u00cemi place tot ceea ce este legat de web \u015fi ajut la dezvoltarea \u015fi \u00eembun\u0103t\u0103\u0163irea lui prin tot ceea ce fac.","sameAs":["https:\/\/www.artonmedia.ro","https:\/\/www.facebook.com\/bogdanvpaunescu"],"url":"https:\/\/urbeamea.ro\/albaiulia\/author\/bogdan-paunescu\/"}]}},"_links":{"self":[{"href":"https:\/\/urbeamea.ro\/albaiulia\/wp-json\/wp\/v2\/posts\/98844","targetHints":{"allow":["GET"]}}],"collection":[{"href":"https:\/\/urbeamea.ro\/albaiulia\/wp-json\/wp\/v2\/posts"}],"about":[{"href":"https:\/\/urbeamea.ro\/albaiulia\/wp-json\/wp\/v2\/types\/post"}],"author":[{"embeddable":true,"href":"https:\/\/urbeamea.ro\/albaiulia\/wp-json\/wp\/v2\/users\/5"}],"replies":[{"embeddable":true,"href":"https:\/\/urbeamea.ro\/albaiulia\/wp-json\/wp\/v2\/comments?post=98844"}],"version-history":[{"count":1,"href":"https:\/\/urbeamea.ro\/albaiulia\/wp-json\/wp\/v2\/posts\/98844\/revisions"}],"predecessor-version":[{"id":98845,"href":"https:\/\/urbeamea.ro\/albaiulia\/wp-json\/wp\/v2\/posts\/98844\/revisions\/98845"}],"wp:featuredmedia":[{"embeddable":true,"href":"https:\/\/urbeamea.ro\/albaiulia\/wp-json\/wp\/v2\/media\/93826"}],"wp:attachment":[{"href":"https:\/\/urbeamea.ro\/albaiulia\/wp-json\/wp\/v2\/media?parent=98844"}],"wp:term":[{"taxonomy":"category","embeddable":true,"href":"https:\/\/urbeamea.ro\/albaiulia\/wp-json\/wp\/v2\/categories?post=98844"},{"taxonomy":"post_tag","embeddable":true,"href":"https:\/\/urbeamea.ro\/albaiulia\/wp-json\/wp\/v2\/tags?post=98844"}],"curies":[{"name":"wp","href":"https:\/\/api.w.org\/{rel}","templated":true}]}}