{"id":98923,"date":"2021-11-12T11:01:39","date_gmt":"2021-11-12T09:01:39","guid":{"rendered":"https:\/\/urbeamea.ro\/albaiulia\/?p=98923"},"modified":"2021-11-12T11:12:25","modified_gmt":"2021-11-12T09:12:25","slug":"asocierea-rer-vest-retim-prezinta-situatia-la-zi-a-salubrizarii-in-zona-2-alba","status":"publish","type":"post","link":"https:\/\/urbeamea.ro\/albaiulia\/asocierea-rer-vest-retim-prezinta-situatia-la-zi-a-salubrizarii-in-zona-2-alba\/","title":{"rendered":"Asocierea RER Vest-RETIM prezint\u0103 situa\u021bia la zi a salubriz\u0103rii \u00een Zona 2 Alba"},"content":{"rendered":"\n<h3 class=\"wp-block-heading\">Asocierea RER Vest \u2013 RETIM, operator de colectare \u0219i transport al de\u0219eurilor municipale \u00een zonele 1 \u0219i 2 ale jude\u021bului Alba, aduce la cuno\u0219tin\u021ba publicului larg primele concluzii dup\u0103 preluarea efectiv\u0103 a colect\u0103rii \u00een Zona 2 a jude\u021bului Alba, precum \u0219i stadiul contract\u0103rii \u0219i al dot\u0103rii cu recipiente a tuturor utilizatorilor.<\/h3>\n\n\n\n<p>\u00cencep\u00e2nd cu 01.11.2021,data intr\u0103rii efective \u00een operare \u00een Zona 2 a jude\u021bului Alba*, Asocierea RER Vest-RETIM a depus toate eforturile necesare pentru ini\u021bierea \u0219i asigurarea unui serviciu de salubrizare func\u021bional. Chiar dac\u0103 au mai existat unele deficien\u021be, inerente la preluarea activit\u0103\u021bii, sistemul de colectare \u0219i transport al de\u0219eurilor municipale este func\u021bional \u00een toate localit\u0103\u021bile ale zonei 2.<\/p>\n\n\n\n<p><strong>F\u0103r\u0103 a avea preten\u021bia c\u0103 lucrurile se desf\u0103\u0219oar\u0103 perfect,&nbsp; Asocierea RER Vest-RETIM prezint\u0103&nbsp; situa\u021biile curente, conform realit\u0103\u021bii din teren:<\/strong><\/p>\n\n\n\n<ul class=\"wp-block-list\"><li>Dotarea cu pubele \u00een localit\u0103\u021bile Sebe\u0219 \u0219i Cugir este la zi. Opera\u021biunea continu\u0103 \u00eentr-un ritm de c\u00e2teva zeci de buc\u0103\u021bi\/zi la gospod\u0103riile care nu aveau \u00eenc\u0103 \u00eencheiat contractul de salubrizare sau membrii acestora nu au fost g\u0103si\u021bi la domiciliu p\u00e2n\u0103 la finalul campaniei de contractare din teren.<\/li><\/ul>\n\n\n\n<ul class=\"wp-block-list\"><li>\u00cen Sebe\u0219 \u0219i Cugir a \u00eenceput distribuirea c\u0103tre clien\u021bii de la case a sacilor galbeni destina\u021bi colect\u0103rii de\u0219eurilor reciclabile de plastic, metal, h\u00e2rtie \u0219i carton. Se distribuie c\u00e2te o rol\u0103 care con\u021bine 25 de saci galbeni, suficien\u021bi pentru un an de zile la o frecven\u021b\u0103 de colectare de o dat\u0103 la dou\u0103 s\u0103pt\u0103m\u00e2ni.<\/li><\/ul>\n\n\n\n<ul class=\"wp-block-list\"><li>\u00cen celelalte localit\u0103\u021bi din Zona 2, prim\u0103riile au primit din partea Asocierii RER Vest-RETIM pubelele pentru de\u0219eurile reziduale, iar din partea Consiliului Jude\u021bean Alba au primit containerele dedicate colect\u0103rii de\u0219eurilor reciclabile.<\/li><\/ul>\n\n\n\n<ul class=\"wp-block-list\"><li>Situa\u021biile punctuale \u00een care nu s-au realizat colect\u0103ri de la anumite str\u0103zi sau adrese se datoreaz\u0103 modific\u0103rilor din traseele de colectare. Toate acestea pot fi sesizate de c\u0103tre cet\u0103\u021beni imediat la Call Center 0374885694 \u0219i \u00een cel mai scurt timp posibil vor fi rezolvate de c\u0103tre echipajele de teren.<\/li><\/ul>\n\n\n\n<p><strong>\u00cen acela\u0219i timp, operatorul de salubrizare solicit\u0103 tuturor cet\u0103\u021benilor s\u0103 respecte regulile colect\u0103rii separate a de\u0219eurilor, acestea fiind o obliga\u021bie legal\u0103, conform OUG 92\/2021. Exist\u0103 c\u00e2teva reguli simple, u\u0219or de aplicat care sunt enumerate mai jos:<\/strong><\/p>\n\n\n\n<ul class=\"wp-block-list\"><li>Ambalajele de STICL\u0102 se golesc de con\u021binut \u0219i depoziteaz\u0103 la CONTAINERELE VERZI<\/li><li>Ambalajele reciclabile din plastic \u0219i metal se cl\u0103tesc, se pliaz\u0103 sau strivesc \u0219i se pun \u00een RECIPIENTELE GALBENE&nbsp; &#8211; containere, pubele sau saci.<\/li><li>De\u0219eurile din h\u00e2rtie \u0219i carton se pliaz\u0103 \u0219i depun doar la CONTAINERELE ALBASTRE<\/li><li>\u00cen RECIPIENTELE NEGRE se depoziteaz\u0103 de\u0219euri reziduale (\u00een amestec cu de\u0219euri biodegradabile)- practic, tot ce nu se poate recicla.<\/li><\/ul>\n\n\n\n<p>\u00cen final, Asocierea RER Vest-RETIM asigur\u0103 to\u021bi utilizatorii serviciului de salubrizare c\u0103 activit\u0103\u021bile asumate vor fi realizate cu cea mai mare seriozitate, \u00een condi\u021biile contractuale asumate, \u0219i \u00ee\u0219i afirm\u0103 deplina deschidere la colaborare cu toate unit\u0103\u021bile administrativ-teritoriale din zonele de operare. Orice problem\u0103 punctual\u0103 \u00een colectare poate s\u0103 fi sesizat\u0103 pe canalele directe \u2013 Call Center 0374885694 sau pe adresa de email <strong>contracte.alba@rervest.ro<\/strong>, unde sunt preluate spre rezolvare \u00een cel mai scurt timp posibil.<\/p>\n\n\n\n<p>Nota * : Zona 2 a jude\u021bului Alba include localit\u0103\u021bile &nbsp;Sebe\u0219, Cugir, Daia,Cut, Spring, Do\u0219tat, G\u00e2rbova, C\u00e2lnic, S\u0103sciori, Pianu, S\u0103li\u0219tea, Blandiana, Vin\u021bu de Jos, Ceru-B\u0103c\u0103in\u021bi, \u0218ibot, \u0218ugag.<\/p>\n\n\n\n<figure class=\"wp-block-gallery columns-3 is-cropped wp-block-gallery-1 is-layout-flex wp-block-gallery-is-layout-flex\"><ul class=\"blocks-gallery-grid\"><li class=\"blocks-gallery-item\"><figure><a href=\"https:\/\/urbeamea.ro\/albaiulia\/wp-content\/uploads\/2021\/11\/Foto-3_Containere.jpeg\"><img loading=\"lazy\" decoding=\"async\" width=\"1024\" height=\"768\" src=\"https:\/\/urbeamea.ro\/albaiulia\/wp-content\/uploads\/2021\/11\/Foto-3_Containere.jpeg\" alt=\"\" data-id=\"98924\" data-full-url=\"https:\/\/urbeamea.ro\/albaiulia\/wp-content\/uploads\/2021\/11\/Foto-3_Containere.jpeg\" data-link=\"https:\/\/urbeamea.ro\/albaiulia\/asocierea-rer-vest-retim-prezinta-situatia-la-zi-a-salubrizarii-in-zona-2-alba\/foto-3_containere\/\" class=\"wp-image-98924\" srcset=\"https:\/\/urbeamea.ro\/albaiulia\/wp-content\/uploads\/2021\/11\/Foto-3_Containere.jpeg 1024w, https:\/\/urbeamea.ro\/albaiulia\/wp-content\/uploads\/2021\/11\/Foto-3_Containere-640x480.jpeg 640w, https:\/\/urbeamea.ro\/albaiulia\/wp-content\/uploads\/2021\/11\/Foto-3_Containere-150x113.jpeg 150w, https:\/\/urbeamea.ro\/albaiulia\/wp-content\/uploads\/2021\/11\/Foto-3_Containere-768x576.jpeg 768w\" sizes=\"auto, (max-width: 1024px) 100vw, 1024px\" \/><\/a><\/figure><\/li><li class=\"blocks-gallery-item\"><figure><a href=\"https:\/\/urbeamea.ro\/albaiulia\/wp-content\/uploads\/2021\/11\/Foto-1_Pubela.jpeg\"><img loading=\"lazy\" decoding=\"async\" width=\"768\" height=\"1024\" src=\"https:\/\/urbeamea.ro\/albaiulia\/wp-content\/uploads\/2021\/11\/Foto-1_Pubela.jpeg\" alt=\"\" data-id=\"98926\" data-full-url=\"https:\/\/urbeamea.ro\/albaiulia\/wp-content\/uploads\/2021\/11\/Foto-1_Pubela.jpeg\" data-link=\"https:\/\/urbeamea.ro\/albaiulia\/asocierea-rer-vest-retim-prezinta-situatia-la-zi-a-salubrizarii-in-zona-2-alba\/foto-1_pubela\/\" class=\"wp-image-98926\" srcset=\"https:\/\/urbeamea.ro\/albaiulia\/wp-content\/uploads\/2021\/11\/Foto-1_Pubela.jpeg 768w, https:\/\/urbeamea.ro\/albaiulia\/wp-content\/uploads\/2021\/11\/Foto-1_Pubela-480x640.jpeg 480w, https:\/\/urbeamea.ro\/albaiulia\/wp-content\/uploads\/2021\/11\/Foto-1_Pubela-113x150.jpeg 113w\" sizes=\"auto, (max-width: 768px) 100vw, 768px\" \/><\/a><\/figure><\/li><li class=\"blocks-gallery-item\"><figure><a href=\"https:\/\/urbeamea.ro\/albaiulia\/wp-content\/uploads\/2021\/11\/Foto-2_Saci.jpeg\"><img loading=\"lazy\" decoding=\"async\" width=\"768\" height=\"1024\" src=\"https:\/\/urbeamea.ro\/albaiulia\/wp-content\/uploads\/2021\/11\/Foto-2_Saci.jpeg\" alt=\"\" data-id=\"98925\" data-full-url=\"https:\/\/urbeamea.ro\/albaiulia\/wp-content\/uploads\/2021\/11\/Foto-2_Saci.jpeg\" data-link=\"https:\/\/urbeamea.ro\/albaiulia\/asocierea-rer-vest-retim-prezinta-situatia-la-zi-a-salubrizarii-in-zona-2-alba\/foto-2_saci\/\" class=\"wp-image-98925\" srcset=\"https:\/\/urbeamea.ro\/albaiulia\/wp-content\/uploads\/2021\/11\/Foto-2_Saci.jpeg 768w, https:\/\/urbeamea.ro\/albaiulia\/wp-content\/uploads\/2021\/11\/Foto-2_Saci-480x640.jpeg 480w, https:\/\/urbeamea.ro\/albaiulia\/wp-content\/uploads\/2021\/11\/Foto-2_Saci-113x150.jpeg 113w\" sizes=\"auto, (max-width: 768px) 100vw, 768px\" \/><\/a><\/figure><\/li><\/ul><\/figure>\n","protected":false},"excerpt":{"rendered":"<p>Asocierea RER Vest \u2013 RETIM, operator de colectare \u0219i transport al de\u0219eurilor municipale \u00een zonele 1 \u0219i 2 ale jude\u021bului Alba, aduce la cuno\u0219tin\u021ba publicului larg primele concluzii dup\u0103 preluarea efectiv\u0103 a colect\u0103rii \u00een Zona 2 a jude\u021bului Alba, precum \u0219i stadiul contract\u0103rii \u0219i al dot\u0103rii cu recipiente a tuturor utilizatorilor. \u00cencep\u00e2nd cu 01.11.2021,data intr\u0103rii &hellip;<\/p>\n","protected":false},"author":5,"featured_media":98928,"comment_status":"open","ping_status":"open","sticky":false,"template":"","format":"standard","meta":{"inline_featured_image":false,"footnotes":""},"categories":[2035],"tags":[],"class_list":["post-98923","post","type-post","status-publish","format-standard","has-post-thumbnail","hentry","category-administratie"],"yoast_head":"<!-- This site is optimized with the Yoast SEO plugin v27.4 - https:\/\/yoast.com\/product\/yoast-seo-wordpress\/ -->\n<title>Asocierea RER Vest-RETIM prezint\u0103 situa\u021bia la zi a salubriz\u0103rii \u00een Zona 2 Alba - Revista Urbea Mea - Revista de Alba<\/title>\n<meta name=\"description\" content=\"Asocierea RER Vest \u2013 RETIM, operator de colectare \u0219i transport al de\u0219eurilor municipale \u00een zonele 1 \u0219i 2 ale jude\u021bului Alba, aduce la cuno\u0219tin\u021ba\" \/>\n<meta name=\"robots\" content=\"index, follow, max-snippet:-1, max-image-preview:large, max-video-preview:-1\" \/>\n<link rel=\"canonical\" href=\"https:\/\/urbeamea.ro\/albaiulia\/asocierea-rer-vest-retim-prezinta-situatia-la-zi-a-salubrizarii-in-zona-2-alba\/\" \/>\n<meta name=\"twitter:card\" content=\"summary_large_image\" \/>\n<meta name=\"twitter:title\" content=\"Asocierea RER Vest-RETIM prezint\u0103 situa\u021bia la zi a salubriz\u0103rii \u00een Zona 2 Alba - Revista Urbea Mea - Revista de Alba\" \/>\n<meta name=\"twitter:description\" content=\"Asocierea RER Vest \u2013 RETIM, operator de colectare \u0219i transport al de\u0219eurilor municipale \u00een zonele 1 \u0219i 2 ale jude\u021bului Alba, aduce la cuno\u0219tin\u021ba\" \/>\n<meta name=\"twitter:image\" content=\"https:\/\/urbeamea.ro\/albaiulia\/wp-content\/uploads\/2021\/11\/retim.jpg\" \/>\n<meta name=\"twitter:creator\" content=\"@urbeameaweb\" \/>\n<meta name=\"twitter:site\" content=\"@urbeameaweb\" \/>\n<script type=\"application\/ld+json\" class=\"yoast-schema-graph\">{\"@context\":\"https:\\\/\\\/schema.org\",\"@graph\":[{\"@type\":\"Article\",\"@id\":\"https:\\\/\\\/urbeamea.ro\\\/albaiulia\\\/asocierea-rer-vest-retim-prezinta-situatia-la-zi-a-salubrizarii-in-zona-2-alba\\\/#article\",\"isPartOf\":{\"@id\":\"https:\\\/\\\/urbeamea.ro\\\/albaiulia\\\/asocierea-rer-vest-retim-prezinta-situatia-la-zi-a-salubrizarii-in-zona-2-alba\\\/\"},\"author\":{\"name\":\"Bogdan P\u0103unescu\",\"@id\":\"https:\\\/\\\/urbeamea.ro\\\/albaiulia\\\/#\\\/schema\\\/person\\\/a115373ce8153754c6b084232d985956\"},\"headline\":\"Asocierea RER Vest-RETIM prezint\u0103 situa\u021bia la zi a salubriz\u0103rii \u00een Zona 2 Alba\",\"datePublished\":\"2021-11-12T09:01:39+00:00\",\"dateModified\":\"2021-11-12T09:12:25+00:00\",\"mainEntityOfPage\":{\"@id\":\"https:\\\/\\\/urbeamea.ro\\\/albaiulia\\\/asocierea-rer-vest-retim-prezinta-situatia-la-zi-a-salubrizarii-in-zona-2-alba\\\/\"},\"wordCount\":605,\"commentCount\":1,\"image\":{\"@id\":\"https:\\\/\\\/urbeamea.ro\\\/albaiulia\\\/asocierea-rer-vest-retim-prezinta-situatia-la-zi-a-salubrizarii-in-zona-2-alba\\\/#primaryimage\"},\"thumbnailUrl\":\"https:\\\/\\\/urbeamea.ro\\\/albaiulia\\\/wp-content\\\/uploads\\\/2021\\\/11\\\/retim.jpg\",\"articleSection\":[\"Administra\u021bie\"],\"inLanguage\":\"ro-RO\",\"potentialAction\":[{\"@type\":\"CommentAction\",\"name\":\"Comment\",\"target\":[\"https:\\\/\\\/urbeamea.ro\\\/albaiulia\\\/asocierea-rer-vest-retim-prezinta-situatia-la-zi-a-salubrizarii-in-zona-2-alba\\\/#respond\"]}]},{\"@type\":\"WebPage\",\"@id\":\"https:\\\/\\\/urbeamea.ro\\\/albaiulia\\\/asocierea-rer-vest-retim-prezinta-situatia-la-zi-a-salubrizarii-in-zona-2-alba\\\/\",\"url\":\"https:\\\/\\\/urbeamea.ro\\\/albaiulia\\\/asocierea-rer-vest-retim-prezinta-situatia-la-zi-a-salubrizarii-in-zona-2-alba\\\/\",\"name\":\"Asocierea RER Vest-RETIM prezint\u0103 situa\u021bia la zi a salubriz\u0103rii \u00een Zona 2 Alba - Revista Urbea Mea - Revista de Alba\",\"isPartOf\":{\"@id\":\"https:\\\/\\\/urbeamea.ro\\\/albaiulia\\\/#website\"},\"primaryImageOfPage\":{\"@id\":\"https:\\\/\\\/urbeamea.ro\\\/albaiulia\\\/asocierea-rer-vest-retim-prezinta-situatia-la-zi-a-salubrizarii-in-zona-2-alba\\\/#primaryimage\"},\"image\":{\"@id\":\"https:\\\/\\\/urbeamea.ro\\\/albaiulia\\\/asocierea-rer-vest-retim-prezinta-situatia-la-zi-a-salubrizarii-in-zona-2-alba\\\/#primaryimage\"},\"thumbnailUrl\":\"https:\\\/\\\/urbeamea.ro\\\/albaiulia\\\/wp-content\\\/uploads\\\/2021\\\/11\\\/retim.jpg\",\"datePublished\":\"2021-11-12T09:01:39+00:00\",\"dateModified\":\"2021-11-12T09:12:25+00:00\",\"author\":{\"@id\":\"https:\\\/\\\/urbeamea.ro\\\/albaiulia\\\/#\\\/schema\\\/person\\\/a115373ce8153754c6b084232d985956\"},\"description\":\"Asocierea RER Vest \u2013 RETIM, operator de colectare \u0219i transport al de\u0219eurilor municipale \u00een zonele 1 \u0219i 2 ale jude\u021bului Alba, aduce la cuno\u0219tin\u021ba\",\"breadcrumb\":{\"@id\":\"https:\\\/\\\/urbeamea.ro\\\/albaiulia\\\/asocierea-rer-vest-retim-prezinta-situatia-la-zi-a-salubrizarii-in-zona-2-alba\\\/#breadcrumb\"},\"inLanguage\":\"ro-RO\",\"potentialAction\":[{\"@type\":\"ReadAction\",\"target\":[\"https:\\\/\\\/urbeamea.ro\\\/albaiulia\\\/asocierea-rer-vest-retim-prezinta-situatia-la-zi-a-salubrizarii-in-zona-2-alba\\\/\"]}]},{\"@type\":\"ImageObject\",\"inLanguage\":\"ro-RO\",\"@id\":\"https:\\\/\\\/urbeamea.ro\\\/albaiulia\\\/asocierea-rer-vest-retim-prezinta-situatia-la-zi-a-salubrizarii-in-zona-2-alba\\\/#primaryimage\",\"url\":\"https:\\\/\\\/urbeamea.ro\\\/albaiulia\\\/wp-content\\\/uploads\\\/2021\\\/11\\\/retim.jpg\",\"contentUrl\":\"https:\\\/\\\/urbeamea.ro\\\/albaiulia\\\/wp-content\\\/uploads\\\/2021\\\/11\\\/retim.jpg\",\"width\":1600,\"height\":1067},{\"@type\":\"BreadcrumbList\",\"@id\":\"https:\\\/\\\/urbeamea.ro\\\/albaiulia\\\/asocierea-rer-vest-retim-prezinta-situatia-la-zi-a-salubrizarii-in-zona-2-alba\\\/#breadcrumb\",\"itemListElement\":[{\"@type\":\"ListItem\",\"position\":1,\"name\":\"Prima pagin\u0103\",\"item\":\"https:\\\/\\\/urbeamea.ro\\\/albaiulia\\\/\"},{\"@type\":\"ListItem\",\"position\":2,\"name\":\"Asocierea RER Vest-RETIM prezint\u0103 situa\u021bia la zi a salubriz\u0103rii \u00een Zona 2 Alba\"}]},{\"@type\":\"WebSite\",\"@id\":\"https:\\\/\\\/urbeamea.ro\\\/albaiulia\\\/#website\",\"url\":\"https:\\\/\\\/urbeamea.ro\\\/albaiulia\\\/\",\"name\":\"Revista Urbea Mea, Stiri urbane\",\"description\":\"Evenimente \u0219i \u0219tiri din Alba Iulia, Sebe\u0219, Aiud, Blaj\",\"potentialAction\":[{\"@type\":\"SearchAction\",\"target\":{\"@type\":\"EntryPoint\",\"urlTemplate\":\"https:\\\/\\\/urbeamea.ro\\\/albaiulia\\\/?s={search_term_string}\"},\"query-input\":{\"@type\":\"PropertyValueSpecification\",\"valueRequired\":true,\"valueName\":\"search_term_string\"}}],\"inLanguage\":\"ro-RO\"},{\"@type\":\"Person\",\"@id\":\"https:\\\/\\\/urbeamea.ro\\\/albaiulia\\\/#\\\/schema\\\/person\\\/a115373ce8153754c6b084232d985956\",\"name\":\"Bogdan P\u0103unescu\",\"image\":{\"@type\":\"ImageObject\",\"inLanguage\":\"ro-RO\",\"@id\":\"https:\\\/\\\/secure.gravatar.com\\\/avatar\\\/f72aa881b5a32ea110a53aabc2049429e3ff68fcb09d283722d01fbf330e9dd9?s=96&d=mm&r=g\",\"url\":\"https:\\\/\\\/secure.gravatar.com\\\/avatar\\\/f72aa881b5a32ea110a53aabc2049429e3ff68fcb09d283722d01fbf330e9dd9?s=96&d=mm&r=g\",\"contentUrl\":\"https:\\\/\\\/secure.gravatar.com\\\/avatar\\\/f72aa881b5a32ea110a53aabc2049429e3ff68fcb09d283722d01fbf330e9dd9?s=96&d=mm&r=g\",\"caption\":\"Bogdan P\u0103unescu\"},\"description\":\"\u00cemi place tot ceea ce este legat de web \u015fi ajut la dezvoltarea \u015fi \u00eembun\u0103t\u0103\u0163irea lui prin tot ceea ce fac.\",\"sameAs\":[\"https:\\\/\\\/www.artonmedia.ro\",\"https:\\\/\\\/www.facebook.com\\\/bogdanvpaunescu\"],\"url\":\"https:\\\/\\\/urbeamea.ro\\\/albaiulia\\\/author\\\/bogdan-paunescu\\\/\"}]}<\/script>\n<!-- \/ Yoast SEO plugin. -->","yoast_head_json":{"title":"Asocierea RER Vest-RETIM prezint\u0103 situa\u021bia la zi a salubriz\u0103rii \u00een Zona 2 Alba - Revista Urbea Mea - Revista de Alba","description":"Asocierea RER Vest \u2013 RETIM, operator de colectare \u0219i transport al de\u0219eurilor municipale \u00een zonele 1 \u0219i 2 ale jude\u021bului Alba, aduce la cuno\u0219tin\u021ba","robots":{"index":"index","follow":"follow","max-snippet":"max-snippet:-1","max-image-preview":"max-image-preview:large","max-video-preview":"max-video-preview:-1"},"canonical":"https:\/\/urbeamea.ro\/albaiulia\/asocierea-rer-vest-retim-prezinta-situatia-la-zi-a-salubrizarii-in-zona-2-alba\/","twitter_card":"summary_large_image","twitter_title":"Asocierea RER Vest-RETIM prezint\u0103 situa\u021bia la zi a salubriz\u0103rii \u00een Zona 2 Alba - Revista Urbea Mea - Revista de Alba","twitter_description":"Asocierea RER Vest \u2013 RETIM, operator de colectare \u0219i transport al de\u0219eurilor municipale \u00een zonele 1 \u0219i 2 ale jude\u021bului Alba, aduce la cuno\u0219tin\u021ba","twitter_image":"https:\/\/urbeamea.ro\/albaiulia\/wp-content\/uploads\/2021\/11\/retim.jpg","twitter_creator":"@urbeameaweb","twitter_site":"@urbeameaweb","schema":{"@context":"https:\/\/schema.org","@graph":[{"@type":"Article","@id":"https:\/\/urbeamea.ro\/albaiulia\/asocierea-rer-vest-retim-prezinta-situatia-la-zi-a-salubrizarii-in-zona-2-alba\/#article","isPartOf":{"@id":"https:\/\/urbeamea.ro\/albaiulia\/asocierea-rer-vest-retim-prezinta-situatia-la-zi-a-salubrizarii-in-zona-2-alba\/"},"author":{"name":"Bogdan P\u0103unescu","@id":"https:\/\/urbeamea.ro\/albaiulia\/#\/schema\/person\/a115373ce8153754c6b084232d985956"},"headline":"Asocierea RER Vest-RETIM prezint\u0103 situa\u021bia la zi a salubriz\u0103rii \u00een Zona 2 Alba","datePublished":"2021-11-12T09:01:39+00:00","dateModified":"2021-11-12T09:12:25+00:00","mainEntityOfPage":{"@id":"https:\/\/urbeamea.ro\/albaiulia\/asocierea-rer-vest-retim-prezinta-situatia-la-zi-a-salubrizarii-in-zona-2-alba\/"},"wordCount":605,"commentCount":1,"image":{"@id":"https:\/\/urbeamea.ro\/albaiulia\/asocierea-rer-vest-retim-prezinta-situatia-la-zi-a-salubrizarii-in-zona-2-alba\/#primaryimage"},"thumbnailUrl":"https:\/\/urbeamea.ro\/albaiulia\/wp-content\/uploads\/2021\/11\/retim.jpg","articleSection":["Administra\u021bie"],"inLanguage":"ro-RO","potentialAction":[{"@type":"CommentAction","name":"Comment","target":["https:\/\/urbeamea.ro\/albaiulia\/asocierea-rer-vest-retim-prezinta-situatia-la-zi-a-salubrizarii-in-zona-2-alba\/#respond"]}]},{"@type":"WebPage","@id":"https:\/\/urbeamea.ro\/albaiulia\/asocierea-rer-vest-retim-prezinta-situatia-la-zi-a-salubrizarii-in-zona-2-alba\/","url":"https:\/\/urbeamea.ro\/albaiulia\/asocierea-rer-vest-retim-prezinta-situatia-la-zi-a-salubrizarii-in-zona-2-alba\/","name":"Asocierea RER Vest-RETIM prezint\u0103 situa\u021bia la zi a salubriz\u0103rii \u00een Zona 2 Alba - Revista Urbea Mea - Revista de Alba","isPartOf":{"@id":"https:\/\/urbeamea.ro\/albaiulia\/#website"},"primaryImageOfPage":{"@id":"https:\/\/urbeamea.ro\/albaiulia\/asocierea-rer-vest-retim-prezinta-situatia-la-zi-a-salubrizarii-in-zona-2-alba\/#primaryimage"},"image":{"@id":"https:\/\/urbeamea.ro\/albaiulia\/asocierea-rer-vest-retim-prezinta-situatia-la-zi-a-salubrizarii-in-zona-2-alba\/#primaryimage"},"thumbnailUrl":"https:\/\/urbeamea.ro\/albaiulia\/wp-content\/uploads\/2021\/11\/retim.jpg","datePublished":"2021-11-12T09:01:39+00:00","dateModified":"2021-11-12T09:12:25+00:00","author":{"@id":"https:\/\/urbeamea.ro\/albaiulia\/#\/schema\/person\/a115373ce8153754c6b084232d985956"},"description":"Asocierea RER Vest \u2013 RETIM, operator de colectare \u0219i transport al de\u0219eurilor municipale \u00een zonele 1 \u0219i 2 ale jude\u021bului Alba, aduce la cuno\u0219tin\u021ba","breadcrumb":{"@id":"https:\/\/urbeamea.ro\/albaiulia\/asocierea-rer-vest-retim-prezinta-situatia-la-zi-a-salubrizarii-in-zona-2-alba\/#breadcrumb"},"inLanguage":"ro-RO","potentialAction":[{"@type":"ReadAction","target":["https:\/\/urbeamea.ro\/albaiulia\/asocierea-rer-vest-retim-prezinta-situatia-la-zi-a-salubrizarii-in-zona-2-alba\/"]}]},{"@type":"ImageObject","inLanguage":"ro-RO","@id":"https:\/\/urbeamea.ro\/albaiulia\/asocierea-rer-vest-retim-prezinta-situatia-la-zi-a-salubrizarii-in-zona-2-alba\/#primaryimage","url":"https:\/\/urbeamea.ro\/albaiulia\/wp-content\/uploads\/2021\/11\/retim.jpg","contentUrl":"https:\/\/urbeamea.ro\/albaiulia\/wp-content\/uploads\/2021\/11\/retim.jpg","width":1600,"height":1067},{"@type":"BreadcrumbList","@id":"https:\/\/urbeamea.ro\/albaiulia\/asocierea-rer-vest-retim-prezinta-situatia-la-zi-a-salubrizarii-in-zona-2-alba\/#breadcrumb","itemListElement":[{"@type":"ListItem","position":1,"name":"Prima pagin\u0103","item":"https:\/\/urbeamea.ro\/albaiulia\/"},{"@type":"ListItem","position":2,"name":"Asocierea RER Vest-RETIM prezint\u0103 situa\u021bia la zi a salubriz\u0103rii \u00een Zona 2 Alba"}]},{"@type":"WebSite","@id":"https:\/\/urbeamea.ro\/albaiulia\/#website","url":"https:\/\/urbeamea.ro\/albaiulia\/","name":"Revista Urbea Mea, Stiri urbane","description":"Evenimente \u0219i \u0219tiri din Alba Iulia, Sebe\u0219, Aiud, Blaj","potentialAction":[{"@type":"SearchAction","target":{"@type":"EntryPoint","urlTemplate":"https:\/\/urbeamea.ro\/albaiulia\/?s={search_term_string}"},"query-input":{"@type":"PropertyValueSpecification","valueRequired":true,"valueName":"search_term_string"}}],"inLanguage":"ro-RO"},{"@type":"Person","@id":"https:\/\/urbeamea.ro\/albaiulia\/#\/schema\/person\/a115373ce8153754c6b084232d985956","name":"Bogdan P\u0103unescu","image":{"@type":"ImageObject","inLanguage":"ro-RO","@id":"https:\/\/secure.gravatar.com\/avatar\/f72aa881b5a32ea110a53aabc2049429e3ff68fcb09d283722d01fbf330e9dd9?s=96&d=mm&r=g","url":"https:\/\/secure.gravatar.com\/avatar\/f72aa881b5a32ea110a53aabc2049429e3ff68fcb09d283722d01fbf330e9dd9?s=96&d=mm&r=g","contentUrl":"https:\/\/secure.gravatar.com\/avatar\/f72aa881b5a32ea110a53aabc2049429e3ff68fcb09d283722d01fbf330e9dd9?s=96&d=mm&r=g","caption":"Bogdan P\u0103unescu"},"description":"\u00cemi place tot ceea ce este legat de web \u015fi ajut la dezvoltarea \u015fi \u00eembun\u0103t\u0103\u0163irea lui prin tot ceea ce fac.","sameAs":["https:\/\/www.artonmedia.ro","https:\/\/www.facebook.com\/bogdanvpaunescu"],"url":"https:\/\/urbeamea.ro\/albaiulia\/author\/bogdan-paunescu\/"}]}},"_links":{"self":[{"href":"https:\/\/urbeamea.ro\/albaiulia\/wp-json\/wp\/v2\/posts\/98923","targetHints":{"allow":["GET"]}}],"collection":[{"href":"https:\/\/urbeamea.ro\/albaiulia\/wp-json\/wp\/v2\/posts"}],"about":[{"href":"https:\/\/urbeamea.ro\/albaiulia\/wp-json\/wp\/v2\/types\/post"}],"author":[{"embeddable":true,"href":"https:\/\/urbeamea.ro\/albaiulia\/wp-json\/wp\/v2\/users\/5"}],"replies":[{"embeddable":true,"href":"https:\/\/urbeamea.ro\/albaiulia\/wp-json\/wp\/v2\/comments?post=98923"}],"version-history":[{"count":2,"href":"https:\/\/urbeamea.ro\/albaiulia\/wp-json\/wp\/v2\/posts\/98923\/revisions"}],"predecessor-version":[{"id":98929,"href":"https:\/\/urbeamea.ro\/albaiulia\/wp-json\/wp\/v2\/posts\/98923\/revisions\/98929"}],"wp:featuredmedia":[{"embeddable":true,"href":"https:\/\/urbeamea.ro\/albaiulia\/wp-json\/wp\/v2\/media\/98928"}],"wp:attachment":[{"href":"https:\/\/urbeamea.ro\/albaiulia\/wp-json\/wp\/v2\/media?parent=98923"}],"wp:term":[{"taxonomy":"category","embeddable":true,"href":"https:\/\/urbeamea.ro\/albaiulia\/wp-json\/wp\/v2\/categories?post=98923"},{"taxonomy":"post_tag","embeddable":true,"href":"https:\/\/urbeamea.ro\/albaiulia\/wp-json\/wp\/v2\/tags?post=98923"}],"curies":[{"name":"wp","href":"https:\/\/api.w.org\/{rel}","templated":true}]}}