{"id":98934,"date":"2021-11-12T19:42:46","date_gmt":"2021-11-12T17:42:46","guid":{"rendered":"https:\/\/urbeamea.ro\/albaiulia\/?p=98934"},"modified":"2021-11-12T22:15:41","modified_gmt":"2021-11-12T20:15:41","slug":"otilia-o-tanara-de-doar-31-de-ani-are-nevoie-urgenta-de-sange-grupa-a-negativ-si-trombocite","status":"publish","type":"post","link":"https:\/\/urbeamea.ro\/albaiulia\/otilia-o-tanara-de-doar-31-de-ani-are-nevoie-urgenta-de-sange-grupa-a-negativ-si-trombocite\/","title":{"rendered":"Otilia, o t\u00e2n\u0103r\u0103 de doar 31 de ani are nevoie urgent\u0103 de s\u00e2nge, grupa A negativ \u0219i trombocite"},"content":{"rendered":"\n<h3 class=\"wp-block-heading\">Apel de urgen\u021b\u0103 pentru grupa de s\u00e2nge A negativ \u0219i trombocite la Centrul de Transfuzie Sanguin\u0103 din Alba Iulia!<\/h3>\n\n\n\n<p class=\"wp-block-paragraph\">De c\u00e2teva zile <strong>Centrul de Transfuzie Sanguin\u0103 Alba<\/strong> face un apel de ajutor pe paginilor de socializare pentru <strong>Otilia Resiga<\/strong>, o t\u00e2n\u0103r\u0103 de doar 31 de ani care a trecut printr-o opera\u021bie foarte grea \u0219i este internat\u0103 la <strong>Spitalul Jude\u021bean de Urgen\u021b\u0103 Alba<\/strong>. Din c\u00e2te am aflat t\u00e2n\u0103ra a fost \u00eens\u0103rcinat\u0103 \u0219i au ap\u0103rut complica\u021bii.<\/p>\n\n\n\n<p class=\"wp-block-paragraph\">\u00cen urm\u0103 cu c\u00e2teva zile a mai fost f\u0103cut un apel la care foarte mul\u021bi donatori au r\u0103spuns, dar din p\u0103cate criza nu a trecut, iar cei apropia\u021bi Otiliei apeleaz\u0103 la orice modalitate pentru a convinge lumea s\u0103 ajute \u00een continuare. Prieteni apropia\u021bi Otiliei au r\u0103spuns \u0219i unii dintre ei chiar ofer\u0103 beneficii.<\/p>\n\n\n\n<p class=\"wp-block-paragraph\">Redac\u021bia noastr\u0103 a fost contactat\u0103 de domnul <strong>Alin Borza<\/strong>, manager <strong>Padre&#8217;s Barber Shop<\/strong> din Alba Iulia \u0219i ne-a rugat s\u0103 transmitem c\u0103 oricine poate ajuta pe <strong>Otilia<\/strong>, este a\u0219teptat cu drag la el \u00een salon \u0219i va beneficia de un tuns <strong>GRATUIT<\/strong>, toat\u0103 s\u0103pt\u0103m\u00e2na viitoare. Info la telefon <a rel=\"noreferrer noopener\" href=\"tel:+40-358-409-928\" target=\"_blank\">0358-409-928<\/a>.<\/p>\n\n\n\n<h3 class=\"wp-block-heading\">Aten\u021bie: Nu este obligatoriu s\u0103 ave\u021bi certificat verde pentru a dona, conform centrului!<\/h3>\n\n\n\n<p class=\"wp-block-paragraph\">Persoanele care doresc s\u0103 o ajute pe <strong>Otilia<\/strong>, pot s\u0103 mearg\u0103 de luni p\u00e2n\u0103 vineri la <strong>Centrul de<\/strong> <strong>Transfuzie Sanguin\u0103 Alba<\/strong>,   \u00eentre orele 07:30 &#8211; 12:00. Mai multe info la telefon, <strong>0258-834-050<\/strong> sau pe pagina <a rel=\"noreferrer noopener\" href=\"https:\/\/www.facebook.com\/Centrul-de-Transfuzie-Sanguina-Alba-167777410521812\" target=\"_blank\">https:\/\/www.facebook.com\/Centrul-de-Transfuzie-Sanguina-Alba-167777410521812<\/a>.<\/p>\n\n\n\n<figure class=\"wp-block-image size-large\"><img loading=\"lazy\" decoding=\"async\" width=\"1280\" height=\"842\" src=\"https:\/\/urbeamea.ro\/albaiulia\/wp-content\/uploads\/2021\/11\/centrul-de-transfuzie-1280x842.png\" alt=\"\" class=\"wp-image-98940\" srcset=\"https:\/\/urbeamea.ro\/albaiulia\/wp-content\/uploads\/2021\/11\/centrul-de-transfuzie-1280x842.png 1280w, https:\/\/urbeamea.ro\/albaiulia\/wp-content\/uploads\/2021\/11\/centrul-de-transfuzie-640x421.png 640w, https:\/\/urbeamea.ro\/albaiulia\/wp-content\/uploads\/2021\/11\/centrul-de-transfuzie-150x99.png 150w, https:\/\/urbeamea.ro\/albaiulia\/wp-content\/uploads\/2021\/11\/centrul-de-transfuzie-768x505.png 768w, https:\/\/urbeamea.ro\/albaiulia\/wp-content\/uploads\/2021\/11\/centrul-de-transfuzie.png 1369w\" sizes=\"auto, (max-width: 1280px) 100vw, 1280px\" \/><\/figure>\n\n\n\n<h3 class=\"wp-block-heading\">Pentru a deveni donator de sange trebuie sa indepliniti urm\u0103toarele condi\u0163ii:<\/h3>\n\n\n\n<p class=\"wp-block-paragraph\">-v\u00e2rsta cuprins\u0103 \u00een intervalul 18-60 ani;<br>-greutate peste 50Kg;<br>-puls regulat, 60 -100 b\u0103t\u0103i\/minut;<br>-tensiune arterial\u0103 sistolic\u0103 \u00eentre 100 \u015fi 180 mmHg;<br>-s\u0103 nu fii suferit \u00een ultimele 6 luni interven\u0163ii chirurgicale;<br>-femeile s\u0103 nu fie: \u00eens\u0103rcinate, \u00een perioada de l\u0103uzie, \u00een perioada menstrual\u0103;<br>-s\u0103 nu fi consumat gr\u0103simi sau b\u0103uturi alcoolice cu cel pu\u0163in 48 de ore \u00eenaintea don\u0103rii;<br>-s\u0103 nu fii sub tratament pentru diferite afec\u021biuni: hipertensiune, boli de inim\u0103, boli renale, boli psihice, boli hepatice, boli endocrine;<\/p>\n","protected":false},"excerpt":{"rendered":"<p>Apel de urgen\u021b\u0103 pentru grupa de s\u00e2nge A negativ \u0219i trombocite la Centrul de Transfuzie Sanguin\u0103 din Alba Iulia! De c\u00e2teva zile Centrul de Transfuzie Sanguin\u0103 Alba face un apel de ajutor pe paginilor de socializare pentru Otilia Resiga, o t\u00e2n\u0103r\u0103 de doar 31 de ani care a trecut printr-o opera\u021bie foarte grea \u0219i este &hellip;<\/p>\n","protected":false},"author":5,"featured_media":98937,"comment_status":"open","ping_status":"open","sticky":false,"template":"","format":"standard","meta":{"inline_featured_image":false,"footnotes":""},"categories":[1],"tags":[23831],"class_list":["post-98934","post","type-post","status-publish","format-standard","has-post-thumbnail","hentry","category-stiri-urbane","tag-otilia-resiga"],"yoast_head":"<!-- This site is optimized with the Yoast SEO plugin v28.3 - https:\/\/yoast.com\/product\/yoast-seo-wordpress\/ -->\n<title>Otilia, o t\u00e2n\u0103r\u0103 de doar 31 de ani are nevoie urgent\u0103 de s\u00e2nge, grupa A negativ \u0219i trombocite - Revista Urbea Mea - Revista de Alba<\/title>\n<meta name=\"description\" content=\"Apel de urgen\u021b\u0103 pentru grupa de s\u00e2nge A negativ \u0219i trombocite la Centrul de Transfuzie Sanguin\u0103 din Alba Iulia! De c\u00e2teva zile Centrul de Transfuzie\" \/>\n<meta name=\"robots\" content=\"index, follow, max-snippet:-1, max-image-preview:large, max-video-preview:-1\" \/>\n<link rel=\"canonical\" href=\"https:\/\/urbeamea.ro\/albaiulia\/otilia-o-tanara-de-doar-31-de-ani-are-nevoie-urgenta-de-sange-grupa-a-negativ-si-trombocite\/\" \/>\n<meta name=\"twitter:card\" content=\"summary_large_image\" \/>\n<meta name=\"twitter:title\" content=\"Otilia, o t\u00e2n\u0103r\u0103 de doar 31 de ani are nevoie urgent\u0103 de s\u00e2nge, grupa A negativ \u0219i trombocite - Revista Urbea Mea - Revista de Alba\" \/>\n<meta name=\"twitter:description\" content=\"Apel de urgen\u021b\u0103 pentru grupa de s\u00e2nge A negativ \u0219i trombocite la Centrul de Transfuzie Sanguin\u0103 din Alba Iulia! De c\u00e2teva zile Centrul de Transfuzie\" \/>\n<meta name=\"twitter:image\" content=\"https:\/\/urbeamea.ro\/albaiulia\/wp-content\/uploads\/2021\/11\/otilia.jpg\" \/>\n<meta name=\"twitter:creator\" content=\"@urbeameaweb\" \/>\n<meta name=\"twitter:site\" content=\"@urbeameaweb\" \/>\n<script type=\"application\/ld+json\" class=\"yoast-schema-graph\">{\"@context\":\"https:\\\/\\\/schema.org\",\"@graph\":[{\"@type\":\"Article\",\"@id\":\"https:\\\/\\\/urbeamea.ro\\\/albaiulia\\\/otilia-o-tanara-de-doar-31-de-ani-are-nevoie-urgenta-de-sange-grupa-a-negativ-si-trombocite\\\/#article\",\"isPartOf\":{\"@id\":\"https:\\\/\\\/urbeamea.ro\\\/albaiulia\\\/otilia-o-tanara-de-doar-31-de-ani-are-nevoie-urgenta-de-sange-grupa-a-negativ-si-trombocite\\\/\"},\"author\":{\"name\":\"Bogdan P\u0103unescu\",\"@id\":\"https:\\\/\\\/urbeamea.ro\\\/albaiulia\\\/#\\\/schema\\\/person\\\/a115373ce8153754c6b084232d985956\"},\"headline\":\"Otilia, o t\u00e2n\u0103r\u0103 de doar 31 de ani are nevoie urgent\u0103 de s\u00e2nge, grupa A negativ \u0219i trombocite\",\"datePublished\":\"2021-11-12T17:42:46+00:00\",\"dateModified\":\"2021-11-12T20:15:41+00:00\",\"mainEntityOfPage\":{\"@id\":\"https:\\\/\\\/urbeamea.ro\\\/albaiulia\\\/otilia-o-tanara-de-doar-31-de-ani-are-nevoie-urgenta-de-sange-grupa-a-negativ-si-trombocite\\\/\"},\"wordCount\":377,\"commentCount\":0,\"image\":{\"@id\":\"https:\\\/\\\/urbeamea.ro\\\/albaiulia\\\/otilia-o-tanara-de-doar-31-de-ani-are-nevoie-urgenta-de-sange-grupa-a-negativ-si-trombocite\\\/#primaryimage\"},\"thumbnailUrl\":\"https:\\\/\\\/urbeamea.ro\\\/albaiulia\\\/wp-content\\\/uploads\\\/2021\\\/11\\\/otilia.jpg\",\"keywords\":[\"Otilia Resiga\"],\"articleSection\":[\"\u015etiri Urbane\"],\"inLanguage\":\"ro-RO\",\"potentialAction\":[{\"@type\":\"CommentAction\",\"name\":\"Comment\",\"target\":[\"https:\\\/\\\/urbeamea.ro\\\/albaiulia\\\/otilia-o-tanara-de-doar-31-de-ani-are-nevoie-urgenta-de-sange-grupa-a-negativ-si-trombocite\\\/#respond\"]}]},{\"@type\":\"WebPage\",\"@id\":\"https:\\\/\\\/urbeamea.ro\\\/albaiulia\\\/otilia-o-tanara-de-doar-31-de-ani-are-nevoie-urgenta-de-sange-grupa-a-negativ-si-trombocite\\\/\",\"url\":\"https:\\\/\\\/urbeamea.ro\\\/albaiulia\\\/otilia-o-tanara-de-doar-31-de-ani-are-nevoie-urgenta-de-sange-grupa-a-negativ-si-trombocite\\\/\",\"name\":\"Otilia, o t\u00e2n\u0103r\u0103 de doar 31 de ani are nevoie urgent\u0103 de s\u00e2nge, grupa A negativ \u0219i trombocite - Revista Urbea Mea - Revista de Alba\",\"isPartOf\":{\"@id\":\"https:\\\/\\\/urbeamea.ro\\\/albaiulia\\\/#website\"},\"primaryImageOfPage\":{\"@id\":\"https:\\\/\\\/urbeamea.ro\\\/albaiulia\\\/otilia-o-tanara-de-doar-31-de-ani-are-nevoie-urgenta-de-sange-grupa-a-negativ-si-trombocite\\\/#primaryimage\"},\"image\":{\"@id\":\"https:\\\/\\\/urbeamea.ro\\\/albaiulia\\\/otilia-o-tanara-de-doar-31-de-ani-are-nevoie-urgenta-de-sange-grupa-a-negativ-si-trombocite\\\/#primaryimage\"},\"thumbnailUrl\":\"https:\\\/\\\/urbeamea.ro\\\/albaiulia\\\/wp-content\\\/uploads\\\/2021\\\/11\\\/otilia.jpg\",\"datePublished\":\"2021-11-12T17:42:46+00:00\",\"dateModified\":\"2021-11-12T20:15:41+00:00\",\"author\":{\"@id\":\"https:\\\/\\\/urbeamea.ro\\\/albaiulia\\\/#\\\/schema\\\/person\\\/a115373ce8153754c6b084232d985956\"},\"description\":\"Apel de urgen\u021b\u0103 pentru grupa de s\u00e2nge A negativ \u0219i trombocite la Centrul de Transfuzie Sanguin\u0103 din Alba Iulia! De c\u00e2teva zile Centrul de Transfuzie\",\"breadcrumb\":{\"@id\":\"https:\\\/\\\/urbeamea.ro\\\/albaiulia\\\/otilia-o-tanara-de-doar-31-de-ani-are-nevoie-urgenta-de-sange-grupa-a-negativ-si-trombocite\\\/#breadcrumb\"},\"inLanguage\":\"ro-RO\",\"potentialAction\":[{\"@type\":\"ReadAction\",\"target\":[\"https:\\\/\\\/urbeamea.ro\\\/albaiulia\\\/otilia-o-tanara-de-doar-31-de-ani-are-nevoie-urgenta-de-sange-grupa-a-negativ-si-trombocite\\\/\"]}]},{\"@type\":\"ImageObject\",\"inLanguage\":\"ro-RO\",\"@id\":\"https:\\\/\\\/urbeamea.ro\\\/albaiulia\\\/otilia-o-tanara-de-doar-31-de-ani-are-nevoie-urgenta-de-sange-grupa-a-negativ-si-trombocite\\\/#primaryimage\",\"url\":\"https:\\\/\\\/urbeamea.ro\\\/albaiulia\\\/wp-content\\\/uploads\\\/2021\\\/11\\\/otilia.jpg\",\"contentUrl\":\"https:\\\/\\\/urbeamea.ro\\\/albaiulia\\\/wp-content\\\/uploads\\\/2021\\\/11\\\/otilia.jpg\",\"width\":1826,\"height\":1826},{\"@type\":\"BreadcrumbList\",\"@id\":\"https:\\\/\\\/urbeamea.ro\\\/albaiulia\\\/otilia-o-tanara-de-doar-31-de-ani-are-nevoie-urgenta-de-sange-grupa-a-negativ-si-trombocite\\\/#breadcrumb\",\"itemListElement\":[{\"@type\":\"ListItem\",\"position\":1,\"name\":\"Prima pagin\u0103\",\"item\":\"https:\\\/\\\/urbeamea.ro\\\/albaiulia\\\/\"},{\"@type\":\"ListItem\",\"position\":2,\"name\":\"Otilia, o t\u00e2n\u0103r\u0103 de doar 31 de ani are nevoie urgent\u0103 de s\u00e2nge, grupa A negativ \u0219i trombocite\"}]},{\"@type\":\"WebSite\",\"@id\":\"https:\\\/\\\/urbeamea.ro\\\/albaiulia\\\/#website\",\"url\":\"https:\\\/\\\/urbeamea.ro\\\/albaiulia\\\/\",\"name\":\"Revista Urbea Mea, Stiri urbane\",\"description\":\"Evenimente \u0219i \u0219tiri din Alba Iulia, Sebe\u0219, Aiud, Blaj\",\"potentialAction\":[{\"@type\":\"SearchAction\",\"target\":{\"@type\":\"EntryPoint\",\"urlTemplate\":\"https:\\\/\\\/urbeamea.ro\\\/albaiulia\\\/?s={search_term_string}\"},\"query-input\":{\"@type\":\"PropertyValueSpecification\",\"valueRequired\":true,\"valueName\":\"search_term_string\"}}],\"inLanguage\":\"ro-RO\"},{\"@type\":\"Person\",\"@id\":\"https:\\\/\\\/urbeamea.ro\\\/albaiulia\\\/#\\\/schema\\\/person\\\/a115373ce8153754c6b084232d985956\",\"name\":\"Bogdan P\u0103unescu\",\"image\":{\"@type\":\"ImageObject\",\"inLanguage\":\"ro-RO\",\"@id\":\"https:\\\/\\\/secure.gravatar.com\\\/avatar\\\/f72aa881b5a32ea110a53aabc2049429e3ff68fcb09d283722d01fbf330e9dd9?s=96&d=mm&r=g\",\"url\":\"https:\\\/\\\/secure.gravatar.com\\\/avatar\\\/f72aa881b5a32ea110a53aabc2049429e3ff68fcb09d283722d01fbf330e9dd9?s=96&d=mm&r=g\",\"contentUrl\":\"https:\\\/\\\/secure.gravatar.com\\\/avatar\\\/f72aa881b5a32ea110a53aabc2049429e3ff68fcb09d283722d01fbf330e9dd9?s=96&d=mm&r=g\",\"caption\":\"Bogdan P\u0103unescu\"},\"description\":\"\u00cemi place tot ceea ce este legat de web \u015fi ajut la dezvoltarea \u015fi \u00eembun\u0103t\u0103\u0163irea lui prin tot ceea ce fac.\",\"sameAs\":[\"https:\\\/\\\/www.artonmedia.ro\",\"https:\\\/\\\/www.facebook.com\\\/bogdanvpaunescu\"],\"url\":\"https:\\\/\\\/urbeamea.ro\\\/albaiulia\\\/author\\\/bogdan-paunescu\\\/\"}]}<\/script>\n<!-- \/ Yoast SEO plugin. -->","yoast_head_json":{"title":"Otilia, o t\u00e2n\u0103r\u0103 de doar 31 de ani are nevoie urgent\u0103 de s\u00e2nge, grupa A negativ \u0219i trombocite - Revista Urbea Mea - Revista de Alba","description":"Apel de urgen\u021b\u0103 pentru grupa de s\u00e2nge A negativ \u0219i trombocite la Centrul de Transfuzie Sanguin\u0103 din Alba Iulia! De c\u00e2teva zile Centrul de Transfuzie","robots":{"index":"index","follow":"follow","max-snippet":"max-snippet:-1","max-image-preview":"max-image-preview:large","max-video-preview":"max-video-preview:-1"},"canonical":"https:\/\/urbeamea.ro\/albaiulia\/otilia-o-tanara-de-doar-31-de-ani-are-nevoie-urgenta-de-sange-grupa-a-negativ-si-trombocite\/","twitter_card":"summary_large_image","twitter_title":"Otilia, o t\u00e2n\u0103r\u0103 de doar 31 de ani are nevoie urgent\u0103 de s\u00e2nge, grupa A negativ \u0219i trombocite - Revista Urbea Mea - Revista de Alba","twitter_description":"Apel de urgen\u021b\u0103 pentru grupa de s\u00e2nge A negativ \u0219i trombocite la Centrul de Transfuzie Sanguin\u0103 din Alba Iulia! De c\u00e2teva zile Centrul de Transfuzie","twitter_image":"https:\/\/urbeamea.ro\/albaiulia\/wp-content\/uploads\/2021\/11\/otilia.jpg","twitter_creator":"@urbeameaweb","twitter_site":"@urbeameaweb","schema":{"@context":"https:\/\/schema.org","@graph":[{"@type":"Article","@id":"https:\/\/urbeamea.ro\/albaiulia\/otilia-o-tanara-de-doar-31-de-ani-are-nevoie-urgenta-de-sange-grupa-a-negativ-si-trombocite\/#article","isPartOf":{"@id":"https:\/\/urbeamea.ro\/albaiulia\/otilia-o-tanara-de-doar-31-de-ani-are-nevoie-urgenta-de-sange-grupa-a-negativ-si-trombocite\/"},"author":{"name":"Bogdan P\u0103unescu","@id":"https:\/\/urbeamea.ro\/albaiulia\/#\/schema\/person\/a115373ce8153754c6b084232d985956"},"headline":"Otilia, o t\u00e2n\u0103r\u0103 de doar 31 de ani are nevoie urgent\u0103 de s\u00e2nge, grupa A negativ \u0219i trombocite","datePublished":"2021-11-12T17:42:46+00:00","dateModified":"2021-11-12T20:15:41+00:00","mainEntityOfPage":{"@id":"https:\/\/urbeamea.ro\/albaiulia\/otilia-o-tanara-de-doar-31-de-ani-are-nevoie-urgenta-de-sange-grupa-a-negativ-si-trombocite\/"},"wordCount":377,"commentCount":0,"image":{"@id":"https:\/\/urbeamea.ro\/albaiulia\/otilia-o-tanara-de-doar-31-de-ani-are-nevoie-urgenta-de-sange-grupa-a-negativ-si-trombocite\/#primaryimage"},"thumbnailUrl":"https:\/\/urbeamea.ro\/albaiulia\/wp-content\/uploads\/2021\/11\/otilia.jpg","keywords":["Otilia Resiga"],"articleSection":["\u015etiri Urbane"],"inLanguage":"ro-RO","potentialAction":[{"@type":"CommentAction","name":"Comment","target":["https:\/\/urbeamea.ro\/albaiulia\/otilia-o-tanara-de-doar-31-de-ani-are-nevoie-urgenta-de-sange-grupa-a-negativ-si-trombocite\/#respond"]}]},{"@type":"WebPage","@id":"https:\/\/urbeamea.ro\/albaiulia\/otilia-o-tanara-de-doar-31-de-ani-are-nevoie-urgenta-de-sange-grupa-a-negativ-si-trombocite\/","url":"https:\/\/urbeamea.ro\/albaiulia\/otilia-o-tanara-de-doar-31-de-ani-are-nevoie-urgenta-de-sange-grupa-a-negativ-si-trombocite\/","name":"Otilia, o t\u00e2n\u0103r\u0103 de doar 31 de ani are nevoie urgent\u0103 de s\u00e2nge, grupa A negativ \u0219i trombocite - Revista Urbea Mea - Revista de Alba","isPartOf":{"@id":"https:\/\/urbeamea.ro\/albaiulia\/#website"},"primaryImageOfPage":{"@id":"https:\/\/urbeamea.ro\/albaiulia\/otilia-o-tanara-de-doar-31-de-ani-are-nevoie-urgenta-de-sange-grupa-a-negativ-si-trombocite\/#primaryimage"},"image":{"@id":"https:\/\/urbeamea.ro\/albaiulia\/otilia-o-tanara-de-doar-31-de-ani-are-nevoie-urgenta-de-sange-grupa-a-negativ-si-trombocite\/#primaryimage"},"thumbnailUrl":"https:\/\/urbeamea.ro\/albaiulia\/wp-content\/uploads\/2021\/11\/otilia.jpg","datePublished":"2021-11-12T17:42:46+00:00","dateModified":"2021-11-12T20:15:41+00:00","author":{"@id":"https:\/\/urbeamea.ro\/albaiulia\/#\/schema\/person\/a115373ce8153754c6b084232d985956"},"description":"Apel de urgen\u021b\u0103 pentru grupa de s\u00e2nge A negativ \u0219i trombocite la Centrul de Transfuzie Sanguin\u0103 din Alba Iulia! De c\u00e2teva zile Centrul de Transfuzie","breadcrumb":{"@id":"https:\/\/urbeamea.ro\/albaiulia\/otilia-o-tanara-de-doar-31-de-ani-are-nevoie-urgenta-de-sange-grupa-a-negativ-si-trombocite\/#breadcrumb"},"inLanguage":"ro-RO","potentialAction":[{"@type":"ReadAction","target":["https:\/\/urbeamea.ro\/albaiulia\/otilia-o-tanara-de-doar-31-de-ani-are-nevoie-urgenta-de-sange-grupa-a-negativ-si-trombocite\/"]}]},{"@type":"ImageObject","inLanguage":"ro-RO","@id":"https:\/\/urbeamea.ro\/albaiulia\/otilia-o-tanara-de-doar-31-de-ani-are-nevoie-urgenta-de-sange-grupa-a-negativ-si-trombocite\/#primaryimage","url":"https:\/\/urbeamea.ro\/albaiulia\/wp-content\/uploads\/2021\/11\/otilia.jpg","contentUrl":"https:\/\/urbeamea.ro\/albaiulia\/wp-content\/uploads\/2021\/11\/otilia.jpg","width":1826,"height":1826},{"@type":"BreadcrumbList","@id":"https:\/\/urbeamea.ro\/albaiulia\/otilia-o-tanara-de-doar-31-de-ani-are-nevoie-urgenta-de-sange-grupa-a-negativ-si-trombocite\/#breadcrumb","itemListElement":[{"@type":"ListItem","position":1,"name":"Prima pagin\u0103","item":"https:\/\/urbeamea.ro\/albaiulia\/"},{"@type":"ListItem","position":2,"name":"Otilia, o t\u00e2n\u0103r\u0103 de doar 31 de ani are nevoie urgent\u0103 de s\u00e2nge, grupa A negativ \u0219i trombocite"}]},{"@type":"WebSite","@id":"https:\/\/urbeamea.ro\/albaiulia\/#website","url":"https:\/\/urbeamea.ro\/albaiulia\/","name":"Revista Urbea Mea, Stiri urbane","description":"Evenimente \u0219i \u0219tiri din Alba Iulia, Sebe\u0219, Aiud, Blaj","potentialAction":[{"@type":"SearchAction","target":{"@type":"EntryPoint","urlTemplate":"https:\/\/urbeamea.ro\/albaiulia\/?s={search_term_string}"},"query-input":{"@type":"PropertyValueSpecification","valueRequired":true,"valueName":"search_term_string"}}],"inLanguage":"ro-RO"},{"@type":"Person","@id":"https:\/\/urbeamea.ro\/albaiulia\/#\/schema\/person\/a115373ce8153754c6b084232d985956","name":"Bogdan P\u0103unescu","image":{"@type":"ImageObject","inLanguage":"ro-RO","@id":"https:\/\/secure.gravatar.com\/avatar\/f72aa881b5a32ea110a53aabc2049429e3ff68fcb09d283722d01fbf330e9dd9?s=96&d=mm&r=g","url":"https:\/\/secure.gravatar.com\/avatar\/f72aa881b5a32ea110a53aabc2049429e3ff68fcb09d283722d01fbf330e9dd9?s=96&d=mm&r=g","contentUrl":"https:\/\/secure.gravatar.com\/avatar\/f72aa881b5a32ea110a53aabc2049429e3ff68fcb09d283722d01fbf330e9dd9?s=96&d=mm&r=g","caption":"Bogdan P\u0103unescu"},"description":"\u00cemi place tot ceea ce este legat de web \u015fi ajut la dezvoltarea \u015fi \u00eembun\u0103t\u0103\u0163irea lui prin tot ceea ce fac.","sameAs":["https:\/\/www.artonmedia.ro","https:\/\/www.facebook.com\/bogdanvpaunescu"],"url":"https:\/\/urbeamea.ro\/albaiulia\/author\/bogdan-paunescu\/"}]}},"_links":{"self":[{"href":"https:\/\/urbeamea.ro\/albaiulia\/wp-json\/wp\/v2\/posts\/98934","targetHints":{"allow":["GET"]}}],"collection":[{"href":"https:\/\/urbeamea.ro\/albaiulia\/wp-json\/wp\/v2\/posts"}],"about":[{"href":"https:\/\/urbeamea.ro\/albaiulia\/wp-json\/wp\/v2\/types\/post"}],"author":[{"embeddable":true,"href":"https:\/\/urbeamea.ro\/albaiulia\/wp-json\/wp\/v2\/users\/5"}],"replies":[{"embeddable":true,"href":"https:\/\/urbeamea.ro\/albaiulia\/wp-json\/wp\/v2\/comments?post=98934"}],"version-history":[{"count":11,"href":"https:\/\/urbeamea.ro\/albaiulia\/wp-json\/wp\/v2\/posts\/98934\/revisions"}],"predecessor-version":[{"id":98954,"href":"https:\/\/urbeamea.ro\/albaiulia\/wp-json\/wp\/v2\/posts\/98934\/revisions\/98954"}],"wp:featuredmedia":[{"embeddable":true,"href":"https:\/\/urbeamea.ro\/albaiulia\/wp-json\/wp\/v2\/media\/98937"}],"wp:attachment":[{"href":"https:\/\/urbeamea.ro\/albaiulia\/wp-json\/wp\/v2\/media?parent=98934"}],"wp:term":[{"taxonomy":"category","embeddable":true,"href":"https:\/\/urbeamea.ro\/albaiulia\/wp-json\/wp\/v2\/categories?post=98934"},{"taxonomy":"post_tag","embeddable":true,"href":"https:\/\/urbeamea.ro\/albaiulia\/wp-json\/wp\/v2\/tags?post=98934"}],"curies":[{"name":"wp","href":"https:\/\/api.w.org\/{rel}","templated":true}]}}