{"id":99029,"date":"2021-11-22T19:49:19","date_gmt":"2021-11-22T17:49:19","guid":{"rendered":"https:\/\/urbeamea.ro\/albaiulia\/?p=99029"},"modified":"2021-11-22T19:49:21","modified_gmt":"2021-11-22T17:49:21","slug":"dorli-blaga-n-2-mai-1930-d-15-noiembrie-2021-povestea-doamnei-cu-nume-de-dor","status":"publish","type":"post","link":"https:\/\/urbeamea.ro\/albaiulia\/dorli-blaga-n-2-mai-1930-d-15-noiembrie-2021-povestea-doamnei-cu-nume-de-dor\/","title":{"rendered":"DORLI BLAGA (n. 2 mai 1930 \u2013 d. 15 noiembrie 2021) Povestea Doamnei cu nume de \u201eDor&#8221;"},"content":{"rendered":"\n<pre class=\"wp-block-verse\"><em>Frunzuli\u021b\u0103 ram de laur,<br>An\u0103, umbra mea de aur -<br><br>drum pe jos \u0219i drum pe sus<br>din apusuri te-am adus.<br><br>Sub pleoape, rosturi - \u021bar\u0103 -<br>le culegi \u00eent\u00e2ia oar\u0103.<br><br>\u0218i te ui\u021bi, \u0219i vezi, \u0219i vezi<br>anul t\u00e2n\u0103r prin livezi.<br><br>Celor pomi \u0219i-acestor mume<br>le sur\u00e2zi, le d\u0103rui nume.<br><br>Vrei s\u0103 pip\u0103i snopii, sapa,<br>te uime\u0219te graiul, apa.<br><br>Frunza-i alta-n lume nou\u0103.<br>Fluturi, om, poveste, rou\u0103,<br><br>zarea alb\u0103-n cerc fierbinte,<br>\u0219erpii prin amurguri sfinte -<br><br>tu te miri cum toate, toate<br>altfel sunt. Ah, cum se poate?<br><br>Numai luna, rea ori bun\u0103,<br>\u021bi se pare-aceea\u0219i lun\u0103.<\/em><\/pre>\n\n\n\n<p class=\"wp-block-paragraph\"><strong>Lucian Blaga, \u201e<em>Feti\u021ba mea \u00ee\u0219i vede \u021bara<\/em>&#8222;<\/strong><\/p>\n\n\n\n<p class=\"wp-block-paragraph\"><strong><em>\u201eNeb\u0103nuitele trepte&#8221;<\/em><\/strong><strong>&nbsp;(1943)<\/strong><\/p>\n\n\n\n<p class=\"wp-block-paragraph\">Din fotografiile copil\u0103riei, ne prive\u0219te feti\u021ba cu ochi frumo\u0219i \u0219i p\u0103trunz\u0103tori, n\u0103scut\u0103 la 2 mai 1930, la Berna, \u00een Elve\u021bia: Dorli Blaga. P\u0103rea c\u0103 niciun nor nu \u00eei va atinge chipul \u0219i g\u00e2ndurile, ocrotit\u0103 de Tat\u0103l s\u0103u, Lucian Blaga&#8230;<\/p>\n\n\n\n<p class=\"wp-block-paragraph\">Primii ani ai copil\u0103riei i-a petrecut \u00een str\u0103in\u0103tate, al\u0103turi de p\u0103rin\u021bii s\u0103i, Cornelia Brediceanu \u0219i Lucian Blaga, \u00een Elve\u021bia, Austria, Portugalia, acolo unde Lucian Blaga \u00ee\u0219i reprezenta \u021bara ca diplomat. \u00cen prim\u0103vara anului 1939, familia Blaga se \u00eentoarce la Cluj. Lucian Blaga era membru al Academiei Rom\u00e2ne \u0219i \u00ee\u0219i dorea o carier\u0103 universitar\u0103 care s\u0103 \u00eei ofere timpul necesar des\u0103v\u00e2r\u0219irii operei.<\/p>\n\n\n\n<p class=\"wp-block-paragraph\">Din p\u0103cate, destinul lui Lucian Blaga \u0219i al familiei sale va fi din ce \u00een ce mai zbuciumat, str\u00e2ns legat de povestea vremurilor&#8230; Anul 1940, cu Dictatul de la Viena, determin\u0103 refugiul la Sibiu \u0219i pierderea casei de la Bistri\u021ba, o proprietate simpl\u0103, cu o gr\u0103din\u0103 care \u00eel primea generos \u0219i prielnic\u0103 scrisului. <\/p>\n\n\n\n<figure class=\"wp-block-gallery columns-2 is-cropped wp-block-gallery-1 is-layout-flex wp-block-gallery-is-layout-flex\"><ul class=\"blocks-gallery-grid\"><li class=\"blocks-gallery-item\"><figure><img loading=\"lazy\" decoding=\"async\" width=\"960\" height=\"1280\" src=\"https:\/\/urbeamea.ro\/albaiulia\/wp-content\/uploads\/2021\/11\/791aafeb-b155-4191-a624-8b5b38205b4a-960x1280.jpg\" alt=\"\" data-id=\"99032\" data-full-url=\"https:\/\/urbeamea.ro\/albaiulia\/wp-content\/uploads\/2021\/11\/791aafeb-b155-4191-a624-8b5b38205b4a-rotated.jpg\" data-link=\"https:\/\/urbeamea.ro\/albaiulia\/?attachment_id=99032\" class=\"wp-image-99032\" srcset=\"https:\/\/urbeamea.ro\/albaiulia\/wp-content\/uploads\/2021\/11\/791aafeb-b155-4191-a624-8b5b38205b4a-960x1280.jpg 960w, https:\/\/urbeamea.ro\/albaiulia\/wp-content\/uploads\/2021\/11\/791aafeb-b155-4191-a624-8b5b38205b4a-480x640.jpg 480w, https:\/\/urbeamea.ro\/albaiulia\/wp-content\/uploads\/2021\/11\/791aafeb-b155-4191-a624-8b5b38205b4a-113x150.jpg 113w, https:\/\/urbeamea.ro\/albaiulia\/wp-content\/uploads\/2021\/11\/791aafeb-b155-4191-a624-8b5b38205b4a-768x1024.jpg 768w, https:\/\/urbeamea.ro\/albaiulia\/wp-content\/uploads\/2021\/11\/791aafeb-b155-4191-a624-8b5b38205b4a-1152x1536.jpg 1152w, https:\/\/urbeamea.ro\/albaiulia\/wp-content\/uploads\/2021\/11\/791aafeb-b155-4191-a624-8b5b38205b4a-rotated.jpg 1200w\" sizes=\"auto, (max-width: 960px) 100vw, 960px\" \/><\/figure><\/li><li class=\"blocks-gallery-item\"><figure><img loading=\"lazy\" decoding=\"async\" width=\"1280\" height=\"961\" src=\"https:\/\/urbeamea.ro\/albaiulia\/wp-content\/uploads\/2021\/11\/3280b1bf-3682-4776-a01c-197b329c7d7f-1280x961.jpg\" alt=\"\" data-id=\"99030\" data-full-url=\"https:\/\/urbeamea.ro\/albaiulia\/wp-content\/uploads\/2021\/11\/3280b1bf-3682-4776-a01c-197b329c7d7f.jpg\" data-link=\"https:\/\/urbeamea.ro\/albaiulia\/?attachment_id=99030\" class=\"wp-image-99030\" srcset=\"https:\/\/urbeamea.ro\/albaiulia\/wp-content\/uploads\/2021\/11\/3280b1bf-3682-4776-a01c-197b329c7d7f-1280x961.jpg 1280w, https:\/\/urbeamea.ro\/albaiulia\/wp-content\/uploads\/2021\/11\/3280b1bf-3682-4776-a01c-197b329c7d7f-640x480.jpg 640w, https:\/\/urbeamea.ro\/albaiulia\/wp-content\/uploads\/2021\/11\/3280b1bf-3682-4776-a01c-197b329c7d7f-150x113.jpg 150w, https:\/\/urbeamea.ro\/albaiulia\/wp-content\/uploads\/2021\/11\/3280b1bf-3682-4776-a01c-197b329c7d7f-768x576.jpg 768w, https:\/\/urbeamea.ro\/albaiulia\/wp-content\/uploads\/2021\/11\/3280b1bf-3682-4776-a01c-197b329c7d7f-1536x1153.jpg 1536w, https:\/\/urbeamea.ro\/albaiulia\/wp-content\/uploads\/2021\/11\/3280b1bf-3682-4776-a01c-197b329c7d7f.jpg 1599w\" sizes=\"auto, (max-width: 1280px) 100vw, 1280px\" \/><\/figure><\/li><\/ul><\/figure>\n\n\n\n<p class=\"wp-block-paragraph\">Dorli Blaga \u00ee\u0219i \u00eencheie educa\u021bia primar\u0103 \u0219i este \u00eenscris\u0103 la Liceul German Brukenthal de la Sibiu. Dup\u0103 terminarea r\u0103zboiului, familia se \u00eentoarce la Cluj, unde fiica \u00ee\u0219i finalizeaz\u0103 studiile liceale \u00een anul 1949 \u0219i este admis\u0103 la Facultatea de Fizic\u0103. Doi ani mai t\u00e2rziu, Dorli Blaga se mut\u0103 la Universitatea din Bucure\u0219ti. \u00centre timp, Lucian Blaga fusese eliminat din Academie \u0219i ocupa un post modest de bibliotecar, la Cluj. <\/p>\n\n\n\n<p class=\"wp-block-paragraph\">\u00cen 1952, Dorli Blaga este catalogat\u0103 ca av\u00e2nd \u201eorigine social\u0103 nes\u0103n\u0103toas\u0103&#8221; \u0219i este amenin\u021bat\u0103 cu exmatricularea din universitate: <\/p>\n\n\n\n<blockquote class=\"wp-block-quote is-layout-flow wp-block-quote-is-layout-flow\"><p><em>\u201eAtmosfera din anul meu era ap\u0103s\u0103toare. Cei care nu aveam dosare bune (adic\u0103 origine s\u0103n\u0103toas\u0103) eram ignora\u021bi \u0219i \u00eentr-un pericol permanent. \u0218edin\u021bele UTM \u021bineau toat\u0103 noaptea \u0219i nu puteai s\u0103 \u0219tii niciodat\u0103 ce te a\u0219teapt\u0103. Adic\u0103, participai cu frica \u00een s\u00e2n. [&#8230;] Prietena mea Ana Ciortea a fost exmatriculat\u0103 \u0219i s-a angajat \u00eentr-o fabric\u0103 s\u0103 lucreze la strung. Eu hot\u0103r\u00e2sem s\u0103 m\u0103 angajez la o fabric\u0103 de confec\u021bii, dac\u0103 mi se \u00eent\u00e2mpla ceva.&#8221;<\/em>\u00a0<\/p><cite> M\u0103rturisire a doamnei Dorli Blaga,  din volumul de memorii\u00a0<strong><em>\u201eTat\u0103l meu, Lucian Blaga&#8221;<\/em><\/strong>, ap\u0103rut la Editura Humanitas, Bucure\u0219ti, \u00een anul 2015 (pagina 41).  <\/cite><\/blockquote>\n\n\n\n<p class=\"wp-block-paragraph\">\u00cengrijor\u0103rile acestei perioade se reg\u0103sesc \u00een coresponden\u021ba purtat\u0103 cu p\u0103rin\u021bii, care locuiau la Cluj. \u00cen scrisoarea sa cald\u0103, Lucian Blaga anticipeaz\u0103 profetic, misiunea pe care fiica Dorli o va avea \u00een c\u00e2\u021biva ani: valorificarea operei \u0219i punerea \u00een lumin\u0103 a testamentului s\u0103u editorial.<\/p>\n\n\n\n<blockquote class=\"wp-block-quote is-layout-flow wp-block-quote-is-layout-flow\"><p><em>\u00ab\u00a0Puiul tatii scump,<\/em><\/p><p><em>Scrisoarea ta c\u0103tre Mutti mi-a ajuns \u00eent\u00e2mpl\u0103tor \u0219i mie \u00een m\u00e2n\u0103, \u0219i e bine c\u0103 mi-a c\u0103zut, c\u0103ci \u00een ciuda faptului c\u0103 mi-au sporit grijile \u00een urma citirii ei, eu sunt totu\u0219i cel mai indicat a-\u021bi da unele sfaturi. [&#8230;]<\/em><\/p><p><em>B\u0103nuiesc c\u0103 \u021bi-ai f\u0103cut \u0219i-\u021bi faci probabil unele \u201egriji&#8221; exagerate, care \u00ee\u021bi dau o nemul\u021bumire profund\u0103, pe undeva. [&#8230;] \u00cencearc\u0103 s\u0103 \u021bi le ridici \u00een con\u0219tiin\u021b\u0103 pe c\u00e2t posibil, s\u0103 lup\u021bi cu ele lucid; [&#8230;] e mai bine s\u0103 le \u021bii la vedere toate \u201etemerile&#8221;, cari te fr\u0103m\u00e2nt\u0103 \u0219i s\u0103 le rezolvi viteje\u0219te. Dac\u0103 po\u021bi, vii la noi \u0219i stai c\u00e2t dore\u0219ti. Lucrul acesta ar fi foarte indicat. Vreau s\u0103 te v\u0103d \u0219i eu mai de aproape, \u0219i s\u0103-\u021bi mai spun multe din experien\u021bele mele. \u00cen orice caz, ai \u00een persoana mea un om care a trecut prin ceva asem\u0103n\u0103tor, \u0219i care totu\u0219i mai t\u00e2rziu a produs ceea ce a produs. Ast\u0103zi, \u00eenc\u0103, m\u0103 mai supun unor eforturi grozave, pe cari mi le \u00eenchipuiam atunci de neatins pentru mine. \u0218i de atunci sunt 25 de ani.\u00a0[&#8230;]<\/em><\/p><p><em>De altfel, cariera ta peste doi-trei ani va fi una singur\u0103: s\u0103 administrezi bine toat\u0103 proprietatea mea filosofic\u0103, literar\u0103, teatral\u0103. Vei putea tr\u0103i mai bine dup\u0103 aceasta, dec\u00e2t cu un salar de profesoar\u0103.\u00a0[&#8230;]<\/em><\/p><p><em>Pui scump hai la mine.<\/em>\u00a0<em>\u00bb<\/em><\/p><cite> (Dorli Blaga,\u00a0<strong><em>\u201eTat\u0103l meu, Lucian Blaga&#8221;<\/em><\/strong>, Editura Humanitas, Bucure\u0219ti, 2015, paginile 43-44) <\/cite><\/blockquote>\n\n\n\n<p class=\"wp-block-paragraph\">Un alt moment mult discutat al vie\u021bii doamnei Dorli Blaga este anul 1957, c\u00e2nd are loc c\u0103s\u0103toria cu Tudor Bugnariu (profesor universitar de filosofie marxist\u0103, fost primar al Clujului, la 23 august 1944). Declara\u021bia tran\u0219ant\u0103 a doamnei Dorli Blaga:\u00a0<\/p>\n\n\n\n<blockquote class=\"wp-block-quote is-layout-flow wp-block-quote-is-layout-flow\"><p><em>\u201eRela\u021biile dintre Tat\u0103l meu \u0219i Tudor Bugnariu (n.n. cu 21 de ani mai v\u00e2rstnic dec\u00e2t Dorli Blaga) erau foarte cordiale \u0219i foarte compatibile. Se respectau reciproc. \u0218i eu am respectat opiniile fiec\u0103ruia \u00een parte. Nu \u00eentotdeauna mi-a fost u\u0219or, cum \u00eemi scria I.D. S\u00e2rbu prin anii 80. L-am \u00een\u021beles pe Tudor c\u0103 nu a scris niciodat\u0103 despre Tat\u0103l meu. Desigur, au fost \u0219i lucruri formale pe care cu greu le-am acceptat, dar care nu fac obiectul acestui text&#8221;<\/em><\/p><cite> (Dorli Blaga,\u00a0<strong><em>\u201eTat\u0103l meu, Lucian Blaga&#8221;<\/em><\/strong>, Editura Humanitas, Bucure\u0219ti, 2015, pagina 32)<\/cite><\/blockquote>\n\n\n\n<p class=\"wp-block-paragraph\">\u00cen anul 1967, Dorli Blaga ar fi avut prilejul s\u0103 p\u0103r\u0103seasc\u0103 Rom\u00e2nia, c\u00e2nd se afla \u00eentr-o c\u0103l\u0103torie profesional\u0103 \u00een Germania Federal\u0103. \u00cens\u0103 avea o alt\u0103 misiune \u00een via\u021b\u0103 \u0219i sim\u021bea profund mo\u0219tenirea primit\u0103 de la Lucian Blaga, care era sigur de locul s\u0103u pe plaiul mioritic:&nbsp;<em>\u201eM\u0103 \u00eentorc \u00een \u021aar\u0103. Eu nu pot crea dec\u00e2t \u00een \u021aar\u0103! Mai bine mai s\u0103rac, dar acas\u0103&#8221;<\/em>&nbsp;(Lelia Rugescu,&nbsp;<em>Cu Lucian Blaga<\/em>, Cluj-Napoca, Editura Dacia, 1985, pagina 68).<\/p>\n\n\n\n<p class=\"wp-block-paragraph\">Dorli Blaga a editat, \u00eencep\u00e2nd cu anul 1968, opera tat\u0103lui s\u0103u.<\/p>\n\n\n\n<blockquote class=\"wp-block-quote is-layout-flow wp-block-quote-is-layout-flow\"><p><em>\u00ab\u00a0\u00centr-un vers Tata \u00eemi spune: \u201eAn\u0103, umbra mea de aur&#8221; (Feti\u021ba mea \u00ee\u0219i vede \u021bara, 1941). Eu nu am avut sentimentul c\u0103 tr\u0103iesc \u00een umbra Tat\u0103lui meu, chiar dac\u0103 el o considera de aur. Aurul este m\u0103sura iubirii lui pentru mine, \u0219i nu valoarea persoanei mele. N-am vrut niciodat\u0103 s\u0103 \u201eies \u00een fa\u021b\u0103&#8221;. Dar m-am str\u0103duit \u00eentotdeauna s\u0103 \u00eei fiu o \u201eumbr\u0103&#8221; care s\u0103-i apere interesele. E vorba de crea\u021bia lui, c\u0103ci de alte interese nu putea fi vorba. \u0218i, \u00eempreun\u0103 cu mama, s\u0103-i fim solidare. Total solidare, \u00een anii grei de dup\u0103 r\u0103zboi\u00bb<\/em>\u00a0<\/p><cite> (Dorli Blaga,\u00a0<strong><em>\u201eTat\u0103l meu, Lucian Blaga&#8221;<\/em><\/strong>, Editura Humanitas, Bucure\u0219ti, 2015, pagina 12)<\/cite><\/blockquote>\n\n\n\n<p class=\"wp-block-paragraph\">Urma\u0219ii doamnei Dorli Blaga sunt domnul prof. univ. dr. Tudor Bugnariu \u0219i doamna Felicia Cornelia Bugnariu, cea care s-a ocupat ca destinul mamei s\u0103 se \u00eencheie \u00een Lancr\u0103mul de ob\u00e2r\u0219ie. Felicia Cornelia Bugnariu a \u00eenso\u021bit-o pe Dorli Blaga \u0219i la prima edi\u021bie a Festivalului \u201eLucian Blaga&#8221; de la Sebe\u0219, prelu\u00e2nd cu afec\u021biune \u0219i cu dedica\u021bie misiunea mamei. &nbsp;<\/p>\n\n\n\n<p class=\"wp-block-paragraph\">La 15 noiembrie 2021, povestea acestei doamne cu nume de \u201edor&#8221; se \u00eencheie&#8230; \u00a0cu discre\u021bie. Drum lin spre t\u0103r\u00e2mul luminii f\u0103r\u0103 de hotare! Lumina care i-a inspirat Tat\u0103lui poemele&#8230;<\/p>\n\n\n\n<figure class=\"wp-block-image size-full\"><img loading=\"lazy\" decoding=\"async\" width=\"960\" height=\"720\" src=\"https:\/\/urbeamea.ro\/albaiulia\/wp-content\/uploads\/2021\/11\/Placheta-Dorli-Blaga.jpg\" alt=\"\" class=\"wp-image-99031\" srcset=\"https:\/\/urbeamea.ro\/albaiulia\/wp-content\/uploads\/2021\/11\/Placheta-Dorli-Blaga.jpg 960w, https:\/\/urbeamea.ro\/albaiulia\/wp-content\/uploads\/2021\/11\/Placheta-Dorli-Blaga-640x480.jpg 640w, https:\/\/urbeamea.ro\/albaiulia\/wp-content\/uploads\/2021\/11\/Placheta-Dorli-Blaga-150x113.jpg 150w, https:\/\/urbeamea.ro\/albaiulia\/wp-content\/uploads\/2021\/11\/Placheta-Dorli-Blaga-768x576.jpg 768w\" sizes=\"auto, (max-width: 960px) 100vw, 960px\" \/><\/figure>\n","protected":false},"excerpt":{"rendered":"<p>Frunzuli\u021b\u0103 ram de laur,An\u0103, umbra mea de aur -drum pe jos \u0219i drum pe susdin apusuri te-am adus.Sub pleoape, rosturi &#8211; \u021bar\u0103 -le culegi \u00eent\u00e2ia oar\u0103.\u0218i te ui\u021bi, \u0219i vezi, \u0219i vezianul t\u00e2n\u0103r prin livezi.Celor pomi \u0219i-acestor mumele sur\u00e2zi, le d\u0103rui nume.Vrei s\u0103 pip\u0103i snopii, sapa,te uime\u0219te graiul, apa.Frunza-i alta-n lume nou\u0103.Fluturi, om, poveste, rou\u0103,zarea &hellip;<\/p>\n","protected":false},"author":16,"featured_media":99033,"comment_status":"open","ping_status":"open","sticky":false,"template":"","format":"standard","meta":{"inline_featured_image":false,"footnotes":""},"categories":[1],"tags":[10858],"class_list":["post-99029","post","type-post","status-publish","format-standard","has-post-thumbnail","hentry","category-stiri-urbane","tag-lucian-blaga"],"yoast_head":"<!-- This site is optimized with the Yoast SEO plugin v28.3 - https:\/\/yoast.com\/product\/yoast-seo-wordpress\/ -->\n<title>DORLI BLAGA (n. 2 mai 1930 \u2013 d. 15 noiembrie 2021) Povestea Doamnei cu nume de \u201eDor&quot; - Revista Urbea Mea - Revista de Alba<\/title>\n<meta name=\"description\" content=\"Frunzuli\u021b\u0103 ram de laur,An\u0103, umbra mea de aur -drum pe jos \u0219i drum pe susdin apusuri te-am adus.Sub pleoape, rosturi - \u021bar\u0103 -le culegi \u00eent\u00e2ia oar\u0103.\u0218i te\" \/>\n<meta name=\"robots\" content=\"index, follow, max-snippet:-1, max-image-preview:large, max-video-preview:-1\" \/>\n<link rel=\"canonical\" href=\"https:\/\/urbeamea.ro\/albaiulia\/dorli-blaga-n-2-mai-1930-d-15-noiembrie-2021-povestea-doamnei-cu-nume-de-dor\/\" \/>\n<meta name=\"twitter:card\" content=\"summary_large_image\" \/>\n<meta name=\"twitter:title\" content=\"DORLI BLAGA (n. 2 mai 1930 \u2013 d. 15 noiembrie 2021) Povestea Doamnei cu nume de \u201eDor&quot; - Revista Urbea Mea - Revista de Alba\" \/>\n<meta name=\"twitter:description\" content=\"Frunzuli\u021b\u0103 ram de laur,An\u0103, umbra mea de aur -drum pe jos \u0219i drum pe susdin apusuri te-am adus.Sub pleoape, rosturi - \u021bar\u0103 -le culegi \u00eent\u00e2ia oar\u0103.\u0218i te\" \/>\n<meta name=\"twitter:image\" content=\"https:\/\/urbeamea.ro\/albaiulia\/wp-content\/uploads\/2021\/11\/91b09996-3c8f-4bb7-a2aa-77732f348594.jpg\" \/>\n<meta name=\"twitter:creator\" content=\"@urbeameaweb\" \/>\n<meta name=\"twitter:site\" content=\"@urbeameaweb\" \/>\n<script type=\"application\/ld+json\" class=\"yoast-schema-graph\">{\"@context\":\"https:\\\/\\\/schema.org\",\"@graph\":[{\"@type\":\"Article\",\"@id\":\"https:\\\/\\\/urbeamea.ro\\\/albaiulia\\\/dorli-blaga-n-2-mai-1930-d-15-noiembrie-2021-povestea-doamnei-cu-nume-de-dor\\\/#article\",\"isPartOf\":{\"@id\":\"https:\\\/\\\/urbeamea.ro\\\/albaiulia\\\/dorli-blaga-n-2-mai-1930-d-15-noiembrie-2021-povestea-doamnei-cu-nume-de-dor\\\/\"},\"author\":{\"name\":\"Redac\u021bia UrbeaMea\",\"@id\":\"https:\\\/\\\/urbeamea.ro\\\/albaiulia\\\/#\\\/schema\\\/person\\\/272ae98052f8ee8980f59848df070247\"},\"headline\":\"DORLI BLAGA (n. 2 mai 1930 \u2013 d. 15 noiembrie 2021) Povestea Doamnei cu nume de \u201eDor&#8221;\",\"datePublished\":\"2021-11-22T17:49:19+00:00\",\"dateModified\":\"2021-11-22T17:49:21+00:00\",\"mainEntityOfPage\":{\"@id\":\"https:\\\/\\\/urbeamea.ro\\\/albaiulia\\\/dorli-blaga-n-2-mai-1930-d-15-noiembrie-2021-povestea-doamnei-cu-nume-de-dor\\\/\"},\"wordCount\":1165,\"commentCount\":0,\"image\":{\"@id\":\"https:\\\/\\\/urbeamea.ro\\\/albaiulia\\\/dorli-blaga-n-2-mai-1930-d-15-noiembrie-2021-povestea-doamnei-cu-nume-de-dor\\\/#primaryimage\"},\"thumbnailUrl\":\"https:\\\/\\\/urbeamea.ro\\\/albaiulia\\\/wp-content\\\/uploads\\\/2021\\\/11\\\/91b09996-3c8f-4bb7-a2aa-77732f348594.jpg\",\"keywords\":[\"lucian blaga\"],\"articleSection\":[\"\u015etiri Urbane\"],\"inLanguage\":\"ro-RO\",\"potentialAction\":[{\"@type\":\"CommentAction\",\"name\":\"Comment\",\"target\":[\"https:\\\/\\\/urbeamea.ro\\\/albaiulia\\\/dorli-blaga-n-2-mai-1930-d-15-noiembrie-2021-povestea-doamnei-cu-nume-de-dor\\\/#respond\"]}]},{\"@type\":\"WebPage\",\"@id\":\"https:\\\/\\\/urbeamea.ro\\\/albaiulia\\\/dorli-blaga-n-2-mai-1930-d-15-noiembrie-2021-povestea-doamnei-cu-nume-de-dor\\\/\",\"url\":\"https:\\\/\\\/urbeamea.ro\\\/albaiulia\\\/dorli-blaga-n-2-mai-1930-d-15-noiembrie-2021-povestea-doamnei-cu-nume-de-dor\\\/\",\"name\":\"DORLI BLAGA (n. 2 mai 1930 \u2013 d. 15 noiembrie 2021) Povestea Doamnei cu nume de \u201eDor\\\" - Revista Urbea Mea - Revista de Alba\",\"isPartOf\":{\"@id\":\"https:\\\/\\\/urbeamea.ro\\\/albaiulia\\\/#website\"},\"primaryImageOfPage\":{\"@id\":\"https:\\\/\\\/urbeamea.ro\\\/albaiulia\\\/dorli-blaga-n-2-mai-1930-d-15-noiembrie-2021-povestea-doamnei-cu-nume-de-dor\\\/#primaryimage\"},\"image\":{\"@id\":\"https:\\\/\\\/urbeamea.ro\\\/albaiulia\\\/dorli-blaga-n-2-mai-1930-d-15-noiembrie-2021-povestea-doamnei-cu-nume-de-dor\\\/#primaryimage\"},\"thumbnailUrl\":\"https:\\\/\\\/urbeamea.ro\\\/albaiulia\\\/wp-content\\\/uploads\\\/2021\\\/11\\\/91b09996-3c8f-4bb7-a2aa-77732f348594.jpg\",\"datePublished\":\"2021-11-22T17:49:19+00:00\",\"dateModified\":\"2021-11-22T17:49:21+00:00\",\"author\":{\"@id\":\"https:\\\/\\\/urbeamea.ro\\\/albaiulia\\\/#\\\/schema\\\/person\\\/272ae98052f8ee8980f59848df070247\"},\"description\":\"Frunzuli\u021b\u0103 ram de laur,An\u0103, umbra mea de aur -drum pe jos \u0219i drum pe susdin apusuri te-am adus.Sub pleoape, rosturi - \u021bar\u0103 -le culegi \u00eent\u00e2ia oar\u0103.\u0218i te\",\"breadcrumb\":{\"@id\":\"https:\\\/\\\/urbeamea.ro\\\/albaiulia\\\/dorli-blaga-n-2-mai-1930-d-15-noiembrie-2021-povestea-doamnei-cu-nume-de-dor\\\/#breadcrumb\"},\"inLanguage\":\"ro-RO\",\"potentialAction\":[{\"@type\":\"ReadAction\",\"target\":[\"https:\\\/\\\/urbeamea.ro\\\/albaiulia\\\/dorli-blaga-n-2-mai-1930-d-15-noiembrie-2021-povestea-doamnei-cu-nume-de-dor\\\/\"]}]},{\"@type\":\"ImageObject\",\"inLanguage\":\"ro-RO\",\"@id\":\"https:\\\/\\\/urbeamea.ro\\\/albaiulia\\\/dorli-blaga-n-2-mai-1930-d-15-noiembrie-2021-povestea-doamnei-cu-nume-de-dor\\\/#primaryimage\",\"url\":\"https:\\\/\\\/urbeamea.ro\\\/albaiulia\\\/wp-content\\\/uploads\\\/2021\\\/11\\\/91b09996-3c8f-4bb7-a2aa-77732f348594.jpg\",\"contentUrl\":\"https:\\\/\\\/urbeamea.ro\\\/albaiulia\\\/wp-content\\\/uploads\\\/2021\\\/11\\\/91b09996-3c8f-4bb7-a2aa-77732f348594.jpg\",\"width\":1200,\"height\":1599},{\"@type\":\"BreadcrumbList\",\"@id\":\"https:\\\/\\\/urbeamea.ro\\\/albaiulia\\\/dorli-blaga-n-2-mai-1930-d-15-noiembrie-2021-povestea-doamnei-cu-nume-de-dor\\\/#breadcrumb\",\"itemListElement\":[{\"@type\":\"ListItem\",\"position\":1,\"name\":\"Prima pagin\u0103\",\"item\":\"https:\\\/\\\/urbeamea.ro\\\/albaiulia\\\/\"},{\"@type\":\"ListItem\",\"position\":2,\"name\":\"DORLI BLAGA (n. 2 mai 1930 \u2013 d. 15 noiembrie 2021) Povestea Doamnei cu nume de \u201eDor&#8221;\"}]},{\"@type\":\"WebSite\",\"@id\":\"https:\\\/\\\/urbeamea.ro\\\/albaiulia\\\/#website\",\"url\":\"https:\\\/\\\/urbeamea.ro\\\/albaiulia\\\/\",\"name\":\"Revista Urbea Mea, Stiri urbane\",\"description\":\"Evenimente \u0219i \u0219tiri din Alba Iulia, Sebe\u0219, Aiud, Blaj\",\"potentialAction\":[{\"@type\":\"SearchAction\",\"target\":{\"@type\":\"EntryPoint\",\"urlTemplate\":\"https:\\\/\\\/urbeamea.ro\\\/albaiulia\\\/?s={search_term_string}\"},\"query-input\":{\"@type\":\"PropertyValueSpecification\",\"valueRequired\":true,\"valueName\":\"search_term_string\"}}],\"inLanguage\":\"ro-RO\"},{\"@type\":\"Person\",\"@id\":\"https:\\\/\\\/urbeamea.ro\\\/albaiulia\\\/#\\\/schema\\\/person\\\/272ae98052f8ee8980f59848df070247\",\"name\":\"Redac\u021bia UrbeaMea\",\"image\":{\"@type\":\"ImageObject\",\"inLanguage\":\"ro-RO\",\"@id\":\"https:\\\/\\\/secure.gravatar.com\\\/avatar\\\/9ce5a9435071fa1037e8468053ead8e513dbbff59009d3069aadb85506d85a27?s=96&d=mm&r=g\",\"url\":\"https:\\\/\\\/secure.gravatar.com\\\/avatar\\\/9ce5a9435071fa1037e8468053ead8e513dbbff59009d3069aadb85506d85a27?s=96&d=mm&r=g\",\"contentUrl\":\"https:\\\/\\\/secure.gravatar.com\\\/avatar\\\/9ce5a9435071fa1037e8468053ead8e513dbbff59009d3069aadb85506d85a27?s=96&d=mm&r=g\",\"caption\":\"Redac\u021bia UrbeaMea\"},\"description\":\"contact@urbeamea.ro\",\"sameAs\":[\"https:\\\/\\\/www.urbeamea.ro\"],\"url\":\"https:\\\/\\\/urbeamea.ro\\\/albaiulia\\\/author\\\/redactia-urbeamea\\\/\"}]}<\/script>\n<!-- \/ Yoast SEO plugin. -->","yoast_head_json":{"title":"DORLI BLAGA (n. 2 mai 1930 \u2013 d. 15 noiembrie 2021) Povestea Doamnei cu nume de \u201eDor\" - Revista Urbea Mea - Revista de Alba","description":"Frunzuli\u021b\u0103 ram de laur,An\u0103, umbra mea de aur -drum pe jos \u0219i drum pe susdin apusuri te-am adus.Sub pleoape, rosturi - \u021bar\u0103 -le culegi \u00eent\u00e2ia oar\u0103.\u0218i te","robots":{"index":"index","follow":"follow","max-snippet":"max-snippet:-1","max-image-preview":"max-image-preview:large","max-video-preview":"max-video-preview:-1"},"canonical":"https:\/\/urbeamea.ro\/albaiulia\/dorli-blaga-n-2-mai-1930-d-15-noiembrie-2021-povestea-doamnei-cu-nume-de-dor\/","twitter_card":"summary_large_image","twitter_title":"DORLI BLAGA (n. 2 mai 1930 \u2013 d. 15 noiembrie 2021) Povestea Doamnei cu nume de \u201eDor\" - Revista Urbea Mea - Revista de Alba","twitter_description":"Frunzuli\u021b\u0103 ram de laur,An\u0103, umbra mea de aur -drum pe jos \u0219i drum pe susdin apusuri te-am adus.Sub pleoape, rosturi - \u021bar\u0103 -le culegi \u00eent\u00e2ia oar\u0103.\u0218i te","twitter_image":"https:\/\/urbeamea.ro\/albaiulia\/wp-content\/uploads\/2021\/11\/91b09996-3c8f-4bb7-a2aa-77732f348594.jpg","twitter_creator":"@urbeameaweb","twitter_site":"@urbeameaweb","schema":{"@context":"https:\/\/schema.org","@graph":[{"@type":"Article","@id":"https:\/\/urbeamea.ro\/albaiulia\/dorli-blaga-n-2-mai-1930-d-15-noiembrie-2021-povestea-doamnei-cu-nume-de-dor\/#article","isPartOf":{"@id":"https:\/\/urbeamea.ro\/albaiulia\/dorli-blaga-n-2-mai-1930-d-15-noiembrie-2021-povestea-doamnei-cu-nume-de-dor\/"},"author":{"name":"Redac\u021bia UrbeaMea","@id":"https:\/\/urbeamea.ro\/albaiulia\/#\/schema\/person\/272ae98052f8ee8980f59848df070247"},"headline":"DORLI BLAGA (n. 2 mai 1930 \u2013 d. 15 noiembrie 2021) Povestea Doamnei cu nume de \u201eDor&#8221;","datePublished":"2021-11-22T17:49:19+00:00","dateModified":"2021-11-22T17:49:21+00:00","mainEntityOfPage":{"@id":"https:\/\/urbeamea.ro\/albaiulia\/dorli-blaga-n-2-mai-1930-d-15-noiembrie-2021-povestea-doamnei-cu-nume-de-dor\/"},"wordCount":1165,"commentCount":0,"image":{"@id":"https:\/\/urbeamea.ro\/albaiulia\/dorli-blaga-n-2-mai-1930-d-15-noiembrie-2021-povestea-doamnei-cu-nume-de-dor\/#primaryimage"},"thumbnailUrl":"https:\/\/urbeamea.ro\/albaiulia\/wp-content\/uploads\/2021\/11\/91b09996-3c8f-4bb7-a2aa-77732f348594.jpg","keywords":["lucian blaga"],"articleSection":["\u015etiri Urbane"],"inLanguage":"ro-RO","potentialAction":[{"@type":"CommentAction","name":"Comment","target":["https:\/\/urbeamea.ro\/albaiulia\/dorli-blaga-n-2-mai-1930-d-15-noiembrie-2021-povestea-doamnei-cu-nume-de-dor\/#respond"]}]},{"@type":"WebPage","@id":"https:\/\/urbeamea.ro\/albaiulia\/dorli-blaga-n-2-mai-1930-d-15-noiembrie-2021-povestea-doamnei-cu-nume-de-dor\/","url":"https:\/\/urbeamea.ro\/albaiulia\/dorli-blaga-n-2-mai-1930-d-15-noiembrie-2021-povestea-doamnei-cu-nume-de-dor\/","name":"DORLI BLAGA (n. 2 mai 1930 \u2013 d. 15 noiembrie 2021) Povestea Doamnei cu nume de \u201eDor\" - Revista Urbea Mea - Revista de Alba","isPartOf":{"@id":"https:\/\/urbeamea.ro\/albaiulia\/#website"},"primaryImageOfPage":{"@id":"https:\/\/urbeamea.ro\/albaiulia\/dorli-blaga-n-2-mai-1930-d-15-noiembrie-2021-povestea-doamnei-cu-nume-de-dor\/#primaryimage"},"image":{"@id":"https:\/\/urbeamea.ro\/albaiulia\/dorli-blaga-n-2-mai-1930-d-15-noiembrie-2021-povestea-doamnei-cu-nume-de-dor\/#primaryimage"},"thumbnailUrl":"https:\/\/urbeamea.ro\/albaiulia\/wp-content\/uploads\/2021\/11\/91b09996-3c8f-4bb7-a2aa-77732f348594.jpg","datePublished":"2021-11-22T17:49:19+00:00","dateModified":"2021-11-22T17:49:21+00:00","author":{"@id":"https:\/\/urbeamea.ro\/albaiulia\/#\/schema\/person\/272ae98052f8ee8980f59848df070247"},"description":"Frunzuli\u021b\u0103 ram de laur,An\u0103, umbra mea de aur -drum pe jos \u0219i drum pe susdin apusuri te-am adus.Sub pleoape, rosturi - \u021bar\u0103 -le culegi \u00eent\u00e2ia oar\u0103.\u0218i te","breadcrumb":{"@id":"https:\/\/urbeamea.ro\/albaiulia\/dorli-blaga-n-2-mai-1930-d-15-noiembrie-2021-povestea-doamnei-cu-nume-de-dor\/#breadcrumb"},"inLanguage":"ro-RO","potentialAction":[{"@type":"ReadAction","target":["https:\/\/urbeamea.ro\/albaiulia\/dorli-blaga-n-2-mai-1930-d-15-noiembrie-2021-povestea-doamnei-cu-nume-de-dor\/"]}]},{"@type":"ImageObject","inLanguage":"ro-RO","@id":"https:\/\/urbeamea.ro\/albaiulia\/dorli-blaga-n-2-mai-1930-d-15-noiembrie-2021-povestea-doamnei-cu-nume-de-dor\/#primaryimage","url":"https:\/\/urbeamea.ro\/albaiulia\/wp-content\/uploads\/2021\/11\/91b09996-3c8f-4bb7-a2aa-77732f348594.jpg","contentUrl":"https:\/\/urbeamea.ro\/albaiulia\/wp-content\/uploads\/2021\/11\/91b09996-3c8f-4bb7-a2aa-77732f348594.jpg","width":1200,"height":1599},{"@type":"BreadcrumbList","@id":"https:\/\/urbeamea.ro\/albaiulia\/dorli-blaga-n-2-mai-1930-d-15-noiembrie-2021-povestea-doamnei-cu-nume-de-dor\/#breadcrumb","itemListElement":[{"@type":"ListItem","position":1,"name":"Prima pagin\u0103","item":"https:\/\/urbeamea.ro\/albaiulia\/"},{"@type":"ListItem","position":2,"name":"DORLI BLAGA (n. 2 mai 1930 \u2013 d. 15 noiembrie 2021) Povestea Doamnei cu nume de \u201eDor&#8221;"}]},{"@type":"WebSite","@id":"https:\/\/urbeamea.ro\/albaiulia\/#website","url":"https:\/\/urbeamea.ro\/albaiulia\/","name":"Revista Urbea Mea, Stiri urbane","description":"Evenimente \u0219i \u0219tiri din Alba Iulia, Sebe\u0219, Aiud, Blaj","potentialAction":[{"@type":"SearchAction","target":{"@type":"EntryPoint","urlTemplate":"https:\/\/urbeamea.ro\/albaiulia\/?s={search_term_string}"},"query-input":{"@type":"PropertyValueSpecification","valueRequired":true,"valueName":"search_term_string"}}],"inLanguage":"ro-RO"},{"@type":"Person","@id":"https:\/\/urbeamea.ro\/albaiulia\/#\/schema\/person\/272ae98052f8ee8980f59848df070247","name":"Redac\u021bia UrbeaMea","image":{"@type":"ImageObject","inLanguage":"ro-RO","@id":"https:\/\/secure.gravatar.com\/avatar\/9ce5a9435071fa1037e8468053ead8e513dbbff59009d3069aadb85506d85a27?s=96&d=mm&r=g","url":"https:\/\/secure.gravatar.com\/avatar\/9ce5a9435071fa1037e8468053ead8e513dbbff59009d3069aadb85506d85a27?s=96&d=mm&r=g","contentUrl":"https:\/\/secure.gravatar.com\/avatar\/9ce5a9435071fa1037e8468053ead8e513dbbff59009d3069aadb85506d85a27?s=96&d=mm&r=g","caption":"Redac\u021bia UrbeaMea"},"description":"contact@urbeamea.ro","sameAs":["https:\/\/www.urbeamea.ro"],"url":"https:\/\/urbeamea.ro\/albaiulia\/author\/redactia-urbeamea\/"}]}},"_links":{"self":[{"href":"https:\/\/urbeamea.ro\/albaiulia\/wp-json\/wp\/v2\/posts\/99029","targetHints":{"allow":["GET"]}}],"collection":[{"href":"https:\/\/urbeamea.ro\/albaiulia\/wp-json\/wp\/v2\/posts"}],"about":[{"href":"https:\/\/urbeamea.ro\/albaiulia\/wp-json\/wp\/v2\/types\/post"}],"author":[{"embeddable":true,"href":"https:\/\/urbeamea.ro\/albaiulia\/wp-json\/wp\/v2\/users\/16"}],"replies":[{"embeddable":true,"href":"https:\/\/urbeamea.ro\/albaiulia\/wp-json\/wp\/v2\/comments?post=99029"}],"version-history":[{"count":1,"href":"https:\/\/urbeamea.ro\/albaiulia\/wp-json\/wp\/v2\/posts\/99029\/revisions"}],"predecessor-version":[{"id":99034,"href":"https:\/\/urbeamea.ro\/albaiulia\/wp-json\/wp\/v2\/posts\/99029\/revisions\/99034"}],"wp:featuredmedia":[{"embeddable":true,"href":"https:\/\/urbeamea.ro\/albaiulia\/wp-json\/wp\/v2\/media\/99033"}],"wp:attachment":[{"href":"https:\/\/urbeamea.ro\/albaiulia\/wp-json\/wp\/v2\/media?parent=99029"}],"wp:term":[{"taxonomy":"category","embeddable":true,"href":"https:\/\/urbeamea.ro\/albaiulia\/wp-json\/wp\/v2\/categories?post=99029"},{"taxonomy":"post_tag","embeddable":true,"href":"https:\/\/urbeamea.ro\/albaiulia\/wp-json\/wp\/v2\/tags?post=99029"}],"curies":[{"name":"wp","href":"https:\/\/api.w.org\/{rel}","templated":true}]}}