{"id":99663,"date":"2022-01-07T16:36:33","date_gmt":"2022-01-07T14:36:33","guid":{"rendered":"https:\/\/urbeamea.ro\/albaiulia\/?p=99663"},"modified":"2022-01-07T16:37:56","modified_gmt":"2022-01-07T14:37:56","slug":"ce-poti-face-in-acest-weekend","status":"publish","type":"post","link":"https:\/\/urbeamea.ro\/albaiulia\/ce-poti-face-in-acest-weekend\/","title":{"rendered":"Ce po\u021bi face \u00een acest weekend?"},"content":{"rendered":"\n<h3 class=\"wp-block-heading\">\u00cen primul weekend din 2022, \u00een Alba Iulia \u0219i prin apropiere, te a\u0219teapt\u0103 c\u00e2teva evenimente la care \u00ee\u021bi po\u021bi petrece ultimele zile libere din vacan\u021ba de iarn\u0103. <\/h3>\n\n\n\n<p class=\"wp-block-paragraph\">Drume\u021bii pe munte, ie\u0219iri la schi \u0219i snowboard, petrecere \u00een club, ac\u021biune de reciclare a de\u0219eurilor electrice \u0219i electronice, via ferrata \u0219i o expozi\u021bie de art\u0103 sunt c\u00e2teva dintre evenimentele la care po\u021bi lua parte \u00een aceste zile.<\/p>\n\n\n\n<p class=\"wp-block-paragraph\">De vineri, de la 07:00 p\u00e2n\u0103 duminic\u0103 la 18:00, <a href=\"https:\/\/www.facebook.com\/events\/947497239203311\/\">Trip2Rip Transalpina &#8211; 7-9 Ian Party weekend<\/a> organizat de Snow Rippers la domeniul schiabil Transalpina \u2013 Voineasa.<br>Organizatorii te a\u0219teapt\u0103 s\u0103 te bucuri de p\u00e2rtie, s\u0103 bei un pahar de vin fiert \u00eentre 2 cobor\u00e2ri \u0219i s\u0103 practici activitatea preferat\u0103 de schi sau snowboard al\u0103turi de ga\u0219ca nebun\u0103!<\/p>\n\n\n\n<p class=\"wp-block-paragraph\">Vineri seara, de la 18:00, <a href=\"https:\/\/www.facebook.com\/events\/1588189938207518\/\" target=\"_blank\" rel=\"noreferrer noopener\">Dance, Dance, Dance<\/a> la Irish Pub Erol.<br>\u00cen Irish Pub Erol, \u00een fiecare weekend, de la ora 18 pute\u021bi petrece momente de bun\u0103 dispozi\u021bie at\u00e2t de necesare \u00een via\u021ba noastr\u0103.<\/p>\n\n\n\n<figure class=\"wp-block-image size-large\"><img loading=\"lazy\" decoding=\"async\" width=\"1600\" height=\"900\" src=\"https:\/\/urbeamea.ro\/albaiulia\/wp-content\/uploads\/2022\/01\/263464110_1822418667955671_6164768279157807240_n-edited.jpg\" alt=\"\" class=\"wp-image-99665\" srcset=\"https:\/\/urbeamea.ro\/albaiulia\/wp-content\/uploads\/2022\/01\/263464110_1822418667955671_6164768279157807240_n-edited.jpg 1600w, https:\/\/urbeamea.ro\/albaiulia\/wp-content\/uploads\/2022\/01\/263464110_1822418667955671_6164768279157807240_n-edited-640x360.jpg 640w, https:\/\/urbeamea.ro\/albaiulia\/wp-content\/uploads\/2022\/01\/263464110_1822418667955671_6164768279157807240_n-edited-1280x720.jpg 1280w, https:\/\/urbeamea.ro\/albaiulia\/wp-content\/uploads\/2022\/01\/263464110_1822418667955671_6164768279157807240_n-edited-150x84.jpg 150w, https:\/\/urbeamea.ro\/albaiulia\/wp-content\/uploads\/2022\/01\/263464110_1822418667955671_6164768279157807240_n-edited-768x432.jpg 768w, https:\/\/urbeamea.ro\/albaiulia\/wp-content\/uploads\/2022\/01\/263464110_1822418667955671_6164768279157807240_n-edited-1536x864.jpg 1536w, https:\/\/urbeamea.ro\/albaiulia\/wp-content\/uploads\/2022\/01\/263464110_1822418667955671_6164768279157807240_n-edited-390x220.jpg 390w\" sizes=\"auto, (max-width: 1600px) 100vw, 1600px\" \/><\/figure>\n\n\n\n<p class=\"wp-block-paragraph\">S\u00e2mb\u0103t\u0103, de la 06:00 la 21:00, <a href=\"https:\/\/www.facebook.com\/events\/629901318024592\/\" target=\"_blank\" rel=\"noreferrer noopener\">Drume\u021bie rachete V\u00e2rful Cucurb\u0103ta Mare<\/a> organizat\u0103 de Active Weekends Cluj.<br>Sezonul de rachete \u00eencepe cu un traseu pe cel mai \u00eenalt v\u00e2rf al Mun\u021bilor Apuseni &#8211; V\u00e2rful Cucurb\u0103ta Mare (1849 metri). Persoanele care nu de\u021bin rachete, vor primi de la organizator.<\/p>\n\n\n\n<figure class=\"wp-block-image size-full\"><img loading=\"lazy\" decoding=\"async\" width=\"1280\" height=\"720\" src=\"https:\/\/urbeamea.ro\/albaiulia\/wp-content\/uploads\/2022\/01\/271039547_450234503442954_7769312683408908925_n.jpg\" alt=\"\" class=\"wp-image-99666\" srcset=\"https:\/\/urbeamea.ro\/albaiulia\/wp-content\/uploads\/2022\/01\/271039547_450234503442954_7769312683408908925_n.jpg 1280w, https:\/\/urbeamea.ro\/albaiulia\/wp-content\/uploads\/2022\/01\/271039547_450234503442954_7769312683408908925_n-640x360.jpg 640w, https:\/\/urbeamea.ro\/albaiulia\/wp-content\/uploads\/2022\/01\/271039547_450234503442954_7769312683408908925_n-150x84.jpg 150w, https:\/\/urbeamea.ro\/albaiulia\/wp-content\/uploads\/2022\/01\/271039547_450234503442954_7769312683408908925_n-768x432.jpg 768w, https:\/\/urbeamea.ro\/albaiulia\/wp-content\/uploads\/2022\/01\/271039547_450234503442954_7769312683408908925_n-390x220.jpg 390w\" sizes=\"auto, (max-width: 1280px) 100vw, 1280px\" \/><\/figure>\n\n\n\n<p class=\"wp-block-paragraph\">S\u00e2mb\u0103t\u0103, de la 09:00 la 17:00, <a href=\"https:\/\/www.facebook.com\/events\/1048710662359883\" target=\"_blank\" rel=\"noreferrer noopener\">Colectare De\u0219euri Electrice \u00een Aiud<\/a> organizat de <a href=\"https:\/\/www.facebook.com\/Roecollect.ro\/\">RoEcollect<\/a> \u0219i <a href=\"https:\/\/www.facebook.com\/primariamunicipiuluiaiud\/\">Prim\u0103ria Municipiului Aiud<\/a>.<br>Campanie de colectare a de\u0219eurilor de echipamente electrice \u0219i electronice \u00een Aiud.<\/p>\n\n\n\n<figure class=\"wp-block-image size-large\"><img loading=\"lazy\" decoding=\"async\" width=\"1280\" height=\"670\" src=\"https:\/\/urbeamea.ro\/albaiulia\/wp-content\/uploads\/2022\/01\/270180836_971925823734859_3179400298888774660_n-1280x670.jpg\" alt=\"\" class=\"wp-image-99667\" srcset=\"https:\/\/urbeamea.ro\/albaiulia\/wp-content\/uploads\/2022\/01\/270180836_971925823734859_3179400298888774660_n-1280x670.jpg 1280w, https:\/\/urbeamea.ro\/albaiulia\/wp-content\/uploads\/2022\/01\/270180836_971925823734859_3179400298888774660_n-640x335.jpg 640w, https:\/\/urbeamea.ro\/albaiulia\/wp-content\/uploads\/2022\/01\/270180836_971925823734859_3179400298888774660_n-150x79.jpg 150w, https:\/\/urbeamea.ro\/albaiulia\/wp-content\/uploads\/2022\/01\/270180836_971925823734859_3179400298888774660_n-768x402.jpg 768w, https:\/\/urbeamea.ro\/albaiulia\/wp-content\/uploads\/2022\/01\/270180836_971925823734859_3179400298888774660_n-1536x804.jpg 1536w, https:\/\/urbeamea.ro\/albaiulia\/wp-content\/uploads\/2022\/01\/270180836_971925823734859_3179400298888774660_n.jpg 1600w\" sizes=\"auto, (max-width: 1280px) 100vw, 1280px\" \/><\/figure>\n\n\n\n<p class=\"wp-block-paragraph\">S\u00e2mb\u0103t\u0103, de la 17:00, <a href=\"https:\/\/www.facebook.com\/events\/324486566136074\/\" target=\"_blank\" rel=\"noreferrer noopener\">Eidos sau c\u00e2nd ideea trece \u00een form\u0103<\/a> organizat la Hangar &#8211; F.<br>Alexandru Mihai Bude\u0219 expune pentru prima dat\u0103 \u00een ora\u0219ul natal, la 10 ani dup\u0103 finalizarea Liceului de Muzic\u0103 \u0219i Arte Plastice Alba \u0219i p\u0103r\u0103sirea acestuia pentru studiile superioare&#8230;un drum ce l-a condus din ce \u00een ce mai departe.<\/p>\n\n\n\n<p class=\"wp-block-paragraph\">Duminic\u0103, de la 08:00 la 18:00, <a href=\"https:\/\/www.facebook.com\/events\/324143669263211\/\" target=\"_blank\" rel=\"noreferrer noopener\">Drume\u021bie rachete de z\u0103pad\u0103 Muntele Mare<\/a> organizat\u0103 de Active Weekends Cluj.<br>E\u0219ti invitat\/\u0103 la o drume\u021bie pe rachete de z\u0103pad\u0103 \u00een Masivul Muntele Mare. Vei parcurge por\u021biuni s\u0103lbatice cu z\u0103pad\u0103 neatins\u0103 \u0219i vei admira peisajele de la Piatra C\u00e2nt\u0103toare, unul din cele mai spectaculoase puncte de belvedere ale Mun\u021bilor Apuseni.<\/p>\n\n\n\n<figure class=\"wp-block-image size-large\"><img loading=\"lazy\" decoding=\"async\" width=\"1600\" height=\"900\" src=\"https:\/\/urbeamea.ro\/albaiulia\/wp-content\/uploads\/2022\/01\/271189948_151338733910001_4384840178770313408_n-edited.jpg\" alt=\"\" class=\"wp-image-99669\" srcset=\"https:\/\/urbeamea.ro\/albaiulia\/wp-content\/uploads\/2022\/01\/271189948_151338733910001_4384840178770313408_n-edited.jpg 1600w, https:\/\/urbeamea.ro\/albaiulia\/wp-content\/uploads\/2022\/01\/271189948_151338733910001_4384840178770313408_n-edited-640x360.jpg 640w, https:\/\/urbeamea.ro\/albaiulia\/wp-content\/uploads\/2022\/01\/271189948_151338733910001_4384840178770313408_n-edited-1280x720.jpg 1280w, https:\/\/urbeamea.ro\/albaiulia\/wp-content\/uploads\/2022\/01\/271189948_151338733910001_4384840178770313408_n-edited-150x84.jpg 150w, https:\/\/urbeamea.ro\/albaiulia\/wp-content\/uploads\/2022\/01\/271189948_151338733910001_4384840178770313408_n-edited-768x432.jpg 768w, https:\/\/urbeamea.ro\/albaiulia\/wp-content\/uploads\/2022\/01\/271189948_151338733910001_4384840178770313408_n-edited-1536x864.jpg 1536w, https:\/\/urbeamea.ro\/albaiulia\/wp-content\/uploads\/2022\/01\/271189948_151338733910001_4384840178770313408_n-edited-390x220.jpg 390w\" sizes=\"auto, (max-width: 1600px) 100vw, 1600px\" \/><\/figure>\n\n\n\n<p class=\"wp-block-paragraph\">Duminic\u0103, de la 10:30, <a rel=\"noreferrer noopener\" href=\"https:\/\/www.facebook.com\/events\/1038240733692172\/\" target=\"_blank\">Mi\u0219care \u0219i conectare \u00een natur\u0103 spre Piatra Secuiului<\/a> organizat\u0103 de Asocia\u021bia Energia Mi\u0219c\u0103rii \u0219i Spartan Training Group Baia Mare la Rimetea.<br>Sub deviza nici o s\u0103pt\u0103m\u00e2n\u0103 f\u0103r\u0103 mi\u0219care \u00een aer liber e\u0219ti provocat duminic\u0103, 9 ianuarie, la o nou\u0103 c\u0103l\u0103torie, explorare, cunoa\u0219tere \u0219i conectare \u00een natur\u0103.<\/p>\n\n\n\n<p class=\"wp-block-paragraph\">Duminic\u0103, de la 12:00, <a href=\"https:\/\/www.facebook.com\/events\/945625853013269\/\" target=\"_blank\" rel=\"noreferrer noopener\">Via ferrata pe zapad\u0103 la Pietrele Negre<\/a> organizat de Aventura Bihor la Arie\u0219eni.<br>Z\u0103pada nu s-a topit \u00een ciuda temperturilor ridicare din ultimele zile, iar noi vrem s\u0103 profit\u0103m pentru a urca un traseu de Via Ferrata din V\u00e2rtop\/Arie\u0219eni pe z\u0103pad\u0103 \u00een condi\u021bii de iarn\u0103 \u0219i dificultate sporit\u0103.<\/p>\n\n\n\n<p class=\"wp-block-paragraph\">Info oferite cu ajutorul prietenului nostru <strong>Marius Rusu<\/strong>.<\/p>\n","protected":false},"excerpt":{"rendered":"<p>\u00cen primul weekend din 2022, \u00een Alba Iulia \u0219i prin apropiere, te a\u0219teapt\u0103 c\u00e2teva evenimente la care \u00ee\u021bi po\u021bi petrece ultimele zile libere din vacan\u021ba de iarn\u0103. Drume\u021bii pe munte, ie\u0219iri la schi \u0219i snowboard, petrecere \u00een club, ac\u021biune de reciclare a de\u0219eurilor electrice \u0219i electronice, via ferrata \u0219i o expozi\u021bie de art\u0103 sunt c\u00e2teva &hellip;<\/p>\n","protected":false},"author":5,"featured_media":98638,"comment_status":"open","ping_status":"open","sticky":false,"template":"","format":"standard","meta":{"inline_featured_image":false,"footnotes":""},"categories":[4],"tags":[23919,23915,23918,14926,2024,5906,23750,23917,23916],"class_list":["post-99663","post","type-post","status-publish","format-standard","has-post-thumbnail","hentry","category-eveniment","tag-active-weekends-cluj","tag-ce-poti-face-in-weekend","tag-eidos","tag-evenimente-alba","tag-irish-pub-erol","tag-piatra-secuiului","tag-roecollect","tag-trip2rip-transalpina","tag-via-ferrata"],"yoast_head":"<!-- This site is optimized with the Yoast SEO plugin v28.3 - https:\/\/yoast.com\/product\/yoast-seo-wordpress\/ -->\n<title>Ce po\u021bi face \u00een acest weekend? - Revista Urbea Mea - Revista de Alba<\/title>\n<meta name=\"description\" content=\"\u00cen primul weekend din 2022, \u00een Alba Iulia \u0219i prin apropiere, te a\u0219teapt\u0103 c\u00e2teva evenimente la care \u00ee\u021bi po\u021bi petrece ultimele zile libere din vacan\u021ba de\" \/>\n<meta name=\"robots\" content=\"index, follow, max-snippet:-1, max-image-preview:large, max-video-preview:-1\" \/>\n<link rel=\"canonical\" href=\"https:\/\/urbeamea.ro\/albaiulia\/ce-poti-face-in-acest-weekend\/\" \/>\n<meta name=\"twitter:card\" content=\"summary_large_image\" \/>\n<meta name=\"twitter:title\" content=\"Ce po\u021bi face \u00een acest weekend? - Revista Urbea Mea - Revista de Alba\" \/>\n<meta name=\"twitter:description\" content=\"\u00cen primul weekend din 2022, \u00een Alba Iulia \u0219i prin apropiere, te a\u0219teapt\u0103 c\u00e2teva evenimente la care \u00ee\u021bi po\u021bi petrece ultimele zile libere din vacan\u021ba de\" \/>\n<meta name=\"twitter:image\" content=\"https:\/\/urbeamea.ro\/albaiulia\/wp-content\/uploads\/2021\/10\/img_postare-evenimente-optim.jpg\" \/>\n<meta name=\"twitter:creator\" content=\"@urbeameaweb\" \/>\n<meta name=\"twitter:site\" content=\"@urbeameaweb\" \/>\n<script type=\"application\/ld+json\" class=\"yoast-schema-graph\">{\"@context\":\"https:\\\/\\\/schema.org\",\"@graph\":[{\"@type\":\"Article\",\"@id\":\"https:\\\/\\\/urbeamea.ro\\\/albaiulia\\\/ce-poti-face-in-acest-weekend\\\/#article\",\"isPartOf\":{\"@id\":\"https:\\\/\\\/urbeamea.ro\\\/albaiulia\\\/ce-poti-face-in-acest-weekend\\\/\"},\"author\":{\"name\":\"Bogdan P\u0103unescu\",\"@id\":\"https:\\\/\\\/urbeamea.ro\\\/albaiulia\\\/#\\\/schema\\\/person\\\/a115373ce8153754c6b084232d985956\"},\"headline\":\"Ce po\u021bi face \u00een acest weekend?\",\"datePublished\":\"2022-01-07T14:36:33+00:00\",\"dateModified\":\"2022-01-07T14:37:56+00:00\",\"mainEntityOfPage\":{\"@id\":\"https:\\\/\\\/urbeamea.ro\\\/albaiulia\\\/ce-poti-face-in-acest-weekend\\\/\"},\"wordCount\":518,\"commentCount\":0,\"image\":{\"@id\":\"https:\\\/\\\/urbeamea.ro\\\/albaiulia\\\/ce-poti-face-in-acest-weekend\\\/#primaryimage\"},\"thumbnailUrl\":\"https:\\\/\\\/urbeamea.ro\\\/albaiulia\\\/wp-content\\\/uploads\\\/2021\\\/10\\\/img_postare-evenimente-optim.jpg\",\"keywords\":[\"Active Weekends Cluj\",\"Ce poti face in weekend\",\"Eidos\",\"evenimente alba\",\"irish pub erol\",\"piatra secuiului\",\"RoEcollect\",\"Trip2Rip Transalpina\",\"Via Ferrata\"],\"articleSection\":[\"Evenimente\"],\"inLanguage\":\"ro-RO\",\"potentialAction\":[{\"@type\":\"CommentAction\",\"name\":\"Comment\",\"target\":[\"https:\\\/\\\/urbeamea.ro\\\/albaiulia\\\/ce-poti-face-in-acest-weekend\\\/#respond\"]}]},{\"@type\":\"WebPage\",\"@id\":\"https:\\\/\\\/urbeamea.ro\\\/albaiulia\\\/ce-poti-face-in-acest-weekend\\\/\",\"url\":\"https:\\\/\\\/urbeamea.ro\\\/albaiulia\\\/ce-poti-face-in-acest-weekend\\\/\",\"name\":\"Ce po\u021bi face \u00een acest weekend? - Revista Urbea Mea - Revista de Alba\",\"isPartOf\":{\"@id\":\"https:\\\/\\\/urbeamea.ro\\\/albaiulia\\\/#website\"},\"primaryImageOfPage\":{\"@id\":\"https:\\\/\\\/urbeamea.ro\\\/albaiulia\\\/ce-poti-face-in-acest-weekend\\\/#primaryimage\"},\"image\":{\"@id\":\"https:\\\/\\\/urbeamea.ro\\\/albaiulia\\\/ce-poti-face-in-acest-weekend\\\/#primaryimage\"},\"thumbnailUrl\":\"https:\\\/\\\/urbeamea.ro\\\/albaiulia\\\/wp-content\\\/uploads\\\/2021\\\/10\\\/img_postare-evenimente-optim.jpg\",\"datePublished\":\"2022-01-07T14:36:33+00:00\",\"dateModified\":\"2022-01-07T14:37:56+00:00\",\"author\":{\"@id\":\"https:\\\/\\\/urbeamea.ro\\\/albaiulia\\\/#\\\/schema\\\/person\\\/a115373ce8153754c6b084232d985956\"},\"description\":\"\u00cen primul weekend din 2022, \u00een Alba Iulia \u0219i prin apropiere, te a\u0219teapt\u0103 c\u00e2teva evenimente la care \u00ee\u021bi po\u021bi petrece ultimele zile libere din vacan\u021ba de\",\"breadcrumb\":{\"@id\":\"https:\\\/\\\/urbeamea.ro\\\/albaiulia\\\/ce-poti-face-in-acest-weekend\\\/#breadcrumb\"},\"inLanguage\":\"ro-RO\",\"potentialAction\":[{\"@type\":\"ReadAction\",\"target\":[\"https:\\\/\\\/urbeamea.ro\\\/albaiulia\\\/ce-poti-face-in-acest-weekend\\\/\"]}]},{\"@type\":\"ImageObject\",\"inLanguage\":\"ro-RO\",\"@id\":\"https:\\\/\\\/urbeamea.ro\\\/albaiulia\\\/ce-poti-face-in-acest-weekend\\\/#primaryimage\",\"url\":\"https:\\\/\\\/urbeamea.ro\\\/albaiulia\\\/wp-content\\\/uploads\\\/2021\\\/10\\\/img_postare-evenimente-optim.jpg\",\"contentUrl\":\"https:\\\/\\\/urbeamea.ro\\\/albaiulia\\\/wp-content\\\/uploads\\\/2021\\\/10\\\/img_postare-evenimente-optim.jpg\",\"width\":1200,\"height\":1000},{\"@type\":\"BreadcrumbList\",\"@id\":\"https:\\\/\\\/urbeamea.ro\\\/albaiulia\\\/ce-poti-face-in-acest-weekend\\\/#breadcrumb\",\"itemListElement\":[{\"@type\":\"ListItem\",\"position\":1,\"name\":\"Prima pagin\u0103\",\"item\":\"https:\\\/\\\/urbeamea.ro\\\/albaiulia\\\/\"},{\"@type\":\"ListItem\",\"position\":2,\"name\":\"Ce po\u021bi face \u00een acest weekend?\"}]},{\"@type\":\"WebSite\",\"@id\":\"https:\\\/\\\/urbeamea.ro\\\/albaiulia\\\/#website\",\"url\":\"https:\\\/\\\/urbeamea.ro\\\/albaiulia\\\/\",\"name\":\"Revista Urbea Mea, Stiri urbane\",\"description\":\"Evenimente \u0219i \u0219tiri din Alba Iulia, Sebe\u0219, Aiud, Blaj\",\"potentialAction\":[{\"@type\":\"SearchAction\",\"target\":{\"@type\":\"EntryPoint\",\"urlTemplate\":\"https:\\\/\\\/urbeamea.ro\\\/albaiulia\\\/?s={search_term_string}\"},\"query-input\":{\"@type\":\"PropertyValueSpecification\",\"valueRequired\":true,\"valueName\":\"search_term_string\"}}],\"inLanguage\":\"ro-RO\"},{\"@type\":\"Person\",\"@id\":\"https:\\\/\\\/urbeamea.ro\\\/albaiulia\\\/#\\\/schema\\\/person\\\/a115373ce8153754c6b084232d985956\",\"name\":\"Bogdan P\u0103unescu\",\"image\":{\"@type\":\"ImageObject\",\"inLanguage\":\"ro-RO\",\"@id\":\"https:\\\/\\\/secure.gravatar.com\\\/avatar\\\/f72aa881b5a32ea110a53aabc2049429e3ff68fcb09d283722d01fbf330e9dd9?s=96&d=mm&r=g\",\"url\":\"https:\\\/\\\/secure.gravatar.com\\\/avatar\\\/f72aa881b5a32ea110a53aabc2049429e3ff68fcb09d283722d01fbf330e9dd9?s=96&d=mm&r=g\",\"contentUrl\":\"https:\\\/\\\/secure.gravatar.com\\\/avatar\\\/f72aa881b5a32ea110a53aabc2049429e3ff68fcb09d283722d01fbf330e9dd9?s=96&d=mm&r=g\",\"caption\":\"Bogdan P\u0103unescu\"},\"description\":\"\u00cemi place tot ceea ce este legat de web \u015fi ajut la dezvoltarea \u015fi \u00eembun\u0103t\u0103\u0163irea lui prin tot ceea ce fac.\",\"sameAs\":[\"https:\\\/\\\/www.artonmedia.ro\",\"https:\\\/\\\/www.facebook.com\\\/bogdanvpaunescu\"],\"url\":\"https:\\\/\\\/urbeamea.ro\\\/albaiulia\\\/author\\\/bogdan-paunescu\\\/\"}]}<\/script>\n<!-- \/ Yoast SEO plugin. -->","yoast_head_json":{"title":"Ce po\u021bi face \u00een acest weekend? - Revista Urbea Mea - Revista de Alba","description":"\u00cen primul weekend din 2022, \u00een Alba Iulia \u0219i prin apropiere, te a\u0219teapt\u0103 c\u00e2teva evenimente la care \u00ee\u021bi po\u021bi petrece ultimele zile libere din vacan\u021ba de","robots":{"index":"index","follow":"follow","max-snippet":"max-snippet:-1","max-image-preview":"max-image-preview:large","max-video-preview":"max-video-preview:-1"},"canonical":"https:\/\/urbeamea.ro\/albaiulia\/ce-poti-face-in-acest-weekend\/","twitter_card":"summary_large_image","twitter_title":"Ce po\u021bi face \u00een acest weekend? - Revista Urbea Mea - Revista de Alba","twitter_description":"\u00cen primul weekend din 2022, \u00een Alba Iulia \u0219i prin apropiere, te a\u0219teapt\u0103 c\u00e2teva evenimente la care \u00ee\u021bi po\u021bi petrece ultimele zile libere din vacan\u021ba de","twitter_image":"https:\/\/urbeamea.ro\/albaiulia\/wp-content\/uploads\/2021\/10\/img_postare-evenimente-optim.jpg","twitter_creator":"@urbeameaweb","twitter_site":"@urbeameaweb","schema":{"@context":"https:\/\/schema.org","@graph":[{"@type":"Article","@id":"https:\/\/urbeamea.ro\/albaiulia\/ce-poti-face-in-acest-weekend\/#article","isPartOf":{"@id":"https:\/\/urbeamea.ro\/albaiulia\/ce-poti-face-in-acest-weekend\/"},"author":{"name":"Bogdan P\u0103unescu","@id":"https:\/\/urbeamea.ro\/albaiulia\/#\/schema\/person\/a115373ce8153754c6b084232d985956"},"headline":"Ce po\u021bi face \u00een acest weekend?","datePublished":"2022-01-07T14:36:33+00:00","dateModified":"2022-01-07T14:37:56+00:00","mainEntityOfPage":{"@id":"https:\/\/urbeamea.ro\/albaiulia\/ce-poti-face-in-acest-weekend\/"},"wordCount":518,"commentCount":0,"image":{"@id":"https:\/\/urbeamea.ro\/albaiulia\/ce-poti-face-in-acest-weekend\/#primaryimage"},"thumbnailUrl":"https:\/\/urbeamea.ro\/albaiulia\/wp-content\/uploads\/2021\/10\/img_postare-evenimente-optim.jpg","keywords":["Active Weekends Cluj","Ce poti face in weekend","Eidos","evenimente alba","irish pub erol","piatra secuiului","RoEcollect","Trip2Rip Transalpina","Via Ferrata"],"articleSection":["Evenimente"],"inLanguage":"ro-RO","potentialAction":[{"@type":"CommentAction","name":"Comment","target":["https:\/\/urbeamea.ro\/albaiulia\/ce-poti-face-in-acest-weekend\/#respond"]}]},{"@type":"WebPage","@id":"https:\/\/urbeamea.ro\/albaiulia\/ce-poti-face-in-acest-weekend\/","url":"https:\/\/urbeamea.ro\/albaiulia\/ce-poti-face-in-acest-weekend\/","name":"Ce po\u021bi face \u00een acest weekend? - Revista Urbea Mea - Revista de Alba","isPartOf":{"@id":"https:\/\/urbeamea.ro\/albaiulia\/#website"},"primaryImageOfPage":{"@id":"https:\/\/urbeamea.ro\/albaiulia\/ce-poti-face-in-acest-weekend\/#primaryimage"},"image":{"@id":"https:\/\/urbeamea.ro\/albaiulia\/ce-poti-face-in-acest-weekend\/#primaryimage"},"thumbnailUrl":"https:\/\/urbeamea.ro\/albaiulia\/wp-content\/uploads\/2021\/10\/img_postare-evenimente-optim.jpg","datePublished":"2022-01-07T14:36:33+00:00","dateModified":"2022-01-07T14:37:56+00:00","author":{"@id":"https:\/\/urbeamea.ro\/albaiulia\/#\/schema\/person\/a115373ce8153754c6b084232d985956"},"description":"\u00cen primul weekend din 2022, \u00een Alba Iulia \u0219i prin apropiere, te a\u0219teapt\u0103 c\u00e2teva evenimente la care \u00ee\u021bi po\u021bi petrece ultimele zile libere din vacan\u021ba de","breadcrumb":{"@id":"https:\/\/urbeamea.ro\/albaiulia\/ce-poti-face-in-acest-weekend\/#breadcrumb"},"inLanguage":"ro-RO","potentialAction":[{"@type":"ReadAction","target":["https:\/\/urbeamea.ro\/albaiulia\/ce-poti-face-in-acest-weekend\/"]}]},{"@type":"ImageObject","inLanguage":"ro-RO","@id":"https:\/\/urbeamea.ro\/albaiulia\/ce-poti-face-in-acest-weekend\/#primaryimage","url":"https:\/\/urbeamea.ro\/albaiulia\/wp-content\/uploads\/2021\/10\/img_postare-evenimente-optim.jpg","contentUrl":"https:\/\/urbeamea.ro\/albaiulia\/wp-content\/uploads\/2021\/10\/img_postare-evenimente-optim.jpg","width":1200,"height":1000},{"@type":"BreadcrumbList","@id":"https:\/\/urbeamea.ro\/albaiulia\/ce-poti-face-in-acest-weekend\/#breadcrumb","itemListElement":[{"@type":"ListItem","position":1,"name":"Prima pagin\u0103","item":"https:\/\/urbeamea.ro\/albaiulia\/"},{"@type":"ListItem","position":2,"name":"Ce po\u021bi face \u00een acest weekend?"}]},{"@type":"WebSite","@id":"https:\/\/urbeamea.ro\/albaiulia\/#website","url":"https:\/\/urbeamea.ro\/albaiulia\/","name":"Revista Urbea Mea, Stiri urbane","description":"Evenimente \u0219i \u0219tiri din Alba Iulia, Sebe\u0219, Aiud, Blaj","potentialAction":[{"@type":"SearchAction","target":{"@type":"EntryPoint","urlTemplate":"https:\/\/urbeamea.ro\/albaiulia\/?s={search_term_string}"},"query-input":{"@type":"PropertyValueSpecification","valueRequired":true,"valueName":"search_term_string"}}],"inLanguage":"ro-RO"},{"@type":"Person","@id":"https:\/\/urbeamea.ro\/albaiulia\/#\/schema\/person\/a115373ce8153754c6b084232d985956","name":"Bogdan P\u0103unescu","image":{"@type":"ImageObject","inLanguage":"ro-RO","@id":"https:\/\/secure.gravatar.com\/avatar\/f72aa881b5a32ea110a53aabc2049429e3ff68fcb09d283722d01fbf330e9dd9?s=96&d=mm&r=g","url":"https:\/\/secure.gravatar.com\/avatar\/f72aa881b5a32ea110a53aabc2049429e3ff68fcb09d283722d01fbf330e9dd9?s=96&d=mm&r=g","contentUrl":"https:\/\/secure.gravatar.com\/avatar\/f72aa881b5a32ea110a53aabc2049429e3ff68fcb09d283722d01fbf330e9dd9?s=96&d=mm&r=g","caption":"Bogdan P\u0103unescu"},"description":"\u00cemi place tot ceea ce este legat de web \u015fi ajut la dezvoltarea \u015fi \u00eembun\u0103t\u0103\u0163irea lui prin tot ceea ce fac.","sameAs":["https:\/\/www.artonmedia.ro","https:\/\/www.facebook.com\/bogdanvpaunescu"],"url":"https:\/\/urbeamea.ro\/albaiulia\/author\/bogdan-paunescu\/"}]}},"_links":{"self":[{"href":"https:\/\/urbeamea.ro\/albaiulia\/wp-json\/wp\/v2\/posts\/99663","targetHints":{"allow":["GET"]}}],"collection":[{"href":"https:\/\/urbeamea.ro\/albaiulia\/wp-json\/wp\/v2\/posts"}],"about":[{"href":"https:\/\/urbeamea.ro\/albaiulia\/wp-json\/wp\/v2\/types\/post"}],"author":[{"embeddable":true,"href":"https:\/\/urbeamea.ro\/albaiulia\/wp-json\/wp\/v2\/users\/5"}],"replies":[{"embeddable":true,"href":"https:\/\/urbeamea.ro\/albaiulia\/wp-json\/wp\/v2\/comments?post=99663"}],"version-history":[{"count":2,"href":"https:\/\/urbeamea.ro\/albaiulia\/wp-json\/wp\/v2\/posts\/99663\/revisions"}],"predecessor-version":[{"id":99671,"href":"https:\/\/urbeamea.ro\/albaiulia\/wp-json\/wp\/v2\/posts\/99663\/revisions\/99671"}],"wp:featuredmedia":[{"embeddable":true,"href":"https:\/\/urbeamea.ro\/albaiulia\/wp-json\/wp\/v2\/media\/98638"}],"wp:attachment":[{"href":"https:\/\/urbeamea.ro\/albaiulia\/wp-json\/wp\/v2\/media?parent=99663"}],"wp:term":[{"taxonomy":"category","embeddable":true,"href":"https:\/\/urbeamea.ro\/albaiulia\/wp-json\/wp\/v2\/categories?post=99663"},{"taxonomy":"post_tag","embeddable":true,"href":"https:\/\/urbeamea.ro\/albaiulia\/wp-json\/wp\/v2\/tags?post=99663"}],"curies":[{"name":"wp","href":"https:\/\/api.w.org\/{rel}","templated":true}]}}