{"id":99672,"date":"2022-01-07T16:55:03","date_gmt":"2022-01-07T14:55:03","guid":{"rendered":"https:\/\/urbeamea.ro\/albaiulia\/?p=99672"},"modified":"2022-01-08T13:19:00","modified_gmt":"2022-01-08T11:19:00","slug":"la-primaria-alba-iulia-impozitele-se-vor-plati-din-data-de-10-ianuarie-2022","status":"publish","type":"post","link":"https:\/\/urbeamea.ro\/albaiulia\/la-primaria-alba-iulia-impozitele-se-vor-plati-din-data-de-10-ianuarie-2022\/","title":{"rendered":"La Prim\u0103ria Alba Iulia, IMPOZITELE se vor pl\u0103ti din data de 10 ianuarie 2022"},"content":{"rendered":"\n<p class=\"wp-block-paragraph\">\u00cencep\u00e2nd de\u00a0<strong><em>LUNI, 10 ianuarie 2022<\/em><\/strong>, la Prim\u0103ria Alba Iulia se vor putea pl\u0103ti IMPOZITELE pe cl\u0103diri, terenuri \u0219i mijloace de transport. <\/p>\n\n\n\n<p class=\"wp-block-paragraph\">Pentru cei care achit\u0103 impozitul anual integral, p\u00e2n\u0103 la data de 31 martie 2022, se acord\u0103\u00a0<strong><em>REDUCERE DE 10%!<\/em><\/strong><\/p>\n\n\n\n<p class=\"wp-block-paragraph\"><strong><em>Prim\u0103ria Alba Iulia \u00eei \u00eencurajeaz\u0103 pe to\u021bi albaiulienii s\u0103 apeleze cu prec\u0103dere la serviciile online de plat\u0103 a taxelor \u0219i impozitelor:<\/em><\/strong><\/p>\n\n\n\n<ul class=\"wp-block-list\"><li><strong><em>Prin platforma\u00a0<a rel=\"noreferrer noopener\" href=\"http:\/\/www.ghiseul.ro\/?fbclid=IwAR05h6O6USALjZhhvgYFFJOfWLJt3rDwFA3WcCpvZEzkTRZsnHUPV3EkXog\" target=\"_blank\">www.ghiseul.ro<\/a><\/em><\/strong>;<\/li><li><strong><em>Pe platforma de plat\u0103 a prim\u0103riei:\u00a0<a rel=\"noreferrer noopener\" href=\"https:\/\/l.facebook.com\/l.php?u=https%3A%2F%2Fportal.apulum.ro%2FcmsSE%2F%3Ffbclid%3DIwAR1PCNz454Urs0ZGKaGWHx9YzfG5LOEt6vl2Tn60SDvzR3kKw-j8tMYOjvM&amp;h=AT3CMa6KYLz3fBKoB9SoVwzjsFjU6X9t7LkMLBrrs87VF4hy0VQBLiNdfH1d7PG9cwNkSafWzCMTQoKmyQdTK4kNPFeYUuP7OJNvOnkKQq2c_oyeBEUYzRlIpaRA8Q9yVucs&amp;__tn__=-U-U-UK-R&amp;c[0]=AT1boFcN3FJpgLEefhrumY06b_CzL99IwEv1dYjn8GwrMV8Qs88eHQvq-g7bVXZk2uPXF1obKzqaPmCyQvlfGFq6xh9H-tXs7VLLTKx3fuSbIyljwNBKULsUY9729OGbgyOUxrQxNffIyBoF1d6C99_56eQVTX4Ec0s\" target=\"_blank\">https:\/\/portal.apulum.ro\/cmsSE\/<\/a><\/em><\/strong>;<\/li><li><strong><em>Prin transfer bancar, la orice banc\u0103 &#8211; conturile IBAN se g\u0103sesc pe portalul\u00a0<a rel=\"noreferrer noopener\" href=\"https:\/\/l.facebook.com\/l.php?u=http%3A%2F%2Fwww.apulum.ro%2F%3Ffbclid%3DIwAR3MnR6qJrFWE7xb0PM0TK5y0Tl8tkSId6StGW3nnC7u2n393sdRR4pxmKI&amp;h=AT2AIbo-Zl6_UzX8FgOuwf2YeRVBQIR2oExw3g7l07PkATKn9bEg_KEX9T3V01e-9h8fdeGTRwuXswueQB7UsTNiAOpZzLBAJWNBg_A_Y3zHaUWIAA4opjeibmnkIosKiuK8&amp;__tn__=-U-U-UK-R&amp;c[0]=AT1boFcN3FJpgLEefhrumY06b_CzL99IwEv1dYjn8GwrMV8Qs88eHQvq-g7bVXZk2uPXF1obKzqaPmCyQvlfGFq6xh9H-tXs7VLLTKx3fuSbIyljwNBKULsUY9729OGbgyOUxrQxNffIyBoF1d6C99_56eQVTX4Ec0s\" target=\"_blank\">www.apulum.ro<\/a>\u00a0la sec\u021biunea \u201eServicii Publice\u201d-\u201eTaxe \u0219i Impozite\u201d<\/em><\/strong>;<\/li><\/ul>\n\n\n\n<p class=\"wp-block-paragraph\"><em>Pentru plata online, ave\u021bi nevoie de un smartphone\/tablet\u0103 sau PC conectate la internet \u0219i un card bancar, iar procedura este foarte simpl\u0103.<\/em><\/p>\n\n\n\n<p class=\"wp-block-paragraph\">Pentru plata \u00een numerar, exist\u0103 urm\u0103toarele modalit\u0103\u021bi:<\/p>\n\n\n\n<ul class=\"wp-block-list\"><li><strong><em>La sta\u021biile de plat\u0103 SelfPay amplasate \u00een magazinele Profi, Penny \u0219i Kaufland. O sta\u021bie de acest tip este amplasat\u0103 \u0219i \u00een sediul Direc\u021biei de Venituri (strada Ardealului Nr. 1), care accept\u0103 \u0219i pl\u0103\u021bi cu cardul bancar<\/em><\/strong>;<\/li><li>Prin mandat po\u015ftal;<\/li><li>Cu numerar sau cu cardul la una dintre casieriile de la Direc\u021bia Venituri (strada Ardealului Nr. 1 \u2013 persoane fizice \u0219i strada Bucovinei Nr.3 &#8211; persoane juridice);<\/li><\/ul>\n\n\n\n<blockquote class=\"wp-block-quote is-layout-flow wp-block-quote-is-layout-flow\"><p>V\u0103 dorim un An nou plin de s\u0103n\u0103tate, prosperitate, dar \u0219i de normalitate, iar digitalizarea face parte din aceast\u0103 normalitate. Pentru a-i proteja c\u00e2t mai mult pe seniorii no\u0219tri, le recomand\u0103m cu c\u0103ldur\u0103 apar\u021bin\u0103torilor s\u0103 \u00eencerce \u0219i variantele online pentru a le achita d\u00e2n\u0219ilor impozitele. <\/p><p><strong><em>Digitalizarea trebuie s\u0103 fie un pas \u00eenainte, nu un obstacol!<\/em><\/strong><\/p><cite> transmite primarul ora\u0219ului Alba Iulia, Gabriel Ple\u0219a <\/cite><\/blockquote>\n","protected":false},"excerpt":{"rendered":"<p>\u00cencep\u00e2nd de\u00a0LUNI, 10 ianuarie 2022, la Prim\u0103ria Alba Iulia se vor putea pl\u0103ti IMPOZITELE pe cl\u0103diri, terenuri \u0219i mijloace de transport. Pentru cei care achit\u0103 impozitul anual integral, p\u00e2n\u0103 la data de 31 martie 2022, se acord\u0103\u00a0REDUCERE DE 10%! Prim\u0103ria Alba Iulia \u00eei \u00eencurajeaz\u0103 pe to\u021bi albaiulienii s\u0103 apeleze cu prec\u0103dere la serviciile online de &hellip;<\/p>\n","protected":false},"author":16,"featured_media":99649,"comment_status":"open","ping_status":"open","sticky":false,"template":"","format":"standard","meta":{"inline_featured_image":false,"footnotes":""},"categories":[2035],"tags":[23920,23921,1107],"class_list":["post-99672","post","type-post","status-publish","format-standard","has-post-thumbnail","hentry","category-administratie","tag-impozite-2022","tag-impozite-alba","tag-primaria-alba-iulia"],"yoast_head":"<!-- This site is optimized with the Yoast SEO plugin v28.3 - https:\/\/yoast.com\/product\/yoast-seo-wordpress\/ -->\n<title>La Prim\u0103ria Alba Iulia, IMPOZITELE se vor pl\u0103ti din data de 10 ianuarie 2022 - Revista Urbea Mea - Revista de Alba<\/title>\n<meta name=\"description\" content=\"\u00cencep\u00e2nd de\u00a0LUNI, 10 ianuarie 2022, la Prim\u0103ria Alba Iulia se vor putea pl\u0103ti IMPOZITELE pe cl\u0103diri, terenuri \u0219i mijloace de transport. Pentru cei care\" \/>\n<meta name=\"robots\" content=\"index, follow, max-snippet:-1, max-image-preview:large, max-video-preview:-1\" \/>\n<link rel=\"canonical\" href=\"https:\/\/urbeamea.ro\/albaiulia\/la-primaria-alba-iulia-impozitele-se-vor-plati-din-data-de-10-ianuarie-2022\/\" \/>\n<meta name=\"twitter:card\" content=\"summary_large_image\" \/>\n<meta name=\"twitter:title\" content=\"La Prim\u0103ria Alba Iulia, IMPOZITELE se vor pl\u0103ti din data de 10 ianuarie 2022 - Revista Urbea Mea - Revista de Alba\" \/>\n<meta name=\"twitter:description\" content=\"\u00cencep\u00e2nd de\u00a0LUNI, 10 ianuarie 2022, la Prim\u0103ria Alba Iulia se vor putea pl\u0103ti IMPOZITELE pe cl\u0103diri, terenuri \u0219i mijloace de transport. Pentru cei care\" \/>\n<meta name=\"twitter:image\" content=\"https:\/\/urbeamea.ro\/albaiulia\/wp-content\/uploads\/2022\/01\/taxe.jpg\" \/>\n<meta name=\"twitter:creator\" content=\"@urbeameaweb\" \/>\n<meta name=\"twitter:site\" content=\"@urbeameaweb\" \/>\n<script type=\"application\/ld+json\" class=\"yoast-schema-graph\">{\"@context\":\"https:\\\/\\\/schema.org\",\"@graph\":[{\"@type\":\"Article\",\"@id\":\"https:\\\/\\\/urbeamea.ro\\\/albaiulia\\\/la-primaria-alba-iulia-impozitele-se-vor-plati-din-data-de-10-ianuarie-2022\\\/#article\",\"isPartOf\":{\"@id\":\"https:\\\/\\\/urbeamea.ro\\\/albaiulia\\\/la-primaria-alba-iulia-impozitele-se-vor-plati-din-data-de-10-ianuarie-2022\\\/\"},\"author\":{\"name\":\"Redac\u021bia UrbeaMea\",\"@id\":\"https:\\\/\\\/urbeamea.ro\\\/albaiulia\\\/#\\\/schema\\\/person\\\/272ae98052f8ee8980f59848df070247\"},\"headline\":\"La Prim\u0103ria Alba Iulia, IMPOZITELE se vor pl\u0103ti din data de 10 ianuarie 2022\",\"datePublished\":\"2022-01-07T14:55:03+00:00\",\"dateModified\":\"2022-01-08T11:19:00+00:00\",\"mainEntityOfPage\":{\"@id\":\"https:\\\/\\\/urbeamea.ro\\\/albaiulia\\\/la-primaria-alba-iulia-impozitele-se-vor-plati-din-data-de-10-ianuarie-2022\\\/\"},\"wordCount\":298,\"commentCount\":0,\"image\":{\"@id\":\"https:\\\/\\\/urbeamea.ro\\\/albaiulia\\\/la-primaria-alba-iulia-impozitele-se-vor-plati-din-data-de-10-ianuarie-2022\\\/#primaryimage\"},\"thumbnailUrl\":\"https:\\\/\\\/urbeamea.ro\\\/albaiulia\\\/wp-content\\\/uploads\\\/2022\\\/01\\\/taxe.jpg\",\"keywords\":[\"Impozite 2022\",\"Impozite Alba\",\"primaria alba iulia\"],\"articleSection\":[\"Administra\u021bie\"],\"inLanguage\":\"ro-RO\",\"potentialAction\":[{\"@type\":\"CommentAction\",\"name\":\"Comment\",\"target\":[\"https:\\\/\\\/urbeamea.ro\\\/albaiulia\\\/la-primaria-alba-iulia-impozitele-se-vor-plati-din-data-de-10-ianuarie-2022\\\/#respond\"]}]},{\"@type\":\"WebPage\",\"@id\":\"https:\\\/\\\/urbeamea.ro\\\/albaiulia\\\/la-primaria-alba-iulia-impozitele-se-vor-plati-din-data-de-10-ianuarie-2022\\\/\",\"url\":\"https:\\\/\\\/urbeamea.ro\\\/albaiulia\\\/la-primaria-alba-iulia-impozitele-se-vor-plati-din-data-de-10-ianuarie-2022\\\/\",\"name\":\"La Prim\u0103ria Alba Iulia, IMPOZITELE se vor pl\u0103ti din data de 10 ianuarie 2022 - Revista Urbea Mea - Revista de Alba\",\"isPartOf\":{\"@id\":\"https:\\\/\\\/urbeamea.ro\\\/albaiulia\\\/#website\"},\"primaryImageOfPage\":{\"@id\":\"https:\\\/\\\/urbeamea.ro\\\/albaiulia\\\/la-primaria-alba-iulia-impozitele-se-vor-plati-din-data-de-10-ianuarie-2022\\\/#primaryimage\"},\"image\":{\"@id\":\"https:\\\/\\\/urbeamea.ro\\\/albaiulia\\\/la-primaria-alba-iulia-impozitele-se-vor-plati-din-data-de-10-ianuarie-2022\\\/#primaryimage\"},\"thumbnailUrl\":\"https:\\\/\\\/urbeamea.ro\\\/albaiulia\\\/wp-content\\\/uploads\\\/2022\\\/01\\\/taxe.jpg\",\"datePublished\":\"2022-01-07T14:55:03+00:00\",\"dateModified\":\"2022-01-08T11:19:00+00:00\",\"author\":{\"@id\":\"https:\\\/\\\/urbeamea.ro\\\/albaiulia\\\/#\\\/schema\\\/person\\\/272ae98052f8ee8980f59848df070247\"},\"description\":\"\u00cencep\u00e2nd de\u00a0LUNI, 10 ianuarie 2022, la Prim\u0103ria Alba Iulia se vor putea pl\u0103ti IMPOZITELE pe cl\u0103diri, terenuri \u0219i mijloace de transport. Pentru cei care\",\"breadcrumb\":{\"@id\":\"https:\\\/\\\/urbeamea.ro\\\/albaiulia\\\/la-primaria-alba-iulia-impozitele-se-vor-plati-din-data-de-10-ianuarie-2022\\\/#breadcrumb\"},\"inLanguage\":\"ro-RO\",\"potentialAction\":[{\"@type\":\"ReadAction\",\"target\":[\"https:\\\/\\\/urbeamea.ro\\\/albaiulia\\\/la-primaria-alba-iulia-impozitele-se-vor-plati-din-data-de-10-ianuarie-2022\\\/\"]}]},{\"@type\":\"ImageObject\",\"inLanguage\":\"ro-RO\",\"@id\":\"https:\\\/\\\/urbeamea.ro\\\/albaiulia\\\/la-primaria-alba-iulia-impozitele-se-vor-plati-din-data-de-10-ianuarie-2022\\\/#primaryimage\",\"url\":\"https:\\\/\\\/urbeamea.ro\\\/albaiulia\\\/wp-content\\\/uploads\\\/2022\\\/01\\\/taxe.jpg\",\"contentUrl\":\"https:\\\/\\\/urbeamea.ro\\\/albaiulia\\\/wp-content\\\/uploads\\\/2022\\\/01\\\/taxe.jpg\",\"width\":900,\"height\":598},{\"@type\":\"BreadcrumbList\",\"@id\":\"https:\\\/\\\/urbeamea.ro\\\/albaiulia\\\/la-primaria-alba-iulia-impozitele-se-vor-plati-din-data-de-10-ianuarie-2022\\\/#breadcrumb\",\"itemListElement\":[{\"@type\":\"ListItem\",\"position\":1,\"name\":\"Prima pagin\u0103\",\"item\":\"https:\\\/\\\/urbeamea.ro\\\/albaiulia\\\/\"},{\"@type\":\"ListItem\",\"position\":2,\"name\":\"La Prim\u0103ria Alba Iulia, IMPOZITELE se vor pl\u0103ti din data de 10 ianuarie 2022\"}]},{\"@type\":\"WebSite\",\"@id\":\"https:\\\/\\\/urbeamea.ro\\\/albaiulia\\\/#website\",\"url\":\"https:\\\/\\\/urbeamea.ro\\\/albaiulia\\\/\",\"name\":\"Revista Urbea Mea, Stiri urbane\",\"description\":\"Evenimente \u0219i \u0219tiri din Alba Iulia, Sebe\u0219, Aiud, Blaj\",\"potentialAction\":[{\"@type\":\"SearchAction\",\"target\":{\"@type\":\"EntryPoint\",\"urlTemplate\":\"https:\\\/\\\/urbeamea.ro\\\/albaiulia\\\/?s={search_term_string}\"},\"query-input\":{\"@type\":\"PropertyValueSpecification\",\"valueRequired\":true,\"valueName\":\"search_term_string\"}}],\"inLanguage\":\"ro-RO\"},{\"@type\":\"Person\",\"@id\":\"https:\\\/\\\/urbeamea.ro\\\/albaiulia\\\/#\\\/schema\\\/person\\\/272ae98052f8ee8980f59848df070247\",\"name\":\"Redac\u021bia UrbeaMea\",\"image\":{\"@type\":\"ImageObject\",\"inLanguage\":\"ro-RO\",\"@id\":\"https:\\\/\\\/secure.gravatar.com\\\/avatar\\\/9ce5a9435071fa1037e8468053ead8e513dbbff59009d3069aadb85506d85a27?s=96&d=mm&r=g\",\"url\":\"https:\\\/\\\/secure.gravatar.com\\\/avatar\\\/9ce5a9435071fa1037e8468053ead8e513dbbff59009d3069aadb85506d85a27?s=96&d=mm&r=g\",\"contentUrl\":\"https:\\\/\\\/secure.gravatar.com\\\/avatar\\\/9ce5a9435071fa1037e8468053ead8e513dbbff59009d3069aadb85506d85a27?s=96&d=mm&r=g\",\"caption\":\"Redac\u021bia UrbeaMea\"},\"description\":\"contact@urbeamea.ro\",\"sameAs\":[\"https:\\\/\\\/www.urbeamea.ro\"],\"url\":\"https:\\\/\\\/urbeamea.ro\\\/albaiulia\\\/author\\\/redactia-urbeamea\\\/\"}]}<\/script>\n<!-- \/ Yoast SEO plugin. -->","yoast_head_json":{"title":"La Prim\u0103ria Alba Iulia, IMPOZITELE se vor pl\u0103ti din data de 10 ianuarie 2022 - Revista Urbea Mea - Revista de Alba","description":"\u00cencep\u00e2nd de\u00a0LUNI, 10 ianuarie 2022, la Prim\u0103ria Alba Iulia se vor putea pl\u0103ti IMPOZITELE pe cl\u0103diri, terenuri \u0219i mijloace de transport. Pentru cei care","robots":{"index":"index","follow":"follow","max-snippet":"max-snippet:-1","max-image-preview":"max-image-preview:large","max-video-preview":"max-video-preview:-1"},"canonical":"https:\/\/urbeamea.ro\/albaiulia\/la-primaria-alba-iulia-impozitele-se-vor-plati-din-data-de-10-ianuarie-2022\/","twitter_card":"summary_large_image","twitter_title":"La Prim\u0103ria Alba Iulia, IMPOZITELE se vor pl\u0103ti din data de 10 ianuarie 2022 - Revista Urbea Mea - Revista de Alba","twitter_description":"\u00cencep\u00e2nd de\u00a0LUNI, 10 ianuarie 2022, la Prim\u0103ria Alba Iulia se vor putea pl\u0103ti IMPOZITELE pe cl\u0103diri, terenuri \u0219i mijloace de transport. Pentru cei care","twitter_image":"https:\/\/urbeamea.ro\/albaiulia\/wp-content\/uploads\/2022\/01\/taxe.jpg","twitter_creator":"@urbeameaweb","twitter_site":"@urbeameaweb","schema":{"@context":"https:\/\/schema.org","@graph":[{"@type":"Article","@id":"https:\/\/urbeamea.ro\/albaiulia\/la-primaria-alba-iulia-impozitele-se-vor-plati-din-data-de-10-ianuarie-2022\/#article","isPartOf":{"@id":"https:\/\/urbeamea.ro\/albaiulia\/la-primaria-alba-iulia-impozitele-se-vor-plati-din-data-de-10-ianuarie-2022\/"},"author":{"name":"Redac\u021bia UrbeaMea","@id":"https:\/\/urbeamea.ro\/albaiulia\/#\/schema\/person\/272ae98052f8ee8980f59848df070247"},"headline":"La Prim\u0103ria Alba Iulia, IMPOZITELE se vor pl\u0103ti din data de 10 ianuarie 2022","datePublished":"2022-01-07T14:55:03+00:00","dateModified":"2022-01-08T11:19:00+00:00","mainEntityOfPage":{"@id":"https:\/\/urbeamea.ro\/albaiulia\/la-primaria-alba-iulia-impozitele-se-vor-plati-din-data-de-10-ianuarie-2022\/"},"wordCount":298,"commentCount":0,"image":{"@id":"https:\/\/urbeamea.ro\/albaiulia\/la-primaria-alba-iulia-impozitele-se-vor-plati-din-data-de-10-ianuarie-2022\/#primaryimage"},"thumbnailUrl":"https:\/\/urbeamea.ro\/albaiulia\/wp-content\/uploads\/2022\/01\/taxe.jpg","keywords":["Impozite 2022","Impozite Alba","primaria alba iulia"],"articleSection":["Administra\u021bie"],"inLanguage":"ro-RO","potentialAction":[{"@type":"CommentAction","name":"Comment","target":["https:\/\/urbeamea.ro\/albaiulia\/la-primaria-alba-iulia-impozitele-se-vor-plati-din-data-de-10-ianuarie-2022\/#respond"]}]},{"@type":"WebPage","@id":"https:\/\/urbeamea.ro\/albaiulia\/la-primaria-alba-iulia-impozitele-se-vor-plati-din-data-de-10-ianuarie-2022\/","url":"https:\/\/urbeamea.ro\/albaiulia\/la-primaria-alba-iulia-impozitele-se-vor-plati-din-data-de-10-ianuarie-2022\/","name":"La Prim\u0103ria Alba Iulia, IMPOZITELE se vor pl\u0103ti din data de 10 ianuarie 2022 - Revista Urbea Mea - Revista de Alba","isPartOf":{"@id":"https:\/\/urbeamea.ro\/albaiulia\/#website"},"primaryImageOfPage":{"@id":"https:\/\/urbeamea.ro\/albaiulia\/la-primaria-alba-iulia-impozitele-se-vor-plati-din-data-de-10-ianuarie-2022\/#primaryimage"},"image":{"@id":"https:\/\/urbeamea.ro\/albaiulia\/la-primaria-alba-iulia-impozitele-se-vor-plati-din-data-de-10-ianuarie-2022\/#primaryimage"},"thumbnailUrl":"https:\/\/urbeamea.ro\/albaiulia\/wp-content\/uploads\/2022\/01\/taxe.jpg","datePublished":"2022-01-07T14:55:03+00:00","dateModified":"2022-01-08T11:19:00+00:00","author":{"@id":"https:\/\/urbeamea.ro\/albaiulia\/#\/schema\/person\/272ae98052f8ee8980f59848df070247"},"description":"\u00cencep\u00e2nd de\u00a0LUNI, 10 ianuarie 2022, la Prim\u0103ria Alba Iulia se vor putea pl\u0103ti IMPOZITELE pe cl\u0103diri, terenuri \u0219i mijloace de transport. Pentru cei care","breadcrumb":{"@id":"https:\/\/urbeamea.ro\/albaiulia\/la-primaria-alba-iulia-impozitele-se-vor-plati-din-data-de-10-ianuarie-2022\/#breadcrumb"},"inLanguage":"ro-RO","potentialAction":[{"@type":"ReadAction","target":["https:\/\/urbeamea.ro\/albaiulia\/la-primaria-alba-iulia-impozitele-se-vor-plati-din-data-de-10-ianuarie-2022\/"]}]},{"@type":"ImageObject","inLanguage":"ro-RO","@id":"https:\/\/urbeamea.ro\/albaiulia\/la-primaria-alba-iulia-impozitele-se-vor-plati-din-data-de-10-ianuarie-2022\/#primaryimage","url":"https:\/\/urbeamea.ro\/albaiulia\/wp-content\/uploads\/2022\/01\/taxe.jpg","contentUrl":"https:\/\/urbeamea.ro\/albaiulia\/wp-content\/uploads\/2022\/01\/taxe.jpg","width":900,"height":598},{"@type":"BreadcrumbList","@id":"https:\/\/urbeamea.ro\/albaiulia\/la-primaria-alba-iulia-impozitele-se-vor-plati-din-data-de-10-ianuarie-2022\/#breadcrumb","itemListElement":[{"@type":"ListItem","position":1,"name":"Prima pagin\u0103","item":"https:\/\/urbeamea.ro\/albaiulia\/"},{"@type":"ListItem","position":2,"name":"La Prim\u0103ria Alba Iulia, IMPOZITELE se vor pl\u0103ti din data de 10 ianuarie 2022"}]},{"@type":"WebSite","@id":"https:\/\/urbeamea.ro\/albaiulia\/#website","url":"https:\/\/urbeamea.ro\/albaiulia\/","name":"Revista Urbea Mea, Stiri urbane","description":"Evenimente \u0219i \u0219tiri din Alba Iulia, Sebe\u0219, Aiud, Blaj","potentialAction":[{"@type":"SearchAction","target":{"@type":"EntryPoint","urlTemplate":"https:\/\/urbeamea.ro\/albaiulia\/?s={search_term_string}"},"query-input":{"@type":"PropertyValueSpecification","valueRequired":true,"valueName":"search_term_string"}}],"inLanguage":"ro-RO"},{"@type":"Person","@id":"https:\/\/urbeamea.ro\/albaiulia\/#\/schema\/person\/272ae98052f8ee8980f59848df070247","name":"Redac\u021bia UrbeaMea","image":{"@type":"ImageObject","inLanguage":"ro-RO","@id":"https:\/\/secure.gravatar.com\/avatar\/9ce5a9435071fa1037e8468053ead8e513dbbff59009d3069aadb85506d85a27?s=96&d=mm&r=g","url":"https:\/\/secure.gravatar.com\/avatar\/9ce5a9435071fa1037e8468053ead8e513dbbff59009d3069aadb85506d85a27?s=96&d=mm&r=g","contentUrl":"https:\/\/secure.gravatar.com\/avatar\/9ce5a9435071fa1037e8468053ead8e513dbbff59009d3069aadb85506d85a27?s=96&d=mm&r=g","caption":"Redac\u021bia UrbeaMea"},"description":"contact@urbeamea.ro","sameAs":["https:\/\/www.urbeamea.ro"],"url":"https:\/\/urbeamea.ro\/albaiulia\/author\/redactia-urbeamea\/"}]}},"_links":{"self":[{"href":"https:\/\/urbeamea.ro\/albaiulia\/wp-json\/wp\/v2\/posts\/99672","targetHints":{"allow":["GET"]}}],"collection":[{"href":"https:\/\/urbeamea.ro\/albaiulia\/wp-json\/wp\/v2\/posts"}],"about":[{"href":"https:\/\/urbeamea.ro\/albaiulia\/wp-json\/wp\/v2\/types\/post"}],"author":[{"embeddable":true,"href":"https:\/\/urbeamea.ro\/albaiulia\/wp-json\/wp\/v2\/users\/16"}],"replies":[{"embeddable":true,"href":"https:\/\/urbeamea.ro\/albaiulia\/wp-json\/wp\/v2\/comments?post=99672"}],"version-history":[{"count":1,"href":"https:\/\/urbeamea.ro\/albaiulia\/wp-json\/wp\/v2\/posts\/99672\/revisions"}],"predecessor-version":[{"id":99673,"href":"https:\/\/urbeamea.ro\/albaiulia\/wp-json\/wp\/v2\/posts\/99672\/revisions\/99673"}],"wp:featuredmedia":[{"embeddable":true,"href":"https:\/\/urbeamea.ro\/albaiulia\/wp-json\/wp\/v2\/media\/99649"}],"wp:attachment":[{"href":"https:\/\/urbeamea.ro\/albaiulia\/wp-json\/wp\/v2\/media?parent=99672"}],"wp:term":[{"taxonomy":"category","embeddable":true,"href":"https:\/\/urbeamea.ro\/albaiulia\/wp-json\/wp\/v2\/categories?post=99672"},{"taxonomy":"post_tag","embeddable":true,"href":"https:\/\/urbeamea.ro\/albaiulia\/wp-json\/wp\/v2\/tags?post=99672"}],"curies":[{"name":"wp","href":"https:\/\/api.w.org\/{rel}","templated":true}]}}