{"id":99679,"date":"2022-01-07T21:36:46","date_gmt":"2022-01-07T19:36:46","guid":{"rendered":"https:\/\/urbeamea.ro\/albaiulia\/?p=99679"},"modified":"2022-01-07T21:37:35","modified_gmt":"2022-01-07T19:37:35","slug":"de-vorba-cu-sebastian-ispas-unul-dintre-cei-mai-apreciati-artisti-tatuatori-de-la-noi","status":"publish","type":"post","link":"https:\/\/urbeamea.ro\/albaiulia\/de-vorba-cu-sebastian-ispas-unul-dintre-cei-mai-apreciati-artisti-tatuatori-de-la-noi\/","title":{"rendered":"De vorb\u0103 cu Sebastian Ispas, unul dintre cei mai aprecia\u021bi arti\u0219ti tatuatori de la noi"},"content":{"rendered":"\n<p><strong>*De la cine a \u00eenv\u0103\u021bat meserie? Cum a f\u0103cut rost de bani pentru prima ma\u0219in\u0103 de tatuat? C\u00e2te \u201ecocoa\u0219e\u201d are m-ul caligrafic, mic, de m\u00e2n\u0103, cum poate un tatuaj gre\u0219it s\u0103 creasc\u0103 natalitatea \u0219i alte pove\u0219ti de salon, descoperi\u021bi \u00een interviul de mai jos!<\/strong><\/p>\n\n\n\n<blockquote class=\"wp-block-quote is-layout-flow wp-block-quote-is-layout-flow\"><p>\u201e\u00centre tatuator \u0219i client nu e dec\u00e2t acul \u0219i at\u00e2t, f\u0103r\u0103 intermediari, semn\u0103m direct pe curat, pe piele \u0219i pe via\u021b\u0103!\u201d<\/p><cite>Sebastian<\/cite><\/blockquote>\n\n\n\n<p>E gata, \u00eemi fac un tatuaj! De la decizia asta pleac\u0103 sau ar trebui s\u0103 plece o \u00eentreag\u0103 etap\u0103 de preg\u0103tire \u0219i documentare a clientului, \u00een regie proprie, p\u00e2n\u0103 ajunge \u00een salonul artistului ales. E Rom\u00e2nia, e Alba Iulia, anul de gra\u021bie 2022 \u0219i, la drept vorbind, nu suntem \u00eenc\u0103 la nivelul de liber\u0103 exprimare al altor na\u021bii \u00een ceea ce prive\u0219te asumarea unui tatuaj. \u00centr-o situa\u021bie la bustul gol, pe la vreun \u0219trand, margine de litoral, cap\u0103t de p\u0103dure, se dezvelesc coroane regale, aripi de \u00eengeri, cruci, dar mai ales lei. Nu degeaba e leul moneda noastr\u0103 na\u021bional\u0103! C\u00e2nd \u0219i c\u00e2nd un tatuaj altfel, nu zaruri, nu inimioare cu numele lui Ghiorgu\u021b \u00een mijloc. Bine, fiecare decide pentru el, nu vreau s\u0103 fac acum o polologhie din subiectele recurente vizibile pe cel mai mare organ al omului, aplicat\u0103 pe poporul rom\u00e2n. Vreau \u00eens\u0103 s\u0103 v\u0103 aduc \u00een aten\u021bie lumea arti\u0219tilor tatuatori, a tatuajelor, arta \u0219i munca din spatele lucr\u0103rilor dup\u0103 care p\u00e2n\u0103 \u0219i mama ar \u00eentoarce capul pe strad\u0103. Pentru asta l-am ales drept exponent pe Sebastian Ispas, un t\u00e2n\u0103r albaiulian bine cotat pe \u201epia\u021ba\u201d tatuatorilor de la noi, care\u201e\u0219tie bine cu acul\u201d \u0219i despre care am convingerea c\u0103 va ajunge \u0219i mai departe dec\u00e2t a f\u0103cut-o deja!<\/p>\n\n\n\n<figure class=\"wp-block-image size-large\"><img loading=\"lazy\" decoding=\"async\" width=\"1280\" height=\"902\" src=\"https:\/\/urbeamea.ro\/albaiulia\/wp-content\/uploads\/2022\/01\/poza-1-sebastian-1280x902.jpeg\" alt=\"\" class=\"wp-image-99680\" srcset=\"https:\/\/urbeamea.ro\/albaiulia\/wp-content\/uploads\/2022\/01\/poza-1-sebastian-1280x902.jpeg 1280w, https:\/\/urbeamea.ro\/albaiulia\/wp-content\/uploads\/2022\/01\/poza-1-sebastian-640x451.jpeg 640w, https:\/\/urbeamea.ro\/albaiulia\/wp-content\/uploads\/2022\/01\/poza-1-sebastian-150x106.jpeg 150w, https:\/\/urbeamea.ro\/albaiulia\/wp-content\/uploads\/2022\/01\/poza-1-sebastian-768x541.jpeg 768w, https:\/\/urbeamea.ro\/albaiulia\/wp-content\/uploads\/2022\/01\/poza-1-sebastian-1536x1083.jpeg 1536w, https:\/\/urbeamea.ro\/albaiulia\/wp-content\/uploads\/2022\/01\/poza-1-sebastian.jpeg 1600w\" sizes=\"auto, (max-width: 1280px) 100vw, 1280px\" \/><\/figure>\n\n\n\n<p><strong><em>Scena:<\/em><\/strong><em> Atelier 11, \u201esectorul\u201d tatuaje, Sebastian Ispas, 2 clien\u021bi, muzic\u0103 chill-out \u00een surdin\u0103<\/em><\/p>\n\n\n\n<p><strong><em>Recuzita:<\/em><\/strong><em> scaunul tatuatorului, scaunul profi pentru client, ma\u0219ina de tatuat, dulapul cu sterile, o lamp\u0103 pe ro\u021bi, o mas\u0103 cu un laptop, dou\u0103 scaune \u0219i o oglind\u0103 imens\u0103<\/em><\/p>\n\n\n\n<p><strong>Urbea Mea<\/strong>: <strong>Oau, farmacie la tine! Nimic din decorul Miami Ink! Ce tatu\u0103m ast\u0103zi?<\/strong><\/p>\n\n\n\n<p><strong>Sebastian Ispas: <\/strong>(r\u00e2de) Da, Miami Ink, n-am v\u0103zut niciun episod! (se a\u0219az\u0103 la calculator) Ast\u0103zi, de tatuat, tatuez eu! Dar prima dat\u0103 s\u0103 preg\u0103tim marfa. \u00cen func\u021bie de tatuajul dorit, cu ajutorul calculatorului, modific, adaug text, scot sau inserez elemente. Acum nu este cazul, tatuajul fiind unul de mici dimensiuni \u0219i de complexitate redus\u0103, \u00eei dau direct print, la imprimanta termic\u0103. Dac\u0103 era ceva mai elaborat, a\u0219 fi intervenit, manual, pentru detalii. \u00cenainte s\u0103 pun acul pe pielea clientului, acesta semneaz\u0103 pe model cum c\u0103 e de acord cu procedura \u0219i exact cum apare pe foaie, a\u0219a va ap\u0103rea \u0219i pe pielea lui.<\/p>\n\n\n\n<p><strong>Urbea Mea: Apropo de semn\u0103turi, de la ce v\u00e2rst\u0103 poate veni cineva s\u0103 solicite un tatuaj? Care a fost cel mai t\u00e2n\u0103r, dar cel mai v\u00e2rstnic client al t\u0103u de p\u00e2n\u0103 acum?<\/strong><em><\/em><\/p>\n\n\n\n<p><strong>Sebastian Ispas<\/strong>: De la 16 ani, cu acordul scris al p\u0103rin\u021bilor, sau f\u0103r\u0103, de la 18 ani \u00een sus. Cel mai t\u00e2n\u0103r client pe care l-am tatuat a avut chiar 16 ani, iar cel mai \u00een v\u00e2rst\u0103, 80. Un nene din Anglia, i-a trebuit ceva telefon. Str\u0103inii sunt mai nonconformi\u0219ti, se tatueaz\u0103 la orice v\u00e2rst\u0103 \u0219i au \u0219i ei, ca \u0219i noi, temele lor preferate. Norvegienii \u00ee\u0219i fac tatuaje cu tent\u0103 horror, iar \u00een Olanda, de exemplu, cer de la pira\u021bi, la capace de Heineken.<\/p>\n\n\n\n<p><strong>Urbea Mea: Ce determin\u0103 un om s\u0103 se tatueze? Care sunt motivele pentru care ajunge cineva pe scaunul acesta?<\/strong><\/p>\n\n\n\n<p><strong>Sebastian Ispas: <\/strong>(\u00eentre timp \u0219i-a pus o pereche de m\u0103nu\u0219i chirurgicale albastre, dezinfecteaz\u0103 m\u00e2na clientului, rade ceva puf invizibil mie de pe antebra\u021b \u0219i lipe\u0219te modelul ales \u00een locul \u0219i \u00een pozi\u021bia agreat\u0103 \u00eempreun\u0103) Motivele sunt foarte variate, sunt tatuaje care au semnifica\u021bii emo\u021bionale puternice, legate de familie, prieteni, de pierderea cuiva drag sau, dimpotriv\u0103, de na\u0219terea unui copil, de o reu\u0219it\u0103. Unii vin s\u0103 acopere cicatrici, al\u021bii vor s\u0103 fac\u0103 dintr-un tatuaj un accesoriu, ca o bijuterie, dac\u0103 vrei, un statement care s\u0103 vin\u0103 \u00een completarea personalit\u0103\u021bii lor \u0219i care s\u0103 vorbeasc\u0103 lumii despre ei. Apoi sunt colec\u021bionarii de tatuaje, pentru ei mai pu\u021bin import\u0103 modelul ales, poate nici locul unde \u00ee\u0219i fac tatuajul, important e s\u0103 adune c\u00e2te o lucrare de la fiecare artist tatuator pe care \u00eel admir\u0103, bine\u00een\u021beles. Indiferent de motiva\u021bie, pentru fiecare client, tatuajul solicitat este ceva c\u00e2t se poate de personal \u0219i de important.<\/p>\n\n\n\n<p><strong>Urbea Mea: Cum te preg\u0103te\u0219ti pentru un tatuaj? Exist\u0103 ceva etape standard?<\/strong><\/p>\n\n\n\n<p><strong>Sebastian Ispas:<\/strong>Preg\u0103tesc recuzita.Acele \u0219i gripul (m\u00e2nerul ma\u0219inii de tatuat) sunt de unic\u0103 folosin\u021b\u0103, la fel c\u0103p\u0103celele \u00een care st\u0103 cerneala, nimic nu se refolose\u0219te, doar aparatul \u00een sine, care se dezinfecteaz\u0103 dup\u0103 fiecare client, la fel scaunul de tatuat (\u00ee\u0219i schimb\u0103 m\u0103nu\u0219ile albastre cu unele negre, tot din latex, tot de unic\u0103 folosin\u021b\u0103, invit\u0103 clientul pe scaun \u0219i b\u00e2zz!, porne\u0219te \u0219mecheria). Mai important\u0103 este preg\u0103tirea clientului, prospec\u021bia, s\u0103 aleag\u0103 \u00een cuno\u0219tin\u021b\u0103 de cauz\u0103 at\u00e2t modelul pe care vrea s\u0103 \u0219i-l pun\u0103 pe piele, dimensiunea, pozi\u021bia, dar s\u0103 caute informa\u021bii \u0219i despre tatuator, s\u0103-i observe stilul, s\u0103 vad\u0103 pe ce e omul specialist. Ah, da, \u0219i foarte, foarte important, c\u00e2nd e vorba de text pe tatuaj, s\u0103 verifice de muuulte ori dac\u0103 textul e corect, cel pu\u021bin din punctul lor de vedere (se opre\u0219te, ridic\u0103 acul de pe piele, \u00eentreab\u0103 clientul dac\u0103 e totul \u00een regul\u0103, dac\u0103 doare, dac\u0103 poate continua). Am p\u0103\u021bit cu un tip, i-a n\u0103scut nevasta b\u0103iat, fericire mare, a venit s\u0103-\u0219i tatueze numele copilului: Eric. Totul bun! Facem modelul, cu scris cu tot, \u00eei place, \u00eel pun pe piele, tatuez, pleac\u0103 acas\u0103 \u00eenc\u00e2ntat. A doua zi m\u0103 sun\u0103, am \u0219tiut c\u0103 ceva e baiul! Zice c\u0103 i-a pl\u0103cut nevestei maxim tatuajul, dar l-a \u00eentrebat dac\u0103 \u0219tie cum \u00eel cheam\u0103, totu\u0219i, pe b\u0103iat. Era Eric, nu-i vorb\u0103, dar cu k, nu c. Mno, am zis s\u0103 mai fac\u0103 unul, \u0219i-i zic Eric, cu c. Cre\u0219te natalitatea! Apoi \u00een Anglia, o tip\u0103, o m\u0103mic\u0103, avea 3 b\u0103ie\u021bi, Tom, Thomas \u0219i Tommy, sau ceva, lips\u0103 de inspira\u021bie, ce s\u0103 zic? I-a trebuit scris \u201eI loveTom\u201d \u0219i tot a\u0219a, pentru fiecare, cu scris de m\u00e2n\u0103, caligrafic. Zis \u0219i f\u0103cut, caut\u0103m pe net un font care s\u0103-i plac\u0103, fac modelele, le vede, zice c\u0103-s super, semneaz\u0103 pentru bun de b\u0103tut tatuaj, execut lucrarea, \u00eei place, pleac\u0103. A doua zi o v\u0103d c\u0103 intr\u0103 \u00een salon. C\u0103 i-am gre\u0219it numele la copii, c\u0103 m-ul nu se scrie cu trei cocoa\u0219e, c\u0103 trebuiau numai dou\u0103. Un fel de I love Ton (iubesc tonul)&#8230;nicicum nu am reu\u0219it s\u0103 o l\u0103muresc c\u0103 e corect cum are scris pe piele, i-am ar\u0103tat mai multe surse, nimic, a zis c\u0103 poate la noi, \u00een Rom\u00e2nia, se scrie a\u0219a, la ei nu. Mno, ce s\u0103-i mai \u0219i zici?<\/p>\n\n\n\n<figure class=\"wp-block-image size-large\"><img loading=\"lazy\" decoding=\"async\" width=\"892\" height=\"1280\" src=\"https:\/\/urbeamea.ro\/albaiulia\/wp-content\/uploads\/2022\/01\/sebastian-892x1280.jpg\" alt=\"\" class=\"wp-image-99693\" srcset=\"https:\/\/urbeamea.ro\/albaiulia\/wp-content\/uploads\/2022\/01\/sebastian-892x1280.jpg 892w, https:\/\/urbeamea.ro\/albaiulia\/wp-content\/uploads\/2022\/01\/sebastian-446x640.jpg 446w, https:\/\/urbeamea.ro\/albaiulia\/wp-content\/uploads\/2022\/01\/sebastian-104x150.jpg 104w, https:\/\/urbeamea.ro\/albaiulia\/wp-content\/uploads\/2022\/01\/sebastian-768x1102.jpg 768w, https:\/\/urbeamea.ro\/albaiulia\/wp-content\/uploads\/2022\/01\/sebastian.jpg 1008w\" sizes=\"auto, (max-width: 892px) 100vw, 892px\" \/><\/figure>\n\n\n\n<p><strong>Urbea Mea<\/strong>:<strong>Cum ai ajuns s\u0103 tatuezi \u00een str\u0103in\u0103tate \u0219i cum de te-ai \u00eentors?<\/strong><\/p>\n\n\n\n<p><strong>Sebastian Ispas<\/strong>: \u00cen r\u00e2ndul tatuatorilor din toat\u0103 lumea exist\u0103 termenul de guest artist (artist invitat). \u00cen baza portofoliului t\u0103u, po\u021bi primi invita\u021bii de la saloane de tatuaje din toat\u0103 lumea, sau po\u021bi chiar tu s\u0103 solici\u021bi un schimb de experien\u021b\u0103. Dac\u0103 le place ce v\u0103d la tine, lucr\u0103rile tale, te cheam\u0103. Un fel de work and travel cu mult work \u0219i travel acolo, dus-\u00eentors. Stagiile mele au durat mereu \u00een jur de trei s\u0103pt\u0103m\u00e2ni, apoi am venit acas\u0103. \u00cen martie mi-am programat urm\u0103toarea ie\u0219ire, la Stamen Tatoo, \u00een Olanda.<\/p>\n\n\n\n<p><strong>Urbea Mea<\/strong>: <strong>Tatuator te faci sau devii? Nu e ceea ce am numi o meserie comun\u0103, poate nici popular\u0103.<\/strong><\/p>\n\n\n\n<p><strong>Sebastian Ispas<\/strong>: Dac\u0103 vezi pe cineva tatu\u00e2nd, te g\u00e2nde\u0219ti c\u0103 e fain, e simplu, po\u021bi s\u0103 o faci \u0219i tu. Eu a\u0219a m-am g\u00e2ndit, dar m-am \u00een\u0219elat! Tatuatorii sunt printre cei mai muncitori oameni pe care \u00eei cunosc. C\u00e2nd m-am g\u00e2ndit s\u0103 \u201em\u0103 fac\u201d tatuator, lucram la Universitatea \u201e1 Decembrie 1918\u201d, departamentul de imagine \u0219i marketing, am amintiri tare faine acolo, oameni faini. \u00cen tot cazul, la nivelul anului 2014, salariul meu era de 510 lei, pe prima ma\u0219in\u0103 de tatuat am dat, \u00een acela\u0219i an, 3.700 de lei, mi-am luat un C.A.R. Dar de \u00eenv\u0103\u021bat tot trebuia s\u0103 m\u0103 \u00eenve\u021be cineva. Mentorul meu a fost Marius Bercea, a avut \u00eencredere \u00een mine, \u00een dorin\u021ba mea de a \u00eenv\u0103\u021ba \u0219i a face lucrurile c\u00e2t mai bine. \u00cen salonul lui am f\u0103cut primul tatuaj, cu ce am prins de la el am plecat apoi pe cont propriu. Mai \u00eent\u00e2i acas\u0103, iar de doi ani am deschis salonul aici, \u00een cadrul Atelier 11. Cu Marius am r\u0103mas apropiat \u0219i este printre singurii arti\u0219ti din breasl\u0103 cu care am putut mereu s\u0103 schimb opinii, ponturi \u0219i cu care colaborez \u0219i ast\u0103zi foarte bine. Lumea tatuatorilor este o chestie foarte bine organizat\u0103. Ast\u0103zi am \u0219i eu un ucenic, \u0219i mi se pare firesc s\u0103 \u00eel \u00eenv\u0103\u021b ce \u0219tiu, f\u0103r\u0103 s\u0103 \u00eemi fie fric\u0103 de faptul c\u0103 \u00eentr-o zi \u00eemi va deveni concuren\u021b\u0103. Tatuator, unul bun, devii, \u0219i asta numai prin multe ore de munc\u0103!<\/p>\n\n\n\n<p><strong>Urbea Mea: Cum se coteaz\u0103 arti\u0219tii tatuatori, cum ne d\u0103m seama care e bun, care mai pu\u021bin? Exist\u0103 un ranking? Tu pe ce stil mergi?<\/strong><\/p>\n\n\n\n<p><strong>Sebastian Ispas<\/strong>: Cum \u00ee\u021bi dai seama dac\u0103 e bun? Dup\u0103 referin\u021be, recomand\u0103ri, dup\u0103 c\u00e2\u021bi al\u021bi tatuatori \u00eel urm\u0103resc pe tweeter, pe facebook, acolo unde e vizibil\u0103 munca noastr\u0103. \u0218i, evident, dup\u0103 premiile luate la conven\u021biile na\u021bionale \u0219i mai ales interna\u021bionale de tatuaje (are \u0219i el c\u00e2teva particip\u0103ri interna\u021bionale, la Bruxelles, \u0219i na\u021bionale, locul 1 la realism \u0219i locul 2 la Black and gray, ob\u021binute la Conven\u021bia de la Timi\u0219oara, nu-i place s\u0103 se laude, dar i-am v\u0103zut plachetele pe perete). Acolo ne d\u0103m m\u0103sura. Trei zile \u00een care tatu\u0103m la foc continuu. O ocazie pentru noi, s\u0103 ne promov\u0103m \u0219i o ocazie fantastic\u0103 pentru clien\u021bi, s\u0103 poat\u0103 alege dintre cei mai buni tatuatori, chiar la ei acas\u0103, cum ar veni, fie c\u0103 vorbim de Cluj, Timi\u0219oara sau Bruxelles. La London Tattoo Convention nu am ajuns \u00eenc\u0103, dar o voi face, \u00een via\u021ba asta, e the place to be ca artist tatuator, nu oricine are ocazia s\u0103 \u201eexpun\u0103\u201d acolo.<\/p>\n\n\n\n<p>Ca stil, merg pe realism \u0219i black and gray, \u00een zonele astea m\u0103 simt eu confortabil \u0219i aici vreau s\u0103 m\u0103 perfec\u021bionez c\u00e2t de mult. Fac \u0219i tatuaje color, dar mai rar, trebuie s\u0103 m\u0103 convingi (r\u00e2de. \u00centre timp e gata tatuajul, clientul merge s\u0103 se vad\u0103 \u00een oglind\u0103. \u00cei place! Prime\u0219te o foaie cu instruc\u021biuni post tatuare, pl\u0103te\u0219te \u0219i pleac\u0103 \u00eenc\u00e2ntat. \u201eS\u0103 \u00eel por\u021bi cu pl\u0103cere!\u201d, m\u0103 bag \u0219i eu \u00een seam\u0103. \u201eNe vedem la urm\u0103torul!\u201d, a\u0219a se zice, m\u0103 corecteaz\u0103 Sebastian.)<\/p>\n\n\n\n<figure class=\"wp-block-image size-large\"><img loading=\"lazy\" decoding=\"async\" width=\"1139\" height=\"1280\" src=\"https:\/\/urbeamea.ro\/albaiulia\/wp-content\/uploads\/2022\/01\/poza-13-sebastian-1139x1280.jpeg\" alt=\"\" class=\"wp-image-99692\" srcset=\"https:\/\/urbeamea.ro\/albaiulia\/wp-content\/uploads\/2022\/01\/poza-13-sebastian-1139x1280.jpeg 1139w, https:\/\/urbeamea.ro\/albaiulia\/wp-content\/uploads\/2022\/01\/poza-13-sebastian-569x640.jpeg 569w, https:\/\/urbeamea.ro\/albaiulia\/wp-content\/uploads\/2022\/01\/poza-13-sebastian-133x150.jpeg 133w, https:\/\/urbeamea.ro\/albaiulia\/wp-content\/uploads\/2022\/01\/poza-13-sebastian-768x863.jpeg 768w, https:\/\/urbeamea.ro\/albaiulia\/wp-content\/uploads\/2022\/01\/poza-13-sebastian-1367x1536.jpeg 1367w, https:\/\/urbeamea.ro\/albaiulia\/wp-content\/uploads\/2022\/01\/poza-13-sebastian.jpeg 1412w\" sizes=\"auto, (max-width: 1139px) 100vw, 1139px\" \/><\/figure>\n\n\n\n<p><strong>Urbea Mea<\/strong>: <strong>Exist\u0103 un artist tatuator pe care s\u0103-l admiri, s\u0103-l urm\u0103re\u0219ti?<\/strong><\/p>\n\n\n\n<p><strong>Sebastian Ispas:<\/strong> Sunt mai mul\u021bi, dar pe stilul pe care \u00eel abordez eu \u00eel admir pe Robert Tufeanu, at\u00e2t de mult \u00eenc\u00e2t am fost \u0219i la un curs de specializare la el. De altfel, chiar dac\u0103 nu semn\u0103m explicit tatuajele, pe ale lui le recunosc f\u0103r\u0103 s\u0103 am nevoie de vreun indiciu. Cred c\u0103 asta e una dintre cele mai faine chestii care se pot \u00eent\u00e2mpla unui tatuator, apropo de nivel \u0219i performan\u021b\u0103, s\u0103-i fie recunoscute tatuajele de c\u0103tre al\u021bi tatuatori. Ast\u0103zi, dac\u0103 ar intra un client cu un tatuaj f\u0103cut de Robert Tufeanu, sau de oricare alt artist tatuator pe care \u00eel urm\u0103resc, m-a\u0219 sim\u021bi cumva m\u00e2ndru s\u0103 tatuez l\u00e2ng\u0103 el, pe acela\u0219i om. \u0218i nu e vorba de a imita pe cineva, ci de a ajunge s\u0103 crezi despre lucr\u0103rile tale c\u0103 sunt la fel de bune ca ale altuia.<\/p>\n\n\n\n<p><strong>Urbea Mea: Planuri de viitor?<\/strong><\/p>\n\n\n\n<p><strong>Sebastian Ispas:<\/strong> S\u0103 evoluez, \u00een mod natural \u0219i firesc, asta \u00een primul r\u00e2nd. S\u0103 am rezultate adunate la palmares, pentru c\u0103 numai a\u0219a pot s\u0103 \u00eemi confirm mie c\u0103: \u201eE bine, tat\u0103, ebine!\u201d. S\u0103 ne \u00een\u021belegem, niciodat\u0103, niciun tatuator nu va fi pe deplin mul\u021bumit de munca sa, mereu va dori mai mult de la el, chiar dac\u0103, uneori, mai multul \u0103sta nu e clar ce ar putea fi. De asta spuneam, tatuatorii sunt printre cei mai muncitori arti\u0219ti pe care \u00eei cunosc.<\/p>\n\n\n\n<p>Apoi am \u00een cap \u0219i o colaborare. Sunt \u00een discu\u021bii cu un prieten tatuator, poate ne unim for\u021bele \u00eentr-o loca\u021bie nou\u0103. Nu exclud nici posibilitatea organiz\u0103rii unor cursuri, dac\u0103 va fi cerere, pentru cei pasiona\u021bi \u0219i care cred c\u0103 pot s\u0103 fac\u0103 \u0219i ei \u0219i c\u0103 nu-i mare lucru. (r\u00e2de)<\/p>\n\n\n\n<p>Pe Sebastian Ispas \u00eel g\u0103si\u021bi la Atelier 11, \u00een Alba Iulia. Un tatuaj cost\u0103 de la 200 la c\u00e2teva mii de lei, \u00een func\u021bie de model, m\u0103rime, complexitate. Citind acest material, tocmai v-a\u021bi f\u0103cut temele cu privire la cine v-ar putea face un tatuaj care s\u0103 \u00eentoarc\u0103 capete pe strad\u0103! Cu pl\u0103cere! Enjoy the photo gallery!<\/p>\n\n\n\n<figure class=\"wp-block-gallery columns-4 is-cropped wp-block-gallery-1 is-layout-flex wp-block-gallery-is-layout-flex\"><ul class=\"blocks-gallery-grid\"><li class=\"blocks-gallery-item\"><figure><a href=\"https:\/\/urbeamea.ro\/albaiulia\/wp-content\/uploads\/2022\/01\/poza-5-sebastian.jpeg\"><img loading=\"lazy\" decoding=\"async\" width=\"960\" height=\"1280\" src=\"https:\/\/urbeamea.ro\/albaiulia\/wp-content\/uploads\/2022\/01\/poza-5-sebastian-960x1280.jpeg\" alt=\"\" data-id=\"99685\" data-full-url=\"https:\/\/urbeamea.ro\/albaiulia\/wp-content\/uploads\/2022\/01\/poza-5-sebastian.jpeg\" data-link=\"https:\/\/urbeamea.ro\/albaiulia\/?attachment_id=99685\" class=\"wp-image-99685\" srcset=\"https:\/\/urbeamea.ro\/albaiulia\/wp-content\/uploads\/2022\/01\/poza-5-sebastian-960x1280.jpeg 960w, https:\/\/urbeamea.ro\/albaiulia\/wp-content\/uploads\/2022\/01\/poza-5-sebastian-480x640.jpeg 480w, https:\/\/urbeamea.ro\/albaiulia\/wp-content\/uploads\/2022\/01\/poza-5-sebastian-113x150.jpeg 113w, https:\/\/urbeamea.ro\/albaiulia\/wp-content\/uploads\/2022\/01\/poza-5-sebastian-768x1024.jpeg 768w, https:\/\/urbeamea.ro\/albaiulia\/wp-content\/uploads\/2022\/01\/poza-5-sebastian-1152x1536.jpeg 1152w, https:\/\/urbeamea.ro\/albaiulia\/wp-content\/uploads\/2022\/01\/poza-5-sebastian.jpeg 1200w\" sizes=\"auto, (max-width: 960px) 100vw, 960px\" \/><\/a><\/figure><\/li><li class=\"blocks-gallery-item\"><figure><a href=\"https:\/\/urbeamea.ro\/albaiulia\/wp-content\/uploads\/2022\/01\/poza-3-sebastian.jpeg\"><img loading=\"lazy\" decoding=\"async\" width=\"768\" height=\"1024\" src=\"https:\/\/urbeamea.ro\/albaiulia\/wp-content\/uploads\/2022\/01\/poza-3-sebastian.jpeg\" alt=\"\" data-id=\"99683\" data-full-url=\"https:\/\/urbeamea.ro\/albaiulia\/wp-content\/uploads\/2022\/01\/poza-3-sebastian.jpeg\" data-link=\"https:\/\/urbeamea.ro\/albaiulia\/?attachment_id=99683\" class=\"wp-image-99683\" srcset=\"https:\/\/urbeamea.ro\/albaiulia\/wp-content\/uploads\/2022\/01\/poza-3-sebastian.jpeg 768w, https:\/\/urbeamea.ro\/albaiulia\/wp-content\/uploads\/2022\/01\/poza-3-sebastian-480x640.jpeg 480w, https:\/\/urbeamea.ro\/albaiulia\/wp-content\/uploads\/2022\/01\/poza-3-sebastian-113x150.jpeg 113w\" sizes=\"auto, (max-width: 768px) 100vw, 768px\" \/><\/a><\/figure><\/li><li class=\"blocks-gallery-item\"><figure><a href=\"https:\/\/urbeamea.ro\/albaiulia\/wp-content\/uploads\/2022\/01\/poza-12-sebastian.jpeg\"><img loading=\"lazy\" decoding=\"async\" width=\"640\" height=\"960\" src=\"https:\/\/urbeamea.ro\/albaiulia\/wp-content\/uploads\/2022\/01\/poza-12-sebastian.jpeg\" alt=\"\" data-id=\"99681\" data-full-url=\"https:\/\/urbeamea.ro\/albaiulia\/wp-content\/uploads\/2022\/01\/poza-12-sebastian.jpeg\" data-link=\"https:\/\/urbeamea.ro\/albaiulia\/?attachment_id=99681\" class=\"wp-image-99681\" srcset=\"https:\/\/urbeamea.ro\/albaiulia\/wp-content\/uploads\/2022\/01\/poza-12-sebastian.jpeg 640w, https:\/\/urbeamea.ro\/albaiulia\/wp-content\/uploads\/2022\/01\/poza-12-sebastian-427x640.jpeg 427w, https:\/\/urbeamea.ro\/albaiulia\/wp-content\/uploads\/2022\/01\/poza-12-sebastian-100x150.jpeg 100w\" sizes=\"auto, (max-width: 640px) 100vw, 640px\" \/><\/a><\/figure><\/li><li class=\"blocks-gallery-item\"><figure><a href=\"https:\/\/urbeamea.ro\/albaiulia\/wp-content\/uploads\/2022\/01\/poza-2-sebastian.jpeg\"><img loading=\"lazy\" decoding=\"async\" width=\"734\" height=\"960\" src=\"https:\/\/urbeamea.ro\/albaiulia\/wp-content\/uploads\/2022\/01\/poza-2-sebastian.jpeg\" alt=\"\" data-id=\"99682\" data-full-url=\"https:\/\/urbeamea.ro\/albaiulia\/wp-content\/uploads\/2022\/01\/poza-2-sebastian.jpeg\" data-link=\"https:\/\/urbeamea.ro\/albaiulia\/?attachment_id=99682\" class=\"wp-image-99682\" srcset=\"https:\/\/urbeamea.ro\/albaiulia\/wp-content\/uploads\/2022\/01\/poza-2-sebastian.jpeg 734w, https:\/\/urbeamea.ro\/albaiulia\/wp-content\/uploads\/2022\/01\/poza-2-sebastian-489x640.jpeg 489w, https:\/\/urbeamea.ro\/albaiulia\/wp-content\/uploads\/2022\/01\/poza-2-sebastian-115x150.jpeg 115w\" sizes=\"auto, (max-width: 734px) 100vw, 734px\" \/><\/a><\/figure><\/li><li class=\"blocks-gallery-item\"><figure><a href=\"https:\/\/urbeamea.ro\/albaiulia\/wp-content\/uploads\/2022\/01\/poza-4-sebastian.jpeg\"><img loading=\"lazy\" decoding=\"async\" width=\"700\" height=\"1024\" src=\"https:\/\/urbeamea.ro\/albaiulia\/wp-content\/uploads\/2022\/01\/poza-4-sebastian.jpeg\" alt=\"\" data-id=\"99684\" data-full-url=\"https:\/\/urbeamea.ro\/albaiulia\/wp-content\/uploads\/2022\/01\/poza-4-sebastian.jpeg\" data-link=\"https:\/\/urbeamea.ro\/albaiulia\/?attachment_id=99684\" class=\"wp-image-99684\" srcset=\"https:\/\/urbeamea.ro\/albaiulia\/wp-content\/uploads\/2022\/01\/poza-4-sebastian.jpeg 700w, https:\/\/urbeamea.ro\/albaiulia\/wp-content\/uploads\/2022\/01\/poza-4-sebastian-438x640.jpeg 438w, https:\/\/urbeamea.ro\/albaiulia\/wp-content\/uploads\/2022\/01\/poza-4-sebastian-103x150.jpeg 103w\" sizes=\"auto, (max-width: 700px) 100vw, 700px\" \/><\/a><\/figure><\/li><li class=\"blocks-gallery-item\"><figure><a href=\"https:\/\/urbeamea.ro\/albaiulia\/wp-content\/uploads\/2022\/01\/poza-6-sebastian.jpeg\"><img loading=\"lazy\" decoding=\"async\" width=\"768\" height=\"1024\" src=\"https:\/\/urbeamea.ro\/albaiulia\/wp-content\/uploads\/2022\/01\/poza-6-sebastian.jpeg\" alt=\"\" data-id=\"99686\" data-full-url=\"https:\/\/urbeamea.ro\/albaiulia\/wp-content\/uploads\/2022\/01\/poza-6-sebastian.jpeg\" data-link=\"https:\/\/urbeamea.ro\/albaiulia\/?attachment_id=99686\" class=\"wp-image-99686\" srcset=\"https:\/\/urbeamea.ro\/albaiulia\/wp-content\/uploads\/2022\/01\/poza-6-sebastian.jpeg 768w, https:\/\/urbeamea.ro\/albaiulia\/wp-content\/uploads\/2022\/01\/poza-6-sebastian-480x640.jpeg 480w, https:\/\/urbeamea.ro\/albaiulia\/wp-content\/uploads\/2022\/01\/poza-6-sebastian-113x150.jpeg 113w\" sizes=\"auto, (max-width: 768px) 100vw, 768px\" \/><\/a><\/figure><\/li><li class=\"blocks-gallery-item\"><figure><a href=\"https:\/\/urbeamea.ro\/albaiulia\/wp-content\/uploads\/2022\/01\/poza-7-sebastian.jpeg\"><img loading=\"lazy\" decoding=\"async\" width=\"960\" height=\"1280\" src=\"https:\/\/urbeamea.ro\/albaiulia\/wp-content\/uploads\/2022\/01\/poza-7-sebastian-960x1280.jpeg\" alt=\"\" data-id=\"99687\" data-full-url=\"https:\/\/urbeamea.ro\/albaiulia\/wp-content\/uploads\/2022\/01\/poza-7-sebastian.jpeg\" data-link=\"https:\/\/urbeamea.ro\/albaiulia\/?attachment_id=99687\" class=\"wp-image-99687\" srcset=\"https:\/\/urbeamea.ro\/albaiulia\/wp-content\/uploads\/2022\/01\/poza-7-sebastian-960x1280.jpeg 960w, https:\/\/urbeamea.ro\/albaiulia\/wp-content\/uploads\/2022\/01\/poza-7-sebastian-480x640.jpeg 480w, https:\/\/urbeamea.ro\/albaiulia\/wp-content\/uploads\/2022\/01\/poza-7-sebastian-113x150.jpeg 113w, https:\/\/urbeamea.ro\/albaiulia\/wp-content\/uploads\/2022\/01\/poza-7-sebastian-768x1024.jpeg 768w, https:\/\/urbeamea.ro\/albaiulia\/wp-content\/uploads\/2022\/01\/poza-7-sebastian-1152x1536.jpeg 1152w, https:\/\/urbeamea.ro\/albaiulia\/wp-content\/uploads\/2022\/01\/poza-7-sebastian.jpeg 1200w\" sizes=\"auto, (max-width: 960px) 100vw, 960px\" \/><\/a><\/figure><\/li><li class=\"blocks-gallery-item\"><figure><a href=\"https:\/\/urbeamea.ro\/albaiulia\/wp-content\/uploads\/2022\/01\/poza-8-sebastian.jpeg\"><img loading=\"lazy\" decoding=\"async\" width=\"614\" height=\"960\" src=\"https:\/\/urbeamea.ro\/albaiulia\/wp-content\/uploads\/2022\/01\/poza-8-sebastian.jpeg\" alt=\"\" data-id=\"99688\" data-full-url=\"https:\/\/urbeamea.ro\/albaiulia\/wp-content\/uploads\/2022\/01\/poza-8-sebastian.jpeg\" data-link=\"https:\/\/urbeamea.ro\/albaiulia\/?attachment_id=99688\" class=\"wp-image-99688\" srcset=\"https:\/\/urbeamea.ro\/albaiulia\/wp-content\/uploads\/2022\/01\/poza-8-sebastian.jpeg 614w, https:\/\/urbeamea.ro\/albaiulia\/wp-content\/uploads\/2022\/01\/poza-8-sebastian-409x640.jpeg 409w, https:\/\/urbeamea.ro\/albaiulia\/wp-content\/uploads\/2022\/01\/poza-8-sebastian-96x150.jpeg 96w\" sizes=\"auto, (max-width: 614px) 100vw, 614px\" \/><\/a><\/figure><\/li><li class=\"blocks-gallery-item\"><figure><a href=\"https:\/\/urbeamea.ro\/albaiulia\/wp-content\/uploads\/2022\/01\/poza-9-sebastian.jpeg\"><img loading=\"lazy\" decoding=\"async\" width=\"630\" height=\"960\" src=\"https:\/\/urbeamea.ro\/albaiulia\/wp-content\/uploads\/2022\/01\/poza-9-sebastian.jpeg\" alt=\"\" data-id=\"99689\" data-full-url=\"https:\/\/urbeamea.ro\/albaiulia\/wp-content\/uploads\/2022\/01\/poza-9-sebastian.jpeg\" data-link=\"https:\/\/urbeamea.ro\/albaiulia\/?attachment_id=99689\" class=\"wp-image-99689\" srcset=\"https:\/\/urbeamea.ro\/albaiulia\/wp-content\/uploads\/2022\/01\/poza-9-sebastian.jpeg 630w, https:\/\/urbeamea.ro\/albaiulia\/wp-content\/uploads\/2022\/01\/poza-9-sebastian-420x640.jpeg 420w, https:\/\/urbeamea.ro\/albaiulia\/wp-content\/uploads\/2022\/01\/poza-9-sebastian-98x150.jpeg 98w\" sizes=\"auto, (max-width: 630px) 100vw, 630px\" \/><\/a><\/figure><\/li><li class=\"blocks-gallery-item\"><figure><a href=\"https:\/\/urbeamea.ro\/albaiulia\/wp-content\/uploads\/2022\/01\/poza-10-sebastian.jpeg\"><img loading=\"lazy\" decoding=\"async\" width=\"756\" height=\"1280\" src=\"https:\/\/urbeamea.ro\/albaiulia\/wp-content\/uploads\/2022\/01\/poza-10-sebastian-756x1280.jpeg\" alt=\"\" data-id=\"99690\" data-full-url=\"https:\/\/urbeamea.ro\/albaiulia\/wp-content\/uploads\/2022\/01\/poza-10-sebastian.jpeg\" data-link=\"https:\/\/urbeamea.ro\/albaiulia\/?attachment_id=99690\" class=\"wp-image-99690\" srcset=\"https:\/\/urbeamea.ro\/albaiulia\/wp-content\/uploads\/2022\/01\/poza-10-sebastian-756x1280.jpeg 756w, https:\/\/urbeamea.ro\/albaiulia\/wp-content\/uploads\/2022\/01\/poza-10-sebastian-378x640.jpeg 378w, https:\/\/urbeamea.ro\/albaiulia\/wp-content\/uploads\/2022\/01\/poza-10-sebastian-89x150.jpeg 89w, https:\/\/urbeamea.ro\/albaiulia\/wp-content\/uploads\/2022\/01\/poza-10-sebastian-768x1300.jpeg 768w, https:\/\/urbeamea.ro\/albaiulia\/wp-content\/uploads\/2022\/01\/poza-10-sebastian-907x1536.jpeg 907w, https:\/\/urbeamea.ro\/albaiulia\/wp-content\/uploads\/2022\/01\/poza-10-sebastian.jpeg 945w\" sizes=\"auto, (max-width: 756px) 100vw, 756px\" \/><\/a><\/figure><\/li><li class=\"blocks-gallery-item\"><figure><a href=\"https:\/\/urbeamea.ro\/albaiulia\/wp-content\/uploads\/2022\/01\/poza-11-sebastian.jpeg\"><img loading=\"lazy\" decoding=\"async\" width=\"910\" height=\"1280\" src=\"https:\/\/urbeamea.ro\/albaiulia\/wp-content\/uploads\/2022\/01\/poza-11-sebastian-910x1280.jpeg\" alt=\"\" data-id=\"99691\" data-full-url=\"https:\/\/urbeamea.ro\/albaiulia\/wp-content\/uploads\/2022\/01\/poza-11-sebastian.jpeg\" data-link=\"https:\/\/urbeamea.ro\/albaiulia\/?attachment_id=99691\" class=\"wp-image-99691\" srcset=\"https:\/\/urbeamea.ro\/albaiulia\/wp-content\/uploads\/2022\/01\/poza-11-sebastian-910x1280.jpeg 910w, https:\/\/urbeamea.ro\/albaiulia\/wp-content\/uploads\/2022\/01\/poza-11-sebastian-455x640.jpeg 455w, https:\/\/urbeamea.ro\/albaiulia\/wp-content\/uploads\/2022\/01\/poza-11-sebastian-107x150.jpeg 107w, https:\/\/urbeamea.ro\/albaiulia\/wp-content\/uploads\/2022\/01\/poza-11-sebastian-768x1081.jpeg 768w, https:\/\/urbeamea.ro\/albaiulia\/wp-content\/uploads\/2022\/01\/poza-11-sebastian-1092x1536.jpeg 1092w, https:\/\/urbeamea.ro\/albaiulia\/wp-content\/uploads\/2022\/01\/poza-11-sebastian.jpeg 1137w\" sizes=\"auto, (max-width: 910px) 100vw, 910px\" \/><\/a><\/figure><\/li><\/ul><\/figure>\n","protected":false},"excerpt":{"rendered":"<p>*De la cine a \u00eenv\u0103\u021bat meserie? Cum a f\u0103cut rost de bani pentru prima ma\u0219in\u0103 de tatuat? C\u00e2te \u201ecocoa\u0219e\u201d are m-ul caligrafic, mic, de m\u00e2n\u0103, cum poate un tatuaj gre\u0219it s\u0103 creasc\u0103 natalitatea \u0219i alte pove\u0219ti de salon, descoperi\u021bi \u00een interviul de mai jos! \u201e\u00centre tatuator \u0219i client nu e dec\u00e2t acul \u0219i at\u00e2t, f\u0103r\u0103 &hellip;<\/p>\n","protected":false},"author":27,"featured_media":99694,"comment_status":"open","ping_status":"open","sticky":false,"template":"","format":"standard","meta":{"inline_featured_image":false,"footnotes":""},"categories":[812],"tags":[23925,23922,23924,23923],"class_list":["post-99679","post","type-post","status-publish","format-standard","has-post-thumbnail","hentry","category-interviu","tag-atelier11","tag-sebastian-ispas","tag-tatuaje","tag-tatuator"],"yoast_head":"<!-- This site is optimized with the Yoast SEO plugin v27.4 - https:\/\/yoast.com\/product\/yoast-seo-wordpress\/ -->\n<title>De vorb\u0103 cu Sebastian Ispas, unul dintre cei mai aprecia\u021bi arti\u0219ti tatuatori de la noi - Revista Urbea Mea - Revista de Alba<\/title>\n<meta name=\"description\" content=\"*De la cine a \u00eenv\u0103\u021bat meserie? Cum a f\u0103cut rost de bani pentru prima ma\u0219in\u0103 de tatuat? C\u00e2te \u201ecocoa\u0219e\u201d are m-ul caligrafic, mic, de m\u00e2n\u0103, cum poate un\" \/>\n<meta name=\"robots\" content=\"index, follow, max-snippet:-1, max-image-preview:large, max-video-preview:-1\" \/>\n<link rel=\"canonical\" href=\"https:\/\/urbeamea.ro\/albaiulia\/de-vorba-cu-sebastian-ispas-unul-dintre-cei-mai-apreciati-artisti-tatuatori-de-la-noi\/\" \/>\n<meta name=\"twitter:card\" content=\"summary_large_image\" \/>\n<meta name=\"twitter:title\" content=\"De vorb\u0103 cu Sebastian Ispas, unul dintre cei mai aprecia\u021bi arti\u0219ti tatuatori de la noi - Revista Urbea Mea - Revista de Alba\" \/>\n<meta name=\"twitter:description\" content=\"*De la cine a \u00eenv\u0103\u021bat meserie? Cum a f\u0103cut rost de bani pentru prima ma\u0219in\u0103 de tatuat? C\u00e2te \u201ecocoa\u0219e\u201d are m-ul caligrafic, mic, de m\u00e2n\u0103, cum poate un\" \/>\n<meta name=\"twitter:image\" content=\"https:\/\/urbeamea.ro\/albaiulia\/wp-content\/uploads\/2022\/01\/sebastian-cover.jpg\" \/>\n<meta name=\"twitter:creator\" content=\"@urbeameaweb\" \/>\n<meta name=\"twitter:site\" content=\"@urbeameaweb\" \/>\n<script type=\"application\/ld+json\" class=\"yoast-schema-graph\">{\"@context\":\"https:\\\/\\\/schema.org\",\"@graph\":[{\"@type\":\"Article\",\"@id\":\"https:\\\/\\\/urbeamea.ro\\\/albaiulia\\\/de-vorba-cu-sebastian-ispas-unul-dintre-cei-mai-apreciati-artisti-tatuatori-de-la-noi\\\/#article\",\"isPartOf\":{\"@id\":\"https:\\\/\\\/urbeamea.ro\\\/albaiulia\\\/de-vorba-cu-sebastian-ispas-unul-dintre-cei-mai-apreciati-artisti-tatuatori-de-la-noi\\\/\"},\"author\":{\"name\":\"Stoia Daniela\",\"@id\":\"https:\\\/\\\/urbeamea.ro\\\/albaiulia\\\/#\\\/schema\\\/person\\\/91e3c5a380c685aef9f0295ef6449b3c\"},\"headline\":\"De vorb\u0103 cu Sebastian Ispas, unul dintre cei mai aprecia\u021bi arti\u0219ti tatuatori de la noi\",\"datePublished\":\"2022-01-07T19:36:46+00:00\",\"dateModified\":\"2022-01-07T19:37:35+00:00\",\"mainEntityOfPage\":{\"@id\":\"https:\\\/\\\/urbeamea.ro\\\/albaiulia\\\/de-vorba-cu-sebastian-ispas-unul-dintre-cei-mai-apreciati-artisti-tatuatori-de-la-noi\\\/\"},\"wordCount\":2343,\"commentCount\":0,\"image\":{\"@id\":\"https:\\\/\\\/urbeamea.ro\\\/albaiulia\\\/de-vorba-cu-sebastian-ispas-unul-dintre-cei-mai-apreciati-artisti-tatuatori-de-la-noi\\\/#primaryimage\"},\"thumbnailUrl\":\"https:\\\/\\\/urbeamea.ro\\\/albaiulia\\\/wp-content\\\/uploads\\\/2022\\\/01\\\/sebastian-cover.jpg\",\"keywords\":[\"Atelier11\",\"Sebastian Ispas\",\"tatuaje\",\"tatuator\"],\"articleSection\":[\"Interviuri\"],\"inLanguage\":\"ro-RO\",\"potentialAction\":[{\"@type\":\"CommentAction\",\"name\":\"Comment\",\"target\":[\"https:\\\/\\\/urbeamea.ro\\\/albaiulia\\\/de-vorba-cu-sebastian-ispas-unul-dintre-cei-mai-apreciati-artisti-tatuatori-de-la-noi\\\/#respond\"]}]},{\"@type\":\"WebPage\",\"@id\":\"https:\\\/\\\/urbeamea.ro\\\/albaiulia\\\/de-vorba-cu-sebastian-ispas-unul-dintre-cei-mai-apreciati-artisti-tatuatori-de-la-noi\\\/\",\"url\":\"https:\\\/\\\/urbeamea.ro\\\/albaiulia\\\/de-vorba-cu-sebastian-ispas-unul-dintre-cei-mai-apreciati-artisti-tatuatori-de-la-noi\\\/\",\"name\":\"De vorb\u0103 cu Sebastian Ispas, unul dintre cei mai aprecia\u021bi arti\u0219ti tatuatori de la noi - Revista Urbea Mea - Revista de Alba\",\"isPartOf\":{\"@id\":\"https:\\\/\\\/urbeamea.ro\\\/albaiulia\\\/#website\"},\"primaryImageOfPage\":{\"@id\":\"https:\\\/\\\/urbeamea.ro\\\/albaiulia\\\/de-vorba-cu-sebastian-ispas-unul-dintre-cei-mai-apreciati-artisti-tatuatori-de-la-noi\\\/#primaryimage\"},\"image\":{\"@id\":\"https:\\\/\\\/urbeamea.ro\\\/albaiulia\\\/de-vorba-cu-sebastian-ispas-unul-dintre-cei-mai-apreciati-artisti-tatuatori-de-la-noi\\\/#primaryimage\"},\"thumbnailUrl\":\"https:\\\/\\\/urbeamea.ro\\\/albaiulia\\\/wp-content\\\/uploads\\\/2022\\\/01\\\/sebastian-cover.jpg\",\"datePublished\":\"2022-01-07T19:36:46+00:00\",\"dateModified\":\"2022-01-07T19:37:35+00:00\",\"author\":{\"@id\":\"https:\\\/\\\/urbeamea.ro\\\/albaiulia\\\/#\\\/schema\\\/person\\\/91e3c5a380c685aef9f0295ef6449b3c\"},\"description\":\"*De la cine a \u00eenv\u0103\u021bat meserie? Cum a f\u0103cut rost de bani pentru prima ma\u0219in\u0103 de tatuat? C\u00e2te \u201ecocoa\u0219e\u201d are m-ul caligrafic, mic, de m\u00e2n\u0103, cum poate un\",\"breadcrumb\":{\"@id\":\"https:\\\/\\\/urbeamea.ro\\\/albaiulia\\\/de-vorba-cu-sebastian-ispas-unul-dintre-cei-mai-apreciati-artisti-tatuatori-de-la-noi\\\/#breadcrumb\"},\"inLanguage\":\"ro-RO\",\"potentialAction\":[{\"@type\":\"ReadAction\",\"target\":[\"https:\\\/\\\/urbeamea.ro\\\/albaiulia\\\/de-vorba-cu-sebastian-ispas-unul-dintre-cei-mai-apreciati-artisti-tatuatori-de-la-noi\\\/\"]}]},{\"@type\":\"ImageObject\",\"inLanguage\":\"ro-RO\",\"@id\":\"https:\\\/\\\/urbeamea.ro\\\/albaiulia\\\/de-vorba-cu-sebastian-ispas-unul-dintre-cei-mai-apreciati-artisti-tatuatori-de-la-noi\\\/#primaryimage\",\"url\":\"https:\\\/\\\/urbeamea.ro\\\/albaiulia\\\/wp-content\\\/uploads\\\/2022\\\/01\\\/sebastian-cover.jpg\",\"contentUrl\":\"https:\\\/\\\/urbeamea.ro\\\/albaiulia\\\/wp-content\\\/uploads\\\/2022\\\/01\\\/sebastian-cover.jpg\",\"width\":1600,\"height\":1438},{\"@type\":\"BreadcrumbList\",\"@id\":\"https:\\\/\\\/urbeamea.ro\\\/albaiulia\\\/de-vorba-cu-sebastian-ispas-unul-dintre-cei-mai-apreciati-artisti-tatuatori-de-la-noi\\\/#breadcrumb\",\"itemListElement\":[{\"@type\":\"ListItem\",\"position\":1,\"name\":\"Prima pagin\u0103\",\"item\":\"https:\\\/\\\/urbeamea.ro\\\/albaiulia\\\/\"},{\"@type\":\"ListItem\",\"position\":2,\"name\":\"De vorb\u0103 cu Sebastian Ispas, unul dintre cei mai aprecia\u021bi arti\u0219ti tatuatori de la noi\"}]},{\"@type\":\"WebSite\",\"@id\":\"https:\\\/\\\/urbeamea.ro\\\/albaiulia\\\/#website\",\"url\":\"https:\\\/\\\/urbeamea.ro\\\/albaiulia\\\/\",\"name\":\"Revista Urbea Mea, Stiri urbane\",\"description\":\"Evenimente \u0219i \u0219tiri din Alba Iulia, Sebe\u0219, Aiud, Blaj\",\"potentialAction\":[{\"@type\":\"SearchAction\",\"target\":{\"@type\":\"EntryPoint\",\"urlTemplate\":\"https:\\\/\\\/urbeamea.ro\\\/albaiulia\\\/?s={search_term_string}\"},\"query-input\":{\"@type\":\"PropertyValueSpecification\",\"valueRequired\":true,\"valueName\":\"search_term_string\"}}],\"inLanguage\":\"ro-RO\"},{\"@type\":\"Person\",\"@id\":\"https:\\\/\\\/urbeamea.ro\\\/albaiulia\\\/#\\\/schema\\\/person\\\/91e3c5a380c685aef9f0295ef6449b3c\",\"name\":\"Stoia Daniela\",\"image\":{\"@type\":\"ImageObject\",\"inLanguage\":\"ro-RO\",\"@id\":\"https:\\\/\\\/secure.gravatar.com\\\/avatar\\\/5aaf6eef20c2b497aa6b10eb1d0ea3e79b9229f0518d4c68b0fe81d133d3c8ca?s=96&d=mm&r=g\",\"url\":\"https:\\\/\\\/secure.gravatar.com\\\/avatar\\\/5aaf6eef20c2b497aa6b10eb1d0ea3e79b9229f0518d4c68b0fe81d133d3c8ca?s=96&d=mm&r=g\",\"contentUrl\":\"https:\\\/\\\/secure.gravatar.com\\\/avatar\\\/5aaf6eef20c2b497aa6b10eb1d0ea3e79b9229f0518d4c68b0fe81d133d3c8ca?s=96&d=mm&r=g\",\"caption\":\"Stoia Daniela\"},\"url\":\"https:\\\/\\\/urbeamea.ro\\\/albaiulia\\\/author\\\/daniela-stoia\\\/\"}]}<\/script>\n<!-- \/ Yoast SEO plugin. -->","yoast_head_json":{"title":"De vorb\u0103 cu Sebastian Ispas, unul dintre cei mai aprecia\u021bi arti\u0219ti tatuatori de la noi - Revista Urbea Mea - Revista de Alba","description":"*De la cine a \u00eenv\u0103\u021bat meserie? Cum a f\u0103cut rost de bani pentru prima ma\u0219in\u0103 de tatuat? C\u00e2te \u201ecocoa\u0219e\u201d are m-ul caligrafic, mic, de m\u00e2n\u0103, cum poate un","robots":{"index":"index","follow":"follow","max-snippet":"max-snippet:-1","max-image-preview":"max-image-preview:large","max-video-preview":"max-video-preview:-1"},"canonical":"https:\/\/urbeamea.ro\/albaiulia\/de-vorba-cu-sebastian-ispas-unul-dintre-cei-mai-apreciati-artisti-tatuatori-de-la-noi\/","twitter_card":"summary_large_image","twitter_title":"De vorb\u0103 cu Sebastian Ispas, unul dintre cei mai aprecia\u021bi arti\u0219ti tatuatori de la noi - Revista Urbea Mea - Revista de Alba","twitter_description":"*De la cine a \u00eenv\u0103\u021bat meserie? Cum a f\u0103cut rost de bani pentru prima ma\u0219in\u0103 de tatuat? C\u00e2te \u201ecocoa\u0219e\u201d are m-ul caligrafic, mic, de m\u00e2n\u0103, cum poate un","twitter_image":"https:\/\/urbeamea.ro\/albaiulia\/wp-content\/uploads\/2022\/01\/sebastian-cover.jpg","twitter_creator":"@urbeameaweb","twitter_site":"@urbeameaweb","schema":{"@context":"https:\/\/schema.org","@graph":[{"@type":"Article","@id":"https:\/\/urbeamea.ro\/albaiulia\/de-vorba-cu-sebastian-ispas-unul-dintre-cei-mai-apreciati-artisti-tatuatori-de-la-noi\/#article","isPartOf":{"@id":"https:\/\/urbeamea.ro\/albaiulia\/de-vorba-cu-sebastian-ispas-unul-dintre-cei-mai-apreciati-artisti-tatuatori-de-la-noi\/"},"author":{"name":"Stoia Daniela","@id":"https:\/\/urbeamea.ro\/albaiulia\/#\/schema\/person\/91e3c5a380c685aef9f0295ef6449b3c"},"headline":"De vorb\u0103 cu Sebastian Ispas, unul dintre cei mai aprecia\u021bi arti\u0219ti tatuatori de la noi","datePublished":"2022-01-07T19:36:46+00:00","dateModified":"2022-01-07T19:37:35+00:00","mainEntityOfPage":{"@id":"https:\/\/urbeamea.ro\/albaiulia\/de-vorba-cu-sebastian-ispas-unul-dintre-cei-mai-apreciati-artisti-tatuatori-de-la-noi\/"},"wordCount":2343,"commentCount":0,"image":{"@id":"https:\/\/urbeamea.ro\/albaiulia\/de-vorba-cu-sebastian-ispas-unul-dintre-cei-mai-apreciati-artisti-tatuatori-de-la-noi\/#primaryimage"},"thumbnailUrl":"https:\/\/urbeamea.ro\/albaiulia\/wp-content\/uploads\/2022\/01\/sebastian-cover.jpg","keywords":["Atelier11","Sebastian Ispas","tatuaje","tatuator"],"articleSection":["Interviuri"],"inLanguage":"ro-RO","potentialAction":[{"@type":"CommentAction","name":"Comment","target":["https:\/\/urbeamea.ro\/albaiulia\/de-vorba-cu-sebastian-ispas-unul-dintre-cei-mai-apreciati-artisti-tatuatori-de-la-noi\/#respond"]}]},{"@type":"WebPage","@id":"https:\/\/urbeamea.ro\/albaiulia\/de-vorba-cu-sebastian-ispas-unul-dintre-cei-mai-apreciati-artisti-tatuatori-de-la-noi\/","url":"https:\/\/urbeamea.ro\/albaiulia\/de-vorba-cu-sebastian-ispas-unul-dintre-cei-mai-apreciati-artisti-tatuatori-de-la-noi\/","name":"De vorb\u0103 cu Sebastian Ispas, unul dintre cei mai aprecia\u021bi arti\u0219ti tatuatori de la noi - Revista Urbea Mea - Revista de Alba","isPartOf":{"@id":"https:\/\/urbeamea.ro\/albaiulia\/#website"},"primaryImageOfPage":{"@id":"https:\/\/urbeamea.ro\/albaiulia\/de-vorba-cu-sebastian-ispas-unul-dintre-cei-mai-apreciati-artisti-tatuatori-de-la-noi\/#primaryimage"},"image":{"@id":"https:\/\/urbeamea.ro\/albaiulia\/de-vorba-cu-sebastian-ispas-unul-dintre-cei-mai-apreciati-artisti-tatuatori-de-la-noi\/#primaryimage"},"thumbnailUrl":"https:\/\/urbeamea.ro\/albaiulia\/wp-content\/uploads\/2022\/01\/sebastian-cover.jpg","datePublished":"2022-01-07T19:36:46+00:00","dateModified":"2022-01-07T19:37:35+00:00","author":{"@id":"https:\/\/urbeamea.ro\/albaiulia\/#\/schema\/person\/91e3c5a380c685aef9f0295ef6449b3c"},"description":"*De la cine a \u00eenv\u0103\u021bat meserie? Cum a f\u0103cut rost de bani pentru prima ma\u0219in\u0103 de tatuat? C\u00e2te \u201ecocoa\u0219e\u201d are m-ul caligrafic, mic, de m\u00e2n\u0103, cum poate un","breadcrumb":{"@id":"https:\/\/urbeamea.ro\/albaiulia\/de-vorba-cu-sebastian-ispas-unul-dintre-cei-mai-apreciati-artisti-tatuatori-de-la-noi\/#breadcrumb"},"inLanguage":"ro-RO","potentialAction":[{"@type":"ReadAction","target":["https:\/\/urbeamea.ro\/albaiulia\/de-vorba-cu-sebastian-ispas-unul-dintre-cei-mai-apreciati-artisti-tatuatori-de-la-noi\/"]}]},{"@type":"ImageObject","inLanguage":"ro-RO","@id":"https:\/\/urbeamea.ro\/albaiulia\/de-vorba-cu-sebastian-ispas-unul-dintre-cei-mai-apreciati-artisti-tatuatori-de-la-noi\/#primaryimage","url":"https:\/\/urbeamea.ro\/albaiulia\/wp-content\/uploads\/2022\/01\/sebastian-cover.jpg","contentUrl":"https:\/\/urbeamea.ro\/albaiulia\/wp-content\/uploads\/2022\/01\/sebastian-cover.jpg","width":1600,"height":1438},{"@type":"BreadcrumbList","@id":"https:\/\/urbeamea.ro\/albaiulia\/de-vorba-cu-sebastian-ispas-unul-dintre-cei-mai-apreciati-artisti-tatuatori-de-la-noi\/#breadcrumb","itemListElement":[{"@type":"ListItem","position":1,"name":"Prima pagin\u0103","item":"https:\/\/urbeamea.ro\/albaiulia\/"},{"@type":"ListItem","position":2,"name":"De vorb\u0103 cu Sebastian Ispas, unul dintre cei mai aprecia\u021bi arti\u0219ti tatuatori de la noi"}]},{"@type":"WebSite","@id":"https:\/\/urbeamea.ro\/albaiulia\/#website","url":"https:\/\/urbeamea.ro\/albaiulia\/","name":"Revista Urbea Mea, Stiri urbane","description":"Evenimente \u0219i \u0219tiri din Alba Iulia, Sebe\u0219, Aiud, Blaj","potentialAction":[{"@type":"SearchAction","target":{"@type":"EntryPoint","urlTemplate":"https:\/\/urbeamea.ro\/albaiulia\/?s={search_term_string}"},"query-input":{"@type":"PropertyValueSpecification","valueRequired":true,"valueName":"search_term_string"}}],"inLanguage":"ro-RO"},{"@type":"Person","@id":"https:\/\/urbeamea.ro\/albaiulia\/#\/schema\/person\/91e3c5a380c685aef9f0295ef6449b3c","name":"Stoia Daniela","image":{"@type":"ImageObject","inLanguage":"ro-RO","@id":"https:\/\/secure.gravatar.com\/avatar\/5aaf6eef20c2b497aa6b10eb1d0ea3e79b9229f0518d4c68b0fe81d133d3c8ca?s=96&d=mm&r=g","url":"https:\/\/secure.gravatar.com\/avatar\/5aaf6eef20c2b497aa6b10eb1d0ea3e79b9229f0518d4c68b0fe81d133d3c8ca?s=96&d=mm&r=g","contentUrl":"https:\/\/secure.gravatar.com\/avatar\/5aaf6eef20c2b497aa6b10eb1d0ea3e79b9229f0518d4c68b0fe81d133d3c8ca?s=96&d=mm&r=g","caption":"Stoia Daniela"},"url":"https:\/\/urbeamea.ro\/albaiulia\/author\/daniela-stoia\/"}]}},"_links":{"self":[{"href":"https:\/\/urbeamea.ro\/albaiulia\/wp-json\/wp\/v2\/posts\/99679","targetHints":{"allow":["GET"]}}],"collection":[{"href":"https:\/\/urbeamea.ro\/albaiulia\/wp-json\/wp\/v2\/posts"}],"about":[{"href":"https:\/\/urbeamea.ro\/albaiulia\/wp-json\/wp\/v2\/types\/post"}],"author":[{"embeddable":true,"href":"https:\/\/urbeamea.ro\/albaiulia\/wp-json\/wp\/v2\/users\/27"}],"replies":[{"embeddable":true,"href":"https:\/\/urbeamea.ro\/albaiulia\/wp-json\/wp\/v2\/comments?post=99679"}],"version-history":[{"count":1,"href":"https:\/\/urbeamea.ro\/albaiulia\/wp-json\/wp\/v2\/posts\/99679\/revisions"}],"predecessor-version":[{"id":99695,"href":"https:\/\/urbeamea.ro\/albaiulia\/wp-json\/wp\/v2\/posts\/99679\/revisions\/99695"}],"wp:featuredmedia":[{"embeddable":true,"href":"https:\/\/urbeamea.ro\/albaiulia\/wp-json\/wp\/v2\/media\/99694"}],"wp:attachment":[{"href":"https:\/\/urbeamea.ro\/albaiulia\/wp-json\/wp\/v2\/media?parent=99679"}],"wp:term":[{"taxonomy":"category","embeddable":true,"href":"https:\/\/urbeamea.ro\/albaiulia\/wp-json\/wp\/v2\/categories?post=99679"},{"taxonomy":"post_tag","embeddable":true,"href":"https:\/\/urbeamea.ro\/albaiulia\/wp-json\/wp\/v2\/tags?post=99679"}],"curies":[{"name":"wp","href":"https:\/\/api.w.org\/{rel}","templated":true}]}}