{"id":99727,"date":"2022-01-11T11:51:39","date_gmt":"2022-01-11T09:51:39","guid":{"rendered":"https:\/\/urbeamea.ro\/albaiulia\/?p=99727"},"modified":"2022-01-11T12:06:29","modified_gmt":"2022-01-11T10:06:29","slug":"vine-gerul-se-anunta-temperaturi-cu-pana-la-18-grade","status":"publish","type":"post","link":"https:\/\/urbeamea.ro\/albaiulia\/vine-gerul-se-anunta-temperaturi-cu-pana-la-18-grade\/","title":{"rendered":"Vine gerul. Se anun\u021b\u0103 temperaturi cu p\u00e2n\u0103 la -18 grade"},"content":{"rendered":"\n<h3 class=\"wp-block-heading\">Meteorologii au emis mai multe avertiz\u0103ri \u0219i coduri de vreme sever\u0103 \u00een mai multe zone din \u021bar\u0103. Noaptea de miercuri spre joi va fi una geroas\u0103, iar \u00een unele zone, temperaturile vor ajunge chiar \u0219i la minus 18 de grade Celsius.\u00a0<\/h3>\n\n\n\n<p>Miercuri spre joi, zona va fi geroas\u0103 \u00een multe zone din \u021bar\u0103, cam \u00een toat\u0103 jum\u0103tatea nordic\u0103 \u0219i local \u00een partea de sud. Vor fi -10 grade \u00een depresiunile din estul Transilvaniei, poate chiar \u00een Maramure\u0219, acolo unde este mai frig, de obicei, se pot \u00eenregistra minime \u00een jurul a -18 grade.<\/p>\n","protected":false},"excerpt":{"rendered":"<p>Meteorologii au emis mai multe avertiz\u0103ri \u0219i coduri de vreme sever\u0103 \u00een mai multe zone din \u021bar\u0103. Noaptea de miercuri spre joi va fi una geroas\u0103, iar \u00een unele zone, temperaturile vor ajunge chiar \u0219i la minus 18 de grade Celsius.\u00a0 Miercuri spre joi, zona va fi geroas\u0103 \u00een multe zone din \u021bar\u0103, cam \u00een &hellip;<\/p>\n","protected":false},"author":16,"featured_media":99728,"comment_status":"open","ping_status":"open","sticky":false,"template":"","format":"standard","meta":{"inline_featured_image":false,"footnotes":""},"categories":[23926],"tags":[9333],"class_list":["post-99727","post","type-post","status-publish","format-standard","has-post-thumbnail","hentry","category-actualitate","tag-vreme-geroasa"],"yoast_head":"<!-- This site is optimized with the Yoast SEO plugin v27.4 - https:\/\/yoast.com\/product\/yoast-seo-wordpress\/ -->\n<title>Vine gerul. Se anun\u021b\u0103 temperaturi cu p\u00e2n\u0103 la -18 grade - Revista Urbea Mea - Revista de Alba<\/title>\n<meta name=\"description\" content=\"Meteorologii au emis mai multe avertiz\u0103ri \u0219i coduri de vreme sever\u0103 \u00een mai multe zone din \u021bar\u0103. Noaptea de miercuri spre joi va fi una geroas\u0103, iar \u00een\" \/>\n<meta name=\"robots\" content=\"index, follow, max-snippet:-1, max-image-preview:large, max-video-preview:-1\" \/>\n<link rel=\"canonical\" href=\"https:\/\/urbeamea.ro\/albaiulia\/vine-gerul-se-anunta-temperaturi-cu-pana-la-18-grade\/\" \/>\n<meta name=\"twitter:card\" content=\"summary_large_image\" \/>\n<meta name=\"twitter:title\" content=\"Vine gerul. Se anun\u021b\u0103 temperaturi cu p\u00e2n\u0103 la -18 grade - Revista Urbea Mea - Revista de Alba\" \/>\n<meta name=\"twitter:description\" content=\"Meteorologii au emis mai multe avertiz\u0103ri \u0219i coduri de vreme sever\u0103 \u00een mai multe zone din \u021bar\u0103. Noaptea de miercuri spre joi va fi una geroas\u0103, iar \u00een\" \/>\n<meta name=\"twitter:image\" content=\"https:\/\/urbeamea.ro\/albaiulia\/wp-content\/uploads\/2022\/01\/frozen-201495_1920.jpg\" \/>\n<meta name=\"twitter:creator\" content=\"@urbeameaweb\" \/>\n<meta name=\"twitter:site\" content=\"@urbeameaweb\" \/>\n<script type=\"application\/ld+json\" class=\"yoast-schema-graph\">{\"@context\":\"https:\\\/\\\/schema.org\",\"@graph\":[{\"@type\":\"Article\",\"@id\":\"https:\\\/\\\/urbeamea.ro\\\/albaiulia\\\/vine-gerul-se-anunta-temperaturi-cu-pana-la-18-grade\\\/#article\",\"isPartOf\":{\"@id\":\"https:\\\/\\\/urbeamea.ro\\\/albaiulia\\\/vine-gerul-se-anunta-temperaturi-cu-pana-la-18-grade\\\/\"},\"author\":{\"name\":\"Redac\u021bia UrbeaMea\",\"@id\":\"https:\\\/\\\/urbeamea.ro\\\/albaiulia\\\/#\\\/schema\\\/person\\\/272ae98052f8ee8980f59848df070247\"},\"headline\":\"Vine gerul. Se anun\u021b\u0103 temperaturi cu p\u00e2n\u0103 la -18 grade\",\"datePublished\":\"2022-01-11T09:51:39+00:00\",\"dateModified\":\"2022-01-11T10:06:29+00:00\",\"mainEntityOfPage\":{\"@id\":\"https:\\\/\\\/urbeamea.ro\\\/albaiulia\\\/vine-gerul-se-anunta-temperaturi-cu-pana-la-18-grade\\\/\"},\"wordCount\":105,\"commentCount\":0,\"image\":{\"@id\":\"https:\\\/\\\/urbeamea.ro\\\/albaiulia\\\/vine-gerul-se-anunta-temperaturi-cu-pana-la-18-grade\\\/#primaryimage\"},\"thumbnailUrl\":\"https:\\\/\\\/urbeamea.ro\\\/albaiulia\\\/wp-content\\\/uploads\\\/2022\\\/01\\\/frozen-201495_1920.jpg\",\"keywords\":[\"vreme geroasa\"],\"articleSection\":[\"Actualitate\"],\"inLanguage\":\"ro-RO\",\"potentialAction\":[{\"@type\":\"CommentAction\",\"name\":\"Comment\",\"target\":[\"https:\\\/\\\/urbeamea.ro\\\/albaiulia\\\/vine-gerul-se-anunta-temperaturi-cu-pana-la-18-grade\\\/#respond\"]}]},{\"@type\":\"WebPage\",\"@id\":\"https:\\\/\\\/urbeamea.ro\\\/albaiulia\\\/vine-gerul-se-anunta-temperaturi-cu-pana-la-18-grade\\\/\",\"url\":\"https:\\\/\\\/urbeamea.ro\\\/albaiulia\\\/vine-gerul-se-anunta-temperaturi-cu-pana-la-18-grade\\\/\",\"name\":\"Vine gerul. Se anun\u021b\u0103 temperaturi cu p\u00e2n\u0103 la -18 grade - Revista Urbea Mea - Revista de Alba\",\"isPartOf\":{\"@id\":\"https:\\\/\\\/urbeamea.ro\\\/albaiulia\\\/#website\"},\"primaryImageOfPage\":{\"@id\":\"https:\\\/\\\/urbeamea.ro\\\/albaiulia\\\/vine-gerul-se-anunta-temperaturi-cu-pana-la-18-grade\\\/#primaryimage\"},\"image\":{\"@id\":\"https:\\\/\\\/urbeamea.ro\\\/albaiulia\\\/vine-gerul-se-anunta-temperaturi-cu-pana-la-18-grade\\\/#primaryimage\"},\"thumbnailUrl\":\"https:\\\/\\\/urbeamea.ro\\\/albaiulia\\\/wp-content\\\/uploads\\\/2022\\\/01\\\/frozen-201495_1920.jpg\",\"datePublished\":\"2022-01-11T09:51:39+00:00\",\"dateModified\":\"2022-01-11T10:06:29+00:00\",\"author\":{\"@id\":\"https:\\\/\\\/urbeamea.ro\\\/albaiulia\\\/#\\\/schema\\\/person\\\/272ae98052f8ee8980f59848df070247\"},\"description\":\"Meteorologii au emis mai multe avertiz\u0103ri \u0219i coduri de vreme sever\u0103 \u00een mai multe zone din \u021bar\u0103. Noaptea de miercuri spre joi va fi una geroas\u0103, iar \u00een\",\"breadcrumb\":{\"@id\":\"https:\\\/\\\/urbeamea.ro\\\/albaiulia\\\/vine-gerul-se-anunta-temperaturi-cu-pana-la-18-grade\\\/#breadcrumb\"},\"inLanguage\":\"ro-RO\",\"potentialAction\":[{\"@type\":\"ReadAction\",\"target\":[\"https:\\\/\\\/urbeamea.ro\\\/albaiulia\\\/vine-gerul-se-anunta-temperaturi-cu-pana-la-18-grade\\\/\"]}]},{\"@type\":\"ImageObject\",\"inLanguage\":\"ro-RO\",\"@id\":\"https:\\\/\\\/urbeamea.ro\\\/albaiulia\\\/vine-gerul-se-anunta-temperaturi-cu-pana-la-18-grade\\\/#primaryimage\",\"url\":\"https:\\\/\\\/urbeamea.ro\\\/albaiulia\\\/wp-content\\\/uploads\\\/2022\\\/01\\\/frozen-201495_1920.jpg\",\"contentUrl\":\"https:\\\/\\\/urbeamea.ro\\\/albaiulia\\\/wp-content\\\/uploads\\\/2022\\\/01\\\/frozen-201495_1920.jpg\",\"width\":1600,\"height\":969},{\"@type\":\"BreadcrumbList\",\"@id\":\"https:\\\/\\\/urbeamea.ro\\\/albaiulia\\\/vine-gerul-se-anunta-temperaturi-cu-pana-la-18-grade\\\/#breadcrumb\",\"itemListElement\":[{\"@type\":\"ListItem\",\"position\":1,\"name\":\"Prima pagin\u0103\",\"item\":\"https:\\\/\\\/urbeamea.ro\\\/albaiulia\\\/\"},{\"@type\":\"ListItem\",\"position\":2,\"name\":\"Vine gerul. Se anun\u021b\u0103 temperaturi cu p\u00e2n\u0103 la -18 grade\"}]},{\"@type\":\"WebSite\",\"@id\":\"https:\\\/\\\/urbeamea.ro\\\/albaiulia\\\/#website\",\"url\":\"https:\\\/\\\/urbeamea.ro\\\/albaiulia\\\/\",\"name\":\"Revista Urbea Mea, Stiri urbane\",\"description\":\"Evenimente \u0219i \u0219tiri din Alba Iulia, Sebe\u0219, Aiud, Blaj\",\"potentialAction\":[{\"@type\":\"SearchAction\",\"target\":{\"@type\":\"EntryPoint\",\"urlTemplate\":\"https:\\\/\\\/urbeamea.ro\\\/albaiulia\\\/?s={search_term_string}\"},\"query-input\":{\"@type\":\"PropertyValueSpecification\",\"valueRequired\":true,\"valueName\":\"search_term_string\"}}],\"inLanguage\":\"ro-RO\"},{\"@type\":\"Person\",\"@id\":\"https:\\\/\\\/urbeamea.ro\\\/albaiulia\\\/#\\\/schema\\\/person\\\/272ae98052f8ee8980f59848df070247\",\"name\":\"Redac\u021bia UrbeaMea\",\"image\":{\"@type\":\"ImageObject\",\"inLanguage\":\"ro-RO\",\"@id\":\"https:\\\/\\\/secure.gravatar.com\\\/avatar\\\/9ce5a9435071fa1037e8468053ead8e513dbbff59009d3069aadb85506d85a27?s=96&d=mm&r=g\",\"url\":\"https:\\\/\\\/secure.gravatar.com\\\/avatar\\\/9ce5a9435071fa1037e8468053ead8e513dbbff59009d3069aadb85506d85a27?s=96&d=mm&r=g\",\"contentUrl\":\"https:\\\/\\\/secure.gravatar.com\\\/avatar\\\/9ce5a9435071fa1037e8468053ead8e513dbbff59009d3069aadb85506d85a27?s=96&d=mm&r=g\",\"caption\":\"Redac\u021bia UrbeaMea\"},\"description\":\"contact@urbeamea.ro\",\"sameAs\":[\"https:\\\/\\\/www.urbeamea.ro\"],\"url\":\"https:\\\/\\\/urbeamea.ro\\\/albaiulia\\\/author\\\/redactia-urbeamea\\\/\"}]}<\/script>\n<!-- \/ Yoast SEO plugin. -->","yoast_head_json":{"title":"Vine gerul. Se anun\u021b\u0103 temperaturi cu p\u00e2n\u0103 la -18 grade - Revista Urbea Mea - Revista de Alba","description":"Meteorologii au emis mai multe avertiz\u0103ri \u0219i coduri de vreme sever\u0103 \u00een mai multe zone din \u021bar\u0103. Noaptea de miercuri spre joi va fi una geroas\u0103, iar \u00een","robots":{"index":"index","follow":"follow","max-snippet":"max-snippet:-1","max-image-preview":"max-image-preview:large","max-video-preview":"max-video-preview:-1"},"canonical":"https:\/\/urbeamea.ro\/albaiulia\/vine-gerul-se-anunta-temperaturi-cu-pana-la-18-grade\/","twitter_card":"summary_large_image","twitter_title":"Vine gerul. Se anun\u021b\u0103 temperaturi cu p\u00e2n\u0103 la -18 grade - Revista Urbea Mea - Revista de Alba","twitter_description":"Meteorologii au emis mai multe avertiz\u0103ri \u0219i coduri de vreme sever\u0103 \u00een mai multe zone din \u021bar\u0103. Noaptea de miercuri spre joi va fi una geroas\u0103, iar \u00een","twitter_image":"https:\/\/urbeamea.ro\/albaiulia\/wp-content\/uploads\/2022\/01\/frozen-201495_1920.jpg","twitter_creator":"@urbeameaweb","twitter_site":"@urbeameaweb","schema":{"@context":"https:\/\/schema.org","@graph":[{"@type":"Article","@id":"https:\/\/urbeamea.ro\/albaiulia\/vine-gerul-se-anunta-temperaturi-cu-pana-la-18-grade\/#article","isPartOf":{"@id":"https:\/\/urbeamea.ro\/albaiulia\/vine-gerul-se-anunta-temperaturi-cu-pana-la-18-grade\/"},"author":{"name":"Redac\u021bia UrbeaMea","@id":"https:\/\/urbeamea.ro\/albaiulia\/#\/schema\/person\/272ae98052f8ee8980f59848df070247"},"headline":"Vine gerul. Se anun\u021b\u0103 temperaturi cu p\u00e2n\u0103 la -18 grade","datePublished":"2022-01-11T09:51:39+00:00","dateModified":"2022-01-11T10:06:29+00:00","mainEntityOfPage":{"@id":"https:\/\/urbeamea.ro\/albaiulia\/vine-gerul-se-anunta-temperaturi-cu-pana-la-18-grade\/"},"wordCount":105,"commentCount":0,"image":{"@id":"https:\/\/urbeamea.ro\/albaiulia\/vine-gerul-se-anunta-temperaturi-cu-pana-la-18-grade\/#primaryimage"},"thumbnailUrl":"https:\/\/urbeamea.ro\/albaiulia\/wp-content\/uploads\/2022\/01\/frozen-201495_1920.jpg","keywords":["vreme geroasa"],"articleSection":["Actualitate"],"inLanguage":"ro-RO","potentialAction":[{"@type":"CommentAction","name":"Comment","target":["https:\/\/urbeamea.ro\/albaiulia\/vine-gerul-se-anunta-temperaturi-cu-pana-la-18-grade\/#respond"]}]},{"@type":"WebPage","@id":"https:\/\/urbeamea.ro\/albaiulia\/vine-gerul-se-anunta-temperaturi-cu-pana-la-18-grade\/","url":"https:\/\/urbeamea.ro\/albaiulia\/vine-gerul-se-anunta-temperaturi-cu-pana-la-18-grade\/","name":"Vine gerul. Se anun\u021b\u0103 temperaturi cu p\u00e2n\u0103 la -18 grade - Revista Urbea Mea - Revista de Alba","isPartOf":{"@id":"https:\/\/urbeamea.ro\/albaiulia\/#website"},"primaryImageOfPage":{"@id":"https:\/\/urbeamea.ro\/albaiulia\/vine-gerul-se-anunta-temperaturi-cu-pana-la-18-grade\/#primaryimage"},"image":{"@id":"https:\/\/urbeamea.ro\/albaiulia\/vine-gerul-se-anunta-temperaturi-cu-pana-la-18-grade\/#primaryimage"},"thumbnailUrl":"https:\/\/urbeamea.ro\/albaiulia\/wp-content\/uploads\/2022\/01\/frozen-201495_1920.jpg","datePublished":"2022-01-11T09:51:39+00:00","dateModified":"2022-01-11T10:06:29+00:00","author":{"@id":"https:\/\/urbeamea.ro\/albaiulia\/#\/schema\/person\/272ae98052f8ee8980f59848df070247"},"description":"Meteorologii au emis mai multe avertiz\u0103ri \u0219i coduri de vreme sever\u0103 \u00een mai multe zone din \u021bar\u0103. Noaptea de miercuri spre joi va fi una geroas\u0103, iar \u00een","breadcrumb":{"@id":"https:\/\/urbeamea.ro\/albaiulia\/vine-gerul-se-anunta-temperaturi-cu-pana-la-18-grade\/#breadcrumb"},"inLanguage":"ro-RO","potentialAction":[{"@type":"ReadAction","target":["https:\/\/urbeamea.ro\/albaiulia\/vine-gerul-se-anunta-temperaturi-cu-pana-la-18-grade\/"]}]},{"@type":"ImageObject","inLanguage":"ro-RO","@id":"https:\/\/urbeamea.ro\/albaiulia\/vine-gerul-se-anunta-temperaturi-cu-pana-la-18-grade\/#primaryimage","url":"https:\/\/urbeamea.ro\/albaiulia\/wp-content\/uploads\/2022\/01\/frozen-201495_1920.jpg","contentUrl":"https:\/\/urbeamea.ro\/albaiulia\/wp-content\/uploads\/2022\/01\/frozen-201495_1920.jpg","width":1600,"height":969},{"@type":"BreadcrumbList","@id":"https:\/\/urbeamea.ro\/albaiulia\/vine-gerul-se-anunta-temperaturi-cu-pana-la-18-grade\/#breadcrumb","itemListElement":[{"@type":"ListItem","position":1,"name":"Prima pagin\u0103","item":"https:\/\/urbeamea.ro\/albaiulia\/"},{"@type":"ListItem","position":2,"name":"Vine gerul. Se anun\u021b\u0103 temperaturi cu p\u00e2n\u0103 la -18 grade"}]},{"@type":"WebSite","@id":"https:\/\/urbeamea.ro\/albaiulia\/#website","url":"https:\/\/urbeamea.ro\/albaiulia\/","name":"Revista Urbea Mea, Stiri urbane","description":"Evenimente \u0219i \u0219tiri din Alba Iulia, Sebe\u0219, Aiud, Blaj","potentialAction":[{"@type":"SearchAction","target":{"@type":"EntryPoint","urlTemplate":"https:\/\/urbeamea.ro\/albaiulia\/?s={search_term_string}"},"query-input":{"@type":"PropertyValueSpecification","valueRequired":true,"valueName":"search_term_string"}}],"inLanguage":"ro-RO"},{"@type":"Person","@id":"https:\/\/urbeamea.ro\/albaiulia\/#\/schema\/person\/272ae98052f8ee8980f59848df070247","name":"Redac\u021bia UrbeaMea","image":{"@type":"ImageObject","inLanguage":"ro-RO","@id":"https:\/\/secure.gravatar.com\/avatar\/9ce5a9435071fa1037e8468053ead8e513dbbff59009d3069aadb85506d85a27?s=96&d=mm&r=g","url":"https:\/\/secure.gravatar.com\/avatar\/9ce5a9435071fa1037e8468053ead8e513dbbff59009d3069aadb85506d85a27?s=96&d=mm&r=g","contentUrl":"https:\/\/secure.gravatar.com\/avatar\/9ce5a9435071fa1037e8468053ead8e513dbbff59009d3069aadb85506d85a27?s=96&d=mm&r=g","caption":"Redac\u021bia UrbeaMea"},"description":"contact@urbeamea.ro","sameAs":["https:\/\/www.urbeamea.ro"],"url":"https:\/\/urbeamea.ro\/albaiulia\/author\/redactia-urbeamea\/"}]}},"_links":{"self":[{"href":"https:\/\/urbeamea.ro\/albaiulia\/wp-json\/wp\/v2\/posts\/99727","targetHints":{"allow":["GET"]}}],"collection":[{"href":"https:\/\/urbeamea.ro\/albaiulia\/wp-json\/wp\/v2\/posts"}],"about":[{"href":"https:\/\/urbeamea.ro\/albaiulia\/wp-json\/wp\/v2\/types\/post"}],"author":[{"embeddable":true,"href":"https:\/\/urbeamea.ro\/albaiulia\/wp-json\/wp\/v2\/users\/16"}],"replies":[{"embeddable":true,"href":"https:\/\/urbeamea.ro\/albaiulia\/wp-json\/wp\/v2\/comments?post=99727"}],"version-history":[{"count":2,"href":"https:\/\/urbeamea.ro\/albaiulia\/wp-json\/wp\/v2\/posts\/99727\/revisions"}],"predecessor-version":[{"id":99730,"href":"https:\/\/urbeamea.ro\/albaiulia\/wp-json\/wp\/v2\/posts\/99727\/revisions\/99730"}],"wp:featuredmedia":[{"embeddable":true,"href":"https:\/\/urbeamea.ro\/albaiulia\/wp-json\/wp\/v2\/media\/99728"}],"wp:attachment":[{"href":"https:\/\/urbeamea.ro\/albaiulia\/wp-json\/wp\/v2\/media?parent=99727"}],"wp:term":[{"taxonomy":"category","embeddable":true,"href":"https:\/\/urbeamea.ro\/albaiulia\/wp-json\/wp\/v2\/categories?post=99727"},{"taxonomy":"post_tag","embeddable":true,"href":"https:\/\/urbeamea.ro\/albaiulia\/wp-json\/wp\/v2\/tags?post=99727"}],"curies":[{"name":"wp","href":"https:\/\/api.w.org\/{rel}","templated":true}]}}