{"id":99732,"date":"2022-01-12T12:01:01","date_gmt":"2022-01-12T10:01:01","guid":{"rendered":"https:\/\/urbeamea.ro\/albaiulia\/?p=99732"},"modified":"2022-01-12T12:01:03","modified_gmt":"2022-01-12T10:01:03","slug":"ciugud-primarul-si-consilierii-locali-care-vor-reprezenta-copiii-din-comuna-au-depus-juramantul-de-investire","status":"publish","type":"post","link":"https:\/\/urbeamea.ro\/albaiulia\/ciugud-primarul-si-consilierii-locali-care-vor-reprezenta-copiii-din-comuna-au-depus-juramantul-de-investire\/","title":{"rendered":"Ciugud: Primarul \u0219i consilierii locali, care vor reprezenta copiii din comun\u0103, au depus jur\u0103m\u00e2ntul de \u00eenvestire"},"content":{"rendered":"\n<p>Copiii din Ciugud \u0219i-au ales primarul, viceprimarul \u0219i consilierii locali \u00een cadrul unui proiect denumit \u201ePrim\u0103ria Copiilor\u201d, ini\u021biativ\u0103 care reprezint\u0103 <strong>prima bugetare participativ\u0103 organizat\u0103 pentru copii de o administra\u021bie local\u0103 din Rom\u00e2nia. <\/strong>Noii reprezentan\u021bi ai copiilor au depus jur\u0103m\u00e2ntul \u0219i au fost \u00eenvesti\u021bi \u00een func\u021bie, \u00een cadrul unei ceremonii care a replicat ceremonia de \u00eenvestire a primarului \u0219i Consiliului Local. Comuna Ciugud este astfel prima \u0219i singura comunitate din Rom\u00e2nia \u00een care copiii au primarul \u0219i consilierii lor, iar ace\u0219tia au la dispozi\u021bie un buget acordat de administra\u021bia local\u0103 pentru a implementa proiecte destinate copiilor \u0219i educa\u021biei.<\/p>\n\n\n\n<p>Alegerile pentru \u201ePrim\u0103ria Copiilor\u201d au simulat \u00een cele mai mici detalii alegerile locale: a fost constituit un birou electoral, candida\u021bii \u0219i-au completat liste de sus\u021bin\u0103tori, iar apoi s-a desf\u0103\u0219urat campania electoral\u0103. Micii candida\u021bi \u0219i-au f\u0103cut afi\u0219e, flutura\u0219i electorali sau mesaje video prin care \u0219i-au \u00eendemnat colegii s\u0103 le ofere \u00eencrederea \u0219i votul. Unii dintre ei s-au aliat \u00een partide locale precum PUC \u2013 Partidul Unit din Ciugud.<\/p>\n\n\n\n<p>Dac\u0103 la prima edi\u021bie copiii au votat clasic, de aceast\u0103 dat\u0103 au experimentat votul electronic, av\u00e2nd \u00een vedere c\u0103 despre aceast\u0103 variant\u0103 electoral\u0103 se vorbe\u0219te tot mai mult la nivel european, iar unele state au \u0219i introdus acest sistem. Astfel, a fost realizat\u0103 o sec\u021biune special\u0103 pe platforma educa\u021bional\u0103 a \u0219colii, iar copiii au votat cu userul \u0219i parola pe care le folosesc \u0219i pentru \u0219coala on-line, asigur\u00e2ndu-se astfel securitatea \u0219i secretul votului.<\/p>\n\n\n\n<p>\u00cen urma scrutinului, primarul copiilor a fost aleas\u0103 Denisa Dr\u0103gan, elev\u0103 \u00een clasa a VII-a. Denisa este, din anul 2021, singurul reprezentant dintr-o comunitate rural\u0103 \u00een Boardul Copiilor din Rom\u00e2nia, o ini\u021biativ\u0103 UNICEF ce are ca scop promovarea dreptului copiilor de a participa la deciziile care \u00eei privesc. Noul primar al copiilor va fi ajutat de \u0219ase consilieri locali: Mark Hanche\u0219, Daniel V\u00eerciu, Irina Buda, Diana Droa\u0219c\u0103, Denis Gurghian \u0219i Claudiu Dr\u0103goi. Primii dintre ace\u0219tia, Diana Droa\u0219c\u0103 \u0219i Mark Hanche\u0219, care au avut cele mai multe voturi, vor avea func\u021bia de viceprimar al copiilor.<\/p>\n\n\n\n<blockquote class=\"wp-block-quote is-layout-flow wp-block-quote-is-layout-flow\"><p><em>\u201ePrim\u0103ria Copiilor este o ini\u021biativ\u0103 care ajut\u0103 copiii s\u0103 se dezvolte \u0219i s\u0103 \u00ee\u0219i descopere aptitudini noi, dar este \u0219i un punct de pornire pentru ca adul\u021bii s\u0103 ia \u00een considerare p\u0103rerile \u0219i nevoile copiilor. Am ales s\u0103 candidez pentru postul de primar pentru c\u0103 \u00eemi place foarte mult s\u0103 realizez proiecte de orice fel \u0219i \u00een orice context, dar mai ales dac\u0103 este vorba de nevoile colegilor mei din \u0219coal\u0103\u201d,<\/em> <\/p><cite><p>a spus Denisa Dr\u0103gan, noul primar al copiilor din Ciugud.<\/p><\/cite><\/blockquote>\n\n\n\n<blockquote class=\"wp-block-quote is-layout-flow wp-block-quote-is-layout-flow\"><p><em>\u201ePrim\u0103ria Copiilor este o ini\u021biativ\u0103 prin care \u00eencuraj\u0103m copiii din Ciugud s\u0103 \u00ee\u0219i exprime dorin\u021bele \u0219i ideile, dar mai ales s\u0103 participe activ la luarea unor decizii care \u00eei privesc. De asemenea, \u00eencerc\u0103m s\u0103 \u00eei \u00eenv\u0103\u021b\u0103m ce \u00eenseamn\u0103 drepturile \u0219i obliga\u021biile cet\u0103\u021bene\u0219ti, s\u0103 \u00een\u021beleag\u0103 rolul unei administra\u021bii locale \u0219i\u00a0 g\u00e2ndeasc\u0103 proiecte prin care s\u0103 fac\u0103 via\u021ba copiilor mai frumoas\u0103. M\u0103 bucur c\u0103 au avut mai mult curaj dec\u00e2t adul\u021bii \u0219i au votat electronic, realiz\u00e2nd astfel un pas important spre digitalizare.\u00a0 \u00cei felicit pe noii reprezentan\u021bi ai copiilor \u0219i le doresc mult succes!\u201d, <\/em><\/p><cite><p><em>a spus <\/em>Gheorghe Damian, primarul Comunei Ciugud.<\/p><\/cite><\/blockquote>\n\n\n\n<p><strong>FILMUL CEREMONIEI DE CONSTITUIRE A PRIM\u0102RIEI COPIILOR \u00ceL PUTE\u021aI VEDEA AICI:<\/strong><\/p>\n\n\n\n<figure class=\"wp-block-embed is-type-video is-provider-youtube wp-block-embed-youtube wp-embed-aspect-16-9 wp-has-aspect-ratio\"><div class=\"wp-block-embed__wrapper\">\n<iframe loading=\"lazy\" title=\"PRIMARIA COPIILOR CIUGUD (2022)\" width=\"500\" height=\"281\" src=\"https:\/\/www.youtube.com\/embed\/Q8k9CKRbTVw?feature=oembed\" frameborder=\"0\" allow=\"accelerometer; autoplay; clipboard-write; encrypted-media; gyroscope; picture-in-picture; web-share\" referrerpolicy=\"strict-origin-when-cross-origin\" allowfullscreen><\/iframe>\n<\/div><\/figure>\n\n\n\n<p><strong>Cum a decurs prima edi\u021bie a Prim\u0103riei Copiilor pute\u021bi vedea aici: <\/strong><strong><\/strong><\/p>\n\n\n\n<p><strong>***<\/strong><\/p>\n\n\n\n<p><strong>Elemente de background:<\/strong><\/p>\n\n\n\n<p>Sub genericul <strong>\u201ePrim\u0103ria Copiilor\u201d<\/strong>, administra\u021bia local\u0103 \u0219i \u0218coala Gimnazial\u0103 Ciugud au demarat, \u00een anul 2020, un proiect de educare a copiilor privind implicarea cet\u0103\u021beneasc\u0103 \u0219i democra\u021bia participativ\u0103. Astfel, copiii sunt \u00eenv\u0103\u021ba\u021bi ce \u00eenseamn\u0103 drepturile \u0219i obliga\u021biile unui cet\u0103\u021bean, cum se desf\u0103\u0219oar\u0103 alegerea reprezentan\u021bilor \u00een administra\u021bia public\u0103 local\u0103 \u0219i cum lucreaz\u0103 Prim\u0103ria \u0219i Consiliul Local. \u00cen final, <strong>copiii din Ciugud au fost primii din \u021bar\u0103 care au implementat bugetarea participativ\u0103<\/strong> prin care au ales o serie de proiecte care au fost finan\u021bate din bugetul local. Astfel, administra\u021bia local\u0103 a pus la dispozi\u021bie <strong>un buget participativ pentru copii<\/strong> \u00een valoare de 50.000 de lei, bani care au fost destina\u021bi implement\u0103rii unor proiecte pentru copiii care locuiesc \u00een Ciugud. <strong><\/strong><\/p>\n\n\n\n<p>Comuna Ciugud este un promotor activ al moderniz\u0103rii administra\u021biei publice locale, lans\u00e2nd \u00een 2019 conceptul \u201eSmart Village\u201d ca solu\u021bie de digitalizare a serviciilor publice \u0219i de dezvoltare a satului rom\u00e2nesc. \u00cen cadrul acestui concept, \u00een septembrie 2019, Ciugudul a deschis prima \u0219coal\u0103 smart din mediul rural din Rom\u00e2nia, o \u0219coal\u0103 \u00een care sunt folosite solu\u021bii tehnologice pentru reducerea consumului de energie, dar \u0219i cele mai moderne tehnologii \u0219i softuri folosite \u00een educa\u021bie. \u00cen \u0218coala Gimnazial\u0103 Ciugud \u00eenv\u0103\u021bau ini\u021bial 110 de copii, \u00eens\u0103 \u00een ultimii doi ani num\u0103rul a crescut la aproape 190, majoritatea noilor elevi fiind copii din comun\u0103, care \u00eenv\u0103\u021bau \u00een \u0219coli din Alba Iulia.\u00a0<\/p>\n\n\n\n<figure class=\"wp-block-gallery columns-2 is-cropped wp-block-gallery-1 is-layout-flex wp-block-gallery-is-layout-flex\"><ul class=\"blocks-gallery-grid\"><li class=\"blocks-gallery-item\"><figure><a href=\"https:\/\/urbeamea.ro\/albaiulia\/wp-content\/uploads\/2022\/01\/primaria-copiilor-1.jpeg\"><img loading=\"lazy\" decoding=\"async\" width=\"1280\" height=\"960\" src=\"https:\/\/urbeamea.ro\/albaiulia\/wp-content\/uploads\/2022\/01\/primaria-copiilor-1-1280x960.jpeg\" alt=\"\" data-id=\"99734\" data-full-url=\"https:\/\/urbeamea.ro\/albaiulia\/wp-content\/uploads\/2022\/01\/primaria-copiilor-1.jpeg\" data-link=\"https:\/\/urbeamea.ro\/albaiulia\/?attachment_id=99734\" class=\"wp-image-99734\" srcset=\"https:\/\/urbeamea.ro\/albaiulia\/wp-content\/uploads\/2022\/01\/primaria-copiilor-1-1280x960.jpeg 1280w, https:\/\/urbeamea.ro\/albaiulia\/wp-content\/uploads\/2022\/01\/primaria-copiilor-1-640x480.jpeg 640w, https:\/\/urbeamea.ro\/albaiulia\/wp-content\/uploads\/2022\/01\/primaria-copiilor-1-150x113.jpeg 150w, https:\/\/urbeamea.ro\/albaiulia\/wp-content\/uploads\/2022\/01\/primaria-copiilor-1-768x576.jpeg 768w, https:\/\/urbeamea.ro\/albaiulia\/wp-content\/uploads\/2022\/01\/primaria-copiilor-1-1536x1152.jpeg 1536w, https:\/\/urbeamea.ro\/albaiulia\/wp-content\/uploads\/2022\/01\/primaria-copiilor-1.jpeg 1600w\" sizes=\"auto, (max-width: 1280px) 100vw, 1280px\" \/><\/a><\/figure><\/li><li class=\"blocks-gallery-item\"><figure><a href=\"https:\/\/urbeamea.ro\/albaiulia\/wp-content\/uploads\/2022\/01\/primaria-copiilor-2.jpeg\"><img loading=\"lazy\" decoding=\"async\" width=\"1280\" height=\"960\" src=\"https:\/\/urbeamea.ro\/albaiulia\/wp-content\/uploads\/2022\/01\/primaria-copiilor-2-1280x960.jpeg\" alt=\"\" data-id=\"99735\" data-full-url=\"https:\/\/urbeamea.ro\/albaiulia\/wp-content\/uploads\/2022\/01\/primaria-copiilor-2.jpeg\" data-link=\"https:\/\/urbeamea.ro\/albaiulia\/?attachment_id=99735\" class=\"wp-image-99735\" srcset=\"https:\/\/urbeamea.ro\/albaiulia\/wp-content\/uploads\/2022\/01\/primaria-copiilor-2-1280x960.jpeg 1280w, https:\/\/urbeamea.ro\/albaiulia\/wp-content\/uploads\/2022\/01\/primaria-copiilor-2-640x480.jpeg 640w, https:\/\/urbeamea.ro\/albaiulia\/wp-content\/uploads\/2022\/01\/primaria-copiilor-2-150x113.jpeg 150w, https:\/\/urbeamea.ro\/albaiulia\/wp-content\/uploads\/2022\/01\/primaria-copiilor-2-768x576.jpeg 768w, https:\/\/urbeamea.ro\/albaiulia\/wp-content\/uploads\/2022\/01\/primaria-copiilor-2-1536x1152.jpeg 1536w, https:\/\/urbeamea.ro\/albaiulia\/wp-content\/uploads\/2022\/01\/primaria-copiilor-2.jpeg 1600w\" sizes=\"auto, (max-width: 1280px) 100vw, 1280px\" \/><\/a><\/figure><\/li><\/ul><\/figure>\n","protected":false},"excerpt":{"rendered":"<p>Copiii din Ciugud \u0219i-au ales primarul, viceprimarul \u0219i consilierii locali \u00een cadrul unui proiect denumit \u201ePrim\u0103ria Copiilor\u201d, ini\u021biativ\u0103 care reprezint\u0103 prima bugetare participativ\u0103 organizat\u0103 pentru copii de o administra\u021bie local\u0103 din Rom\u00e2nia. Noii reprezentan\u021bi ai copiilor au depus jur\u0103m\u00e2ntul \u0219i au fost \u00eenvesti\u021bi \u00een func\u021bie, \u00een cadrul unei ceremonii care a replicat ceremonia de \u00eenvestire &hellip;<\/p>\n","protected":false},"author":5,"featured_media":99733,"comment_status":"open","ping_status":"open","sticky":false,"template":"","format":"standard","meta":{"inline_featured_image":false,"footnotes":""},"categories":[2035],"tags":[],"class_list":["post-99732","post","type-post","status-publish","format-standard","has-post-thumbnail","hentry","category-administratie"],"yoast_head":"<!-- This site is optimized with the Yoast SEO plugin v27.4 - https:\/\/yoast.com\/product\/yoast-seo-wordpress\/ -->\n<title>Ciugud: Primarul \u0219i consilierii locali, care vor reprezenta copiii din comun\u0103, au depus jur\u0103m\u00e2ntul de \u00eenvestire - Revista Urbea Mea - Revista de Alba<\/title>\n<meta name=\"description\" content=\"Copiii din Ciugud \u0219i-au ales primarul, viceprimarul \u0219i consilierii locali \u00een cadrul unui proiect denumit \u201ePrim\u0103ria Copiilor\u201d, ini\u021biativ\u0103 care reprezint\u0103\" \/>\n<meta name=\"robots\" content=\"index, follow, max-snippet:-1, max-image-preview:large, max-video-preview:-1\" \/>\n<link rel=\"canonical\" href=\"https:\/\/urbeamea.ro\/albaiulia\/ciugud-primarul-si-consilierii-locali-care-vor-reprezenta-copiii-din-comuna-au-depus-juramantul-de-investire\/\" \/>\n<meta name=\"twitter:card\" content=\"summary_large_image\" \/>\n<meta name=\"twitter:title\" content=\"Ciugud: Primarul \u0219i consilierii locali, care vor reprezenta copiii din comun\u0103, au depus jur\u0103m\u00e2ntul de \u00eenvestire - Revista Urbea Mea - Revista de Alba\" \/>\n<meta name=\"twitter:description\" content=\"Copiii din Ciugud \u0219i-au ales primarul, viceprimarul \u0219i consilierii locali \u00een cadrul unui proiect denumit \u201ePrim\u0103ria Copiilor\u201d, ini\u021biativ\u0103 care reprezint\u0103\" \/>\n<meta name=\"twitter:image\" content=\"https:\/\/urbeamea.ro\/albaiulia\/wp-content\/uploads\/2022\/01\/denisa-dragan-primarul-copiilor.jpeg\" \/>\n<meta name=\"twitter:creator\" content=\"@urbeameaweb\" \/>\n<meta name=\"twitter:site\" content=\"@urbeameaweb\" \/>\n<script type=\"application\/ld+json\" class=\"yoast-schema-graph\">{\"@context\":\"https:\\\/\\\/schema.org\",\"@graph\":[{\"@type\":\"Article\",\"@id\":\"https:\\\/\\\/urbeamea.ro\\\/albaiulia\\\/ciugud-primarul-si-consilierii-locali-care-vor-reprezenta-copiii-din-comuna-au-depus-juramantul-de-investire\\\/#article\",\"isPartOf\":{\"@id\":\"https:\\\/\\\/urbeamea.ro\\\/albaiulia\\\/ciugud-primarul-si-consilierii-locali-care-vor-reprezenta-copiii-din-comuna-au-depus-juramantul-de-investire\\\/\"},\"author\":{\"name\":\"Bogdan P\u0103unescu\",\"@id\":\"https:\\\/\\\/urbeamea.ro\\\/albaiulia\\\/#\\\/schema\\\/person\\\/a115373ce8153754c6b084232d985956\"},\"headline\":\"Ciugud: Primarul \u0219i consilierii locali, care vor reprezenta copiii din comun\u0103, au depus jur\u0103m\u00e2ntul de \u00eenvestire\",\"datePublished\":\"2022-01-12T10:01:01+00:00\",\"dateModified\":\"2022-01-12T10:01:03+00:00\",\"mainEntityOfPage\":{\"@id\":\"https:\\\/\\\/urbeamea.ro\\\/albaiulia\\\/ciugud-primarul-si-consilierii-locali-care-vor-reprezenta-copiii-din-comuna-au-depus-juramantul-de-investire\\\/\"},\"wordCount\":871,\"commentCount\":0,\"image\":{\"@id\":\"https:\\\/\\\/urbeamea.ro\\\/albaiulia\\\/ciugud-primarul-si-consilierii-locali-care-vor-reprezenta-copiii-din-comuna-au-depus-juramantul-de-investire\\\/#primaryimage\"},\"thumbnailUrl\":\"https:\\\/\\\/urbeamea.ro\\\/albaiulia\\\/wp-content\\\/uploads\\\/2022\\\/01\\\/denisa-dragan-primarul-copiilor.jpeg\",\"articleSection\":[\"Administra\u021bie\"],\"inLanguage\":\"ro-RO\",\"potentialAction\":[{\"@type\":\"CommentAction\",\"name\":\"Comment\",\"target\":[\"https:\\\/\\\/urbeamea.ro\\\/albaiulia\\\/ciugud-primarul-si-consilierii-locali-care-vor-reprezenta-copiii-din-comuna-au-depus-juramantul-de-investire\\\/#respond\"]}]},{\"@type\":\"WebPage\",\"@id\":\"https:\\\/\\\/urbeamea.ro\\\/albaiulia\\\/ciugud-primarul-si-consilierii-locali-care-vor-reprezenta-copiii-din-comuna-au-depus-juramantul-de-investire\\\/\",\"url\":\"https:\\\/\\\/urbeamea.ro\\\/albaiulia\\\/ciugud-primarul-si-consilierii-locali-care-vor-reprezenta-copiii-din-comuna-au-depus-juramantul-de-investire\\\/\",\"name\":\"Ciugud: Primarul \u0219i consilierii locali, care vor reprezenta copiii din comun\u0103, au depus jur\u0103m\u00e2ntul de \u00eenvestire - Revista Urbea Mea - Revista de Alba\",\"isPartOf\":{\"@id\":\"https:\\\/\\\/urbeamea.ro\\\/albaiulia\\\/#website\"},\"primaryImageOfPage\":{\"@id\":\"https:\\\/\\\/urbeamea.ro\\\/albaiulia\\\/ciugud-primarul-si-consilierii-locali-care-vor-reprezenta-copiii-din-comuna-au-depus-juramantul-de-investire\\\/#primaryimage\"},\"image\":{\"@id\":\"https:\\\/\\\/urbeamea.ro\\\/albaiulia\\\/ciugud-primarul-si-consilierii-locali-care-vor-reprezenta-copiii-din-comuna-au-depus-juramantul-de-investire\\\/#primaryimage\"},\"thumbnailUrl\":\"https:\\\/\\\/urbeamea.ro\\\/albaiulia\\\/wp-content\\\/uploads\\\/2022\\\/01\\\/denisa-dragan-primarul-copiilor.jpeg\",\"datePublished\":\"2022-01-12T10:01:01+00:00\",\"dateModified\":\"2022-01-12T10:01:03+00:00\",\"author\":{\"@id\":\"https:\\\/\\\/urbeamea.ro\\\/albaiulia\\\/#\\\/schema\\\/person\\\/a115373ce8153754c6b084232d985956\"},\"description\":\"Copiii din Ciugud \u0219i-au ales primarul, viceprimarul \u0219i consilierii locali \u00een cadrul unui proiect denumit \u201ePrim\u0103ria Copiilor\u201d, ini\u021biativ\u0103 care reprezint\u0103\",\"breadcrumb\":{\"@id\":\"https:\\\/\\\/urbeamea.ro\\\/albaiulia\\\/ciugud-primarul-si-consilierii-locali-care-vor-reprezenta-copiii-din-comuna-au-depus-juramantul-de-investire\\\/#breadcrumb\"},\"inLanguage\":\"ro-RO\",\"potentialAction\":[{\"@type\":\"ReadAction\",\"target\":[\"https:\\\/\\\/urbeamea.ro\\\/albaiulia\\\/ciugud-primarul-si-consilierii-locali-care-vor-reprezenta-copiii-din-comuna-au-depus-juramantul-de-investire\\\/\"]}]},{\"@type\":\"ImageObject\",\"inLanguage\":\"ro-RO\",\"@id\":\"https:\\\/\\\/urbeamea.ro\\\/albaiulia\\\/ciugud-primarul-si-consilierii-locali-care-vor-reprezenta-copiii-din-comuna-au-depus-juramantul-de-investire\\\/#primaryimage\",\"url\":\"https:\\\/\\\/urbeamea.ro\\\/albaiulia\\\/wp-content\\\/uploads\\\/2022\\\/01\\\/denisa-dragan-primarul-copiilor.jpeg\",\"contentUrl\":\"https:\\\/\\\/urbeamea.ro\\\/albaiulia\\\/wp-content\\\/uploads\\\/2022\\\/01\\\/denisa-dragan-primarul-copiilor.jpeg\",\"width\":1024,\"height\":768},{\"@type\":\"BreadcrumbList\",\"@id\":\"https:\\\/\\\/urbeamea.ro\\\/albaiulia\\\/ciugud-primarul-si-consilierii-locali-care-vor-reprezenta-copiii-din-comuna-au-depus-juramantul-de-investire\\\/#breadcrumb\",\"itemListElement\":[{\"@type\":\"ListItem\",\"position\":1,\"name\":\"Prima pagin\u0103\",\"item\":\"https:\\\/\\\/urbeamea.ro\\\/albaiulia\\\/\"},{\"@type\":\"ListItem\",\"position\":2,\"name\":\"Ciugud: Primarul \u0219i consilierii locali, care vor reprezenta copiii din comun\u0103, au depus jur\u0103m\u00e2ntul de \u00eenvestire\"}]},{\"@type\":\"WebSite\",\"@id\":\"https:\\\/\\\/urbeamea.ro\\\/albaiulia\\\/#website\",\"url\":\"https:\\\/\\\/urbeamea.ro\\\/albaiulia\\\/\",\"name\":\"Revista Urbea Mea, Stiri urbane\",\"description\":\"Evenimente \u0219i \u0219tiri din Alba Iulia, Sebe\u0219, Aiud, Blaj\",\"potentialAction\":[{\"@type\":\"SearchAction\",\"target\":{\"@type\":\"EntryPoint\",\"urlTemplate\":\"https:\\\/\\\/urbeamea.ro\\\/albaiulia\\\/?s={search_term_string}\"},\"query-input\":{\"@type\":\"PropertyValueSpecification\",\"valueRequired\":true,\"valueName\":\"search_term_string\"}}],\"inLanguage\":\"ro-RO\"},{\"@type\":\"Person\",\"@id\":\"https:\\\/\\\/urbeamea.ro\\\/albaiulia\\\/#\\\/schema\\\/person\\\/a115373ce8153754c6b084232d985956\",\"name\":\"Bogdan P\u0103unescu\",\"image\":{\"@type\":\"ImageObject\",\"inLanguage\":\"ro-RO\",\"@id\":\"https:\\\/\\\/secure.gravatar.com\\\/avatar\\\/f72aa881b5a32ea110a53aabc2049429e3ff68fcb09d283722d01fbf330e9dd9?s=96&d=mm&r=g\",\"url\":\"https:\\\/\\\/secure.gravatar.com\\\/avatar\\\/f72aa881b5a32ea110a53aabc2049429e3ff68fcb09d283722d01fbf330e9dd9?s=96&d=mm&r=g\",\"contentUrl\":\"https:\\\/\\\/secure.gravatar.com\\\/avatar\\\/f72aa881b5a32ea110a53aabc2049429e3ff68fcb09d283722d01fbf330e9dd9?s=96&d=mm&r=g\",\"caption\":\"Bogdan P\u0103unescu\"},\"description\":\"\u00cemi place tot ceea ce este legat de web \u015fi ajut la dezvoltarea \u015fi \u00eembun\u0103t\u0103\u0163irea lui prin tot ceea ce fac.\",\"sameAs\":[\"https:\\\/\\\/www.artonmedia.ro\",\"https:\\\/\\\/www.facebook.com\\\/bogdanvpaunescu\"],\"url\":\"https:\\\/\\\/urbeamea.ro\\\/albaiulia\\\/author\\\/bogdan-paunescu\\\/\"}]}<\/script>\n<!-- \/ Yoast SEO plugin. -->","yoast_head_json":{"title":"Ciugud: Primarul \u0219i consilierii locali, care vor reprezenta copiii din comun\u0103, au depus jur\u0103m\u00e2ntul de \u00eenvestire - Revista Urbea Mea - Revista de Alba","description":"Copiii din Ciugud \u0219i-au ales primarul, viceprimarul \u0219i consilierii locali \u00een cadrul unui proiect denumit \u201ePrim\u0103ria Copiilor\u201d, ini\u021biativ\u0103 care reprezint\u0103","robots":{"index":"index","follow":"follow","max-snippet":"max-snippet:-1","max-image-preview":"max-image-preview:large","max-video-preview":"max-video-preview:-1"},"canonical":"https:\/\/urbeamea.ro\/albaiulia\/ciugud-primarul-si-consilierii-locali-care-vor-reprezenta-copiii-din-comuna-au-depus-juramantul-de-investire\/","twitter_card":"summary_large_image","twitter_title":"Ciugud: Primarul \u0219i consilierii locali, care vor reprezenta copiii din comun\u0103, au depus jur\u0103m\u00e2ntul de \u00eenvestire - Revista Urbea Mea - Revista de Alba","twitter_description":"Copiii din Ciugud \u0219i-au ales primarul, viceprimarul \u0219i consilierii locali \u00een cadrul unui proiect denumit \u201ePrim\u0103ria Copiilor\u201d, ini\u021biativ\u0103 care reprezint\u0103","twitter_image":"https:\/\/urbeamea.ro\/albaiulia\/wp-content\/uploads\/2022\/01\/denisa-dragan-primarul-copiilor.jpeg","twitter_creator":"@urbeameaweb","twitter_site":"@urbeameaweb","schema":{"@context":"https:\/\/schema.org","@graph":[{"@type":"Article","@id":"https:\/\/urbeamea.ro\/albaiulia\/ciugud-primarul-si-consilierii-locali-care-vor-reprezenta-copiii-din-comuna-au-depus-juramantul-de-investire\/#article","isPartOf":{"@id":"https:\/\/urbeamea.ro\/albaiulia\/ciugud-primarul-si-consilierii-locali-care-vor-reprezenta-copiii-din-comuna-au-depus-juramantul-de-investire\/"},"author":{"name":"Bogdan P\u0103unescu","@id":"https:\/\/urbeamea.ro\/albaiulia\/#\/schema\/person\/a115373ce8153754c6b084232d985956"},"headline":"Ciugud: Primarul \u0219i consilierii locali, care vor reprezenta copiii din comun\u0103, au depus jur\u0103m\u00e2ntul de \u00eenvestire","datePublished":"2022-01-12T10:01:01+00:00","dateModified":"2022-01-12T10:01:03+00:00","mainEntityOfPage":{"@id":"https:\/\/urbeamea.ro\/albaiulia\/ciugud-primarul-si-consilierii-locali-care-vor-reprezenta-copiii-din-comuna-au-depus-juramantul-de-investire\/"},"wordCount":871,"commentCount":0,"image":{"@id":"https:\/\/urbeamea.ro\/albaiulia\/ciugud-primarul-si-consilierii-locali-care-vor-reprezenta-copiii-din-comuna-au-depus-juramantul-de-investire\/#primaryimage"},"thumbnailUrl":"https:\/\/urbeamea.ro\/albaiulia\/wp-content\/uploads\/2022\/01\/denisa-dragan-primarul-copiilor.jpeg","articleSection":["Administra\u021bie"],"inLanguage":"ro-RO","potentialAction":[{"@type":"CommentAction","name":"Comment","target":["https:\/\/urbeamea.ro\/albaiulia\/ciugud-primarul-si-consilierii-locali-care-vor-reprezenta-copiii-din-comuna-au-depus-juramantul-de-investire\/#respond"]}]},{"@type":"WebPage","@id":"https:\/\/urbeamea.ro\/albaiulia\/ciugud-primarul-si-consilierii-locali-care-vor-reprezenta-copiii-din-comuna-au-depus-juramantul-de-investire\/","url":"https:\/\/urbeamea.ro\/albaiulia\/ciugud-primarul-si-consilierii-locali-care-vor-reprezenta-copiii-din-comuna-au-depus-juramantul-de-investire\/","name":"Ciugud: Primarul \u0219i consilierii locali, care vor reprezenta copiii din comun\u0103, au depus jur\u0103m\u00e2ntul de \u00eenvestire - Revista Urbea Mea - Revista de Alba","isPartOf":{"@id":"https:\/\/urbeamea.ro\/albaiulia\/#website"},"primaryImageOfPage":{"@id":"https:\/\/urbeamea.ro\/albaiulia\/ciugud-primarul-si-consilierii-locali-care-vor-reprezenta-copiii-din-comuna-au-depus-juramantul-de-investire\/#primaryimage"},"image":{"@id":"https:\/\/urbeamea.ro\/albaiulia\/ciugud-primarul-si-consilierii-locali-care-vor-reprezenta-copiii-din-comuna-au-depus-juramantul-de-investire\/#primaryimage"},"thumbnailUrl":"https:\/\/urbeamea.ro\/albaiulia\/wp-content\/uploads\/2022\/01\/denisa-dragan-primarul-copiilor.jpeg","datePublished":"2022-01-12T10:01:01+00:00","dateModified":"2022-01-12T10:01:03+00:00","author":{"@id":"https:\/\/urbeamea.ro\/albaiulia\/#\/schema\/person\/a115373ce8153754c6b084232d985956"},"description":"Copiii din Ciugud \u0219i-au ales primarul, viceprimarul \u0219i consilierii locali \u00een cadrul unui proiect denumit \u201ePrim\u0103ria Copiilor\u201d, ini\u021biativ\u0103 care reprezint\u0103","breadcrumb":{"@id":"https:\/\/urbeamea.ro\/albaiulia\/ciugud-primarul-si-consilierii-locali-care-vor-reprezenta-copiii-din-comuna-au-depus-juramantul-de-investire\/#breadcrumb"},"inLanguage":"ro-RO","potentialAction":[{"@type":"ReadAction","target":["https:\/\/urbeamea.ro\/albaiulia\/ciugud-primarul-si-consilierii-locali-care-vor-reprezenta-copiii-din-comuna-au-depus-juramantul-de-investire\/"]}]},{"@type":"ImageObject","inLanguage":"ro-RO","@id":"https:\/\/urbeamea.ro\/albaiulia\/ciugud-primarul-si-consilierii-locali-care-vor-reprezenta-copiii-din-comuna-au-depus-juramantul-de-investire\/#primaryimage","url":"https:\/\/urbeamea.ro\/albaiulia\/wp-content\/uploads\/2022\/01\/denisa-dragan-primarul-copiilor.jpeg","contentUrl":"https:\/\/urbeamea.ro\/albaiulia\/wp-content\/uploads\/2022\/01\/denisa-dragan-primarul-copiilor.jpeg","width":1024,"height":768},{"@type":"BreadcrumbList","@id":"https:\/\/urbeamea.ro\/albaiulia\/ciugud-primarul-si-consilierii-locali-care-vor-reprezenta-copiii-din-comuna-au-depus-juramantul-de-investire\/#breadcrumb","itemListElement":[{"@type":"ListItem","position":1,"name":"Prima pagin\u0103","item":"https:\/\/urbeamea.ro\/albaiulia\/"},{"@type":"ListItem","position":2,"name":"Ciugud: Primarul \u0219i consilierii locali, care vor reprezenta copiii din comun\u0103, au depus jur\u0103m\u00e2ntul de \u00eenvestire"}]},{"@type":"WebSite","@id":"https:\/\/urbeamea.ro\/albaiulia\/#website","url":"https:\/\/urbeamea.ro\/albaiulia\/","name":"Revista Urbea Mea, Stiri urbane","description":"Evenimente \u0219i \u0219tiri din Alba Iulia, Sebe\u0219, Aiud, Blaj","potentialAction":[{"@type":"SearchAction","target":{"@type":"EntryPoint","urlTemplate":"https:\/\/urbeamea.ro\/albaiulia\/?s={search_term_string}"},"query-input":{"@type":"PropertyValueSpecification","valueRequired":true,"valueName":"search_term_string"}}],"inLanguage":"ro-RO"},{"@type":"Person","@id":"https:\/\/urbeamea.ro\/albaiulia\/#\/schema\/person\/a115373ce8153754c6b084232d985956","name":"Bogdan P\u0103unescu","image":{"@type":"ImageObject","inLanguage":"ro-RO","@id":"https:\/\/secure.gravatar.com\/avatar\/f72aa881b5a32ea110a53aabc2049429e3ff68fcb09d283722d01fbf330e9dd9?s=96&d=mm&r=g","url":"https:\/\/secure.gravatar.com\/avatar\/f72aa881b5a32ea110a53aabc2049429e3ff68fcb09d283722d01fbf330e9dd9?s=96&d=mm&r=g","contentUrl":"https:\/\/secure.gravatar.com\/avatar\/f72aa881b5a32ea110a53aabc2049429e3ff68fcb09d283722d01fbf330e9dd9?s=96&d=mm&r=g","caption":"Bogdan P\u0103unescu"},"description":"\u00cemi place tot ceea ce este legat de web \u015fi ajut la dezvoltarea \u015fi \u00eembun\u0103t\u0103\u0163irea lui prin tot ceea ce fac.","sameAs":["https:\/\/www.artonmedia.ro","https:\/\/www.facebook.com\/bogdanvpaunescu"],"url":"https:\/\/urbeamea.ro\/albaiulia\/author\/bogdan-paunescu\/"}]}},"_links":{"self":[{"href":"https:\/\/urbeamea.ro\/albaiulia\/wp-json\/wp\/v2\/posts\/99732","targetHints":{"allow":["GET"]}}],"collection":[{"href":"https:\/\/urbeamea.ro\/albaiulia\/wp-json\/wp\/v2\/posts"}],"about":[{"href":"https:\/\/urbeamea.ro\/albaiulia\/wp-json\/wp\/v2\/types\/post"}],"author":[{"embeddable":true,"href":"https:\/\/urbeamea.ro\/albaiulia\/wp-json\/wp\/v2\/users\/5"}],"replies":[{"embeddable":true,"href":"https:\/\/urbeamea.ro\/albaiulia\/wp-json\/wp\/v2\/comments?post=99732"}],"version-history":[{"count":1,"href":"https:\/\/urbeamea.ro\/albaiulia\/wp-json\/wp\/v2\/posts\/99732\/revisions"}],"predecessor-version":[{"id":99736,"href":"https:\/\/urbeamea.ro\/albaiulia\/wp-json\/wp\/v2\/posts\/99732\/revisions\/99736"}],"wp:featuredmedia":[{"embeddable":true,"href":"https:\/\/urbeamea.ro\/albaiulia\/wp-json\/wp\/v2\/media\/99733"}],"wp:attachment":[{"href":"https:\/\/urbeamea.ro\/albaiulia\/wp-json\/wp\/v2\/media?parent=99732"}],"wp:term":[{"taxonomy":"category","embeddable":true,"href":"https:\/\/urbeamea.ro\/albaiulia\/wp-json\/wp\/v2\/categories?post=99732"},{"taxonomy":"post_tag","embeddable":true,"href":"https:\/\/urbeamea.ro\/albaiulia\/wp-json\/wp\/v2\/tags?post=99732"}],"curies":[{"name":"wp","href":"https:\/\/api.w.org\/{rel}","templated":true}]}}