{"id":99750,"date":"2022-01-13T20:00:59","date_gmt":"2022-01-13T18:00:59","guid":{"rendered":"https:\/\/urbeamea.ro\/albaiulia\/?p=99750"},"modified":"2022-01-13T23:28:47","modified_gmt":"2022-01-13T21:28:47","slug":"dezbatere-cetateneasca-euright-la-alba-iulia-14-15-ianuarie-2022","status":"publish","type":"post","link":"https:\/\/urbeamea.ro\/albaiulia\/dezbatere-cetateneasca-euright-la-alba-iulia-14-15-ianuarie-2022\/","title":{"rendered":"Dezbatere cet\u0103\u021beneasc\u0103 EURIGHT la Alba Iulia, 14-15 ianuarie 2022"},"content":{"rendered":"\n<p class=\"wp-block-paragraph\">\u00cen datele de 14 \u0219i 15 ianuarie 2022, <strong>Prim\u0103ria Municipiului Alba Iulia<\/strong>, \u00een parteneriat cu Universitatea \u201e1 Decembrie 1918\u201d din Alba Iulia, organizeaz\u0103 o dezbatere public\u0103 pe tema respect\u0103rii drepturilor omului, mai ales \u00een ce prive\u0219te grupurile vulnerabile \u0219i minorit\u0103\u021bile, a\u0219a cum sunt ele stipulate \u00een Carta Drepturilor Fundamentale ale Uniunii Europene.<\/p>\n\n\n\n<p class=\"wp-block-paragraph\">Evenimentul, creat \u00een cadrul proiectului <strong><em>EURIGHT<\/em> <\/strong>cu finan\u021bare nerambursabil\u0103 prin programul Europa pentru Cet\u0103\u021beni, este intitulat \u201eProtec\u021bia grupurilor vulnerabile \u00een UE \u00een contextul implement\u0103rii Cartei Drepturilor Fundamentale ale UE\u201d \u0219i se va bucura de participarea partenerilor interna\u021bionali, precum \u0219i a speciali\u0219tilor \u00een drept \u0219i sociologie de la universitatea gazd\u0103, \u00eempreun\u0103 cu invita\u021bi de la alte universit\u0103\u021bi de prestigiu din \u021bar\u0103.<\/p>\n\n\n\n<p class=\"wp-block-paragraph\"><strong>Dezbaterile vor avea loc \u00een amfiteatrul A9 al Universit\u0103\u021bii \u201e1 Decembrie 1918\u201d, \u00eencep\u00e2nd cu ora 9.40, \u0219i se vor desf\u0103\u0219ura cu respectarea legisla\u021biei \u0219i normelor \u00een vigoare cu privire la prevenirea \u0219i combaterea COVID-19. <\/strong><\/p>\n\n\n\n<p class=\"wp-block-paragraph\">Acestea vor putea fi urm\u0103rite \u0219i live, pe pagina de Facebook a Municipiului Alba Iulia, precum \u0219i pe cele ale partenerilor din proiect \u0219i pe alte pagini Facebook.<\/p>\n\n\n\n<blockquote class=\"wp-block-quote is-layout-flow wp-block-quote-is-layout-flow\"><p><strong><em>\u201eProtec\u021bia grupurilor vulnerabile \u00een UE \u00een contextul implement\u0103rii Cartei Drepturilor Fundamentale ale UE\u201d<\/em><\/strong><\/p><\/blockquote>\n\n\n\n<p class=\"wp-block-paragraph\">V\u0103 invit\u0103m s\u0103 consulta\u021bi programul evenimentului \u0219i s\u0103 profita\u021bi de ocazia de a cunoa\u0219te, sedimenta \u0219i dezbate drepturile de care fiecare dintre noi ar trebui s\u0103 se bucure. Intrarea este liber\u0103 \u00een limita locurilor disponibile pentru persoanele care prezint\u0103 certificatul verde<strong>, persoanele care prezint\u0103 rezultatul negativ al unui test RT-PCR pentru infec\u0163ia cu virusul SARS-CoV-2 nu mai vechi de 72 de ore sau rezultatul negativ certificat al unui test antigen rapid pentru infec\u0163ia cu virusul SARS-CoV-2 nu mai vechi de 48 de ore, respectiv persoanele care se afl\u0103 \u00een perioada cuprins\u0103 \u00eentre a 15-a zi \u015fi a 180-a zi ulterioar\u0103 confirm\u0103rii infect\u0103rii cu virusul SARS-CoV-2.<\/strong><\/p>\n\n\n\n<p class=\"wp-block-paragraph\"><strong>14 ianuarie 2022<\/strong><\/p>\n\n\n\n<p class=\"wp-block-paragraph\">10.00: Cuv\u00e2nt de Bun Venit \u2013 Rector Prof. Dr. Daniel Valer Breaz, Universitatea \u201e1 Decembrie 1918\u201d<\/p>\n\n\n\n<p class=\"wp-block-paragraph\">10.10: Cuv\u00e2nt din partea Primarului Municipiului Alba Iulia \u2013 Gabriel Ple\u0219a<\/p>\n\n\n\n<p class=\"wp-block-paragraph\">10.20: Cuv\u00e2nt din partea primarului din Gijon \u2013 Ana Gonzalez Rodriguez<\/p>\n\n\n\n<p class=\"wp-block-paragraph\">10.30: Prezentarea proiectului \u0219i a activit\u0103\u021bilor &#8211; Laura Gonz\u00e1lez M\u00e9ndez, Municipalitatea din Gijon, Spania<\/p>\n\n\n\n<p class=\"wp-block-paragraph\"><strong>10.40: In memoriam Enrique Rodriguez &#8211; <\/strong>Municipalitatea din Gijon, Spania<\/p>\n\n\n\n<p class=\"wp-block-paragraph\"><strong>10.50<\/strong><strong>:<\/strong> <strong>Prezent\u0103rile partenerilor din proiect: Municipalitatea din Gijon, Municipalitatea din Genoa, Municipiul Alba Iulia, Nurnberg Europaburo, Universitatea \u201e1 Decembrie 1918\u201d din Alba Iulia, Friends of Europe (NGO)<\/strong><\/p>\n\n\n\n<p class=\"wp-block-paragraph\">11.20: Sondaj live de opinie (organizat pe calupuri pe parcursul evenimentului)<\/p>\n\n\n\n<p class=\"wp-block-paragraph\">11.40:<strong> Florin Moise, <\/strong><em>Noul Cadru Strategic al Comisiei Europene pentru egalitate, incluziune \u0219i participare a romilor 2020-2030 \u00een contextul Cartei Drepturilor Fundamentale \u0219i cet\u0103\u021beniei europene, <\/em>Centrul de Resurse pentru Comunit\u0103\u021bile de Romi.<\/p>\n\n\n\n<p class=\"wp-block-paragraph\"><strong>Hideg M\u0103d\u0103lina<\/strong>, <em>Provoc\u0103ri actuale asupra sentimentului de apartenen\u021b\u0103 cet\u0103\u021beneasc\u0103 \u00een UE, <\/em>Sociolog &#8211; Universitatea \u201eBabe\u0219 Bolyai\u201d Cluj Napoca;<\/p>\n\n\n\n<p class=\"wp-block-paragraph\">12.30: Pauz\u0103 de cafea<\/p>\n\n\n\n<p class=\"wp-block-paragraph\">12.50: Sondaj live de opinie<\/p>\n\n\n\n<p class=\"wp-block-paragraph\">13:10: <strong>Hodo\u0219 Felix, Bogdan Decebal, <\/strong><em>Dreptul la justi\u021bie pentru minorit\u0103\u021bile \u0219i majorit\u0103\u021bile grupurilor sociale \u00een spa\u021biul multicultural al Uniunii Europene<\/em>; &#8211; Universitatea \u201e1 Decembrie 1918\u201d din Alba Iulia;<\/p>\n\n\n\n<p class=\"wp-block-paragraph\"><strong>Tomu\u0219 Alin<\/strong>, <em>Participarea civic\u0103 \u0219i politic\u0103 a tinerilor \u00een spa\u021biul european<\/em>, -Universitatea \u201e1 Decembrie 1918\u201d din Alba Iulia;<\/p>\n\n\n\n<p class=\"wp-block-paragraph\"><strong>\u0218tefani Claudiu<\/strong>, <em>Stigmatizarea membrilor grupurilor minoritare \u0219i exercitarea cet\u0103\u021beniei europene<\/em>; &#8211; Universitatea \u201e1 Decembrie 1918\u201d din Alba Iulia;<\/p>\n\n\n\n<p class=\"wp-block-paragraph\">14.40: discu\u021bii, concluzii;<\/p>\n\n\n\n<ol class=\"wp-block-list\" type=\"1\"><li><strong>ianuarie 2022<\/strong><\/li><\/ol>\n\n\n\n<p class=\"wp-block-paragraph\">10.00:<strong> S\u0103c\u0103lean Lucian<\/strong>, <em>Minoritatea maghiar\u0103, avantaj regional sau amenin\u021bare la adresa securit\u0103\u021bii<\/em>, &#8211; Universitatea de Medicin\u0103, Farmacie, \u0218tiin\u021be \u0219i Tehnologie \u201eGeorge Emil Palade\u201d din T\u00e2rgu Mure\u0219<\/p>\n\n\n\n<p class=\"wp-block-paragraph\"><strong>Pascaru Mihai<\/strong><em>, Dreptul la integrare cultural;,- <\/em>Universitatea \u201e1 Decembrie 1918\u201d din Alba Iulia.<\/p>\n\n\n\n<p class=\"wp-block-paragraph\">12.00: Pauz\u0103 de cafea<\/p>\n\n\n\n<p class=\"wp-block-paragraph\">12.20:<strong> <\/strong>Sondaj live de opinie<\/p>\n\n\n\n<p class=\"wp-block-paragraph\">12.50:<strong> PetronelaTalpa\u0219<\/strong>, <em>Reprezentarea drepturilor fundamentale ale omului \u00een comunit\u0103\u021bile de romi \u2013 Studiu de caz comunitatea din Vin\u021bu de Jos<\/em>; Universitatea \u201e1 Decembrie 1918\u201d din Alba Iulia<\/p>\n\n\n\n<p class=\"wp-block-paragraph\"><strong>Simion Mihaela<\/strong>, <em>Competen\u021ba Cur\u021bii de Justi\u021bie a UE \u00een protec\u021bia drepturilor \u00eenscrise \u00een Carta UE privind Drepturile Fundamentale ale Omului<\/em>; &#8211; Universitatea \u201e1 Decembrie 1918\u201d din Alba Iulia;<\/p>\n\n\n\n<p class=\"wp-block-paragraph\"><strong>&nbsp;Tatu Angela, <\/strong><em>Protec\u021bia drepturilor cet\u0103\u021bene\u0219ti \u00een Uniunea European\u0103 prin mijloacele conferite de Carta Uniunii Europene privind Drepturile Fundamentale ale Omului<\/em>; &#8211; Universitatea \u201e1 Decembrie 1918\u201d din Alba Iulia;<\/p>\n\n\n\n<p class=\"wp-block-paragraph\">14.30: discu\u021bii, concluzii;<\/p>\n","protected":false},"excerpt":{"rendered":"<p>\u00cen datele de 14 \u0219i 15 ianuarie 2022, Prim\u0103ria Municipiului Alba Iulia, \u00een parteneriat cu Universitatea \u201e1 Decembrie 1918\u201d din Alba Iulia, organizeaz\u0103 o dezbatere public\u0103 pe tema respect\u0103rii drepturilor omului, mai ales \u00een ce prive\u0219te grupurile vulnerabile \u0219i minorit\u0103\u021bile, a\u0219a cum sunt ele stipulate \u00een Carta Drepturilor Fundamentale ale Uniunii Europene. Evenimentul, creat \u00een &hellip;<\/p>\n","protected":false},"author":16,"featured_media":99751,"comment_status":"open","ping_status":"open","sticky":false,"template":"","format":"standard","meta":{"inline_featured_image":false,"footnotes":""},"categories":[4],"tags":[23935,23934,6798],"class_list":["post-99750","post","type-post","status-publish","format-standard","has-post-thumbnail","hentry","category-eveniment","tag-cartea-drepturilor-fundamentale-a-ue","tag-euright","tag-grupuri-vulnerabile"],"yoast_head":"<!-- This site is optimized with the Yoast SEO plugin v28.3 - https:\/\/yoast.com\/product\/yoast-seo-wordpress\/ -->\n<title>Dezbatere cet\u0103\u021beneasc\u0103 EURIGHT la Alba Iulia, 14-15 ianuarie 2022 - Revista Urbea Mea - Revista de Alba<\/title>\n<meta name=\"description\" content=\"\u00cen datele de 14 \u0219i 15 ianuarie 2022, Prim\u0103ria Municipiului Alba Iulia, \u00een parteneriat cu Universitatea \u201e1 Decembrie 1918\u201d din Alba Iulia, organizeaz\u0103 o\" \/>\n<meta name=\"robots\" content=\"index, follow, max-snippet:-1, max-image-preview:large, max-video-preview:-1\" \/>\n<link rel=\"canonical\" href=\"https:\/\/urbeamea.ro\/albaiulia\/dezbatere-cetateneasca-euright-la-alba-iulia-14-15-ianuarie-2022\/\" \/>\n<meta name=\"twitter:card\" content=\"summary_large_image\" \/>\n<meta name=\"twitter:title\" content=\"Dezbatere cet\u0103\u021beneasc\u0103 EURIGHT la Alba Iulia, 14-15 ianuarie 2022 - Revista Urbea Mea - Revista de Alba\" \/>\n<meta name=\"twitter:description\" content=\"\u00cen datele de 14 \u0219i 15 ianuarie 2022, Prim\u0103ria Municipiului Alba Iulia, \u00een parteneriat cu Universitatea \u201e1 Decembrie 1918\u201d din Alba Iulia, organizeaz\u0103 o\" \/>\n<meta name=\"twitter:image\" content=\"https:\/\/urbeamea.ro\/albaiulia\/wp-content\/uploads\/2022\/01\/align-fingers-71282.jpg\" \/>\n<meta name=\"twitter:creator\" content=\"@urbeameaweb\" \/>\n<meta name=\"twitter:site\" content=\"@urbeameaweb\" \/>\n<script type=\"application\/ld+json\" class=\"yoast-schema-graph\">{\"@context\":\"https:\\\/\\\/schema.org\",\"@graph\":[{\"@type\":\"Article\",\"@id\":\"https:\\\/\\\/urbeamea.ro\\\/albaiulia\\\/dezbatere-cetateneasca-euright-la-alba-iulia-14-15-ianuarie-2022\\\/#article\",\"isPartOf\":{\"@id\":\"https:\\\/\\\/urbeamea.ro\\\/albaiulia\\\/dezbatere-cetateneasca-euright-la-alba-iulia-14-15-ianuarie-2022\\\/\"},\"author\":{\"name\":\"Redac\u021bia UrbeaMea\",\"@id\":\"https:\\\/\\\/urbeamea.ro\\\/albaiulia\\\/#\\\/schema\\\/person\\\/272ae98052f8ee8980f59848df070247\"},\"headline\":\"Dezbatere cet\u0103\u021beneasc\u0103 EURIGHT la Alba Iulia, 14-15 ianuarie 2022\",\"datePublished\":\"2022-01-13T18:00:59+00:00\",\"dateModified\":\"2022-01-13T21:28:47+00:00\",\"mainEntityOfPage\":{\"@id\":\"https:\\\/\\\/urbeamea.ro\\\/albaiulia\\\/dezbatere-cetateneasca-euright-la-alba-iulia-14-15-ianuarie-2022\\\/\"},\"wordCount\":681,\"commentCount\":0,\"image\":{\"@id\":\"https:\\\/\\\/urbeamea.ro\\\/albaiulia\\\/dezbatere-cetateneasca-euright-la-alba-iulia-14-15-ianuarie-2022\\\/#primaryimage\"},\"thumbnailUrl\":\"https:\\\/\\\/urbeamea.ro\\\/albaiulia\\\/wp-content\\\/uploads\\\/2022\\\/01\\\/align-fingers-71282.jpg\",\"keywords\":[\"Cartea Drepturilor Fundamentale a UE\",\"EURIGHT\",\"grupuri vulnerabile\"],\"articleSection\":[\"Evenimente\"],\"inLanguage\":\"ro-RO\",\"potentialAction\":[{\"@type\":\"CommentAction\",\"name\":\"Comment\",\"target\":[\"https:\\\/\\\/urbeamea.ro\\\/albaiulia\\\/dezbatere-cetateneasca-euright-la-alba-iulia-14-15-ianuarie-2022\\\/#respond\"]}]},{\"@type\":\"WebPage\",\"@id\":\"https:\\\/\\\/urbeamea.ro\\\/albaiulia\\\/dezbatere-cetateneasca-euright-la-alba-iulia-14-15-ianuarie-2022\\\/\",\"url\":\"https:\\\/\\\/urbeamea.ro\\\/albaiulia\\\/dezbatere-cetateneasca-euright-la-alba-iulia-14-15-ianuarie-2022\\\/\",\"name\":\"Dezbatere cet\u0103\u021beneasc\u0103 EURIGHT la Alba Iulia, 14-15 ianuarie 2022 - Revista Urbea Mea - Revista de Alba\",\"isPartOf\":{\"@id\":\"https:\\\/\\\/urbeamea.ro\\\/albaiulia\\\/#website\"},\"primaryImageOfPage\":{\"@id\":\"https:\\\/\\\/urbeamea.ro\\\/albaiulia\\\/dezbatere-cetateneasca-euright-la-alba-iulia-14-15-ianuarie-2022\\\/#primaryimage\"},\"image\":{\"@id\":\"https:\\\/\\\/urbeamea.ro\\\/albaiulia\\\/dezbatere-cetateneasca-euright-la-alba-iulia-14-15-ianuarie-2022\\\/#primaryimage\"},\"thumbnailUrl\":\"https:\\\/\\\/urbeamea.ro\\\/albaiulia\\\/wp-content\\\/uploads\\\/2022\\\/01\\\/align-fingers-71282.jpg\",\"datePublished\":\"2022-01-13T18:00:59+00:00\",\"dateModified\":\"2022-01-13T21:28:47+00:00\",\"author\":{\"@id\":\"https:\\\/\\\/urbeamea.ro\\\/albaiulia\\\/#\\\/schema\\\/person\\\/272ae98052f8ee8980f59848df070247\"},\"description\":\"\u00cen datele de 14 \u0219i 15 ianuarie 2022, Prim\u0103ria Municipiului Alba Iulia, \u00een parteneriat cu Universitatea \u201e1 Decembrie 1918\u201d din Alba Iulia, organizeaz\u0103 o\",\"breadcrumb\":{\"@id\":\"https:\\\/\\\/urbeamea.ro\\\/albaiulia\\\/dezbatere-cetateneasca-euright-la-alba-iulia-14-15-ianuarie-2022\\\/#breadcrumb\"},\"inLanguage\":\"ro-RO\",\"potentialAction\":[{\"@type\":\"ReadAction\",\"target\":[\"https:\\\/\\\/urbeamea.ro\\\/albaiulia\\\/dezbatere-cetateneasca-euright-la-alba-iulia-14-15-ianuarie-2022\\\/\"]}]},{\"@type\":\"ImageObject\",\"inLanguage\":\"ro-RO\",\"@id\":\"https:\\\/\\\/urbeamea.ro\\\/albaiulia\\\/dezbatere-cetateneasca-euright-la-alba-iulia-14-15-ianuarie-2022\\\/#primaryimage\",\"url\":\"https:\\\/\\\/urbeamea.ro\\\/albaiulia\\\/wp-content\\\/uploads\\\/2022\\\/01\\\/align-fingers-71282.jpg\",\"contentUrl\":\"https:\\\/\\\/urbeamea.ro\\\/albaiulia\\\/wp-content\\\/uploads\\\/2022\\\/01\\\/align-fingers-71282.jpg\",\"width\":1600,\"height\":1004},{\"@type\":\"BreadcrumbList\",\"@id\":\"https:\\\/\\\/urbeamea.ro\\\/albaiulia\\\/dezbatere-cetateneasca-euright-la-alba-iulia-14-15-ianuarie-2022\\\/#breadcrumb\",\"itemListElement\":[{\"@type\":\"ListItem\",\"position\":1,\"name\":\"Prima pagin\u0103\",\"item\":\"https:\\\/\\\/urbeamea.ro\\\/albaiulia\\\/\"},{\"@type\":\"ListItem\",\"position\":2,\"name\":\"Dezbatere cet\u0103\u021beneasc\u0103 EURIGHT la Alba Iulia, 14-15 ianuarie 2022\"}]},{\"@type\":\"WebSite\",\"@id\":\"https:\\\/\\\/urbeamea.ro\\\/albaiulia\\\/#website\",\"url\":\"https:\\\/\\\/urbeamea.ro\\\/albaiulia\\\/\",\"name\":\"Revista Urbea Mea, Stiri urbane\",\"description\":\"Evenimente \u0219i \u0219tiri din Alba Iulia, Sebe\u0219, Aiud, Blaj\",\"potentialAction\":[{\"@type\":\"SearchAction\",\"target\":{\"@type\":\"EntryPoint\",\"urlTemplate\":\"https:\\\/\\\/urbeamea.ro\\\/albaiulia\\\/?s={search_term_string}\"},\"query-input\":{\"@type\":\"PropertyValueSpecification\",\"valueRequired\":true,\"valueName\":\"search_term_string\"}}],\"inLanguage\":\"ro-RO\"},{\"@type\":\"Person\",\"@id\":\"https:\\\/\\\/urbeamea.ro\\\/albaiulia\\\/#\\\/schema\\\/person\\\/272ae98052f8ee8980f59848df070247\",\"name\":\"Redac\u021bia UrbeaMea\",\"image\":{\"@type\":\"ImageObject\",\"inLanguage\":\"ro-RO\",\"@id\":\"https:\\\/\\\/secure.gravatar.com\\\/avatar\\\/9ce5a9435071fa1037e8468053ead8e513dbbff59009d3069aadb85506d85a27?s=96&d=mm&r=g\",\"url\":\"https:\\\/\\\/secure.gravatar.com\\\/avatar\\\/9ce5a9435071fa1037e8468053ead8e513dbbff59009d3069aadb85506d85a27?s=96&d=mm&r=g\",\"contentUrl\":\"https:\\\/\\\/secure.gravatar.com\\\/avatar\\\/9ce5a9435071fa1037e8468053ead8e513dbbff59009d3069aadb85506d85a27?s=96&d=mm&r=g\",\"caption\":\"Redac\u021bia UrbeaMea\"},\"description\":\"contact@urbeamea.ro\",\"sameAs\":[\"https:\\\/\\\/www.urbeamea.ro\"],\"url\":\"https:\\\/\\\/urbeamea.ro\\\/albaiulia\\\/author\\\/redactia-urbeamea\\\/\"}]}<\/script>\n<!-- \/ Yoast SEO plugin. -->","yoast_head_json":{"title":"Dezbatere cet\u0103\u021beneasc\u0103 EURIGHT la Alba Iulia, 14-15 ianuarie 2022 - Revista Urbea Mea - Revista de Alba","description":"\u00cen datele de 14 \u0219i 15 ianuarie 2022, Prim\u0103ria Municipiului Alba Iulia, \u00een parteneriat cu Universitatea \u201e1 Decembrie 1918\u201d din Alba Iulia, organizeaz\u0103 o","robots":{"index":"index","follow":"follow","max-snippet":"max-snippet:-1","max-image-preview":"max-image-preview:large","max-video-preview":"max-video-preview:-1"},"canonical":"https:\/\/urbeamea.ro\/albaiulia\/dezbatere-cetateneasca-euright-la-alba-iulia-14-15-ianuarie-2022\/","twitter_card":"summary_large_image","twitter_title":"Dezbatere cet\u0103\u021beneasc\u0103 EURIGHT la Alba Iulia, 14-15 ianuarie 2022 - Revista Urbea Mea - Revista de Alba","twitter_description":"\u00cen datele de 14 \u0219i 15 ianuarie 2022, Prim\u0103ria Municipiului Alba Iulia, \u00een parteneriat cu Universitatea \u201e1 Decembrie 1918\u201d din Alba Iulia, organizeaz\u0103 o","twitter_image":"https:\/\/urbeamea.ro\/albaiulia\/wp-content\/uploads\/2022\/01\/align-fingers-71282.jpg","twitter_creator":"@urbeameaweb","twitter_site":"@urbeameaweb","schema":{"@context":"https:\/\/schema.org","@graph":[{"@type":"Article","@id":"https:\/\/urbeamea.ro\/albaiulia\/dezbatere-cetateneasca-euright-la-alba-iulia-14-15-ianuarie-2022\/#article","isPartOf":{"@id":"https:\/\/urbeamea.ro\/albaiulia\/dezbatere-cetateneasca-euright-la-alba-iulia-14-15-ianuarie-2022\/"},"author":{"name":"Redac\u021bia UrbeaMea","@id":"https:\/\/urbeamea.ro\/albaiulia\/#\/schema\/person\/272ae98052f8ee8980f59848df070247"},"headline":"Dezbatere cet\u0103\u021beneasc\u0103 EURIGHT la Alba Iulia, 14-15 ianuarie 2022","datePublished":"2022-01-13T18:00:59+00:00","dateModified":"2022-01-13T21:28:47+00:00","mainEntityOfPage":{"@id":"https:\/\/urbeamea.ro\/albaiulia\/dezbatere-cetateneasca-euright-la-alba-iulia-14-15-ianuarie-2022\/"},"wordCount":681,"commentCount":0,"image":{"@id":"https:\/\/urbeamea.ro\/albaiulia\/dezbatere-cetateneasca-euright-la-alba-iulia-14-15-ianuarie-2022\/#primaryimage"},"thumbnailUrl":"https:\/\/urbeamea.ro\/albaiulia\/wp-content\/uploads\/2022\/01\/align-fingers-71282.jpg","keywords":["Cartea Drepturilor Fundamentale a UE","EURIGHT","grupuri vulnerabile"],"articleSection":["Evenimente"],"inLanguage":"ro-RO","potentialAction":[{"@type":"CommentAction","name":"Comment","target":["https:\/\/urbeamea.ro\/albaiulia\/dezbatere-cetateneasca-euright-la-alba-iulia-14-15-ianuarie-2022\/#respond"]}]},{"@type":"WebPage","@id":"https:\/\/urbeamea.ro\/albaiulia\/dezbatere-cetateneasca-euright-la-alba-iulia-14-15-ianuarie-2022\/","url":"https:\/\/urbeamea.ro\/albaiulia\/dezbatere-cetateneasca-euright-la-alba-iulia-14-15-ianuarie-2022\/","name":"Dezbatere cet\u0103\u021beneasc\u0103 EURIGHT la Alba Iulia, 14-15 ianuarie 2022 - Revista Urbea Mea - Revista de Alba","isPartOf":{"@id":"https:\/\/urbeamea.ro\/albaiulia\/#website"},"primaryImageOfPage":{"@id":"https:\/\/urbeamea.ro\/albaiulia\/dezbatere-cetateneasca-euright-la-alba-iulia-14-15-ianuarie-2022\/#primaryimage"},"image":{"@id":"https:\/\/urbeamea.ro\/albaiulia\/dezbatere-cetateneasca-euright-la-alba-iulia-14-15-ianuarie-2022\/#primaryimage"},"thumbnailUrl":"https:\/\/urbeamea.ro\/albaiulia\/wp-content\/uploads\/2022\/01\/align-fingers-71282.jpg","datePublished":"2022-01-13T18:00:59+00:00","dateModified":"2022-01-13T21:28:47+00:00","author":{"@id":"https:\/\/urbeamea.ro\/albaiulia\/#\/schema\/person\/272ae98052f8ee8980f59848df070247"},"description":"\u00cen datele de 14 \u0219i 15 ianuarie 2022, Prim\u0103ria Municipiului Alba Iulia, \u00een parteneriat cu Universitatea \u201e1 Decembrie 1918\u201d din Alba Iulia, organizeaz\u0103 o","breadcrumb":{"@id":"https:\/\/urbeamea.ro\/albaiulia\/dezbatere-cetateneasca-euright-la-alba-iulia-14-15-ianuarie-2022\/#breadcrumb"},"inLanguage":"ro-RO","potentialAction":[{"@type":"ReadAction","target":["https:\/\/urbeamea.ro\/albaiulia\/dezbatere-cetateneasca-euright-la-alba-iulia-14-15-ianuarie-2022\/"]}]},{"@type":"ImageObject","inLanguage":"ro-RO","@id":"https:\/\/urbeamea.ro\/albaiulia\/dezbatere-cetateneasca-euright-la-alba-iulia-14-15-ianuarie-2022\/#primaryimage","url":"https:\/\/urbeamea.ro\/albaiulia\/wp-content\/uploads\/2022\/01\/align-fingers-71282.jpg","contentUrl":"https:\/\/urbeamea.ro\/albaiulia\/wp-content\/uploads\/2022\/01\/align-fingers-71282.jpg","width":1600,"height":1004},{"@type":"BreadcrumbList","@id":"https:\/\/urbeamea.ro\/albaiulia\/dezbatere-cetateneasca-euright-la-alba-iulia-14-15-ianuarie-2022\/#breadcrumb","itemListElement":[{"@type":"ListItem","position":1,"name":"Prima pagin\u0103","item":"https:\/\/urbeamea.ro\/albaiulia\/"},{"@type":"ListItem","position":2,"name":"Dezbatere cet\u0103\u021beneasc\u0103 EURIGHT la Alba Iulia, 14-15 ianuarie 2022"}]},{"@type":"WebSite","@id":"https:\/\/urbeamea.ro\/albaiulia\/#website","url":"https:\/\/urbeamea.ro\/albaiulia\/","name":"Revista Urbea Mea, Stiri urbane","description":"Evenimente \u0219i \u0219tiri din Alba Iulia, Sebe\u0219, Aiud, Blaj","potentialAction":[{"@type":"SearchAction","target":{"@type":"EntryPoint","urlTemplate":"https:\/\/urbeamea.ro\/albaiulia\/?s={search_term_string}"},"query-input":{"@type":"PropertyValueSpecification","valueRequired":true,"valueName":"search_term_string"}}],"inLanguage":"ro-RO"},{"@type":"Person","@id":"https:\/\/urbeamea.ro\/albaiulia\/#\/schema\/person\/272ae98052f8ee8980f59848df070247","name":"Redac\u021bia UrbeaMea","image":{"@type":"ImageObject","inLanguage":"ro-RO","@id":"https:\/\/secure.gravatar.com\/avatar\/9ce5a9435071fa1037e8468053ead8e513dbbff59009d3069aadb85506d85a27?s=96&d=mm&r=g","url":"https:\/\/secure.gravatar.com\/avatar\/9ce5a9435071fa1037e8468053ead8e513dbbff59009d3069aadb85506d85a27?s=96&d=mm&r=g","contentUrl":"https:\/\/secure.gravatar.com\/avatar\/9ce5a9435071fa1037e8468053ead8e513dbbff59009d3069aadb85506d85a27?s=96&d=mm&r=g","caption":"Redac\u021bia UrbeaMea"},"description":"contact@urbeamea.ro","sameAs":["https:\/\/www.urbeamea.ro"],"url":"https:\/\/urbeamea.ro\/albaiulia\/author\/redactia-urbeamea\/"}]}},"_links":{"self":[{"href":"https:\/\/urbeamea.ro\/albaiulia\/wp-json\/wp\/v2\/posts\/99750","targetHints":{"allow":["GET"]}}],"collection":[{"href":"https:\/\/urbeamea.ro\/albaiulia\/wp-json\/wp\/v2\/posts"}],"about":[{"href":"https:\/\/urbeamea.ro\/albaiulia\/wp-json\/wp\/v2\/types\/post"}],"author":[{"embeddable":true,"href":"https:\/\/urbeamea.ro\/albaiulia\/wp-json\/wp\/v2\/users\/16"}],"replies":[{"embeddable":true,"href":"https:\/\/urbeamea.ro\/albaiulia\/wp-json\/wp\/v2\/comments?post=99750"}],"version-history":[{"count":1,"href":"https:\/\/urbeamea.ro\/albaiulia\/wp-json\/wp\/v2\/posts\/99750\/revisions"}],"predecessor-version":[{"id":99752,"href":"https:\/\/urbeamea.ro\/albaiulia\/wp-json\/wp\/v2\/posts\/99750\/revisions\/99752"}],"wp:featuredmedia":[{"embeddable":true,"href":"https:\/\/urbeamea.ro\/albaiulia\/wp-json\/wp\/v2\/media\/99751"}],"wp:attachment":[{"href":"https:\/\/urbeamea.ro\/albaiulia\/wp-json\/wp\/v2\/media?parent=99750"}],"wp:term":[{"taxonomy":"category","embeddable":true,"href":"https:\/\/urbeamea.ro\/albaiulia\/wp-json\/wp\/v2\/categories?post=99750"},{"taxonomy":"post_tag","embeddable":true,"href":"https:\/\/urbeamea.ro\/albaiulia\/wp-json\/wp\/v2\/tags?post=99750"}],"curies":[{"name":"wp","href":"https:\/\/api.w.org\/{rel}","templated":true}]}}