{"id":99931,"date":"2022-01-24T12:45:20","date_gmt":"2022-01-24T10:45:20","guid":{"rendered":"https:\/\/urbeamea.ro\/albaiulia\/?p=99931"},"modified":"2022-01-24T12:45:21","modified_gmt":"2022-01-24T10:45:21","slug":"exponatul-lunii-ianuarie-2022-la-muzeul-municipal-ioan-ioan-raica-sebes-sava-hentia-baterie-de-artilerie-la-calafat","status":"publish","type":"post","link":"https:\/\/urbeamea.ro\/albaiulia\/exponatul-lunii-ianuarie-2022-la-muzeul-municipal-ioan-ioan-raica-sebes-sava-hentia-baterie-de-artilerie-la-calafat\/","title":{"rendered":"Exponatul lunii Ianuarie 2022 la Muzeul Municipal Ioan \u201eIoan Raica&#8221; Sebe\u0219: Sava Hen\u021bia \u201eBaterie de artilerie la Calafat&#8221;"},"content":{"rendered":"\n<h3 class=\"wp-block-heading\">Exponatul lunii ianuarie 2022, la Muzeul Municipal \u201eIoan Raica&#8221; din Sebe\u015f, este lucrarea \u201eBaterie de artilerie la Calafat&#8221;, realizat\u0103 \u00een anul 1897 de pictorul Sava Hen\u0163ia (1848-1904), originar din Sebe\u015fel<\/h3>\n\n\n\n<p class=\"wp-block-paragraph\">Tabloul, intrat \u00een anul 1969 \u00een patrimoniul muzeului nostru, \u00een colec\u021bia de art\u0103 plastic\u0103, are urm\u0103toarele date tehnice: ulei pe p\u00e2nz\u0103, dimensiuni \u2013 93 x 53 cm, semnat \u2013 dreapta-jos, cu negru \u2013 \u201eS. Hen\u021bia&#8221; \u0219i datat \u201e1897&#8243;.<\/p>\n\n\n\n<p class=\"wp-block-paragraph\">\u00cen ceea ce prive\u0219te compozi\u0163ia, de\u0219i destul de static\u0103, aceasta este bine structurat\u0103, fiind adaptat\u0103 formei dreptunghiulare, \u00eenguste, a p\u00e2nzei. De altfel, majoritatea picturilor realizate de Sava Hen\u0163ia, \u00een tehnica ulei pe p\u00e2nz\u0103, care redau scene din r\u0103zboi, au aproximativ aceea\u0219i form\u0103.<\/p>\n\n\n\n<p class=\"wp-block-paragraph\">\u00cen lucrarea de fa\u021b\u0103, artistul a imortalizat o baterie de artilerie rom\u00e2neasc\u0103 angajat\u0103 \u00een lupt\u0103, \u00een centrul scenei fiind surprins un tun Krupp, redat minu\u0163ios, cu care un servant era pe punctul s\u0103 lanseze un obuz spre ora\u015ful Vidin, situat pe cel\u0103lalt mal al Dun\u0103rii. Al\u0163i cinci militari a\u015fteptau \u00een apropiere s\u0103 re\u00eencarce tunul dup\u0103 executarea focului. Ostilit\u0103\u0163ile erau \u00een toi, dup\u0103 cum o dovedesc fuioarele \u015fi rotocoale de fum vizibile la orizont, produse de exploziile proiectilelor. \u00cen ciuda asaltului care p\u0103rea sus\u0163inut, \u015fi turcii ripostau, un obuz tras de artileria acestora lovind undeva \u00een apropierea platformei de lemn care sus\u0163inea tunul, explozia surprins\u0103 \u00een prim-planul compozi\u0163iei, \u00eempr\u0103\u015ftiind fl\u0103c\u0103ri, fum \u015fi resturi de \u015frapnel. \u00cen tot acest timp, \u00een partea st\u00e2ng\u0103, \u00een vecin\u0103tatea platformei, sunt prezen\u0163i cinci ofi\u0163eri rom\u00e2ni, ce afi\u015feaz\u0103 o atitudine degajat\u0103, teatral\u0103 chiar, a\u015ftept\u00e2nd parc\u0103 urm\u0103toare etap\u0103 a atacului. \u00cen fa\u0163a acestora, urcat pe metereze, cu chipiul \u00een m\u00e2na dreapt\u0103, ridicat\u0103, d\u00e2nd semnalul de executare a focului, se afla \u00eensu\u015fi&nbsp;domnitorul&nbsp;Carol de&nbsp;Hohenzollern-Sigmaringen, viitorul rege Carol I.&nbsp;\u00cen dreapta, \u00een plan apropiat, sprijinindu-se \u00een sabie \u015fi \u0163in\u00e2nd \u00een m\u00e2na dreapt\u0103 un binoclu, a fost redat comandantul bateriei, locotenentul \u015etefan Stoika, sub a c\u0103rui comand\u0103 direct\u0103 s-a aflat bateria Carol, \u0219i care privea \u00een direc\u0163ia grupului de ofi\u0163eri.<\/p>\n\n\n\n<p class=\"wp-block-paragraph\">Lucrarea, de\u015fi finalizat\u0103 la aproape 20 de ani de la acel eveniment istoric care a schimbat radical destinul Rom\u00e2niei, se \u00eencadreaz\u0103 \u00een seria celor executate de Sava Hen\u0163ia ca urmare a particip\u0103rii sale la R\u0103zboiul de Independen\u021b\u0103 (1877-1878), \u00een calitate de \u201epictor de front&#8221;, al\u0103turi de al\u0163i mari arti\u015fti plastici rom\u00e2ni ai vremii, ca Nicolae Grigorescu, George Demetrescu Mirea \u015fi Carol Popp de Szathm\u00e1ri. Sava Hen\u0163ia s-a aflat acolo ca protejat al generalului dr. Carol Davila, care \u00eei pusese la dispozi\u0163ie un act semnat chiar de el, pe care trebuia s\u0103-l poarte \u00een permanen\u0163\u0103 asupra sa, deoarece \u00eei permitea liber\u0103 trecere \u015fi ob\u0163inerea de ajutor, atunci c\u00e2nd avea nevoie.<\/p>\n\n\n\n<p class=\"wp-block-paragraph\">Inspirat de cele v\u0103zute pe front, Sava Hen\u0163ia a realizat numeroase desene \u015fi uleiuri, care au avut ca tematic\u0103 acel r\u0103zboi, imortaliz\u00e2nd \u00eens\u0103 \u0219i scene din spatele liniilor. A fost fascinat mai ales de ambian\u0163a unit\u0103\u0163ilor de artilerie, \u00eentre lucr\u0103rile realizate, scenele de bivuac fiind cel mai des \u00eent\u00e2lnite. Majoritatea desenelor \u015fi uleiurilor sale, inspirate de R\u0103zboiul de Independen\u021b\u0103, au fost achizi\u0163ionate pentru a face parte din colec\u0163ia regal\u0103.&nbsp;<\/p>\n","protected":false},"excerpt":{"rendered":"<p>Exponatul lunii ianuarie 2022, la Muzeul Municipal \u201eIoan Raica&#8221; din Sebe\u015f, este lucrarea \u201eBaterie de artilerie la Calafat&#8221;, realizat\u0103 \u00een anul 1897 de pictorul Sava Hen\u0163ia (1848-1904), originar din Sebe\u015fel Tabloul, intrat \u00een anul 1969 \u00een patrimoniul muzeului nostru, \u00een colec\u021bia de art\u0103 plastic\u0103, are urm\u0103toarele date tehnice: ulei pe p\u00e2nz\u0103, dimensiuni \u2013 93 x &hellip;<\/p>\n","protected":false},"author":16,"featured_media":99932,"comment_status":"open","ping_status":"open","sticky":false,"template":"","format":"standard","meta":{"inline_featured_image":false,"footnotes":""},"categories":[2038],"tags":[15279],"class_list":["post-99931","post","type-post","status-publish","format-standard","has-post-thumbnail","hentry","category-cultura","tag-muzeul-municipal-ioan-raica-sebes"],"yoast_head":"<!-- This site is optimized with the Yoast SEO plugin v28.3 - https:\/\/yoast.com\/product\/yoast-seo-wordpress\/ -->\n<title>Exponatul lunii Ianuarie 2022 la Muzeul Municipal Ioan \u201eIoan Raica&quot; Sebe\u0219: Sava Hen\u021bia \u201eBaterie de artilerie la Calafat&quot; - Revista Urbea Mea - Revista de Alba<\/title>\n<meta name=\"description\" content=\"Exponatul lunii ianuarie 2022, la Muzeul Municipal \u201eIoan Raica&quot; din Sebe\u015f, este lucrarea \u201eBaterie de artilerie la Calafat&quot;, realizat\u0103 \u00een anul 1897 de\" \/>\n<meta name=\"robots\" content=\"index, follow, max-snippet:-1, max-image-preview:large, max-video-preview:-1\" \/>\n<link rel=\"canonical\" href=\"https:\/\/urbeamea.ro\/albaiulia\/exponatul-lunii-ianuarie-2022-la-muzeul-municipal-ioan-ioan-raica-sebes-sava-hentia-baterie-de-artilerie-la-calafat\/\" \/>\n<meta name=\"twitter:card\" content=\"summary_large_image\" \/>\n<meta name=\"twitter:title\" content=\"Exponatul lunii Ianuarie 2022 la Muzeul Municipal Ioan \u201eIoan Raica&quot; Sebe\u0219: Sava Hen\u021bia \u201eBaterie de artilerie la Calafat&quot; - Revista Urbea Mea - Revista de Alba\" \/>\n<meta name=\"twitter:description\" content=\"Exponatul lunii ianuarie 2022, la Muzeul Municipal \u201eIoan Raica&quot; din Sebe\u015f, este lucrarea \u201eBaterie de artilerie la Calafat&quot;, realizat\u0103 \u00een anul 1897 de\" \/>\n<meta name=\"twitter:image\" content=\"https:\/\/urbeamea.ro\/albaiulia\/wp-content\/uploads\/2022\/01\/exponat-ianuarie-2022-1.jpg\" \/>\n<meta name=\"twitter:creator\" content=\"@urbeameaweb\" \/>\n<meta name=\"twitter:site\" content=\"@urbeameaweb\" \/>\n<script type=\"application\/ld+json\" class=\"yoast-schema-graph\">{\"@context\":\"https:\\\/\\\/schema.org\",\"@graph\":[{\"@type\":\"Article\",\"@id\":\"https:\\\/\\\/urbeamea.ro\\\/albaiulia\\\/exponatul-lunii-ianuarie-2022-la-muzeul-municipal-ioan-ioan-raica-sebes-sava-hentia-baterie-de-artilerie-la-calafat\\\/#article\",\"isPartOf\":{\"@id\":\"https:\\\/\\\/urbeamea.ro\\\/albaiulia\\\/exponatul-lunii-ianuarie-2022-la-muzeul-municipal-ioan-ioan-raica-sebes-sava-hentia-baterie-de-artilerie-la-calafat\\\/\"},\"author\":{\"name\":\"Redac\u021bia UrbeaMea\",\"@id\":\"https:\\\/\\\/urbeamea.ro\\\/albaiulia\\\/#\\\/schema\\\/person\\\/272ae98052f8ee8980f59848df070247\"},\"headline\":\"Exponatul lunii Ianuarie 2022 la Muzeul Municipal Ioan \u201eIoan Raica&#8221; Sebe\u0219: Sava Hen\u021bia \u201eBaterie de artilerie la Calafat&#8221;\",\"datePublished\":\"2022-01-24T10:45:20+00:00\",\"dateModified\":\"2022-01-24T10:45:21+00:00\",\"mainEntityOfPage\":{\"@id\":\"https:\\\/\\\/urbeamea.ro\\\/albaiulia\\\/exponatul-lunii-ianuarie-2022-la-muzeul-municipal-ioan-ioan-raica-sebes-sava-hentia-baterie-de-artilerie-la-calafat\\\/\"},\"wordCount\":586,\"commentCount\":0,\"image\":{\"@id\":\"https:\\\/\\\/urbeamea.ro\\\/albaiulia\\\/exponatul-lunii-ianuarie-2022-la-muzeul-municipal-ioan-ioan-raica-sebes-sava-hentia-baterie-de-artilerie-la-calafat\\\/#primaryimage\"},\"thumbnailUrl\":\"https:\\\/\\\/urbeamea.ro\\\/albaiulia\\\/wp-content\\\/uploads\\\/2022\\\/01\\\/exponat-ianuarie-2022-1.jpg\",\"keywords\":[\"muzeul municipal \\\"Ioan Raica\\\" Sebes\"],\"articleSection\":[\"Cultur\u0103\"],\"inLanguage\":\"ro-RO\",\"potentialAction\":[{\"@type\":\"CommentAction\",\"name\":\"Comment\",\"target\":[\"https:\\\/\\\/urbeamea.ro\\\/albaiulia\\\/exponatul-lunii-ianuarie-2022-la-muzeul-municipal-ioan-ioan-raica-sebes-sava-hentia-baterie-de-artilerie-la-calafat\\\/#respond\"]}]},{\"@type\":\"WebPage\",\"@id\":\"https:\\\/\\\/urbeamea.ro\\\/albaiulia\\\/exponatul-lunii-ianuarie-2022-la-muzeul-municipal-ioan-ioan-raica-sebes-sava-hentia-baterie-de-artilerie-la-calafat\\\/\",\"url\":\"https:\\\/\\\/urbeamea.ro\\\/albaiulia\\\/exponatul-lunii-ianuarie-2022-la-muzeul-municipal-ioan-ioan-raica-sebes-sava-hentia-baterie-de-artilerie-la-calafat\\\/\",\"name\":\"Exponatul lunii Ianuarie 2022 la Muzeul Municipal Ioan \u201eIoan Raica\\\" Sebe\u0219: Sava Hen\u021bia \u201eBaterie de artilerie la Calafat\\\" - Revista Urbea Mea - Revista de Alba\",\"isPartOf\":{\"@id\":\"https:\\\/\\\/urbeamea.ro\\\/albaiulia\\\/#website\"},\"primaryImageOfPage\":{\"@id\":\"https:\\\/\\\/urbeamea.ro\\\/albaiulia\\\/exponatul-lunii-ianuarie-2022-la-muzeul-municipal-ioan-ioan-raica-sebes-sava-hentia-baterie-de-artilerie-la-calafat\\\/#primaryimage\"},\"image\":{\"@id\":\"https:\\\/\\\/urbeamea.ro\\\/albaiulia\\\/exponatul-lunii-ianuarie-2022-la-muzeul-municipal-ioan-ioan-raica-sebes-sava-hentia-baterie-de-artilerie-la-calafat\\\/#primaryimage\"},\"thumbnailUrl\":\"https:\\\/\\\/urbeamea.ro\\\/albaiulia\\\/wp-content\\\/uploads\\\/2022\\\/01\\\/exponat-ianuarie-2022-1.jpg\",\"datePublished\":\"2022-01-24T10:45:20+00:00\",\"dateModified\":\"2022-01-24T10:45:21+00:00\",\"author\":{\"@id\":\"https:\\\/\\\/urbeamea.ro\\\/albaiulia\\\/#\\\/schema\\\/person\\\/272ae98052f8ee8980f59848df070247\"},\"description\":\"Exponatul lunii ianuarie 2022, la Muzeul Municipal \u201eIoan Raica\\\" din Sebe\u015f, este lucrarea \u201eBaterie de artilerie la Calafat\\\", realizat\u0103 \u00een anul 1897 de\",\"breadcrumb\":{\"@id\":\"https:\\\/\\\/urbeamea.ro\\\/albaiulia\\\/exponatul-lunii-ianuarie-2022-la-muzeul-municipal-ioan-ioan-raica-sebes-sava-hentia-baterie-de-artilerie-la-calafat\\\/#breadcrumb\"},\"inLanguage\":\"ro-RO\",\"potentialAction\":[{\"@type\":\"ReadAction\",\"target\":[\"https:\\\/\\\/urbeamea.ro\\\/albaiulia\\\/exponatul-lunii-ianuarie-2022-la-muzeul-municipal-ioan-ioan-raica-sebes-sava-hentia-baterie-de-artilerie-la-calafat\\\/\"]}]},{\"@type\":\"ImageObject\",\"inLanguage\":\"ro-RO\",\"@id\":\"https:\\\/\\\/urbeamea.ro\\\/albaiulia\\\/exponatul-lunii-ianuarie-2022-la-muzeul-municipal-ioan-ioan-raica-sebes-sava-hentia-baterie-de-artilerie-la-calafat\\\/#primaryimage\",\"url\":\"https:\\\/\\\/urbeamea.ro\\\/albaiulia\\\/wp-content\\\/uploads\\\/2022\\\/01\\\/exponat-ianuarie-2022-1.jpg\",\"contentUrl\":\"https:\\\/\\\/urbeamea.ro\\\/albaiulia\\\/wp-content\\\/uploads\\\/2022\\\/01\\\/exponat-ianuarie-2022-1.jpg\",\"width\":1600,\"height\":992},{\"@type\":\"BreadcrumbList\",\"@id\":\"https:\\\/\\\/urbeamea.ro\\\/albaiulia\\\/exponatul-lunii-ianuarie-2022-la-muzeul-municipal-ioan-ioan-raica-sebes-sava-hentia-baterie-de-artilerie-la-calafat\\\/#breadcrumb\",\"itemListElement\":[{\"@type\":\"ListItem\",\"position\":1,\"name\":\"Prima pagin\u0103\",\"item\":\"https:\\\/\\\/urbeamea.ro\\\/albaiulia\\\/\"},{\"@type\":\"ListItem\",\"position\":2,\"name\":\"Exponatul lunii Ianuarie 2022 la Muzeul Municipal Ioan \u201eIoan Raica&#8221; Sebe\u0219: Sava Hen\u021bia \u201eBaterie de artilerie la Calafat&#8221;\"}]},{\"@type\":\"WebSite\",\"@id\":\"https:\\\/\\\/urbeamea.ro\\\/albaiulia\\\/#website\",\"url\":\"https:\\\/\\\/urbeamea.ro\\\/albaiulia\\\/\",\"name\":\"Revista Urbea Mea, Stiri urbane\",\"description\":\"Evenimente \u0219i \u0219tiri din Alba Iulia, Sebe\u0219, Aiud, Blaj\",\"potentialAction\":[{\"@type\":\"SearchAction\",\"target\":{\"@type\":\"EntryPoint\",\"urlTemplate\":\"https:\\\/\\\/urbeamea.ro\\\/albaiulia\\\/?s={search_term_string}\"},\"query-input\":{\"@type\":\"PropertyValueSpecification\",\"valueRequired\":true,\"valueName\":\"search_term_string\"}}],\"inLanguage\":\"ro-RO\"},{\"@type\":\"Person\",\"@id\":\"https:\\\/\\\/urbeamea.ro\\\/albaiulia\\\/#\\\/schema\\\/person\\\/272ae98052f8ee8980f59848df070247\",\"name\":\"Redac\u021bia UrbeaMea\",\"image\":{\"@type\":\"ImageObject\",\"inLanguage\":\"ro-RO\",\"@id\":\"https:\\\/\\\/secure.gravatar.com\\\/avatar\\\/9ce5a9435071fa1037e8468053ead8e513dbbff59009d3069aadb85506d85a27?s=96&d=mm&r=g\",\"url\":\"https:\\\/\\\/secure.gravatar.com\\\/avatar\\\/9ce5a9435071fa1037e8468053ead8e513dbbff59009d3069aadb85506d85a27?s=96&d=mm&r=g\",\"contentUrl\":\"https:\\\/\\\/secure.gravatar.com\\\/avatar\\\/9ce5a9435071fa1037e8468053ead8e513dbbff59009d3069aadb85506d85a27?s=96&d=mm&r=g\",\"caption\":\"Redac\u021bia UrbeaMea\"},\"description\":\"contact@urbeamea.ro\",\"sameAs\":[\"https:\\\/\\\/www.urbeamea.ro\"],\"url\":\"https:\\\/\\\/urbeamea.ro\\\/albaiulia\\\/author\\\/redactia-urbeamea\\\/\"}]}<\/script>\n<!-- \/ Yoast SEO plugin. -->","yoast_head_json":{"title":"Exponatul lunii Ianuarie 2022 la Muzeul Municipal Ioan \u201eIoan Raica\" Sebe\u0219: Sava Hen\u021bia \u201eBaterie de artilerie la Calafat\" - Revista Urbea Mea - Revista de Alba","description":"Exponatul lunii ianuarie 2022, la Muzeul Municipal \u201eIoan Raica\" din Sebe\u015f, este lucrarea \u201eBaterie de artilerie la Calafat\", realizat\u0103 \u00een anul 1897 de","robots":{"index":"index","follow":"follow","max-snippet":"max-snippet:-1","max-image-preview":"max-image-preview:large","max-video-preview":"max-video-preview:-1"},"canonical":"https:\/\/urbeamea.ro\/albaiulia\/exponatul-lunii-ianuarie-2022-la-muzeul-municipal-ioan-ioan-raica-sebes-sava-hentia-baterie-de-artilerie-la-calafat\/","twitter_card":"summary_large_image","twitter_title":"Exponatul lunii Ianuarie 2022 la Muzeul Municipal Ioan \u201eIoan Raica\" Sebe\u0219: Sava Hen\u021bia \u201eBaterie de artilerie la Calafat\" - Revista Urbea Mea - Revista de Alba","twitter_description":"Exponatul lunii ianuarie 2022, la Muzeul Municipal \u201eIoan Raica\" din Sebe\u015f, este lucrarea \u201eBaterie de artilerie la Calafat\", realizat\u0103 \u00een anul 1897 de","twitter_image":"https:\/\/urbeamea.ro\/albaiulia\/wp-content\/uploads\/2022\/01\/exponat-ianuarie-2022-1.jpg","twitter_creator":"@urbeameaweb","twitter_site":"@urbeameaweb","schema":{"@context":"https:\/\/schema.org","@graph":[{"@type":"Article","@id":"https:\/\/urbeamea.ro\/albaiulia\/exponatul-lunii-ianuarie-2022-la-muzeul-municipal-ioan-ioan-raica-sebes-sava-hentia-baterie-de-artilerie-la-calafat\/#article","isPartOf":{"@id":"https:\/\/urbeamea.ro\/albaiulia\/exponatul-lunii-ianuarie-2022-la-muzeul-municipal-ioan-ioan-raica-sebes-sava-hentia-baterie-de-artilerie-la-calafat\/"},"author":{"name":"Redac\u021bia UrbeaMea","@id":"https:\/\/urbeamea.ro\/albaiulia\/#\/schema\/person\/272ae98052f8ee8980f59848df070247"},"headline":"Exponatul lunii Ianuarie 2022 la Muzeul Municipal Ioan \u201eIoan Raica&#8221; Sebe\u0219: Sava Hen\u021bia \u201eBaterie de artilerie la Calafat&#8221;","datePublished":"2022-01-24T10:45:20+00:00","dateModified":"2022-01-24T10:45:21+00:00","mainEntityOfPage":{"@id":"https:\/\/urbeamea.ro\/albaiulia\/exponatul-lunii-ianuarie-2022-la-muzeul-municipal-ioan-ioan-raica-sebes-sava-hentia-baterie-de-artilerie-la-calafat\/"},"wordCount":586,"commentCount":0,"image":{"@id":"https:\/\/urbeamea.ro\/albaiulia\/exponatul-lunii-ianuarie-2022-la-muzeul-municipal-ioan-ioan-raica-sebes-sava-hentia-baterie-de-artilerie-la-calafat\/#primaryimage"},"thumbnailUrl":"https:\/\/urbeamea.ro\/albaiulia\/wp-content\/uploads\/2022\/01\/exponat-ianuarie-2022-1.jpg","keywords":["muzeul municipal \"Ioan Raica\" Sebes"],"articleSection":["Cultur\u0103"],"inLanguage":"ro-RO","potentialAction":[{"@type":"CommentAction","name":"Comment","target":["https:\/\/urbeamea.ro\/albaiulia\/exponatul-lunii-ianuarie-2022-la-muzeul-municipal-ioan-ioan-raica-sebes-sava-hentia-baterie-de-artilerie-la-calafat\/#respond"]}]},{"@type":"WebPage","@id":"https:\/\/urbeamea.ro\/albaiulia\/exponatul-lunii-ianuarie-2022-la-muzeul-municipal-ioan-ioan-raica-sebes-sava-hentia-baterie-de-artilerie-la-calafat\/","url":"https:\/\/urbeamea.ro\/albaiulia\/exponatul-lunii-ianuarie-2022-la-muzeul-municipal-ioan-ioan-raica-sebes-sava-hentia-baterie-de-artilerie-la-calafat\/","name":"Exponatul lunii Ianuarie 2022 la Muzeul Municipal Ioan \u201eIoan Raica\" Sebe\u0219: Sava Hen\u021bia \u201eBaterie de artilerie la Calafat\" - Revista Urbea Mea - Revista de Alba","isPartOf":{"@id":"https:\/\/urbeamea.ro\/albaiulia\/#website"},"primaryImageOfPage":{"@id":"https:\/\/urbeamea.ro\/albaiulia\/exponatul-lunii-ianuarie-2022-la-muzeul-municipal-ioan-ioan-raica-sebes-sava-hentia-baterie-de-artilerie-la-calafat\/#primaryimage"},"image":{"@id":"https:\/\/urbeamea.ro\/albaiulia\/exponatul-lunii-ianuarie-2022-la-muzeul-municipal-ioan-ioan-raica-sebes-sava-hentia-baterie-de-artilerie-la-calafat\/#primaryimage"},"thumbnailUrl":"https:\/\/urbeamea.ro\/albaiulia\/wp-content\/uploads\/2022\/01\/exponat-ianuarie-2022-1.jpg","datePublished":"2022-01-24T10:45:20+00:00","dateModified":"2022-01-24T10:45:21+00:00","author":{"@id":"https:\/\/urbeamea.ro\/albaiulia\/#\/schema\/person\/272ae98052f8ee8980f59848df070247"},"description":"Exponatul lunii ianuarie 2022, la Muzeul Municipal \u201eIoan Raica\" din Sebe\u015f, este lucrarea \u201eBaterie de artilerie la Calafat\", realizat\u0103 \u00een anul 1897 de","breadcrumb":{"@id":"https:\/\/urbeamea.ro\/albaiulia\/exponatul-lunii-ianuarie-2022-la-muzeul-municipal-ioan-ioan-raica-sebes-sava-hentia-baterie-de-artilerie-la-calafat\/#breadcrumb"},"inLanguage":"ro-RO","potentialAction":[{"@type":"ReadAction","target":["https:\/\/urbeamea.ro\/albaiulia\/exponatul-lunii-ianuarie-2022-la-muzeul-municipal-ioan-ioan-raica-sebes-sava-hentia-baterie-de-artilerie-la-calafat\/"]}]},{"@type":"ImageObject","inLanguage":"ro-RO","@id":"https:\/\/urbeamea.ro\/albaiulia\/exponatul-lunii-ianuarie-2022-la-muzeul-municipal-ioan-ioan-raica-sebes-sava-hentia-baterie-de-artilerie-la-calafat\/#primaryimage","url":"https:\/\/urbeamea.ro\/albaiulia\/wp-content\/uploads\/2022\/01\/exponat-ianuarie-2022-1.jpg","contentUrl":"https:\/\/urbeamea.ro\/albaiulia\/wp-content\/uploads\/2022\/01\/exponat-ianuarie-2022-1.jpg","width":1600,"height":992},{"@type":"BreadcrumbList","@id":"https:\/\/urbeamea.ro\/albaiulia\/exponatul-lunii-ianuarie-2022-la-muzeul-municipal-ioan-ioan-raica-sebes-sava-hentia-baterie-de-artilerie-la-calafat\/#breadcrumb","itemListElement":[{"@type":"ListItem","position":1,"name":"Prima pagin\u0103","item":"https:\/\/urbeamea.ro\/albaiulia\/"},{"@type":"ListItem","position":2,"name":"Exponatul lunii Ianuarie 2022 la Muzeul Municipal Ioan \u201eIoan Raica&#8221; Sebe\u0219: Sava Hen\u021bia \u201eBaterie de artilerie la Calafat&#8221;"}]},{"@type":"WebSite","@id":"https:\/\/urbeamea.ro\/albaiulia\/#website","url":"https:\/\/urbeamea.ro\/albaiulia\/","name":"Revista Urbea Mea, Stiri urbane","description":"Evenimente \u0219i \u0219tiri din Alba Iulia, Sebe\u0219, Aiud, Blaj","potentialAction":[{"@type":"SearchAction","target":{"@type":"EntryPoint","urlTemplate":"https:\/\/urbeamea.ro\/albaiulia\/?s={search_term_string}"},"query-input":{"@type":"PropertyValueSpecification","valueRequired":true,"valueName":"search_term_string"}}],"inLanguage":"ro-RO"},{"@type":"Person","@id":"https:\/\/urbeamea.ro\/albaiulia\/#\/schema\/person\/272ae98052f8ee8980f59848df070247","name":"Redac\u021bia UrbeaMea","image":{"@type":"ImageObject","inLanguage":"ro-RO","@id":"https:\/\/secure.gravatar.com\/avatar\/9ce5a9435071fa1037e8468053ead8e513dbbff59009d3069aadb85506d85a27?s=96&d=mm&r=g","url":"https:\/\/secure.gravatar.com\/avatar\/9ce5a9435071fa1037e8468053ead8e513dbbff59009d3069aadb85506d85a27?s=96&d=mm&r=g","contentUrl":"https:\/\/secure.gravatar.com\/avatar\/9ce5a9435071fa1037e8468053ead8e513dbbff59009d3069aadb85506d85a27?s=96&d=mm&r=g","caption":"Redac\u021bia UrbeaMea"},"description":"contact@urbeamea.ro","sameAs":["https:\/\/www.urbeamea.ro"],"url":"https:\/\/urbeamea.ro\/albaiulia\/author\/redactia-urbeamea\/"}]}},"_links":{"self":[{"href":"https:\/\/urbeamea.ro\/albaiulia\/wp-json\/wp\/v2\/posts\/99931","targetHints":{"allow":["GET"]}}],"collection":[{"href":"https:\/\/urbeamea.ro\/albaiulia\/wp-json\/wp\/v2\/posts"}],"about":[{"href":"https:\/\/urbeamea.ro\/albaiulia\/wp-json\/wp\/v2\/types\/post"}],"author":[{"embeddable":true,"href":"https:\/\/urbeamea.ro\/albaiulia\/wp-json\/wp\/v2\/users\/16"}],"replies":[{"embeddable":true,"href":"https:\/\/urbeamea.ro\/albaiulia\/wp-json\/wp\/v2\/comments?post=99931"}],"version-history":[{"count":1,"href":"https:\/\/urbeamea.ro\/albaiulia\/wp-json\/wp\/v2\/posts\/99931\/revisions"}],"predecessor-version":[{"id":99933,"href":"https:\/\/urbeamea.ro\/albaiulia\/wp-json\/wp\/v2\/posts\/99931\/revisions\/99933"}],"wp:featuredmedia":[{"embeddable":true,"href":"https:\/\/urbeamea.ro\/albaiulia\/wp-json\/wp\/v2\/media\/99932"}],"wp:attachment":[{"href":"https:\/\/urbeamea.ro\/albaiulia\/wp-json\/wp\/v2\/media?parent=99931"}],"wp:term":[{"taxonomy":"category","embeddable":true,"href":"https:\/\/urbeamea.ro\/albaiulia\/wp-json\/wp\/v2\/categories?post=99931"},{"taxonomy":"post_tag","embeddable":true,"href":"https:\/\/urbeamea.ro\/albaiulia\/wp-json\/wp\/v2\/tags?post=99931"}],"curies":[{"name":"wp","href":"https:\/\/api.w.org\/{rel}","templated":true}]}}